{"id":16265,"date":"2025-03-06T16:45:10","date_gmt":"2025-03-06T19:45:10","guid":{"rendered":"https:\/\/www.cambe.pr.gov.br\/?p=16265"},"modified":"2025-03-06T16:46:41","modified_gmt":"2025-03-06T19:46:41","slug":"prefeitura-divulga-cadastro-de-adocao-de-animais-de-grande-porte-capturados-na-cidade","status":"publish","type":"post","link":"https:\/\/www.cambe.pr.gov.br\/index.php\/prefeitura-divulga-cadastro-de-adocao-de-animais-de-grande-porte-capturados-na-cidade\/","title":{"rendered":"Prefeitura divulga cadastro de ado\u00e7\u00e3o de animais de grande porte capturados na cidade"},"content":{"rendered":"<p style=\"text-align: justify;\"><span style=\"font-weight: 400; font-family: arial, helvetica, sans-serif;\"><img fetchpriority=\"high\" decoding=\"async\" class=\"alignleft size-large wp-image-16274\" src=\"https:\/\/www.cambe.pr.gov.br\/wp-content\/uploads\/2025\/03\/vlcsnap-2025-03-06-16h43m38s519-1024x576.png\" alt=\"\" width=\"610\" height=\"343\" srcset=\"https:\/\/www.cambe.pr.gov.br\/wp-content\/uploads\/2025\/03\/vlcsnap-2025-03-06-16h43m38s519-1024x576.png 1024w, https:\/\/www.cambe.pr.gov.br\/wp-content\/uploads\/2025\/03\/vlcsnap-2025-03-06-16h43m38s519-300x169.png 300w, https:\/\/www.cambe.pr.gov.br\/wp-content\/uploads\/2025\/03\/vlcsnap-2025-03-06-16h43m38s519-768x432.png 768w, https:\/\/www.cambe.pr.gov.br\/wp-content\/uploads\/2025\/03\/vlcsnap-2025-03-06-16h43m38s519-1536x864.png 1536w, https:\/\/www.cambe.pr.gov.br\/wp-content\/uploads\/2025\/03\/vlcsnap-2025-03-06-16h43m38s519.png 1920w\" sizes=\"(max-width: 610px) 100vw, 610px\" \/>A Secretaria Municipal de Agricultura e Meio Ambiente informa que est\u00e1 disponibilizando um cadastro para pessoas interessadas na ado\u00e7\u00e3o de animais de grande porte capturados em Camb\u00e9. Neste momento, a Prefeitura est\u00e1 criando um banco de interessados e, na sequ\u00eancia, far\u00e1 a doa\u00e7\u00e3o. O cadastro \u00e9 livre para pessoas f\u00edsicas ou jur\u00eddicas, com ou em fins lucrativos, de acordo com requisitos pr\u00e9-estabelecidos, e feito na sede da Secretaria, no antigo IBC, localizado na Rua Francisco Delgado Sanches, 189, das 8h30 \u00e0s 11h30 e das 13h \u00e0s 17h.<\/span><\/p>\n<p style=\"text-align: justify;\"><span style=\"font-weight: 400; font-family: arial, helvetica, sans-serif;\">A doa\u00e7\u00e3o \u00e9 prevista pelo Decreto 686 &#8211; 22\/12\/2022, que determina que animais de m\u00e9dio e grande porte soltos em espa\u00e7os p\u00fablicos, poder\u00e3o ser apreendidos pelo Munic\u00edpio a fim de registro, cadastramento e posterior doa\u00e7\u00e3o, caso o propriet\u00e1rio n\u00e3o o retire no prazo legal de cinco dias. Vale destacar que o propriet\u00e1rio ainda paga o custo da apreens\u00e3o e multa por conta do abandono, hoje no valor de 10 Unidades Fiscais de Camb\u00e9 (UFC), ou R$ 2.177,00.<\/span><\/p>\n<p style=\"text-align: justify;\"><span style=\"font-weight: 400; font-family: arial, helvetica, sans-serif;\">A ado\u00e7\u00e3o dos animais poder\u00e1 ser feita por pessoas f\u00edsicas ou jur\u00eddicas, com ou sem fins lucrativos, caso cumpra as seguintes finalidades: prote\u00e7\u00e3o animal, para guarda e cuidados; produtor rural, agropecu\u00e1ria e agricultura \u2013 a exemplo de cavalo de montaria na lida; cl\u00ednicas de equiterapia, para atividades de reabilita\u00e7\u00e3o em sa\u00fade; e lazer e turismo equestre, para passeios. Al\u00e9m disso, o adotante dever\u00e1 dispor de local apropriado para a guarda e zelo do animal, em zona rural ou gleba rural situado na zona urbana, indicando o espa\u00e7o j\u00e1 no momento do cadastro na Secretaria de Agricultura e Meio Ambiente.<\/span><\/p>\n<p style=\"text-align: justify;\"><span style=\"font-weight: 400; font-family: arial, helvetica, sans-serif;\">Os interessados na ado\u00e7\u00e3o devem se cadastrar na Secretaria Municipal de Agricultura e Meio Ambiente, atendendo aos crit\u00e9rios e apresentando os seguintes documentos: formul\u00e1rio de Requerimento e Cadastro informando o motivo da ado\u00e7\u00e3o do animal e para que finalidade; declara\u00e7\u00e3o de veracidade das informa\u00e7\u00f5es e documenta\u00e7\u00e3o apresentadas; declara\u00e7\u00e3o de capacidade de arcar com o transporte do animal at\u00e9 sua nova propriedade e declara\u00e7\u00e3o de rendimentos e capacidade de cuidar do animal, envolvendo todos os custos de alimenta\u00e7\u00e3o, medica\u00e7\u00e3o, tratamentos sanit\u00e1rios, etc.; pessoas f\u00edsicas, dever\u00e3o apresentar c\u00f3pia de documentos pessoais (RG, CPF) e comprovante de resid\u00eancia; pessoas jur\u00eddicas com fins lucrativos dever\u00e3o apresentar contrato social e, pessoas jur\u00eddicas sem fins lucrativos dever\u00e3o apresentar o estatuto social; comprovante de endere\u00e7o onde o animal ser\u00e1 instalado com fotos do local e, caso o requerente n\u00e3o for propriet\u00e1rio da referida propriedade, apresentar autoriza\u00e7\u00e3o com firma reconhecida para o uso do local onde o animal ficar\u00e1 instalado.<\/span><\/p>\n<p style=\"text-align: justify;\"><span style=\"font-weight: 400; font-family: arial, helvetica, sans-serif;\">A documenta\u00e7\u00e3o ser\u00e1 analisada pela Secretaria, no prazo de at\u00e9 10 dias \u00fateis. Ap\u00f3s a an\u00e1lise dos documentos apresentados, se o candidato atender a todos os requisitos, ser\u00e1 habilitado para a ado\u00e7\u00e3o e inscrito no Cadastro de habilitados para ado\u00e7\u00e3o. N\u00e3o ser\u00e1 permitido cadastro para propriet\u00e1rios que j\u00e1 foram autuados por maus tratos ou abandono de animais.<\/span><\/p>\n<p style=\"text-align: justify;\"><span style=\"font-weight: 400; font-family: arial, helvetica, sans-serif;\">A secret\u00e1ria de Agricultura e Meio Ambiente, Roberta Queiroz, enfatizou que o objetivo \u00e9 garantir j\u00e1 um banco de interessados enquanto n\u00e3o tem animais capturados para garantir o bem-estar deles e de toda a cidade. \u201cEsses animais capturados sa\u0303o os que oferecem risco a\u0300 seguranc\u0327a e ao tra\u0302nsito da populac\u0327a\u0303o, ou que estejam colocados em fundos de vale, prejudicando o meio ambiente. E sa\u0303o destinados, enta\u0303o, para pessoas que tenham propriedades rurais ou atividades equestres e que tenham o compromisso de trazer um bem-estar para esse animal. Enta\u0303o, estamos fazendo esse cadastramento para a gente ter um banco de interessados quando tivermos os animais\u201d, disse.<\/span><\/p>\n","protected":false},"excerpt":{"rendered":"<p>A Secretaria Municipal de Agricultura e Meio Ambiente informa que est\u00e1 disponibilizando um cadastro para pessoas interessadas na ado\u00e7\u00e3o de animais de grande porte capturados em Camb\u00e9. Neste momento, a Prefeitura est\u00e1 criando um banco de interessados e, na sequ\u00eancia, far\u00e1 a doa\u00e7\u00e3o. O cadastro \u00e9 livre para pessoas f\u00edsicas ou jur\u00eddicas, com ou em [&hellip;]<\/p>\n","protected":false},"author":16,"featured_media":0,"comment_status":"closed","ping_status":"closed","sticky":false,"template":"","format":"standard","meta":{"ngg_post_thumbnail":0,"footnotes":""},"categories":[1],"tags":[],"class_list":["post-16265","post","type-post","status-publish","format-standard","hentry","category-principal"],"yoast_head":"<!-- This site is optimized with the Yoast SEO plugin v27.4 - https:\/\/yoast.com\/product\/yoast-seo-wordpress\/ -->\n<title>Prefeitura divulga cadastro de ado\u00e7\u00e3o de animais de grande porte capturados na cidade - Prefeitura de Camb\u00e9<\/title>\n<meta name=\"robots\" content=\"index, follow, max-snippet:-1, max-image-preview:large, max-video-preview:-1\" \/>\n<link rel=\"canonical\" href=\"https:\/\/www.cambe.pr.gov.br\/index.php\/prefeitura-divulga-cadastro-de-adocao-de-animais-de-grande-porte-capturados-na-cidade\/\" \/>\n<meta property=\"og:locale\" content=\"pt_BR\" \/>\n<meta property=\"og:type\" content=\"article\" \/>\n<meta property=\"og:title\" content=\"Prefeitura divulga cadastro de ado\u00e7\u00e3o de animais de grande porte capturados na cidade - Prefeitura de Camb\u00e9\" \/>\n<meta property=\"og:description\" content=\"A Secretaria Municipal de Agricultura e Meio Ambiente informa que est\u00e1 disponibilizando um cadastro para pessoas interessadas na ado\u00e7\u00e3o de animais de grande porte capturados em Camb\u00e9. Neste momento, a Prefeitura est\u00e1 criando um banco de interessados e, na sequ\u00eancia, far\u00e1 a doa\u00e7\u00e3o. O cadastro \u00e9 livre para pessoas f\u00edsicas ou jur\u00eddicas, com ou em [&hellip;]\" \/>\n<meta property=\"og:url\" content=\"https:\/\/www.cambe.pr.gov.br\/index.php\/prefeitura-divulga-cadastro-de-adocao-de-animais-de-grande-porte-capturados-na-cidade\/\" \/>\n<meta property=\"og:site_name\" content=\"Prefeitura de Camb\u00e9\" \/>\n<meta property=\"article:publisher\" content=\"https:\/\/m.facebook.com\/prefeituradecambe\" \/>\n<meta property=\"article:published_time\" content=\"2025-03-06T19:45:10+00:00\" \/>\n<meta property=\"article:modified_time\" content=\"2025-03-06T19:46:41+00:00\" \/>\n<meta property=\"og:image\" content=\"https:\/\/www.cambe.pr.gov.br\/wp-content\/uploads\/2025\/03\/vlcsnap-2025-03-06-16h43m38s519-1024x576.png\" \/>\n<meta name=\"author\" content=\"Vinicius Augusto Batista Eira\" \/>\n<meta name=\"twitter:card\" content=\"summary_large_image\" \/>\n<meta name=\"twitter:label1\" content=\"Escrito por\" \/>\n\t<meta name=\"twitter:data1\" content=\"Vinicius Augusto Batista Eira\" \/>\n\t<meta name=\"twitter:label2\" content=\"Est. tempo de leitura\" \/>\n\t<meta name=\"twitter:data2\" content=\"4 minutos\" \/>\n<script type=\"application\/ld+json\" class=\"yoast-schema-graph\">{\"@context\":\"https:\\\/\\\/schema.org\",\"@graph\":[{\"@type\":\"Article\",\"@id\":\"https:\\\/\\\/www.cambe.pr.gov.br\\\/index.php\\\/prefeitura-divulga-cadastro-de-adocao-de-animais-de-grande-porte-capturados-na-cidade\\\/#article\",\"isPartOf\":{\"@id\":\"https:\\\/\\\/www.cambe.pr.gov.br\\\/index.php\\\/prefeitura-divulga-cadastro-de-adocao-de-animais-de-grande-porte-capturados-na-cidade\\\/\"},\"author\":{\"name\":\"Vinicius Augusto Batista Eira\",\"@id\":\"https:\\\/\\\/www.cambe.pr.gov.br\\\/#\\\/schema\\\/person\\\/8e3ee69cb2cadf4b9f8377407227effd\"},\"headline\":\"Prefeitura divulga cadastro de ado\u00e7\u00e3o de animais de grande porte capturados na cidade\",\"datePublished\":\"2025-03-06T19:45:10+00:00\",\"dateModified\":\"2025-03-06T19:46:41+00:00\",\"mainEntityOfPage\":{\"@id\":\"https:\\\/\\\/www.cambe.pr.gov.br\\\/index.php\\\/prefeitura-divulga-cadastro-de-adocao-de-animais-de-grande-porte-capturados-na-cidade\\\/\"},\"wordCount\":649,\"publisher\":{\"@id\":\"https:\\\/\\\/www.cambe.pr.gov.br\\\/#organization\"},\"image\":{\"@id\":\"https:\\\/\\\/www.cambe.pr.gov.br\\\/index.php\\\/prefeitura-divulga-cadastro-de-adocao-de-animais-de-grande-porte-capturados-na-cidade\\\/#primaryimage\"},\"thumbnailUrl\":\"https:\\\/\\\/www.cambe.pr.gov.br\\\/wp-content\\\/uploads\\\/2025\\\/03\\\/vlcsnap-2025-03-06-16h43m38s519-1024x576.png\",\"articleSection\":[\"Principal\"],\"inLanguage\":\"pt-BR\"},{\"@type\":\"WebPage\",\"@id\":\"https:\\\/\\\/www.cambe.pr.gov.br\\\/index.php\\\/prefeitura-divulga-cadastro-de-adocao-de-animais-de-grande-porte-capturados-na-cidade\\\/\",\"url\":\"https:\\\/\\\/www.cambe.pr.gov.br\\\/index.php\\\/prefeitura-divulga-cadastro-de-adocao-de-animais-de-grande-porte-capturados-na-cidade\\\/\",\"name\":\"Prefeitura divulga cadastro de ado\u00e7\u00e3o de animais de grande porte capturados na cidade - Prefeitura de Camb\u00e9\",\"isPartOf\":{\"@id\":\"https:\\\/\\\/www.cambe.pr.gov.br\\\/#website\"},\"primaryImageOfPage\":{\"@id\":\"https:\\\/\\\/www.cambe.pr.gov.br\\\/index.php\\\/prefeitura-divulga-cadastro-de-adocao-de-animais-de-grande-porte-capturados-na-cidade\\\/#primaryimage\"},\"image\":{\"@id\":\"https:\\\/\\\/www.cambe.pr.gov.br\\\/index.php\\\/prefeitura-divulga-cadastro-de-adocao-de-animais-de-grande-porte-capturados-na-cidade\\\/#primaryimage\"},\"thumbnailUrl\":\"https:\\\/\\\/www.cambe.pr.gov.br\\\/wp-content\\\/uploads\\\/2025\\\/03\\\/vlcsnap-2025-03-06-16h43m38s519-1024x576.png\",\"datePublished\":\"2025-03-06T19:45:10+00:00\",\"dateModified\":\"2025-03-06T19:46:41+00:00\",\"breadcrumb\":{\"@id\":\"https:\\\/\\\/www.cambe.pr.gov.br\\\/index.php\\\/prefeitura-divulga-cadastro-de-adocao-de-animais-de-grande-porte-capturados-na-cidade\\\/#breadcrumb\"},\"inLanguage\":\"pt-BR\",\"potentialAction\":[{\"@type\":\"ReadAction\",\"target\":[\"https:\\\/\\\/www.cambe.pr.gov.br\\\/index.php\\\/prefeitura-divulga-cadastro-de-adocao-de-animais-de-grande-porte-capturados-na-cidade\\\/\"]}]},{\"@type\":\"ImageObject\",\"inLanguage\":\"pt-BR\",\"@id\":\"https:\\\/\\\/www.cambe.pr.gov.br\\\/index.php\\\/prefeitura-divulga-cadastro-de-adocao-de-animais-de-grande-porte-capturados-na-cidade\\\/#primaryimage\",\"url\":\"https:\\\/\\\/www.cambe.pr.gov.br\\\/wp-content\\\/uploads\\\/2025\\\/03\\\/vlcsnap-2025-03-06-16h43m38s519.png\",\"contentUrl\":\"https:\\\/\\\/www.cambe.pr.gov.br\\\/wp-content\\\/uploads\\\/2025\\\/03\\\/vlcsnap-2025-03-06-16h43m38s519.png\",\"width\":1920,\"height\":1080},{\"@type\":\"BreadcrumbList\",\"@id\":\"https:\\\/\\\/www.cambe.pr.gov.br\\\/index.php\\\/prefeitura-divulga-cadastro-de-adocao-de-animais-de-grande-porte-capturados-na-cidade\\\/#breadcrumb\",\"itemListElement\":[{\"@type\":\"ListItem\",\"position\":1,\"name\":\"In\u00edcio\",\"item\":\"https:\\\/\\\/www.cambe.pr.gov.br\\\/\"},{\"@type\":\"ListItem\",\"position\":2,\"name\":\"Prefeitura divulga cadastro de ado\u00e7\u00e3o de animais de grande porte capturados na cidade\"}]},{\"@type\":\"WebSite\",\"@id\":\"https:\\\/\\\/www.cambe.pr.gov.br\\\/#website\",\"url\":\"https:\\\/\\\/www.cambe.pr.gov.br\\\/\",\"name\":\"Prefeitura de Camb\u00e9\",\"description\":\"UM GOVERNO PARA TODOS\",\"publisher\":{\"@id\":\"https:\\\/\\\/www.cambe.pr.gov.br\\\/#organization\"},\"potentialAction\":[{\"@type\":\"SearchAction\",\"target\":{\"@type\":\"EntryPoint\",\"urlTemplate\":\"https:\\\/\\\/www.cambe.pr.gov.br\\\/?s={search_term_string}\"},\"query-input\":{\"@type\":\"PropertyValueSpecification\",\"valueRequired\":true,\"valueName\":\"search_term_string\"}}],\"inLanguage\":\"pt-BR\"},{\"@type\":\"Organization\",\"@id\":\"https:\\\/\\\/www.cambe.pr.gov.br\\\/#organization\",\"name\":\"Prefeitura de Camb\u00e9\",\"url\":\"https:\\\/\\\/www.cambe.pr.gov.br\\\/\",\"logo\":{\"@type\":\"ImageObject\",\"inLanguage\":\"pt-BR\",\"@id\":\"https:\\\/\\\/www.cambe.pr.gov.br\\\/#\\\/schema\\\/logo\\\/image\\\/\",\"url\":\"https:\\\/\\\/www.cambe.pr.gov.br\\\/wp-content\\\/uploads\\\/2021\\\/01\\\/cropped-cropped-cambe_brazao-icone.png\",\"contentUrl\":\"https:\\\/\\\/www.cambe.pr.gov.br\\\/wp-content\\\/uploads\\\/2021\\\/01\\\/cropped-cropped-cambe_brazao-icone.png\",\"width\":240,\"height\":240,\"caption\":\"Prefeitura de Camb\u00e9\"},\"image\":{\"@id\":\"https:\\\/\\\/www.cambe.pr.gov.br\\\/#\\\/schema\\\/logo\\\/image\\\/\"},\"sameAs\":[\"https:\\\/\\\/m.facebook.com\\\/prefeituradecambe\"]},{\"@type\":\"Person\",\"@id\":\"https:\\\/\\\/www.cambe.pr.gov.br\\\/#\\\/schema\\\/person\\\/8e3ee69cb2cadf4b9f8377407227effd\",\"name\":\"Vinicius Augusto Batista Eira\",\"image\":{\"@type\":\"ImageObject\",\"inLanguage\":\"pt-BR\",\"@id\":\"https:\\\/\\\/secure.gravatar.com\\\/avatar\\\/1ec500de7013b30e1d4d7c8c3978f0e4433c37e5d5e4cd186239369c6440122b?s=96&d=mm&r=g\",\"url\":\"https:\\\/\\\/secure.gravatar.com\\\/avatar\\\/1ec500de7013b30e1d4d7c8c3978f0e4433c37e5d5e4cd186239369c6440122b?s=96&d=mm&r=g\",\"contentUrl\":\"https:\\\/\\\/secure.gravatar.com\\\/avatar\\\/1ec500de7013b30e1d4d7c8c3978f0e4433c37e5d5e4cd186239369c6440122b?s=96&d=mm&r=g\",\"caption\":\"Vinicius Augusto Batista Eira\"},\"url\":\"https:\\\/\\\/www.cambe.pr.gov.br\\\/index.php\\\/author\\\/vabeira\\\/\"}]}<\/script>\n<!-- \/ Yoast SEO plugin. -->","yoast_head_json":{"title":"Prefeitura divulga cadastro de ado\u00e7\u00e3o de animais de grande porte capturados na cidade - Prefeitura de Camb\u00e9","robots":{"index":"index","follow":"follow","max-snippet":"max-snippet:-1","max-image-preview":"max-image-preview:large","max-video-preview":"max-video-preview:-1"},"canonical":"https:\/\/www.cambe.pr.gov.br\/index.php\/prefeitura-divulga-cadastro-de-adocao-de-animais-de-grande-porte-capturados-na-cidade\/","og_locale":"pt_BR","og_type":"article","og_title":"Prefeitura divulga cadastro de ado\u00e7\u00e3o de animais de grande porte capturados na cidade - Prefeitura de Camb\u00e9","og_description":"A Secretaria Municipal de Agricultura e Meio Ambiente informa que est\u00e1 disponibilizando um cadastro para pessoas interessadas na ado\u00e7\u00e3o de animais de grande porte capturados em Camb\u00e9. Neste momento, a Prefeitura est\u00e1 criando um banco de interessados e, na sequ\u00eancia, far\u00e1 a doa\u00e7\u00e3o. O cadastro \u00e9 livre para pessoas f\u00edsicas ou jur\u00eddicas, com ou em [&hellip;]","og_url":"https:\/\/www.cambe.pr.gov.br\/index.php\/prefeitura-divulga-cadastro-de-adocao-de-animais-de-grande-porte-capturados-na-cidade\/","og_site_name":"Prefeitura de Camb\u00e9","article_publisher":"https:\/\/m.facebook.com\/prefeituradecambe","article_published_time":"2025-03-06T19:45:10+00:00","article_modified_time":"2025-03-06T19:46:41+00:00","og_image":[{"url":"https:\/\/www.cambe.pr.gov.br\/wp-content\/uploads\/2025\/03\/vlcsnap-2025-03-06-16h43m38s519-1024x576.png","type":"","width":"","height":""}],"author":"Vinicius Augusto Batista Eira","twitter_card":"summary_large_image","twitter_misc":{"Escrito por":"Vinicius Augusto Batista Eira","Est. tempo de leitura":"4 minutos"},"schema":{"@context":"https:\/\/schema.org","@graph":[{"@type":"Article","@id":"https:\/\/www.cambe.pr.gov.br\/index.php\/prefeitura-divulga-cadastro-de-adocao-de-animais-de-grande-porte-capturados-na-cidade\/#article","isPartOf":{"@id":"https:\/\/www.cambe.pr.gov.br\/index.php\/prefeitura-divulga-cadastro-de-adocao-de-animais-de-grande-porte-capturados-na-cidade\/"},"author":{"name":"Vinicius Augusto Batista Eira","@id":"https:\/\/www.cambe.pr.gov.br\/#\/schema\/person\/8e3ee69cb2cadf4b9f8377407227effd"},"headline":"Prefeitura divulga cadastro de ado\u00e7\u00e3o de animais de grande porte capturados na cidade","datePublished":"2025-03-06T19:45:10+00:00","dateModified":"2025-03-06T19:46:41+00:00","mainEntityOfPage":{"@id":"https:\/\/www.cambe.pr.gov.br\/index.php\/prefeitura-divulga-cadastro-de-adocao-de-animais-de-grande-porte-capturados-na-cidade\/"},"wordCount":649,"publisher":{"@id":"https:\/\/www.cambe.pr.gov.br\/#organization"},"image":{"@id":"https:\/\/www.cambe.pr.gov.br\/index.php\/prefeitura-divulga-cadastro-de-adocao-de-animais-de-grande-porte-capturados-na-cidade\/#primaryimage"},"thumbnailUrl":"https:\/\/www.cambe.pr.gov.br\/wp-content\/uploads\/2025\/03\/vlcsnap-2025-03-06-16h43m38s519-1024x576.png","articleSection":["Principal"],"inLanguage":"pt-BR"},{"@type":"WebPage","@id":"https:\/\/www.cambe.pr.gov.br\/index.php\/prefeitura-divulga-cadastro-de-adocao-de-animais-de-grande-porte-capturados-na-cidade\/","url":"https:\/\/www.cambe.pr.gov.br\/index.php\/prefeitura-divulga-cadastro-de-adocao-de-animais-de-grande-porte-capturados-na-cidade\/","name":"Prefeitura divulga cadastro de ado\u00e7\u00e3o de animais de grande porte capturados na cidade - Prefeitura de Camb\u00e9","isPartOf":{"@id":"https:\/\/www.cambe.pr.gov.br\/#website"},"primaryImageOfPage":{"@id":"https:\/\/www.cambe.pr.gov.br\/index.php\/prefeitura-divulga-cadastro-de-adocao-de-animais-de-grande-porte-capturados-na-cidade\/#primaryimage"},"image":{"@id":"https:\/\/www.cambe.pr.gov.br\/index.php\/prefeitura-divulga-cadastro-de-adocao-de-animais-de-grande-porte-capturados-na-cidade\/#primaryimage"},"thumbnailUrl":"https:\/\/www.cambe.pr.gov.br\/wp-content\/uploads\/2025\/03\/vlcsnap-2025-03-06-16h43m38s519-1024x576.png","datePublished":"2025-03-06T19:45:10+00:00","dateModified":"2025-03-06T19:46:41+00:00","breadcrumb":{"@id":"https:\/\/www.cambe.pr.gov.br\/index.php\/prefeitura-divulga-cadastro-de-adocao-de-animais-de-grande-porte-capturados-na-cidade\/#breadcrumb"},"inLanguage":"pt-BR","potentialAction":[{"@type":"ReadAction","target":["https:\/\/www.cambe.pr.gov.br\/index.php\/prefeitura-divulga-cadastro-de-adocao-de-animais-de-grande-porte-capturados-na-cidade\/"]}]},{"@type":"ImageObject","inLanguage":"pt-BR","@id":"https:\/\/www.cambe.pr.gov.br\/index.php\/prefeitura-divulga-cadastro-de-adocao-de-animais-de-grande-porte-capturados-na-cidade\/#primaryimage","url":"https:\/\/www.cambe.pr.gov.br\/wp-content\/uploads\/2025\/03\/vlcsnap-2025-03-06-16h43m38s519.png","contentUrl":"https:\/\/www.cambe.pr.gov.br\/wp-content\/uploads\/2025\/03\/vlcsnap-2025-03-06-16h43m38s519.png","width":1920,"height":1080},{"@type":"BreadcrumbList","@id":"https:\/\/www.cambe.pr.gov.br\/index.php\/prefeitura-divulga-cadastro-de-adocao-de-animais-de-grande-porte-capturados-na-cidade\/#breadcrumb","itemListElement":[{"@type":"ListItem","position":1,"name":"In\u00edcio","item":"https:\/\/www.cambe.pr.gov.br\/"},{"@type":"ListItem","position":2,"name":"Prefeitura divulga cadastro de ado\u00e7\u00e3o de animais de grande porte capturados na cidade"}]},{"@type":"WebSite","@id":"https:\/\/www.cambe.pr.gov.br\/#website","url":"https:\/\/www.cambe.pr.gov.br\/","name":"Prefeitura de Camb\u00e9","description":"UM GOVERNO PARA TODOS","publisher":{"@id":"https:\/\/www.cambe.pr.gov.br\/#organization"},"potentialAction":[{"@type":"SearchAction","target":{"@type":"EntryPoint","urlTemplate":"https:\/\/www.cambe.pr.gov.br\/?s={search_term_string}"},"query-input":{"@type":"PropertyValueSpecification","valueRequired":true,"valueName":"search_term_string"}}],"inLanguage":"pt-BR"},{"@type":"Organization","@id":"https:\/\/www.cambe.pr.gov.br\/#organization","name":"Prefeitura de Camb\u00e9","url":"https:\/\/www.cambe.pr.gov.br\/","logo":{"@type":"ImageObject","inLanguage":"pt-BR","@id":"https:\/\/www.cambe.pr.gov.br\/#\/schema\/logo\/image\/","url":"https:\/\/www.cambe.pr.gov.br\/wp-content\/uploads\/2021\/01\/cropped-cropped-cambe_brazao-icone.png","contentUrl":"https:\/\/www.cambe.pr.gov.br\/wp-content\/uploads\/2021\/01\/cropped-cropped-cambe_brazao-icone.png","width":240,"height":240,"caption":"Prefeitura de Camb\u00e9"},"image":{"@id":"https:\/\/www.cambe.pr.gov.br\/#\/schema\/logo\/image\/"},"sameAs":["https:\/\/m.facebook.com\/prefeituradecambe"]},{"@type":"Person","@id":"https:\/\/www.cambe.pr.gov.br\/#\/schema\/person\/8e3ee69cb2cadf4b9f8377407227effd","name":"Vinicius Augusto Batista Eira","image":{"@type":"ImageObject","inLanguage":"pt-BR","@id":"https:\/\/secure.gravatar.com\/avatar\/1ec500de7013b30e1d4d7c8c3978f0e4433c37e5d5e4cd186239369c6440122b?s=96&d=mm&r=g","url":"https:\/\/secure.gravatar.com\/avatar\/1ec500de7013b30e1d4d7c8c3978f0e4433c37e5d5e4cd186239369c6440122b?s=96&d=mm&r=g","contentUrl":"https:\/\/secure.gravatar.com\/avatar\/1ec500de7013b30e1d4d7c8c3978f0e4433c37e5d5e4cd186239369c6440122b?s=96&d=mm&r=g","caption":"Vinicius Augusto Batista Eira"},"url":"https:\/\/www.cambe.pr.gov.br\/index.php\/author\/vabeira\/"}]}},"_links":{"self":[{"href":"https:\/\/www.cambe.pr.gov.br\/index.php\/wp-json\/wp\/v2\/posts\/16265","targetHints":{"allow":["GET"]}}],"collection":[{"href":"https:\/\/www.cambe.pr.gov.br\/index.php\/wp-json\/wp\/v2\/posts"}],"about":[{"href":"https:\/\/www.cambe.pr.gov.br\/index.php\/wp-json\/wp\/v2\/types\/post"}],"author":[{"embeddable":true,"href":"https:\/\/www.cambe.pr.gov.br\/index.php\/wp-json\/wp\/v2\/users\/16"}],"replies":[{"embeddable":true,"href":"https:\/\/www.cambe.pr.gov.br\/index.php\/wp-json\/wp\/v2\/comments?post=16265"}],"version-history":[{"count":4,"href":"https:\/\/www.cambe.pr.gov.br\/index.php\/wp-json\/wp\/v2\/posts\/16265\/revisions"}],"predecessor-version":[{"id":16277,"href":"https:\/\/www.cambe.pr.gov.br\/index.php\/wp-json\/wp\/v2\/posts\/16265\/revisions\/16277"}],"wp:attachment":[{"href":"https:\/\/www.cambe.pr.gov.br\/index.php\/wp-json\/wp\/v2\/media?parent=16265"}],"wp:term":[{"taxonomy":"category","embeddable":true,"href":"https:\/\/www.cambe.pr.gov.br\/index.php\/wp-json\/wp\/v2\/categories?post=16265"},{"taxonomy":"post_tag","embeddable":true,"href":"https:\/\/www.cambe.pr.gov.br\/index.php\/wp-json\/wp\/v2\/tags?post=16265"}],"curies":[{"name":"wp","href":"https:\/\/api.w.org\/{rel}","templated":true}]}}