{"id":16262,"date":"2025-03-06T13:03:00","date_gmt":"2025-03-06T16:03:00","guid":{"rendered":"https:\/\/www.cambe.pr.gov.br\/?p=16262"},"modified":"2025-03-06T16:31:02","modified_gmt":"2025-03-06T19:31:02","slug":"iptu-2025-prazo-para-pagamento-com-25-de-desconto-se-encerra-na-sexta-feira-14","status":"publish","type":"post","link":"https:\/\/www.cambe.pr.gov.br\/index.php\/iptu-2025-prazo-para-pagamento-com-25-de-desconto-se-encerra-na-sexta-feira-14\/","title":{"rendered":"IPTU 2025: prazo para pagamento com 25% de desconto se encerra na sexta-feira (14)"},"content":{"rendered":"<p style=\"text-align: justify;\"><span style=\"font-weight: 400; font-family: arial, helvetica, sans-serif;\"><img fetchpriority=\"high\" decoding=\"async\" class=\"alignleft wp-image-15805 size-large\" src=\"https:\/\/www.cambe.pr.gov.br\/wp-content\/uploads\/2025\/01\/Imagem-do-WhatsApp-de-2025-01-10-as-11.03.11_d37c4efe-1024x768.jpg\" alt=\"\" width=\"610\" height=\"458\" srcset=\"https:\/\/www.cambe.pr.gov.br\/wp-content\/uploads\/2025\/01\/Imagem-do-WhatsApp-de-2025-01-10-as-11.03.11_d37c4efe-1024x768.jpg 1024w, https:\/\/www.cambe.pr.gov.br\/wp-content\/uploads\/2025\/01\/Imagem-do-WhatsApp-de-2025-01-10-as-11.03.11_d37c4efe-300x225.jpg 300w, https:\/\/www.cambe.pr.gov.br\/wp-content\/uploads\/2025\/01\/Imagem-do-WhatsApp-de-2025-01-10-as-11.03.11_d37c4efe-768x576.jpg 768w, https:\/\/www.cambe.pr.gov.br\/wp-content\/uploads\/2025\/01\/Imagem-do-WhatsApp-de-2025-01-10-as-11.03.11_d37c4efe-1536x1152.jpg 1536w, https:\/\/www.cambe.pr.gov.br\/wp-content\/uploads\/2025\/01\/Imagem-do-WhatsApp-de-2025-01-10-as-11.03.11_d37c4efe-2048x1536.jpg 2048w, https:\/\/www.cambe.pr.gov.br\/wp-content\/uploads\/2025\/01\/Imagem-do-WhatsApp-de-2025-01-10-as-11.03.11_d37c4efe-400x300.jpg 400w\" sizes=\"(max-width: 610px) 100vw, 610px\" \/>A Prefeitura de Camb\u00e9 informa que os prazos para pagamento \u00e0 vista ou da primeira parcela de pagamentos parcelados do Imposto sobre a Propriedade Predial e Territorial Urbana (IPTU) vencem na sexta-feira (14). A Secretaria Municipal de Fazenda estabelece 25% de desconto para pagamentos \u00e0 vista, e de 10% a 20% de desconto para quem optar pelo parcelamento da fatura. Ao todo, o munic\u00edpio possui 44.291 im\u00f3veis tribut\u00e1veis, e espera arrecadar cerca de R$ 32 milh\u00f5es.<\/span><\/p>\n<p style=\"text-align: justify;\"><span style=\"font-weight: 400; font-family: arial, helvetica, sans-serif;\">Segundo o secret\u00e1rio municipal de Fazenda, Gabriel C\u00e2ndido, os Correios informaram que j\u00e1 entregaram 100% dos carn\u00eas de IPTU em Camb\u00e9. No entanto, caso o contribuinte ainda n\u00e3o esteja com seu boleto em m\u00e3os, <a href=\"http:\/\/sgm.cambe.pr.gov.br:8180\/Autenticacao\/IPTU\/index.xhtml\" target=\"_blank\" rel=\"noopener\"><strong>clique aqui<\/strong><\/a> e emita a 2\u00aa via com a melhor op\u00e7\u00e3o de pagamento para voc\u00ea.<\/span><\/p>\n<p style=\"text-align: justify;\"><span style=\"font-weight: 400; font-family: arial, helvetica, sans-serif;\">O IPTU pode ser pago \u00e0 vista, com desconto m\u00e1ximo de 25%. E tamb\u00e9m, o contribuinte pode parcelar o Imposto em duas vezes, com desconto de 20%; tr\u00eas vezes, com desconto de 15%; e at\u00e9 dez vezes, com desconto de 10%. Todas as primeiras parcelas tamb\u00e9m vencem no pr\u00f3ximo dia 14.<\/span><\/p>\n<p style=\"text-align: justify;\"><span style=\"font-weight: 400; font-family: arial, helvetica, sans-serif;\">Em 2025, o IPTU teve uma corre\u00e7\u00e3o de 10,48%. Dessa porcentagem, 5,29% \u00e9 referente ao Termo de Ajuste de Conduta (TAC). O secret\u00e1rio explica que de 2010 a 2015, a gest\u00e3o municipal n\u00e3o aplicou a corre\u00e7\u00e3o monet\u00e1ria. Com isso, o Minist\u00e9rio P\u00fablico fez o TAC para que, nos pr\u00f3ximos anos, fosse repassada a infla\u00e7\u00e3o do per\u00edodo, de 53%. A \u00faltima parcela do Termo est\u00e1 sendo repassada agora em 2025. A corre\u00e7\u00e3o, portanto, \u00e9 de 5,29% do TAC, mais o reajuste da infla\u00e7\u00e3o do \u00faltimo ano. O valor ainda contabiliza a taxa de coleta de lixo e a contribui\u00e7\u00e3o de ilumina\u00e7\u00e3o (somente para im\u00f3veis vagos).<\/span><\/p>\n<p style=\"text-align: justify;\"><span style=\"font-weight: 400; font-family: arial, helvetica, sans-serif;\">\u201cO IPTU \u00e9 um dos principais tributos do munic\u00edpio. Como \u00e9 uma receita pr\u00f3pria, esse recurso n\u00e3o vai nem para a Uni\u00e3o, nem para o Estado, mas \u00e9 um recurso que, a partir da arrecada\u00e7\u00e3o, j\u00e1 fica no munic\u00edpio mesmo e pode ser revertido para a comunidade em benfeitorias e investimento. Ent\u00e3o, \u00e9 um tributo muito importante, uma das principais receitas que temos no munic\u00edpio\u201d, ressaltou Gabriel C\u00e2ndido, que ainda fez um lembrete para a popula\u00e7\u00e3o. \u201cE se atente aos prazos, que s\u00e3o flex\u00edveis, e possibilitam um desconto grande. Particularmente, desconhe\u00e7o munic\u00edpio com tantos descontos e oportunidades de pagamentos\u201d, destacou o secret\u00e1rio.<\/span><\/p>\n<p style=\"text-align: justify;\"><span style=\"font-family: arial, helvetica, sans-serif;\"><span style=\"font-weight: 400;\">Outras informa\u00e7\u00f5es podem ser consultadas no site da Secretaria de Fazenda: <\/span><a href=\"http:\/\/fazenda.cambe.pr.gov.br\/\"><span style=\"font-weight: 400;\">fazenda.cambe.pr.gov.br<\/span><\/a><span style=\"font-weight: 400;\">; pelo telefone: 3174-2900; ou na sede da Secretaria, localizada na Rua Par\u00e1, 264, de segunda a sexta-feira, das 08h30 \u00e0s 11h30 e das 13h \u00e0s 16h.<\/span><\/span><\/p>\n","protected":false},"excerpt":{"rendered":"<p>A Prefeitura de Camb\u00e9 informa que os prazos para pagamento \u00e0 vista ou da primeira parcela de pagamentos parcelados do Imposto sobre a Propriedade Predial e Territorial Urbana (IPTU) vencem na sexta-feira (14). A Secretaria Municipal de Fazenda estabelece 25% de desconto para pagamentos \u00e0 vista, e de 10% a 20% de desconto para quem [&hellip;]<\/p>\n","protected":false},"author":16,"featured_media":0,"comment_status":"closed","ping_status":"closed","sticky":false,"template":"","format":"standard","meta":{"ngg_post_thumbnail":0,"footnotes":""},"categories":[1],"tags":[],"class_list":["post-16262","post","type-post","status-publish","format-standard","hentry","category-principal"],"yoast_head":"<!-- This site is optimized with the Yoast SEO plugin v27.4 - https:\/\/yoast.com\/product\/yoast-seo-wordpress\/ -->\n<title>IPTU 2025: prazo para pagamento com 25% de desconto se encerra na sexta-feira (14) - Prefeitura de Camb\u00e9<\/title>\n<meta name=\"robots\" content=\"index, follow, max-snippet:-1, max-image-preview:large, max-video-preview:-1\" \/>\n<link rel=\"canonical\" href=\"https:\/\/www.cambe.pr.gov.br\/index.php\/iptu-2025-prazo-para-pagamento-com-25-de-desconto-se-encerra-na-sexta-feira-14\/\" \/>\n<meta property=\"og:locale\" content=\"pt_BR\" \/>\n<meta property=\"og:type\" content=\"article\" \/>\n<meta property=\"og:title\" content=\"IPTU 2025: prazo para pagamento com 25% de desconto se encerra na sexta-feira (14) - Prefeitura de Camb\u00e9\" \/>\n<meta property=\"og:description\" content=\"A Prefeitura de Camb\u00e9 informa que os prazos para pagamento \u00e0 vista ou da primeira parcela de pagamentos parcelados do Imposto sobre a Propriedade Predial e Territorial Urbana (IPTU) vencem na sexta-feira (14). A Secretaria Municipal de Fazenda estabelece 25% de desconto para pagamentos \u00e0 vista, e de 10% a 20% de desconto para quem [&hellip;]\" \/>\n<meta property=\"og:url\" content=\"https:\/\/www.cambe.pr.gov.br\/index.php\/iptu-2025-prazo-para-pagamento-com-25-de-desconto-se-encerra-na-sexta-feira-14\/\" \/>\n<meta property=\"og:site_name\" content=\"Prefeitura de Camb\u00e9\" \/>\n<meta property=\"article:publisher\" content=\"https:\/\/m.facebook.com\/prefeituradecambe\" \/>\n<meta property=\"article:published_time\" content=\"2025-03-06T16:03:00+00:00\" \/>\n<meta property=\"article:modified_time\" content=\"2025-03-06T19:31:02+00:00\" \/>\n<meta property=\"og:image\" content=\"https:\/\/www.cambe.pr.gov.br\/wp-content\/uploads\/2025\/01\/Imagem-do-WhatsApp-de-2025-01-10-as-11.03.11_d37c4efe-1024x768.jpg\" \/>\n<meta name=\"author\" content=\"Vinicius Augusto Batista Eira\" \/>\n<meta name=\"twitter:card\" content=\"summary_large_image\" \/>\n<meta name=\"twitter:label1\" content=\"Escrito por\" \/>\n\t<meta name=\"twitter:data1\" content=\"Vinicius Augusto Batista Eira\" \/>\n\t<meta name=\"twitter:label2\" content=\"Est. tempo de leitura\" \/>\n\t<meta name=\"twitter:data2\" content=\"3 minutos\" \/>\n<script type=\"application\/ld+json\" class=\"yoast-schema-graph\">{\"@context\":\"https:\\\/\\\/schema.org\",\"@graph\":[{\"@type\":\"Article\",\"@id\":\"https:\\\/\\\/www.cambe.pr.gov.br\\\/index.php\\\/iptu-2025-prazo-para-pagamento-com-25-de-desconto-se-encerra-na-sexta-feira-14\\\/#article\",\"isPartOf\":{\"@id\":\"https:\\\/\\\/www.cambe.pr.gov.br\\\/index.php\\\/iptu-2025-prazo-para-pagamento-com-25-de-desconto-se-encerra-na-sexta-feira-14\\\/\"},\"author\":{\"name\":\"Vinicius Augusto Batista Eira\",\"@id\":\"https:\\\/\\\/www.cambe.pr.gov.br\\\/#\\\/schema\\\/person\\\/8e3ee69cb2cadf4b9f8377407227effd\"},\"headline\":\"IPTU 2025: prazo para pagamento com 25% de desconto se encerra na sexta-feira (14)\",\"datePublished\":\"2025-03-06T16:03:00+00:00\",\"dateModified\":\"2025-03-06T19:31:02+00:00\",\"mainEntityOfPage\":{\"@id\":\"https:\\\/\\\/www.cambe.pr.gov.br\\\/index.php\\\/iptu-2025-prazo-para-pagamento-com-25-de-desconto-se-encerra-na-sexta-feira-14\\\/\"},\"wordCount\":451,\"publisher\":{\"@id\":\"https:\\\/\\\/www.cambe.pr.gov.br\\\/#organization\"},\"image\":{\"@id\":\"https:\\\/\\\/www.cambe.pr.gov.br\\\/index.php\\\/iptu-2025-prazo-para-pagamento-com-25-de-desconto-se-encerra-na-sexta-feira-14\\\/#primaryimage\"},\"thumbnailUrl\":\"https:\\\/\\\/www.cambe.pr.gov.br\\\/wp-content\\\/uploads\\\/2025\\\/01\\\/Imagem-do-WhatsApp-de-2025-01-10-as-11.03.11_d37c4efe-1024x768.jpg\",\"articleSection\":[\"Principal\"],\"inLanguage\":\"pt-BR\"},{\"@type\":\"WebPage\",\"@id\":\"https:\\\/\\\/www.cambe.pr.gov.br\\\/index.php\\\/iptu-2025-prazo-para-pagamento-com-25-de-desconto-se-encerra-na-sexta-feira-14\\\/\",\"url\":\"https:\\\/\\\/www.cambe.pr.gov.br\\\/index.php\\\/iptu-2025-prazo-para-pagamento-com-25-de-desconto-se-encerra-na-sexta-feira-14\\\/\",\"name\":\"IPTU 2025: prazo para pagamento com 25% de desconto se encerra na sexta-feira (14) - Prefeitura de Camb\u00e9\",\"isPartOf\":{\"@id\":\"https:\\\/\\\/www.cambe.pr.gov.br\\\/#website\"},\"primaryImageOfPage\":{\"@id\":\"https:\\\/\\\/www.cambe.pr.gov.br\\\/index.php\\\/iptu-2025-prazo-para-pagamento-com-25-de-desconto-se-encerra-na-sexta-feira-14\\\/#primaryimage\"},\"image\":{\"@id\":\"https:\\\/\\\/www.cambe.pr.gov.br\\\/index.php\\\/iptu-2025-prazo-para-pagamento-com-25-de-desconto-se-encerra-na-sexta-feira-14\\\/#primaryimage\"},\"thumbnailUrl\":\"https:\\\/\\\/www.cambe.pr.gov.br\\\/wp-content\\\/uploads\\\/2025\\\/01\\\/Imagem-do-WhatsApp-de-2025-01-10-as-11.03.11_d37c4efe-1024x768.jpg\",\"datePublished\":\"2025-03-06T16:03:00+00:00\",\"dateModified\":\"2025-03-06T19:31:02+00:00\",\"breadcrumb\":{\"@id\":\"https:\\\/\\\/www.cambe.pr.gov.br\\\/index.php\\\/iptu-2025-prazo-para-pagamento-com-25-de-desconto-se-encerra-na-sexta-feira-14\\\/#breadcrumb\"},\"inLanguage\":\"pt-BR\",\"potentialAction\":[{\"@type\":\"ReadAction\",\"target\":[\"https:\\\/\\\/www.cambe.pr.gov.br\\\/index.php\\\/iptu-2025-prazo-para-pagamento-com-25-de-desconto-se-encerra-na-sexta-feira-14\\\/\"]}]},{\"@type\":\"ImageObject\",\"inLanguage\":\"pt-BR\",\"@id\":\"https:\\\/\\\/www.cambe.pr.gov.br\\\/index.php\\\/iptu-2025-prazo-para-pagamento-com-25-de-desconto-se-encerra-na-sexta-feira-14\\\/#primaryimage\",\"url\":\"https:\\\/\\\/www.cambe.pr.gov.br\\\/wp-content\\\/uploads\\\/2025\\\/01\\\/Imagem-do-WhatsApp-de-2025-01-10-as-11.03.11_d37c4efe-scaled.jpg\",\"contentUrl\":\"https:\\\/\\\/www.cambe.pr.gov.br\\\/wp-content\\\/uploads\\\/2025\\\/01\\\/Imagem-do-WhatsApp-de-2025-01-10-as-11.03.11_d37c4efe-scaled.jpg\",\"width\":2560,\"height\":1920},{\"@type\":\"BreadcrumbList\",\"@id\":\"https:\\\/\\\/www.cambe.pr.gov.br\\\/index.php\\\/iptu-2025-prazo-para-pagamento-com-25-de-desconto-se-encerra-na-sexta-feira-14\\\/#breadcrumb\",\"itemListElement\":[{\"@type\":\"ListItem\",\"position\":1,\"name\":\"In\u00edcio\",\"item\":\"https:\\\/\\\/www.cambe.pr.gov.br\\\/\"},{\"@type\":\"ListItem\",\"position\":2,\"name\":\"IPTU 2025: prazo para pagamento com 25% de desconto se encerra na sexta-feira (14)\"}]},{\"@type\":\"WebSite\",\"@id\":\"https:\\\/\\\/www.cambe.pr.gov.br\\\/#website\",\"url\":\"https:\\\/\\\/www.cambe.pr.gov.br\\\/\",\"name\":\"Prefeitura de Camb\u00e9\",\"description\":\"UM GOVERNO PARA TODOS\",\"publisher\":{\"@id\":\"https:\\\/\\\/www.cambe.pr.gov.br\\\/#organization\"},\"potentialAction\":[{\"@type\":\"SearchAction\",\"target\":{\"@type\":\"EntryPoint\",\"urlTemplate\":\"https:\\\/\\\/www.cambe.pr.gov.br\\\/?s={search_term_string}\"},\"query-input\":{\"@type\":\"PropertyValueSpecification\",\"valueRequired\":true,\"valueName\":\"search_term_string\"}}],\"inLanguage\":\"pt-BR\"},{\"@type\":\"Organization\",\"@id\":\"https:\\\/\\\/www.cambe.pr.gov.br\\\/#organization\",\"name\":\"Prefeitura de Camb\u00e9\",\"url\":\"https:\\\/\\\/www.cambe.pr.gov.br\\\/\",\"logo\":{\"@type\":\"ImageObject\",\"inLanguage\":\"pt-BR\",\"@id\":\"https:\\\/\\\/www.cambe.pr.gov.br\\\/#\\\/schema\\\/logo\\\/image\\\/\",\"url\":\"https:\\\/\\\/www.cambe.pr.gov.br\\\/wp-content\\\/uploads\\\/2021\\\/01\\\/cropped-cropped-cambe_brazao-icone.png\",\"contentUrl\":\"https:\\\/\\\/www.cambe.pr.gov.br\\\/wp-content\\\/uploads\\\/2021\\\/01\\\/cropped-cropped-cambe_brazao-icone.png\",\"width\":240,\"height\":240,\"caption\":\"Prefeitura de Camb\u00e9\"},\"image\":{\"@id\":\"https:\\\/\\\/www.cambe.pr.gov.br\\\/#\\\/schema\\\/logo\\\/image\\\/\"},\"sameAs\":[\"https:\\\/\\\/m.facebook.com\\\/prefeituradecambe\"]},{\"@type\":\"Person\",\"@id\":\"https:\\\/\\\/www.cambe.pr.gov.br\\\/#\\\/schema\\\/person\\\/8e3ee69cb2cadf4b9f8377407227effd\",\"name\":\"Vinicius Augusto Batista Eira\",\"image\":{\"@type\":\"ImageObject\",\"inLanguage\":\"pt-BR\",\"@id\":\"https:\\\/\\\/secure.gravatar.com\\\/avatar\\\/1ec500de7013b30e1d4d7c8c3978f0e4433c37e5d5e4cd186239369c6440122b?s=96&d=mm&r=g\",\"url\":\"https:\\\/\\\/secure.gravatar.com\\\/avatar\\\/1ec500de7013b30e1d4d7c8c3978f0e4433c37e5d5e4cd186239369c6440122b?s=96&d=mm&r=g\",\"contentUrl\":\"https:\\\/\\\/secure.gravatar.com\\\/avatar\\\/1ec500de7013b30e1d4d7c8c3978f0e4433c37e5d5e4cd186239369c6440122b?s=96&d=mm&r=g\",\"caption\":\"Vinicius Augusto Batista Eira\"},\"url\":\"https:\\\/\\\/www.cambe.pr.gov.br\\\/index.php\\\/author\\\/vabeira\\\/\"}]}<\/script>\n<!-- \/ Yoast SEO plugin. -->","yoast_head_json":{"title":"IPTU 2025: prazo para pagamento com 25% de desconto se encerra na sexta-feira (14) - Prefeitura de Camb\u00e9","robots":{"index":"index","follow":"follow","max-snippet":"max-snippet:-1","max-image-preview":"max-image-preview:large","max-video-preview":"max-video-preview:-1"},"canonical":"https:\/\/www.cambe.pr.gov.br\/index.php\/iptu-2025-prazo-para-pagamento-com-25-de-desconto-se-encerra-na-sexta-feira-14\/","og_locale":"pt_BR","og_type":"article","og_title":"IPTU 2025: prazo para pagamento com 25% de desconto se encerra na sexta-feira (14) - Prefeitura de Camb\u00e9","og_description":"A Prefeitura de Camb\u00e9 informa que os prazos para pagamento \u00e0 vista ou da primeira parcela de pagamentos parcelados do Imposto sobre a Propriedade Predial e Territorial Urbana (IPTU) vencem na sexta-feira (14). A Secretaria Municipal de Fazenda estabelece 25% de desconto para pagamentos \u00e0 vista, e de 10% a 20% de desconto para quem [&hellip;]","og_url":"https:\/\/www.cambe.pr.gov.br\/index.php\/iptu-2025-prazo-para-pagamento-com-25-de-desconto-se-encerra-na-sexta-feira-14\/","og_site_name":"Prefeitura de Camb\u00e9","article_publisher":"https:\/\/m.facebook.com\/prefeituradecambe","article_published_time":"2025-03-06T16:03:00+00:00","article_modified_time":"2025-03-06T19:31:02+00:00","og_image":[{"url":"https:\/\/www.cambe.pr.gov.br\/wp-content\/uploads\/2025\/01\/Imagem-do-WhatsApp-de-2025-01-10-as-11.03.11_d37c4efe-1024x768.jpg","type":"","width":"","height":""}],"author":"Vinicius Augusto Batista Eira","twitter_card":"summary_large_image","twitter_misc":{"Escrito por":"Vinicius Augusto Batista Eira","Est. tempo de leitura":"3 minutos"},"schema":{"@context":"https:\/\/schema.org","@graph":[{"@type":"Article","@id":"https:\/\/www.cambe.pr.gov.br\/index.php\/iptu-2025-prazo-para-pagamento-com-25-de-desconto-se-encerra-na-sexta-feira-14\/#article","isPartOf":{"@id":"https:\/\/www.cambe.pr.gov.br\/index.php\/iptu-2025-prazo-para-pagamento-com-25-de-desconto-se-encerra-na-sexta-feira-14\/"},"author":{"name":"Vinicius Augusto Batista Eira","@id":"https:\/\/www.cambe.pr.gov.br\/#\/schema\/person\/8e3ee69cb2cadf4b9f8377407227effd"},"headline":"IPTU 2025: prazo para pagamento com 25% de desconto se encerra na sexta-feira (14)","datePublished":"2025-03-06T16:03:00+00:00","dateModified":"2025-03-06T19:31:02+00:00","mainEntityOfPage":{"@id":"https:\/\/www.cambe.pr.gov.br\/index.php\/iptu-2025-prazo-para-pagamento-com-25-de-desconto-se-encerra-na-sexta-feira-14\/"},"wordCount":451,"publisher":{"@id":"https:\/\/www.cambe.pr.gov.br\/#organization"},"image":{"@id":"https:\/\/www.cambe.pr.gov.br\/index.php\/iptu-2025-prazo-para-pagamento-com-25-de-desconto-se-encerra-na-sexta-feira-14\/#primaryimage"},"thumbnailUrl":"https:\/\/www.cambe.pr.gov.br\/wp-content\/uploads\/2025\/01\/Imagem-do-WhatsApp-de-2025-01-10-as-11.03.11_d37c4efe-1024x768.jpg","articleSection":["Principal"],"inLanguage":"pt-BR"},{"@type":"WebPage","@id":"https:\/\/www.cambe.pr.gov.br\/index.php\/iptu-2025-prazo-para-pagamento-com-25-de-desconto-se-encerra-na-sexta-feira-14\/","url":"https:\/\/www.cambe.pr.gov.br\/index.php\/iptu-2025-prazo-para-pagamento-com-25-de-desconto-se-encerra-na-sexta-feira-14\/","name":"IPTU 2025: prazo para pagamento com 25% de desconto se encerra na sexta-feira (14) - Prefeitura de Camb\u00e9","isPartOf":{"@id":"https:\/\/www.cambe.pr.gov.br\/#website"},"primaryImageOfPage":{"@id":"https:\/\/www.cambe.pr.gov.br\/index.php\/iptu-2025-prazo-para-pagamento-com-25-de-desconto-se-encerra-na-sexta-feira-14\/#primaryimage"},"image":{"@id":"https:\/\/www.cambe.pr.gov.br\/index.php\/iptu-2025-prazo-para-pagamento-com-25-de-desconto-se-encerra-na-sexta-feira-14\/#primaryimage"},"thumbnailUrl":"https:\/\/www.cambe.pr.gov.br\/wp-content\/uploads\/2025\/01\/Imagem-do-WhatsApp-de-2025-01-10-as-11.03.11_d37c4efe-1024x768.jpg","datePublished":"2025-03-06T16:03:00+00:00","dateModified":"2025-03-06T19:31:02+00:00","breadcrumb":{"@id":"https:\/\/www.cambe.pr.gov.br\/index.php\/iptu-2025-prazo-para-pagamento-com-25-de-desconto-se-encerra-na-sexta-feira-14\/#breadcrumb"},"inLanguage":"pt-BR","potentialAction":[{"@type":"ReadAction","target":["https:\/\/www.cambe.pr.gov.br\/index.php\/iptu-2025-prazo-para-pagamento-com-25-de-desconto-se-encerra-na-sexta-feira-14\/"]}]},{"@type":"ImageObject","inLanguage":"pt-BR","@id":"https:\/\/www.cambe.pr.gov.br\/index.php\/iptu-2025-prazo-para-pagamento-com-25-de-desconto-se-encerra-na-sexta-feira-14\/#primaryimage","url":"https:\/\/www.cambe.pr.gov.br\/wp-content\/uploads\/2025\/01\/Imagem-do-WhatsApp-de-2025-01-10-as-11.03.11_d37c4efe-scaled.jpg","contentUrl":"https:\/\/www.cambe.pr.gov.br\/wp-content\/uploads\/2025\/01\/Imagem-do-WhatsApp-de-2025-01-10-as-11.03.11_d37c4efe-scaled.jpg","width":2560,"height":1920},{"@type":"BreadcrumbList","@id":"https:\/\/www.cambe.pr.gov.br\/index.php\/iptu-2025-prazo-para-pagamento-com-25-de-desconto-se-encerra-na-sexta-feira-14\/#breadcrumb","itemListElement":[{"@type":"ListItem","position":1,"name":"In\u00edcio","item":"https:\/\/www.cambe.pr.gov.br\/"},{"@type":"ListItem","position":2,"name":"IPTU 2025: prazo para pagamento com 25% de desconto se encerra na sexta-feira (14)"}]},{"@type":"WebSite","@id":"https:\/\/www.cambe.pr.gov.br\/#website","url":"https:\/\/www.cambe.pr.gov.br\/","name":"Prefeitura de Camb\u00e9","description":"UM GOVERNO PARA TODOS","publisher":{"@id":"https:\/\/www.cambe.pr.gov.br\/#organization"},"potentialAction":[{"@type":"SearchAction","target":{"@type":"EntryPoint","urlTemplate":"https:\/\/www.cambe.pr.gov.br\/?s={search_term_string}"},"query-input":{"@type":"PropertyValueSpecification","valueRequired":true,"valueName":"search_term_string"}}],"inLanguage":"pt-BR"},{"@type":"Organization","@id":"https:\/\/www.cambe.pr.gov.br\/#organization","name":"Prefeitura de Camb\u00e9","url":"https:\/\/www.cambe.pr.gov.br\/","logo":{"@type":"ImageObject","inLanguage":"pt-BR","@id":"https:\/\/www.cambe.pr.gov.br\/#\/schema\/logo\/image\/","url":"https:\/\/www.cambe.pr.gov.br\/wp-content\/uploads\/2021\/01\/cropped-cropped-cambe_brazao-icone.png","contentUrl":"https:\/\/www.cambe.pr.gov.br\/wp-content\/uploads\/2021\/01\/cropped-cropped-cambe_brazao-icone.png","width":240,"height":240,"caption":"Prefeitura de Camb\u00e9"},"image":{"@id":"https:\/\/www.cambe.pr.gov.br\/#\/schema\/logo\/image\/"},"sameAs":["https:\/\/m.facebook.com\/prefeituradecambe"]},{"@type":"Person","@id":"https:\/\/www.cambe.pr.gov.br\/#\/schema\/person\/8e3ee69cb2cadf4b9f8377407227effd","name":"Vinicius Augusto Batista Eira","image":{"@type":"ImageObject","inLanguage":"pt-BR","@id":"https:\/\/secure.gravatar.com\/avatar\/1ec500de7013b30e1d4d7c8c3978f0e4433c37e5d5e4cd186239369c6440122b?s=96&d=mm&r=g","url":"https:\/\/secure.gravatar.com\/avatar\/1ec500de7013b30e1d4d7c8c3978f0e4433c37e5d5e4cd186239369c6440122b?s=96&d=mm&r=g","contentUrl":"https:\/\/secure.gravatar.com\/avatar\/1ec500de7013b30e1d4d7c8c3978f0e4433c37e5d5e4cd186239369c6440122b?s=96&d=mm&r=g","caption":"Vinicius Augusto Batista Eira"},"url":"https:\/\/www.cambe.pr.gov.br\/index.php\/author\/vabeira\/"}]}},"_links":{"self":[{"href":"https:\/\/www.cambe.pr.gov.br\/index.php\/wp-json\/wp\/v2\/posts\/16262","targetHints":{"allow":["GET"]}}],"collection":[{"href":"https:\/\/www.cambe.pr.gov.br\/index.php\/wp-json\/wp\/v2\/posts"}],"about":[{"href":"https:\/\/www.cambe.pr.gov.br\/index.php\/wp-json\/wp\/v2\/types\/post"}],"author":[{"embeddable":true,"href":"https:\/\/www.cambe.pr.gov.br\/index.php\/wp-json\/wp\/v2\/users\/16"}],"replies":[{"embeddable":true,"href":"https:\/\/www.cambe.pr.gov.br\/index.php\/wp-json\/wp\/v2\/comments?post=16262"}],"version-history":[{"count":2,"href":"https:\/\/www.cambe.pr.gov.br\/index.php\/wp-json\/wp\/v2\/posts\/16262\/revisions"}],"predecessor-version":[{"id":16273,"href":"https:\/\/www.cambe.pr.gov.br\/index.php\/wp-json\/wp\/v2\/posts\/16262\/revisions\/16273"}],"wp:attachment":[{"href":"https:\/\/www.cambe.pr.gov.br\/index.php\/wp-json\/wp\/v2\/media?parent=16262"}],"wp:term":[{"taxonomy":"category","embeddable":true,"href":"https:\/\/www.cambe.pr.gov.br\/index.php\/wp-json\/wp\/v2\/categories?post=16262"},{"taxonomy":"post_tag","embeddable":true,"href":"https:\/\/www.cambe.pr.gov.br\/index.php\/wp-json\/wp\/v2\/tags?post=16262"}],"curies":[{"name":"wp","href":"https:\/\/api.w.org\/{rel}","templated":true}]}}