{"id":16242,"date":"2025-02-28T16:25:16","date_gmt":"2025-02-28T19:25:16","guid":{"rendered":"https:\/\/www.cambe.pr.gov.br\/?p=16242"},"modified":"2025-02-28T16:29:29","modified_gmt":"2025-02-28T19:29:29","slug":"secretaria-municipal-de-educacao-e-cultura-abre-edital-para-premiacao-de-projetos-culturais","status":"publish","type":"post","link":"https:\/\/www.cambe.pr.gov.br\/index.php\/secretaria-municipal-de-educacao-e-cultura-abre-edital-para-premiacao-de-projetos-culturais\/","title":{"rendered":"Secretaria Municipal de Educa\u00e7\u00e3o e Cultura abre edital para premia\u00e7\u00e3o de projetos culturais"},"content":{"rendered":"<p style=\"text-align: justify;\"><span style=\"font-weight: 400; font-family: arial, helvetica, sans-serif;\"><img fetchpriority=\"high\" decoding=\"async\" class=\"alignleft wp-image-16243 size-large\" src=\"https:\/\/www.cambe.pr.gov.br\/wp-content\/uploads\/2025\/02\/IMG_6557-copiar-1024x683.jpg\" alt=\"\" width=\"610\" height=\"407\" srcset=\"https:\/\/www.cambe.pr.gov.br\/wp-content\/uploads\/2025\/02\/IMG_6557-copiar-1024x683.jpg 1024w, https:\/\/www.cambe.pr.gov.br\/wp-content\/uploads\/2025\/02\/IMG_6557-copiar-300x200.jpg 300w, https:\/\/www.cambe.pr.gov.br\/wp-content\/uploads\/2025\/02\/IMG_6557-copiar-768x512.jpg 768w, https:\/\/www.cambe.pr.gov.br\/wp-content\/uploads\/2025\/02\/IMG_6557-copiar-1536x1024.jpg 1536w, https:\/\/www.cambe.pr.gov.br\/wp-content\/uploads\/2025\/02\/IMG_6557-copiar-2048x1365.jpg 2048w\" sizes=\"(max-width: 610px) 100vw, 610px\" \/>A Prefeitura de Camb\u00e9, por meio da Secretaria de Educa\u00e7\u00e3o e Cultura, anuncia a abertura de novo edital para a premia\u00e7\u00e3o de projetos, iniciativas e a\u00e7\u00f5es de Pontos de Cultura, por meio da Pol\u00edtica Nacional de Cultura Viva. Ao todo, quatro projetos receber\u00e3o pr\u00eamios de R$ 12 mil a R$ 24.541,18. As inscri\u00e7\u00f5es est\u00e3o abertas at\u00e9 o dia 10 de mar\u00e7o, e atende a todos os segmentos culturais.\u00a0<\/span><\/p>\n<p style=\"text-align: justify;\"><span style=\"font-weight: 400; font-family: arial, helvetica, sans-serif;\">O edital prev\u00ea a premia\u00e7\u00e3o de tr\u00eas categorias: um pr\u00eamio de R$ 24.541,18 para multi-artes e interculturalidade\/culturas populares e tradicionais &#8211; pessoa jur\u00eddica; dois pr\u00eamios de R$ 12 mil para multi-artes e interculturalidade &#8211; pessoa f\u00edsica; e um pr\u00eamio de R$ 12 mil para culturas populares e tradicionais.<\/span><\/p>\n<p style=\"text-align: justify;\"><span style=\"font-weight: 400; font-family: arial, helvetica, sans-serif;\">N\u00e3o podem se inscrever entidades culturais e coletivos informais que j\u00e1 tenham sido certificados e premiados no Edital de Chamamento P\u00fablico 002\/2024, que estruturou a Rede Municipal de Pontos de Cultura de Camb\u00e9.<\/span><\/p>\n<p style=\"text-align: justify;\"><span style=\"font-weight: 400; font-family: arial, helvetica, sans-serif;\">Formul\u00e1rio de inscri\u00e7\u00e3o, edital, declara\u00e7\u00f5es e modelos de documentos podem ser encontrados <a href=\"https:\/\/www.cambe.pr.gov.br\/index.php\/secretarias\/secretarias\/cultura\/lei-aldir-blanc\/lei-aldir-blanc-2024\/edital-001-2025-politica-nacional-aldir-blanc-pnab\/\" target=\"_blank\" rel=\"noopener\"><strong>neste link<\/strong><\/a>. Para mais informa\u00e7\u00f5es, entre em contato pelo WhatsApp: (43) 3174-0278.<\/span><\/p>\n","protected":false},"excerpt":{"rendered":"<p>A Prefeitura de Camb\u00e9, por meio da Secretaria de Educa\u00e7\u00e3o e Cultura, anuncia a abertura de novo edital para a premia\u00e7\u00e3o de projetos, iniciativas e a\u00e7\u00f5es de Pontos de Cultura, por meio da Pol\u00edtica Nacional de Cultura Viva. Ao todo, quatro projetos receber\u00e3o pr\u00eamios de R$ 12 mil a R$ 24.541,18. As inscri\u00e7\u00f5es est\u00e3o abertas [&hellip;]<\/p>\n","protected":false},"author":16,"featured_media":0,"comment_status":"closed","ping_status":"closed","sticky":false,"template":"","format":"standard","meta":{"ngg_post_thumbnail":0,"footnotes":""},"categories":[1],"tags":[],"class_list":["post-16242","post","type-post","status-publish","format-standard","hentry","category-principal"],"yoast_head":"<!-- This site is optimized with the Yoast SEO plugin v27.4 - https:\/\/yoast.com\/product\/yoast-seo-wordpress\/ -->\n<title>Secretaria Municipal de Educa\u00e7\u00e3o e Cultura abre edital para premia\u00e7\u00e3o de projetos culturais - Prefeitura de Camb\u00e9<\/title>\n<meta name=\"robots\" content=\"index, follow, max-snippet:-1, max-image-preview:large, max-video-preview:-1\" \/>\n<link rel=\"canonical\" href=\"https:\/\/www.cambe.pr.gov.br\/index.php\/secretaria-municipal-de-educacao-e-cultura-abre-edital-para-premiacao-de-projetos-culturais\/\" \/>\n<meta property=\"og:locale\" content=\"pt_BR\" \/>\n<meta property=\"og:type\" content=\"article\" \/>\n<meta property=\"og:title\" content=\"Secretaria Municipal de Educa\u00e7\u00e3o e Cultura abre edital para premia\u00e7\u00e3o de projetos culturais - Prefeitura de Camb\u00e9\" \/>\n<meta property=\"og:description\" content=\"A Prefeitura de Camb\u00e9, por meio da Secretaria de Educa\u00e7\u00e3o e Cultura, anuncia a abertura de novo edital para a premia\u00e7\u00e3o de projetos, iniciativas e a\u00e7\u00f5es de Pontos de Cultura, por meio da Pol\u00edtica Nacional de Cultura Viva. Ao todo, quatro projetos receber\u00e3o pr\u00eamios de R$ 12 mil a R$ 24.541,18. As inscri\u00e7\u00f5es est\u00e3o abertas [&hellip;]\" \/>\n<meta property=\"og:url\" content=\"https:\/\/www.cambe.pr.gov.br\/index.php\/secretaria-municipal-de-educacao-e-cultura-abre-edital-para-premiacao-de-projetos-culturais\/\" \/>\n<meta property=\"og:site_name\" content=\"Prefeitura de Camb\u00e9\" \/>\n<meta property=\"article:publisher\" content=\"https:\/\/m.facebook.com\/prefeituradecambe\" \/>\n<meta property=\"article:published_time\" content=\"2025-02-28T19:25:16+00:00\" \/>\n<meta property=\"article:modified_time\" content=\"2025-02-28T19:29:29+00:00\" \/>\n<meta property=\"og:image\" content=\"https:\/\/www.cambe.pr.gov.br\/wp-content\/uploads\/2025\/02\/IMG_6557-copiar-1024x683.jpg\" \/>\n<meta name=\"author\" content=\"Vinicius Augusto Batista Eira\" \/>\n<meta name=\"twitter:card\" content=\"summary_large_image\" \/>\n<meta name=\"twitter:label1\" content=\"Escrito por\" \/>\n\t<meta name=\"twitter:data1\" content=\"Vinicius Augusto Batista Eira\" \/>\n\t<meta name=\"twitter:label2\" content=\"Est. tempo de leitura\" \/>\n\t<meta name=\"twitter:data2\" content=\"2 minutos\" \/>\n<script type=\"application\/ld+json\" class=\"yoast-schema-graph\">{\"@context\":\"https:\\\/\\\/schema.org\",\"@graph\":[{\"@type\":\"Article\",\"@id\":\"https:\\\/\\\/www.cambe.pr.gov.br\\\/index.php\\\/secretaria-municipal-de-educacao-e-cultura-abre-edital-para-premiacao-de-projetos-culturais\\\/#article\",\"isPartOf\":{\"@id\":\"https:\\\/\\\/www.cambe.pr.gov.br\\\/index.php\\\/secretaria-municipal-de-educacao-e-cultura-abre-edital-para-premiacao-de-projetos-culturais\\\/\"},\"author\":{\"name\":\"Vinicius Augusto Batista Eira\",\"@id\":\"https:\\\/\\\/www.cambe.pr.gov.br\\\/#\\\/schema\\\/person\\\/8e3ee69cb2cadf4b9f8377407227effd\"},\"headline\":\"Secretaria Municipal de Educa\u00e7\u00e3o e Cultura abre edital para premia\u00e7\u00e3o de projetos culturais\",\"datePublished\":\"2025-02-28T19:25:16+00:00\",\"dateModified\":\"2025-02-28T19:29:29+00:00\",\"mainEntityOfPage\":{\"@id\":\"https:\\\/\\\/www.cambe.pr.gov.br\\\/index.php\\\/secretaria-municipal-de-educacao-e-cultura-abre-edital-para-premiacao-de-projetos-culturais\\\/\"},\"wordCount\":203,\"publisher\":{\"@id\":\"https:\\\/\\\/www.cambe.pr.gov.br\\\/#organization\"},\"image\":{\"@id\":\"https:\\\/\\\/www.cambe.pr.gov.br\\\/index.php\\\/secretaria-municipal-de-educacao-e-cultura-abre-edital-para-premiacao-de-projetos-culturais\\\/#primaryimage\"},\"thumbnailUrl\":\"https:\\\/\\\/www.cambe.pr.gov.br\\\/wp-content\\\/uploads\\\/2025\\\/02\\\/IMG_6557-copiar-1024x683.jpg\",\"articleSection\":[\"Principal\"],\"inLanguage\":\"pt-BR\"},{\"@type\":\"WebPage\",\"@id\":\"https:\\\/\\\/www.cambe.pr.gov.br\\\/index.php\\\/secretaria-municipal-de-educacao-e-cultura-abre-edital-para-premiacao-de-projetos-culturais\\\/\",\"url\":\"https:\\\/\\\/www.cambe.pr.gov.br\\\/index.php\\\/secretaria-municipal-de-educacao-e-cultura-abre-edital-para-premiacao-de-projetos-culturais\\\/\",\"name\":\"Secretaria Municipal de Educa\u00e7\u00e3o e Cultura abre edital para premia\u00e7\u00e3o de projetos culturais - Prefeitura de Camb\u00e9\",\"isPartOf\":{\"@id\":\"https:\\\/\\\/www.cambe.pr.gov.br\\\/#website\"},\"primaryImageOfPage\":{\"@id\":\"https:\\\/\\\/www.cambe.pr.gov.br\\\/index.php\\\/secretaria-municipal-de-educacao-e-cultura-abre-edital-para-premiacao-de-projetos-culturais\\\/#primaryimage\"},\"image\":{\"@id\":\"https:\\\/\\\/www.cambe.pr.gov.br\\\/index.php\\\/secretaria-municipal-de-educacao-e-cultura-abre-edital-para-premiacao-de-projetos-culturais\\\/#primaryimage\"},\"thumbnailUrl\":\"https:\\\/\\\/www.cambe.pr.gov.br\\\/wp-content\\\/uploads\\\/2025\\\/02\\\/IMG_6557-copiar-1024x683.jpg\",\"datePublished\":\"2025-02-28T19:25:16+00:00\",\"dateModified\":\"2025-02-28T19:29:29+00:00\",\"breadcrumb\":{\"@id\":\"https:\\\/\\\/www.cambe.pr.gov.br\\\/index.php\\\/secretaria-municipal-de-educacao-e-cultura-abre-edital-para-premiacao-de-projetos-culturais\\\/#breadcrumb\"},\"inLanguage\":\"pt-BR\",\"potentialAction\":[{\"@type\":\"ReadAction\",\"target\":[\"https:\\\/\\\/www.cambe.pr.gov.br\\\/index.php\\\/secretaria-municipal-de-educacao-e-cultura-abre-edital-para-premiacao-de-projetos-culturais\\\/\"]}]},{\"@type\":\"ImageObject\",\"inLanguage\":\"pt-BR\",\"@id\":\"https:\\\/\\\/www.cambe.pr.gov.br\\\/index.php\\\/secretaria-municipal-de-educacao-e-cultura-abre-edital-para-premiacao-de-projetos-culturais\\\/#primaryimage\",\"url\":\"https:\\\/\\\/www.cambe.pr.gov.br\\\/wp-content\\\/uploads\\\/2025\\\/02\\\/IMG_6557-copiar-scaled.jpg\",\"contentUrl\":\"https:\\\/\\\/www.cambe.pr.gov.br\\\/wp-content\\\/uploads\\\/2025\\\/02\\\/IMG_6557-copiar-scaled.jpg\",\"width\":2560,\"height\":1707},{\"@type\":\"BreadcrumbList\",\"@id\":\"https:\\\/\\\/www.cambe.pr.gov.br\\\/index.php\\\/secretaria-municipal-de-educacao-e-cultura-abre-edital-para-premiacao-de-projetos-culturais\\\/#breadcrumb\",\"itemListElement\":[{\"@type\":\"ListItem\",\"position\":1,\"name\":\"In\u00edcio\",\"item\":\"https:\\\/\\\/www.cambe.pr.gov.br\\\/\"},{\"@type\":\"ListItem\",\"position\":2,\"name\":\"Secretaria Municipal de Educa\u00e7\u00e3o e Cultura abre edital para premia\u00e7\u00e3o de projetos culturais\"}]},{\"@type\":\"WebSite\",\"@id\":\"https:\\\/\\\/www.cambe.pr.gov.br\\\/#website\",\"url\":\"https:\\\/\\\/www.cambe.pr.gov.br\\\/\",\"name\":\"Prefeitura de Camb\u00e9\",\"description\":\"UM GOVERNO PARA TODOS\",\"publisher\":{\"@id\":\"https:\\\/\\\/www.cambe.pr.gov.br\\\/#organization\"},\"potentialAction\":[{\"@type\":\"SearchAction\",\"target\":{\"@type\":\"EntryPoint\",\"urlTemplate\":\"https:\\\/\\\/www.cambe.pr.gov.br\\\/?s={search_term_string}\"},\"query-input\":{\"@type\":\"PropertyValueSpecification\",\"valueRequired\":true,\"valueName\":\"search_term_string\"}}],\"inLanguage\":\"pt-BR\"},{\"@type\":\"Organization\",\"@id\":\"https:\\\/\\\/www.cambe.pr.gov.br\\\/#organization\",\"name\":\"Prefeitura de Camb\u00e9\",\"url\":\"https:\\\/\\\/www.cambe.pr.gov.br\\\/\",\"logo\":{\"@type\":\"ImageObject\",\"inLanguage\":\"pt-BR\",\"@id\":\"https:\\\/\\\/www.cambe.pr.gov.br\\\/#\\\/schema\\\/logo\\\/image\\\/\",\"url\":\"https:\\\/\\\/www.cambe.pr.gov.br\\\/wp-content\\\/uploads\\\/2021\\\/01\\\/cropped-cropped-cambe_brazao-icone.png\",\"contentUrl\":\"https:\\\/\\\/www.cambe.pr.gov.br\\\/wp-content\\\/uploads\\\/2021\\\/01\\\/cropped-cropped-cambe_brazao-icone.png\",\"width\":240,\"height\":240,\"caption\":\"Prefeitura de Camb\u00e9\"},\"image\":{\"@id\":\"https:\\\/\\\/www.cambe.pr.gov.br\\\/#\\\/schema\\\/logo\\\/image\\\/\"},\"sameAs\":[\"https:\\\/\\\/m.facebook.com\\\/prefeituradecambe\"]},{\"@type\":\"Person\",\"@id\":\"https:\\\/\\\/www.cambe.pr.gov.br\\\/#\\\/schema\\\/person\\\/8e3ee69cb2cadf4b9f8377407227effd\",\"name\":\"Vinicius Augusto Batista Eira\",\"image\":{\"@type\":\"ImageObject\",\"inLanguage\":\"pt-BR\",\"@id\":\"https:\\\/\\\/secure.gravatar.com\\\/avatar\\\/1ec500de7013b30e1d4d7c8c3978f0e4433c37e5d5e4cd186239369c6440122b?s=96&d=mm&r=g\",\"url\":\"https:\\\/\\\/secure.gravatar.com\\\/avatar\\\/1ec500de7013b30e1d4d7c8c3978f0e4433c37e5d5e4cd186239369c6440122b?s=96&d=mm&r=g\",\"contentUrl\":\"https:\\\/\\\/secure.gravatar.com\\\/avatar\\\/1ec500de7013b30e1d4d7c8c3978f0e4433c37e5d5e4cd186239369c6440122b?s=96&d=mm&r=g\",\"caption\":\"Vinicius Augusto Batista Eira\"},\"url\":\"https:\\\/\\\/www.cambe.pr.gov.br\\\/index.php\\\/author\\\/vabeira\\\/\"}]}<\/script>\n<!-- \/ Yoast SEO plugin. -->","yoast_head_json":{"title":"Secretaria Municipal de Educa\u00e7\u00e3o e Cultura abre edital para premia\u00e7\u00e3o de projetos culturais - Prefeitura de Camb\u00e9","robots":{"index":"index","follow":"follow","max-snippet":"max-snippet:-1","max-image-preview":"max-image-preview:large","max-video-preview":"max-video-preview:-1"},"canonical":"https:\/\/www.cambe.pr.gov.br\/index.php\/secretaria-municipal-de-educacao-e-cultura-abre-edital-para-premiacao-de-projetos-culturais\/","og_locale":"pt_BR","og_type":"article","og_title":"Secretaria Municipal de Educa\u00e7\u00e3o e Cultura abre edital para premia\u00e7\u00e3o de projetos culturais - Prefeitura de Camb\u00e9","og_description":"A Prefeitura de Camb\u00e9, por meio da Secretaria de Educa\u00e7\u00e3o e Cultura, anuncia a abertura de novo edital para a premia\u00e7\u00e3o de projetos, iniciativas e a\u00e7\u00f5es de Pontos de Cultura, por meio da Pol\u00edtica Nacional de Cultura Viva. Ao todo, quatro projetos receber\u00e3o pr\u00eamios de R$ 12 mil a R$ 24.541,18. As inscri\u00e7\u00f5es est\u00e3o abertas [&hellip;]","og_url":"https:\/\/www.cambe.pr.gov.br\/index.php\/secretaria-municipal-de-educacao-e-cultura-abre-edital-para-premiacao-de-projetos-culturais\/","og_site_name":"Prefeitura de Camb\u00e9","article_publisher":"https:\/\/m.facebook.com\/prefeituradecambe","article_published_time":"2025-02-28T19:25:16+00:00","article_modified_time":"2025-02-28T19:29:29+00:00","og_image":[{"url":"https:\/\/www.cambe.pr.gov.br\/wp-content\/uploads\/2025\/02\/IMG_6557-copiar-1024x683.jpg","type":"","width":"","height":""}],"author":"Vinicius Augusto Batista Eira","twitter_card":"summary_large_image","twitter_misc":{"Escrito por":"Vinicius Augusto Batista Eira","Est. tempo de leitura":"2 minutos"},"schema":{"@context":"https:\/\/schema.org","@graph":[{"@type":"Article","@id":"https:\/\/www.cambe.pr.gov.br\/index.php\/secretaria-municipal-de-educacao-e-cultura-abre-edital-para-premiacao-de-projetos-culturais\/#article","isPartOf":{"@id":"https:\/\/www.cambe.pr.gov.br\/index.php\/secretaria-municipal-de-educacao-e-cultura-abre-edital-para-premiacao-de-projetos-culturais\/"},"author":{"name":"Vinicius Augusto Batista Eira","@id":"https:\/\/www.cambe.pr.gov.br\/#\/schema\/person\/8e3ee69cb2cadf4b9f8377407227effd"},"headline":"Secretaria Municipal de Educa\u00e7\u00e3o e Cultura abre edital para premia\u00e7\u00e3o de projetos culturais","datePublished":"2025-02-28T19:25:16+00:00","dateModified":"2025-02-28T19:29:29+00:00","mainEntityOfPage":{"@id":"https:\/\/www.cambe.pr.gov.br\/index.php\/secretaria-municipal-de-educacao-e-cultura-abre-edital-para-premiacao-de-projetos-culturais\/"},"wordCount":203,"publisher":{"@id":"https:\/\/www.cambe.pr.gov.br\/#organization"},"image":{"@id":"https:\/\/www.cambe.pr.gov.br\/index.php\/secretaria-municipal-de-educacao-e-cultura-abre-edital-para-premiacao-de-projetos-culturais\/#primaryimage"},"thumbnailUrl":"https:\/\/www.cambe.pr.gov.br\/wp-content\/uploads\/2025\/02\/IMG_6557-copiar-1024x683.jpg","articleSection":["Principal"],"inLanguage":"pt-BR"},{"@type":"WebPage","@id":"https:\/\/www.cambe.pr.gov.br\/index.php\/secretaria-municipal-de-educacao-e-cultura-abre-edital-para-premiacao-de-projetos-culturais\/","url":"https:\/\/www.cambe.pr.gov.br\/index.php\/secretaria-municipal-de-educacao-e-cultura-abre-edital-para-premiacao-de-projetos-culturais\/","name":"Secretaria Municipal de Educa\u00e7\u00e3o e Cultura abre edital para premia\u00e7\u00e3o de projetos culturais - Prefeitura de Camb\u00e9","isPartOf":{"@id":"https:\/\/www.cambe.pr.gov.br\/#website"},"primaryImageOfPage":{"@id":"https:\/\/www.cambe.pr.gov.br\/index.php\/secretaria-municipal-de-educacao-e-cultura-abre-edital-para-premiacao-de-projetos-culturais\/#primaryimage"},"image":{"@id":"https:\/\/www.cambe.pr.gov.br\/index.php\/secretaria-municipal-de-educacao-e-cultura-abre-edital-para-premiacao-de-projetos-culturais\/#primaryimage"},"thumbnailUrl":"https:\/\/www.cambe.pr.gov.br\/wp-content\/uploads\/2025\/02\/IMG_6557-copiar-1024x683.jpg","datePublished":"2025-02-28T19:25:16+00:00","dateModified":"2025-02-28T19:29:29+00:00","breadcrumb":{"@id":"https:\/\/www.cambe.pr.gov.br\/index.php\/secretaria-municipal-de-educacao-e-cultura-abre-edital-para-premiacao-de-projetos-culturais\/#breadcrumb"},"inLanguage":"pt-BR","potentialAction":[{"@type":"ReadAction","target":["https:\/\/www.cambe.pr.gov.br\/index.php\/secretaria-municipal-de-educacao-e-cultura-abre-edital-para-premiacao-de-projetos-culturais\/"]}]},{"@type":"ImageObject","inLanguage":"pt-BR","@id":"https:\/\/www.cambe.pr.gov.br\/index.php\/secretaria-municipal-de-educacao-e-cultura-abre-edital-para-premiacao-de-projetos-culturais\/#primaryimage","url":"https:\/\/www.cambe.pr.gov.br\/wp-content\/uploads\/2025\/02\/IMG_6557-copiar-scaled.jpg","contentUrl":"https:\/\/www.cambe.pr.gov.br\/wp-content\/uploads\/2025\/02\/IMG_6557-copiar-scaled.jpg","width":2560,"height":1707},{"@type":"BreadcrumbList","@id":"https:\/\/www.cambe.pr.gov.br\/index.php\/secretaria-municipal-de-educacao-e-cultura-abre-edital-para-premiacao-de-projetos-culturais\/#breadcrumb","itemListElement":[{"@type":"ListItem","position":1,"name":"In\u00edcio","item":"https:\/\/www.cambe.pr.gov.br\/"},{"@type":"ListItem","position":2,"name":"Secretaria Municipal de Educa\u00e7\u00e3o e Cultura abre edital para premia\u00e7\u00e3o de projetos culturais"}]},{"@type":"WebSite","@id":"https:\/\/www.cambe.pr.gov.br\/#website","url":"https:\/\/www.cambe.pr.gov.br\/","name":"Prefeitura de Camb\u00e9","description":"UM GOVERNO PARA TODOS","publisher":{"@id":"https:\/\/www.cambe.pr.gov.br\/#organization"},"potentialAction":[{"@type":"SearchAction","target":{"@type":"EntryPoint","urlTemplate":"https:\/\/www.cambe.pr.gov.br\/?s={search_term_string}"},"query-input":{"@type":"PropertyValueSpecification","valueRequired":true,"valueName":"search_term_string"}}],"inLanguage":"pt-BR"},{"@type":"Organization","@id":"https:\/\/www.cambe.pr.gov.br\/#organization","name":"Prefeitura de Camb\u00e9","url":"https:\/\/www.cambe.pr.gov.br\/","logo":{"@type":"ImageObject","inLanguage":"pt-BR","@id":"https:\/\/www.cambe.pr.gov.br\/#\/schema\/logo\/image\/","url":"https:\/\/www.cambe.pr.gov.br\/wp-content\/uploads\/2021\/01\/cropped-cropped-cambe_brazao-icone.png","contentUrl":"https:\/\/www.cambe.pr.gov.br\/wp-content\/uploads\/2021\/01\/cropped-cropped-cambe_brazao-icone.png","width":240,"height":240,"caption":"Prefeitura de Camb\u00e9"},"image":{"@id":"https:\/\/www.cambe.pr.gov.br\/#\/schema\/logo\/image\/"},"sameAs":["https:\/\/m.facebook.com\/prefeituradecambe"]},{"@type":"Person","@id":"https:\/\/www.cambe.pr.gov.br\/#\/schema\/person\/8e3ee69cb2cadf4b9f8377407227effd","name":"Vinicius Augusto Batista Eira","image":{"@type":"ImageObject","inLanguage":"pt-BR","@id":"https:\/\/secure.gravatar.com\/avatar\/1ec500de7013b30e1d4d7c8c3978f0e4433c37e5d5e4cd186239369c6440122b?s=96&d=mm&r=g","url":"https:\/\/secure.gravatar.com\/avatar\/1ec500de7013b30e1d4d7c8c3978f0e4433c37e5d5e4cd186239369c6440122b?s=96&d=mm&r=g","contentUrl":"https:\/\/secure.gravatar.com\/avatar\/1ec500de7013b30e1d4d7c8c3978f0e4433c37e5d5e4cd186239369c6440122b?s=96&d=mm&r=g","caption":"Vinicius Augusto Batista Eira"},"url":"https:\/\/www.cambe.pr.gov.br\/index.php\/author\/vabeira\/"}]}},"_links":{"self":[{"href":"https:\/\/www.cambe.pr.gov.br\/index.php\/wp-json\/wp\/v2\/posts\/16242","targetHints":{"allow":["GET"]}}],"collection":[{"href":"https:\/\/www.cambe.pr.gov.br\/index.php\/wp-json\/wp\/v2\/posts"}],"about":[{"href":"https:\/\/www.cambe.pr.gov.br\/index.php\/wp-json\/wp\/v2\/types\/post"}],"author":[{"embeddable":true,"href":"https:\/\/www.cambe.pr.gov.br\/index.php\/wp-json\/wp\/v2\/users\/16"}],"replies":[{"embeddable":true,"href":"https:\/\/www.cambe.pr.gov.br\/index.php\/wp-json\/wp\/v2\/comments?post=16242"}],"version-history":[{"count":3,"href":"https:\/\/www.cambe.pr.gov.br\/index.php\/wp-json\/wp\/v2\/posts\/16242\/revisions"}],"predecessor-version":[{"id":16248,"href":"https:\/\/www.cambe.pr.gov.br\/index.php\/wp-json\/wp\/v2\/posts\/16242\/revisions\/16248"}],"wp:attachment":[{"href":"https:\/\/www.cambe.pr.gov.br\/index.php\/wp-json\/wp\/v2\/media?parent=16242"}],"wp:term":[{"taxonomy":"category","embeddable":true,"href":"https:\/\/www.cambe.pr.gov.br\/index.php\/wp-json\/wp\/v2\/categories?post=16242"},{"taxonomy":"post_tag","embeddable":true,"href":"https:\/\/www.cambe.pr.gov.br\/index.php\/wp-json\/wp\/v2\/tags?post=16242"}],"curies":[{"name":"wp","href":"https:\/\/api.w.org\/{rel}","templated":true}]}}