{"id":16218,"date":"2025-02-27T14:00:31","date_gmt":"2025-02-27T17:00:31","guid":{"rendered":"https:\/\/www.cambe.pr.gov.br\/?p=16218"},"modified":"2025-02-27T16:13:23","modified_gmt":"2025-02-27T19:13:23","slug":"veja-o-que-abre-e-fecha-em-cambe-durante-o-carnaval","status":"publish","type":"post","link":"https:\/\/www.cambe.pr.gov.br\/index.php\/veja-o-que-abre-e-fecha-em-cambe-durante-o-carnaval\/","title":{"rendered":"Veja o que abre e fecha em Camb\u00e9 durante o Carnaval"},"content":{"rendered":"<p style=\"text-align: justify;\"><span style=\"font-weight: 400; font-family: arial, helvetica, sans-serif;\"><img fetchpriority=\"high\" decoding=\"async\" class=\"alignleft wp-image-8521 size-large\" src=\"https:\/\/www.cambe.pr.gov.br\/wp-content\/uploads\/2022\/11\/preffffff-1024x678.jpg\" alt=\"\" width=\"610\" height=\"404\" srcset=\"https:\/\/www.cambe.pr.gov.br\/wp-content\/uploads\/2022\/11\/preffffff-1024x678.jpg 1024w, https:\/\/www.cambe.pr.gov.br\/wp-content\/uploads\/2022\/11\/preffffff-300x199.jpg 300w, https:\/\/www.cambe.pr.gov.br\/wp-content\/uploads\/2022\/11\/preffffff-768x509.jpg 768w, https:\/\/www.cambe.pr.gov.br\/wp-content\/uploads\/2022\/11\/preffffff-1536x1017.jpg 1536w, https:\/\/www.cambe.pr.gov.br\/wp-content\/uploads\/2022\/11\/preffffff-2048x1356.jpg 2048w\" sizes=\"(max-width: 610px) 100vw, 610px\" \/>A Prefeitura vai alterar o hor\u00e1rio de funcionamento das reparti\u00e7\u00f5es p\u00fablicas municipais durante o feriado de Carnaval. As mudan\u00e7as valem para a pr\u00f3xima semana, na segunda-feira (3), que ser\u00e1 ponto facultativo, o feriado na ter\u00e7a-feira (4) e quarta-feira (5). Confira abaixo o que abre e fecha em Camb\u00e9 durante o Carnaval.<\/span><\/p>\n<p>&nbsp;<\/p>\n<p style=\"text-align: justify;\"><strong><span style=\"font-family: arial, helvetica, sans-serif;\">Prefeitura de Camb\u00e9<\/span><\/strong><\/p>\n<p style=\"text-align: justify;\"><span style=\"font-weight: 400; font-family: arial, helvetica, sans-serif;\">O pr\u00e9dio principal da Prefeitura de Camb\u00e9, assim como as secretarias municipais e reparti\u00e7\u00f5es p\u00fablicas, estar\u00e3o fechadas na segunda, ter\u00e7a e na manh\u00e3 da quarta-feira. Os atendimentos retornam no dia 5, a partir das 13 horas.<\/span><\/p>\n<p>&nbsp;<\/p>\n<p style=\"text-align: justify;\"><strong><span style=\"font-family: arial, helvetica, sans-serif;\">Servi\u00e7os de Sa\u00fade<\/span><\/strong><\/p>\n<p style=\"text-align: justify;\"><span style=\"font-weight: 400; font-family: arial, helvetica, sans-serif;\">As Unidades B\u00e1sicas de Sa\u00fade (UBS), laborat\u00f3rio, Policl\u00ednica, CAPS e Farm\u00e1cia Municipal seguem o decreto municipal e tamb\u00e9m s\u00f3 voltam na quarta ap\u00f3s o almo\u00e7o.\u00a0<\/span><\/p>\n<p style=\"text-align: justify;\"><span style=\"font-weight: 400; font-family: arial, helvetica, sans-serif;\">Quem precisar de atendimento de urg\u00eancia e emerg\u00eancia pode procurar as Unidades de Pronto Atendimento do Munic\u00edpio: UPA do Jardim Tupi (Rua Caraj\u00e1s, 479) e Pronto Atendimento 24 Horas Maria Anideje (Rua Londrina, esquina com Rua Antonina, no Jardim Ana Eliza).<\/span><\/p>\n<p>&nbsp;<\/p>\n<p style=\"text-align: justify;\"><strong><span style=\"font-family: arial, helvetica, sans-serif;\">Escolas<\/span><\/strong><\/p>\n<p style=\"text-align: justify;\"><span style=\"font-weight: 400; font-family: arial, helvetica, sans-serif;\">As 44 institui\u00e7\u00f5es municipais de ensino v\u00e3o dispensar os alunos na segunda, ter\u00e7a e quarta-feira. As aulas retornam normalmente na quinta-feira (6).<\/span><\/p>\n<p>&nbsp;<\/p>\n<p style=\"text-align: justify;\"><strong><span style=\"font-family: arial, helvetica, sans-serif;\">Coleta de lixo<\/span><\/strong><\/p>\n<p style=\"text-align: justify;\"><span style=\"font-weight: 400; font-family: arial, helvetica, sans-serif;\">A coleta de lixo domiciliar ir\u00e1 funcionar normalmente durante todos os dias do feriado, em todas as regi\u00f5es da cidade, sem altera\u00e7\u00e3o de hor\u00e1rio.<\/span><\/p>\n<p>&nbsp;<\/p>\n<p style=\"text-align: justify;\"><strong><span style=\"font-family: arial, helvetica, sans-serif;\">Cemit\u00e9rio<\/span><\/strong><\/p>\n<p style=\"text-align: justify;\"><span style=\"font-weight: 400; font-family: arial, helvetica, sans-serif;\">O Cemit\u00e9rio Municipal Padre Symphoriano Kopf tamb\u00e9m vai abrir todos os dias, das 8 \u00e0s 18 horas.<\/span><\/p>\n<p>&nbsp;<\/p>\n<p style=\"text-align: justify;\"><strong><span style=\"font-family: arial, helvetica, sans-serif;\">Com\u00e9rcio<\/span><\/strong><\/p>\n<p style=\"text-align: justify;\"><span style=\"font-weight: 400; font-family: arial, helvetica, sans-serif;\">O com\u00e9rcio varejista estar\u00e1 fechado na segunda-feira (3) para compensar a abertura no domingo antes do Natal (22\/12). Ter\u00e7a-feira, feriado, as lojas tamb\u00e9m n\u00e3o abrem. No s\u00e1bado (1) e na quarta-feira (5), o com\u00e9rcio funciona das 9 \u00e0s 18 horas.<\/span><\/p>\n","protected":false},"excerpt":{"rendered":"<p>A Prefeitura vai alterar o hor\u00e1rio de funcionamento das reparti\u00e7\u00f5es p\u00fablicas municipais durante o feriado de Carnaval. As mudan\u00e7as valem para a pr\u00f3xima semana, na segunda-feira (3), que ser\u00e1 ponto facultativo, o feriado na ter\u00e7a-feira (4) e quarta-feira (5). Confira abaixo o que abre e fecha em Camb\u00e9 durante o Carnaval. &nbsp; Prefeitura de Camb\u00e9 [&hellip;]<\/p>\n","protected":false},"author":16,"featured_media":0,"comment_status":"closed","ping_status":"closed","sticky":false,"template":"","format":"standard","meta":{"ngg_post_thumbnail":0,"footnotes":""},"categories":[1],"tags":[],"class_list":["post-16218","post","type-post","status-publish","format-standard","hentry","category-principal"],"yoast_head":"<!-- This site is optimized with the Yoast SEO plugin v27.4 - https:\/\/yoast.com\/product\/yoast-seo-wordpress\/ -->\n<title>Veja o que abre e fecha em Camb\u00e9 durante o Carnaval - Prefeitura de Camb\u00e9<\/title>\n<meta name=\"robots\" content=\"index, follow, max-snippet:-1, max-image-preview:large, max-video-preview:-1\" \/>\n<link rel=\"canonical\" href=\"https:\/\/www.cambe.pr.gov.br\/index.php\/veja-o-que-abre-e-fecha-em-cambe-durante-o-carnaval\/\" \/>\n<meta property=\"og:locale\" content=\"pt_BR\" \/>\n<meta property=\"og:type\" content=\"article\" \/>\n<meta property=\"og:title\" content=\"Veja o que abre e fecha em Camb\u00e9 durante o Carnaval - Prefeitura de Camb\u00e9\" \/>\n<meta property=\"og:description\" content=\"A Prefeitura vai alterar o hor\u00e1rio de funcionamento das reparti\u00e7\u00f5es p\u00fablicas municipais durante o feriado de Carnaval. As mudan\u00e7as valem para a pr\u00f3xima semana, na segunda-feira (3), que ser\u00e1 ponto facultativo, o feriado na ter\u00e7a-feira (4) e quarta-feira (5). Confira abaixo o que abre e fecha em Camb\u00e9 durante o Carnaval. &nbsp; Prefeitura de Camb\u00e9 [&hellip;]\" \/>\n<meta property=\"og:url\" content=\"https:\/\/www.cambe.pr.gov.br\/index.php\/veja-o-que-abre-e-fecha-em-cambe-durante-o-carnaval\/\" \/>\n<meta property=\"og:site_name\" content=\"Prefeitura de Camb\u00e9\" \/>\n<meta property=\"article:publisher\" content=\"https:\/\/m.facebook.com\/prefeituradecambe\" \/>\n<meta property=\"article:published_time\" content=\"2025-02-27T17:00:31+00:00\" \/>\n<meta property=\"article:modified_time\" content=\"2025-02-27T19:13:23+00:00\" \/>\n<meta property=\"og:image\" content=\"https:\/\/www.cambe.pr.gov.br\/wp-content\/uploads\/2022\/11\/preffffff-1024x678.jpg\" \/>\n<meta name=\"author\" content=\"Vinicius Augusto Batista Eira\" \/>\n<meta name=\"twitter:card\" content=\"summary_large_image\" \/>\n<meta name=\"twitter:label1\" content=\"Escrito por\" \/>\n\t<meta name=\"twitter:data1\" content=\"Vinicius Augusto Batista Eira\" \/>\n\t<meta name=\"twitter:label2\" content=\"Est. tempo de leitura\" \/>\n\t<meta name=\"twitter:data2\" content=\"2 minutos\" \/>\n<script type=\"application\/ld+json\" class=\"yoast-schema-graph\">{\"@context\":\"https:\\\/\\\/schema.org\",\"@graph\":[{\"@type\":\"Article\",\"@id\":\"https:\\\/\\\/www.cambe.pr.gov.br\\\/index.php\\\/veja-o-que-abre-e-fecha-em-cambe-durante-o-carnaval\\\/#article\",\"isPartOf\":{\"@id\":\"https:\\\/\\\/www.cambe.pr.gov.br\\\/index.php\\\/veja-o-que-abre-e-fecha-em-cambe-durante-o-carnaval\\\/\"},\"author\":{\"name\":\"Vinicius Augusto Batista Eira\",\"@id\":\"https:\\\/\\\/www.cambe.pr.gov.br\\\/#\\\/schema\\\/person\\\/8e3ee69cb2cadf4b9f8377407227effd\"},\"headline\":\"Veja o que abre e fecha em Camb\u00e9 durante o Carnaval\",\"datePublished\":\"2025-02-27T17:00:31+00:00\",\"dateModified\":\"2025-02-27T19:13:23+00:00\",\"mainEntityOfPage\":{\"@id\":\"https:\\\/\\\/www.cambe.pr.gov.br\\\/index.php\\\/veja-o-que-abre-e-fecha-em-cambe-durante-o-carnaval\\\/\"},\"wordCount\":309,\"publisher\":{\"@id\":\"https:\\\/\\\/www.cambe.pr.gov.br\\\/#organization\"},\"image\":{\"@id\":\"https:\\\/\\\/www.cambe.pr.gov.br\\\/index.php\\\/veja-o-que-abre-e-fecha-em-cambe-durante-o-carnaval\\\/#primaryimage\"},\"thumbnailUrl\":\"https:\\\/\\\/www.cambe.pr.gov.br\\\/wp-content\\\/uploads\\\/2022\\\/11\\\/preffffff-1024x678.jpg\",\"articleSection\":[\"Principal\"],\"inLanguage\":\"pt-BR\"},{\"@type\":\"WebPage\",\"@id\":\"https:\\\/\\\/www.cambe.pr.gov.br\\\/index.php\\\/veja-o-que-abre-e-fecha-em-cambe-durante-o-carnaval\\\/\",\"url\":\"https:\\\/\\\/www.cambe.pr.gov.br\\\/index.php\\\/veja-o-que-abre-e-fecha-em-cambe-durante-o-carnaval\\\/\",\"name\":\"Veja o que abre e fecha em Camb\u00e9 durante o Carnaval - Prefeitura de Camb\u00e9\",\"isPartOf\":{\"@id\":\"https:\\\/\\\/www.cambe.pr.gov.br\\\/#website\"},\"primaryImageOfPage\":{\"@id\":\"https:\\\/\\\/www.cambe.pr.gov.br\\\/index.php\\\/veja-o-que-abre-e-fecha-em-cambe-durante-o-carnaval\\\/#primaryimage\"},\"image\":{\"@id\":\"https:\\\/\\\/www.cambe.pr.gov.br\\\/index.php\\\/veja-o-que-abre-e-fecha-em-cambe-durante-o-carnaval\\\/#primaryimage\"},\"thumbnailUrl\":\"https:\\\/\\\/www.cambe.pr.gov.br\\\/wp-content\\\/uploads\\\/2022\\\/11\\\/preffffff-1024x678.jpg\",\"datePublished\":\"2025-02-27T17:00:31+00:00\",\"dateModified\":\"2025-02-27T19:13:23+00:00\",\"breadcrumb\":{\"@id\":\"https:\\\/\\\/www.cambe.pr.gov.br\\\/index.php\\\/veja-o-que-abre-e-fecha-em-cambe-durante-o-carnaval\\\/#breadcrumb\"},\"inLanguage\":\"pt-BR\",\"potentialAction\":[{\"@type\":\"ReadAction\",\"target\":[\"https:\\\/\\\/www.cambe.pr.gov.br\\\/index.php\\\/veja-o-que-abre-e-fecha-em-cambe-durante-o-carnaval\\\/\"]}]},{\"@type\":\"ImageObject\",\"inLanguage\":\"pt-BR\",\"@id\":\"https:\\\/\\\/www.cambe.pr.gov.br\\\/index.php\\\/veja-o-que-abre-e-fecha-em-cambe-durante-o-carnaval\\\/#primaryimage\",\"url\":\"https:\\\/\\\/www.cambe.pr.gov.br\\\/wp-content\\\/uploads\\\/2022\\\/11\\\/preffffff-scaled.jpg\",\"contentUrl\":\"https:\\\/\\\/www.cambe.pr.gov.br\\\/wp-content\\\/uploads\\\/2022\\\/11\\\/preffffff-scaled.jpg\",\"width\":2560,\"height\":1695},{\"@type\":\"BreadcrumbList\",\"@id\":\"https:\\\/\\\/www.cambe.pr.gov.br\\\/index.php\\\/veja-o-que-abre-e-fecha-em-cambe-durante-o-carnaval\\\/#breadcrumb\",\"itemListElement\":[{\"@type\":\"ListItem\",\"position\":1,\"name\":\"In\u00edcio\",\"item\":\"https:\\\/\\\/www.cambe.pr.gov.br\\\/\"},{\"@type\":\"ListItem\",\"position\":2,\"name\":\"Veja o que abre e fecha em Camb\u00e9 durante o Carnaval\"}]},{\"@type\":\"WebSite\",\"@id\":\"https:\\\/\\\/www.cambe.pr.gov.br\\\/#website\",\"url\":\"https:\\\/\\\/www.cambe.pr.gov.br\\\/\",\"name\":\"Prefeitura de Camb\u00e9\",\"description\":\"UM GOVERNO PARA TODOS\",\"publisher\":{\"@id\":\"https:\\\/\\\/www.cambe.pr.gov.br\\\/#organization\"},\"potentialAction\":[{\"@type\":\"SearchAction\",\"target\":{\"@type\":\"EntryPoint\",\"urlTemplate\":\"https:\\\/\\\/www.cambe.pr.gov.br\\\/?s={search_term_string}\"},\"query-input\":{\"@type\":\"PropertyValueSpecification\",\"valueRequired\":true,\"valueName\":\"search_term_string\"}}],\"inLanguage\":\"pt-BR\"},{\"@type\":\"Organization\",\"@id\":\"https:\\\/\\\/www.cambe.pr.gov.br\\\/#organization\",\"name\":\"Prefeitura de Camb\u00e9\",\"url\":\"https:\\\/\\\/www.cambe.pr.gov.br\\\/\",\"logo\":{\"@type\":\"ImageObject\",\"inLanguage\":\"pt-BR\",\"@id\":\"https:\\\/\\\/www.cambe.pr.gov.br\\\/#\\\/schema\\\/logo\\\/image\\\/\",\"url\":\"https:\\\/\\\/www.cambe.pr.gov.br\\\/wp-content\\\/uploads\\\/2021\\\/01\\\/cropped-cropped-cambe_brazao-icone.png\",\"contentUrl\":\"https:\\\/\\\/www.cambe.pr.gov.br\\\/wp-content\\\/uploads\\\/2021\\\/01\\\/cropped-cropped-cambe_brazao-icone.png\",\"width\":240,\"height\":240,\"caption\":\"Prefeitura de Camb\u00e9\"},\"image\":{\"@id\":\"https:\\\/\\\/www.cambe.pr.gov.br\\\/#\\\/schema\\\/logo\\\/image\\\/\"},\"sameAs\":[\"https:\\\/\\\/m.facebook.com\\\/prefeituradecambe\"]},{\"@type\":\"Person\",\"@id\":\"https:\\\/\\\/www.cambe.pr.gov.br\\\/#\\\/schema\\\/person\\\/8e3ee69cb2cadf4b9f8377407227effd\",\"name\":\"Vinicius Augusto Batista Eira\",\"image\":{\"@type\":\"ImageObject\",\"inLanguage\":\"pt-BR\",\"@id\":\"https:\\\/\\\/secure.gravatar.com\\\/avatar\\\/1ec500de7013b30e1d4d7c8c3978f0e4433c37e5d5e4cd186239369c6440122b?s=96&d=mm&r=g\",\"url\":\"https:\\\/\\\/secure.gravatar.com\\\/avatar\\\/1ec500de7013b30e1d4d7c8c3978f0e4433c37e5d5e4cd186239369c6440122b?s=96&d=mm&r=g\",\"contentUrl\":\"https:\\\/\\\/secure.gravatar.com\\\/avatar\\\/1ec500de7013b30e1d4d7c8c3978f0e4433c37e5d5e4cd186239369c6440122b?s=96&d=mm&r=g\",\"caption\":\"Vinicius Augusto Batista Eira\"},\"url\":\"https:\\\/\\\/www.cambe.pr.gov.br\\\/index.php\\\/author\\\/vabeira\\\/\"}]}<\/script>\n<!-- \/ Yoast SEO plugin. -->","yoast_head_json":{"title":"Veja o que abre e fecha em Camb\u00e9 durante o Carnaval - Prefeitura de Camb\u00e9","robots":{"index":"index","follow":"follow","max-snippet":"max-snippet:-1","max-image-preview":"max-image-preview:large","max-video-preview":"max-video-preview:-1"},"canonical":"https:\/\/www.cambe.pr.gov.br\/index.php\/veja-o-que-abre-e-fecha-em-cambe-durante-o-carnaval\/","og_locale":"pt_BR","og_type":"article","og_title":"Veja o que abre e fecha em Camb\u00e9 durante o Carnaval - Prefeitura de Camb\u00e9","og_description":"A Prefeitura vai alterar o hor\u00e1rio de funcionamento das reparti\u00e7\u00f5es p\u00fablicas municipais durante o feriado de Carnaval. As mudan\u00e7as valem para a pr\u00f3xima semana, na segunda-feira (3), que ser\u00e1 ponto facultativo, o feriado na ter\u00e7a-feira (4) e quarta-feira (5). Confira abaixo o que abre e fecha em Camb\u00e9 durante o Carnaval. &nbsp; Prefeitura de Camb\u00e9 [&hellip;]","og_url":"https:\/\/www.cambe.pr.gov.br\/index.php\/veja-o-que-abre-e-fecha-em-cambe-durante-o-carnaval\/","og_site_name":"Prefeitura de Camb\u00e9","article_publisher":"https:\/\/m.facebook.com\/prefeituradecambe","article_published_time":"2025-02-27T17:00:31+00:00","article_modified_time":"2025-02-27T19:13:23+00:00","og_image":[{"url":"https:\/\/www.cambe.pr.gov.br\/wp-content\/uploads\/2022\/11\/preffffff-1024x678.jpg","type":"","width":"","height":""}],"author":"Vinicius Augusto Batista Eira","twitter_card":"summary_large_image","twitter_misc":{"Escrito por":"Vinicius Augusto Batista Eira","Est. tempo de leitura":"2 minutos"},"schema":{"@context":"https:\/\/schema.org","@graph":[{"@type":"Article","@id":"https:\/\/www.cambe.pr.gov.br\/index.php\/veja-o-que-abre-e-fecha-em-cambe-durante-o-carnaval\/#article","isPartOf":{"@id":"https:\/\/www.cambe.pr.gov.br\/index.php\/veja-o-que-abre-e-fecha-em-cambe-durante-o-carnaval\/"},"author":{"name":"Vinicius Augusto Batista Eira","@id":"https:\/\/www.cambe.pr.gov.br\/#\/schema\/person\/8e3ee69cb2cadf4b9f8377407227effd"},"headline":"Veja o que abre e fecha em Camb\u00e9 durante o Carnaval","datePublished":"2025-02-27T17:00:31+00:00","dateModified":"2025-02-27T19:13:23+00:00","mainEntityOfPage":{"@id":"https:\/\/www.cambe.pr.gov.br\/index.php\/veja-o-que-abre-e-fecha-em-cambe-durante-o-carnaval\/"},"wordCount":309,"publisher":{"@id":"https:\/\/www.cambe.pr.gov.br\/#organization"},"image":{"@id":"https:\/\/www.cambe.pr.gov.br\/index.php\/veja-o-que-abre-e-fecha-em-cambe-durante-o-carnaval\/#primaryimage"},"thumbnailUrl":"https:\/\/www.cambe.pr.gov.br\/wp-content\/uploads\/2022\/11\/preffffff-1024x678.jpg","articleSection":["Principal"],"inLanguage":"pt-BR"},{"@type":"WebPage","@id":"https:\/\/www.cambe.pr.gov.br\/index.php\/veja-o-que-abre-e-fecha-em-cambe-durante-o-carnaval\/","url":"https:\/\/www.cambe.pr.gov.br\/index.php\/veja-o-que-abre-e-fecha-em-cambe-durante-o-carnaval\/","name":"Veja o que abre e fecha em Camb\u00e9 durante o Carnaval - Prefeitura de Camb\u00e9","isPartOf":{"@id":"https:\/\/www.cambe.pr.gov.br\/#website"},"primaryImageOfPage":{"@id":"https:\/\/www.cambe.pr.gov.br\/index.php\/veja-o-que-abre-e-fecha-em-cambe-durante-o-carnaval\/#primaryimage"},"image":{"@id":"https:\/\/www.cambe.pr.gov.br\/index.php\/veja-o-que-abre-e-fecha-em-cambe-durante-o-carnaval\/#primaryimage"},"thumbnailUrl":"https:\/\/www.cambe.pr.gov.br\/wp-content\/uploads\/2022\/11\/preffffff-1024x678.jpg","datePublished":"2025-02-27T17:00:31+00:00","dateModified":"2025-02-27T19:13:23+00:00","breadcrumb":{"@id":"https:\/\/www.cambe.pr.gov.br\/index.php\/veja-o-que-abre-e-fecha-em-cambe-durante-o-carnaval\/#breadcrumb"},"inLanguage":"pt-BR","potentialAction":[{"@type":"ReadAction","target":["https:\/\/www.cambe.pr.gov.br\/index.php\/veja-o-que-abre-e-fecha-em-cambe-durante-o-carnaval\/"]}]},{"@type":"ImageObject","inLanguage":"pt-BR","@id":"https:\/\/www.cambe.pr.gov.br\/index.php\/veja-o-que-abre-e-fecha-em-cambe-durante-o-carnaval\/#primaryimage","url":"https:\/\/www.cambe.pr.gov.br\/wp-content\/uploads\/2022\/11\/preffffff-scaled.jpg","contentUrl":"https:\/\/www.cambe.pr.gov.br\/wp-content\/uploads\/2022\/11\/preffffff-scaled.jpg","width":2560,"height":1695},{"@type":"BreadcrumbList","@id":"https:\/\/www.cambe.pr.gov.br\/index.php\/veja-o-que-abre-e-fecha-em-cambe-durante-o-carnaval\/#breadcrumb","itemListElement":[{"@type":"ListItem","position":1,"name":"In\u00edcio","item":"https:\/\/www.cambe.pr.gov.br\/"},{"@type":"ListItem","position":2,"name":"Veja o que abre e fecha em Camb\u00e9 durante o Carnaval"}]},{"@type":"WebSite","@id":"https:\/\/www.cambe.pr.gov.br\/#website","url":"https:\/\/www.cambe.pr.gov.br\/","name":"Prefeitura de Camb\u00e9","description":"UM GOVERNO PARA TODOS","publisher":{"@id":"https:\/\/www.cambe.pr.gov.br\/#organization"},"potentialAction":[{"@type":"SearchAction","target":{"@type":"EntryPoint","urlTemplate":"https:\/\/www.cambe.pr.gov.br\/?s={search_term_string}"},"query-input":{"@type":"PropertyValueSpecification","valueRequired":true,"valueName":"search_term_string"}}],"inLanguage":"pt-BR"},{"@type":"Organization","@id":"https:\/\/www.cambe.pr.gov.br\/#organization","name":"Prefeitura de Camb\u00e9","url":"https:\/\/www.cambe.pr.gov.br\/","logo":{"@type":"ImageObject","inLanguage":"pt-BR","@id":"https:\/\/www.cambe.pr.gov.br\/#\/schema\/logo\/image\/","url":"https:\/\/www.cambe.pr.gov.br\/wp-content\/uploads\/2021\/01\/cropped-cropped-cambe_brazao-icone.png","contentUrl":"https:\/\/www.cambe.pr.gov.br\/wp-content\/uploads\/2021\/01\/cropped-cropped-cambe_brazao-icone.png","width":240,"height":240,"caption":"Prefeitura de Camb\u00e9"},"image":{"@id":"https:\/\/www.cambe.pr.gov.br\/#\/schema\/logo\/image\/"},"sameAs":["https:\/\/m.facebook.com\/prefeituradecambe"]},{"@type":"Person","@id":"https:\/\/www.cambe.pr.gov.br\/#\/schema\/person\/8e3ee69cb2cadf4b9f8377407227effd","name":"Vinicius Augusto Batista Eira","image":{"@type":"ImageObject","inLanguage":"pt-BR","@id":"https:\/\/secure.gravatar.com\/avatar\/1ec500de7013b30e1d4d7c8c3978f0e4433c37e5d5e4cd186239369c6440122b?s=96&d=mm&r=g","url":"https:\/\/secure.gravatar.com\/avatar\/1ec500de7013b30e1d4d7c8c3978f0e4433c37e5d5e4cd186239369c6440122b?s=96&d=mm&r=g","contentUrl":"https:\/\/secure.gravatar.com\/avatar\/1ec500de7013b30e1d4d7c8c3978f0e4433c37e5d5e4cd186239369c6440122b?s=96&d=mm&r=g","caption":"Vinicius Augusto Batista Eira"},"url":"https:\/\/www.cambe.pr.gov.br\/index.php\/author\/vabeira\/"}]}},"_links":{"self":[{"href":"https:\/\/www.cambe.pr.gov.br\/index.php\/wp-json\/wp\/v2\/posts\/16218","targetHints":{"allow":["GET"]}}],"collection":[{"href":"https:\/\/www.cambe.pr.gov.br\/index.php\/wp-json\/wp\/v2\/posts"}],"about":[{"href":"https:\/\/www.cambe.pr.gov.br\/index.php\/wp-json\/wp\/v2\/types\/post"}],"author":[{"embeddable":true,"href":"https:\/\/www.cambe.pr.gov.br\/index.php\/wp-json\/wp\/v2\/users\/16"}],"replies":[{"embeddable":true,"href":"https:\/\/www.cambe.pr.gov.br\/index.php\/wp-json\/wp\/v2\/comments?post=16218"}],"version-history":[{"count":4,"href":"https:\/\/www.cambe.pr.gov.br\/index.php\/wp-json\/wp\/v2\/posts\/16218\/revisions"}],"predecessor-version":[{"id":16229,"href":"https:\/\/www.cambe.pr.gov.br\/index.php\/wp-json\/wp\/v2\/posts\/16218\/revisions\/16229"}],"wp:attachment":[{"href":"https:\/\/www.cambe.pr.gov.br\/index.php\/wp-json\/wp\/v2\/media?parent=16218"}],"wp:term":[{"taxonomy":"category","embeddable":true,"href":"https:\/\/www.cambe.pr.gov.br\/index.php\/wp-json\/wp\/v2\/categories?post=16218"},{"taxonomy":"post_tag","embeddable":true,"href":"https:\/\/www.cambe.pr.gov.br\/index.php\/wp-json\/wp\/v2\/tags?post=16218"}],"curies":[{"name":"wp","href":"https:\/\/api.w.org\/{rel}","templated":true}]}}