{"id":16211,"date":"2025-02-26T16:26:17","date_gmt":"2025-02-26T19:26:17","guid":{"rendered":"https:\/\/www.cambe.pr.gov.br\/?p=16211"},"modified":"2025-02-26T16:26:17","modified_gmt":"2025-02-26T19:26:17","slug":"cambe-vai-receber-mais-de-r-100-mil-de-repasse-do-fundo-estadual-do-esporte","status":"publish","type":"post","link":"https:\/\/www.cambe.pr.gov.br\/index.php\/cambe-vai-receber-mais-de-r-100-mil-de-repasse-do-fundo-estadual-do-esporte\/","title":{"rendered":"Camb\u00e9 vai receber mais de R$ 100 mil de repasse do Fundo Estadual do Esporte"},"content":{"rendered":"<p style=\"text-align: justify;\"><span style=\"font-weight: 400; font-family: arial, helvetica, sans-serif;\"><img fetchpriority=\"high\" decoding=\"async\" class=\"alignleft wp-image-16212\" src=\"https:\/\/www.cambe.pr.gov.br\/wp-content\/uploads\/2025\/02\/WhatsApp-Image-2025-02-26-at-09.59.08-1024x819.jpeg\" alt=\"\" width=\"600\" height=\"480\" srcset=\"https:\/\/www.cambe.pr.gov.br\/wp-content\/uploads\/2025\/02\/WhatsApp-Image-2025-02-26-at-09.59.08-1024x819.jpeg 1024w, https:\/\/www.cambe.pr.gov.br\/wp-content\/uploads\/2025\/02\/WhatsApp-Image-2025-02-26-at-09.59.08-300x240.jpeg 300w, https:\/\/www.cambe.pr.gov.br\/wp-content\/uploads\/2025\/02\/WhatsApp-Image-2025-02-26-at-09.59.08-768x614.jpeg 768w, https:\/\/www.cambe.pr.gov.br\/wp-content\/uploads\/2025\/02\/WhatsApp-Image-2025-02-26-at-09.59.08-1536x1229.jpeg 1536w, https:\/\/www.cambe.pr.gov.br\/wp-content\/uploads\/2025\/02\/WhatsApp-Image-2025-02-26-at-09.59.08-2048x1638.jpeg 2048w\" sizes=\"(max-width: 600px) 100vw, 600px\" \/>Gra\u00e7as a organiza\u00e7\u00e3o esportiva e gest\u00e3o eficiente, Camb\u00e9 vai receber R$ 107.208,00 de repasse proveniente do Fundo Estadual do Esporte em 2025. O Governo do Estado promoveu nesta ter\u00e7a-feira (25), em Curitiba, uma capacita\u00e7\u00e3o aos 75 munic\u00edpios que obtiveram o Selo Plus do programa O Esporte que Queremos. E essas cidades que sa\u00edram na frente e puderam ter acesso aos recursos puderam esclarecer d\u00favidas a respeito do fluxo do fundo, permitindo uma gest\u00e3o mais eficiente do valor que ser\u00e1 destinado exclusivamente ao esporte.<\/span><\/p>\n<p style=\"text-align: justify;\"><span style=\"font-weight: 400; font-family: arial, helvetica, sans-serif;\">O Selo Plus foi obtido por munic\u00edpios que cumpriram requisitos do programa como: Cadastro Esportivo Municipal na plataforma Gest\u00e3o do Esporte nos Estados e Munic\u00edpios; Pol\u00edtica Municipal de Esporte; formaliza\u00e7\u00e3o do Conselho Municipal de Esporte; e desenvolvimento de instrumentos de financiamento do Fundo Municipal para o Esporte. Somente 75 cidades no Paran\u00e1 realizaram todos os passos e agora tem acesso aos recursos do Fundo, sendo Camb\u00e9 uma delas.<\/span><\/p>\n<p style=\"text-align: justify;\"><span style=\"font-weight: 400; font-family: arial, helvetica, sans-serif;\">Segundo o programa, os recursos dever\u00e3o ser empregados em atividades continuadas para pr\u00e1ticas de atividades f\u00edsicas e esportes, em especial na forma\u00e7\u00e3o esportiva e esporte para toda a vida. Com isso, o dinheiro pode ser investido em custeio ou despesas correntes como obriga\u00e7\u00f5es financeiras com contratos de presta\u00e7\u00e3o de servi\u00e7os, aquisi\u00e7\u00e3o de materiais de consumo, di\u00e1rias, passagens, entre outras; e tamb\u00e9m na aquisi\u00e7\u00e3o de material permanente destinado \u00e0 pr\u00e1tica esportiva. Camb\u00e9 tem at\u00e9 o dia 30 de abril para enviar toda a documenta\u00e7\u00e3o requisitada, mas a Secretaria Municipal de Esportes e Lazer deve fazer o procedimento at\u00e9 a pr\u00f3xima sexta-feira (28) para j\u00e1 solicitar os recursos.<\/span><\/p>\n<p style=\"text-align: justify;\"><span style=\"font-weight: 400; font-family: arial, helvetica, sans-serif;\">Com o Selo Plus, Camb\u00e9 ainda poder\u00e1 inscrever projetos para solicitar recursos do Fundo do Esporte. O programa prev\u00ea que os munic\u00edpios podem inscrever um projeto por ano, que passar\u00e1 por an\u00e1lise do Governo do Estado, mediantes alguns crit\u00e9rios: legado esportivo e social do projeto; exist\u00eancia de recursos pr\u00f3prios para complementa\u00e7\u00e3o do projeto e implementa\u00e7\u00e3o; inser\u00e7\u00e3o social, com demonstra\u00e7\u00e3o do p\u00fablico impactado; e infraestrutura existente em \u00e2mbito estadual e municipal, preferencialmente com atendimento de \u00e1reas de vulnerabilidade.<\/span><\/p>\n<p style=\"text-align: justify;\"><span style=\"font-weight: 400; font-family: arial, helvetica, sans-serif;\">Telma Gamba, secret\u00e1ria municipal de Esportes e Lazer, ressalta que a contribui\u00e7\u00e3o com o processo de reestrutura\u00e7\u00e3o do esporte de Camb\u00e9 \u00e9 motivo de grande honra, alegria, mas tamb\u00e9m coroa um processo bem desafiador. \u201cN\u00f3s j\u00e1 avan\u00e7amos muito na estrutura\u00e7\u00e3o de toda a pol\u00edtica esportiva, somos destaque e refer\u00eancia para o estado do Paran\u00e1. Trabalhamos e conquistamos todos os selos propostos pelo estado. E vem muita coisa boa por a\u00ed, muitas possibilidades de recursos que j\u00e1 estamos buscando para melhorar ainda mais o nosso esporte\u201d, disse.<\/span><\/p>\n<p>&nbsp;<\/p>\n<p style=\"text-align: justify;\"><strong><span style=\"font-family: arial, helvetica, sans-serif;\">Capacita\u00e7\u00e3o do Fundo Estadual do Esporte<\/span><\/strong><\/p>\n<p style=\"text-align: justify;\"><span style=\"font-weight: 400; font-family: arial, helvetica, sans-serif;\">A secret\u00e1ria de Esportes e Lazer Telma Gamba, o diretor do Departamento de Esportes e Lazer, Vin\u00edcius Sim\u00f5es, e a coordenadora do Centro da Juventude, Silmeri Rossi foram a Curitiba e representaram Camb\u00e9 na capacita\u00e7\u00e3o do programa. Todos os gestores presentes tiveram acesso a cinco m\u00f3dulos com temas essenciais para a gest\u00e3o esportiva municipal: sistema esportivo &#8211; estrutura e funcionamento; crit\u00e9rios para obten\u00e7\u00e3o de recursos do fundo &#8211; repasses autom\u00e1ticos para programas esportivos; crit\u00e9rios para obten\u00e7\u00e3o de recursos do fundo &#8211; financiamento para constru\u00e7\u00e3o e melhoria de espa\u00e7os esportivos; modelo de Plano de Trabalho para infraestrutura esportiva; e procedimentos para abertura e manuseio de protocolos.<\/span><\/p>\n<p style=\"text-align: justify;\"><span style=\"font-weight: 400; font-family: arial, helvetica, sans-serif;\">Os participantes tamb\u00e9m recebem a colet\u00e2nea do programa, composta por 11 volumes produzidos pelo Instituto de Pesquisa e Intelig\u00eancia Esportiva da Universidade Federal do Paran\u00e1 (UFPR). O material foi desenvolvido para auxiliar e nortear os gestores dos 399 munic\u00edpios paranaenses na estrutura\u00e7\u00e3o do sistema esportivo local.<\/span><\/p>\n","protected":false},"excerpt":{"rendered":"<p>Gra\u00e7as a organiza\u00e7\u00e3o esportiva e gest\u00e3o eficiente, Camb\u00e9 vai receber R$ 107.208,00 de repasse proveniente do Fundo Estadual do Esporte em 2025. O Governo do Estado promoveu nesta ter\u00e7a-feira (25), em Curitiba, uma capacita\u00e7\u00e3o aos 75 munic\u00edpios que obtiveram o Selo Plus do programa O Esporte que Queremos. E essas cidades que sa\u00edram na frente [&hellip;]<\/p>\n","protected":false},"author":16,"featured_media":0,"comment_status":"closed","ping_status":"closed","sticky":false,"template":"","format":"standard","meta":{"ngg_post_thumbnail":0,"footnotes":""},"categories":[1],"tags":[],"class_list":["post-16211","post","type-post","status-publish","format-standard","hentry","category-principal"],"yoast_head":"<!-- This site is optimized with the Yoast SEO plugin v27.4 - https:\/\/yoast.com\/product\/yoast-seo-wordpress\/ -->\n<title>Camb\u00e9 vai receber mais de R$ 100 mil de repasse do Fundo Estadual do Esporte - Prefeitura de Camb\u00e9<\/title>\n<meta name=\"robots\" content=\"index, follow, max-snippet:-1, max-image-preview:large, max-video-preview:-1\" \/>\n<link rel=\"canonical\" href=\"https:\/\/www.cambe.pr.gov.br\/index.php\/cambe-vai-receber-mais-de-r-100-mil-de-repasse-do-fundo-estadual-do-esporte\/\" \/>\n<meta property=\"og:locale\" content=\"pt_BR\" \/>\n<meta property=\"og:type\" content=\"article\" \/>\n<meta property=\"og:title\" content=\"Camb\u00e9 vai receber mais de R$ 100 mil de repasse do Fundo Estadual do Esporte - Prefeitura de Camb\u00e9\" \/>\n<meta property=\"og:description\" content=\"Gra\u00e7as a organiza\u00e7\u00e3o esportiva e gest\u00e3o eficiente, Camb\u00e9 vai receber R$ 107.208,00 de repasse proveniente do Fundo Estadual do Esporte em 2025. O Governo do Estado promoveu nesta ter\u00e7a-feira (25), em Curitiba, uma capacita\u00e7\u00e3o aos 75 munic\u00edpios que obtiveram o Selo Plus do programa O Esporte que Queremos. E essas cidades que sa\u00edram na frente [&hellip;]\" \/>\n<meta property=\"og:url\" content=\"https:\/\/www.cambe.pr.gov.br\/index.php\/cambe-vai-receber-mais-de-r-100-mil-de-repasse-do-fundo-estadual-do-esporte\/\" \/>\n<meta property=\"og:site_name\" content=\"Prefeitura de Camb\u00e9\" \/>\n<meta property=\"article:publisher\" content=\"https:\/\/m.facebook.com\/prefeituradecambe\" \/>\n<meta property=\"article:published_time\" content=\"2025-02-26T19:26:17+00:00\" \/>\n<meta property=\"og:image\" content=\"https:\/\/www.cambe.pr.gov.br\/wp-content\/uploads\/2025\/02\/WhatsApp-Image-2025-02-26-at-09.59.08-1024x819.jpeg\" \/>\n<meta name=\"author\" content=\"Vinicius Augusto Batista Eira\" \/>\n<meta name=\"twitter:card\" content=\"summary_large_image\" \/>\n<meta name=\"twitter:label1\" content=\"Escrito por\" \/>\n\t<meta name=\"twitter:data1\" content=\"Vinicius Augusto Batista Eira\" \/>\n\t<meta name=\"twitter:label2\" content=\"Est. tempo de leitura\" \/>\n\t<meta name=\"twitter:data2\" content=\"4 minutos\" \/>\n<script type=\"application\/ld+json\" class=\"yoast-schema-graph\">{\"@context\":\"https:\\\/\\\/schema.org\",\"@graph\":[{\"@type\":\"Article\",\"@id\":\"https:\\\/\\\/www.cambe.pr.gov.br\\\/index.php\\\/cambe-vai-receber-mais-de-r-100-mil-de-repasse-do-fundo-estadual-do-esporte\\\/#article\",\"isPartOf\":{\"@id\":\"https:\\\/\\\/www.cambe.pr.gov.br\\\/index.php\\\/cambe-vai-receber-mais-de-r-100-mil-de-repasse-do-fundo-estadual-do-esporte\\\/\"},\"author\":{\"name\":\"Vinicius Augusto Batista Eira\",\"@id\":\"https:\\\/\\\/www.cambe.pr.gov.br\\\/#\\\/schema\\\/person\\\/8e3ee69cb2cadf4b9f8377407227effd\"},\"headline\":\"Camb\u00e9 vai receber mais de R$ 100 mil de repasse do Fundo Estadual do Esporte\",\"datePublished\":\"2025-02-26T19:26:17+00:00\",\"mainEntityOfPage\":{\"@id\":\"https:\\\/\\\/www.cambe.pr.gov.br\\\/index.php\\\/cambe-vai-receber-mais-de-r-100-mil-de-repasse-do-fundo-estadual-do-esporte\\\/\"},\"wordCount\":647,\"publisher\":{\"@id\":\"https:\\\/\\\/www.cambe.pr.gov.br\\\/#organization\"},\"image\":{\"@id\":\"https:\\\/\\\/www.cambe.pr.gov.br\\\/index.php\\\/cambe-vai-receber-mais-de-r-100-mil-de-repasse-do-fundo-estadual-do-esporte\\\/#primaryimage\"},\"thumbnailUrl\":\"https:\\\/\\\/www.cambe.pr.gov.br\\\/wp-content\\\/uploads\\\/2025\\\/02\\\/WhatsApp-Image-2025-02-26-at-09.59.08-1024x819.jpeg\",\"articleSection\":[\"Principal\"],\"inLanguage\":\"pt-BR\"},{\"@type\":\"WebPage\",\"@id\":\"https:\\\/\\\/www.cambe.pr.gov.br\\\/index.php\\\/cambe-vai-receber-mais-de-r-100-mil-de-repasse-do-fundo-estadual-do-esporte\\\/\",\"url\":\"https:\\\/\\\/www.cambe.pr.gov.br\\\/index.php\\\/cambe-vai-receber-mais-de-r-100-mil-de-repasse-do-fundo-estadual-do-esporte\\\/\",\"name\":\"Camb\u00e9 vai receber mais de R$ 100 mil de repasse do Fundo Estadual do Esporte - Prefeitura de Camb\u00e9\",\"isPartOf\":{\"@id\":\"https:\\\/\\\/www.cambe.pr.gov.br\\\/#website\"},\"primaryImageOfPage\":{\"@id\":\"https:\\\/\\\/www.cambe.pr.gov.br\\\/index.php\\\/cambe-vai-receber-mais-de-r-100-mil-de-repasse-do-fundo-estadual-do-esporte\\\/#primaryimage\"},\"image\":{\"@id\":\"https:\\\/\\\/www.cambe.pr.gov.br\\\/index.php\\\/cambe-vai-receber-mais-de-r-100-mil-de-repasse-do-fundo-estadual-do-esporte\\\/#primaryimage\"},\"thumbnailUrl\":\"https:\\\/\\\/www.cambe.pr.gov.br\\\/wp-content\\\/uploads\\\/2025\\\/02\\\/WhatsApp-Image-2025-02-26-at-09.59.08-1024x819.jpeg\",\"datePublished\":\"2025-02-26T19:26:17+00:00\",\"breadcrumb\":{\"@id\":\"https:\\\/\\\/www.cambe.pr.gov.br\\\/index.php\\\/cambe-vai-receber-mais-de-r-100-mil-de-repasse-do-fundo-estadual-do-esporte\\\/#breadcrumb\"},\"inLanguage\":\"pt-BR\",\"potentialAction\":[{\"@type\":\"ReadAction\",\"target\":[\"https:\\\/\\\/www.cambe.pr.gov.br\\\/index.php\\\/cambe-vai-receber-mais-de-r-100-mil-de-repasse-do-fundo-estadual-do-esporte\\\/\"]}]},{\"@type\":\"ImageObject\",\"inLanguage\":\"pt-BR\",\"@id\":\"https:\\\/\\\/www.cambe.pr.gov.br\\\/index.php\\\/cambe-vai-receber-mais-de-r-100-mil-de-repasse-do-fundo-estadual-do-esporte\\\/#primaryimage\",\"url\":\"https:\\\/\\\/www.cambe.pr.gov.br\\\/wp-content\\\/uploads\\\/2025\\\/02\\\/WhatsApp-Image-2025-02-26-at-09.59.08-scaled.jpeg\",\"contentUrl\":\"https:\\\/\\\/www.cambe.pr.gov.br\\\/wp-content\\\/uploads\\\/2025\\\/02\\\/WhatsApp-Image-2025-02-26-at-09.59.08-scaled.jpeg\",\"width\":2560,\"height\":2048},{\"@type\":\"BreadcrumbList\",\"@id\":\"https:\\\/\\\/www.cambe.pr.gov.br\\\/index.php\\\/cambe-vai-receber-mais-de-r-100-mil-de-repasse-do-fundo-estadual-do-esporte\\\/#breadcrumb\",\"itemListElement\":[{\"@type\":\"ListItem\",\"position\":1,\"name\":\"In\u00edcio\",\"item\":\"https:\\\/\\\/www.cambe.pr.gov.br\\\/\"},{\"@type\":\"ListItem\",\"position\":2,\"name\":\"Camb\u00e9 vai receber mais de R$ 100 mil de repasse do Fundo Estadual do Esporte\"}]},{\"@type\":\"WebSite\",\"@id\":\"https:\\\/\\\/www.cambe.pr.gov.br\\\/#website\",\"url\":\"https:\\\/\\\/www.cambe.pr.gov.br\\\/\",\"name\":\"Prefeitura de Camb\u00e9\",\"description\":\"UM GOVERNO PARA TODOS\",\"publisher\":{\"@id\":\"https:\\\/\\\/www.cambe.pr.gov.br\\\/#organization\"},\"potentialAction\":[{\"@type\":\"SearchAction\",\"target\":{\"@type\":\"EntryPoint\",\"urlTemplate\":\"https:\\\/\\\/www.cambe.pr.gov.br\\\/?s={search_term_string}\"},\"query-input\":{\"@type\":\"PropertyValueSpecification\",\"valueRequired\":true,\"valueName\":\"search_term_string\"}}],\"inLanguage\":\"pt-BR\"},{\"@type\":\"Organization\",\"@id\":\"https:\\\/\\\/www.cambe.pr.gov.br\\\/#organization\",\"name\":\"Prefeitura de Camb\u00e9\",\"url\":\"https:\\\/\\\/www.cambe.pr.gov.br\\\/\",\"logo\":{\"@type\":\"ImageObject\",\"inLanguage\":\"pt-BR\",\"@id\":\"https:\\\/\\\/www.cambe.pr.gov.br\\\/#\\\/schema\\\/logo\\\/image\\\/\",\"url\":\"https:\\\/\\\/www.cambe.pr.gov.br\\\/wp-content\\\/uploads\\\/2021\\\/01\\\/cropped-cropped-cambe_brazao-icone.png\",\"contentUrl\":\"https:\\\/\\\/www.cambe.pr.gov.br\\\/wp-content\\\/uploads\\\/2021\\\/01\\\/cropped-cropped-cambe_brazao-icone.png\",\"width\":240,\"height\":240,\"caption\":\"Prefeitura de Camb\u00e9\"},\"image\":{\"@id\":\"https:\\\/\\\/www.cambe.pr.gov.br\\\/#\\\/schema\\\/logo\\\/image\\\/\"},\"sameAs\":[\"https:\\\/\\\/m.facebook.com\\\/prefeituradecambe\"]},{\"@type\":\"Person\",\"@id\":\"https:\\\/\\\/www.cambe.pr.gov.br\\\/#\\\/schema\\\/person\\\/8e3ee69cb2cadf4b9f8377407227effd\",\"name\":\"Vinicius Augusto Batista Eira\",\"image\":{\"@type\":\"ImageObject\",\"inLanguage\":\"pt-BR\",\"@id\":\"https:\\\/\\\/secure.gravatar.com\\\/avatar\\\/1ec500de7013b30e1d4d7c8c3978f0e4433c37e5d5e4cd186239369c6440122b?s=96&d=mm&r=g\",\"url\":\"https:\\\/\\\/secure.gravatar.com\\\/avatar\\\/1ec500de7013b30e1d4d7c8c3978f0e4433c37e5d5e4cd186239369c6440122b?s=96&d=mm&r=g\",\"contentUrl\":\"https:\\\/\\\/secure.gravatar.com\\\/avatar\\\/1ec500de7013b30e1d4d7c8c3978f0e4433c37e5d5e4cd186239369c6440122b?s=96&d=mm&r=g\",\"caption\":\"Vinicius Augusto Batista Eira\"},\"url\":\"https:\\\/\\\/www.cambe.pr.gov.br\\\/index.php\\\/author\\\/vabeira\\\/\"}]}<\/script>\n<!-- \/ Yoast SEO plugin. -->","yoast_head_json":{"title":"Camb\u00e9 vai receber mais de R$ 100 mil de repasse do Fundo Estadual do Esporte - Prefeitura de Camb\u00e9","robots":{"index":"index","follow":"follow","max-snippet":"max-snippet:-1","max-image-preview":"max-image-preview:large","max-video-preview":"max-video-preview:-1"},"canonical":"https:\/\/www.cambe.pr.gov.br\/index.php\/cambe-vai-receber-mais-de-r-100-mil-de-repasse-do-fundo-estadual-do-esporte\/","og_locale":"pt_BR","og_type":"article","og_title":"Camb\u00e9 vai receber mais de R$ 100 mil de repasse do Fundo Estadual do Esporte - Prefeitura de Camb\u00e9","og_description":"Gra\u00e7as a organiza\u00e7\u00e3o esportiva e gest\u00e3o eficiente, Camb\u00e9 vai receber R$ 107.208,00 de repasse proveniente do Fundo Estadual do Esporte em 2025. O Governo do Estado promoveu nesta ter\u00e7a-feira (25), em Curitiba, uma capacita\u00e7\u00e3o aos 75 munic\u00edpios que obtiveram o Selo Plus do programa O Esporte que Queremos. E essas cidades que sa\u00edram na frente [&hellip;]","og_url":"https:\/\/www.cambe.pr.gov.br\/index.php\/cambe-vai-receber-mais-de-r-100-mil-de-repasse-do-fundo-estadual-do-esporte\/","og_site_name":"Prefeitura de Camb\u00e9","article_publisher":"https:\/\/m.facebook.com\/prefeituradecambe","article_published_time":"2025-02-26T19:26:17+00:00","og_image":[{"url":"https:\/\/www.cambe.pr.gov.br\/wp-content\/uploads\/2025\/02\/WhatsApp-Image-2025-02-26-at-09.59.08-1024x819.jpeg","type":"","width":"","height":""}],"author":"Vinicius Augusto Batista Eira","twitter_card":"summary_large_image","twitter_misc":{"Escrito por":"Vinicius Augusto Batista Eira","Est. tempo de leitura":"4 minutos"},"schema":{"@context":"https:\/\/schema.org","@graph":[{"@type":"Article","@id":"https:\/\/www.cambe.pr.gov.br\/index.php\/cambe-vai-receber-mais-de-r-100-mil-de-repasse-do-fundo-estadual-do-esporte\/#article","isPartOf":{"@id":"https:\/\/www.cambe.pr.gov.br\/index.php\/cambe-vai-receber-mais-de-r-100-mil-de-repasse-do-fundo-estadual-do-esporte\/"},"author":{"name":"Vinicius Augusto Batista Eira","@id":"https:\/\/www.cambe.pr.gov.br\/#\/schema\/person\/8e3ee69cb2cadf4b9f8377407227effd"},"headline":"Camb\u00e9 vai receber mais de R$ 100 mil de repasse do Fundo Estadual do Esporte","datePublished":"2025-02-26T19:26:17+00:00","mainEntityOfPage":{"@id":"https:\/\/www.cambe.pr.gov.br\/index.php\/cambe-vai-receber-mais-de-r-100-mil-de-repasse-do-fundo-estadual-do-esporte\/"},"wordCount":647,"publisher":{"@id":"https:\/\/www.cambe.pr.gov.br\/#organization"},"image":{"@id":"https:\/\/www.cambe.pr.gov.br\/index.php\/cambe-vai-receber-mais-de-r-100-mil-de-repasse-do-fundo-estadual-do-esporte\/#primaryimage"},"thumbnailUrl":"https:\/\/www.cambe.pr.gov.br\/wp-content\/uploads\/2025\/02\/WhatsApp-Image-2025-02-26-at-09.59.08-1024x819.jpeg","articleSection":["Principal"],"inLanguage":"pt-BR"},{"@type":"WebPage","@id":"https:\/\/www.cambe.pr.gov.br\/index.php\/cambe-vai-receber-mais-de-r-100-mil-de-repasse-do-fundo-estadual-do-esporte\/","url":"https:\/\/www.cambe.pr.gov.br\/index.php\/cambe-vai-receber-mais-de-r-100-mil-de-repasse-do-fundo-estadual-do-esporte\/","name":"Camb\u00e9 vai receber mais de R$ 100 mil de repasse do Fundo Estadual do Esporte - Prefeitura de Camb\u00e9","isPartOf":{"@id":"https:\/\/www.cambe.pr.gov.br\/#website"},"primaryImageOfPage":{"@id":"https:\/\/www.cambe.pr.gov.br\/index.php\/cambe-vai-receber-mais-de-r-100-mil-de-repasse-do-fundo-estadual-do-esporte\/#primaryimage"},"image":{"@id":"https:\/\/www.cambe.pr.gov.br\/index.php\/cambe-vai-receber-mais-de-r-100-mil-de-repasse-do-fundo-estadual-do-esporte\/#primaryimage"},"thumbnailUrl":"https:\/\/www.cambe.pr.gov.br\/wp-content\/uploads\/2025\/02\/WhatsApp-Image-2025-02-26-at-09.59.08-1024x819.jpeg","datePublished":"2025-02-26T19:26:17+00:00","breadcrumb":{"@id":"https:\/\/www.cambe.pr.gov.br\/index.php\/cambe-vai-receber-mais-de-r-100-mil-de-repasse-do-fundo-estadual-do-esporte\/#breadcrumb"},"inLanguage":"pt-BR","potentialAction":[{"@type":"ReadAction","target":["https:\/\/www.cambe.pr.gov.br\/index.php\/cambe-vai-receber-mais-de-r-100-mil-de-repasse-do-fundo-estadual-do-esporte\/"]}]},{"@type":"ImageObject","inLanguage":"pt-BR","@id":"https:\/\/www.cambe.pr.gov.br\/index.php\/cambe-vai-receber-mais-de-r-100-mil-de-repasse-do-fundo-estadual-do-esporte\/#primaryimage","url":"https:\/\/www.cambe.pr.gov.br\/wp-content\/uploads\/2025\/02\/WhatsApp-Image-2025-02-26-at-09.59.08-scaled.jpeg","contentUrl":"https:\/\/www.cambe.pr.gov.br\/wp-content\/uploads\/2025\/02\/WhatsApp-Image-2025-02-26-at-09.59.08-scaled.jpeg","width":2560,"height":2048},{"@type":"BreadcrumbList","@id":"https:\/\/www.cambe.pr.gov.br\/index.php\/cambe-vai-receber-mais-de-r-100-mil-de-repasse-do-fundo-estadual-do-esporte\/#breadcrumb","itemListElement":[{"@type":"ListItem","position":1,"name":"In\u00edcio","item":"https:\/\/www.cambe.pr.gov.br\/"},{"@type":"ListItem","position":2,"name":"Camb\u00e9 vai receber mais de R$ 100 mil de repasse do Fundo Estadual do Esporte"}]},{"@type":"WebSite","@id":"https:\/\/www.cambe.pr.gov.br\/#website","url":"https:\/\/www.cambe.pr.gov.br\/","name":"Prefeitura de Camb\u00e9","description":"UM GOVERNO PARA TODOS","publisher":{"@id":"https:\/\/www.cambe.pr.gov.br\/#organization"},"potentialAction":[{"@type":"SearchAction","target":{"@type":"EntryPoint","urlTemplate":"https:\/\/www.cambe.pr.gov.br\/?s={search_term_string}"},"query-input":{"@type":"PropertyValueSpecification","valueRequired":true,"valueName":"search_term_string"}}],"inLanguage":"pt-BR"},{"@type":"Organization","@id":"https:\/\/www.cambe.pr.gov.br\/#organization","name":"Prefeitura de Camb\u00e9","url":"https:\/\/www.cambe.pr.gov.br\/","logo":{"@type":"ImageObject","inLanguage":"pt-BR","@id":"https:\/\/www.cambe.pr.gov.br\/#\/schema\/logo\/image\/","url":"https:\/\/www.cambe.pr.gov.br\/wp-content\/uploads\/2021\/01\/cropped-cropped-cambe_brazao-icone.png","contentUrl":"https:\/\/www.cambe.pr.gov.br\/wp-content\/uploads\/2021\/01\/cropped-cropped-cambe_brazao-icone.png","width":240,"height":240,"caption":"Prefeitura de Camb\u00e9"},"image":{"@id":"https:\/\/www.cambe.pr.gov.br\/#\/schema\/logo\/image\/"},"sameAs":["https:\/\/m.facebook.com\/prefeituradecambe"]},{"@type":"Person","@id":"https:\/\/www.cambe.pr.gov.br\/#\/schema\/person\/8e3ee69cb2cadf4b9f8377407227effd","name":"Vinicius Augusto Batista Eira","image":{"@type":"ImageObject","inLanguage":"pt-BR","@id":"https:\/\/secure.gravatar.com\/avatar\/1ec500de7013b30e1d4d7c8c3978f0e4433c37e5d5e4cd186239369c6440122b?s=96&d=mm&r=g","url":"https:\/\/secure.gravatar.com\/avatar\/1ec500de7013b30e1d4d7c8c3978f0e4433c37e5d5e4cd186239369c6440122b?s=96&d=mm&r=g","contentUrl":"https:\/\/secure.gravatar.com\/avatar\/1ec500de7013b30e1d4d7c8c3978f0e4433c37e5d5e4cd186239369c6440122b?s=96&d=mm&r=g","caption":"Vinicius Augusto Batista Eira"},"url":"https:\/\/www.cambe.pr.gov.br\/index.php\/author\/vabeira\/"}]}},"_links":{"self":[{"href":"https:\/\/www.cambe.pr.gov.br\/index.php\/wp-json\/wp\/v2\/posts\/16211","targetHints":{"allow":["GET"]}}],"collection":[{"href":"https:\/\/www.cambe.pr.gov.br\/index.php\/wp-json\/wp\/v2\/posts"}],"about":[{"href":"https:\/\/www.cambe.pr.gov.br\/index.php\/wp-json\/wp\/v2\/types\/post"}],"author":[{"embeddable":true,"href":"https:\/\/www.cambe.pr.gov.br\/index.php\/wp-json\/wp\/v2\/users\/16"}],"replies":[{"embeddable":true,"href":"https:\/\/www.cambe.pr.gov.br\/index.php\/wp-json\/wp\/v2\/comments?post=16211"}],"version-history":[{"count":1,"href":"https:\/\/www.cambe.pr.gov.br\/index.php\/wp-json\/wp\/v2\/posts\/16211\/revisions"}],"predecessor-version":[{"id":16213,"href":"https:\/\/www.cambe.pr.gov.br\/index.php\/wp-json\/wp\/v2\/posts\/16211\/revisions\/16213"}],"wp:attachment":[{"href":"https:\/\/www.cambe.pr.gov.br\/index.php\/wp-json\/wp\/v2\/media?parent=16211"}],"wp:term":[{"taxonomy":"category","embeddable":true,"href":"https:\/\/www.cambe.pr.gov.br\/index.php\/wp-json\/wp\/v2\/categories?post=16211"},{"taxonomy":"post_tag","embeddable":true,"href":"https:\/\/www.cambe.pr.gov.br\/index.php\/wp-json\/wp\/v2\/tags?post=16211"}],"curies":[{"name":"wp","href":"https:\/\/api.w.org\/{rel}","templated":true}]}}