{"id":16183,"date":"2025-02-24T16:45:38","date_gmt":"2025-02-24T19:45:38","guid":{"rendered":"https:\/\/www.cambe.pr.gov.br\/?p=16183"},"modified":"2025-02-25T10:40:36","modified_gmt":"2025-02-25T13:40:36","slug":"atleta-de-cambe-garante-vaga-na-selecao-brasileira-de-taekwondo","status":"publish","type":"post","link":"https:\/\/www.cambe.pr.gov.br\/index.php\/atleta-de-cambe-garante-vaga-na-selecao-brasileira-de-taekwondo\/","title":{"rendered":"Atleta de Camb\u00e9 garante vaga na sele\u00e7\u00e3o brasileira de taekwondo"},"content":{"rendered":"<p style=\"text-align: justify;\"><span style=\"font-weight: 400; font-family: arial, helvetica, sans-serif;\"><img fetchpriority=\"high\" decoding=\"async\" class=\"alignleft wp-image-16184 size-full\" src=\"https:\/\/www.cambe.pr.gov.br\/wp-content\/uploads\/2025\/02\/WhatsApp-Image-2025-02-24-at-10.15.07-e1740426321211.jpeg\" alt=\"\" width=\"600\" height=\"400\" \/>No \u00faltimo fim de semana, o Rio de Janeiro foi sede do campeonato Grand Slam de Taekwondo 2025, a seletiva para a sele\u00e7\u00e3o brasileira da modalidade no ano. Ao todo, participaram os oito melhores atletas de cada categoria em 2024, mais os campe\u00f5es da seletiva aberta. Com apoio da Secretaria Municipal de Esportes e Lazer, Camb\u00e9 teve cinco representantes e um convocado para a sele\u00e7\u00e3o brasileira, destacando ainda mais o munic\u00edpio como refer\u00eancia na modalidade.<\/span><\/p>\n<p style=\"text-align: justify;\"><span style=\"font-weight: 400; font-family: arial, helvetica, sans-serif;\">David de Souza de Oliveira \u00e9 3\u00b0 no ranking nacional, competiu na categoria Master 1 &#8211; Faixa Preta &#8211; at\u00e9 87 kg, venceu duas lutas, foi campe\u00e3o da categoria e obteve a vaga de titular da sele\u00e7\u00e3o brasileira. O atleta \u00e9 professor &#8211; 2\u00b0 Dan, da academia Souza Taekwondo &#8211; Taekwondo Camb\u00e9; e tamb\u00e9m aluno do Ms Daniel Mizokami &#8211; 5\u00b0 Dan.<\/span><\/p>\n<p style=\"text-align: justify;\"><span style=\"font-family: arial, helvetica, sans-serif;\">O atleta ressaltou que o Grand Slam \u00e9 sonho de todos querem um dia fazer parte da sele\u00e7\u00e3o brasileira, e que chegar nesse ponto da carreira \u00e9 uma grande alegria. &#8220;Iniciei minha trajet\u00f3ria no Taekwondo j\u00e1 adulto, com o Ms. Daniel, inicialmente de n\u00edvel municipal e estadual. E hoje poder dizer que cheguei a t\u00e3o sonhada Sele\u00e7\u00e3o Brasileira, com base no resultado deste campeonato. Sinceramente, n\u00e3o sei explicar o sentimento que sinto. Pude estar com os melhores, dividir tatame. \u00c9 uma sensa\u00e7\u00e3o de estima, e uma mescla de trabalho conclu\u00eddo com felicidade. E n\u00e3o s\u00f3 por ganhar, ou atingir mais um sonho, mas poder mostrar para meus filhos e alunos que \u00e9 poss\u00edvel. Basta acreditar no seu potencial. Como cito em todas as postagens que envolvem meus resultados, agrade\u00e7o a Deus, a minha fam\u00edlia, todos que acreditaram em mim, o Ms. Daniel Mizokami, alunos, familiares e meus apoiadores. E aqui em destaque a Secretaria de Esportes, que colabora com o que pode para que eu possa representar minha cidade, o Paran\u00e1, e agora o Brasil&#8221;, expressou Daniel.\u00a0<\/span><\/p>\n<div id=\"attachment_16209\" style=\"width: 620px\" class=\"wp-caption alignleft\"><img decoding=\"async\" aria-describedby=\"caption-attachment-16209\" class=\"size-large wp-image-16209\" src=\"https:\/\/www.cambe.pr.gov.br\/wp-content\/uploads\/2025\/02\/WhatsApp-Image-2025-02-24-at-10.15.03-1024x819.jpeg\" alt=\"\" width=\"610\" height=\"488\" srcset=\"https:\/\/www.cambe.pr.gov.br\/wp-content\/uploads\/2025\/02\/WhatsApp-Image-2025-02-24-at-10.15.03-1024x819.jpeg 1024w, https:\/\/www.cambe.pr.gov.br\/wp-content\/uploads\/2025\/02\/WhatsApp-Image-2025-02-24-at-10.15.03-300x240.jpeg 300w, https:\/\/www.cambe.pr.gov.br\/wp-content\/uploads\/2025\/02\/WhatsApp-Image-2025-02-24-at-10.15.03-768x614.jpeg 768w, https:\/\/www.cambe.pr.gov.br\/wp-content\/uploads\/2025\/02\/WhatsApp-Image-2025-02-24-at-10.15.03.jpeg 1200w\" sizes=\"(max-width: 610px) 100vw, 610px\" \/><p id=\"caption-attachment-16209\" class=\"wp-caption-text\">Daniel de Souza de Oliveira foi campe\u00e3o da categoria Master 1 \u2013 Faixa Preta \u2013 at\u00e9 87 kg e conquistou vaga para a sele\u00e7\u00e3o<\/p><\/div>\n<p style=\"text-align: justify;\"><span style=\"font-weight: 400; font-family: arial, helvetica, sans-serif;\">Tamb\u00e9m representaram Camb\u00e9 no Grand Slam: Leandro Felisberto Rodrigues, 1\u00b0 do ranking nacional, competiu na categoria Master 1 &#8211; Faixa Preta &#8211; at\u00e9 80 kg, ficando com o segundo lugar e garantindo a vaga de reserva da sele\u00e7\u00e3o brasileira na categoria; Rafaela Lare Gaspar, 4\u00aa do ranking nacional, que competiu na categoria Juvenil &#8211; Faixa Preta\u00a0 &#8211; 52 kg, sendo campe\u00e3o da seletiva aberta e ficando em 5\u00b0 lugar na competi\u00e7\u00e3o principal; Lucas Gaspar Celestino, 9\u00b0 do ranking nacional, que competindo na categoria Juvenil &#8211; Faixa Preta\u00a0 &#8211; 54 kg, ficando em 5\u00b0 lugar na seletiva aberta; e Adalto Fernando Junior, que competiu na categoria Juvenil &#8211; Faixa Preta\u00a0 &#8211; 68kg, e ficou em 5\u00b0 lugar na seletiva aberta.<\/span><\/p>\n<p style=\"text-align: justify;\"><span style=\"font-weight: 400; font-family: arial, helvetica, sans-serif;\">\u201cParabenizamos nossos atletas que est\u00e3o a cada ano se superando e voando mais longe. O campeonato Grande Slan \u00e9 o mais importante de Taekwondo do Brasil, e temos a honra de ter o nosso atleta David conquistando uma vaga na sele\u00e7\u00e3o brasileira. Essas conquistas muito nos honra e alegra e leva o nome de Camb\u00e9 cada vez mais longe\u201d, ressaltou a secret\u00e1ria municipal de Esportes e Lazer, Telma Gamba.<\/span><\/p>\n","protected":false},"excerpt":{"rendered":"<p>No \u00faltimo fim de semana, o Rio de Janeiro foi sede do campeonato Grand Slam de Taekwondo 2025, a seletiva para a sele\u00e7\u00e3o brasileira da modalidade no ano. Ao todo, participaram os oito melhores atletas de cada categoria em 2024, mais os campe\u00f5es da seletiva aberta. Com apoio da Secretaria Municipal de Esportes e Lazer, [&hellip;]<\/p>\n","protected":false},"author":16,"featured_media":0,"comment_status":"closed","ping_status":"closed","sticky":false,"template":"","format":"standard","meta":{"ngg_post_thumbnail":0,"footnotes":""},"categories":[1],"tags":[],"class_list":["post-16183","post","type-post","status-publish","format-standard","hentry","category-principal"],"yoast_head":"<!-- This site is optimized with the Yoast SEO plugin v27.4 - https:\/\/yoast.com\/product\/yoast-seo-wordpress\/ -->\n<title>Atleta de Camb\u00e9 garante vaga na sele\u00e7\u00e3o brasileira de taekwondo - Prefeitura de Camb\u00e9<\/title>\n<meta name=\"robots\" content=\"index, follow, max-snippet:-1, max-image-preview:large, max-video-preview:-1\" \/>\n<link rel=\"canonical\" href=\"https:\/\/www.cambe.pr.gov.br\/index.php\/atleta-de-cambe-garante-vaga-na-selecao-brasileira-de-taekwondo\/\" \/>\n<meta property=\"og:locale\" content=\"pt_BR\" \/>\n<meta property=\"og:type\" content=\"article\" \/>\n<meta property=\"og:title\" content=\"Atleta de Camb\u00e9 garante vaga na sele\u00e7\u00e3o brasileira de taekwondo - Prefeitura de Camb\u00e9\" \/>\n<meta property=\"og:description\" content=\"No \u00faltimo fim de semana, o Rio de Janeiro foi sede do campeonato Grand Slam de Taekwondo 2025, a seletiva para a sele\u00e7\u00e3o brasileira da modalidade no ano. Ao todo, participaram os oito melhores atletas de cada categoria em 2024, mais os campe\u00f5es da seletiva aberta. Com apoio da Secretaria Municipal de Esportes e Lazer, [&hellip;]\" \/>\n<meta property=\"og:url\" content=\"https:\/\/www.cambe.pr.gov.br\/index.php\/atleta-de-cambe-garante-vaga-na-selecao-brasileira-de-taekwondo\/\" \/>\n<meta property=\"og:site_name\" content=\"Prefeitura de Camb\u00e9\" \/>\n<meta property=\"article:publisher\" content=\"https:\/\/m.facebook.com\/prefeituradecambe\" \/>\n<meta property=\"article:published_time\" content=\"2025-02-24T19:45:38+00:00\" \/>\n<meta property=\"article:modified_time\" content=\"2025-02-25T13:40:36+00:00\" \/>\n<meta property=\"og:image\" content=\"https:\/\/www.cambe.pr.gov.br\/wp-content\/uploads\/2025\/02\/WhatsApp-Image-2025-02-24-at-10.15.07-e1740426321211.jpeg\" \/>\n<meta name=\"author\" content=\"Vinicius Augusto Batista Eira\" \/>\n<meta name=\"twitter:card\" content=\"summary_large_image\" \/>\n<meta name=\"twitter:label1\" content=\"Escrito por\" \/>\n\t<meta name=\"twitter:data1\" content=\"Vinicius Augusto Batista Eira\" \/>\n\t<meta name=\"twitter:label2\" content=\"Est. tempo de leitura\" \/>\n\t<meta name=\"twitter:data2\" content=\"4 minutos\" \/>\n<script type=\"application\/ld+json\" class=\"yoast-schema-graph\">{\"@context\":\"https:\\\/\\\/schema.org\",\"@graph\":[{\"@type\":\"Article\",\"@id\":\"https:\\\/\\\/www.cambe.pr.gov.br\\\/index.php\\\/atleta-de-cambe-garante-vaga-na-selecao-brasileira-de-taekwondo\\\/#article\",\"isPartOf\":{\"@id\":\"https:\\\/\\\/www.cambe.pr.gov.br\\\/index.php\\\/atleta-de-cambe-garante-vaga-na-selecao-brasileira-de-taekwondo\\\/\"},\"author\":{\"name\":\"Vinicius Augusto Batista Eira\",\"@id\":\"https:\\\/\\\/www.cambe.pr.gov.br\\\/#\\\/schema\\\/person\\\/8e3ee69cb2cadf4b9f8377407227effd\"},\"headline\":\"Atleta de Camb\u00e9 garante vaga na sele\u00e7\u00e3o brasileira de taekwondo\",\"datePublished\":\"2025-02-24T19:45:38+00:00\",\"dateModified\":\"2025-02-25T13:40:36+00:00\",\"mainEntityOfPage\":{\"@id\":\"https:\\\/\\\/www.cambe.pr.gov.br\\\/index.php\\\/atleta-de-cambe-garante-vaga-na-selecao-brasileira-de-taekwondo\\\/\"},\"wordCount\":545,\"publisher\":{\"@id\":\"https:\\\/\\\/www.cambe.pr.gov.br\\\/#organization\"},\"image\":{\"@id\":\"https:\\\/\\\/www.cambe.pr.gov.br\\\/index.php\\\/atleta-de-cambe-garante-vaga-na-selecao-brasileira-de-taekwondo\\\/#primaryimage\"},\"thumbnailUrl\":\"https:\\\/\\\/www.cambe.pr.gov.br\\\/wp-content\\\/uploads\\\/2025\\\/02\\\/WhatsApp-Image-2025-02-24-at-10.15.07-e1740426321211.jpeg\",\"articleSection\":[\"Principal\"],\"inLanguage\":\"pt-BR\"},{\"@type\":\"WebPage\",\"@id\":\"https:\\\/\\\/www.cambe.pr.gov.br\\\/index.php\\\/atleta-de-cambe-garante-vaga-na-selecao-brasileira-de-taekwondo\\\/\",\"url\":\"https:\\\/\\\/www.cambe.pr.gov.br\\\/index.php\\\/atleta-de-cambe-garante-vaga-na-selecao-brasileira-de-taekwondo\\\/\",\"name\":\"Atleta de Camb\u00e9 garante vaga na sele\u00e7\u00e3o brasileira de taekwondo - Prefeitura de Camb\u00e9\",\"isPartOf\":{\"@id\":\"https:\\\/\\\/www.cambe.pr.gov.br\\\/#website\"},\"primaryImageOfPage\":{\"@id\":\"https:\\\/\\\/www.cambe.pr.gov.br\\\/index.php\\\/atleta-de-cambe-garante-vaga-na-selecao-brasileira-de-taekwondo\\\/#primaryimage\"},\"image\":{\"@id\":\"https:\\\/\\\/www.cambe.pr.gov.br\\\/index.php\\\/atleta-de-cambe-garante-vaga-na-selecao-brasileira-de-taekwondo\\\/#primaryimage\"},\"thumbnailUrl\":\"https:\\\/\\\/www.cambe.pr.gov.br\\\/wp-content\\\/uploads\\\/2025\\\/02\\\/WhatsApp-Image-2025-02-24-at-10.15.07-e1740426321211.jpeg\",\"datePublished\":\"2025-02-24T19:45:38+00:00\",\"dateModified\":\"2025-02-25T13:40:36+00:00\",\"breadcrumb\":{\"@id\":\"https:\\\/\\\/www.cambe.pr.gov.br\\\/index.php\\\/atleta-de-cambe-garante-vaga-na-selecao-brasileira-de-taekwondo\\\/#breadcrumb\"},\"inLanguage\":\"pt-BR\",\"potentialAction\":[{\"@type\":\"ReadAction\",\"target\":[\"https:\\\/\\\/www.cambe.pr.gov.br\\\/index.php\\\/atleta-de-cambe-garante-vaga-na-selecao-brasileira-de-taekwondo\\\/\"]}]},{\"@type\":\"ImageObject\",\"inLanguage\":\"pt-BR\",\"@id\":\"https:\\\/\\\/www.cambe.pr.gov.br\\\/index.php\\\/atleta-de-cambe-garante-vaga-na-selecao-brasileira-de-taekwondo\\\/#primaryimage\",\"url\":\"https:\\\/\\\/www.cambe.pr.gov.br\\\/wp-content\\\/uploads\\\/2025\\\/02\\\/WhatsApp-Image-2025-02-24-at-10.15.07-e1740426321211.jpeg\",\"contentUrl\":\"https:\\\/\\\/www.cambe.pr.gov.br\\\/wp-content\\\/uploads\\\/2025\\\/02\\\/WhatsApp-Image-2025-02-24-at-10.15.07-e1740426321211.jpeg\",\"width\":600,\"height\":400},{\"@type\":\"BreadcrumbList\",\"@id\":\"https:\\\/\\\/www.cambe.pr.gov.br\\\/index.php\\\/atleta-de-cambe-garante-vaga-na-selecao-brasileira-de-taekwondo\\\/#breadcrumb\",\"itemListElement\":[{\"@type\":\"ListItem\",\"position\":1,\"name\":\"In\u00edcio\",\"item\":\"https:\\\/\\\/www.cambe.pr.gov.br\\\/\"},{\"@type\":\"ListItem\",\"position\":2,\"name\":\"Atleta de Camb\u00e9 garante vaga na sele\u00e7\u00e3o brasileira de taekwondo\"}]},{\"@type\":\"WebSite\",\"@id\":\"https:\\\/\\\/www.cambe.pr.gov.br\\\/#website\",\"url\":\"https:\\\/\\\/www.cambe.pr.gov.br\\\/\",\"name\":\"Prefeitura de Camb\u00e9\",\"description\":\"UM GOVERNO PARA TODOS\",\"publisher\":{\"@id\":\"https:\\\/\\\/www.cambe.pr.gov.br\\\/#organization\"},\"potentialAction\":[{\"@type\":\"SearchAction\",\"target\":{\"@type\":\"EntryPoint\",\"urlTemplate\":\"https:\\\/\\\/www.cambe.pr.gov.br\\\/?s={search_term_string}\"},\"query-input\":{\"@type\":\"PropertyValueSpecification\",\"valueRequired\":true,\"valueName\":\"search_term_string\"}}],\"inLanguage\":\"pt-BR\"},{\"@type\":\"Organization\",\"@id\":\"https:\\\/\\\/www.cambe.pr.gov.br\\\/#organization\",\"name\":\"Prefeitura de Camb\u00e9\",\"url\":\"https:\\\/\\\/www.cambe.pr.gov.br\\\/\",\"logo\":{\"@type\":\"ImageObject\",\"inLanguage\":\"pt-BR\",\"@id\":\"https:\\\/\\\/www.cambe.pr.gov.br\\\/#\\\/schema\\\/logo\\\/image\\\/\",\"url\":\"https:\\\/\\\/www.cambe.pr.gov.br\\\/wp-content\\\/uploads\\\/2021\\\/01\\\/cropped-cropped-cambe_brazao-icone.png\",\"contentUrl\":\"https:\\\/\\\/www.cambe.pr.gov.br\\\/wp-content\\\/uploads\\\/2021\\\/01\\\/cropped-cropped-cambe_brazao-icone.png\",\"width\":240,\"height\":240,\"caption\":\"Prefeitura de Camb\u00e9\"},\"image\":{\"@id\":\"https:\\\/\\\/www.cambe.pr.gov.br\\\/#\\\/schema\\\/logo\\\/image\\\/\"},\"sameAs\":[\"https:\\\/\\\/m.facebook.com\\\/prefeituradecambe\"]},{\"@type\":\"Person\",\"@id\":\"https:\\\/\\\/www.cambe.pr.gov.br\\\/#\\\/schema\\\/person\\\/8e3ee69cb2cadf4b9f8377407227effd\",\"name\":\"Vinicius Augusto Batista Eira\",\"image\":{\"@type\":\"ImageObject\",\"inLanguage\":\"pt-BR\",\"@id\":\"https:\\\/\\\/secure.gravatar.com\\\/avatar\\\/1ec500de7013b30e1d4d7c8c3978f0e4433c37e5d5e4cd186239369c6440122b?s=96&d=mm&r=g\",\"url\":\"https:\\\/\\\/secure.gravatar.com\\\/avatar\\\/1ec500de7013b30e1d4d7c8c3978f0e4433c37e5d5e4cd186239369c6440122b?s=96&d=mm&r=g\",\"contentUrl\":\"https:\\\/\\\/secure.gravatar.com\\\/avatar\\\/1ec500de7013b30e1d4d7c8c3978f0e4433c37e5d5e4cd186239369c6440122b?s=96&d=mm&r=g\",\"caption\":\"Vinicius Augusto Batista Eira\"},\"url\":\"https:\\\/\\\/www.cambe.pr.gov.br\\\/index.php\\\/author\\\/vabeira\\\/\"}]}<\/script>\n<!-- \/ Yoast SEO plugin. -->","yoast_head_json":{"title":"Atleta de Camb\u00e9 garante vaga na sele\u00e7\u00e3o brasileira de taekwondo - Prefeitura de Camb\u00e9","robots":{"index":"index","follow":"follow","max-snippet":"max-snippet:-1","max-image-preview":"max-image-preview:large","max-video-preview":"max-video-preview:-1"},"canonical":"https:\/\/www.cambe.pr.gov.br\/index.php\/atleta-de-cambe-garante-vaga-na-selecao-brasileira-de-taekwondo\/","og_locale":"pt_BR","og_type":"article","og_title":"Atleta de Camb\u00e9 garante vaga na sele\u00e7\u00e3o brasileira de taekwondo - Prefeitura de Camb\u00e9","og_description":"No \u00faltimo fim de semana, o Rio de Janeiro foi sede do campeonato Grand Slam de Taekwondo 2025, a seletiva para a sele\u00e7\u00e3o brasileira da modalidade no ano. Ao todo, participaram os oito melhores atletas de cada categoria em 2024, mais os campe\u00f5es da seletiva aberta. Com apoio da Secretaria Municipal de Esportes e Lazer, [&hellip;]","og_url":"https:\/\/www.cambe.pr.gov.br\/index.php\/atleta-de-cambe-garante-vaga-na-selecao-brasileira-de-taekwondo\/","og_site_name":"Prefeitura de Camb\u00e9","article_publisher":"https:\/\/m.facebook.com\/prefeituradecambe","article_published_time":"2025-02-24T19:45:38+00:00","article_modified_time":"2025-02-25T13:40:36+00:00","og_image":[{"url":"https:\/\/www.cambe.pr.gov.br\/wp-content\/uploads\/2025\/02\/WhatsApp-Image-2025-02-24-at-10.15.07-e1740426321211.jpeg","type":"","width":"","height":""}],"author":"Vinicius Augusto Batista Eira","twitter_card":"summary_large_image","twitter_misc":{"Escrito por":"Vinicius Augusto Batista Eira","Est. tempo de leitura":"4 minutos"},"schema":{"@context":"https:\/\/schema.org","@graph":[{"@type":"Article","@id":"https:\/\/www.cambe.pr.gov.br\/index.php\/atleta-de-cambe-garante-vaga-na-selecao-brasileira-de-taekwondo\/#article","isPartOf":{"@id":"https:\/\/www.cambe.pr.gov.br\/index.php\/atleta-de-cambe-garante-vaga-na-selecao-brasileira-de-taekwondo\/"},"author":{"name":"Vinicius Augusto Batista Eira","@id":"https:\/\/www.cambe.pr.gov.br\/#\/schema\/person\/8e3ee69cb2cadf4b9f8377407227effd"},"headline":"Atleta de Camb\u00e9 garante vaga na sele\u00e7\u00e3o brasileira de taekwondo","datePublished":"2025-02-24T19:45:38+00:00","dateModified":"2025-02-25T13:40:36+00:00","mainEntityOfPage":{"@id":"https:\/\/www.cambe.pr.gov.br\/index.php\/atleta-de-cambe-garante-vaga-na-selecao-brasileira-de-taekwondo\/"},"wordCount":545,"publisher":{"@id":"https:\/\/www.cambe.pr.gov.br\/#organization"},"image":{"@id":"https:\/\/www.cambe.pr.gov.br\/index.php\/atleta-de-cambe-garante-vaga-na-selecao-brasileira-de-taekwondo\/#primaryimage"},"thumbnailUrl":"https:\/\/www.cambe.pr.gov.br\/wp-content\/uploads\/2025\/02\/WhatsApp-Image-2025-02-24-at-10.15.07-e1740426321211.jpeg","articleSection":["Principal"],"inLanguage":"pt-BR"},{"@type":"WebPage","@id":"https:\/\/www.cambe.pr.gov.br\/index.php\/atleta-de-cambe-garante-vaga-na-selecao-brasileira-de-taekwondo\/","url":"https:\/\/www.cambe.pr.gov.br\/index.php\/atleta-de-cambe-garante-vaga-na-selecao-brasileira-de-taekwondo\/","name":"Atleta de Camb\u00e9 garante vaga na sele\u00e7\u00e3o brasileira de taekwondo - Prefeitura de Camb\u00e9","isPartOf":{"@id":"https:\/\/www.cambe.pr.gov.br\/#website"},"primaryImageOfPage":{"@id":"https:\/\/www.cambe.pr.gov.br\/index.php\/atleta-de-cambe-garante-vaga-na-selecao-brasileira-de-taekwondo\/#primaryimage"},"image":{"@id":"https:\/\/www.cambe.pr.gov.br\/index.php\/atleta-de-cambe-garante-vaga-na-selecao-brasileira-de-taekwondo\/#primaryimage"},"thumbnailUrl":"https:\/\/www.cambe.pr.gov.br\/wp-content\/uploads\/2025\/02\/WhatsApp-Image-2025-02-24-at-10.15.07-e1740426321211.jpeg","datePublished":"2025-02-24T19:45:38+00:00","dateModified":"2025-02-25T13:40:36+00:00","breadcrumb":{"@id":"https:\/\/www.cambe.pr.gov.br\/index.php\/atleta-de-cambe-garante-vaga-na-selecao-brasileira-de-taekwondo\/#breadcrumb"},"inLanguage":"pt-BR","potentialAction":[{"@type":"ReadAction","target":["https:\/\/www.cambe.pr.gov.br\/index.php\/atleta-de-cambe-garante-vaga-na-selecao-brasileira-de-taekwondo\/"]}]},{"@type":"ImageObject","inLanguage":"pt-BR","@id":"https:\/\/www.cambe.pr.gov.br\/index.php\/atleta-de-cambe-garante-vaga-na-selecao-brasileira-de-taekwondo\/#primaryimage","url":"https:\/\/www.cambe.pr.gov.br\/wp-content\/uploads\/2025\/02\/WhatsApp-Image-2025-02-24-at-10.15.07-e1740426321211.jpeg","contentUrl":"https:\/\/www.cambe.pr.gov.br\/wp-content\/uploads\/2025\/02\/WhatsApp-Image-2025-02-24-at-10.15.07-e1740426321211.jpeg","width":600,"height":400},{"@type":"BreadcrumbList","@id":"https:\/\/www.cambe.pr.gov.br\/index.php\/atleta-de-cambe-garante-vaga-na-selecao-brasileira-de-taekwondo\/#breadcrumb","itemListElement":[{"@type":"ListItem","position":1,"name":"In\u00edcio","item":"https:\/\/www.cambe.pr.gov.br\/"},{"@type":"ListItem","position":2,"name":"Atleta de Camb\u00e9 garante vaga na sele\u00e7\u00e3o brasileira de taekwondo"}]},{"@type":"WebSite","@id":"https:\/\/www.cambe.pr.gov.br\/#website","url":"https:\/\/www.cambe.pr.gov.br\/","name":"Prefeitura de Camb\u00e9","description":"UM GOVERNO PARA TODOS","publisher":{"@id":"https:\/\/www.cambe.pr.gov.br\/#organization"},"potentialAction":[{"@type":"SearchAction","target":{"@type":"EntryPoint","urlTemplate":"https:\/\/www.cambe.pr.gov.br\/?s={search_term_string}"},"query-input":{"@type":"PropertyValueSpecification","valueRequired":true,"valueName":"search_term_string"}}],"inLanguage":"pt-BR"},{"@type":"Organization","@id":"https:\/\/www.cambe.pr.gov.br\/#organization","name":"Prefeitura de Camb\u00e9","url":"https:\/\/www.cambe.pr.gov.br\/","logo":{"@type":"ImageObject","inLanguage":"pt-BR","@id":"https:\/\/www.cambe.pr.gov.br\/#\/schema\/logo\/image\/","url":"https:\/\/www.cambe.pr.gov.br\/wp-content\/uploads\/2021\/01\/cropped-cropped-cambe_brazao-icone.png","contentUrl":"https:\/\/www.cambe.pr.gov.br\/wp-content\/uploads\/2021\/01\/cropped-cropped-cambe_brazao-icone.png","width":240,"height":240,"caption":"Prefeitura de Camb\u00e9"},"image":{"@id":"https:\/\/www.cambe.pr.gov.br\/#\/schema\/logo\/image\/"},"sameAs":["https:\/\/m.facebook.com\/prefeituradecambe"]},{"@type":"Person","@id":"https:\/\/www.cambe.pr.gov.br\/#\/schema\/person\/8e3ee69cb2cadf4b9f8377407227effd","name":"Vinicius Augusto Batista Eira","image":{"@type":"ImageObject","inLanguage":"pt-BR","@id":"https:\/\/secure.gravatar.com\/avatar\/1ec500de7013b30e1d4d7c8c3978f0e4433c37e5d5e4cd186239369c6440122b?s=96&d=mm&r=g","url":"https:\/\/secure.gravatar.com\/avatar\/1ec500de7013b30e1d4d7c8c3978f0e4433c37e5d5e4cd186239369c6440122b?s=96&d=mm&r=g","contentUrl":"https:\/\/secure.gravatar.com\/avatar\/1ec500de7013b30e1d4d7c8c3978f0e4433c37e5d5e4cd186239369c6440122b?s=96&d=mm&r=g","caption":"Vinicius Augusto Batista Eira"},"url":"https:\/\/www.cambe.pr.gov.br\/index.php\/author\/vabeira\/"}]}},"_links":{"self":[{"href":"https:\/\/www.cambe.pr.gov.br\/index.php\/wp-json\/wp\/v2\/posts\/16183","targetHints":{"allow":["GET"]}}],"collection":[{"href":"https:\/\/www.cambe.pr.gov.br\/index.php\/wp-json\/wp\/v2\/posts"}],"about":[{"href":"https:\/\/www.cambe.pr.gov.br\/index.php\/wp-json\/wp\/v2\/types\/post"}],"author":[{"embeddable":true,"href":"https:\/\/www.cambe.pr.gov.br\/index.php\/wp-json\/wp\/v2\/users\/16"}],"replies":[{"embeddable":true,"href":"https:\/\/www.cambe.pr.gov.br\/index.php\/wp-json\/wp\/v2\/comments?post=16183"}],"version-history":[{"count":4,"href":"https:\/\/www.cambe.pr.gov.br\/index.php\/wp-json\/wp\/v2\/posts\/16183\/revisions"}],"predecessor-version":[{"id":16210,"href":"https:\/\/www.cambe.pr.gov.br\/index.php\/wp-json\/wp\/v2\/posts\/16183\/revisions\/16210"}],"wp:attachment":[{"href":"https:\/\/www.cambe.pr.gov.br\/index.php\/wp-json\/wp\/v2\/media?parent=16183"}],"wp:term":[{"taxonomy":"category","embeddable":true,"href":"https:\/\/www.cambe.pr.gov.br\/index.php\/wp-json\/wp\/v2\/categories?post=16183"},{"taxonomy":"post_tag","embeddable":true,"href":"https:\/\/www.cambe.pr.gov.br\/index.php\/wp-json\/wp\/v2\/tags?post=16183"}],"curies":[{"name":"wp","href":"https:\/\/api.w.org\/{rel}","templated":true}]}}