{"id":16178,"date":"2025-02-24T15:49:01","date_gmt":"2025-02-24T18:49:01","guid":{"rendered":"https:\/\/www.cambe.pr.gov.br\/?p=16178"},"modified":"2025-02-24T15:49:01","modified_gmt":"2025-02-24T18:49:01","slug":"equipe-de-cambe-e-tricampea-paranaense-de-judo","status":"publish","type":"post","link":"https:\/\/www.cambe.pr.gov.br\/index.php\/equipe-de-cambe-e-tricampea-paranaense-de-judo\/","title":{"rendered":"Equipe de Camb\u00e9 \u00e9 tricampe\u00e3 Paranaense de jud\u00f4"},"content":{"rendered":"<p style=\"text-align: justify;\"><span style=\"font-weight: 400; font-family: arial, helvetica, sans-serif;\"><img fetchpriority=\"high\" decoding=\"async\" class=\"alignleft wp-image-16179 size-full\" src=\"https:\/\/www.cambe.pr.gov.br\/wp-content\/uploads\/2025\/02\/WhatsApp-Image-2025-02-24-at-14.48.58-e1740422929529.jpeg\" alt=\"\" width=\"600\" height=\"480\" \/>A equipe de jud\u00f4 da Prefeitura de Camb\u00e9, por meio da Secretaria Municipal de Esportes e Lazer, conquistou o terceiro t\u00edtulo Paranaense por faixas neste fim de semana. Ao todo, 39 atletas cambeenses foram representar o munic\u00edpio no Campeonato Paranaense Marrom e Preta de Jud\u00f4, disputado em Ibipor\u00e3. Com uma s\u00e9rie de resultados expressivos e vit\u00f3ria, o saldo foi do tricampeonato geral feminino at\u00e9 faixa verde. Camb\u00e9 j\u00e1 havia vencido a categoria em 2022 e 2024.<\/span><\/p>\n<p style=\"text-align: justify;\"><span style=\"font-weight: 400; font-family: arial, helvetica, sans-serif;\">Dentre os atletas, conquistaram medalhas: Julia Osvaldo Santos, campe\u00e3 faixa verde 78 kg; Ana Laura Costa, vice campe\u00e3 faixa preta 48 kg; Fernanda Santos, vice campe\u00e3 faixa verde 52 kg; Kamily de Freitas, vice campe\u00e3 faixa verde 63 kg; Gabriela Lara Almeida, vice campe\u00e3 faixa verde 70 kg; Laura Silva, terceira colocada faixa verde 52 kg; Rafaela Braga, terceira colocada faixa verde 57 kg; Larissa Silverio, terceira colocada faixa preta 63 kg; e Ana Clara Pereira, terceira colocada 63 kg.<\/span><\/p>\n<p style=\"text-align: justify;\"><span style=\"font-weight: 400; font-family: arial, helvetica, sans-serif;\">O treinador Marcelo Missaka fez um balan\u00e7o da participa\u00e7\u00e3o cambeeense e ressaltou a import\u00e2ncia do apoio da Prefeitura ao projeto. \u201cEsse \u00e9 o primeiro campeonato do ano, que acontece j\u00e1 h\u00e1 v\u00e1rios anos na cidade de Ibipor\u00e3. Estamos muito felizes com o resultado e com o desempenho dos nossos atletas. Camb\u00e9 participou com 40 atletas no masculino e feminino e n\u00f3s conseguimos esse grande resultado para o munic\u00edpio. Agradecemos a Secretaria de Esportes, na pessoa da secret\u00e1ria professora Telma, do Vin\u00edcius, que \u00e9 o coordenador das equipes, e a Fran e o Cleverson, que s\u00e3o funcion\u00e1rios da secretaria e nos ajudaram bastante. Ficamos muito felizes com o resultado e esperamos bons resultados durante o ano\u201d.<\/span><\/p>\n<p style=\"text-align: justify;\"><span style=\"font-weight: 400; font-family: arial, helvetica, sans-serif;\">\u201cO jud\u00f4, um projeto da prefeitura, com profissionais qualificados e com aulas gratuitas, vem crescendo muito e pela terceira vez somos campe\u00f5es paranaenses. Parab\u00e9ns aos nossos atletas e mestres por toda dedica\u00e7\u00e3o e compromisso com nosso esporte. E o mais importante, formando bons cidad\u00e3os atrav\u00e9s do esporte\u201d, expressou a secret\u00e1ria de Esportes Telma Gamba.<\/span><\/p>\n","protected":false},"excerpt":{"rendered":"<p>A equipe de jud\u00f4 da Prefeitura de Camb\u00e9, por meio da Secretaria Municipal de Esportes e Lazer, conquistou o terceiro t\u00edtulo Paranaense por faixas neste fim de semana. Ao todo, 39 atletas cambeenses foram representar o munic\u00edpio no Campeonato Paranaense Marrom e Preta de Jud\u00f4, disputado em Ibipor\u00e3. Com uma s\u00e9rie de resultados expressivos e [&hellip;]<\/p>\n","protected":false},"author":16,"featured_media":0,"comment_status":"closed","ping_status":"closed","sticky":false,"template":"","format":"standard","meta":{"ngg_post_thumbnail":0,"footnotes":""},"categories":[1],"tags":[],"class_list":["post-16178","post","type-post","status-publish","format-standard","hentry","category-principal"],"yoast_head":"<!-- This site is optimized with the Yoast SEO plugin v27.4 - https:\/\/yoast.com\/product\/yoast-seo-wordpress\/ -->\n<title>Equipe de Camb\u00e9 \u00e9 tricampe\u00e3 Paranaense de jud\u00f4 - Prefeitura de Camb\u00e9<\/title>\n<meta name=\"robots\" content=\"index, follow, max-snippet:-1, max-image-preview:large, max-video-preview:-1\" \/>\n<link rel=\"canonical\" href=\"https:\/\/www.cambe.pr.gov.br\/index.php\/equipe-de-cambe-e-tricampea-paranaense-de-judo\/\" \/>\n<meta property=\"og:locale\" content=\"pt_BR\" \/>\n<meta property=\"og:type\" content=\"article\" \/>\n<meta property=\"og:title\" content=\"Equipe de Camb\u00e9 \u00e9 tricampe\u00e3 Paranaense de jud\u00f4 - Prefeitura de Camb\u00e9\" \/>\n<meta property=\"og:description\" content=\"A equipe de jud\u00f4 da Prefeitura de Camb\u00e9, por meio da Secretaria Municipal de Esportes e Lazer, conquistou o terceiro t\u00edtulo Paranaense por faixas neste fim de semana. Ao todo, 39 atletas cambeenses foram representar o munic\u00edpio no Campeonato Paranaense Marrom e Preta de Jud\u00f4, disputado em Ibipor\u00e3. Com uma s\u00e9rie de resultados expressivos e [&hellip;]\" \/>\n<meta property=\"og:url\" content=\"https:\/\/www.cambe.pr.gov.br\/index.php\/equipe-de-cambe-e-tricampea-paranaense-de-judo\/\" \/>\n<meta property=\"og:site_name\" content=\"Prefeitura de Camb\u00e9\" \/>\n<meta property=\"article:publisher\" content=\"https:\/\/m.facebook.com\/prefeituradecambe\" \/>\n<meta property=\"article:published_time\" content=\"2025-02-24T18:49:01+00:00\" \/>\n<meta property=\"og:image\" content=\"https:\/\/www.cambe.pr.gov.br\/wp-content\/uploads\/2025\/02\/WhatsApp-Image-2025-02-24-at-14.48.58-e1740422929529.jpeg\" \/>\n<meta name=\"author\" content=\"Vinicius Augusto Batista Eira\" \/>\n<meta name=\"twitter:card\" content=\"summary_large_image\" \/>\n<meta name=\"twitter:label1\" content=\"Escrito por\" \/>\n\t<meta name=\"twitter:data1\" content=\"Vinicius Augusto Batista Eira\" \/>\n\t<meta name=\"twitter:label2\" content=\"Est. tempo de leitura\" \/>\n\t<meta name=\"twitter:data2\" content=\"2 minutos\" \/>\n<script type=\"application\/ld+json\" class=\"yoast-schema-graph\">{\"@context\":\"https:\\\/\\\/schema.org\",\"@graph\":[{\"@type\":\"Article\",\"@id\":\"https:\\\/\\\/www.cambe.pr.gov.br\\\/index.php\\\/equipe-de-cambe-e-tricampea-paranaense-de-judo\\\/#article\",\"isPartOf\":{\"@id\":\"https:\\\/\\\/www.cambe.pr.gov.br\\\/index.php\\\/equipe-de-cambe-e-tricampea-paranaense-de-judo\\\/\"},\"author\":{\"name\":\"Vinicius Augusto Batista Eira\",\"@id\":\"https:\\\/\\\/www.cambe.pr.gov.br\\\/#\\\/schema\\\/person\\\/8e3ee69cb2cadf4b9f8377407227effd\"},\"headline\":\"Equipe de Camb\u00e9 \u00e9 tricampe\u00e3 Paranaense de jud\u00f4\",\"datePublished\":\"2025-02-24T18:49:01+00:00\",\"mainEntityOfPage\":{\"@id\":\"https:\\\/\\\/www.cambe.pr.gov.br\\\/index.php\\\/equipe-de-cambe-e-tricampea-paranaense-de-judo\\\/\"},\"wordCount\":337,\"publisher\":{\"@id\":\"https:\\\/\\\/www.cambe.pr.gov.br\\\/#organization\"},\"image\":{\"@id\":\"https:\\\/\\\/www.cambe.pr.gov.br\\\/index.php\\\/equipe-de-cambe-e-tricampea-paranaense-de-judo\\\/#primaryimage\"},\"thumbnailUrl\":\"https:\\\/\\\/www.cambe.pr.gov.br\\\/wp-content\\\/uploads\\\/2025\\\/02\\\/WhatsApp-Image-2025-02-24-at-14.48.58-e1740422929529.jpeg\",\"articleSection\":[\"Principal\"],\"inLanguage\":\"pt-BR\"},{\"@type\":\"WebPage\",\"@id\":\"https:\\\/\\\/www.cambe.pr.gov.br\\\/index.php\\\/equipe-de-cambe-e-tricampea-paranaense-de-judo\\\/\",\"url\":\"https:\\\/\\\/www.cambe.pr.gov.br\\\/index.php\\\/equipe-de-cambe-e-tricampea-paranaense-de-judo\\\/\",\"name\":\"Equipe de Camb\u00e9 \u00e9 tricampe\u00e3 Paranaense de jud\u00f4 - Prefeitura de Camb\u00e9\",\"isPartOf\":{\"@id\":\"https:\\\/\\\/www.cambe.pr.gov.br\\\/#website\"},\"primaryImageOfPage\":{\"@id\":\"https:\\\/\\\/www.cambe.pr.gov.br\\\/index.php\\\/equipe-de-cambe-e-tricampea-paranaense-de-judo\\\/#primaryimage\"},\"image\":{\"@id\":\"https:\\\/\\\/www.cambe.pr.gov.br\\\/index.php\\\/equipe-de-cambe-e-tricampea-paranaense-de-judo\\\/#primaryimage\"},\"thumbnailUrl\":\"https:\\\/\\\/www.cambe.pr.gov.br\\\/wp-content\\\/uploads\\\/2025\\\/02\\\/WhatsApp-Image-2025-02-24-at-14.48.58-e1740422929529.jpeg\",\"datePublished\":\"2025-02-24T18:49:01+00:00\",\"breadcrumb\":{\"@id\":\"https:\\\/\\\/www.cambe.pr.gov.br\\\/index.php\\\/equipe-de-cambe-e-tricampea-paranaense-de-judo\\\/#breadcrumb\"},\"inLanguage\":\"pt-BR\",\"potentialAction\":[{\"@type\":\"ReadAction\",\"target\":[\"https:\\\/\\\/www.cambe.pr.gov.br\\\/index.php\\\/equipe-de-cambe-e-tricampea-paranaense-de-judo\\\/\"]}]},{\"@type\":\"ImageObject\",\"inLanguage\":\"pt-BR\",\"@id\":\"https:\\\/\\\/www.cambe.pr.gov.br\\\/index.php\\\/equipe-de-cambe-e-tricampea-paranaense-de-judo\\\/#primaryimage\",\"url\":\"https:\\\/\\\/www.cambe.pr.gov.br\\\/wp-content\\\/uploads\\\/2025\\\/02\\\/WhatsApp-Image-2025-02-24-at-14.48.58-e1740422929529.jpeg\",\"contentUrl\":\"https:\\\/\\\/www.cambe.pr.gov.br\\\/wp-content\\\/uploads\\\/2025\\\/02\\\/WhatsApp-Image-2025-02-24-at-14.48.58-e1740422929529.jpeg\",\"width\":600,\"height\":480},{\"@type\":\"BreadcrumbList\",\"@id\":\"https:\\\/\\\/www.cambe.pr.gov.br\\\/index.php\\\/equipe-de-cambe-e-tricampea-paranaense-de-judo\\\/#breadcrumb\",\"itemListElement\":[{\"@type\":\"ListItem\",\"position\":1,\"name\":\"In\u00edcio\",\"item\":\"https:\\\/\\\/www.cambe.pr.gov.br\\\/\"},{\"@type\":\"ListItem\",\"position\":2,\"name\":\"Equipe de Camb\u00e9 \u00e9 tricampe\u00e3 Paranaense de jud\u00f4\"}]},{\"@type\":\"WebSite\",\"@id\":\"https:\\\/\\\/www.cambe.pr.gov.br\\\/#website\",\"url\":\"https:\\\/\\\/www.cambe.pr.gov.br\\\/\",\"name\":\"Prefeitura de Camb\u00e9\",\"description\":\"UM GOVERNO PARA TODOS\",\"publisher\":{\"@id\":\"https:\\\/\\\/www.cambe.pr.gov.br\\\/#organization\"},\"potentialAction\":[{\"@type\":\"SearchAction\",\"target\":{\"@type\":\"EntryPoint\",\"urlTemplate\":\"https:\\\/\\\/www.cambe.pr.gov.br\\\/?s={search_term_string}\"},\"query-input\":{\"@type\":\"PropertyValueSpecification\",\"valueRequired\":true,\"valueName\":\"search_term_string\"}}],\"inLanguage\":\"pt-BR\"},{\"@type\":\"Organization\",\"@id\":\"https:\\\/\\\/www.cambe.pr.gov.br\\\/#organization\",\"name\":\"Prefeitura de Camb\u00e9\",\"url\":\"https:\\\/\\\/www.cambe.pr.gov.br\\\/\",\"logo\":{\"@type\":\"ImageObject\",\"inLanguage\":\"pt-BR\",\"@id\":\"https:\\\/\\\/www.cambe.pr.gov.br\\\/#\\\/schema\\\/logo\\\/image\\\/\",\"url\":\"https:\\\/\\\/www.cambe.pr.gov.br\\\/wp-content\\\/uploads\\\/2021\\\/01\\\/cropped-cropped-cambe_brazao-icone.png\",\"contentUrl\":\"https:\\\/\\\/www.cambe.pr.gov.br\\\/wp-content\\\/uploads\\\/2021\\\/01\\\/cropped-cropped-cambe_brazao-icone.png\",\"width\":240,\"height\":240,\"caption\":\"Prefeitura de Camb\u00e9\"},\"image\":{\"@id\":\"https:\\\/\\\/www.cambe.pr.gov.br\\\/#\\\/schema\\\/logo\\\/image\\\/\"},\"sameAs\":[\"https:\\\/\\\/m.facebook.com\\\/prefeituradecambe\"]},{\"@type\":\"Person\",\"@id\":\"https:\\\/\\\/www.cambe.pr.gov.br\\\/#\\\/schema\\\/person\\\/8e3ee69cb2cadf4b9f8377407227effd\",\"name\":\"Vinicius Augusto Batista Eira\",\"image\":{\"@type\":\"ImageObject\",\"inLanguage\":\"pt-BR\",\"@id\":\"https:\\\/\\\/secure.gravatar.com\\\/avatar\\\/1ec500de7013b30e1d4d7c8c3978f0e4433c37e5d5e4cd186239369c6440122b?s=96&d=mm&r=g\",\"url\":\"https:\\\/\\\/secure.gravatar.com\\\/avatar\\\/1ec500de7013b30e1d4d7c8c3978f0e4433c37e5d5e4cd186239369c6440122b?s=96&d=mm&r=g\",\"contentUrl\":\"https:\\\/\\\/secure.gravatar.com\\\/avatar\\\/1ec500de7013b30e1d4d7c8c3978f0e4433c37e5d5e4cd186239369c6440122b?s=96&d=mm&r=g\",\"caption\":\"Vinicius Augusto Batista Eira\"},\"url\":\"https:\\\/\\\/www.cambe.pr.gov.br\\\/index.php\\\/author\\\/vabeira\\\/\"}]}<\/script>\n<!-- \/ Yoast SEO plugin. -->","yoast_head_json":{"title":"Equipe de Camb\u00e9 \u00e9 tricampe\u00e3 Paranaense de jud\u00f4 - Prefeitura de Camb\u00e9","robots":{"index":"index","follow":"follow","max-snippet":"max-snippet:-1","max-image-preview":"max-image-preview:large","max-video-preview":"max-video-preview:-1"},"canonical":"https:\/\/www.cambe.pr.gov.br\/index.php\/equipe-de-cambe-e-tricampea-paranaense-de-judo\/","og_locale":"pt_BR","og_type":"article","og_title":"Equipe de Camb\u00e9 \u00e9 tricampe\u00e3 Paranaense de jud\u00f4 - Prefeitura de Camb\u00e9","og_description":"A equipe de jud\u00f4 da Prefeitura de Camb\u00e9, por meio da Secretaria Municipal de Esportes e Lazer, conquistou o terceiro t\u00edtulo Paranaense por faixas neste fim de semana. Ao todo, 39 atletas cambeenses foram representar o munic\u00edpio no Campeonato Paranaense Marrom e Preta de Jud\u00f4, disputado em Ibipor\u00e3. Com uma s\u00e9rie de resultados expressivos e [&hellip;]","og_url":"https:\/\/www.cambe.pr.gov.br\/index.php\/equipe-de-cambe-e-tricampea-paranaense-de-judo\/","og_site_name":"Prefeitura de Camb\u00e9","article_publisher":"https:\/\/m.facebook.com\/prefeituradecambe","article_published_time":"2025-02-24T18:49:01+00:00","og_image":[{"url":"https:\/\/www.cambe.pr.gov.br\/wp-content\/uploads\/2025\/02\/WhatsApp-Image-2025-02-24-at-14.48.58-e1740422929529.jpeg","type":"","width":"","height":""}],"author":"Vinicius Augusto Batista Eira","twitter_card":"summary_large_image","twitter_misc":{"Escrito por":"Vinicius Augusto Batista Eira","Est. tempo de leitura":"2 minutos"},"schema":{"@context":"https:\/\/schema.org","@graph":[{"@type":"Article","@id":"https:\/\/www.cambe.pr.gov.br\/index.php\/equipe-de-cambe-e-tricampea-paranaense-de-judo\/#article","isPartOf":{"@id":"https:\/\/www.cambe.pr.gov.br\/index.php\/equipe-de-cambe-e-tricampea-paranaense-de-judo\/"},"author":{"name":"Vinicius Augusto Batista Eira","@id":"https:\/\/www.cambe.pr.gov.br\/#\/schema\/person\/8e3ee69cb2cadf4b9f8377407227effd"},"headline":"Equipe de Camb\u00e9 \u00e9 tricampe\u00e3 Paranaense de jud\u00f4","datePublished":"2025-02-24T18:49:01+00:00","mainEntityOfPage":{"@id":"https:\/\/www.cambe.pr.gov.br\/index.php\/equipe-de-cambe-e-tricampea-paranaense-de-judo\/"},"wordCount":337,"publisher":{"@id":"https:\/\/www.cambe.pr.gov.br\/#organization"},"image":{"@id":"https:\/\/www.cambe.pr.gov.br\/index.php\/equipe-de-cambe-e-tricampea-paranaense-de-judo\/#primaryimage"},"thumbnailUrl":"https:\/\/www.cambe.pr.gov.br\/wp-content\/uploads\/2025\/02\/WhatsApp-Image-2025-02-24-at-14.48.58-e1740422929529.jpeg","articleSection":["Principal"],"inLanguage":"pt-BR"},{"@type":"WebPage","@id":"https:\/\/www.cambe.pr.gov.br\/index.php\/equipe-de-cambe-e-tricampea-paranaense-de-judo\/","url":"https:\/\/www.cambe.pr.gov.br\/index.php\/equipe-de-cambe-e-tricampea-paranaense-de-judo\/","name":"Equipe de Camb\u00e9 \u00e9 tricampe\u00e3 Paranaense de jud\u00f4 - Prefeitura de Camb\u00e9","isPartOf":{"@id":"https:\/\/www.cambe.pr.gov.br\/#website"},"primaryImageOfPage":{"@id":"https:\/\/www.cambe.pr.gov.br\/index.php\/equipe-de-cambe-e-tricampea-paranaense-de-judo\/#primaryimage"},"image":{"@id":"https:\/\/www.cambe.pr.gov.br\/index.php\/equipe-de-cambe-e-tricampea-paranaense-de-judo\/#primaryimage"},"thumbnailUrl":"https:\/\/www.cambe.pr.gov.br\/wp-content\/uploads\/2025\/02\/WhatsApp-Image-2025-02-24-at-14.48.58-e1740422929529.jpeg","datePublished":"2025-02-24T18:49:01+00:00","breadcrumb":{"@id":"https:\/\/www.cambe.pr.gov.br\/index.php\/equipe-de-cambe-e-tricampea-paranaense-de-judo\/#breadcrumb"},"inLanguage":"pt-BR","potentialAction":[{"@type":"ReadAction","target":["https:\/\/www.cambe.pr.gov.br\/index.php\/equipe-de-cambe-e-tricampea-paranaense-de-judo\/"]}]},{"@type":"ImageObject","inLanguage":"pt-BR","@id":"https:\/\/www.cambe.pr.gov.br\/index.php\/equipe-de-cambe-e-tricampea-paranaense-de-judo\/#primaryimage","url":"https:\/\/www.cambe.pr.gov.br\/wp-content\/uploads\/2025\/02\/WhatsApp-Image-2025-02-24-at-14.48.58-e1740422929529.jpeg","contentUrl":"https:\/\/www.cambe.pr.gov.br\/wp-content\/uploads\/2025\/02\/WhatsApp-Image-2025-02-24-at-14.48.58-e1740422929529.jpeg","width":600,"height":480},{"@type":"BreadcrumbList","@id":"https:\/\/www.cambe.pr.gov.br\/index.php\/equipe-de-cambe-e-tricampea-paranaense-de-judo\/#breadcrumb","itemListElement":[{"@type":"ListItem","position":1,"name":"In\u00edcio","item":"https:\/\/www.cambe.pr.gov.br\/"},{"@type":"ListItem","position":2,"name":"Equipe de Camb\u00e9 \u00e9 tricampe\u00e3 Paranaense de jud\u00f4"}]},{"@type":"WebSite","@id":"https:\/\/www.cambe.pr.gov.br\/#website","url":"https:\/\/www.cambe.pr.gov.br\/","name":"Prefeitura de Camb\u00e9","description":"UM GOVERNO PARA TODOS","publisher":{"@id":"https:\/\/www.cambe.pr.gov.br\/#organization"},"potentialAction":[{"@type":"SearchAction","target":{"@type":"EntryPoint","urlTemplate":"https:\/\/www.cambe.pr.gov.br\/?s={search_term_string}"},"query-input":{"@type":"PropertyValueSpecification","valueRequired":true,"valueName":"search_term_string"}}],"inLanguage":"pt-BR"},{"@type":"Organization","@id":"https:\/\/www.cambe.pr.gov.br\/#organization","name":"Prefeitura de Camb\u00e9","url":"https:\/\/www.cambe.pr.gov.br\/","logo":{"@type":"ImageObject","inLanguage":"pt-BR","@id":"https:\/\/www.cambe.pr.gov.br\/#\/schema\/logo\/image\/","url":"https:\/\/www.cambe.pr.gov.br\/wp-content\/uploads\/2021\/01\/cropped-cropped-cambe_brazao-icone.png","contentUrl":"https:\/\/www.cambe.pr.gov.br\/wp-content\/uploads\/2021\/01\/cropped-cropped-cambe_brazao-icone.png","width":240,"height":240,"caption":"Prefeitura de Camb\u00e9"},"image":{"@id":"https:\/\/www.cambe.pr.gov.br\/#\/schema\/logo\/image\/"},"sameAs":["https:\/\/m.facebook.com\/prefeituradecambe"]},{"@type":"Person","@id":"https:\/\/www.cambe.pr.gov.br\/#\/schema\/person\/8e3ee69cb2cadf4b9f8377407227effd","name":"Vinicius Augusto Batista Eira","image":{"@type":"ImageObject","inLanguage":"pt-BR","@id":"https:\/\/secure.gravatar.com\/avatar\/1ec500de7013b30e1d4d7c8c3978f0e4433c37e5d5e4cd186239369c6440122b?s=96&d=mm&r=g","url":"https:\/\/secure.gravatar.com\/avatar\/1ec500de7013b30e1d4d7c8c3978f0e4433c37e5d5e4cd186239369c6440122b?s=96&d=mm&r=g","contentUrl":"https:\/\/secure.gravatar.com\/avatar\/1ec500de7013b30e1d4d7c8c3978f0e4433c37e5d5e4cd186239369c6440122b?s=96&d=mm&r=g","caption":"Vinicius Augusto Batista Eira"},"url":"https:\/\/www.cambe.pr.gov.br\/index.php\/author\/vabeira\/"}]}},"_links":{"self":[{"href":"https:\/\/www.cambe.pr.gov.br\/index.php\/wp-json\/wp\/v2\/posts\/16178","targetHints":{"allow":["GET"]}}],"collection":[{"href":"https:\/\/www.cambe.pr.gov.br\/index.php\/wp-json\/wp\/v2\/posts"}],"about":[{"href":"https:\/\/www.cambe.pr.gov.br\/index.php\/wp-json\/wp\/v2\/types\/post"}],"author":[{"embeddable":true,"href":"https:\/\/www.cambe.pr.gov.br\/index.php\/wp-json\/wp\/v2\/users\/16"}],"replies":[{"embeddable":true,"href":"https:\/\/www.cambe.pr.gov.br\/index.php\/wp-json\/wp\/v2\/comments?post=16178"}],"version-history":[{"count":1,"href":"https:\/\/www.cambe.pr.gov.br\/index.php\/wp-json\/wp\/v2\/posts\/16178\/revisions"}],"predecessor-version":[{"id":16180,"href":"https:\/\/www.cambe.pr.gov.br\/index.php\/wp-json\/wp\/v2\/posts\/16178\/revisions\/16180"}],"wp:attachment":[{"href":"https:\/\/www.cambe.pr.gov.br\/index.php\/wp-json\/wp\/v2\/media?parent=16178"}],"wp:term":[{"taxonomy":"category","embeddable":true,"href":"https:\/\/www.cambe.pr.gov.br\/index.php\/wp-json\/wp\/v2\/categories?post=16178"},{"taxonomy":"post_tag","embeddable":true,"href":"https:\/\/www.cambe.pr.gov.br\/index.php\/wp-json\/wp\/v2\/tags?post=16178"}],"curies":[{"name":"wp","href":"https:\/\/api.w.org\/{rel}","templated":true}]}}