{"id":16164,"date":"2025-02-21T17:00:17","date_gmt":"2025-02-21T20:00:17","guid":{"rendered":"https:\/\/www.cambe.pr.gov.br\/?p=16164"},"modified":"2025-02-21T17:00:17","modified_gmt":"2025-02-21T20:00:17","slug":"amepar-define-obras-de-infraestrutura-viaria-na-regiao-como-principal-foco-em-2025","status":"publish","type":"post","link":"https:\/\/www.cambe.pr.gov.br\/index.php\/amepar-define-obras-de-infraestrutura-viaria-na-regiao-como-principal-foco-em-2025\/","title":{"rendered":"Amepar define obras de infraestrutura via\u0301ria na regia\u0303o como principal foco em 2025"},"content":{"rendered":"<p style=\"text-align: justify;\"><span lang=\"pt-BR\" style=\"font-family: arial, helvetica, sans-serif;\"><img fetchpriority=\"high\" decoding=\"async\" class=\"alignleft size-large wp-image-16166\" src=\"https:\/\/www.cambe.pr.gov.br\/wp-content\/uploads\/2025\/02\/Imagem-do-WhatsApp-de-2025-02-21-as-16.57.56_29870fcc-1024x768.jpg\" alt=\"\" width=\"610\" height=\"458\" srcset=\"https:\/\/www.cambe.pr.gov.br\/wp-content\/uploads\/2025\/02\/Imagem-do-WhatsApp-de-2025-02-21-as-16.57.56_29870fcc-1024x768.jpg 1024w, https:\/\/www.cambe.pr.gov.br\/wp-content\/uploads\/2025\/02\/Imagem-do-WhatsApp-de-2025-02-21-as-16.57.56_29870fcc-300x225.jpg 300w, https:\/\/www.cambe.pr.gov.br\/wp-content\/uploads\/2025\/02\/Imagem-do-WhatsApp-de-2025-02-21-as-16.57.56_29870fcc-768x576.jpg 768w, https:\/\/www.cambe.pr.gov.br\/wp-content\/uploads\/2025\/02\/Imagem-do-WhatsApp-de-2025-02-21-as-16.57.56_29870fcc-400x300.jpg 400w, https:\/\/www.cambe.pr.gov.br\/wp-content\/uploads\/2025\/02\/Imagem-do-WhatsApp-de-2025-02-21-as-16.57.56_29870fcc.jpg 1280w\" sizes=\"(max-width: 610px) 100vw, 610px\" \/>Os prefeitos que fazem parte da Associa\u00e7\u00e3o dos Munic\u00edpios do M\u00e9dio Paranapanema (Amepar), se reuniram na manh\u00e3 desta sexta-feira (21), na sede da Associa\u00e7\u00e3o em Londrina, para a primeira reuni\u00e3o em conjunto do novo mandato, com o prefeito de Camb\u00e9, Conrado Scheller, como presidente. Nesta primeira reuni\u00e3o da nova gest\u00e3o, foram debatidas pautas relacionadas \u00e0s demandas dos munic\u00edpios da regi\u00e3o, mas principalmente, foi definido o foco de trabalho em 2025, que passa a ser a melhoria da infraestrutura vi\u00e1ria para desenvolvimento econ\u00f4mico e social de todos os munic\u00edpios.<\/span><\/p>\n<p style=\"text-align: justify;\"><span style=\"font-family: arial, helvetica, sans-serif;\">\u201c<span lang=\"pt-BR\">A Amepar precisa de efici\u00eancia, profissionais de qualidade, mais articula\u00e7\u00e3o interna e respaldo t\u00e9cnico para andarmos para frente. \u00c9 exigir e ir atr\u00e1s de recursos, mas com argumento. A Amepar precisa conhecer os problemas dos munic\u00edpios associados, definir as prioridades e tra\u00e7ar novos rumos. E esse \u00e9 o nosso objetivo \u00e0 frente da Associa\u00e7\u00e3o. N\u00e3o tem ningu\u00e9m mais forte do que n\u00f3s, esses 22 munic\u00edpios, juntos\u201d, explicou o prefeito Conrado.<\/span><\/span><\/p>\n<p style=\"text-align: justify;\"><span lang=\"pt-BR\" style=\"font-family: arial, helvetica, sans-serif;\">Como li\u00e7\u00e3o de casa, cada um dos 22 prefeitos ter\u00e1 que levantar dez obras vi\u00e1rias importantes e urgentes para, na pr\u00f3xima reuni\u00e3o, chegar-se ao consenso das cinco prioridades com viabilidade de execu\u00e7\u00e3o pelas quais a Amepar vai lutar. O prefeito de Londrina, Tiago Amaral, sugeriu um Plano de Integra\u00e7\u00e3o Vi\u00e1ria da Amepar, com a defini\u00e7\u00e3o destas obras priorit\u00e1rias com o objetivo de melhorar a malha vi\u00e1ria da regi\u00e3o. <\/span><\/p>\n<p style=\"text-align: justify;\"><span style=\"font-family: arial, helvetica, sans-serif;\">\u201c<span lang=\"pt-BR\">Eu tenho muita confianc\u0327a que isso daria para a gente uma capacidade gigantesca para destravar umas cinco obras principais e estruturantes para a regia\u0303o. E precisamos ter a intelig\u00eancia de que, mesmo que n\u00e3o a obra n\u00e3o passe no meu munic\u00edpio, interessa a regia\u0303o. Vai beneficiar direta ou indiretamente. Enta\u0303o, tem que ter esse desprendimento. Vai ser um avan\u00e7o muito ben\u00e9fico, afetando diretamente todos os munic\u00edpios e propiciando um desenvolvimento econ\u00f4mico e social enorme\u201d, ressaltou Amaral.<\/span><\/span><\/p>\n<p style=\"text-align: justify;\"><span lang=\"pt-BR\" style=\"font-family: arial, helvetica, sans-serif;\">Conrado Scheller usou o espa\u00e7o para trazer um resumo do que foi feito no \u00faltimo mandato, situa\u00e7\u00e3o financeira e um alinhamento de a\u00e7\u00f5es que podem ser executadas neste mandato. <\/span><\/p>\n<p>&nbsp;<\/p>\n<p style=\"text-align: justify;\"><strong><span lang=\"pt-BR\" style=\"font-family: arial, helvetica, sans-serif;\">Avalia\u00e7\u00e3o estrat\u00e9gica e organizacional da Cismepar<\/span><\/strong><\/p>\n<p style=\"text-align: justify;\"><span lang=\"pt-BR\" style=\"font-family: arial, helvetica, sans-serif;\">Tamb\u00e9m foi feita a primeira reuni\u00e3o do Cons\u00f3rcio Intermunicipal de Sa\u00fade do M\u00e9dio Paranapanema (Cismepar), presidido pelo prefeito de Florest\u00f3polis, Onicio de Souza, o Nicinho, que apresentou um estudo sobre a situa\u00e7\u00e3o da sa\u00fade p\u00fablica do cons\u00f3rcio. O levantamento foi feito pelo Instituto de Tecnologia e Desenvolvimento Econ\u00f4mico e Social (Itedes), apresentando diagn\u00f3stico da situa\u00e7\u00e3o, resultado do \u00faltimo bi\u00eanio e plano de a\u00e7\u00e3o para os pr\u00f3ximos anos.<\/span><\/p>\n<p style=\"text-align: justify;\"><span lang=\"pt-BR\" style=\"font-family: arial, helvetica, sans-serif;\">Com isso, foi discutida possibilidades a partir do diagn\u00f3stico estrat\u00e9gico convertido em solu\u00e7\u00f5es conforme as principais demandas de cada munic\u00edpio. Tamb\u00e9m foi feito um mapeamento de processos realizados no Cismepar e toda a revis\u00e3o do custo operacional. A reuni\u00e3o ainda aprovou por unanimidade a revis\u00e3o salarial de servidores, cria\u00e7\u00e3o de um programa de credenciamento de profissionais da sa\u00fade para apoio aos munic\u00edpios e um servi\u00e7o de aquisi\u00e7\u00e3o de \u00f3rteses auditivas.<\/span><\/p>\n<p>&nbsp;<\/p>\n<p style=\"text-align: justify;\"><strong><span lang=\"pt-BR\" style=\"font-family: arial, helvetica, sans-serif;\">Novas solu\u00e7\u00f5es para uma regi\u00e3o mais segura<\/span><\/strong><\/p>\n<p style=\"text-align: justify;\"><span lang=\"pt-BR\" style=\"font-family: arial, helvetica, sans-serif;\">Por fim, os munic\u00edpios se reuniram para a discuss\u00e3o do Cons\u00f3rcio Intermunicipal de Seguran\u00e7a P\u00fablica, Solu\u00e7\u00f5es e Melhorias do Norte Central Paranaense (Cismel). O presidente do Cons\u00f3rcio e prefeito de Prado Ferreira, Silvio Damaceno, destacou algumas pautas que j\u00e1 vinham sendo discutidas anteriormente, como licita\u00e7\u00f5es para sistema de monitoramento integrado da regi\u00e3o e aquisi\u00e7\u00e3o de acervos bibliogr\u00e1ficos para a educa\u00e7\u00e3o municipal.<\/span><\/p>\n<p style=\"text-align: justify;\"><span lang=\"pt-BR\" style=\"font-family: arial, helvetica, sans-serif;\">Foi definido tamb\u00e9m a cria\u00e7\u00e3o de um grupo de estudo t\u00e9cnico, com representantes de cada um dos 26 munic\u00edpios, para discuss\u00e3o de solu\u00e7\u00f5es de seguran\u00e7a e novas tecnologias que auxiliem a tornar toda a regi\u00e3o mais segura.<\/span><\/p>\n<p style=\"text-align: justify;\"><span style=\"font-family: arial, helvetica, sans-serif;\">\u201c<span lang=\"pt-BR\">Precisamos caminhar a partir de um modelo diferente em prol da seguran\u00e7a. Por isso propomos esse grupo de estudo, com as pessoas mais capacitadas, para que a partir disso possamos encontrar solu\u00e7\u00f5es efetivas e que tragam resolutividade para todos\u201d, destacou o prefeito Silvio Damaceno.<\/span><\/span><\/p>\n<p style=\"text-align: justify;\"><span lang=\"pt-BR\" style=\"font-family: arial, helvetica, sans-serif;\">A reuni\u00e3o ainda teve a visita do diretor de Opera\u00e7\u00f5es do Setor P\u00fablico do Fomento Paran\u00e1, Mounir Chaowiche, que explicou alguns detalhes sobre linha de cr\u00e9dito para os munic\u00edpios. \u201cEstamos sempre de portas abertas para projetos, complemento de renda, contrapartida e uma s\u00e9rie de oportunidades. Nos colocamos \u00e0 disposi\u00e7\u00e3o e aguardo todos os munic\u00edpios com a possibilidade de juntos construirmos uma boa parceria\u201d.<\/span><\/p>\n","protected":false},"excerpt":{"rendered":"<p>Os prefeitos que fazem parte da Associa\u00e7\u00e3o dos Munic\u00edpios do M\u00e9dio Paranapanema (Amepar), se reuniram na manh\u00e3 desta sexta-feira (21), na sede da Associa\u00e7\u00e3o em Londrina, para a primeira reuni\u00e3o em conjunto do novo mandato, com o prefeito de Camb\u00e9, Conrado Scheller, como presidente. Nesta primeira reuni\u00e3o da nova gest\u00e3o, foram debatidas pautas relacionadas \u00e0s [&hellip;]<\/p>\n","protected":false},"author":16,"featured_media":0,"comment_status":"closed","ping_status":"closed","sticky":false,"template":"","format":"standard","meta":{"ngg_post_thumbnail":0,"footnotes":""},"categories":[1],"tags":[],"class_list":["post-16164","post","type-post","status-publish","format-standard","hentry","category-principal"],"yoast_head":"<!-- This site is optimized with the Yoast SEO plugin v27.4 - https:\/\/yoast.com\/product\/yoast-seo-wordpress\/ -->\n<title>Amepar define obras de infraestrutura via\u0301ria na regia\u0303o como principal foco em 2025 - Prefeitura de Camb\u00e9<\/title>\n<meta name=\"robots\" content=\"index, follow, max-snippet:-1, max-image-preview:large, max-video-preview:-1\" \/>\n<link rel=\"canonical\" href=\"https:\/\/www.cambe.pr.gov.br\/index.php\/amepar-define-obras-de-infraestrutura-viaria-na-regiao-como-principal-foco-em-2025\/\" \/>\n<meta property=\"og:locale\" content=\"pt_BR\" \/>\n<meta property=\"og:type\" content=\"article\" \/>\n<meta property=\"og:title\" content=\"Amepar define obras de infraestrutura via\u0301ria na regia\u0303o como principal foco em 2025 - Prefeitura de Camb\u00e9\" \/>\n<meta property=\"og:description\" content=\"Os prefeitos que fazem parte da Associa\u00e7\u00e3o dos Munic\u00edpios do M\u00e9dio Paranapanema (Amepar), se reuniram na manh\u00e3 desta sexta-feira (21), na sede da Associa\u00e7\u00e3o em Londrina, para a primeira reuni\u00e3o em conjunto do novo mandato, com o prefeito de Camb\u00e9, Conrado Scheller, como presidente. Nesta primeira reuni\u00e3o da nova gest\u00e3o, foram debatidas pautas relacionadas \u00e0s [&hellip;]\" \/>\n<meta property=\"og:url\" content=\"https:\/\/www.cambe.pr.gov.br\/index.php\/amepar-define-obras-de-infraestrutura-viaria-na-regiao-como-principal-foco-em-2025\/\" \/>\n<meta property=\"og:site_name\" content=\"Prefeitura de Camb\u00e9\" \/>\n<meta property=\"article:publisher\" content=\"https:\/\/m.facebook.com\/prefeituradecambe\" \/>\n<meta property=\"article:published_time\" content=\"2025-02-21T20:00:17+00:00\" \/>\n<meta property=\"og:image\" content=\"https:\/\/www.cambe.pr.gov.br\/wp-content\/uploads\/2025\/02\/Imagem-do-WhatsApp-de-2025-02-21-as-16.57.56_29870fcc-1024x768.jpg\" \/>\n<meta name=\"author\" content=\"Vinicius Augusto Batista Eira\" \/>\n<meta name=\"twitter:card\" content=\"summary_large_image\" \/>\n<meta name=\"twitter:label1\" content=\"Escrito por\" \/>\n\t<meta name=\"twitter:data1\" content=\"Vinicius Augusto Batista Eira\" \/>\n\t<meta name=\"twitter:label2\" content=\"Est. tempo de leitura\" \/>\n\t<meta name=\"twitter:data2\" content=\"4 minutos\" \/>\n<script type=\"application\/ld+json\" class=\"yoast-schema-graph\">{\"@context\":\"https:\\\/\\\/schema.org\",\"@graph\":[{\"@type\":\"Article\",\"@id\":\"https:\\\/\\\/www.cambe.pr.gov.br\\\/index.php\\\/amepar-define-obras-de-infraestrutura-viaria-na-regiao-como-principal-foco-em-2025\\\/#article\",\"isPartOf\":{\"@id\":\"https:\\\/\\\/www.cambe.pr.gov.br\\\/index.php\\\/amepar-define-obras-de-infraestrutura-viaria-na-regiao-como-principal-foco-em-2025\\\/\"},\"author\":{\"name\":\"Vinicius Augusto Batista Eira\",\"@id\":\"https:\\\/\\\/www.cambe.pr.gov.br\\\/#\\\/schema\\\/person\\\/8e3ee69cb2cadf4b9f8377407227effd\"},\"headline\":\"Amepar define obras de infraestrutura via\u0301ria na regia\u0303o como principal foco em 2025\",\"datePublished\":\"2025-02-21T20:00:17+00:00\",\"mainEntityOfPage\":{\"@id\":\"https:\\\/\\\/www.cambe.pr.gov.br\\\/index.php\\\/amepar-define-obras-de-infraestrutura-viaria-na-regiao-como-principal-foco-em-2025\\\/\"},\"wordCount\":805,\"publisher\":{\"@id\":\"https:\\\/\\\/www.cambe.pr.gov.br\\\/#organization\"},\"image\":{\"@id\":\"https:\\\/\\\/www.cambe.pr.gov.br\\\/index.php\\\/amepar-define-obras-de-infraestrutura-viaria-na-regiao-como-principal-foco-em-2025\\\/#primaryimage\"},\"thumbnailUrl\":\"https:\\\/\\\/www.cambe.pr.gov.br\\\/wp-content\\\/uploads\\\/2025\\\/02\\\/Imagem-do-WhatsApp-de-2025-02-21-as-16.57.56_29870fcc-1024x768.jpg\",\"articleSection\":[\"Principal\"],\"inLanguage\":\"pt-BR\"},{\"@type\":\"WebPage\",\"@id\":\"https:\\\/\\\/www.cambe.pr.gov.br\\\/index.php\\\/amepar-define-obras-de-infraestrutura-viaria-na-regiao-como-principal-foco-em-2025\\\/\",\"url\":\"https:\\\/\\\/www.cambe.pr.gov.br\\\/index.php\\\/amepar-define-obras-de-infraestrutura-viaria-na-regiao-como-principal-foco-em-2025\\\/\",\"name\":\"Amepar define obras de infraestrutura via\u0301ria na regia\u0303o como principal foco em 2025 - Prefeitura de Camb\u00e9\",\"isPartOf\":{\"@id\":\"https:\\\/\\\/www.cambe.pr.gov.br\\\/#website\"},\"primaryImageOfPage\":{\"@id\":\"https:\\\/\\\/www.cambe.pr.gov.br\\\/index.php\\\/amepar-define-obras-de-infraestrutura-viaria-na-regiao-como-principal-foco-em-2025\\\/#primaryimage\"},\"image\":{\"@id\":\"https:\\\/\\\/www.cambe.pr.gov.br\\\/index.php\\\/amepar-define-obras-de-infraestrutura-viaria-na-regiao-como-principal-foco-em-2025\\\/#primaryimage\"},\"thumbnailUrl\":\"https:\\\/\\\/www.cambe.pr.gov.br\\\/wp-content\\\/uploads\\\/2025\\\/02\\\/Imagem-do-WhatsApp-de-2025-02-21-as-16.57.56_29870fcc-1024x768.jpg\",\"datePublished\":\"2025-02-21T20:00:17+00:00\",\"breadcrumb\":{\"@id\":\"https:\\\/\\\/www.cambe.pr.gov.br\\\/index.php\\\/amepar-define-obras-de-infraestrutura-viaria-na-regiao-como-principal-foco-em-2025\\\/#breadcrumb\"},\"inLanguage\":\"pt-BR\",\"potentialAction\":[{\"@type\":\"ReadAction\",\"target\":[\"https:\\\/\\\/www.cambe.pr.gov.br\\\/index.php\\\/amepar-define-obras-de-infraestrutura-viaria-na-regiao-como-principal-foco-em-2025\\\/\"]}]},{\"@type\":\"ImageObject\",\"inLanguage\":\"pt-BR\",\"@id\":\"https:\\\/\\\/www.cambe.pr.gov.br\\\/index.php\\\/amepar-define-obras-de-infraestrutura-viaria-na-regiao-como-principal-foco-em-2025\\\/#primaryimage\",\"url\":\"https:\\\/\\\/www.cambe.pr.gov.br\\\/wp-content\\\/uploads\\\/2025\\\/02\\\/Imagem-do-WhatsApp-de-2025-02-21-as-16.57.56_29870fcc.jpg\",\"contentUrl\":\"https:\\\/\\\/www.cambe.pr.gov.br\\\/wp-content\\\/uploads\\\/2025\\\/02\\\/Imagem-do-WhatsApp-de-2025-02-21-as-16.57.56_29870fcc.jpg\",\"width\":1280,\"height\":960},{\"@type\":\"BreadcrumbList\",\"@id\":\"https:\\\/\\\/www.cambe.pr.gov.br\\\/index.php\\\/amepar-define-obras-de-infraestrutura-viaria-na-regiao-como-principal-foco-em-2025\\\/#breadcrumb\",\"itemListElement\":[{\"@type\":\"ListItem\",\"position\":1,\"name\":\"In\u00edcio\",\"item\":\"https:\\\/\\\/www.cambe.pr.gov.br\\\/\"},{\"@type\":\"ListItem\",\"position\":2,\"name\":\"Amepar define obras de infraestrutura via\u0301ria na regia\u0303o como principal foco em 2025\"}]},{\"@type\":\"WebSite\",\"@id\":\"https:\\\/\\\/www.cambe.pr.gov.br\\\/#website\",\"url\":\"https:\\\/\\\/www.cambe.pr.gov.br\\\/\",\"name\":\"Prefeitura de Camb\u00e9\",\"description\":\"UM GOVERNO PARA TODOS\",\"publisher\":{\"@id\":\"https:\\\/\\\/www.cambe.pr.gov.br\\\/#organization\"},\"potentialAction\":[{\"@type\":\"SearchAction\",\"target\":{\"@type\":\"EntryPoint\",\"urlTemplate\":\"https:\\\/\\\/www.cambe.pr.gov.br\\\/?s={search_term_string}\"},\"query-input\":{\"@type\":\"PropertyValueSpecification\",\"valueRequired\":true,\"valueName\":\"search_term_string\"}}],\"inLanguage\":\"pt-BR\"},{\"@type\":\"Organization\",\"@id\":\"https:\\\/\\\/www.cambe.pr.gov.br\\\/#organization\",\"name\":\"Prefeitura de Camb\u00e9\",\"url\":\"https:\\\/\\\/www.cambe.pr.gov.br\\\/\",\"logo\":{\"@type\":\"ImageObject\",\"inLanguage\":\"pt-BR\",\"@id\":\"https:\\\/\\\/www.cambe.pr.gov.br\\\/#\\\/schema\\\/logo\\\/image\\\/\",\"url\":\"https:\\\/\\\/www.cambe.pr.gov.br\\\/wp-content\\\/uploads\\\/2021\\\/01\\\/cropped-cropped-cambe_brazao-icone.png\",\"contentUrl\":\"https:\\\/\\\/www.cambe.pr.gov.br\\\/wp-content\\\/uploads\\\/2021\\\/01\\\/cropped-cropped-cambe_brazao-icone.png\",\"width\":240,\"height\":240,\"caption\":\"Prefeitura de Camb\u00e9\"},\"image\":{\"@id\":\"https:\\\/\\\/www.cambe.pr.gov.br\\\/#\\\/schema\\\/logo\\\/image\\\/\"},\"sameAs\":[\"https:\\\/\\\/m.facebook.com\\\/prefeituradecambe\"]},{\"@type\":\"Person\",\"@id\":\"https:\\\/\\\/www.cambe.pr.gov.br\\\/#\\\/schema\\\/person\\\/8e3ee69cb2cadf4b9f8377407227effd\",\"name\":\"Vinicius Augusto Batista Eira\",\"image\":{\"@type\":\"ImageObject\",\"inLanguage\":\"pt-BR\",\"@id\":\"https:\\\/\\\/secure.gravatar.com\\\/avatar\\\/1ec500de7013b30e1d4d7c8c3978f0e4433c37e5d5e4cd186239369c6440122b?s=96&d=mm&r=g\",\"url\":\"https:\\\/\\\/secure.gravatar.com\\\/avatar\\\/1ec500de7013b30e1d4d7c8c3978f0e4433c37e5d5e4cd186239369c6440122b?s=96&d=mm&r=g\",\"contentUrl\":\"https:\\\/\\\/secure.gravatar.com\\\/avatar\\\/1ec500de7013b30e1d4d7c8c3978f0e4433c37e5d5e4cd186239369c6440122b?s=96&d=mm&r=g\",\"caption\":\"Vinicius Augusto Batista Eira\"},\"url\":\"https:\\\/\\\/www.cambe.pr.gov.br\\\/index.php\\\/author\\\/vabeira\\\/\"}]}<\/script>\n<!-- \/ Yoast SEO plugin. -->","yoast_head_json":{"title":"Amepar define obras de infraestrutura via\u0301ria na regia\u0303o como principal foco em 2025 - Prefeitura de Camb\u00e9","robots":{"index":"index","follow":"follow","max-snippet":"max-snippet:-1","max-image-preview":"max-image-preview:large","max-video-preview":"max-video-preview:-1"},"canonical":"https:\/\/www.cambe.pr.gov.br\/index.php\/amepar-define-obras-de-infraestrutura-viaria-na-regiao-como-principal-foco-em-2025\/","og_locale":"pt_BR","og_type":"article","og_title":"Amepar define obras de infraestrutura via\u0301ria na regia\u0303o como principal foco em 2025 - Prefeitura de Camb\u00e9","og_description":"Os prefeitos que fazem parte da Associa\u00e7\u00e3o dos Munic\u00edpios do M\u00e9dio Paranapanema (Amepar), se reuniram na manh\u00e3 desta sexta-feira (21), na sede da Associa\u00e7\u00e3o em Londrina, para a primeira reuni\u00e3o em conjunto do novo mandato, com o prefeito de Camb\u00e9, Conrado Scheller, como presidente. Nesta primeira reuni\u00e3o da nova gest\u00e3o, foram debatidas pautas relacionadas \u00e0s [&hellip;]","og_url":"https:\/\/www.cambe.pr.gov.br\/index.php\/amepar-define-obras-de-infraestrutura-viaria-na-regiao-como-principal-foco-em-2025\/","og_site_name":"Prefeitura de Camb\u00e9","article_publisher":"https:\/\/m.facebook.com\/prefeituradecambe","article_published_time":"2025-02-21T20:00:17+00:00","og_image":[{"url":"https:\/\/www.cambe.pr.gov.br\/wp-content\/uploads\/2025\/02\/Imagem-do-WhatsApp-de-2025-02-21-as-16.57.56_29870fcc-1024x768.jpg","type":"","width":"","height":""}],"author":"Vinicius Augusto Batista Eira","twitter_card":"summary_large_image","twitter_misc":{"Escrito por":"Vinicius Augusto Batista Eira","Est. tempo de leitura":"4 minutos"},"schema":{"@context":"https:\/\/schema.org","@graph":[{"@type":"Article","@id":"https:\/\/www.cambe.pr.gov.br\/index.php\/amepar-define-obras-de-infraestrutura-viaria-na-regiao-como-principal-foco-em-2025\/#article","isPartOf":{"@id":"https:\/\/www.cambe.pr.gov.br\/index.php\/amepar-define-obras-de-infraestrutura-viaria-na-regiao-como-principal-foco-em-2025\/"},"author":{"name":"Vinicius Augusto Batista Eira","@id":"https:\/\/www.cambe.pr.gov.br\/#\/schema\/person\/8e3ee69cb2cadf4b9f8377407227effd"},"headline":"Amepar define obras de infraestrutura via\u0301ria na regia\u0303o como principal foco em 2025","datePublished":"2025-02-21T20:00:17+00:00","mainEntityOfPage":{"@id":"https:\/\/www.cambe.pr.gov.br\/index.php\/amepar-define-obras-de-infraestrutura-viaria-na-regiao-como-principal-foco-em-2025\/"},"wordCount":805,"publisher":{"@id":"https:\/\/www.cambe.pr.gov.br\/#organization"},"image":{"@id":"https:\/\/www.cambe.pr.gov.br\/index.php\/amepar-define-obras-de-infraestrutura-viaria-na-regiao-como-principal-foco-em-2025\/#primaryimage"},"thumbnailUrl":"https:\/\/www.cambe.pr.gov.br\/wp-content\/uploads\/2025\/02\/Imagem-do-WhatsApp-de-2025-02-21-as-16.57.56_29870fcc-1024x768.jpg","articleSection":["Principal"],"inLanguage":"pt-BR"},{"@type":"WebPage","@id":"https:\/\/www.cambe.pr.gov.br\/index.php\/amepar-define-obras-de-infraestrutura-viaria-na-regiao-como-principal-foco-em-2025\/","url":"https:\/\/www.cambe.pr.gov.br\/index.php\/amepar-define-obras-de-infraestrutura-viaria-na-regiao-como-principal-foco-em-2025\/","name":"Amepar define obras de infraestrutura via\u0301ria na regia\u0303o como principal foco em 2025 - Prefeitura de Camb\u00e9","isPartOf":{"@id":"https:\/\/www.cambe.pr.gov.br\/#website"},"primaryImageOfPage":{"@id":"https:\/\/www.cambe.pr.gov.br\/index.php\/amepar-define-obras-de-infraestrutura-viaria-na-regiao-como-principal-foco-em-2025\/#primaryimage"},"image":{"@id":"https:\/\/www.cambe.pr.gov.br\/index.php\/amepar-define-obras-de-infraestrutura-viaria-na-regiao-como-principal-foco-em-2025\/#primaryimage"},"thumbnailUrl":"https:\/\/www.cambe.pr.gov.br\/wp-content\/uploads\/2025\/02\/Imagem-do-WhatsApp-de-2025-02-21-as-16.57.56_29870fcc-1024x768.jpg","datePublished":"2025-02-21T20:00:17+00:00","breadcrumb":{"@id":"https:\/\/www.cambe.pr.gov.br\/index.php\/amepar-define-obras-de-infraestrutura-viaria-na-regiao-como-principal-foco-em-2025\/#breadcrumb"},"inLanguage":"pt-BR","potentialAction":[{"@type":"ReadAction","target":["https:\/\/www.cambe.pr.gov.br\/index.php\/amepar-define-obras-de-infraestrutura-viaria-na-regiao-como-principal-foco-em-2025\/"]}]},{"@type":"ImageObject","inLanguage":"pt-BR","@id":"https:\/\/www.cambe.pr.gov.br\/index.php\/amepar-define-obras-de-infraestrutura-viaria-na-regiao-como-principal-foco-em-2025\/#primaryimage","url":"https:\/\/www.cambe.pr.gov.br\/wp-content\/uploads\/2025\/02\/Imagem-do-WhatsApp-de-2025-02-21-as-16.57.56_29870fcc.jpg","contentUrl":"https:\/\/www.cambe.pr.gov.br\/wp-content\/uploads\/2025\/02\/Imagem-do-WhatsApp-de-2025-02-21-as-16.57.56_29870fcc.jpg","width":1280,"height":960},{"@type":"BreadcrumbList","@id":"https:\/\/www.cambe.pr.gov.br\/index.php\/amepar-define-obras-de-infraestrutura-viaria-na-regiao-como-principal-foco-em-2025\/#breadcrumb","itemListElement":[{"@type":"ListItem","position":1,"name":"In\u00edcio","item":"https:\/\/www.cambe.pr.gov.br\/"},{"@type":"ListItem","position":2,"name":"Amepar define obras de infraestrutura via\u0301ria na regia\u0303o como principal foco em 2025"}]},{"@type":"WebSite","@id":"https:\/\/www.cambe.pr.gov.br\/#website","url":"https:\/\/www.cambe.pr.gov.br\/","name":"Prefeitura de Camb\u00e9","description":"UM GOVERNO PARA TODOS","publisher":{"@id":"https:\/\/www.cambe.pr.gov.br\/#organization"},"potentialAction":[{"@type":"SearchAction","target":{"@type":"EntryPoint","urlTemplate":"https:\/\/www.cambe.pr.gov.br\/?s={search_term_string}"},"query-input":{"@type":"PropertyValueSpecification","valueRequired":true,"valueName":"search_term_string"}}],"inLanguage":"pt-BR"},{"@type":"Organization","@id":"https:\/\/www.cambe.pr.gov.br\/#organization","name":"Prefeitura de Camb\u00e9","url":"https:\/\/www.cambe.pr.gov.br\/","logo":{"@type":"ImageObject","inLanguage":"pt-BR","@id":"https:\/\/www.cambe.pr.gov.br\/#\/schema\/logo\/image\/","url":"https:\/\/www.cambe.pr.gov.br\/wp-content\/uploads\/2021\/01\/cropped-cropped-cambe_brazao-icone.png","contentUrl":"https:\/\/www.cambe.pr.gov.br\/wp-content\/uploads\/2021\/01\/cropped-cropped-cambe_brazao-icone.png","width":240,"height":240,"caption":"Prefeitura de Camb\u00e9"},"image":{"@id":"https:\/\/www.cambe.pr.gov.br\/#\/schema\/logo\/image\/"},"sameAs":["https:\/\/m.facebook.com\/prefeituradecambe"]},{"@type":"Person","@id":"https:\/\/www.cambe.pr.gov.br\/#\/schema\/person\/8e3ee69cb2cadf4b9f8377407227effd","name":"Vinicius Augusto Batista Eira","image":{"@type":"ImageObject","inLanguage":"pt-BR","@id":"https:\/\/secure.gravatar.com\/avatar\/1ec500de7013b30e1d4d7c8c3978f0e4433c37e5d5e4cd186239369c6440122b?s=96&d=mm&r=g","url":"https:\/\/secure.gravatar.com\/avatar\/1ec500de7013b30e1d4d7c8c3978f0e4433c37e5d5e4cd186239369c6440122b?s=96&d=mm&r=g","contentUrl":"https:\/\/secure.gravatar.com\/avatar\/1ec500de7013b30e1d4d7c8c3978f0e4433c37e5d5e4cd186239369c6440122b?s=96&d=mm&r=g","caption":"Vinicius Augusto Batista Eira"},"url":"https:\/\/www.cambe.pr.gov.br\/index.php\/author\/vabeira\/"}]}},"_links":{"self":[{"href":"https:\/\/www.cambe.pr.gov.br\/index.php\/wp-json\/wp\/v2\/posts\/16164","targetHints":{"allow":["GET"]}}],"collection":[{"href":"https:\/\/www.cambe.pr.gov.br\/index.php\/wp-json\/wp\/v2\/posts"}],"about":[{"href":"https:\/\/www.cambe.pr.gov.br\/index.php\/wp-json\/wp\/v2\/types\/post"}],"author":[{"embeddable":true,"href":"https:\/\/www.cambe.pr.gov.br\/index.php\/wp-json\/wp\/v2\/users\/16"}],"replies":[{"embeddable":true,"href":"https:\/\/www.cambe.pr.gov.br\/index.php\/wp-json\/wp\/v2\/comments?post=16164"}],"version-history":[{"count":2,"href":"https:\/\/www.cambe.pr.gov.br\/index.php\/wp-json\/wp\/v2\/posts\/16164\/revisions"}],"predecessor-version":[{"id":16167,"href":"https:\/\/www.cambe.pr.gov.br\/index.php\/wp-json\/wp\/v2\/posts\/16164\/revisions\/16167"}],"wp:attachment":[{"href":"https:\/\/www.cambe.pr.gov.br\/index.php\/wp-json\/wp\/v2\/media?parent=16164"}],"wp:term":[{"taxonomy":"category","embeddable":true,"href":"https:\/\/www.cambe.pr.gov.br\/index.php\/wp-json\/wp\/v2\/categories?post=16164"},{"taxonomy":"post_tag","embeddable":true,"href":"https:\/\/www.cambe.pr.gov.br\/index.php\/wp-json\/wp\/v2\/tags?post=16164"}],"curies":[{"name":"wp","href":"https:\/\/api.w.org\/{rel}","templated":true}]}}