{"id":16151,"date":"2025-02-20T15:50:48","date_gmt":"2025-02-20T18:50:48","guid":{"rendered":"https:\/\/www.cambe.pr.gov.br\/?p=16151"},"modified":"2025-02-20T15:51:18","modified_gmt":"2025-02-20T18:51:18","slug":"cambe-recebe-maior-polo-estadual-de-empresa-de-tecnologia-e-inovacao-agricola","status":"publish","type":"post","link":"https:\/\/www.cambe.pr.gov.br\/index.php\/cambe-recebe-maior-polo-estadual-de-empresa-de-tecnologia-e-inovacao-agricola\/","title":{"rendered":"Camb\u00e9 recebe maior polo do Sul do Brasil de empresa de tecnologia e inova\u00e7\u00e3o agr\u00edcola"},"content":{"rendered":"<p style=\"text-align: justify;\"><span style=\"font-weight: 400; font-family: arial, helvetica, sans-serif;\"><img fetchpriority=\"high\" decoding=\"async\" class=\"alignleft wp-image-16154 size-large\" src=\"https:\/\/www.cambe.pr.gov.br\/wp-content\/uploads\/2025\/02\/WhatsApp-Image-2025-02-20-at-15.46.08-1024x768.jpeg\" alt=\"O prefeito Conrado Scheller com a diretoria da empresa durante a inaugura\u00e7\u00e3o\" width=\"610\" height=\"458\" srcset=\"https:\/\/www.cambe.pr.gov.br\/wp-content\/uploads\/2025\/02\/WhatsApp-Image-2025-02-20-at-15.46.08-1024x768.jpeg 1024w, https:\/\/www.cambe.pr.gov.br\/wp-content\/uploads\/2025\/02\/WhatsApp-Image-2025-02-20-at-15.46.08-300x225.jpeg 300w, https:\/\/www.cambe.pr.gov.br\/wp-content\/uploads\/2025\/02\/WhatsApp-Image-2025-02-20-at-15.46.08-768x576.jpeg 768w, https:\/\/www.cambe.pr.gov.br\/wp-content\/uploads\/2025\/02\/WhatsApp-Image-2025-02-20-at-15.46.08-400x300.jpeg 400w, https:\/\/www.cambe.pr.gov.br\/wp-content\/uploads\/2025\/02\/WhatsApp-Image-2025-02-20-at-15.46.08.jpeg 1280w\" sizes=\"(max-width: 610px) 100vw, 610px\" \/><\/span><\/p>\n<p style=\"text-align: justify;\"><span style=\"font-weight: 400; font-family: arial, helvetica, sans-serif;\">Visando garantir mais desenvolvimento agr\u00edcola no munic\u00edpio, Camb\u00e9 recebeu o maior polo tecnol\u00f3gico estadual da multinacional Syngenta. A cerim\u00f4nia de inaugura\u00e7\u00e3o do espa\u00e7o foi feita na manh\u00e3 desta quinta-feira (20), na sede da empresa, na Rodovia Celso Garcia Cid, e contou com a presen\u00e7a do prefeito Conrado Scheller, do vice-prefeito Zezinho da Ra\u00e7\u00e3o, da secret\u00e1ria municipal de Desenvolvimento Econ\u00f4mico Lourdes Ma\u00e7olla e demais autoridades.<\/span><\/p>\n<p style=\"text-align: justify;\"><span style=\"font-weight: 400; font-family: arial, helvetica, sans-serif;\">O polo tecnol\u00f3gico da Syngenta Brasil tem como foco fazer a ponte do que existe de solu\u00e7\u00f5es para o campo e desenvolvimento de mercado com o produtor, revertendo problemas em produtividade. Com isso, atrav\u00e9s da empresa, \u00e9 feita essa parceria de campo experimental, explorando ferramentas e solu\u00e7\u00f5es do campo, disponibilizando estrutura de pesquisa e desenvolvimento e recebendo ainda parceiros, institui\u00e7\u00f5es de pesquisa, comunidade e o produtor rural.&nbsp;<\/span><\/p>\n<p style=\"text-align: justify;\"><span style=\"font-weight: 400; font-family: arial, helvetica, sans-serif;\">Matheus Parente, respons\u00e1vel pela equipe de desenvolvimento t\u00e9cnico de mercado da Syngenta na regi\u00e3o, explica que Camb\u00e9 ser\u00e1 a base de toda a regi\u00e3o Sul do Pa\u00eds nesse que \u00e9 maior centro tecnol\u00f3gico da empresa entre os tr\u00eas estados da regi\u00e3o. \u201cCamb\u00e9 se localiza em uma regi\u00e3o estrat\u00e9gica, tanto pela transi\u00e7\u00e3o do Sul para o Sudeste, como pelo clima e cultura. Al\u00e9m disso, \u00e9 um local j\u00e1 com hist\u00f3rico de pesquisa e desenvolvimento. Temos a Embrapa, Iapar-IDR e outras empresas privadas na regi\u00e3o. Realmente, ao n\u00edvel de campo, a gente tem bastante expectativa em trazer resultados. E a Prefeitura foi fundamental. Sempre contamos com esse apoio local e do pr\u00f3prio prefeito Conrado Scheller. Ent\u00e3o, aqui pensando do ponto inicial definido at\u00e9 a inaugura\u00e7\u00e3o, foi simplesmente bem r\u00e1pido e facilitado conforme o que a gente precisava\u201d, ressaltou.<\/span><\/p>\n<p style=\"text-align: justify;\"><span style=\"font-weight: 400; font-family: arial, helvetica, sans-serif;\">O prefeito Conrado Scheller explicou que Camb\u00e9 nunca vai medir esfor\u00e7os para atrair empresas que s\u00e3o beneficiais para o munic\u00edpio. \u201c\u00c9 uma grande alegria poder participar de inaugura\u00e7\u00f5es como essa, que beneficiam o cambeense, o produtor rural cambeense e propiciam o desenvolvimento econ\u00f4mico local. Nosso governo se pauta no trabalho, na gera\u00e7\u00e3o de renda, e trazer polos como esse, que beneficiam toda a regi\u00e3o, \u00e9 um motivo de orgulho para n\u00f3s\u201d.<\/span><\/p>\n<p style=\"text-align: justify;\"><span style=\"font-weight: 400; font-family: arial, helvetica, sans-serif;\">A secret\u00e1ria de Desenvolvimento Econ\u00f4mico, Lourdes Ma\u00e7olla, destacou que os esfor\u00e7os para atra\u00e7\u00e3o de uma multinacional como a Syngenta contribui para o desenvolvimento agr\u00edcola e econ\u00f4mico de Camb\u00e9, e ajuda na otimiza\u00e7\u00e3o e compartilhamento de informa\u00e7\u00f5es com o produtor rural. \u201cIsso porque a Syngenta \u00e9 uma empresa que hoje tem v\u00e1rias plataformas inovadoras. Em consequ\u00eancia, a gente fala desse atendimento, todo esse portf\u00f3lio que eles t\u00eam para oferecer para n\u00f3s, que gera aumento da produtividade agr\u00edcola. Isso traz renda para o munic\u00edpio, desenvolve a economia local e gera benef\u00edcios para todos\u201d, disse a secret\u00e1ria.<\/span><\/p>\n","protected":false},"excerpt":{"rendered":"<p>Visando garantir mais desenvolvimento agr\u00edcola no munic\u00edpio, Camb\u00e9 recebeu o maior polo tecnol\u00f3gico estadual da multinacional Syngenta. A cerim\u00f4nia de inaugura\u00e7\u00e3o do espa\u00e7o foi feita na manh\u00e3 desta quinta-feira (20), na sede da empresa, na Rodovia Celso Garcia Cid, e contou com a presen\u00e7a do prefeito Conrado Scheller, do vice-prefeito Zezinho da Ra\u00e7\u00e3o, da secret\u00e1ria [&hellip;]<\/p>\n","protected":false},"author":16,"featured_media":0,"comment_status":"closed","ping_status":"closed","sticky":false,"template":"","format":"standard","meta":{"ngg_post_thumbnail":0,"footnotes":""},"categories":[1],"tags":[],"class_list":["post-16151","post","type-post","status-publish","format-standard","hentry","category-principal"],"yoast_head":"<!-- This site is optimized with the Yoast SEO plugin v27.4 - https:\/\/yoast.com\/product\/yoast-seo-wordpress\/ -->\n<title>Camb\u00e9 recebe maior polo do Sul do Brasil de empresa de tecnologia e inova\u00e7\u00e3o agr\u00edcola - Prefeitura de Camb\u00e9<\/title>\n<meta name=\"robots\" content=\"index, follow, max-snippet:-1, max-image-preview:large, max-video-preview:-1\" \/>\n<link rel=\"canonical\" href=\"https:\/\/www.cambe.pr.gov.br\/index.php\/cambe-recebe-maior-polo-estadual-de-empresa-de-tecnologia-e-inovacao-agricola\/\" \/>\n<meta property=\"og:locale\" content=\"pt_BR\" \/>\n<meta property=\"og:type\" content=\"article\" \/>\n<meta property=\"og:title\" content=\"Camb\u00e9 recebe maior polo do Sul do Brasil de empresa de tecnologia e inova\u00e7\u00e3o agr\u00edcola - Prefeitura de Camb\u00e9\" \/>\n<meta property=\"og:description\" content=\"Visando garantir mais desenvolvimento agr\u00edcola no munic\u00edpio, Camb\u00e9 recebeu o maior polo tecnol\u00f3gico estadual da multinacional Syngenta. A cerim\u00f4nia de inaugura\u00e7\u00e3o do espa\u00e7o foi feita na manh\u00e3 desta quinta-feira (20), na sede da empresa, na Rodovia Celso Garcia Cid, e contou com a presen\u00e7a do prefeito Conrado Scheller, do vice-prefeito Zezinho da Ra\u00e7\u00e3o, da secret\u00e1ria [&hellip;]\" \/>\n<meta property=\"og:url\" content=\"https:\/\/www.cambe.pr.gov.br\/index.php\/cambe-recebe-maior-polo-estadual-de-empresa-de-tecnologia-e-inovacao-agricola\/\" \/>\n<meta property=\"og:site_name\" content=\"Prefeitura de Camb\u00e9\" \/>\n<meta property=\"article:publisher\" content=\"https:\/\/m.facebook.com\/prefeituradecambe\" \/>\n<meta property=\"article:published_time\" content=\"2025-02-20T18:50:48+00:00\" \/>\n<meta property=\"article:modified_time\" content=\"2025-02-20T18:51:18+00:00\" \/>\n<meta property=\"og:image\" content=\"https:\/\/www.cambe.pr.gov.br\/wp-content\/uploads\/2025\/02\/WhatsApp-Image-2025-02-20-at-15.46.08-1024x768.jpeg\" \/>\n<meta name=\"author\" content=\"Vinicius Augusto Batista Eira\" \/>\n<meta name=\"twitter:card\" content=\"summary_large_image\" \/>\n<meta name=\"twitter:label1\" content=\"Escrito por\" \/>\n\t<meta name=\"twitter:data1\" content=\"Vinicius Augusto Batista Eira\" \/>\n\t<meta name=\"twitter:label2\" content=\"Est. tempo de leitura\" \/>\n\t<meta name=\"twitter:data2\" content=\"3 minutos\" \/>\n<script type=\"application\/ld+json\" class=\"yoast-schema-graph\">{\"@context\":\"https:\\\/\\\/schema.org\",\"@graph\":[{\"@type\":\"Article\",\"@id\":\"https:\\\/\\\/www.cambe.pr.gov.br\\\/index.php\\\/cambe-recebe-maior-polo-estadual-de-empresa-de-tecnologia-e-inovacao-agricola\\\/#article\",\"isPartOf\":{\"@id\":\"https:\\\/\\\/www.cambe.pr.gov.br\\\/index.php\\\/cambe-recebe-maior-polo-estadual-de-empresa-de-tecnologia-e-inovacao-agricola\\\/\"},\"author\":{\"name\":\"Vinicius Augusto Batista Eira\",\"@id\":\"https:\\\/\\\/www.cambe.pr.gov.br\\\/#\\\/schema\\\/person\\\/8e3ee69cb2cadf4b9f8377407227effd\"},\"headline\":\"Camb\u00e9 recebe maior polo do Sul do Brasil de empresa de tecnologia e inova\u00e7\u00e3o agr\u00edcola\",\"datePublished\":\"2025-02-20T18:50:48+00:00\",\"dateModified\":\"2025-02-20T18:51:18+00:00\",\"mainEntityOfPage\":{\"@id\":\"https:\\\/\\\/www.cambe.pr.gov.br\\\/index.php\\\/cambe-recebe-maior-polo-estadual-de-empresa-de-tecnologia-e-inovacao-agricola\\\/\"},\"wordCount\":504,\"publisher\":{\"@id\":\"https:\\\/\\\/www.cambe.pr.gov.br\\\/#organization\"},\"image\":{\"@id\":\"https:\\\/\\\/www.cambe.pr.gov.br\\\/index.php\\\/cambe-recebe-maior-polo-estadual-de-empresa-de-tecnologia-e-inovacao-agricola\\\/#primaryimage\"},\"thumbnailUrl\":\"https:\\\/\\\/www.cambe.pr.gov.br\\\/wp-content\\\/uploads\\\/2025\\\/02\\\/WhatsApp-Image-2025-02-20-at-15.46.08-1024x768.jpeg\",\"articleSection\":[\"Principal\"],\"inLanguage\":\"pt-BR\"},{\"@type\":\"WebPage\",\"@id\":\"https:\\\/\\\/www.cambe.pr.gov.br\\\/index.php\\\/cambe-recebe-maior-polo-estadual-de-empresa-de-tecnologia-e-inovacao-agricola\\\/\",\"url\":\"https:\\\/\\\/www.cambe.pr.gov.br\\\/index.php\\\/cambe-recebe-maior-polo-estadual-de-empresa-de-tecnologia-e-inovacao-agricola\\\/\",\"name\":\"Camb\u00e9 recebe maior polo do Sul do Brasil de empresa de tecnologia e inova\u00e7\u00e3o agr\u00edcola - Prefeitura de Camb\u00e9\",\"isPartOf\":{\"@id\":\"https:\\\/\\\/www.cambe.pr.gov.br\\\/#website\"},\"primaryImageOfPage\":{\"@id\":\"https:\\\/\\\/www.cambe.pr.gov.br\\\/index.php\\\/cambe-recebe-maior-polo-estadual-de-empresa-de-tecnologia-e-inovacao-agricola\\\/#primaryimage\"},\"image\":{\"@id\":\"https:\\\/\\\/www.cambe.pr.gov.br\\\/index.php\\\/cambe-recebe-maior-polo-estadual-de-empresa-de-tecnologia-e-inovacao-agricola\\\/#primaryimage\"},\"thumbnailUrl\":\"https:\\\/\\\/www.cambe.pr.gov.br\\\/wp-content\\\/uploads\\\/2025\\\/02\\\/WhatsApp-Image-2025-02-20-at-15.46.08-1024x768.jpeg\",\"datePublished\":\"2025-02-20T18:50:48+00:00\",\"dateModified\":\"2025-02-20T18:51:18+00:00\",\"breadcrumb\":{\"@id\":\"https:\\\/\\\/www.cambe.pr.gov.br\\\/index.php\\\/cambe-recebe-maior-polo-estadual-de-empresa-de-tecnologia-e-inovacao-agricola\\\/#breadcrumb\"},\"inLanguage\":\"pt-BR\",\"potentialAction\":[{\"@type\":\"ReadAction\",\"target\":[\"https:\\\/\\\/www.cambe.pr.gov.br\\\/index.php\\\/cambe-recebe-maior-polo-estadual-de-empresa-de-tecnologia-e-inovacao-agricola\\\/\"]}]},{\"@type\":\"ImageObject\",\"inLanguage\":\"pt-BR\",\"@id\":\"https:\\\/\\\/www.cambe.pr.gov.br\\\/index.php\\\/cambe-recebe-maior-polo-estadual-de-empresa-de-tecnologia-e-inovacao-agricola\\\/#primaryimage\",\"url\":\"https:\\\/\\\/www.cambe.pr.gov.br\\\/wp-content\\\/uploads\\\/2025\\\/02\\\/WhatsApp-Image-2025-02-20-at-15.46.08.jpeg\",\"contentUrl\":\"https:\\\/\\\/www.cambe.pr.gov.br\\\/wp-content\\\/uploads\\\/2025\\\/02\\\/WhatsApp-Image-2025-02-20-at-15.46.08.jpeg\",\"width\":1280,\"height\":960},{\"@type\":\"BreadcrumbList\",\"@id\":\"https:\\\/\\\/www.cambe.pr.gov.br\\\/index.php\\\/cambe-recebe-maior-polo-estadual-de-empresa-de-tecnologia-e-inovacao-agricola\\\/#breadcrumb\",\"itemListElement\":[{\"@type\":\"ListItem\",\"position\":1,\"name\":\"In\u00edcio\",\"item\":\"https:\\\/\\\/www.cambe.pr.gov.br\\\/\"},{\"@type\":\"ListItem\",\"position\":2,\"name\":\"Camb\u00e9 recebe maior polo do Sul do Brasil de empresa de tecnologia e inova\u00e7\u00e3o agr\u00edcola\"}]},{\"@type\":\"WebSite\",\"@id\":\"https:\\\/\\\/www.cambe.pr.gov.br\\\/#website\",\"url\":\"https:\\\/\\\/www.cambe.pr.gov.br\\\/\",\"name\":\"Prefeitura de Camb\u00e9\",\"description\":\"UM GOVERNO PARA TODOS\",\"publisher\":{\"@id\":\"https:\\\/\\\/www.cambe.pr.gov.br\\\/#organization\"},\"potentialAction\":[{\"@type\":\"SearchAction\",\"target\":{\"@type\":\"EntryPoint\",\"urlTemplate\":\"https:\\\/\\\/www.cambe.pr.gov.br\\\/?s={search_term_string}\"},\"query-input\":{\"@type\":\"PropertyValueSpecification\",\"valueRequired\":true,\"valueName\":\"search_term_string\"}}],\"inLanguage\":\"pt-BR\"},{\"@type\":\"Organization\",\"@id\":\"https:\\\/\\\/www.cambe.pr.gov.br\\\/#organization\",\"name\":\"Prefeitura de Camb\u00e9\",\"url\":\"https:\\\/\\\/www.cambe.pr.gov.br\\\/\",\"logo\":{\"@type\":\"ImageObject\",\"inLanguage\":\"pt-BR\",\"@id\":\"https:\\\/\\\/www.cambe.pr.gov.br\\\/#\\\/schema\\\/logo\\\/image\\\/\",\"url\":\"https:\\\/\\\/www.cambe.pr.gov.br\\\/wp-content\\\/uploads\\\/2021\\\/01\\\/cropped-cropped-cambe_brazao-icone.png\",\"contentUrl\":\"https:\\\/\\\/www.cambe.pr.gov.br\\\/wp-content\\\/uploads\\\/2021\\\/01\\\/cropped-cropped-cambe_brazao-icone.png\",\"width\":240,\"height\":240,\"caption\":\"Prefeitura de Camb\u00e9\"},\"image\":{\"@id\":\"https:\\\/\\\/www.cambe.pr.gov.br\\\/#\\\/schema\\\/logo\\\/image\\\/\"},\"sameAs\":[\"https:\\\/\\\/m.facebook.com\\\/prefeituradecambe\"]},{\"@type\":\"Person\",\"@id\":\"https:\\\/\\\/www.cambe.pr.gov.br\\\/#\\\/schema\\\/person\\\/8e3ee69cb2cadf4b9f8377407227effd\",\"name\":\"Vinicius Augusto Batista Eira\",\"image\":{\"@type\":\"ImageObject\",\"inLanguage\":\"pt-BR\",\"@id\":\"https:\\\/\\\/secure.gravatar.com\\\/avatar\\\/1ec500de7013b30e1d4d7c8c3978f0e4433c37e5d5e4cd186239369c6440122b?s=96&d=mm&r=g\",\"url\":\"https:\\\/\\\/secure.gravatar.com\\\/avatar\\\/1ec500de7013b30e1d4d7c8c3978f0e4433c37e5d5e4cd186239369c6440122b?s=96&d=mm&r=g\",\"contentUrl\":\"https:\\\/\\\/secure.gravatar.com\\\/avatar\\\/1ec500de7013b30e1d4d7c8c3978f0e4433c37e5d5e4cd186239369c6440122b?s=96&d=mm&r=g\",\"caption\":\"Vinicius Augusto Batista Eira\"},\"url\":\"https:\\\/\\\/www.cambe.pr.gov.br\\\/index.php\\\/author\\\/vabeira\\\/\"}]}<\/script>\n<!-- \/ Yoast SEO plugin. -->","yoast_head_json":{"title":"Camb\u00e9 recebe maior polo do Sul do Brasil de empresa de tecnologia e inova\u00e7\u00e3o agr\u00edcola - Prefeitura de Camb\u00e9","robots":{"index":"index","follow":"follow","max-snippet":"max-snippet:-1","max-image-preview":"max-image-preview:large","max-video-preview":"max-video-preview:-1"},"canonical":"https:\/\/www.cambe.pr.gov.br\/index.php\/cambe-recebe-maior-polo-estadual-de-empresa-de-tecnologia-e-inovacao-agricola\/","og_locale":"pt_BR","og_type":"article","og_title":"Camb\u00e9 recebe maior polo do Sul do Brasil de empresa de tecnologia e inova\u00e7\u00e3o agr\u00edcola - Prefeitura de Camb\u00e9","og_description":"Visando garantir mais desenvolvimento agr\u00edcola no munic\u00edpio, Camb\u00e9 recebeu o maior polo tecnol\u00f3gico estadual da multinacional Syngenta. A cerim\u00f4nia de inaugura\u00e7\u00e3o do espa\u00e7o foi feita na manh\u00e3 desta quinta-feira (20), na sede da empresa, na Rodovia Celso Garcia Cid, e contou com a presen\u00e7a do prefeito Conrado Scheller, do vice-prefeito Zezinho da Ra\u00e7\u00e3o, da secret\u00e1ria [&hellip;]","og_url":"https:\/\/www.cambe.pr.gov.br\/index.php\/cambe-recebe-maior-polo-estadual-de-empresa-de-tecnologia-e-inovacao-agricola\/","og_site_name":"Prefeitura de Camb\u00e9","article_publisher":"https:\/\/m.facebook.com\/prefeituradecambe","article_published_time":"2025-02-20T18:50:48+00:00","article_modified_time":"2025-02-20T18:51:18+00:00","og_image":[{"url":"https:\/\/www.cambe.pr.gov.br\/wp-content\/uploads\/2025\/02\/WhatsApp-Image-2025-02-20-at-15.46.08-1024x768.jpeg","type":"","width":"","height":""}],"author":"Vinicius Augusto Batista Eira","twitter_card":"summary_large_image","twitter_misc":{"Escrito por":"Vinicius Augusto Batista Eira","Est. tempo de leitura":"3 minutos"},"schema":{"@context":"https:\/\/schema.org","@graph":[{"@type":"Article","@id":"https:\/\/www.cambe.pr.gov.br\/index.php\/cambe-recebe-maior-polo-estadual-de-empresa-de-tecnologia-e-inovacao-agricola\/#article","isPartOf":{"@id":"https:\/\/www.cambe.pr.gov.br\/index.php\/cambe-recebe-maior-polo-estadual-de-empresa-de-tecnologia-e-inovacao-agricola\/"},"author":{"name":"Vinicius Augusto Batista Eira","@id":"https:\/\/www.cambe.pr.gov.br\/#\/schema\/person\/8e3ee69cb2cadf4b9f8377407227effd"},"headline":"Camb\u00e9 recebe maior polo do Sul do Brasil de empresa de tecnologia e inova\u00e7\u00e3o agr\u00edcola","datePublished":"2025-02-20T18:50:48+00:00","dateModified":"2025-02-20T18:51:18+00:00","mainEntityOfPage":{"@id":"https:\/\/www.cambe.pr.gov.br\/index.php\/cambe-recebe-maior-polo-estadual-de-empresa-de-tecnologia-e-inovacao-agricola\/"},"wordCount":504,"publisher":{"@id":"https:\/\/www.cambe.pr.gov.br\/#organization"},"image":{"@id":"https:\/\/www.cambe.pr.gov.br\/index.php\/cambe-recebe-maior-polo-estadual-de-empresa-de-tecnologia-e-inovacao-agricola\/#primaryimage"},"thumbnailUrl":"https:\/\/www.cambe.pr.gov.br\/wp-content\/uploads\/2025\/02\/WhatsApp-Image-2025-02-20-at-15.46.08-1024x768.jpeg","articleSection":["Principal"],"inLanguage":"pt-BR"},{"@type":"WebPage","@id":"https:\/\/www.cambe.pr.gov.br\/index.php\/cambe-recebe-maior-polo-estadual-de-empresa-de-tecnologia-e-inovacao-agricola\/","url":"https:\/\/www.cambe.pr.gov.br\/index.php\/cambe-recebe-maior-polo-estadual-de-empresa-de-tecnologia-e-inovacao-agricola\/","name":"Camb\u00e9 recebe maior polo do Sul do Brasil de empresa de tecnologia e inova\u00e7\u00e3o agr\u00edcola - Prefeitura de Camb\u00e9","isPartOf":{"@id":"https:\/\/www.cambe.pr.gov.br\/#website"},"primaryImageOfPage":{"@id":"https:\/\/www.cambe.pr.gov.br\/index.php\/cambe-recebe-maior-polo-estadual-de-empresa-de-tecnologia-e-inovacao-agricola\/#primaryimage"},"image":{"@id":"https:\/\/www.cambe.pr.gov.br\/index.php\/cambe-recebe-maior-polo-estadual-de-empresa-de-tecnologia-e-inovacao-agricola\/#primaryimage"},"thumbnailUrl":"https:\/\/www.cambe.pr.gov.br\/wp-content\/uploads\/2025\/02\/WhatsApp-Image-2025-02-20-at-15.46.08-1024x768.jpeg","datePublished":"2025-02-20T18:50:48+00:00","dateModified":"2025-02-20T18:51:18+00:00","breadcrumb":{"@id":"https:\/\/www.cambe.pr.gov.br\/index.php\/cambe-recebe-maior-polo-estadual-de-empresa-de-tecnologia-e-inovacao-agricola\/#breadcrumb"},"inLanguage":"pt-BR","potentialAction":[{"@type":"ReadAction","target":["https:\/\/www.cambe.pr.gov.br\/index.php\/cambe-recebe-maior-polo-estadual-de-empresa-de-tecnologia-e-inovacao-agricola\/"]}]},{"@type":"ImageObject","inLanguage":"pt-BR","@id":"https:\/\/www.cambe.pr.gov.br\/index.php\/cambe-recebe-maior-polo-estadual-de-empresa-de-tecnologia-e-inovacao-agricola\/#primaryimage","url":"https:\/\/www.cambe.pr.gov.br\/wp-content\/uploads\/2025\/02\/WhatsApp-Image-2025-02-20-at-15.46.08.jpeg","contentUrl":"https:\/\/www.cambe.pr.gov.br\/wp-content\/uploads\/2025\/02\/WhatsApp-Image-2025-02-20-at-15.46.08.jpeg","width":1280,"height":960},{"@type":"BreadcrumbList","@id":"https:\/\/www.cambe.pr.gov.br\/index.php\/cambe-recebe-maior-polo-estadual-de-empresa-de-tecnologia-e-inovacao-agricola\/#breadcrumb","itemListElement":[{"@type":"ListItem","position":1,"name":"In\u00edcio","item":"https:\/\/www.cambe.pr.gov.br\/"},{"@type":"ListItem","position":2,"name":"Camb\u00e9 recebe maior polo do Sul do Brasil de empresa de tecnologia e inova\u00e7\u00e3o agr\u00edcola"}]},{"@type":"WebSite","@id":"https:\/\/www.cambe.pr.gov.br\/#website","url":"https:\/\/www.cambe.pr.gov.br\/","name":"Prefeitura de Camb\u00e9","description":"UM GOVERNO PARA TODOS","publisher":{"@id":"https:\/\/www.cambe.pr.gov.br\/#organization"},"potentialAction":[{"@type":"SearchAction","target":{"@type":"EntryPoint","urlTemplate":"https:\/\/www.cambe.pr.gov.br\/?s={search_term_string}"},"query-input":{"@type":"PropertyValueSpecification","valueRequired":true,"valueName":"search_term_string"}}],"inLanguage":"pt-BR"},{"@type":"Organization","@id":"https:\/\/www.cambe.pr.gov.br\/#organization","name":"Prefeitura de Camb\u00e9","url":"https:\/\/www.cambe.pr.gov.br\/","logo":{"@type":"ImageObject","inLanguage":"pt-BR","@id":"https:\/\/www.cambe.pr.gov.br\/#\/schema\/logo\/image\/","url":"https:\/\/www.cambe.pr.gov.br\/wp-content\/uploads\/2021\/01\/cropped-cropped-cambe_brazao-icone.png","contentUrl":"https:\/\/www.cambe.pr.gov.br\/wp-content\/uploads\/2021\/01\/cropped-cropped-cambe_brazao-icone.png","width":240,"height":240,"caption":"Prefeitura de Camb\u00e9"},"image":{"@id":"https:\/\/www.cambe.pr.gov.br\/#\/schema\/logo\/image\/"},"sameAs":["https:\/\/m.facebook.com\/prefeituradecambe"]},{"@type":"Person","@id":"https:\/\/www.cambe.pr.gov.br\/#\/schema\/person\/8e3ee69cb2cadf4b9f8377407227effd","name":"Vinicius Augusto Batista Eira","image":{"@type":"ImageObject","inLanguage":"pt-BR","@id":"https:\/\/secure.gravatar.com\/avatar\/1ec500de7013b30e1d4d7c8c3978f0e4433c37e5d5e4cd186239369c6440122b?s=96&d=mm&r=g","url":"https:\/\/secure.gravatar.com\/avatar\/1ec500de7013b30e1d4d7c8c3978f0e4433c37e5d5e4cd186239369c6440122b?s=96&d=mm&r=g","contentUrl":"https:\/\/secure.gravatar.com\/avatar\/1ec500de7013b30e1d4d7c8c3978f0e4433c37e5d5e4cd186239369c6440122b?s=96&d=mm&r=g","caption":"Vinicius Augusto Batista Eira"},"url":"https:\/\/www.cambe.pr.gov.br\/index.php\/author\/vabeira\/"}]}},"_links":{"self":[{"href":"https:\/\/www.cambe.pr.gov.br\/index.php\/wp-json\/wp\/v2\/posts\/16151","targetHints":{"allow":["GET"]}}],"collection":[{"href":"https:\/\/www.cambe.pr.gov.br\/index.php\/wp-json\/wp\/v2\/posts"}],"about":[{"href":"https:\/\/www.cambe.pr.gov.br\/index.php\/wp-json\/wp\/v2\/types\/post"}],"author":[{"embeddable":true,"href":"https:\/\/www.cambe.pr.gov.br\/index.php\/wp-json\/wp\/v2\/users\/16"}],"replies":[{"embeddable":true,"href":"https:\/\/www.cambe.pr.gov.br\/index.php\/wp-json\/wp\/v2\/comments?post=16151"}],"version-history":[{"count":4,"href":"https:\/\/www.cambe.pr.gov.br\/index.php\/wp-json\/wp\/v2\/posts\/16151\/revisions"}],"predecessor-version":[{"id":16156,"href":"https:\/\/www.cambe.pr.gov.br\/index.php\/wp-json\/wp\/v2\/posts\/16151\/revisions\/16156"}],"wp:attachment":[{"href":"https:\/\/www.cambe.pr.gov.br\/index.php\/wp-json\/wp\/v2\/media?parent=16151"}],"wp:term":[{"taxonomy":"category","embeddable":true,"href":"https:\/\/www.cambe.pr.gov.br\/index.php\/wp-json\/wp\/v2\/categories?post=16151"},{"taxonomy":"post_tag","embeddable":true,"href":"https:\/\/www.cambe.pr.gov.br\/index.php\/wp-json\/wp\/v2\/tags?post=16151"}],"curies":[{"name":"wp","href":"https:\/\/api.w.org\/{rel}","templated":true}]}}