{"id":16144,"date":"2025-02-20T14:04:59","date_gmt":"2025-02-20T17:04:59","guid":{"rendered":"https:\/\/www.cambe.pr.gov.br\/?p=16144"},"modified":"2025-02-20T14:19:45","modified_gmt":"2025-02-20T17:19:45","slug":"primeira-fase-da-obra-de-expansao-da-rede-de-gas-canalizado-da-compagas-e-entregue-na-regiao-de-cambe","status":"publish","type":"post","link":"https:\/\/www.cambe.pr.gov.br\/index.php\/primeira-fase-da-obra-de-expansao-da-rede-de-gas-canalizado-da-compagas-e-entregue-na-regiao-de-cambe\/","title":{"rendered":"Primeira fase da obra de expans\u00e3o da rede de g\u00e1s da Compagas \u00e9 entregue na regi\u00e3o de Camb\u00e9"},"content":{"rendered":"<div id=\"attachment_16145\" style=\"width: 620px\" class=\"wp-caption alignleft\"><img fetchpriority=\"high\" decoding=\"async\" aria-describedby=\"caption-attachment-16145\" class=\"size-large wp-image-16145\" src=\"https:\/\/www.cambe.pr.gov.br\/wp-content\/uploads\/2025\/02\/whatsapp_image_2025-02-20_at_11.43.19-1024x681.jpg\" alt=\"\" width=\"610\" height=\"406\" srcset=\"https:\/\/www.cambe.pr.gov.br\/wp-content\/uploads\/2025\/02\/whatsapp_image_2025-02-20_at_11.43.19-1024x681.jpg 1024w, https:\/\/www.cambe.pr.gov.br\/wp-content\/uploads\/2025\/02\/whatsapp_image_2025-02-20_at_11.43.19-300x200.jpg 300w, https:\/\/www.cambe.pr.gov.br\/wp-content\/uploads\/2025\/02\/whatsapp_image_2025-02-20_at_11.43.19-768x511.jpg 768w, https:\/\/www.cambe.pr.gov.br\/wp-content\/uploads\/2025\/02\/whatsapp_image_2025-02-20_at_11.43.19-1536x1022.jpg 1536w, https:\/\/www.cambe.pr.gov.br\/wp-content\/uploads\/2025\/02\/whatsapp_image_2025-02-20_at_11.43.19-2048x1363.jpg 2048w\" sizes=\"(max-width: 610px) 100vw, 610px\" \/><p id=\"caption-attachment-16145\" class=\"wp-caption-text\">O prefeito Conrado Scheller e demais autoridades celebram a entrega das primeiras obras de g\u00e1s natural na regi\u00e3o (Ari Dias\/AEN)<\/p><\/div>\n<p style=\"text-align: justify;\"><span style=\"font-weight: 400; font-family: arial, helvetica, sans-serif;\">Em evento realizado na manh\u00e3 desta quinta-feira (20), a Compagas entregou a primeira fase da expans\u00e3o da rede de g\u00e1s canalizado em Londrina. Foram instalados quatro quil\u00f4metros de dutos entre a cidade vizinha e Camb\u00e9. O prefeito Conrado Scheller participou da solenidade, junto com o governador Ratinho Junior, o prefeito de Londrina Tiago Amaral, o presidente da Compagas Rafael Lamastra Junior e demais autoridades locais.<\/span><\/p>\n<p style=\"text-align: justify;\"><span style=\"font-weight: 400; font-family: arial, helvetica, sans-serif;\">Essa foi a entrega simb\u00f3lica dos primeiros dutos de uma rede prevista com 70 quil\u00f4metros na regi\u00e3o, al\u00e9m de outros 19 quil\u00f4metros em Maring\u00e1. Ao todo, ser\u00e3o investidos R$ 100 milh\u00f5es no Norte do Paran\u00e1 at\u00e9 2029. J\u00e1 entre 2029 e 2032, a Compagas ainda prev\u00ea a liga\u00e7\u00e3o direta de toda a rede entre Londrina e Maring\u00e1, consolidando a malha norte de dutos.<\/span><\/p>\n<p style=\"text-align: justify;\"><span style=\"font-weight: 400; font-family: arial, helvetica, sans-serif;\">O objetivo \u00e9 atender principalmente ind\u00fastrias de Camb\u00e9 e Londrina, al\u00e9m de clientes residenciais, comerciais e a demanda veicular. E em um refor\u00e7o ao compromisso com matrizes energ\u00e9ticas limpas e renov\u00e1veis, os dutos ainda permitir\u00e3o a incorpora\u00e7\u00e3o de biometano \u00e0 rede, produzido na regi\u00e3o a partir de substrato vegetal.<\/span><\/p>\n<p style=\"text-align: justify;\"><span style=\"font-weight: 400; font-family: arial, helvetica, sans-serif;\">O prefeito Conrado Scheller ressaltou que esse \u00e9 um investimento que garante um salto de qualidade e pleno desenvolvimento na regi\u00e3o. \u201cCom a oferta de g\u00e1s natural, garantimos tr\u00eas desenvolvimentos. O desenvolvimento econ\u00f4mico, para as empresas que j\u00e1 est\u00e3o aqui e \u00e0quelas que ainda buscam a regi\u00e3o; que consequentemente traz desenvolvimento humano, e n\u00e3o tem uma forma melhor disso sem trabalho, economia e ind\u00fastria; e ainda temos o desenvolvimento sustent\u00e1vel que preserva a natureza e as belezas do Paran\u00e1. \u00c9 uma obra fundamental para toda a regi\u00e3o\u201d, disse.<\/span><\/p>\n<p style=\"text-align: justify;\"><span style=\"font-weight: 400; font-family: arial, helvetica, sans-serif;\">&#8220;Estas s\u00e3o obras muito importantes para o desenvolvimento econ\u00f4mico de Londrina e regi\u00e3o. A gente sabe que a quest\u00e3o energ\u00e9tica \u00e9 um fator-chave quando uma ind\u00fastria decide se instalar em uma cidade. Esta expans\u00e3o de rede vai em dire\u00e7\u00e3o do nosso plano de dar condi\u00e7\u00f5es para as empresas investirem em novos empreendimentos em todo o Estado. Isso promove a gera\u00e7\u00e3o de emprego e renda para toda a regi\u00e3o&#8221;, afirmou o governador Ratinho Junior.\u00a0<\/span><\/p>\n<p style=\"text-align: justify;\"><span style=\"font-weight: 400; font-family: arial, helvetica, sans-serif;\">O prefeito Tiago Amaral tamb\u00e9m destacou o desenvolvimento econ\u00f4mico que obras como as de g\u00e1s natural pode gerar. &#8220;Este duto \u00e9 fundamental para dar um diferencial \u00fanico ao n\u00edvel nacional para Londrina atrair novas ind\u00fastrias e novos neg\u00f3cios que estejam comprometidos com o desenvolvimento sustent\u00e1vel. Vamos usar o biometano para promover uma mudan\u00e7a na matriz energ\u00e9tica local e aproveitar todo o potencial que a nossa cidade tem.\u201d<\/span><\/p>\n<p style=\"text-align: justify;\"><span style=\"font-weight: 400; font-family: arial, helvetica, sans-serif;\">Rafael Lamastra Junior, presidente da companhia de g\u00e1s, explicou que a regi\u00e3o \u00e9 a primeira no Paran\u00e1 todo a receber g\u00e1s natural, garantindo desenvolvimento sustent\u00e1vel e pioneirismo para Camb\u00e9 e Londrina. \u201cEstamos muito orgulhosos e entusiasmados em entregar a primeira fase de um projeto de expans\u00e3o, que vai trazer mais desenvolvimento para Londrina e, em especial, vai posicionar a cidade como a primeira no Paran\u00e1 a receber o biometano como combust\u00edvel. Ou seja, um energ\u00e9tico limpo e sustent\u00e1vel para movimentar a cidade e trazer ainda mais conforto, seguran\u00e7a e praticidade para os segmentos que atuamos\u201d.<\/span><\/p>\n","protected":false},"excerpt":{"rendered":"<p>Em evento realizado na manh\u00e3 desta quinta-feira (20), a Compagas entregou a primeira fase da expans\u00e3o da rede de g\u00e1s canalizado em Londrina. Foram instalados quatro quil\u00f4metros de dutos entre a cidade vizinha e Camb\u00e9. O prefeito Conrado Scheller participou da solenidade, junto com o governador Ratinho Junior, o prefeito de Londrina Tiago Amaral, o [&hellip;]<\/p>\n","protected":false},"author":16,"featured_media":0,"comment_status":"closed","ping_status":"closed","sticky":false,"template":"","format":"standard","meta":{"ngg_post_thumbnail":0,"footnotes":""},"categories":[1],"tags":[],"class_list":["post-16144","post","type-post","status-publish","format-standard","hentry","category-principal"],"yoast_head":"<!-- This site is optimized with the Yoast SEO plugin v27.4 - https:\/\/yoast.com\/product\/yoast-seo-wordpress\/ -->\n<title>Primeira fase da obra de expans\u00e3o da rede de g\u00e1s da Compagas \u00e9 entregue na regi\u00e3o de Camb\u00e9 - Prefeitura de Camb\u00e9<\/title>\n<meta name=\"robots\" content=\"index, follow, max-snippet:-1, max-image-preview:large, max-video-preview:-1\" \/>\n<link rel=\"canonical\" href=\"https:\/\/www.cambe.pr.gov.br\/index.php\/primeira-fase-da-obra-de-expansao-da-rede-de-gas-canalizado-da-compagas-e-entregue-na-regiao-de-cambe\/\" \/>\n<meta property=\"og:locale\" content=\"pt_BR\" \/>\n<meta property=\"og:type\" content=\"article\" \/>\n<meta property=\"og:title\" content=\"Primeira fase da obra de expans\u00e3o da rede de g\u00e1s da Compagas \u00e9 entregue na regi\u00e3o de Camb\u00e9 - Prefeitura de Camb\u00e9\" \/>\n<meta property=\"og:description\" content=\"Em evento realizado na manh\u00e3 desta quinta-feira (20), a Compagas entregou a primeira fase da expans\u00e3o da rede de g\u00e1s canalizado em Londrina. Foram instalados quatro quil\u00f4metros de dutos entre a cidade vizinha e Camb\u00e9. O prefeito Conrado Scheller participou da solenidade, junto com o governador Ratinho Junior, o prefeito de Londrina Tiago Amaral, o [&hellip;]\" \/>\n<meta property=\"og:url\" content=\"https:\/\/www.cambe.pr.gov.br\/index.php\/primeira-fase-da-obra-de-expansao-da-rede-de-gas-canalizado-da-compagas-e-entregue-na-regiao-de-cambe\/\" \/>\n<meta property=\"og:site_name\" content=\"Prefeitura de Camb\u00e9\" \/>\n<meta property=\"article:publisher\" content=\"https:\/\/m.facebook.com\/prefeituradecambe\" \/>\n<meta property=\"article:published_time\" content=\"2025-02-20T17:04:59+00:00\" \/>\n<meta property=\"article:modified_time\" content=\"2025-02-20T17:19:45+00:00\" \/>\n<meta property=\"og:image\" content=\"https:\/\/www.cambe.pr.gov.br\/wp-content\/uploads\/2025\/02\/whatsapp_image_2025-02-20_at_11.43.19-1024x681.jpg\" \/>\n<meta name=\"author\" content=\"Vinicius Augusto Batista Eira\" \/>\n<meta name=\"twitter:card\" content=\"summary_large_image\" \/>\n<meta name=\"twitter:label1\" content=\"Escrito por\" \/>\n\t<meta name=\"twitter:data1\" content=\"Vinicius Augusto Batista Eira\" \/>\n\t<meta name=\"twitter:label2\" content=\"Est. tempo de leitura\" \/>\n\t<meta name=\"twitter:data2\" content=\"4 minutos\" \/>\n<script type=\"application\/ld+json\" class=\"yoast-schema-graph\">{\"@context\":\"https:\\\/\\\/schema.org\",\"@graph\":[{\"@type\":\"Article\",\"@id\":\"https:\\\/\\\/www.cambe.pr.gov.br\\\/index.php\\\/primeira-fase-da-obra-de-expansao-da-rede-de-gas-canalizado-da-compagas-e-entregue-na-regiao-de-cambe\\\/#article\",\"isPartOf\":{\"@id\":\"https:\\\/\\\/www.cambe.pr.gov.br\\\/index.php\\\/primeira-fase-da-obra-de-expansao-da-rede-de-gas-canalizado-da-compagas-e-entregue-na-regiao-de-cambe\\\/\"},\"author\":{\"name\":\"Vinicius Augusto Batista Eira\",\"@id\":\"https:\\\/\\\/www.cambe.pr.gov.br\\\/#\\\/schema\\\/person\\\/8e3ee69cb2cadf4b9f8377407227effd\"},\"headline\":\"Primeira fase da obra de expans\u00e3o da rede de g\u00e1s da Compagas \u00e9 entregue na regi\u00e3o de Camb\u00e9\",\"datePublished\":\"2025-02-20T17:04:59+00:00\",\"dateModified\":\"2025-02-20T17:19:45+00:00\",\"mainEntityOfPage\":{\"@id\":\"https:\\\/\\\/www.cambe.pr.gov.br\\\/index.php\\\/primeira-fase-da-obra-de-expansao-da-rede-de-gas-canalizado-da-compagas-e-entregue-na-regiao-de-cambe\\\/\"},\"wordCount\":594,\"publisher\":{\"@id\":\"https:\\\/\\\/www.cambe.pr.gov.br\\\/#organization\"},\"image\":{\"@id\":\"https:\\\/\\\/www.cambe.pr.gov.br\\\/index.php\\\/primeira-fase-da-obra-de-expansao-da-rede-de-gas-canalizado-da-compagas-e-entregue-na-regiao-de-cambe\\\/#primaryimage\"},\"thumbnailUrl\":\"https:\\\/\\\/www.cambe.pr.gov.br\\\/wp-content\\\/uploads\\\/2025\\\/02\\\/whatsapp_image_2025-02-20_at_11.43.19-1024x681.jpg\",\"articleSection\":[\"Principal\"],\"inLanguage\":\"pt-BR\"},{\"@type\":\"WebPage\",\"@id\":\"https:\\\/\\\/www.cambe.pr.gov.br\\\/index.php\\\/primeira-fase-da-obra-de-expansao-da-rede-de-gas-canalizado-da-compagas-e-entregue-na-regiao-de-cambe\\\/\",\"url\":\"https:\\\/\\\/www.cambe.pr.gov.br\\\/index.php\\\/primeira-fase-da-obra-de-expansao-da-rede-de-gas-canalizado-da-compagas-e-entregue-na-regiao-de-cambe\\\/\",\"name\":\"Primeira fase da obra de expans\u00e3o da rede de g\u00e1s da Compagas \u00e9 entregue na regi\u00e3o de Camb\u00e9 - Prefeitura de Camb\u00e9\",\"isPartOf\":{\"@id\":\"https:\\\/\\\/www.cambe.pr.gov.br\\\/#website\"},\"primaryImageOfPage\":{\"@id\":\"https:\\\/\\\/www.cambe.pr.gov.br\\\/index.php\\\/primeira-fase-da-obra-de-expansao-da-rede-de-gas-canalizado-da-compagas-e-entregue-na-regiao-de-cambe\\\/#primaryimage\"},\"image\":{\"@id\":\"https:\\\/\\\/www.cambe.pr.gov.br\\\/index.php\\\/primeira-fase-da-obra-de-expansao-da-rede-de-gas-canalizado-da-compagas-e-entregue-na-regiao-de-cambe\\\/#primaryimage\"},\"thumbnailUrl\":\"https:\\\/\\\/www.cambe.pr.gov.br\\\/wp-content\\\/uploads\\\/2025\\\/02\\\/whatsapp_image_2025-02-20_at_11.43.19-1024x681.jpg\",\"datePublished\":\"2025-02-20T17:04:59+00:00\",\"dateModified\":\"2025-02-20T17:19:45+00:00\",\"breadcrumb\":{\"@id\":\"https:\\\/\\\/www.cambe.pr.gov.br\\\/index.php\\\/primeira-fase-da-obra-de-expansao-da-rede-de-gas-canalizado-da-compagas-e-entregue-na-regiao-de-cambe\\\/#breadcrumb\"},\"inLanguage\":\"pt-BR\",\"potentialAction\":[{\"@type\":\"ReadAction\",\"target\":[\"https:\\\/\\\/www.cambe.pr.gov.br\\\/index.php\\\/primeira-fase-da-obra-de-expansao-da-rede-de-gas-canalizado-da-compagas-e-entregue-na-regiao-de-cambe\\\/\"]}]},{\"@type\":\"ImageObject\",\"inLanguage\":\"pt-BR\",\"@id\":\"https:\\\/\\\/www.cambe.pr.gov.br\\\/index.php\\\/primeira-fase-da-obra-de-expansao-da-rede-de-gas-canalizado-da-compagas-e-entregue-na-regiao-de-cambe\\\/#primaryimage\",\"url\":\"https:\\\/\\\/www.cambe.pr.gov.br\\\/wp-content\\\/uploads\\\/2025\\\/02\\\/whatsapp_image_2025-02-20_at_11.43.19-scaled.jpg\",\"contentUrl\":\"https:\\\/\\\/www.cambe.pr.gov.br\\\/wp-content\\\/uploads\\\/2025\\\/02\\\/whatsapp_image_2025-02-20_at_11.43.19-scaled.jpg\",\"width\":2560,\"height\":1703,\"caption\":\"O prefeito Conrado Scheller e demais autoridades celebram a entrega das primeiras obras de g\u00e1s natural na regi\u00e3o (Ari Dias\\\/AEN)\"},{\"@type\":\"BreadcrumbList\",\"@id\":\"https:\\\/\\\/www.cambe.pr.gov.br\\\/index.php\\\/primeira-fase-da-obra-de-expansao-da-rede-de-gas-canalizado-da-compagas-e-entregue-na-regiao-de-cambe\\\/#breadcrumb\",\"itemListElement\":[{\"@type\":\"ListItem\",\"position\":1,\"name\":\"In\u00edcio\",\"item\":\"https:\\\/\\\/www.cambe.pr.gov.br\\\/\"},{\"@type\":\"ListItem\",\"position\":2,\"name\":\"Primeira fase da obra de expans\u00e3o da rede de g\u00e1s da Compagas \u00e9 entregue na regi\u00e3o de Camb\u00e9\"}]},{\"@type\":\"WebSite\",\"@id\":\"https:\\\/\\\/www.cambe.pr.gov.br\\\/#website\",\"url\":\"https:\\\/\\\/www.cambe.pr.gov.br\\\/\",\"name\":\"Prefeitura de Camb\u00e9\",\"description\":\"UM GOVERNO PARA TODOS\",\"publisher\":{\"@id\":\"https:\\\/\\\/www.cambe.pr.gov.br\\\/#organization\"},\"potentialAction\":[{\"@type\":\"SearchAction\",\"target\":{\"@type\":\"EntryPoint\",\"urlTemplate\":\"https:\\\/\\\/www.cambe.pr.gov.br\\\/?s={search_term_string}\"},\"query-input\":{\"@type\":\"PropertyValueSpecification\",\"valueRequired\":true,\"valueName\":\"search_term_string\"}}],\"inLanguage\":\"pt-BR\"},{\"@type\":\"Organization\",\"@id\":\"https:\\\/\\\/www.cambe.pr.gov.br\\\/#organization\",\"name\":\"Prefeitura de Camb\u00e9\",\"url\":\"https:\\\/\\\/www.cambe.pr.gov.br\\\/\",\"logo\":{\"@type\":\"ImageObject\",\"inLanguage\":\"pt-BR\",\"@id\":\"https:\\\/\\\/www.cambe.pr.gov.br\\\/#\\\/schema\\\/logo\\\/image\\\/\",\"url\":\"https:\\\/\\\/www.cambe.pr.gov.br\\\/wp-content\\\/uploads\\\/2021\\\/01\\\/cropped-cropped-cambe_brazao-icone.png\",\"contentUrl\":\"https:\\\/\\\/www.cambe.pr.gov.br\\\/wp-content\\\/uploads\\\/2021\\\/01\\\/cropped-cropped-cambe_brazao-icone.png\",\"width\":240,\"height\":240,\"caption\":\"Prefeitura de Camb\u00e9\"},\"image\":{\"@id\":\"https:\\\/\\\/www.cambe.pr.gov.br\\\/#\\\/schema\\\/logo\\\/image\\\/\"},\"sameAs\":[\"https:\\\/\\\/m.facebook.com\\\/prefeituradecambe\"]},{\"@type\":\"Person\",\"@id\":\"https:\\\/\\\/www.cambe.pr.gov.br\\\/#\\\/schema\\\/person\\\/8e3ee69cb2cadf4b9f8377407227effd\",\"name\":\"Vinicius Augusto Batista Eira\",\"image\":{\"@type\":\"ImageObject\",\"inLanguage\":\"pt-BR\",\"@id\":\"https:\\\/\\\/secure.gravatar.com\\\/avatar\\\/1ec500de7013b30e1d4d7c8c3978f0e4433c37e5d5e4cd186239369c6440122b?s=96&d=mm&r=g\",\"url\":\"https:\\\/\\\/secure.gravatar.com\\\/avatar\\\/1ec500de7013b30e1d4d7c8c3978f0e4433c37e5d5e4cd186239369c6440122b?s=96&d=mm&r=g\",\"contentUrl\":\"https:\\\/\\\/secure.gravatar.com\\\/avatar\\\/1ec500de7013b30e1d4d7c8c3978f0e4433c37e5d5e4cd186239369c6440122b?s=96&d=mm&r=g\",\"caption\":\"Vinicius Augusto Batista Eira\"},\"url\":\"https:\\\/\\\/www.cambe.pr.gov.br\\\/index.php\\\/author\\\/vabeira\\\/\"}]}<\/script>\n<!-- \/ Yoast SEO plugin. -->","yoast_head_json":{"title":"Primeira fase da obra de expans\u00e3o da rede de g\u00e1s da Compagas \u00e9 entregue na regi\u00e3o de Camb\u00e9 - Prefeitura de Camb\u00e9","robots":{"index":"index","follow":"follow","max-snippet":"max-snippet:-1","max-image-preview":"max-image-preview:large","max-video-preview":"max-video-preview:-1"},"canonical":"https:\/\/www.cambe.pr.gov.br\/index.php\/primeira-fase-da-obra-de-expansao-da-rede-de-gas-canalizado-da-compagas-e-entregue-na-regiao-de-cambe\/","og_locale":"pt_BR","og_type":"article","og_title":"Primeira fase da obra de expans\u00e3o da rede de g\u00e1s da Compagas \u00e9 entregue na regi\u00e3o de Camb\u00e9 - Prefeitura de Camb\u00e9","og_description":"Em evento realizado na manh\u00e3 desta quinta-feira (20), a Compagas entregou a primeira fase da expans\u00e3o da rede de g\u00e1s canalizado em Londrina. Foram instalados quatro quil\u00f4metros de dutos entre a cidade vizinha e Camb\u00e9. O prefeito Conrado Scheller participou da solenidade, junto com o governador Ratinho Junior, o prefeito de Londrina Tiago Amaral, o [&hellip;]","og_url":"https:\/\/www.cambe.pr.gov.br\/index.php\/primeira-fase-da-obra-de-expansao-da-rede-de-gas-canalizado-da-compagas-e-entregue-na-regiao-de-cambe\/","og_site_name":"Prefeitura de Camb\u00e9","article_publisher":"https:\/\/m.facebook.com\/prefeituradecambe","article_published_time":"2025-02-20T17:04:59+00:00","article_modified_time":"2025-02-20T17:19:45+00:00","og_image":[{"url":"https:\/\/www.cambe.pr.gov.br\/wp-content\/uploads\/2025\/02\/whatsapp_image_2025-02-20_at_11.43.19-1024x681.jpg","type":"","width":"","height":""}],"author":"Vinicius Augusto Batista Eira","twitter_card":"summary_large_image","twitter_misc":{"Escrito por":"Vinicius Augusto Batista Eira","Est. tempo de leitura":"4 minutos"},"schema":{"@context":"https:\/\/schema.org","@graph":[{"@type":"Article","@id":"https:\/\/www.cambe.pr.gov.br\/index.php\/primeira-fase-da-obra-de-expansao-da-rede-de-gas-canalizado-da-compagas-e-entregue-na-regiao-de-cambe\/#article","isPartOf":{"@id":"https:\/\/www.cambe.pr.gov.br\/index.php\/primeira-fase-da-obra-de-expansao-da-rede-de-gas-canalizado-da-compagas-e-entregue-na-regiao-de-cambe\/"},"author":{"name":"Vinicius Augusto Batista Eira","@id":"https:\/\/www.cambe.pr.gov.br\/#\/schema\/person\/8e3ee69cb2cadf4b9f8377407227effd"},"headline":"Primeira fase da obra de expans\u00e3o da rede de g\u00e1s da Compagas \u00e9 entregue na regi\u00e3o de Camb\u00e9","datePublished":"2025-02-20T17:04:59+00:00","dateModified":"2025-02-20T17:19:45+00:00","mainEntityOfPage":{"@id":"https:\/\/www.cambe.pr.gov.br\/index.php\/primeira-fase-da-obra-de-expansao-da-rede-de-gas-canalizado-da-compagas-e-entregue-na-regiao-de-cambe\/"},"wordCount":594,"publisher":{"@id":"https:\/\/www.cambe.pr.gov.br\/#organization"},"image":{"@id":"https:\/\/www.cambe.pr.gov.br\/index.php\/primeira-fase-da-obra-de-expansao-da-rede-de-gas-canalizado-da-compagas-e-entregue-na-regiao-de-cambe\/#primaryimage"},"thumbnailUrl":"https:\/\/www.cambe.pr.gov.br\/wp-content\/uploads\/2025\/02\/whatsapp_image_2025-02-20_at_11.43.19-1024x681.jpg","articleSection":["Principal"],"inLanguage":"pt-BR"},{"@type":"WebPage","@id":"https:\/\/www.cambe.pr.gov.br\/index.php\/primeira-fase-da-obra-de-expansao-da-rede-de-gas-canalizado-da-compagas-e-entregue-na-regiao-de-cambe\/","url":"https:\/\/www.cambe.pr.gov.br\/index.php\/primeira-fase-da-obra-de-expansao-da-rede-de-gas-canalizado-da-compagas-e-entregue-na-regiao-de-cambe\/","name":"Primeira fase da obra de expans\u00e3o da rede de g\u00e1s da Compagas \u00e9 entregue na regi\u00e3o de Camb\u00e9 - Prefeitura de Camb\u00e9","isPartOf":{"@id":"https:\/\/www.cambe.pr.gov.br\/#website"},"primaryImageOfPage":{"@id":"https:\/\/www.cambe.pr.gov.br\/index.php\/primeira-fase-da-obra-de-expansao-da-rede-de-gas-canalizado-da-compagas-e-entregue-na-regiao-de-cambe\/#primaryimage"},"image":{"@id":"https:\/\/www.cambe.pr.gov.br\/index.php\/primeira-fase-da-obra-de-expansao-da-rede-de-gas-canalizado-da-compagas-e-entregue-na-regiao-de-cambe\/#primaryimage"},"thumbnailUrl":"https:\/\/www.cambe.pr.gov.br\/wp-content\/uploads\/2025\/02\/whatsapp_image_2025-02-20_at_11.43.19-1024x681.jpg","datePublished":"2025-02-20T17:04:59+00:00","dateModified":"2025-02-20T17:19:45+00:00","breadcrumb":{"@id":"https:\/\/www.cambe.pr.gov.br\/index.php\/primeira-fase-da-obra-de-expansao-da-rede-de-gas-canalizado-da-compagas-e-entregue-na-regiao-de-cambe\/#breadcrumb"},"inLanguage":"pt-BR","potentialAction":[{"@type":"ReadAction","target":["https:\/\/www.cambe.pr.gov.br\/index.php\/primeira-fase-da-obra-de-expansao-da-rede-de-gas-canalizado-da-compagas-e-entregue-na-regiao-de-cambe\/"]}]},{"@type":"ImageObject","inLanguage":"pt-BR","@id":"https:\/\/www.cambe.pr.gov.br\/index.php\/primeira-fase-da-obra-de-expansao-da-rede-de-gas-canalizado-da-compagas-e-entregue-na-regiao-de-cambe\/#primaryimage","url":"https:\/\/www.cambe.pr.gov.br\/wp-content\/uploads\/2025\/02\/whatsapp_image_2025-02-20_at_11.43.19-scaled.jpg","contentUrl":"https:\/\/www.cambe.pr.gov.br\/wp-content\/uploads\/2025\/02\/whatsapp_image_2025-02-20_at_11.43.19-scaled.jpg","width":2560,"height":1703,"caption":"O prefeito Conrado Scheller e demais autoridades celebram a entrega das primeiras obras de g\u00e1s natural na regi\u00e3o (Ari Dias\/AEN)"},{"@type":"BreadcrumbList","@id":"https:\/\/www.cambe.pr.gov.br\/index.php\/primeira-fase-da-obra-de-expansao-da-rede-de-gas-canalizado-da-compagas-e-entregue-na-regiao-de-cambe\/#breadcrumb","itemListElement":[{"@type":"ListItem","position":1,"name":"In\u00edcio","item":"https:\/\/www.cambe.pr.gov.br\/"},{"@type":"ListItem","position":2,"name":"Primeira fase da obra de expans\u00e3o da rede de g\u00e1s da Compagas \u00e9 entregue na regi\u00e3o de Camb\u00e9"}]},{"@type":"WebSite","@id":"https:\/\/www.cambe.pr.gov.br\/#website","url":"https:\/\/www.cambe.pr.gov.br\/","name":"Prefeitura de Camb\u00e9","description":"UM GOVERNO PARA TODOS","publisher":{"@id":"https:\/\/www.cambe.pr.gov.br\/#organization"},"potentialAction":[{"@type":"SearchAction","target":{"@type":"EntryPoint","urlTemplate":"https:\/\/www.cambe.pr.gov.br\/?s={search_term_string}"},"query-input":{"@type":"PropertyValueSpecification","valueRequired":true,"valueName":"search_term_string"}}],"inLanguage":"pt-BR"},{"@type":"Organization","@id":"https:\/\/www.cambe.pr.gov.br\/#organization","name":"Prefeitura de Camb\u00e9","url":"https:\/\/www.cambe.pr.gov.br\/","logo":{"@type":"ImageObject","inLanguage":"pt-BR","@id":"https:\/\/www.cambe.pr.gov.br\/#\/schema\/logo\/image\/","url":"https:\/\/www.cambe.pr.gov.br\/wp-content\/uploads\/2021\/01\/cropped-cropped-cambe_brazao-icone.png","contentUrl":"https:\/\/www.cambe.pr.gov.br\/wp-content\/uploads\/2021\/01\/cropped-cropped-cambe_brazao-icone.png","width":240,"height":240,"caption":"Prefeitura de Camb\u00e9"},"image":{"@id":"https:\/\/www.cambe.pr.gov.br\/#\/schema\/logo\/image\/"},"sameAs":["https:\/\/m.facebook.com\/prefeituradecambe"]},{"@type":"Person","@id":"https:\/\/www.cambe.pr.gov.br\/#\/schema\/person\/8e3ee69cb2cadf4b9f8377407227effd","name":"Vinicius Augusto Batista Eira","image":{"@type":"ImageObject","inLanguage":"pt-BR","@id":"https:\/\/secure.gravatar.com\/avatar\/1ec500de7013b30e1d4d7c8c3978f0e4433c37e5d5e4cd186239369c6440122b?s=96&d=mm&r=g","url":"https:\/\/secure.gravatar.com\/avatar\/1ec500de7013b30e1d4d7c8c3978f0e4433c37e5d5e4cd186239369c6440122b?s=96&d=mm&r=g","contentUrl":"https:\/\/secure.gravatar.com\/avatar\/1ec500de7013b30e1d4d7c8c3978f0e4433c37e5d5e4cd186239369c6440122b?s=96&d=mm&r=g","caption":"Vinicius Augusto Batista Eira"},"url":"https:\/\/www.cambe.pr.gov.br\/index.php\/author\/vabeira\/"}]}},"_links":{"self":[{"href":"https:\/\/www.cambe.pr.gov.br\/index.php\/wp-json\/wp\/v2\/posts\/16144","targetHints":{"allow":["GET"]}}],"collection":[{"href":"https:\/\/www.cambe.pr.gov.br\/index.php\/wp-json\/wp\/v2\/posts"}],"about":[{"href":"https:\/\/www.cambe.pr.gov.br\/index.php\/wp-json\/wp\/v2\/types\/post"}],"author":[{"embeddable":true,"href":"https:\/\/www.cambe.pr.gov.br\/index.php\/wp-json\/wp\/v2\/users\/16"}],"replies":[{"embeddable":true,"href":"https:\/\/www.cambe.pr.gov.br\/index.php\/wp-json\/wp\/v2\/comments?post=16144"}],"version-history":[{"count":3,"href":"https:\/\/www.cambe.pr.gov.br\/index.php\/wp-json\/wp\/v2\/posts\/16144\/revisions"}],"predecessor-version":[{"id":16149,"href":"https:\/\/www.cambe.pr.gov.br\/index.php\/wp-json\/wp\/v2\/posts\/16144\/revisions\/16149"}],"wp:attachment":[{"href":"https:\/\/www.cambe.pr.gov.br\/index.php\/wp-json\/wp\/v2\/media?parent=16144"}],"wp:term":[{"taxonomy":"category","embeddable":true,"href":"https:\/\/www.cambe.pr.gov.br\/index.php\/wp-json\/wp\/v2\/categories?post=16144"},{"taxonomy":"post_tag","embeddable":true,"href":"https:\/\/www.cambe.pr.gov.br\/index.php\/wp-json\/wp\/v2\/tags?post=16144"}],"curies":[{"name":"wp","href":"https:\/\/api.w.org\/{rel}","templated":true}]}}