{"id":16137,"date":"2025-02-19T16:47:37","date_gmt":"2025-02-19T19:47:37","guid":{"rendered":"https:\/\/www.cambe.pr.gov.br\/?p=16137"},"modified":"2025-02-19T16:47:37","modified_gmt":"2025-02-19T19:47:37","slug":"prefeitura-promove-capacitacao-de-mais-de-300-servidores-da-saude-para-atendimento-de-dengue","status":"publish","type":"post","link":"https:\/\/www.cambe.pr.gov.br\/index.php\/prefeitura-promove-capacitacao-de-mais-de-300-servidores-da-saude-para-atendimento-de-dengue\/","title":{"rendered":"Prefeitura promove capacita\u00e7\u00e3o de mais de 300 servidores da sa\u00fade para atendimento de dengue"},"content":{"rendered":"<p style=\"text-align: justify;\"><span style=\"font-weight: 400; font-family: arial, helvetica, sans-serif;\"><img fetchpriority=\"high\" decoding=\"async\" class=\"alignleft size-large wp-image-16138\" src=\"https:\/\/www.cambe.pr.gov.br\/wp-content\/uploads\/2025\/02\/DSC_0065-1024x683.jpg\" alt=\"\" width=\"610\" height=\"407\" srcset=\"https:\/\/www.cambe.pr.gov.br\/wp-content\/uploads\/2025\/02\/DSC_0065-1024x683.jpg 1024w, https:\/\/www.cambe.pr.gov.br\/wp-content\/uploads\/2025\/02\/DSC_0065-300x200.jpg 300w, https:\/\/www.cambe.pr.gov.br\/wp-content\/uploads\/2025\/02\/DSC_0065-768x512.jpg 768w, https:\/\/www.cambe.pr.gov.br\/wp-content\/uploads\/2025\/02\/DSC_0065-1536x1024.jpg 1536w, https:\/\/www.cambe.pr.gov.br\/wp-content\/uploads\/2025\/02\/DSC_0065-2048x1366.jpg 2048w\" sizes=\"(max-width: 610px) 100vw, 610px\" \/>A Prefeitura de Camb\u00e9, atrav\u00e9s da Secretaria Municipal de Sa\u00fade P\u00fablica, vem promovendo capacita\u00e7\u00e3o para melhoria do atendimento de enfermagem aos casos de pacientes com suspeita de dengue. Ao todo, mais de 300 profissionais, entre m\u00e9dicos, enfermeiros e t\u00e9cnicos, est\u00e3o participando de aulas que visa aprimorar t\u00e9cnicas de identifica\u00e7\u00e3o do grau e sintomas do mun\u00edcipe, agilizando o servi\u00e7o e reduzindo chances de agravamento da doen\u00e7a.<\/span><\/p>\n<p style=\"text-align: justify;\"><span style=\"font-weight: 400; font-family: arial, helvetica, sans-serif;\">A capacita\u00e7\u00e3o \u00e9 promovida pela Secretaria, com o Departamento de Vigil\u00e2ncia Epidemiol\u00f3gica e Vigil\u00e2ncia Ambiental. O foco foram os profissionais das Unidades B\u00e1sicas de Sa\u00fade (UBS), Policl\u00ednica, Intersa\u00fade, Santa Casa; e tamb\u00e9m in loco \u00e0queles que tratam diretamente com urg\u00eancia e emerg\u00eancia, do Hospital 24 Horas e Unidade de Pronto Atendimento (UPA). A a\u00e7\u00e3o iniciou-se com m\u00e9dicos, ainda em dezembro, e desde o dia 7 est\u00e1 sendo feita com profissionais de enfermagem.<\/span><\/p>\n<p style=\"text-align: justify;\"><span style=\"font-weight: 400; font-family: arial, helvetica, sans-serif;\">B\u00e1rbara Radigonda, enfermeira e respons\u00e1vel pelo Departamento de Vigil\u00e2ncia Epidemiol\u00f3gica em Camb\u00e9, explica que a capacita\u00e7\u00e3o tem \u00eanfase em identificar sinais de alarme da dengue, como o paciente se sente, sinais e sintomas, como os profissionais podem identificar esses sinais de alarme e garantir uma maior agilidade no atendimento.\u00a0<\/span><\/p>\n<p style=\"text-align: justify;\"><span style=\"font-weight: 400; font-family: arial, helvetica, sans-serif;\">\u201cIsso porque o atendimento \u00e9 direcionado conforme o risco que o paciente se encontra. Na dengue, fazemos essa classifica\u00e7\u00e3o entre grupos A, B, C e D, de acordo com riscos e necessidade de atendimento mais r\u00e1pido ou prioridades. O foco \u00e9 identificar os sintomas e fazer esse direcionamento de forma mais precisa. Para isso, estamos indo aos servi\u00e7os do munic\u00edpio e o resultado \u00e9 bem positivo. Os profissionais est\u00e3o avaliando essa capacita\u00e7\u00e3o como muito importante, e em um momento oportuno. Os nossos casos est\u00e3o aumentando, e \u00e9 agora que precisam se atentar para essa demanda. E a finalidade maior, como falei, \u00e9 n\u00e3o perder tempo com esse paciente e entender qual o contexto que ele se encontra para poder dar o melhor atendimento poss\u00edvel\u201d, ressaltou Radigonda.<\/span><\/p>\n<p><img decoding=\"async\" class=\"alignleft size-large wp-image-16139\" style=\"font-size: 16px; text-align: justify;\" src=\"https:\/\/www.cambe.pr.gov.br\/wp-content\/uploads\/2025\/02\/DSC_0123-copiar-1024x678.jpg\" alt=\"\" width=\"610\" height=\"404\" srcset=\"https:\/\/www.cambe.pr.gov.br\/wp-content\/uploads\/2025\/02\/DSC_0123-copiar-1024x678.jpg 1024w, https:\/\/www.cambe.pr.gov.br\/wp-content\/uploads\/2025\/02\/DSC_0123-copiar-300x199.jpg 300w, https:\/\/www.cambe.pr.gov.br\/wp-content\/uploads\/2025\/02\/DSC_0123-copiar-768x509.jpg 768w, https:\/\/www.cambe.pr.gov.br\/wp-content\/uploads\/2025\/02\/DSC_0123-copiar-1536x1017.jpg 1536w, https:\/\/www.cambe.pr.gov.br\/wp-content\/uploads\/2025\/02\/DSC_0123-copiar-2048x1356.jpg 2048w\" sizes=\"(max-width: 610px) 100vw, 610px\" \/><\/p>\n<p style=\"text-align: justify;\"><span style=\"font-weight: 400; font-family: arial, helvetica, sans-serif;\">A secret\u00e1ria municipal de Sa\u00fade P\u00fablica, Talita Bengozi, cita que pelo fato da dengue j\u00e1 ser conhecida e todos os munic\u00edpios sofrerem com epidemias anualmente, Camb\u00e9 se antecipou e promoveu as capacita\u00e7\u00f5es. \u201cO objetivo \u00e9 que consigam manejar e atender o p\u00fablico seguindo os protocolos terap\u00eauticos propostos pelo Minist\u00e9rio da Sa\u00fade. Camb\u00e9 j\u00e1 sofreu com epidemias e tivemos alguns \u00f3bitos nos \u00faltimos anos. Com isso, em um planejamento antecipado, iniciamos j\u00e1 as capacita\u00e7\u00f5es m\u00e9dicas da aten\u00e7\u00e3o b\u00e1sica em dezembro e tamb\u00e9m agora ampliamos para todos os profissionais da \u00e1rea assistencial, inclusive para a Santa Casa, realizando in loco, pensando no objetivo comum, e conseguindo tratar em tempo de salvar vidas.\u201d<\/span><\/p>\n<p style=\"text-align: justify;\"><span style=\"font-weight: 400; font-family: arial, helvetica, sans-serif;\">Aline Furquim \u00e9 coordenadora da UPA em Camb\u00e9, e destaca que o treinamento do corpo cl\u00ednico e enfermagem \u00e9 essencial para garantir uma resposta r\u00e1pida e eficaz ao aumento de casos de dengue. \u201cA capacita\u00e7\u00e3o permite que os profissionais estejam atualizados sobre os protocolos, tratamento e manejo adequados aos pacientes com suspeita ou confirma\u00e7\u00e3o de dengue. Al\u00e9m disso, garantindo que os sinais de alerta sejam identificados e que as interven\u00e7\u00f5es necess\u00e1rias sejam realizadas com precis\u00e3o. A dengue exige uma aten\u00e7\u00e3o especial devido \u00e0 gravidade de suas complica\u00e7\u00f5es, como o quadro de dengue hemorr\u00e1gica, que pode levar a \u00f3bito. Por isso, ressaltamos que a popula\u00e7\u00e3o pode se sentir protegida, sabendo que est\u00e1 recebendo o melhor atendimento poss\u00edvel\u201d, concluiu.<\/span><\/p>\n","protected":false},"excerpt":{"rendered":"<p>A Prefeitura de Camb\u00e9, atrav\u00e9s da Secretaria Municipal de Sa\u00fade P\u00fablica, vem promovendo capacita\u00e7\u00e3o para melhoria do atendimento de enfermagem aos casos de pacientes com suspeita de dengue. Ao todo, mais de 300 profissionais, entre m\u00e9dicos, enfermeiros e t\u00e9cnicos, est\u00e3o participando de aulas que visa aprimorar t\u00e9cnicas de identifica\u00e7\u00e3o do grau e sintomas do mun\u00edcipe, [&hellip;]<\/p>\n","protected":false},"author":16,"featured_media":0,"comment_status":"closed","ping_status":"closed","sticky":false,"template":"","format":"standard","meta":{"ngg_post_thumbnail":0,"footnotes":""},"categories":[1],"tags":[],"class_list":["post-16137","post","type-post","status-publish","format-standard","hentry","category-principal"],"yoast_head":"<!-- This site is optimized with the Yoast SEO plugin v27.4 - https:\/\/yoast.com\/product\/yoast-seo-wordpress\/ -->\n<title>Prefeitura promove capacita\u00e7\u00e3o de mais de 300 servidores da sa\u00fade para atendimento de dengue - Prefeitura de Camb\u00e9<\/title>\n<meta name=\"robots\" content=\"index, follow, max-snippet:-1, max-image-preview:large, max-video-preview:-1\" \/>\n<link rel=\"canonical\" href=\"https:\/\/www.cambe.pr.gov.br\/index.php\/prefeitura-promove-capacitacao-de-mais-de-300-servidores-da-saude-para-atendimento-de-dengue\/\" \/>\n<meta property=\"og:locale\" content=\"pt_BR\" \/>\n<meta property=\"og:type\" content=\"article\" \/>\n<meta property=\"og:title\" content=\"Prefeitura promove capacita\u00e7\u00e3o de mais de 300 servidores da sa\u00fade para atendimento de dengue - Prefeitura de Camb\u00e9\" \/>\n<meta property=\"og:description\" content=\"A Prefeitura de Camb\u00e9, atrav\u00e9s da Secretaria Municipal de Sa\u00fade P\u00fablica, vem promovendo capacita\u00e7\u00e3o para melhoria do atendimento de enfermagem aos casos de pacientes com suspeita de dengue. Ao todo, mais de 300 profissionais, entre m\u00e9dicos, enfermeiros e t\u00e9cnicos, est\u00e3o participando de aulas que visa aprimorar t\u00e9cnicas de identifica\u00e7\u00e3o do grau e sintomas do mun\u00edcipe, [&hellip;]\" \/>\n<meta property=\"og:url\" content=\"https:\/\/www.cambe.pr.gov.br\/index.php\/prefeitura-promove-capacitacao-de-mais-de-300-servidores-da-saude-para-atendimento-de-dengue\/\" \/>\n<meta property=\"og:site_name\" content=\"Prefeitura de Camb\u00e9\" \/>\n<meta property=\"article:publisher\" content=\"https:\/\/m.facebook.com\/prefeituradecambe\" \/>\n<meta property=\"article:published_time\" content=\"2025-02-19T19:47:37+00:00\" \/>\n<meta property=\"og:image\" content=\"https:\/\/www.cambe.pr.gov.br\/wp-content\/uploads\/2025\/02\/DSC_0065-1024x683.jpg\" \/>\n<meta name=\"author\" content=\"Vinicius Augusto Batista Eira\" \/>\n<meta name=\"twitter:card\" content=\"summary_large_image\" \/>\n<meta name=\"twitter:label1\" content=\"Escrito por\" \/>\n\t<meta name=\"twitter:data1\" content=\"Vinicius Augusto Batista Eira\" \/>\n\t<meta name=\"twitter:label2\" content=\"Est. tempo de leitura\" \/>\n\t<meta name=\"twitter:data2\" content=\"4 minutos\" \/>\n<script type=\"application\/ld+json\" class=\"yoast-schema-graph\">{\"@context\":\"https:\\\/\\\/schema.org\",\"@graph\":[{\"@type\":\"Article\",\"@id\":\"https:\\\/\\\/www.cambe.pr.gov.br\\\/index.php\\\/prefeitura-promove-capacitacao-de-mais-de-300-servidores-da-saude-para-atendimento-de-dengue\\\/#article\",\"isPartOf\":{\"@id\":\"https:\\\/\\\/www.cambe.pr.gov.br\\\/index.php\\\/prefeitura-promove-capacitacao-de-mais-de-300-servidores-da-saude-para-atendimento-de-dengue\\\/\"},\"author\":{\"name\":\"Vinicius Augusto Batista Eira\",\"@id\":\"https:\\\/\\\/www.cambe.pr.gov.br\\\/#\\\/schema\\\/person\\\/8e3ee69cb2cadf4b9f8377407227effd\"},\"headline\":\"Prefeitura promove capacita\u00e7\u00e3o de mais de 300 servidores da sa\u00fade para atendimento de dengue\",\"datePublished\":\"2025-02-19T19:47:37+00:00\",\"mainEntityOfPage\":{\"@id\":\"https:\\\/\\\/www.cambe.pr.gov.br\\\/index.php\\\/prefeitura-promove-capacitacao-de-mais-de-300-servidores-da-saude-para-atendimento-de-dengue\\\/\"},\"wordCount\":607,\"publisher\":{\"@id\":\"https:\\\/\\\/www.cambe.pr.gov.br\\\/#organization\"},\"image\":{\"@id\":\"https:\\\/\\\/www.cambe.pr.gov.br\\\/index.php\\\/prefeitura-promove-capacitacao-de-mais-de-300-servidores-da-saude-para-atendimento-de-dengue\\\/#primaryimage\"},\"thumbnailUrl\":\"https:\\\/\\\/www.cambe.pr.gov.br\\\/wp-content\\\/uploads\\\/2025\\\/02\\\/DSC_0065-1024x683.jpg\",\"articleSection\":[\"Principal\"],\"inLanguage\":\"pt-BR\"},{\"@type\":\"WebPage\",\"@id\":\"https:\\\/\\\/www.cambe.pr.gov.br\\\/index.php\\\/prefeitura-promove-capacitacao-de-mais-de-300-servidores-da-saude-para-atendimento-de-dengue\\\/\",\"url\":\"https:\\\/\\\/www.cambe.pr.gov.br\\\/index.php\\\/prefeitura-promove-capacitacao-de-mais-de-300-servidores-da-saude-para-atendimento-de-dengue\\\/\",\"name\":\"Prefeitura promove capacita\u00e7\u00e3o de mais de 300 servidores da sa\u00fade para atendimento de dengue - Prefeitura de Camb\u00e9\",\"isPartOf\":{\"@id\":\"https:\\\/\\\/www.cambe.pr.gov.br\\\/#website\"},\"primaryImageOfPage\":{\"@id\":\"https:\\\/\\\/www.cambe.pr.gov.br\\\/index.php\\\/prefeitura-promove-capacitacao-de-mais-de-300-servidores-da-saude-para-atendimento-de-dengue\\\/#primaryimage\"},\"image\":{\"@id\":\"https:\\\/\\\/www.cambe.pr.gov.br\\\/index.php\\\/prefeitura-promove-capacitacao-de-mais-de-300-servidores-da-saude-para-atendimento-de-dengue\\\/#primaryimage\"},\"thumbnailUrl\":\"https:\\\/\\\/www.cambe.pr.gov.br\\\/wp-content\\\/uploads\\\/2025\\\/02\\\/DSC_0065-1024x683.jpg\",\"datePublished\":\"2025-02-19T19:47:37+00:00\",\"breadcrumb\":{\"@id\":\"https:\\\/\\\/www.cambe.pr.gov.br\\\/index.php\\\/prefeitura-promove-capacitacao-de-mais-de-300-servidores-da-saude-para-atendimento-de-dengue\\\/#breadcrumb\"},\"inLanguage\":\"pt-BR\",\"potentialAction\":[{\"@type\":\"ReadAction\",\"target\":[\"https:\\\/\\\/www.cambe.pr.gov.br\\\/index.php\\\/prefeitura-promove-capacitacao-de-mais-de-300-servidores-da-saude-para-atendimento-de-dengue\\\/\"]}]},{\"@type\":\"ImageObject\",\"inLanguage\":\"pt-BR\",\"@id\":\"https:\\\/\\\/www.cambe.pr.gov.br\\\/index.php\\\/prefeitura-promove-capacitacao-de-mais-de-300-servidores-da-saude-para-atendimento-de-dengue\\\/#primaryimage\",\"url\":\"https:\\\/\\\/www.cambe.pr.gov.br\\\/wp-content\\\/uploads\\\/2025\\\/02\\\/DSC_0065-scaled.jpg\",\"contentUrl\":\"https:\\\/\\\/www.cambe.pr.gov.br\\\/wp-content\\\/uploads\\\/2025\\\/02\\\/DSC_0065-scaled.jpg\",\"width\":2560,\"height\":1707},{\"@type\":\"BreadcrumbList\",\"@id\":\"https:\\\/\\\/www.cambe.pr.gov.br\\\/index.php\\\/prefeitura-promove-capacitacao-de-mais-de-300-servidores-da-saude-para-atendimento-de-dengue\\\/#breadcrumb\",\"itemListElement\":[{\"@type\":\"ListItem\",\"position\":1,\"name\":\"In\u00edcio\",\"item\":\"https:\\\/\\\/www.cambe.pr.gov.br\\\/\"},{\"@type\":\"ListItem\",\"position\":2,\"name\":\"Prefeitura promove capacita\u00e7\u00e3o de mais de 300 servidores da sa\u00fade para atendimento de dengue\"}]},{\"@type\":\"WebSite\",\"@id\":\"https:\\\/\\\/www.cambe.pr.gov.br\\\/#website\",\"url\":\"https:\\\/\\\/www.cambe.pr.gov.br\\\/\",\"name\":\"Prefeitura de Camb\u00e9\",\"description\":\"UM GOVERNO PARA TODOS\",\"publisher\":{\"@id\":\"https:\\\/\\\/www.cambe.pr.gov.br\\\/#organization\"},\"potentialAction\":[{\"@type\":\"SearchAction\",\"target\":{\"@type\":\"EntryPoint\",\"urlTemplate\":\"https:\\\/\\\/www.cambe.pr.gov.br\\\/?s={search_term_string}\"},\"query-input\":{\"@type\":\"PropertyValueSpecification\",\"valueRequired\":true,\"valueName\":\"search_term_string\"}}],\"inLanguage\":\"pt-BR\"},{\"@type\":\"Organization\",\"@id\":\"https:\\\/\\\/www.cambe.pr.gov.br\\\/#organization\",\"name\":\"Prefeitura de Camb\u00e9\",\"url\":\"https:\\\/\\\/www.cambe.pr.gov.br\\\/\",\"logo\":{\"@type\":\"ImageObject\",\"inLanguage\":\"pt-BR\",\"@id\":\"https:\\\/\\\/www.cambe.pr.gov.br\\\/#\\\/schema\\\/logo\\\/image\\\/\",\"url\":\"https:\\\/\\\/www.cambe.pr.gov.br\\\/wp-content\\\/uploads\\\/2021\\\/01\\\/cropped-cropped-cambe_brazao-icone.png\",\"contentUrl\":\"https:\\\/\\\/www.cambe.pr.gov.br\\\/wp-content\\\/uploads\\\/2021\\\/01\\\/cropped-cropped-cambe_brazao-icone.png\",\"width\":240,\"height\":240,\"caption\":\"Prefeitura de Camb\u00e9\"},\"image\":{\"@id\":\"https:\\\/\\\/www.cambe.pr.gov.br\\\/#\\\/schema\\\/logo\\\/image\\\/\"},\"sameAs\":[\"https:\\\/\\\/m.facebook.com\\\/prefeituradecambe\"]},{\"@type\":\"Person\",\"@id\":\"https:\\\/\\\/www.cambe.pr.gov.br\\\/#\\\/schema\\\/person\\\/8e3ee69cb2cadf4b9f8377407227effd\",\"name\":\"Vinicius Augusto Batista Eira\",\"image\":{\"@type\":\"ImageObject\",\"inLanguage\":\"pt-BR\",\"@id\":\"https:\\\/\\\/secure.gravatar.com\\\/avatar\\\/1ec500de7013b30e1d4d7c8c3978f0e4433c37e5d5e4cd186239369c6440122b?s=96&d=mm&r=g\",\"url\":\"https:\\\/\\\/secure.gravatar.com\\\/avatar\\\/1ec500de7013b30e1d4d7c8c3978f0e4433c37e5d5e4cd186239369c6440122b?s=96&d=mm&r=g\",\"contentUrl\":\"https:\\\/\\\/secure.gravatar.com\\\/avatar\\\/1ec500de7013b30e1d4d7c8c3978f0e4433c37e5d5e4cd186239369c6440122b?s=96&d=mm&r=g\",\"caption\":\"Vinicius Augusto Batista Eira\"},\"url\":\"https:\\\/\\\/www.cambe.pr.gov.br\\\/index.php\\\/author\\\/vabeira\\\/\"}]}<\/script>\n<!-- \/ Yoast SEO plugin. -->","yoast_head_json":{"title":"Prefeitura promove capacita\u00e7\u00e3o de mais de 300 servidores da sa\u00fade para atendimento de dengue - Prefeitura de Camb\u00e9","robots":{"index":"index","follow":"follow","max-snippet":"max-snippet:-1","max-image-preview":"max-image-preview:large","max-video-preview":"max-video-preview:-1"},"canonical":"https:\/\/www.cambe.pr.gov.br\/index.php\/prefeitura-promove-capacitacao-de-mais-de-300-servidores-da-saude-para-atendimento-de-dengue\/","og_locale":"pt_BR","og_type":"article","og_title":"Prefeitura promove capacita\u00e7\u00e3o de mais de 300 servidores da sa\u00fade para atendimento de dengue - Prefeitura de Camb\u00e9","og_description":"A Prefeitura de Camb\u00e9, atrav\u00e9s da Secretaria Municipal de Sa\u00fade P\u00fablica, vem promovendo capacita\u00e7\u00e3o para melhoria do atendimento de enfermagem aos casos de pacientes com suspeita de dengue. Ao todo, mais de 300 profissionais, entre m\u00e9dicos, enfermeiros e t\u00e9cnicos, est\u00e3o participando de aulas que visa aprimorar t\u00e9cnicas de identifica\u00e7\u00e3o do grau e sintomas do mun\u00edcipe, [&hellip;]","og_url":"https:\/\/www.cambe.pr.gov.br\/index.php\/prefeitura-promove-capacitacao-de-mais-de-300-servidores-da-saude-para-atendimento-de-dengue\/","og_site_name":"Prefeitura de Camb\u00e9","article_publisher":"https:\/\/m.facebook.com\/prefeituradecambe","article_published_time":"2025-02-19T19:47:37+00:00","og_image":[{"url":"https:\/\/www.cambe.pr.gov.br\/wp-content\/uploads\/2025\/02\/DSC_0065-1024x683.jpg","type":"","width":"","height":""}],"author":"Vinicius Augusto Batista Eira","twitter_card":"summary_large_image","twitter_misc":{"Escrito por":"Vinicius Augusto Batista Eira","Est. tempo de leitura":"4 minutos"},"schema":{"@context":"https:\/\/schema.org","@graph":[{"@type":"Article","@id":"https:\/\/www.cambe.pr.gov.br\/index.php\/prefeitura-promove-capacitacao-de-mais-de-300-servidores-da-saude-para-atendimento-de-dengue\/#article","isPartOf":{"@id":"https:\/\/www.cambe.pr.gov.br\/index.php\/prefeitura-promove-capacitacao-de-mais-de-300-servidores-da-saude-para-atendimento-de-dengue\/"},"author":{"name":"Vinicius Augusto Batista Eira","@id":"https:\/\/www.cambe.pr.gov.br\/#\/schema\/person\/8e3ee69cb2cadf4b9f8377407227effd"},"headline":"Prefeitura promove capacita\u00e7\u00e3o de mais de 300 servidores da sa\u00fade para atendimento de dengue","datePublished":"2025-02-19T19:47:37+00:00","mainEntityOfPage":{"@id":"https:\/\/www.cambe.pr.gov.br\/index.php\/prefeitura-promove-capacitacao-de-mais-de-300-servidores-da-saude-para-atendimento-de-dengue\/"},"wordCount":607,"publisher":{"@id":"https:\/\/www.cambe.pr.gov.br\/#organization"},"image":{"@id":"https:\/\/www.cambe.pr.gov.br\/index.php\/prefeitura-promove-capacitacao-de-mais-de-300-servidores-da-saude-para-atendimento-de-dengue\/#primaryimage"},"thumbnailUrl":"https:\/\/www.cambe.pr.gov.br\/wp-content\/uploads\/2025\/02\/DSC_0065-1024x683.jpg","articleSection":["Principal"],"inLanguage":"pt-BR"},{"@type":"WebPage","@id":"https:\/\/www.cambe.pr.gov.br\/index.php\/prefeitura-promove-capacitacao-de-mais-de-300-servidores-da-saude-para-atendimento-de-dengue\/","url":"https:\/\/www.cambe.pr.gov.br\/index.php\/prefeitura-promove-capacitacao-de-mais-de-300-servidores-da-saude-para-atendimento-de-dengue\/","name":"Prefeitura promove capacita\u00e7\u00e3o de mais de 300 servidores da sa\u00fade para atendimento de dengue - Prefeitura de Camb\u00e9","isPartOf":{"@id":"https:\/\/www.cambe.pr.gov.br\/#website"},"primaryImageOfPage":{"@id":"https:\/\/www.cambe.pr.gov.br\/index.php\/prefeitura-promove-capacitacao-de-mais-de-300-servidores-da-saude-para-atendimento-de-dengue\/#primaryimage"},"image":{"@id":"https:\/\/www.cambe.pr.gov.br\/index.php\/prefeitura-promove-capacitacao-de-mais-de-300-servidores-da-saude-para-atendimento-de-dengue\/#primaryimage"},"thumbnailUrl":"https:\/\/www.cambe.pr.gov.br\/wp-content\/uploads\/2025\/02\/DSC_0065-1024x683.jpg","datePublished":"2025-02-19T19:47:37+00:00","breadcrumb":{"@id":"https:\/\/www.cambe.pr.gov.br\/index.php\/prefeitura-promove-capacitacao-de-mais-de-300-servidores-da-saude-para-atendimento-de-dengue\/#breadcrumb"},"inLanguage":"pt-BR","potentialAction":[{"@type":"ReadAction","target":["https:\/\/www.cambe.pr.gov.br\/index.php\/prefeitura-promove-capacitacao-de-mais-de-300-servidores-da-saude-para-atendimento-de-dengue\/"]}]},{"@type":"ImageObject","inLanguage":"pt-BR","@id":"https:\/\/www.cambe.pr.gov.br\/index.php\/prefeitura-promove-capacitacao-de-mais-de-300-servidores-da-saude-para-atendimento-de-dengue\/#primaryimage","url":"https:\/\/www.cambe.pr.gov.br\/wp-content\/uploads\/2025\/02\/DSC_0065-scaled.jpg","contentUrl":"https:\/\/www.cambe.pr.gov.br\/wp-content\/uploads\/2025\/02\/DSC_0065-scaled.jpg","width":2560,"height":1707},{"@type":"BreadcrumbList","@id":"https:\/\/www.cambe.pr.gov.br\/index.php\/prefeitura-promove-capacitacao-de-mais-de-300-servidores-da-saude-para-atendimento-de-dengue\/#breadcrumb","itemListElement":[{"@type":"ListItem","position":1,"name":"In\u00edcio","item":"https:\/\/www.cambe.pr.gov.br\/"},{"@type":"ListItem","position":2,"name":"Prefeitura promove capacita\u00e7\u00e3o de mais de 300 servidores da sa\u00fade para atendimento de dengue"}]},{"@type":"WebSite","@id":"https:\/\/www.cambe.pr.gov.br\/#website","url":"https:\/\/www.cambe.pr.gov.br\/","name":"Prefeitura de Camb\u00e9","description":"UM GOVERNO PARA TODOS","publisher":{"@id":"https:\/\/www.cambe.pr.gov.br\/#organization"},"potentialAction":[{"@type":"SearchAction","target":{"@type":"EntryPoint","urlTemplate":"https:\/\/www.cambe.pr.gov.br\/?s={search_term_string}"},"query-input":{"@type":"PropertyValueSpecification","valueRequired":true,"valueName":"search_term_string"}}],"inLanguage":"pt-BR"},{"@type":"Organization","@id":"https:\/\/www.cambe.pr.gov.br\/#organization","name":"Prefeitura de Camb\u00e9","url":"https:\/\/www.cambe.pr.gov.br\/","logo":{"@type":"ImageObject","inLanguage":"pt-BR","@id":"https:\/\/www.cambe.pr.gov.br\/#\/schema\/logo\/image\/","url":"https:\/\/www.cambe.pr.gov.br\/wp-content\/uploads\/2021\/01\/cropped-cropped-cambe_brazao-icone.png","contentUrl":"https:\/\/www.cambe.pr.gov.br\/wp-content\/uploads\/2021\/01\/cropped-cropped-cambe_brazao-icone.png","width":240,"height":240,"caption":"Prefeitura de Camb\u00e9"},"image":{"@id":"https:\/\/www.cambe.pr.gov.br\/#\/schema\/logo\/image\/"},"sameAs":["https:\/\/m.facebook.com\/prefeituradecambe"]},{"@type":"Person","@id":"https:\/\/www.cambe.pr.gov.br\/#\/schema\/person\/8e3ee69cb2cadf4b9f8377407227effd","name":"Vinicius Augusto Batista Eira","image":{"@type":"ImageObject","inLanguage":"pt-BR","@id":"https:\/\/secure.gravatar.com\/avatar\/1ec500de7013b30e1d4d7c8c3978f0e4433c37e5d5e4cd186239369c6440122b?s=96&d=mm&r=g","url":"https:\/\/secure.gravatar.com\/avatar\/1ec500de7013b30e1d4d7c8c3978f0e4433c37e5d5e4cd186239369c6440122b?s=96&d=mm&r=g","contentUrl":"https:\/\/secure.gravatar.com\/avatar\/1ec500de7013b30e1d4d7c8c3978f0e4433c37e5d5e4cd186239369c6440122b?s=96&d=mm&r=g","caption":"Vinicius Augusto Batista Eira"},"url":"https:\/\/www.cambe.pr.gov.br\/index.php\/author\/vabeira\/"}]}},"_links":{"self":[{"href":"https:\/\/www.cambe.pr.gov.br\/index.php\/wp-json\/wp\/v2\/posts\/16137","targetHints":{"allow":["GET"]}}],"collection":[{"href":"https:\/\/www.cambe.pr.gov.br\/index.php\/wp-json\/wp\/v2\/posts"}],"about":[{"href":"https:\/\/www.cambe.pr.gov.br\/index.php\/wp-json\/wp\/v2\/types\/post"}],"author":[{"embeddable":true,"href":"https:\/\/www.cambe.pr.gov.br\/index.php\/wp-json\/wp\/v2\/users\/16"}],"replies":[{"embeddable":true,"href":"https:\/\/www.cambe.pr.gov.br\/index.php\/wp-json\/wp\/v2\/comments?post=16137"}],"version-history":[{"count":3,"href":"https:\/\/www.cambe.pr.gov.br\/index.php\/wp-json\/wp\/v2\/posts\/16137\/revisions"}],"predecessor-version":[{"id":16142,"href":"https:\/\/www.cambe.pr.gov.br\/index.php\/wp-json\/wp\/v2\/posts\/16137\/revisions\/16142"}],"wp:attachment":[{"href":"https:\/\/www.cambe.pr.gov.br\/index.php\/wp-json\/wp\/v2\/media?parent=16137"}],"wp:term":[{"taxonomy":"category","embeddable":true,"href":"https:\/\/www.cambe.pr.gov.br\/index.php\/wp-json\/wp\/v2\/categories?post=16137"},{"taxonomy":"post_tag","embeddable":true,"href":"https:\/\/www.cambe.pr.gov.br\/index.php\/wp-json\/wp\/v2\/tags?post=16137"}],"curies":[{"name":"wp","href":"https:\/\/api.w.org\/{rel}","templated":true}]}}