{"id":16129,"date":"2025-02-17T16:51:26","date_gmt":"2025-02-17T19:51:26","guid":{"rendered":"https:\/\/www.cambe.pr.gov.br\/?p=16129"},"modified":"2025-02-17T16:51:26","modified_gmt":"2025-02-17T19:51:26","slug":"prefeitura-promove-acao-integrada-de-fiscalizacao-urbana-em-bares-e-restaurantes","status":"publish","type":"post","link":"https:\/\/www.cambe.pr.gov.br\/index.php\/prefeitura-promove-acao-integrada-de-fiscalizacao-urbana-em-bares-e-restaurantes\/","title":{"rendered":"Prefeitura promove A\u00e7\u00e3o Integrada de Fiscaliza\u00e7\u00e3o Urbana em bares e restaurantes"},"content":{"rendered":"<p style=\"text-align: justify;\"><span style=\"font-weight: 400; font-family: arial, helvetica, sans-serif;\"><img fetchpriority=\"high\" decoding=\"async\" class=\"alignleft wp-image-16130\" src=\"https:\/\/www.cambe.pr.gov.br\/wp-content\/uploads\/2025\/02\/WhatsApp-Image-2025-02-14-at-21.31.07-1.jpeg\" alt=\"\" width=\"600\" height=\"450\" srcset=\"https:\/\/www.cambe.pr.gov.br\/wp-content\/uploads\/2025\/02\/WhatsApp-Image-2025-02-14-at-21.31.07-1.jpeg 668w, https:\/\/www.cambe.pr.gov.br\/wp-content\/uploads\/2025\/02\/WhatsApp-Image-2025-02-14-at-21.31.07-1-300x225.jpeg 300w, https:\/\/www.cambe.pr.gov.br\/wp-content\/uploads\/2025\/02\/WhatsApp-Image-2025-02-14-at-21.31.07-1-400x300.jpeg 400w\" sizes=\"(max-width: 600px) 100vw, 600px\" \/>Na \u00faltima sexta-feira (14), a Prefeitura promoveu uma A\u00e7\u00e3o Integrada de Fiscaliza\u00e7\u00e3o Urbana (AIFU) visando a inspe\u00e7\u00e3o de bares e restaurantes em Camb\u00e9. A a\u00e7\u00e3o contou com a participa\u00e7\u00e3o da Secretaria Municipal de Fiscaliza\u00e7\u00e3o Urbana, Vigil\u00e2ncia Sanit\u00e1ria de Camb\u00e9, Gabinete do Prefeito, Pol\u00edcia Militar e Corpo de Bombeiros. Ao todo, foram vistoriados oito estabelecimentos, com cinco notifica\u00e7\u00f5es fiscais.<\/span><\/p>\n<p style=\"text-align: justify;\"><span style=\"font-weight: 400; font-family: arial, helvetica, sans-serif;\">As equipes da Prefeitura se reuniram \u00e0s 19h30 para discutir procedimentos, estabelecimentos alvos e rotas. O foco da a\u00e7\u00e3o foram bares e restaurantes com den\u00fancias de perturba\u00e7\u00e3o, descumprimento de normas do C\u00f3digo de Posturas do Munic\u00edpio e falta de documenta\u00e7\u00e3o.<\/span><\/p>\n<p style=\"text-align: justify;\"><span style=\"font-weight: 400; font-family: arial, helvetica, sans-serif;\">Foram vistoriados oito estabelecimentos, com cinco notifica\u00e7\u00f5es fiscais por regulamenta\u00e7\u00e3o de alvar\u00e1 de funcionamento, licen\u00e7a do estabelecimento, pertuba\u00e7\u00e3o p\u00fablica, com som alto e mesas e cadeiras em cal\u00e7adas e ruas, e apreens\u00e3o de mercadoria com alimentos estragados. As notifica\u00e7\u00f5es t\u00eam prazo de sete dias para regulariza\u00e7\u00e3o.<\/span><\/p>\n<p style=\"text-align: justify;\"><span style=\"font-weight: 400; font-family: arial, helvetica, sans-serif;\">Diogo Sola, secret\u00e1rio municipal de Fiscaliza\u00e7\u00e3o Urbana, ressaltou que o objetivo da a\u00e7\u00e3o foi refor\u00e7ar o respeito \u00e0s legisla\u00e7\u00f5es, principalmente a legisla\u00e7\u00e3o municipal, que garante a seguran\u00e7a, o bem-estar e a qualidade de vida para todos. \u201cAlertamos comerciantes e propriet\u00e1rios de estabelecimento sobre alguns pontos fundamentais que n\u00e3o podem ser ignorados. Como alvar\u00e1 de licen\u00e7a, que todo estabelecimento precisa estar com esse documento em dia, sob pena de multas e at\u00e9 interdi\u00e7\u00e3o do estabelecimento; licen\u00e7a sanit\u00e1ria e do corpo de bombeiros cumprindo as exig\u00eancias que garantem a seguran\u00e7a e sa\u00fade de todos; polui\u00e7\u00e3o sonora, que \u00e9 uma das nossas prioridades, com estabelecimentos com ru\u00eddos excessivos em hor\u00e1rios inapropriados podendo ser notificados e obrigados a interromper atividades; e tamb\u00e9m o uso do passeio p\u00fablico, com mesas e cadeiras em locais que podem atrapalhar a circula\u00e7\u00e3o de pedestres e ve\u00edculos\u201d.<\/span><\/p>\n<p style=\"text-align: justify;\"><span style=\"font-weight: 400; font-family: arial, helvetica, sans-serif;\">O secret\u00e1rio ainda destacou que nesse primeiro momentos, todos os estabelecimentos s\u00e3o orientados a como regularizar a situa\u00e7\u00e3o, j\u00e1 que a fiscaliza\u00e7\u00e3o n\u00e3o tem a inten\u00e7\u00e3o de punir, mas sim garantir que todos trabalhem na legalidade e de forma justa, sem prejudicar a comunidade. \u201cRefor\u00e7amos o nosso compromisso em manter uma cidade mais organizada e segura e conto com a colabora\u00e7\u00e3o de todos os comerciantes para que possamos seguir com essa miss\u00e3o. Caso precisem de orienta\u00e7\u00e3o ou tenham d\u00favidas, nossa Secretaria est\u00e1 \u00e0 disposi\u00e7\u00e3o para ajudar\u201d, concluiu Sola.<\/span><\/p>\n<p style=\"text-align: justify;\"><span style=\"font-weight: 400; font-family: arial, helvetica, sans-serif;\">A Secretaria de Fiscaliza\u00e7\u00e3o Urbana fica na Avenida Inglaterra, 491. Voc\u00ea tamb\u00e9m entrar em contato pelo telefone (43) 3174-0359 ou pelo e-mail posturas@cambe.pr.gov.br.<\/span><\/p>\n","protected":false},"excerpt":{"rendered":"<p>Na \u00faltima sexta-feira (14), a Prefeitura promoveu uma A\u00e7\u00e3o Integrada de Fiscaliza\u00e7\u00e3o Urbana (AIFU) visando a inspe\u00e7\u00e3o de bares e restaurantes em Camb\u00e9. A a\u00e7\u00e3o contou com a participa\u00e7\u00e3o da Secretaria Municipal de Fiscaliza\u00e7\u00e3o Urbana, Vigil\u00e2ncia Sanit\u00e1ria de Camb\u00e9, Gabinete do Prefeito, Pol\u00edcia Militar e Corpo de Bombeiros. Ao todo, foram vistoriados oito estabelecimentos, com [&hellip;]<\/p>\n","protected":false},"author":16,"featured_media":0,"comment_status":"closed","ping_status":"closed","sticky":false,"template":"","format":"standard","meta":{"ngg_post_thumbnail":0,"footnotes":""},"categories":[1],"tags":[],"class_list":["post-16129","post","type-post","status-publish","format-standard","hentry","category-principal"],"yoast_head":"<!-- This site is optimized with the Yoast SEO plugin v27.4 - https:\/\/yoast.com\/product\/yoast-seo-wordpress\/ -->\n<title>Prefeitura promove A\u00e7\u00e3o Integrada de Fiscaliza\u00e7\u00e3o Urbana em bares e restaurantes - Prefeitura de Camb\u00e9<\/title>\n<meta name=\"robots\" content=\"index, follow, max-snippet:-1, max-image-preview:large, max-video-preview:-1\" \/>\n<link rel=\"canonical\" href=\"https:\/\/www.cambe.pr.gov.br\/index.php\/prefeitura-promove-acao-integrada-de-fiscalizacao-urbana-em-bares-e-restaurantes\/\" \/>\n<meta property=\"og:locale\" content=\"pt_BR\" \/>\n<meta property=\"og:type\" content=\"article\" \/>\n<meta property=\"og:title\" content=\"Prefeitura promove A\u00e7\u00e3o Integrada de Fiscaliza\u00e7\u00e3o Urbana em bares e restaurantes - Prefeitura de Camb\u00e9\" \/>\n<meta property=\"og:description\" content=\"Na \u00faltima sexta-feira (14), a Prefeitura promoveu uma A\u00e7\u00e3o Integrada de Fiscaliza\u00e7\u00e3o Urbana (AIFU) visando a inspe\u00e7\u00e3o de bares e restaurantes em Camb\u00e9. A a\u00e7\u00e3o contou com a participa\u00e7\u00e3o da Secretaria Municipal de Fiscaliza\u00e7\u00e3o Urbana, Vigil\u00e2ncia Sanit\u00e1ria de Camb\u00e9, Gabinete do Prefeito, Pol\u00edcia Militar e Corpo de Bombeiros. Ao todo, foram vistoriados oito estabelecimentos, com [&hellip;]\" \/>\n<meta property=\"og:url\" content=\"https:\/\/www.cambe.pr.gov.br\/index.php\/prefeitura-promove-acao-integrada-de-fiscalizacao-urbana-em-bares-e-restaurantes\/\" \/>\n<meta property=\"og:site_name\" content=\"Prefeitura de Camb\u00e9\" \/>\n<meta property=\"article:publisher\" content=\"https:\/\/m.facebook.com\/prefeituradecambe\" \/>\n<meta property=\"article:published_time\" content=\"2025-02-17T19:51:26+00:00\" \/>\n<meta property=\"og:image\" content=\"https:\/\/www.cambe.pr.gov.br\/wp-content\/uploads\/2025\/02\/WhatsApp-Image-2025-02-14-at-21.31.07-1.jpeg\" \/>\n<meta name=\"author\" content=\"Vinicius Augusto Batista Eira\" \/>\n<meta name=\"twitter:card\" content=\"summary_large_image\" \/>\n<meta name=\"twitter:label1\" content=\"Escrito por\" \/>\n\t<meta name=\"twitter:data1\" content=\"Vinicius Augusto Batista Eira\" \/>\n\t<meta name=\"twitter:label2\" content=\"Est. tempo de leitura\" \/>\n\t<meta name=\"twitter:data2\" content=\"3 minutos\" \/>\n<script type=\"application\/ld+json\" class=\"yoast-schema-graph\">{\"@context\":\"https:\\\/\\\/schema.org\",\"@graph\":[{\"@type\":\"Article\",\"@id\":\"https:\\\/\\\/www.cambe.pr.gov.br\\\/index.php\\\/prefeitura-promove-acao-integrada-de-fiscalizacao-urbana-em-bares-e-restaurantes\\\/#article\",\"isPartOf\":{\"@id\":\"https:\\\/\\\/www.cambe.pr.gov.br\\\/index.php\\\/prefeitura-promove-acao-integrada-de-fiscalizacao-urbana-em-bares-e-restaurantes\\\/\"},\"author\":{\"name\":\"Vinicius Augusto Batista Eira\",\"@id\":\"https:\\\/\\\/www.cambe.pr.gov.br\\\/#\\\/schema\\\/person\\\/8e3ee69cb2cadf4b9f8377407227effd\"},\"headline\":\"Prefeitura promove A\u00e7\u00e3o Integrada de Fiscaliza\u00e7\u00e3o Urbana em bares e restaurantes\",\"datePublished\":\"2025-02-17T19:51:26+00:00\",\"mainEntityOfPage\":{\"@id\":\"https:\\\/\\\/www.cambe.pr.gov.br\\\/index.php\\\/prefeitura-promove-acao-integrada-de-fiscalizacao-urbana-em-bares-e-restaurantes\\\/\"},\"wordCount\":468,\"publisher\":{\"@id\":\"https:\\\/\\\/www.cambe.pr.gov.br\\\/#organization\"},\"image\":{\"@id\":\"https:\\\/\\\/www.cambe.pr.gov.br\\\/index.php\\\/prefeitura-promove-acao-integrada-de-fiscalizacao-urbana-em-bares-e-restaurantes\\\/#primaryimage\"},\"thumbnailUrl\":\"https:\\\/\\\/www.cambe.pr.gov.br\\\/wp-content\\\/uploads\\\/2025\\\/02\\\/WhatsApp-Image-2025-02-14-at-21.31.07-1.jpeg\",\"articleSection\":[\"Principal\"],\"inLanguage\":\"pt-BR\"},{\"@type\":\"WebPage\",\"@id\":\"https:\\\/\\\/www.cambe.pr.gov.br\\\/index.php\\\/prefeitura-promove-acao-integrada-de-fiscalizacao-urbana-em-bares-e-restaurantes\\\/\",\"url\":\"https:\\\/\\\/www.cambe.pr.gov.br\\\/index.php\\\/prefeitura-promove-acao-integrada-de-fiscalizacao-urbana-em-bares-e-restaurantes\\\/\",\"name\":\"Prefeitura promove A\u00e7\u00e3o Integrada de Fiscaliza\u00e7\u00e3o Urbana em bares e restaurantes - Prefeitura de Camb\u00e9\",\"isPartOf\":{\"@id\":\"https:\\\/\\\/www.cambe.pr.gov.br\\\/#website\"},\"primaryImageOfPage\":{\"@id\":\"https:\\\/\\\/www.cambe.pr.gov.br\\\/index.php\\\/prefeitura-promove-acao-integrada-de-fiscalizacao-urbana-em-bares-e-restaurantes\\\/#primaryimage\"},\"image\":{\"@id\":\"https:\\\/\\\/www.cambe.pr.gov.br\\\/index.php\\\/prefeitura-promove-acao-integrada-de-fiscalizacao-urbana-em-bares-e-restaurantes\\\/#primaryimage\"},\"thumbnailUrl\":\"https:\\\/\\\/www.cambe.pr.gov.br\\\/wp-content\\\/uploads\\\/2025\\\/02\\\/WhatsApp-Image-2025-02-14-at-21.31.07-1.jpeg\",\"datePublished\":\"2025-02-17T19:51:26+00:00\",\"breadcrumb\":{\"@id\":\"https:\\\/\\\/www.cambe.pr.gov.br\\\/index.php\\\/prefeitura-promove-acao-integrada-de-fiscalizacao-urbana-em-bares-e-restaurantes\\\/#breadcrumb\"},\"inLanguage\":\"pt-BR\",\"potentialAction\":[{\"@type\":\"ReadAction\",\"target\":[\"https:\\\/\\\/www.cambe.pr.gov.br\\\/index.php\\\/prefeitura-promove-acao-integrada-de-fiscalizacao-urbana-em-bares-e-restaurantes\\\/\"]}]},{\"@type\":\"ImageObject\",\"inLanguage\":\"pt-BR\",\"@id\":\"https:\\\/\\\/www.cambe.pr.gov.br\\\/index.php\\\/prefeitura-promove-acao-integrada-de-fiscalizacao-urbana-em-bares-e-restaurantes\\\/#primaryimage\",\"url\":\"https:\\\/\\\/www.cambe.pr.gov.br\\\/wp-content\\\/uploads\\\/2025\\\/02\\\/WhatsApp-Image-2025-02-14-at-21.31.07-1.jpeg\",\"contentUrl\":\"https:\\\/\\\/www.cambe.pr.gov.br\\\/wp-content\\\/uploads\\\/2025\\\/02\\\/WhatsApp-Image-2025-02-14-at-21.31.07-1.jpeg\",\"width\":668,\"height\":501},{\"@type\":\"BreadcrumbList\",\"@id\":\"https:\\\/\\\/www.cambe.pr.gov.br\\\/index.php\\\/prefeitura-promove-acao-integrada-de-fiscalizacao-urbana-em-bares-e-restaurantes\\\/#breadcrumb\",\"itemListElement\":[{\"@type\":\"ListItem\",\"position\":1,\"name\":\"In\u00edcio\",\"item\":\"https:\\\/\\\/www.cambe.pr.gov.br\\\/\"},{\"@type\":\"ListItem\",\"position\":2,\"name\":\"Prefeitura promove A\u00e7\u00e3o Integrada de Fiscaliza\u00e7\u00e3o Urbana em bares e restaurantes\"}]},{\"@type\":\"WebSite\",\"@id\":\"https:\\\/\\\/www.cambe.pr.gov.br\\\/#website\",\"url\":\"https:\\\/\\\/www.cambe.pr.gov.br\\\/\",\"name\":\"Prefeitura de Camb\u00e9\",\"description\":\"UM GOVERNO PARA TODOS\",\"publisher\":{\"@id\":\"https:\\\/\\\/www.cambe.pr.gov.br\\\/#organization\"},\"potentialAction\":[{\"@type\":\"SearchAction\",\"target\":{\"@type\":\"EntryPoint\",\"urlTemplate\":\"https:\\\/\\\/www.cambe.pr.gov.br\\\/?s={search_term_string}\"},\"query-input\":{\"@type\":\"PropertyValueSpecification\",\"valueRequired\":true,\"valueName\":\"search_term_string\"}}],\"inLanguage\":\"pt-BR\"},{\"@type\":\"Organization\",\"@id\":\"https:\\\/\\\/www.cambe.pr.gov.br\\\/#organization\",\"name\":\"Prefeitura de Camb\u00e9\",\"url\":\"https:\\\/\\\/www.cambe.pr.gov.br\\\/\",\"logo\":{\"@type\":\"ImageObject\",\"inLanguage\":\"pt-BR\",\"@id\":\"https:\\\/\\\/www.cambe.pr.gov.br\\\/#\\\/schema\\\/logo\\\/image\\\/\",\"url\":\"https:\\\/\\\/www.cambe.pr.gov.br\\\/wp-content\\\/uploads\\\/2021\\\/01\\\/cropped-cropped-cambe_brazao-icone.png\",\"contentUrl\":\"https:\\\/\\\/www.cambe.pr.gov.br\\\/wp-content\\\/uploads\\\/2021\\\/01\\\/cropped-cropped-cambe_brazao-icone.png\",\"width\":240,\"height\":240,\"caption\":\"Prefeitura de Camb\u00e9\"},\"image\":{\"@id\":\"https:\\\/\\\/www.cambe.pr.gov.br\\\/#\\\/schema\\\/logo\\\/image\\\/\"},\"sameAs\":[\"https:\\\/\\\/m.facebook.com\\\/prefeituradecambe\"]},{\"@type\":\"Person\",\"@id\":\"https:\\\/\\\/www.cambe.pr.gov.br\\\/#\\\/schema\\\/person\\\/8e3ee69cb2cadf4b9f8377407227effd\",\"name\":\"Vinicius Augusto Batista Eira\",\"image\":{\"@type\":\"ImageObject\",\"inLanguage\":\"pt-BR\",\"@id\":\"https:\\\/\\\/secure.gravatar.com\\\/avatar\\\/1ec500de7013b30e1d4d7c8c3978f0e4433c37e5d5e4cd186239369c6440122b?s=96&d=mm&r=g\",\"url\":\"https:\\\/\\\/secure.gravatar.com\\\/avatar\\\/1ec500de7013b30e1d4d7c8c3978f0e4433c37e5d5e4cd186239369c6440122b?s=96&d=mm&r=g\",\"contentUrl\":\"https:\\\/\\\/secure.gravatar.com\\\/avatar\\\/1ec500de7013b30e1d4d7c8c3978f0e4433c37e5d5e4cd186239369c6440122b?s=96&d=mm&r=g\",\"caption\":\"Vinicius Augusto Batista Eira\"},\"url\":\"https:\\\/\\\/www.cambe.pr.gov.br\\\/index.php\\\/author\\\/vabeira\\\/\"}]}<\/script>\n<!-- \/ Yoast SEO plugin. -->","yoast_head_json":{"title":"Prefeitura promove A\u00e7\u00e3o Integrada de Fiscaliza\u00e7\u00e3o Urbana em bares e restaurantes - Prefeitura de Camb\u00e9","robots":{"index":"index","follow":"follow","max-snippet":"max-snippet:-1","max-image-preview":"max-image-preview:large","max-video-preview":"max-video-preview:-1"},"canonical":"https:\/\/www.cambe.pr.gov.br\/index.php\/prefeitura-promove-acao-integrada-de-fiscalizacao-urbana-em-bares-e-restaurantes\/","og_locale":"pt_BR","og_type":"article","og_title":"Prefeitura promove A\u00e7\u00e3o Integrada de Fiscaliza\u00e7\u00e3o Urbana em bares e restaurantes - Prefeitura de Camb\u00e9","og_description":"Na \u00faltima sexta-feira (14), a Prefeitura promoveu uma A\u00e7\u00e3o Integrada de Fiscaliza\u00e7\u00e3o Urbana (AIFU) visando a inspe\u00e7\u00e3o de bares e restaurantes em Camb\u00e9. A a\u00e7\u00e3o contou com a participa\u00e7\u00e3o da Secretaria Municipal de Fiscaliza\u00e7\u00e3o Urbana, Vigil\u00e2ncia Sanit\u00e1ria de Camb\u00e9, Gabinete do Prefeito, Pol\u00edcia Militar e Corpo de Bombeiros. Ao todo, foram vistoriados oito estabelecimentos, com [&hellip;]","og_url":"https:\/\/www.cambe.pr.gov.br\/index.php\/prefeitura-promove-acao-integrada-de-fiscalizacao-urbana-em-bares-e-restaurantes\/","og_site_name":"Prefeitura de Camb\u00e9","article_publisher":"https:\/\/m.facebook.com\/prefeituradecambe","article_published_time":"2025-02-17T19:51:26+00:00","og_image":[{"url":"https:\/\/www.cambe.pr.gov.br\/wp-content\/uploads\/2025\/02\/WhatsApp-Image-2025-02-14-at-21.31.07-1.jpeg","type":"","width":"","height":""}],"author":"Vinicius Augusto Batista Eira","twitter_card":"summary_large_image","twitter_misc":{"Escrito por":"Vinicius Augusto Batista Eira","Est. tempo de leitura":"3 minutos"},"schema":{"@context":"https:\/\/schema.org","@graph":[{"@type":"Article","@id":"https:\/\/www.cambe.pr.gov.br\/index.php\/prefeitura-promove-acao-integrada-de-fiscalizacao-urbana-em-bares-e-restaurantes\/#article","isPartOf":{"@id":"https:\/\/www.cambe.pr.gov.br\/index.php\/prefeitura-promove-acao-integrada-de-fiscalizacao-urbana-em-bares-e-restaurantes\/"},"author":{"name":"Vinicius Augusto Batista Eira","@id":"https:\/\/www.cambe.pr.gov.br\/#\/schema\/person\/8e3ee69cb2cadf4b9f8377407227effd"},"headline":"Prefeitura promove A\u00e7\u00e3o Integrada de Fiscaliza\u00e7\u00e3o Urbana em bares e restaurantes","datePublished":"2025-02-17T19:51:26+00:00","mainEntityOfPage":{"@id":"https:\/\/www.cambe.pr.gov.br\/index.php\/prefeitura-promove-acao-integrada-de-fiscalizacao-urbana-em-bares-e-restaurantes\/"},"wordCount":468,"publisher":{"@id":"https:\/\/www.cambe.pr.gov.br\/#organization"},"image":{"@id":"https:\/\/www.cambe.pr.gov.br\/index.php\/prefeitura-promove-acao-integrada-de-fiscalizacao-urbana-em-bares-e-restaurantes\/#primaryimage"},"thumbnailUrl":"https:\/\/www.cambe.pr.gov.br\/wp-content\/uploads\/2025\/02\/WhatsApp-Image-2025-02-14-at-21.31.07-1.jpeg","articleSection":["Principal"],"inLanguage":"pt-BR"},{"@type":"WebPage","@id":"https:\/\/www.cambe.pr.gov.br\/index.php\/prefeitura-promove-acao-integrada-de-fiscalizacao-urbana-em-bares-e-restaurantes\/","url":"https:\/\/www.cambe.pr.gov.br\/index.php\/prefeitura-promove-acao-integrada-de-fiscalizacao-urbana-em-bares-e-restaurantes\/","name":"Prefeitura promove A\u00e7\u00e3o Integrada de Fiscaliza\u00e7\u00e3o Urbana em bares e restaurantes - Prefeitura de Camb\u00e9","isPartOf":{"@id":"https:\/\/www.cambe.pr.gov.br\/#website"},"primaryImageOfPage":{"@id":"https:\/\/www.cambe.pr.gov.br\/index.php\/prefeitura-promove-acao-integrada-de-fiscalizacao-urbana-em-bares-e-restaurantes\/#primaryimage"},"image":{"@id":"https:\/\/www.cambe.pr.gov.br\/index.php\/prefeitura-promove-acao-integrada-de-fiscalizacao-urbana-em-bares-e-restaurantes\/#primaryimage"},"thumbnailUrl":"https:\/\/www.cambe.pr.gov.br\/wp-content\/uploads\/2025\/02\/WhatsApp-Image-2025-02-14-at-21.31.07-1.jpeg","datePublished":"2025-02-17T19:51:26+00:00","breadcrumb":{"@id":"https:\/\/www.cambe.pr.gov.br\/index.php\/prefeitura-promove-acao-integrada-de-fiscalizacao-urbana-em-bares-e-restaurantes\/#breadcrumb"},"inLanguage":"pt-BR","potentialAction":[{"@type":"ReadAction","target":["https:\/\/www.cambe.pr.gov.br\/index.php\/prefeitura-promove-acao-integrada-de-fiscalizacao-urbana-em-bares-e-restaurantes\/"]}]},{"@type":"ImageObject","inLanguage":"pt-BR","@id":"https:\/\/www.cambe.pr.gov.br\/index.php\/prefeitura-promove-acao-integrada-de-fiscalizacao-urbana-em-bares-e-restaurantes\/#primaryimage","url":"https:\/\/www.cambe.pr.gov.br\/wp-content\/uploads\/2025\/02\/WhatsApp-Image-2025-02-14-at-21.31.07-1.jpeg","contentUrl":"https:\/\/www.cambe.pr.gov.br\/wp-content\/uploads\/2025\/02\/WhatsApp-Image-2025-02-14-at-21.31.07-1.jpeg","width":668,"height":501},{"@type":"BreadcrumbList","@id":"https:\/\/www.cambe.pr.gov.br\/index.php\/prefeitura-promove-acao-integrada-de-fiscalizacao-urbana-em-bares-e-restaurantes\/#breadcrumb","itemListElement":[{"@type":"ListItem","position":1,"name":"In\u00edcio","item":"https:\/\/www.cambe.pr.gov.br\/"},{"@type":"ListItem","position":2,"name":"Prefeitura promove A\u00e7\u00e3o Integrada de Fiscaliza\u00e7\u00e3o Urbana em bares e restaurantes"}]},{"@type":"WebSite","@id":"https:\/\/www.cambe.pr.gov.br\/#website","url":"https:\/\/www.cambe.pr.gov.br\/","name":"Prefeitura de Camb\u00e9","description":"UM GOVERNO PARA TODOS","publisher":{"@id":"https:\/\/www.cambe.pr.gov.br\/#organization"},"potentialAction":[{"@type":"SearchAction","target":{"@type":"EntryPoint","urlTemplate":"https:\/\/www.cambe.pr.gov.br\/?s={search_term_string}"},"query-input":{"@type":"PropertyValueSpecification","valueRequired":true,"valueName":"search_term_string"}}],"inLanguage":"pt-BR"},{"@type":"Organization","@id":"https:\/\/www.cambe.pr.gov.br\/#organization","name":"Prefeitura de Camb\u00e9","url":"https:\/\/www.cambe.pr.gov.br\/","logo":{"@type":"ImageObject","inLanguage":"pt-BR","@id":"https:\/\/www.cambe.pr.gov.br\/#\/schema\/logo\/image\/","url":"https:\/\/www.cambe.pr.gov.br\/wp-content\/uploads\/2021\/01\/cropped-cropped-cambe_brazao-icone.png","contentUrl":"https:\/\/www.cambe.pr.gov.br\/wp-content\/uploads\/2021\/01\/cropped-cropped-cambe_brazao-icone.png","width":240,"height":240,"caption":"Prefeitura de Camb\u00e9"},"image":{"@id":"https:\/\/www.cambe.pr.gov.br\/#\/schema\/logo\/image\/"},"sameAs":["https:\/\/m.facebook.com\/prefeituradecambe"]},{"@type":"Person","@id":"https:\/\/www.cambe.pr.gov.br\/#\/schema\/person\/8e3ee69cb2cadf4b9f8377407227effd","name":"Vinicius Augusto Batista Eira","image":{"@type":"ImageObject","inLanguage":"pt-BR","@id":"https:\/\/secure.gravatar.com\/avatar\/1ec500de7013b30e1d4d7c8c3978f0e4433c37e5d5e4cd186239369c6440122b?s=96&d=mm&r=g","url":"https:\/\/secure.gravatar.com\/avatar\/1ec500de7013b30e1d4d7c8c3978f0e4433c37e5d5e4cd186239369c6440122b?s=96&d=mm&r=g","contentUrl":"https:\/\/secure.gravatar.com\/avatar\/1ec500de7013b30e1d4d7c8c3978f0e4433c37e5d5e4cd186239369c6440122b?s=96&d=mm&r=g","caption":"Vinicius Augusto Batista Eira"},"url":"https:\/\/www.cambe.pr.gov.br\/index.php\/author\/vabeira\/"}]}},"_links":{"self":[{"href":"https:\/\/www.cambe.pr.gov.br\/index.php\/wp-json\/wp\/v2\/posts\/16129","targetHints":{"allow":["GET"]}}],"collection":[{"href":"https:\/\/www.cambe.pr.gov.br\/index.php\/wp-json\/wp\/v2\/posts"}],"about":[{"href":"https:\/\/www.cambe.pr.gov.br\/index.php\/wp-json\/wp\/v2\/types\/post"}],"author":[{"embeddable":true,"href":"https:\/\/www.cambe.pr.gov.br\/index.php\/wp-json\/wp\/v2\/users\/16"}],"replies":[{"embeddable":true,"href":"https:\/\/www.cambe.pr.gov.br\/index.php\/wp-json\/wp\/v2\/comments?post=16129"}],"version-history":[{"count":1,"href":"https:\/\/www.cambe.pr.gov.br\/index.php\/wp-json\/wp\/v2\/posts\/16129\/revisions"}],"predecessor-version":[{"id":16131,"href":"https:\/\/www.cambe.pr.gov.br\/index.php\/wp-json\/wp\/v2\/posts\/16129\/revisions\/16131"}],"wp:attachment":[{"href":"https:\/\/www.cambe.pr.gov.br\/index.php\/wp-json\/wp\/v2\/media?parent=16129"}],"wp:term":[{"taxonomy":"category","embeddable":true,"href":"https:\/\/www.cambe.pr.gov.br\/index.php\/wp-json\/wp\/v2\/categories?post=16129"},{"taxonomy":"post_tag","embeddable":true,"href":"https:\/\/www.cambe.pr.gov.br\/index.php\/wp-json\/wp\/v2\/tags?post=16129"}],"curies":[{"name":"wp","href":"https:\/\/api.w.org\/{rel}","templated":true}]}}