{"id":16127,"date":"2025-02-17T15:08:27","date_gmt":"2025-02-17T18:08:27","guid":{"rendered":"https:\/\/www.cambe.pr.gov.br\/?p=16127"},"modified":"2025-02-17T15:08:27","modified_gmt":"2025-02-17T18:08:27","slug":"centro-da-juventude-abre-inscricoes-para-aulas-de-hip-hop-gratuitas","status":"publish","type":"post","link":"https:\/\/www.cambe.pr.gov.br\/index.php\/centro-da-juventude-abre-inscricoes-para-aulas-de-hip-hop-gratuitas\/","title":{"rendered":"Centro da Juventude abre inscri\u00e7\u00f5es para aulas de Hip Hop gratuitas"},"content":{"rendered":"<p style=\"text-align: justify;\"><span style=\"font-weight: 400; font-family: arial, helvetica, sans-serif;\"><img fetchpriority=\"high\" decoding=\"async\" class=\"alignleft wp-image-11014\" src=\"https:\/\/www.cambe.pr.gov.br\/wp-content\/uploads\/2023\/07\/CentroJuventude.jpg\" alt=\"\" width=\"600\" height=\"338\" srcset=\"https:\/\/www.cambe.pr.gov.br\/wp-content\/uploads\/2023\/07\/CentroJuventude.jpg 1024w, https:\/\/www.cambe.pr.gov.br\/wp-content\/uploads\/2023\/07\/CentroJuventude-300x169.jpg 300w, https:\/\/www.cambe.pr.gov.br\/wp-content\/uploads\/2023\/07\/CentroJuventude-768x432.jpg 768w\" sizes=\"(max-width: 600px) 100vw, 600px\" \/>Seguindo a promo\u00e7\u00e3o de aulas, atividades e programa\u00e7\u00e3o cultural gratuita no Centro da Juventude, est\u00e3o abertas as inscri\u00e7\u00f5es para aulas de Hip Hop. Ao todo, s\u00e3o 16 aulas distribu\u00eddas ao longo de quatro meses, voltadas para adolescentes e jovens a partir de 12 anos. Os encontros ser\u00e3o no Centro da Juventude, \u00e0s sextas-feiras, \u00e0s 18h e \u00e0s 19h, com in\u00edcio no dia 21 de fevereiro. As vagas s\u00e3o limitadas, e as inscri\u00e7\u00f5es podem ser feitas diretamente por WhatsApp no n\u00famero (43) 98834-9916.<\/span><\/p>\n<p style=\"text-align: justify;\"><span style=\"font-weight: 400; font-family: arial, helvetica, sans-serif;\">As aulas ser\u00e3o ministradas pelo core\u00f3grafo e dan\u00e7arino profissional Ricardo Ara\u00fajo, cofundador do Studio de Dan\u00e7a Seven Hachi e professor de Dan\u00e7as Urbanas em Camb\u00e9. Com 15 anos de experi\u00eancia, Ricardo Ara\u00fajo j\u00e1 ministrou workshops e produziu coreografias na regi\u00e3o. Agora, ele compartilha seu conhecimento para ensinar os fundamentos do Hip Hop de forma din\u00e2mica e acess\u00edvel. \u201cO curso busca incentivar a pr\u00e1tica da dan\u00e7a, promover a inclus\u00e3o cultural e oferecer uma alternativa de lazer e aprendizado\u201d, destacou o dan\u00e7arino.<\/span><\/p>\n<p style=\"text-align: justify;\"><span style=\"font-weight: 400; font-family: arial, helvetica, sans-serif;\">O projeto Hip Hop Dance \u00e9 realizado com recursos da Lei Paulo Gustavo, atrav\u00e9s do Minist\u00e9rio da Cultura e Secretaria de Estado da Cultura e tem apoio da Secretaria Municipal de Educa\u00e7\u00e3o e Cultura.<\/span><\/p>\n<p style=\"text-align: justify;\"><span style=\"font-weight: 400; font-family: arial, helvetica, sans-serif;\">A Secretaria de Esportes e Lazer, em parceria outras Secretarias, promove uma <a href=\"https:\/\/www.cambe.pr.gov.br\/index.php\/estao-abertas-as-inscricoes-para-atividades-gratuitas-no-centro-da-juventude\/\"><strong>s\u00e9rie de atividades gratuitas em Camb\u00e9<\/strong><\/a>, al\u00e9m do programa Agentes de Cidadania, com pagamento de bolsas para pessoas que se predisp\u00f5em a levar mais conhecimento para a comunidade. Mais informa\u00e7\u00f5es podem ser obtidas no telefone (43) 3174-0519, e tamb\u00e9m no <a href=\"https:\/\/www.instagram.com\/centrodajuventudedecambe?utm_source=qr&amp;igsh=MWQ0MnFydjk3am1qbA%3D%3D\"><strong>Instagram<\/strong> <\/a>do Centro da Juventude.<\/span><\/p>\n","protected":false},"excerpt":{"rendered":"<p>Seguindo a promo\u00e7\u00e3o de aulas, atividades e programa\u00e7\u00e3o cultural gratuita no Centro da Juventude, est\u00e3o abertas as inscri\u00e7\u00f5es para aulas de Hip Hop. Ao todo, s\u00e3o 16 aulas distribu\u00eddas ao longo de quatro meses, voltadas para adolescentes e jovens a partir de 12 anos. Os encontros ser\u00e3o no Centro da Juventude, \u00e0s sextas-feiras, \u00e0s 18h [&hellip;]<\/p>\n","protected":false},"author":16,"featured_media":0,"comment_status":"closed","ping_status":"closed","sticky":false,"template":"","format":"standard","meta":{"ngg_post_thumbnail":0,"footnotes":""},"categories":[1],"tags":[],"class_list":["post-16127","post","type-post","status-publish","format-standard","hentry","category-principal"],"yoast_head":"<!-- This site is optimized with the Yoast SEO plugin v27.4 - https:\/\/yoast.com\/product\/yoast-seo-wordpress\/ -->\n<title>Centro da Juventude abre inscri\u00e7\u00f5es para aulas de Hip Hop gratuitas - Prefeitura de Camb\u00e9<\/title>\n<meta name=\"robots\" content=\"index, follow, max-snippet:-1, max-image-preview:large, max-video-preview:-1\" \/>\n<link rel=\"canonical\" href=\"https:\/\/www.cambe.pr.gov.br\/index.php\/centro-da-juventude-abre-inscricoes-para-aulas-de-hip-hop-gratuitas\/\" \/>\n<meta property=\"og:locale\" content=\"pt_BR\" \/>\n<meta property=\"og:type\" content=\"article\" \/>\n<meta property=\"og:title\" content=\"Centro da Juventude abre inscri\u00e7\u00f5es para aulas de Hip Hop gratuitas - Prefeitura de Camb\u00e9\" \/>\n<meta property=\"og:description\" content=\"Seguindo a promo\u00e7\u00e3o de aulas, atividades e programa\u00e7\u00e3o cultural gratuita no Centro da Juventude, est\u00e3o abertas as inscri\u00e7\u00f5es para aulas de Hip Hop. Ao todo, s\u00e3o 16 aulas distribu\u00eddas ao longo de quatro meses, voltadas para adolescentes e jovens a partir de 12 anos. Os encontros ser\u00e3o no Centro da Juventude, \u00e0s sextas-feiras, \u00e0s 18h [&hellip;]\" \/>\n<meta property=\"og:url\" content=\"https:\/\/www.cambe.pr.gov.br\/index.php\/centro-da-juventude-abre-inscricoes-para-aulas-de-hip-hop-gratuitas\/\" \/>\n<meta property=\"og:site_name\" content=\"Prefeitura de Camb\u00e9\" \/>\n<meta property=\"article:publisher\" content=\"https:\/\/m.facebook.com\/prefeituradecambe\" \/>\n<meta property=\"article:published_time\" content=\"2025-02-17T18:08:27+00:00\" \/>\n<meta property=\"og:image\" content=\"https:\/\/www.cambe.pr.gov.br\/wp-content\/uploads\/2023\/07\/CentroJuventude.jpg\" \/>\n<meta name=\"author\" content=\"Vinicius Augusto Batista Eira\" \/>\n<meta name=\"twitter:card\" content=\"summary_large_image\" \/>\n<meta name=\"twitter:label1\" content=\"Escrito por\" \/>\n\t<meta name=\"twitter:data1\" content=\"Vinicius Augusto Batista Eira\" \/>\n\t<meta name=\"twitter:label2\" content=\"Est. tempo de leitura\" \/>\n\t<meta name=\"twitter:data2\" content=\"2 minutos\" \/>\n<script type=\"application\/ld+json\" class=\"yoast-schema-graph\">{\"@context\":\"https:\\\/\\\/schema.org\",\"@graph\":[{\"@type\":\"Article\",\"@id\":\"https:\\\/\\\/www.cambe.pr.gov.br\\\/index.php\\\/centro-da-juventude-abre-inscricoes-para-aulas-de-hip-hop-gratuitas\\\/#article\",\"isPartOf\":{\"@id\":\"https:\\\/\\\/www.cambe.pr.gov.br\\\/index.php\\\/centro-da-juventude-abre-inscricoes-para-aulas-de-hip-hop-gratuitas\\\/\"},\"author\":{\"name\":\"Vinicius Augusto Batista Eira\",\"@id\":\"https:\\\/\\\/www.cambe.pr.gov.br\\\/#\\\/schema\\\/person\\\/8e3ee69cb2cadf4b9f8377407227effd\"},\"headline\":\"Centro da Juventude abre inscri\u00e7\u00f5es para aulas de Hip Hop gratuitas\",\"datePublished\":\"2025-02-17T18:08:27+00:00\",\"mainEntityOfPage\":{\"@id\":\"https:\\\/\\\/www.cambe.pr.gov.br\\\/index.php\\\/centro-da-juventude-abre-inscricoes-para-aulas-de-hip-hop-gratuitas\\\/\"},\"wordCount\":292,\"publisher\":{\"@id\":\"https:\\\/\\\/www.cambe.pr.gov.br\\\/#organization\"},\"image\":{\"@id\":\"https:\\\/\\\/www.cambe.pr.gov.br\\\/index.php\\\/centro-da-juventude-abre-inscricoes-para-aulas-de-hip-hop-gratuitas\\\/#primaryimage\"},\"thumbnailUrl\":\"https:\\\/\\\/www.cambe.pr.gov.br\\\/wp-content\\\/uploads\\\/2023\\\/07\\\/CentroJuventude.jpg\",\"articleSection\":[\"Principal\"],\"inLanguage\":\"pt-BR\"},{\"@type\":\"WebPage\",\"@id\":\"https:\\\/\\\/www.cambe.pr.gov.br\\\/index.php\\\/centro-da-juventude-abre-inscricoes-para-aulas-de-hip-hop-gratuitas\\\/\",\"url\":\"https:\\\/\\\/www.cambe.pr.gov.br\\\/index.php\\\/centro-da-juventude-abre-inscricoes-para-aulas-de-hip-hop-gratuitas\\\/\",\"name\":\"Centro da Juventude abre inscri\u00e7\u00f5es para aulas de Hip Hop gratuitas - Prefeitura de Camb\u00e9\",\"isPartOf\":{\"@id\":\"https:\\\/\\\/www.cambe.pr.gov.br\\\/#website\"},\"primaryImageOfPage\":{\"@id\":\"https:\\\/\\\/www.cambe.pr.gov.br\\\/index.php\\\/centro-da-juventude-abre-inscricoes-para-aulas-de-hip-hop-gratuitas\\\/#primaryimage\"},\"image\":{\"@id\":\"https:\\\/\\\/www.cambe.pr.gov.br\\\/index.php\\\/centro-da-juventude-abre-inscricoes-para-aulas-de-hip-hop-gratuitas\\\/#primaryimage\"},\"thumbnailUrl\":\"https:\\\/\\\/www.cambe.pr.gov.br\\\/wp-content\\\/uploads\\\/2023\\\/07\\\/CentroJuventude.jpg\",\"datePublished\":\"2025-02-17T18:08:27+00:00\",\"breadcrumb\":{\"@id\":\"https:\\\/\\\/www.cambe.pr.gov.br\\\/index.php\\\/centro-da-juventude-abre-inscricoes-para-aulas-de-hip-hop-gratuitas\\\/#breadcrumb\"},\"inLanguage\":\"pt-BR\",\"potentialAction\":[{\"@type\":\"ReadAction\",\"target\":[\"https:\\\/\\\/www.cambe.pr.gov.br\\\/index.php\\\/centro-da-juventude-abre-inscricoes-para-aulas-de-hip-hop-gratuitas\\\/\"]}]},{\"@type\":\"ImageObject\",\"inLanguage\":\"pt-BR\",\"@id\":\"https:\\\/\\\/www.cambe.pr.gov.br\\\/index.php\\\/centro-da-juventude-abre-inscricoes-para-aulas-de-hip-hop-gratuitas\\\/#primaryimage\",\"url\":\"https:\\\/\\\/www.cambe.pr.gov.br\\\/wp-content\\\/uploads\\\/2023\\\/07\\\/CentroJuventude.jpg\",\"contentUrl\":\"https:\\\/\\\/www.cambe.pr.gov.br\\\/wp-content\\\/uploads\\\/2023\\\/07\\\/CentroJuventude.jpg\",\"width\":1024,\"height\":576},{\"@type\":\"BreadcrumbList\",\"@id\":\"https:\\\/\\\/www.cambe.pr.gov.br\\\/index.php\\\/centro-da-juventude-abre-inscricoes-para-aulas-de-hip-hop-gratuitas\\\/#breadcrumb\",\"itemListElement\":[{\"@type\":\"ListItem\",\"position\":1,\"name\":\"In\u00edcio\",\"item\":\"https:\\\/\\\/www.cambe.pr.gov.br\\\/\"},{\"@type\":\"ListItem\",\"position\":2,\"name\":\"Centro da Juventude abre inscri\u00e7\u00f5es para aulas de Hip Hop gratuitas\"}]},{\"@type\":\"WebSite\",\"@id\":\"https:\\\/\\\/www.cambe.pr.gov.br\\\/#website\",\"url\":\"https:\\\/\\\/www.cambe.pr.gov.br\\\/\",\"name\":\"Prefeitura de Camb\u00e9\",\"description\":\"UM GOVERNO PARA TODOS\",\"publisher\":{\"@id\":\"https:\\\/\\\/www.cambe.pr.gov.br\\\/#organization\"},\"potentialAction\":[{\"@type\":\"SearchAction\",\"target\":{\"@type\":\"EntryPoint\",\"urlTemplate\":\"https:\\\/\\\/www.cambe.pr.gov.br\\\/?s={search_term_string}\"},\"query-input\":{\"@type\":\"PropertyValueSpecification\",\"valueRequired\":true,\"valueName\":\"search_term_string\"}}],\"inLanguage\":\"pt-BR\"},{\"@type\":\"Organization\",\"@id\":\"https:\\\/\\\/www.cambe.pr.gov.br\\\/#organization\",\"name\":\"Prefeitura de Camb\u00e9\",\"url\":\"https:\\\/\\\/www.cambe.pr.gov.br\\\/\",\"logo\":{\"@type\":\"ImageObject\",\"inLanguage\":\"pt-BR\",\"@id\":\"https:\\\/\\\/www.cambe.pr.gov.br\\\/#\\\/schema\\\/logo\\\/image\\\/\",\"url\":\"https:\\\/\\\/www.cambe.pr.gov.br\\\/wp-content\\\/uploads\\\/2021\\\/01\\\/cropped-cropped-cambe_brazao-icone.png\",\"contentUrl\":\"https:\\\/\\\/www.cambe.pr.gov.br\\\/wp-content\\\/uploads\\\/2021\\\/01\\\/cropped-cropped-cambe_brazao-icone.png\",\"width\":240,\"height\":240,\"caption\":\"Prefeitura de Camb\u00e9\"},\"image\":{\"@id\":\"https:\\\/\\\/www.cambe.pr.gov.br\\\/#\\\/schema\\\/logo\\\/image\\\/\"},\"sameAs\":[\"https:\\\/\\\/m.facebook.com\\\/prefeituradecambe\"]},{\"@type\":\"Person\",\"@id\":\"https:\\\/\\\/www.cambe.pr.gov.br\\\/#\\\/schema\\\/person\\\/8e3ee69cb2cadf4b9f8377407227effd\",\"name\":\"Vinicius Augusto Batista Eira\",\"image\":{\"@type\":\"ImageObject\",\"inLanguage\":\"pt-BR\",\"@id\":\"https:\\\/\\\/secure.gravatar.com\\\/avatar\\\/1ec500de7013b30e1d4d7c8c3978f0e4433c37e5d5e4cd186239369c6440122b?s=96&d=mm&r=g\",\"url\":\"https:\\\/\\\/secure.gravatar.com\\\/avatar\\\/1ec500de7013b30e1d4d7c8c3978f0e4433c37e5d5e4cd186239369c6440122b?s=96&d=mm&r=g\",\"contentUrl\":\"https:\\\/\\\/secure.gravatar.com\\\/avatar\\\/1ec500de7013b30e1d4d7c8c3978f0e4433c37e5d5e4cd186239369c6440122b?s=96&d=mm&r=g\",\"caption\":\"Vinicius Augusto Batista Eira\"},\"url\":\"https:\\\/\\\/www.cambe.pr.gov.br\\\/index.php\\\/author\\\/vabeira\\\/\"}]}<\/script>\n<!-- \/ Yoast SEO plugin. -->","yoast_head_json":{"title":"Centro da Juventude abre inscri\u00e7\u00f5es para aulas de Hip Hop gratuitas - Prefeitura de Camb\u00e9","robots":{"index":"index","follow":"follow","max-snippet":"max-snippet:-1","max-image-preview":"max-image-preview:large","max-video-preview":"max-video-preview:-1"},"canonical":"https:\/\/www.cambe.pr.gov.br\/index.php\/centro-da-juventude-abre-inscricoes-para-aulas-de-hip-hop-gratuitas\/","og_locale":"pt_BR","og_type":"article","og_title":"Centro da Juventude abre inscri\u00e7\u00f5es para aulas de Hip Hop gratuitas - Prefeitura de Camb\u00e9","og_description":"Seguindo a promo\u00e7\u00e3o de aulas, atividades e programa\u00e7\u00e3o cultural gratuita no Centro da Juventude, est\u00e3o abertas as inscri\u00e7\u00f5es para aulas de Hip Hop. Ao todo, s\u00e3o 16 aulas distribu\u00eddas ao longo de quatro meses, voltadas para adolescentes e jovens a partir de 12 anos. Os encontros ser\u00e3o no Centro da Juventude, \u00e0s sextas-feiras, \u00e0s 18h [&hellip;]","og_url":"https:\/\/www.cambe.pr.gov.br\/index.php\/centro-da-juventude-abre-inscricoes-para-aulas-de-hip-hop-gratuitas\/","og_site_name":"Prefeitura de Camb\u00e9","article_publisher":"https:\/\/m.facebook.com\/prefeituradecambe","article_published_time":"2025-02-17T18:08:27+00:00","og_image":[{"url":"https:\/\/www.cambe.pr.gov.br\/wp-content\/uploads\/2023\/07\/CentroJuventude.jpg","type":"","width":"","height":""}],"author":"Vinicius Augusto Batista Eira","twitter_card":"summary_large_image","twitter_misc":{"Escrito por":"Vinicius Augusto Batista Eira","Est. tempo de leitura":"2 minutos"},"schema":{"@context":"https:\/\/schema.org","@graph":[{"@type":"Article","@id":"https:\/\/www.cambe.pr.gov.br\/index.php\/centro-da-juventude-abre-inscricoes-para-aulas-de-hip-hop-gratuitas\/#article","isPartOf":{"@id":"https:\/\/www.cambe.pr.gov.br\/index.php\/centro-da-juventude-abre-inscricoes-para-aulas-de-hip-hop-gratuitas\/"},"author":{"name":"Vinicius Augusto Batista Eira","@id":"https:\/\/www.cambe.pr.gov.br\/#\/schema\/person\/8e3ee69cb2cadf4b9f8377407227effd"},"headline":"Centro da Juventude abre inscri\u00e7\u00f5es para aulas de Hip Hop gratuitas","datePublished":"2025-02-17T18:08:27+00:00","mainEntityOfPage":{"@id":"https:\/\/www.cambe.pr.gov.br\/index.php\/centro-da-juventude-abre-inscricoes-para-aulas-de-hip-hop-gratuitas\/"},"wordCount":292,"publisher":{"@id":"https:\/\/www.cambe.pr.gov.br\/#organization"},"image":{"@id":"https:\/\/www.cambe.pr.gov.br\/index.php\/centro-da-juventude-abre-inscricoes-para-aulas-de-hip-hop-gratuitas\/#primaryimage"},"thumbnailUrl":"https:\/\/www.cambe.pr.gov.br\/wp-content\/uploads\/2023\/07\/CentroJuventude.jpg","articleSection":["Principal"],"inLanguage":"pt-BR"},{"@type":"WebPage","@id":"https:\/\/www.cambe.pr.gov.br\/index.php\/centro-da-juventude-abre-inscricoes-para-aulas-de-hip-hop-gratuitas\/","url":"https:\/\/www.cambe.pr.gov.br\/index.php\/centro-da-juventude-abre-inscricoes-para-aulas-de-hip-hop-gratuitas\/","name":"Centro da Juventude abre inscri\u00e7\u00f5es para aulas de Hip Hop gratuitas - Prefeitura de Camb\u00e9","isPartOf":{"@id":"https:\/\/www.cambe.pr.gov.br\/#website"},"primaryImageOfPage":{"@id":"https:\/\/www.cambe.pr.gov.br\/index.php\/centro-da-juventude-abre-inscricoes-para-aulas-de-hip-hop-gratuitas\/#primaryimage"},"image":{"@id":"https:\/\/www.cambe.pr.gov.br\/index.php\/centro-da-juventude-abre-inscricoes-para-aulas-de-hip-hop-gratuitas\/#primaryimage"},"thumbnailUrl":"https:\/\/www.cambe.pr.gov.br\/wp-content\/uploads\/2023\/07\/CentroJuventude.jpg","datePublished":"2025-02-17T18:08:27+00:00","breadcrumb":{"@id":"https:\/\/www.cambe.pr.gov.br\/index.php\/centro-da-juventude-abre-inscricoes-para-aulas-de-hip-hop-gratuitas\/#breadcrumb"},"inLanguage":"pt-BR","potentialAction":[{"@type":"ReadAction","target":["https:\/\/www.cambe.pr.gov.br\/index.php\/centro-da-juventude-abre-inscricoes-para-aulas-de-hip-hop-gratuitas\/"]}]},{"@type":"ImageObject","inLanguage":"pt-BR","@id":"https:\/\/www.cambe.pr.gov.br\/index.php\/centro-da-juventude-abre-inscricoes-para-aulas-de-hip-hop-gratuitas\/#primaryimage","url":"https:\/\/www.cambe.pr.gov.br\/wp-content\/uploads\/2023\/07\/CentroJuventude.jpg","contentUrl":"https:\/\/www.cambe.pr.gov.br\/wp-content\/uploads\/2023\/07\/CentroJuventude.jpg","width":1024,"height":576},{"@type":"BreadcrumbList","@id":"https:\/\/www.cambe.pr.gov.br\/index.php\/centro-da-juventude-abre-inscricoes-para-aulas-de-hip-hop-gratuitas\/#breadcrumb","itemListElement":[{"@type":"ListItem","position":1,"name":"In\u00edcio","item":"https:\/\/www.cambe.pr.gov.br\/"},{"@type":"ListItem","position":2,"name":"Centro da Juventude abre inscri\u00e7\u00f5es para aulas de Hip Hop gratuitas"}]},{"@type":"WebSite","@id":"https:\/\/www.cambe.pr.gov.br\/#website","url":"https:\/\/www.cambe.pr.gov.br\/","name":"Prefeitura de Camb\u00e9","description":"UM GOVERNO PARA TODOS","publisher":{"@id":"https:\/\/www.cambe.pr.gov.br\/#organization"},"potentialAction":[{"@type":"SearchAction","target":{"@type":"EntryPoint","urlTemplate":"https:\/\/www.cambe.pr.gov.br\/?s={search_term_string}"},"query-input":{"@type":"PropertyValueSpecification","valueRequired":true,"valueName":"search_term_string"}}],"inLanguage":"pt-BR"},{"@type":"Organization","@id":"https:\/\/www.cambe.pr.gov.br\/#organization","name":"Prefeitura de Camb\u00e9","url":"https:\/\/www.cambe.pr.gov.br\/","logo":{"@type":"ImageObject","inLanguage":"pt-BR","@id":"https:\/\/www.cambe.pr.gov.br\/#\/schema\/logo\/image\/","url":"https:\/\/www.cambe.pr.gov.br\/wp-content\/uploads\/2021\/01\/cropped-cropped-cambe_brazao-icone.png","contentUrl":"https:\/\/www.cambe.pr.gov.br\/wp-content\/uploads\/2021\/01\/cropped-cropped-cambe_brazao-icone.png","width":240,"height":240,"caption":"Prefeitura de Camb\u00e9"},"image":{"@id":"https:\/\/www.cambe.pr.gov.br\/#\/schema\/logo\/image\/"},"sameAs":["https:\/\/m.facebook.com\/prefeituradecambe"]},{"@type":"Person","@id":"https:\/\/www.cambe.pr.gov.br\/#\/schema\/person\/8e3ee69cb2cadf4b9f8377407227effd","name":"Vinicius Augusto Batista Eira","image":{"@type":"ImageObject","inLanguage":"pt-BR","@id":"https:\/\/secure.gravatar.com\/avatar\/1ec500de7013b30e1d4d7c8c3978f0e4433c37e5d5e4cd186239369c6440122b?s=96&d=mm&r=g","url":"https:\/\/secure.gravatar.com\/avatar\/1ec500de7013b30e1d4d7c8c3978f0e4433c37e5d5e4cd186239369c6440122b?s=96&d=mm&r=g","contentUrl":"https:\/\/secure.gravatar.com\/avatar\/1ec500de7013b30e1d4d7c8c3978f0e4433c37e5d5e4cd186239369c6440122b?s=96&d=mm&r=g","caption":"Vinicius Augusto Batista Eira"},"url":"https:\/\/www.cambe.pr.gov.br\/index.php\/author\/vabeira\/"}]}},"_links":{"self":[{"href":"https:\/\/www.cambe.pr.gov.br\/index.php\/wp-json\/wp\/v2\/posts\/16127","targetHints":{"allow":["GET"]}}],"collection":[{"href":"https:\/\/www.cambe.pr.gov.br\/index.php\/wp-json\/wp\/v2\/posts"}],"about":[{"href":"https:\/\/www.cambe.pr.gov.br\/index.php\/wp-json\/wp\/v2\/types\/post"}],"author":[{"embeddable":true,"href":"https:\/\/www.cambe.pr.gov.br\/index.php\/wp-json\/wp\/v2\/users\/16"}],"replies":[{"embeddable":true,"href":"https:\/\/www.cambe.pr.gov.br\/index.php\/wp-json\/wp\/v2\/comments?post=16127"}],"version-history":[{"count":1,"href":"https:\/\/www.cambe.pr.gov.br\/index.php\/wp-json\/wp\/v2\/posts\/16127\/revisions"}],"predecessor-version":[{"id":16128,"href":"https:\/\/www.cambe.pr.gov.br\/index.php\/wp-json\/wp\/v2\/posts\/16127\/revisions\/16128"}],"wp:attachment":[{"href":"https:\/\/www.cambe.pr.gov.br\/index.php\/wp-json\/wp\/v2\/media?parent=16127"}],"wp:term":[{"taxonomy":"category","embeddable":true,"href":"https:\/\/www.cambe.pr.gov.br\/index.php\/wp-json\/wp\/v2\/categories?post=16127"},{"taxonomy":"post_tag","embeddable":true,"href":"https:\/\/www.cambe.pr.gov.br\/index.php\/wp-json\/wp\/v2\/tags?post=16127"}],"curies":[{"name":"wp","href":"https:\/\/api.w.org\/{rel}","templated":true}]}}