{"id":16116,"date":"2025-02-14T16:36:05","date_gmt":"2025-02-14T19:36:05","guid":{"rendered":"https:\/\/www.cambe.pr.gov.br\/?p=16116"},"modified":"2025-02-14T16:36:05","modified_gmt":"2025-02-14T19:36:05","slug":"conselheiros-da-autarquia-cambe-previdencia-tomam-posse-na-prefeitura","status":"publish","type":"post","link":"https:\/\/www.cambe.pr.gov.br\/index.php\/conselheiros-da-autarquia-cambe-previdencia-tomam-posse-na-prefeitura\/","title":{"rendered":"Conselheiros da autarquia Camb\u00e9 Previd\u00eancia tomam posse na Prefeitura"},"content":{"rendered":"<p style=\"text-align: justify;\"><span style=\"font-weight: 400; font-family: arial, helvetica, sans-serif;\"><img fetchpriority=\"high\" decoding=\"async\" class=\"alignleft wp-image-16117 size-large\" src=\"https:\/\/www.cambe.pr.gov.br\/wp-content\/uploads\/2025\/02\/DSC_0040-copiar-1024x683.jpg\" alt=\"\" width=\"610\" height=\"407\" srcset=\"https:\/\/www.cambe.pr.gov.br\/wp-content\/uploads\/2025\/02\/DSC_0040-copiar-1024x683.jpg 1024w, https:\/\/www.cambe.pr.gov.br\/wp-content\/uploads\/2025\/02\/DSC_0040-copiar-300x200.jpg 300w, https:\/\/www.cambe.pr.gov.br\/wp-content\/uploads\/2025\/02\/DSC_0040-copiar-768x512.jpg 768w, https:\/\/www.cambe.pr.gov.br\/wp-content\/uploads\/2025\/02\/DSC_0040-copiar-1536x1024.jpg 1536w, https:\/\/www.cambe.pr.gov.br\/wp-content\/uploads\/2025\/02\/DSC_0040-copiar-2048x1365.jpg 2048w\" sizes=\"(max-width: 610px) 100vw, 610px\" \/>Os noves conselheiros eleitos, mais indicados, para o Conselho da autarquia Camb\u00e9 Previd\u00eancia tomaram posse na tarde desta sexta-feira (14) na Prefeitura. A cerim\u00f4nia contou com a presen\u00e7a dos novos membros, servidores e o prefeito Conrado Scheller, que deu as boas-vindas ao grupo respons\u00e1vel pela fiscaliza\u00e7\u00e3o e tomada de decis\u00f5es em rela\u00e7\u00e3o \u00e0 previd\u00eancia de servidores da Prefeitura de Camb\u00e9.<\/span><\/p>\n<p style=\"text-align: justify;\"><span style=\"font-weight: 400; font-family: arial, helvetica, sans-serif;\">A elei\u00e7\u00e3o foi feita em novembro, e elegeu tr\u00eas servidores ativos e um servidor aposentado para o Conselho de Administra\u00e7\u00e3o; e tr\u00eas servidores ativos e dois aposentados para o Conselho Fiscal. Os membros s\u00e3o remunerados atualmente em R$ 1.508,68 por m\u00eas, com mandato que vai at\u00e9 o dia 31\/01\/2029.<\/span><\/p>\n<p style=\"text-align: justify;\"><span style=\"font-weight: 400; font-family: arial, helvetica, sans-serif;\">O prefeito Conrado Scheller disse que \u00e9 um cargo de muita responsabilidade, e de real interesse ao local que mais emprega pessoas em Camb\u00e9, a Prefeitura. \u201cNos \u00faltimos anos tivemos grandes feitos aqui, como uma reforma da previd\u00eancia. Ajustamos contas, organizamos a casa e hoje damos seguran\u00e7a a essas pessoas que sempre s\u00e3o muito valiosas e fazem muito por Camb\u00e9, o servidor p\u00fablico municipal. E essas pessoas aqui eleitas tem a responsabilidade de continuar com essas a\u00e7\u00f5es, fiscalizar, destacar boas ideias, nos ajudar a seguir com uma previd\u00eancia refer\u00eancia em todo o pa\u00eds\u201d.<\/span><\/p>\n<p style=\"text-align: justify;\"><span style=\"font-weight: 400; font-family: arial, helvetica, sans-serif;\">A diretora presidente da Camb\u00e9 Previd\u00eancia, Andr\u00e9ia Silva, parabenizou os conselheiros indicados e aos que participaram do processo eleitoral, destacando que \u00e9 um grande indicador da confian\u00e7a por parte dos servidores, do presidente da C\u00e2mara e do prefeito. \u201cTodos eles confiaram nesse grupo de servidores, que agora tem a miss\u00e3o de zelarem pela manuten\u00e7\u00e3o do regime pr\u00f3prio de previd\u00eancia de Camb\u00e9, garantindo que os direitos previdenci\u00e1rios dos servidores sejam respeitados e assegurados. A Camb\u00e9 Previd\u00eancia\u00a0 alcan\u00e7ou grandes avan\u00e7os, e vem acumulando conquistas. Por exemplo, obtivemos o Certificado Pro-Gest\u00e3o RPPS do Governo Federal, colocando Camb\u00e9 na posi\u00e7\u00e3o de refer\u00eancia nacional em governan\u00e7a previdenci\u00e1ria. Cabe ao Conselho desempenhar pap\u00e9is relacionados \u00e0 garantia do fortalecimento e do funcionamento eficiente da Camb\u00e9 Previd\u00eancia, enriquecer a entidade com o conhecimento especializado que adquirirem, definir pol\u00edticas, objetivos, metas, bem como controlar e fiscalizar a realiza\u00e7\u00e3o das a\u00e7\u00f5es\u201d, destacou.<\/span><\/p>\n","protected":false},"excerpt":{"rendered":"<p>Os noves conselheiros eleitos, mais indicados, para o Conselho da autarquia Camb\u00e9 Previd\u00eancia tomaram posse na tarde desta sexta-feira (14) na Prefeitura. A cerim\u00f4nia contou com a presen\u00e7a dos novos membros, servidores e o prefeito Conrado Scheller, que deu as boas-vindas ao grupo respons\u00e1vel pela fiscaliza\u00e7\u00e3o e tomada de decis\u00f5es em rela\u00e7\u00e3o \u00e0 previd\u00eancia de [&hellip;]<\/p>\n","protected":false},"author":16,"featured_media":0,"comment_status":"closed","ping_status":"closed","sticky":false,"template":"","format":"standard","meta":{"ngg_post_thumbnail":0,"footnotes":""},"categories":[1],"tags":[],"class_list":["post-16116","post","type-post","status-publish","format-standard","hentry","category-principal"],"yoast_head":"<!-- This site is optimized with the Yoast SEO plugin v27.4 - https:\/\/yoast.com\/product\/yoast-seo-wordpress\/ -->\n<title>Conselheiros da autarquia Camb\u00e9 Previd\u00eancia tomam posse na Prefeitura - Prefeitura de Camb\u00e9<\/title>\n<meta name=\"robots\" content=\"index, follow, max-snippet:-1, max-image-preview:large, max-video-preview:-1\" \/>\n<link rel=\"canonical\" href=\"https:\/\/www.cambe.pr.gov.br\/index.php\/conselheiros-da-autarquia-cambe-previdencia-tomam-posse-na-prefeitura\/\" \/>\n<meta property=\"og:locale\" content=\"pt_BR\" \/>\n<meta property=\"og:type\" content=\"article\" \/>\n<meta property=\"og:title\" content=\"Conselheiros da autarquia Camb\u00e9 Previd\u00eancia tomam posse na Prefeitura - Prefeitura de Camb\u00e9\" \/>\n<meta property=\"og:description\" content=\"Os noves conselheiros eleitos, mais indicados, para o Conselho da autarquia Camb\u00e9 Previd\u00eancia tomaram posse na tarde desta sexta-feira (14) na Prefeitura. A cerim\u00f4nia contou com a presen\u00e7a dos novos membros, servidores e o prefeito Conrado Scheller, que deu as boas-vindas ao grupo respons\u00e1vel pela fiscaliza\u00e7\u00e3o e tomada de decis\u00f5es em rela\u00e7\u00e3o \u00e0 previd\u00eancia de [&hellip;]\" \/>\n<meta property=\"og:url\" content=\"https:\/\/www.cambe.pr.gov.br\/index.php\/conselheiros-da-autarquia-cambe-previdencia-tomam-posse-na-prefeitura\/\" \/>\n<meta property=\"og:site_name\" content=\"Prefeitura de Camb\u00e9\" \/>\n<meta property=\"article:publisher\" content=\"https:\/\/m.facebook.com\/prefeituradecambe\" \/>\n<meta property=\"article:published_time\" content=\"2025-02-14T19:36:05+00:00\" \/>\n<meta property=\"og:image\" content=\"https:\/\/www.cambe.pr.gov.br\/wp-content\/uploads\/2025\/02\/DSC_0040-copiar-1024x683.jpg\" \/>\n<meta name=\"author\" content=\"Vinicius Augusto Batista Eira\" \/>\n<meta name=\"twitter:card\" content=\"summary_large_image\" \/>\n<meta name=\"twitter:label1\" content=\"Escrito por\" \/>\n\t<meta name=\"twitter:data1\" content=\"Vinicius Augusto Batista Eira\" \/>\n\t<meta name=\"twitter:label2\" content=\"Est. tempo de leitura\" \/>\n\t<meta name=\"twitter:data2\" content=\"3 minutos\" \/>\n<script type=\"application\/ld+json\" class=\"yoast-schema-graph\">{\"@context\":\"https:\\\/\\\/schema.org\",\"@graph\":[{\"@type\":\"Article\",\"@id\":\"https:\\\/\\\/www.cambe.pr.gov.br\\\/index.php\\\/conselheiros-da-autarquia-cambe-previdencia-tomam-posse-na-prefeitura\\\/#article\",\"isPartOf\":{\"@id\":\"https:\\\/\\\/www.cambe.pr.gov.br\\\/index.php\\\/conselheiros-da-autarquia-cambe-previdencia-tomam-posse-na-prefeitura\\\/\"},\"author\":{\"name\":\"Vinicius Augusto Batista Eira\",\"@id\":\"https:\\\/\\\/www.cambe.pr.gov.br\\\/#\\\/schema\\\/person\\\/8e3ee69cb2cadf4b9f8377407227effd\"},\"headline\":\"Conselheiros da autarquia Camb\u00e9 Previd\u00eancia tomam posse na Prefeitura\",\"datePublished\":\"2025-02-14T19:36:05+00:00\",\"mainEntityOfPage\":{\"@id\":\"https:\\\/\\\/www.cambe.pr.gov.br\\\/index.php\\\/conselheiros-da-autarquia-cambe-previdencia-tomam-posse-na-prefeitura\\\/\"},\"wordCount\":391,\"publisher\":{\"@id\":\"https:\\\/\\\/www.cambe.pr.gov.br\\\/#organization\"},\"image\":{\"@id\":\"https:\\\/\\\/www.cambe.pr.gov.br\\\/index.php\\\/conselheiros-da-autarquia-cambe-previdencia-tomam-posse-na-prefeitura\\\/#primaryimage\"},\"thumbnailUrl\":\"https:\\\/\\\/www.cambe.pr.gov.br\\\/wp-content\\\/uploads\\\/2025\\\/02\\\/DSC_0040-copiar-1024x683.jpg\",\"articleSection\":[\"Principal\"],\"inLanguage\":\"pt-BR\"},{\"@type\":\"WebPage\",\"@id\":\"https:\\\/\\\/www.cambe.pr.gov.br\\\/index.php\\\/conselheiros-da-autarquia-cambe-previdencia-tomam-posse-na-prefeitura\\\/\",\"url\":\"https:\\\/\\\/www.cambe.pr.gov.br\\\/index.php\\\/conselheiros-da-autarquia-cambe-previdencia-tomam-posse-na-prefeitura\\\/\",\"name\":\"Conselheiros da autarquia Camb\u00e9 Previd\u00eancia tomam posse na Prefeitura - Prefeitura de Camb\u00e9\",\"isPartOf\":{\"@id\":\"https:\\\/\\\/www.cambe.pr.gov.br\\\/#website\"},\"primaryImageOfPage\":{\"@id\":\"https:\\\/\\\/www.cambe.pr.gov.br\\\/index.php\\\/conselheiros-da-autarquia-cambe-previdencia-tomam-posse-na-prefeitura\\\/#primaryimage\"},\"image\":{\"@id\":\"https:\\\/\\\/www.cambe.pr.gov.br\\\/index.php\\\/conselheiros-da-autarquia-cambe-previdencia-tomam-posse-na-prefeitura\\\/#primaryimage\"},\"thumbnailUrl\":\"https:\\\/\\\/www.cambe.pr.gov.br\\\/wp-content\\\/uploads\\\/2025\\\/02\\\/DSC_0040-copiar-1024x683.jpg\",\"datePublished\":\"2025-02-14T19:36:05+00:00\",\"breadcrumb\":{\"@id\":\"https:\\\/\\\/www.cambe.pr.gov.br\\\/index.php\\\/conselheiros-da-autarquia-cambe-previdencia-tomam-posse-na-prefeitura\\\/#breadcrumb\"},\"inLanguage\":\"pt-BR\",\"potentialAction\":[{\"@type\":\"ReadAction\",\"target\":[\"https:\\\/\\\/www.cambe.pr.gov.br\\\/index.php\\\/conselheiros-da-autarquia-cambe-previdencia-tomam-posse-na-prefeitura\\\/\"]}]},{\"@type\":\"ImageObject\",\"inLanguage\":\"pt-BR\",\"@id\":\"https:\\\/\\\/www.cambe.pr.gov.br\\\/index.php\\\/conselheiros-da-autarquia-cambe-previdencia-tomam-posse-na-prefeitura\\\/#primaryimage\",\"url\":\"https:\\\/\\\/www.cambe.pr.gov.br\\\/wp-content\\\/uploads\\\/2025\\\/02\\\/DSC_0040-copiar-scaled.jpg\",\"contentUrl\":\"https:\\\/\\\/www.cambe.pr.gov.br\\\/wp-content\\\/uploads\\\/2025\\\/02\\\/DSC_0040-copiar-scaled.jpg\",\"width\":2560,\"height\":1707},{\"@type\":\"BreadcrumbList\",\"@id\":\"https:\\\/\\\/www.cambe.pr.gov.br\\\/index.php\\\/conselheiros-da-autarquia-cambe-previdencia-tomam-posse-na-prefeitura\\\/#breadcrumb\",\"itemListElement\":[{\"@type\":\"ListItem\",\"position\":1,\"name\":\"In\u00edcio\",\"item\":\"https:\\\/\\\/www.cambe.pr.gov.br\\\/\"},{\"@type\":\"ListItem\",\"position\":2,\"name\":\"Conselheiros da autarquia Camb\u00e9 Previd\u00eancia tomam posse na Prefeitura\"}]},{\"@type\":\"WebSite\",\"@id\":\"https:\\\/\\\/www.cambe.pr.gov.br\\\/#website\",\"url\":\"https:\\\/\\\/www.cambe.pr.gov.br\\\/\",\"name\":\"Prefeitura de Camb\u00e9\",\"description\":\"UM GOVERNO PARA TODOS\",\"publisher\":{\"@id\":\"https:\\\/\\\/www.cambe.pr.gov.br\\\/#organization\"},\"potentialAction\":[{\"@type\":\"SearchAction\",\"target\":{\"@type\":\"EntryPoint\",\"urlTemplate\":\"https:\\\/\\\/www.cambe.pr.gov.br\\\/?s={search_term_string}\"},\"query-input\":{\"@type\":\"PropertyValueSpecification\",\"valueRequired\":true,\"valueName\":\"search_term_string\"}}],\"inLanguage\":\"pt-BR\"},{\"@type\":\"Organization\",\"@id\":\"https:\\\/\\\/www.cambe.pr.gov.br\\\/#organization\",\"name\":\"Prefeitura de Camb\u00e9\",\"url\":\"https:\\\/\\\/www.cambe.pr.gov.br\\\/\",\"logo\":{\"@type\":\"ImageObject\",\"inLanguage\":\"pt-BR\",\"@id\":\"https:\\\/\\\/www.cambe.pr.gov.br\\\/#\\\/schema\\\/logo\\\/image\\\/\",\"url\":\"https:\\\/\\\/www.cambe.pr.gov.br\\\/wp-content\\\/uploads\\\/2021\\\/01\\\/cropped-cropped-cambe_brazao-icone.png\",\"contentUrl\":\"https:\\\/\\\/www.cambe.pr.gov.br\\\/wp-content\\\/uploads\\\/2021\\\/01\\\/cropped-cropped-cambe_brazao-icone.png\",\"width\":240,\"height\":240,\"caption\":\"Prefeitura de Camb\u00e9\"},\"image\":{\"@id\":\"https:\\\/\\\/www.cambe.pr.gov.br\\\/#\\\/schema\\\/logo\\\/image\\\/\"},\"sameAs\":[\"https:\\\/\\\/m.facebook.com\\\/prefeituradecambe\"]},{\"@type\":\"Person\",\"@id\":\"https:\\\/\\\/www.cambe.pr.gov.br\\\/#\\\/schema\\\/person\\\/8e3ee69cb2cadf4b9f8377407227effd\",\"name\":\"Vinicius Augusto Batista Eira\",\"image\":{\"@type\":\"ImageObject\",\"inLanguage\":\"pt-BR\",\"@id\":\"https:\\\/\\\/secure.gravatar.com\\\/avatar\\\/1ec500de7013b30e1d4d7c8c3978f0e4433c37e5d5e4cd186239369c6440122b?s=96&d=mm&r=g\",\"url\":\"https:\\\/\\\/secure.gravatar.com\\\/avatar\\\/1ec500de7013b30e1d4d7c8c3978f0e4433c37e5d5e4cd186239369c6440122b?s=96&d=mm&r=g\",\"contentUrl\":\"https:\\\/\\\/secure.gravatar.com\\\/avatar\\\/1ec500de7013b30e1d4d7c8c3978f0e4433c37e5d5e4cd186239369c6440122b?s=96&d=mm&r=g\",\"caption\":\"Vinicius Augusto Batista Eira\"},\"url\":\"https:\\\/\\\/www.cambe.pr.gov.br\\\/index.php\\\/author\\\/vabeira\\\/\"}]}<\/script>\n<!-- \/ Yoast SEO plugin. -->","yoast_head_json":{"title":"Conselheiros da autarquia Camb\u00e9 Previd\u00eancia tomam posse na Prefeitura - Prefeitura de Camb\u00e9","robots":{"index":"index","follow":"follow","max-snippet":"max-snippet:-1","max-image-preview":"max-image-preview:large","max-video-preview":"max-video-preview:-1"},"canonical":"https:\/\/www.cambe.pr.gov.br\/index.php\/conselheiros-da-autarquia-cambe-previdencia-tomam-posse-na-prefeitura\/","og_locale":"pt_BR","og_type":"article","og_title":"Conselheiros da autarquia Camb\u00e9 Previd\u00eancia tomam posse na Prefeitura - Prefeitura de Camb\u00e9","og_description":"Os noves conselheiros eleitos, mais indicados, para o Conselho da autarquia Camb\u00e9 Previd\u00eancia tomaram posse na tarde desta sexta-feira (14) na Prefeitura. A cerim\u00f4nia contou com a presen\u00e7a dos novos membros, servidores e o prefeito Conrado Scheller, que deu as boas-vindas ao grupo respons\u00e1vel pela fiscaliza\u00e7\u00e3o e tomada de decis\u00f5es em rela\u00e7\u00e3o \u00e0 previd\u00eancia de [&hellip;]","og_url":"https:\/\/www.cambe.pr.gov.br\/index.php\/conselheiros-da-autarquia-cambe-previdencia-tomam-posse-na-prefeitura\/","og_site_name":"Prefeitura de Camb\u00e9","article_publisher":"https:\/\/m.facebook.com\/prefeituradecambe","article_published_time":"2025-02-14T19:36:05+00:00","og_image":[{"url":"https:\/\/www.cambe.pr.gov.br\/wp-content\/uploads\/2025\/02\/DSC_0040-copiar-1024x683.jpg","type":"","width":"","height":""}],"author":"Vinicius Augusto Batista Eira","twitter_card":"summary_large_image","twitter_misc":{"Escrito por":"Vinicius Augusto Batista Eira","Est. tempo de leitura":"3 minutos"},"schema":{"@context":"https:\/\/schema.org","@graph":[{"@type":"Article","@id":"https:\/\/www.cambe.pr.gov.br\/index.php\/conselheiros-da-autarquia-cambe-previdencia-tomam-posse-na-prefeitura\/#article","isPartOf":{"@id":"https:\/\/www.cambe.pr.gov.br\/index.php\/conselheiros-da-autarquia-cambe-previdencia-tomam-posse-na-prefeitura\/"},"author":{"name":"Vinicius Augusto Batista Eira","@id":"https:\/\/www.cambe.pr.gov.br\/#\/schema\/person\/8e3ee69cb2cadf4b9f8377407227effd"},"headline":"Conselheiros da autarquia Camb\u00e9 Previd\u00eancia tomam posse na Prefeitura","datePublished":"2025-02-14T19:36:05+00:00","mainEntityOfPage":{"@id":"https:\/\/www.cambe.pr.gov.br\/index.php\/conselheiros-da-autarquia-cambe-previdencia-tomam-posse-na-prefeitura\/"},"wordCount":391,"publisher":{"@id":"https:\/\/www.cambe.pr.gov.br\/#organization"},"image":{"@id":"https:\/\/www.cambe.pr.gov.br\/index.php\/conselheiros-da-autarquia-cambe-previdencia-tomam-posse-na-prefeitura\/#primaryimage"},"thumbnailUrl":"https:\/\/www.cambe.pr.gov.br\/wp-content\/uploads\/2025\/02\/DSC_0040-copiar-1024x683.jpg","articleSection":["Principal"],"inLanguage":"pt-BR"},{"@type":"WebPage","@id":"https:\/\/www.cambe.pr.gov.br\/index.php\/conselheiros-da-autarquia-cambe-previdencia-tomam-posse-na-prefeitura\/","url":"https:\/\/www.cambe.pr.gov.br\/index.php\/conselheiros-da-autarquia-cambe-previdencia-tomam-posse-na-prefeitura\/","name":"Conselheiros da autarquia Camb\u00e9 Previd\u00eancia tomam posse na Prefeitura - Prefeitura de Camb\u00e9","isPartOf":{"@id":"https:\/\/www.cambe.pr.gov.br\/#website"},"primaryImageOfPage":{"@id":"https:\/\/www.cambe.pr.gov.br\/index.php\/conselheiros-da-autarquia-cambe-previdencia-tomam-posse-na-prefeitura\/#primaryimage"},"image":{"@id":"https:\/\/www.cambe.pr.gov.br\/index.php\/conselheiros-da-autarquia-cambe-previdencia-tomam-posse-na-prefeitura\/#primaryimage"},"thumbnailUrl":"https:\/\/www.cambe.pr.gov.br\/wp-content\/uploads\/2025\/02\/DSC_0040-copiar-1024x683.jpg","datePublished":"2025-02-14T19:36:05+00:00","breadcrumb":{"@id":"https:\/\/www.cambe.pr.gov.br\/index.php\/conselheiros-da-autarquia-cambe-previdencia-tomam-posse-na-prefeitura\/#breadcrumb"},"inLanguage":"pt-BR","potentialAction":[{"@type":"ReadAction","target":["https:\/\/www.cambe.pr.gov.br\/index.php\/conselheiros-da-autarquia-cambe-previdencia-tomam-posse-na-prefeitura\/"]}]},{"@type":"ImageObject","inLanguage":"pt-BR","@id":"https:\/\/www.cambe.pr.gov.br\/index.php\/conselheiros-da-autarquia-cambe-previdencia-tomam-posse-na-prefeitura\/#primaryimage","url":"https:\/\/www.cambe.pr.gov.br\/wp-content\/uploads\/2025\/02\/DSC_0040-copiar-scaled.jpg","contentUrl":"https:\/\/www.cambe.pr.gov.br\/wp-content\/uploads\/2025\/02\/DSC_0040-copiar-scaled.jpg","width":2560,"height":1707},{"@type":"BreadcrumbList","@id":"https:\/\/www.cambe.pr.gov.br\/index.php\/conselheiros-da-autarquia-cambe-previdencia-tomam-posse-na-prefeitura\/#breadcrumb","itemListElement":[{"@type":"ListItem","position":1,"name":"In\u00edcio","item":"https:\/\/www.cambe.pr.gov.br\/"},{"@type":"ListItem","position":2,"name":"Conselheiros da autarquia Camb\u00e9 Previd\u00eancia tomam posse na Prefeitura"}]},{"@type":"WebSite","@id":"https:\/\/www.cambe.pr.gov.br\/#website","url":"https:\/\/www.cambe.pr.gov.br\/","name":"Prefeitura de Camb\u00e9","description":"UM GOVERNO PARA TODOS","publisher":{"@id":"https:\/\/www.cambe.pr.gov.br\/#organization"},"potentialAction":[{"@type":"SearchAction","target":{"@type":"EntryPoint","urlTemplate":"https:\/\/www.cambe.pr.gov.br\/?s={search_term_string}"},"query-input":{"@type":"PropertyValueSpecification","valueRequired":true,"valueName":"search_term_string"}}],"inLanguage":"pt-BR"},{"@type":"Organization","@id":"https:\/\/www.cambe.pr.gov.br\/#organization","name":"Prefeitura de Camb\u00e9","url":"https:\/\/www.cambe.pr.gov.br\/","logo":{"@type":"ImageObject","inLanguage":"pt-BR","@id":"https:\/\/www.cambe.pr.gov.br\/#\/schema\/logo\/image\/","url":"https:\/\/www.cambe.pr.gov.br\/wp-content\/uploads\/2021\/01\/cropped-cropped-cambe_brazao-icone.png","contentUrl":"https:\/\/www.cambe.pr.gov.br\/wp-content\/uploads\/2021\/01\/cropped-cropped-cambe_brazao-icone.png","width":240,"height":240,"caption":"Prefeitura de Camb\u00e9"},"image":{"@id":"https:\/\/www.cambe.pr.gov.br\/#\/schema\/logo\/image\/"},"sameAs":["https:\/\/m.facebook.com\/prefeituradecambe"]},{"@type":"Person","@id":"https:\/\/www.cambe.pr.gov.br\/#\/schema\/person\/8e3ee69cb2cadf4b9f8377407227effd","name":"Vinicius Augusto Batista Eira","image":{"@type":"ImageObject","inLanguage":"pt-BR","@id":"https:\/\/secure.gravatar.com\/avatar\/1ec500de7013b30e1d4d7c8c3978f0e4433c37e5d5e4cd186239369c6440122b?s=96&d=mm&r=g","url":"https:\/\/secure.gravatar.com\/avatar\/1ec500de7013b30e1d4d7c8c3978f0e4433c37e5d5e4cd186239369c6440122b?s=96&d=mm&r=g","contentUrl":"https:\/\/secure.gravatar.com\/avatar\/1ec500de7013b30e1d4d7c8c3978f0e4433c37e5d5e4cd186239369c6440122b?s=96&d=mm&r=g","caption":"Vinicius Augusto Batista Eira"},"url":"https:\/\/www.cambe.pr.gov.br\/index.php\/author\/vabeira\/"}]}},"_links":{"self":[{"href":"https:\/\/www.cambe.pr.gov.br\/index.php\/wp-json\/wp\/v2\/posts\/16116","targetHints":{"allow":["GET"]}}],"collection":[{"href":"https:\/\/www.cambe.pr.gov.br\/index.php\/wp-json\/wp\/v2\/posts"}],"about":[{"href":"https:\/\/www.cambe.pr.gov.br\/index.php\/wp-json\/wp\/v2\/types\/post"}],"author":[{"embeddable":true,"href":"https:\/\/www.cambe.pr.gov.br\/index.php\/wp-json\/wp\/v2\/users\/16"}],"replies":[{"embeddable":true,"href":"https:\/\/www.cambe.pr.gov.br\/index.php\/wp-json\/wp\/v2\/comments?post=16116"}],"version-history":[{"count":1,"href":"https:\/\/www.cambe.pr.gov.br\/index.php\/wp-json\/wp\/v2\/posts\/16116\/revisions"}],"predecessor-version":[{"id":16118,"href":"https:\/\/www.cambe.pr.gov.br\/index.php\/wp-json\/wp\/v2\/posts\/16116\/revisions\/16118"}],"wp:attachment":[{"href":"https:\/\/www.cambe.pr.gov.br\/index.php\/wp-json\/wp\/v2\/media?parent=16116"}],"wp:term":[{"taxonomy":"category","embeddable":true,"href":"https:\/\/www.cambe.pr.gov.br\/index.php\/wp-json\/wp\/v2\/categories?post=16116"},{"taxonomy":"post_tag","embeddable":true,"href":"https:\/\/www.cambe.pr.gov.br\/index.php\/wp-json\/wp\/v2\/tags?post=16116"}],"curies":[{"name":"wp","href":"https:\/\/api.w.org\/{rel}","templated":true}]}}