{"id":16113,"date":"2025-02-14T11:44:05","date_gmt":"2025-02-14T14:44:05","guid":{"rendered":"https:\/\/www.cambe.pr.gov.br\/?p=16113"},"modified":"2025-02-14T11:44:05","modified_gmt":"2025-02-14T14:44:05","slug":"cambe-sera-sede-da-fase-macrorregional-do-torneio-bom-de-bola-dos-jogos-escolares-do-parana","status":"publish","type":"post","link":"https:\/\/www.cambe.pr.gov.br\/index.php\/cambe-sera-sede-da-fase-macrorregional-do-torneio-bom-de-bola-dos-jogos-escolares-do-parana\/","title":{"rendered":"Camb\u00e9 ser\u00e1 sede da fase macrorregional do torneio Bom de Bola dos Jogos Escolares do Paran\u00e1"},"content":{"rendered":"<p style=\"text-align: justify;\"><span style=\"font-weight: 400; font-family: arial, helvetica, sans-serif;\"><img fetchpriority=\"high\" decoding=\"async\" class=\"alignleft wp-image-16114 size-large\" src=\"https:\/\/www.cambe.pr.gov.br\/wp-content\/uploads\/2025\/02\/DSC_0204-copiar-1024x683.jpg\" alt=\"\" width=\"610\" height=\"407\" srcset=\"https:\/\/www.cambe.pr.gov.br\/wp-content\/uploads\/2025\/02\/DSC_0204-copiar-1024x683.jpg 1024w, https:\/\/www.cambe.pr.gov.br\/wp-content\/uploads\/2025\/02\/DSC_0204-copiar-300x200.jpg 300w, https:\/\/www.cambe.pr.gov.br\/wp-content\/uploads\/2025\/02\/DSC_0204-copiar-768x512.jpg 768w, https:\/\/www.cambe.pr.gov.br\/wp-content\/uploads\/2025\/02\/DSC_0204-copiar-1536x1024.jpg 1536w, https:\/\/www.cambe.pr.gov.br\/wp-content\/uploads\/2025\/02\/DSC_0204-copiar-2048x1365.jpg 2048w\" sizes=\"(max-width: 610px) 100vw, 610px\" \/>Gra\u00e7as ao protagonismo regional e organiza\u00e7\u00e3o esportiva, Camb\u00e9 foi escolhida para ser sede da fase macrorregional do torneio Bom de Bola dos Jogos Escolares do Paran\u00e1. O evento faz parte do calend\u00e1rio esportivo dos jogos oficiais organizados pelo Governo do Paran\u00e1, por meio da Secretaria do Esporte. Em 2025, a competi\u00e7\u00e3o exclusiva de futebol de campo chega a sua 5\u00aa edi\u00e7\u00e3o, divididas entre fases regional, macrorregional e estadual. A bola rola em Camb\u00e9 dos dias 18 a 21 de setembro.<\/span><\/p>\n<p style=\"text-align: justify;\"><span style=\"font-weight: 400; font-family: arial, helvetica, sans-serif;\">Desde 2021, o torneio de futebol de campo foi desmembrado dos Jogos Escolares do Paran\u00e1, virando o Paran\u00e1 Bom de Bola. O campeonato re\u00fane atletas de base at\u00e9 master, com 50 anos ou mais, de futebol feminino e masculino. Em 2024, a primeira etapa contou com mais de 10 mil atletas, de 208 munic\u00edpios paranaenses, divididos em 381 equipes.<\/span><\/p>\n<p style=\"text-align: justify;\"><span style=\"font-weight: 400; font-family: arial, helvetica, sans-serif;\">O prefeito Conrado Scheller ressaltou que Camb\u00e9 se consolida como sede de grandes eventos gra\u00e7as a organiza\u00e7\u00e3o e empenho em diversos setores do munic\u00edpio. \u201cTemos uma equipe valorosa, que trabalha firmemente para sediar eventos t\u00e3o importantes como esse. Hoje nos colocamos no cen\u00e1rio de grandes eventos, em todos os segmentos, e agora no esporte. \u00c9 um munic\u00edpio que sempre teve o esporte muito forte, e sediando o Bom de Bola, isso s\u00f3 se consolida\u201d, disse o prefeito.<\/span><\/p>\n<p style=\"text-align: justify;\"><span style=\"font-weight: 400; font-family: arial, helvetica, sans-serif;\">Telma Gamba, secret\u00e1ria municipal de Esportes e Lazer, destacou ser uma grande satisfa\u00e7\u00e3o ajudar na organiza\u00e7\u00e3o e receber os Jogos em Camb\u00e9. \u201cCamb\u00e9 tem protagonismo de atletas e profissionais em diversas modalidades. E, agora, \u00e9 a vez do futebol. J\u00e1 temos uma boa estrutura, meninos empenhados, amantes do futebol, que tamb\u00e9m treinam aqui e agora ter\u00e3o a oportunidade de receber outros atletas, outras equipes em casa e mostrarem que o futebol tamb\u00e9m \u00e9 o nosso esporte. Ent\u00e3o, \u00e9 uma grande alegria estar recebendo os jogos e tenho certeza que vai ser um sucesso. Ser\u00e3o mais de 600 pessoas na nossa cidade, e isso vai aumentar ainda mais o protagonismo do esporte de Camb\u00e9.\u201d<\/span><\/p>\n","protected":false},"excerpt":{"rendered":"<p>Gra\u00e7as ao protagonismo regional e organiza\u00e7\u00e3o esportiva, Camb\u00e9 foi escolhida para ser sede da fase macrorregional do torneio Bom de Bola dos Jogos Escolares do Paran\u00e1. O evento faz parte do calend\u00e1rio esportivo dos jogos oficiais organizados pelo Governo do Paran\u00e1, por meio da Secretaria do Esporte. Em 2025, a competi\u00e7\u00e3o exclusiva de futebol de [&hellip;]<\/p>\n","protected":false},"author":16,"featured_media":0,"comment_status":"closed","ping_status":"closed","sticky":false,"template":"","format":"standard","meta":{"ngg_post_thumbnail":0,"footnotes":""},"categories":[1],"tags":[],"class_list":["post-16113","post","type-post","status-publish","format-standard","hentry","category-principal"],"yoast_head":"<!-- This site is optimized with the Yoast SEO plugin v27.4 - https:\/\/yoast.com\/product\/yoast-seo-wordpress\/ -->\n<title>Camb\u00e9 ser\u00e1 sede da fase macrorregional do torneio Bom de Bola dos Jogos Escolares do Paran\u00e1 - Prefeitura de Camb\u00e9<\/title>\n<meta name=\"robots\" content=\"index, follow, max-snippet:-1, max-image-preview:large, max-video-preview:-1\" \/>\n<link rel=\"canonical\" href=\"https:\/\/www.cambe.pr.gov.br\/index.php\/cambe-sera-sede-da-fase-macrorregional-do-torneio-bom-de-bola-dos-jogos-escolares-do-parana\/\" \/>\n<meta property=\"og:locale\" content=\"pt_BR\" \/>\n<meta property=\"og:type\" content=\"article\" \/>\n<meta property=\"og:title\" content=\"Camb\u00e9 ser\u00e1 sede da fase macrorregional do torneio Bom de Bola dos Jogos Escolares do Paran\u00e1 - Prefeitura de Camb\u00e9\" \/>\n<meta property=\"og:description\" content=\"Gra\u00e7as ao protagonismo regional e organiza\u00e7\u00e3o esportiva, Camb\u00e9 foi escolhida para ser sede da fase macrorregional do torneio Bom de Bola dos Jogos Escolares do Paran\u00e1. O evento faz parte do calend\u00e1rio esportivo dos jogos oficiais organizados pelo Governo do Paran\u00e1, por meio da Secretaria do Esporte. Em 2025, a competi\u00e7\u00e3o exclusiva de futebol de [&hellip;]\" \/>\n<meta property=\"og:url\" content=\"https:\/\/www.cambe.pr.gov.br\/index.php\/cambe-sera-sede-da-fase-macrorregional-do-torneio-bom-de-bola-dos-jogos-escolares-do-parana\/\" \/>\n<meta property=\"og:site_name\" content=\"Prefeitura de Camb\u00e9\" \/>\n<meta property=\"article:publisher\" content=\"https:\/\/m.facebook.com\/prefeituradecambe\" \/>\n<meta property=\"article:published_time\" content=\"2025-02-14T14:44:05+00:00\" \/>\n<meta property=\"og:image\" content=\"https:\/\/www.cambe.pr.gov.br\/wp-content\/uploads\/2025\/02\/DSC_0204-copiar-1024x683.jpg\" \/>\n<meta name=\"author\" content=\"Vinicius Augusto Batista Eira\" \/>\n<meta name=\"twitter:card\" content=\"summary_large_image\" \/>\n<meta name=\"twitter:label1\" content=\"Escrito por\" \/>\n\t<meta name=\"twitter:data1\" content=\"Vinicius Augusto Batista Eira\" \/>\n\t<meta name=\"twitter:label2\" content=\"Est. tempo de leitura\" \/>\n\t<meta name=\"twitter:data2\" content=\"3 minutos\" \/>\n<script type=\"application\/ld+json\" class=\"yoast-schema-graph\">{\"@context\":\"https:\\\/\\\/schema.org\",\"@graph\":[{\"@type\":\"Article\",\"@id\":\"https:\\\/\\\/www.cambe.pr.gov.br\\\/index.php\\\/cambe-sera-sede-da-fase-macrorregional-do-torneio-bom-de-bola-dos-jogos-escolares-do-parana\\\/#article\",\"isPartOf\":{\"@id\":\"https:\\\/\\\/www.cambe.pr.gov.br\\\/index.php\\\/cambe-sera-sede-da-fase-macrorregional-do-torneio-bom-de-bola-dos-jogos-escolares-do-parana\\\/\"},\"author\":{\"name\":\"Vinicius Augusto Batista Eira\",\"@id\":\"https:\\\/\\\/www.cambe.pr.gov.br\\\/#\\\/schema\\\/person\\\/8e3ee69cb2cadf4b9f8377407227effd\"},\"headline\":\"Camb\u00e9 ser\u00e1 sede da fase macrorregional do torneio Bom de Bola dos Jogos Escolares do Paran\u00e1\",\"datePublished\":\"2025-02-14T14:44:05+00:00\",\"mainEntityOfPage\":{\"@id\":\"https:\\\/\\\/www.cambe.pr.gov.br\\\/index.php\\\/cambe-sera-sede-da-fase-macrorregional-do-torneio-bom-de-bola-dos-jogos-escolares-do-parana\\\/\"},\"wordCount\":351,\"publisher\":{\"@id\":\"https:\\\/\\\/www.cambe.pr.gov.br\\\/#organization\"},\"image\":{\"@id\":\"https:\\\/\\\/www.cambe.pr.gov.br\\\/index.php\\\/cambe-sera-sede-da-fase-macrorregional-do-torneio-bom-de-bola-dos-jogos-escolares-do-parana\\\/#primaryimage\"},\"thumbnailUrl\":\"https:\\\/\\\/www.cambe.pr.gov.br\\\/wp-content\\\/uploads\\\/2025\\\/02\\\/DSC_0204-copiar-1024x683.jpg\",\"articleSection\":[\"Principal\"],\"inLanguage\":\"pt-BR\"},{\"@type\":\"WebPage\",\"@id\":\"https:\\\/\\\/www.cambe.pr.gov.br\\\/index.php\\\/cambe-sera-sede-da-fase-macrorregional-do-torneio-bom-de-bola-dos-jogos-escolares-do-parana\\\/\",\"url\":\"https:\\\/\\\/www.cambe.pr.gov.br\\\/index.php\\\/cambe-sera-sede-da-fase-macrorregional-do-torneio-bom-de-bola-dos-jogos-escolares-do-parana\\\/\",\"name\":\"Camb\u00e9 ser\u00e1 sede da fase macrorregional do torneio Bom de Bola dos Jogos Escolares do Paran\u00e1 - Prefeitura de Camb\u00e9\",\"isPartOf\":{\"@id\":\"https:\\\/\\\/www.cambe.pr.gov.br\\\/#website\"},\"primaryImageOfPage\":{\"@id\":\"https:\\\/\\\/www.cambe.pr.gov.br\\\/index.php\\\/cambe-sera-sede-da-fase-macrorregional-do-torneio-bom-de-bola-dos-jogos-escolares-do-parana\\\/#primaryimage\"},\"image\":{\"@id\":\"https:\\\/\\\/www.cambe.pr.gov.br\\\/index.php\\\/cambe-sera-sede-da-fase-macrorregional-do-torneio-bom-de-bola-dos-jogos-escolares-do-parana\\\/#primaryimage\"},\"thumbnailUrl\":\"https:\\\/\\\/www.cambe.pr.gov.br\\\/wp-content\\\/uploads\\\/2025\\\/02\\\/DSC_0204-copiar-1024x683.jpg\",\"datePublished\":\"2025-02-14T14:44:05+00:00\",\"breadcrumb\":{\"@id\":\"https:\\\/\\\/www.cambe.pr.gov.br\\\/index.php\\\/cambe-sera-sede-da-fase-macrorregional-do-torneio-bom-de-bola-dos-jogos-escolares-do-parana\\\/#breadcrumb\"},\"inLanguage\":\"pt-BR\",\"potentialAction\":[{\"@type\":\"ReadAction\",\"target\":[\"https:\\\/\\\/www.cambe.pr.gov.br\\\/index.php\\\/cambe-sera-sede-da-fase-macrorregional-do-torneio-bom-de-bola-dos-jogos-escolares-do-parana\\\/\"]}]},{\"@type\":\"ImageObject\",\"inLanguage\":\"pt-BR\",\"@id\":\"https:\\\/\\\/www.cambe.pr.gov.br\\\/index.php\\\/cambe-sera-sede-da-fase-macrorregional-do-torneio-bom-de-bola-dos-jogos-escolares-do-parana\\\/#primaryimage\",\"url\":\"https:\\\/\\\/www.cambe.pr.gov.br\\\/wp-content\\\/uploads\\\/2025\\\/02\\\/DSC_0204-copiar-scaled.jpg\",\"contentUrl\":\"https:\\\/\\\/www.cambe.pr.gov.br\\\/wp-content\\\/uploads\\\/2025\\\/02\\\/DSC_0204-copiar-scaled.jpg\",\"width\":2560,\"height\":1707},{\"@type\":\"BreadcrumbList\",\"@id\":\"https:\\\/\\\/www.cambe.pr.gov.br\\\/index.php\\\/cambe-sera-sede-da-fase-macrorregional-do-torneio-bom-de-bola-dos-jogos-escolares-do-parana\\\/#breadcrumb\",\"itemListElement\":[{\"@type\":\"ListItem\",\"position\":1,\"name\":\"In\u00edcio\",\"item\":\"https:\\\/\\\/www.cambe.pr.gov.br\\\/\"},{\"@type\":\"ListItem\",\"position\":2,\"name\":\"Camb\u00e9 ser\u00e1 sede da fase macrorregional do torneio Bom de Bola dos Jogos Escolares do Paran\u00e1\"}]},{\"@type\":\"WebSite\",\"@id\":\"https:\\\/\\\/www.cambe.pr.gov.br\\\/#website\",\"url\":\"https:\\\/\\\/www.cambe.pr.gov.br\\\/\",\"name\":\"Prefeitura de Camb\u00e9\",\"description\":\"UM GOVERNO PARA TODOS\",\"publisher\":{\"@id\":\"https:\\\/\\\/www.cambe.pr.gov.br\\\/#organization\"},\"potentialAction\":[{\"@type\":\"SearchAction\",\"target\":{\"@type\":\"EntryPoint\",\"urlTemplate\":\"https:\\\/\\\/www.cambe.pr.gov.br\\\/?s={search_term_string}\"},\"query-input\":{\"@type\":\"PropertyValueSpecification\",\"valueRequired\":true,\"valueName\":\"search_term_string\"}}],\"inLanguage\":\"pt-BR\"},{\"@type\":\"Organization\",\"@id\":\"https:\\\/\\\/www.cambe.pr.gov.br\\\/#organization\",\"name\":\"Prefeitura de Camb\u00e9\",\"url\":\"https:\\\/\\\/www.cambe.pr.gov.br\\\/\",\"logo\":{\"@type\":\"ImageObject\",\"inLanguage\":\"pt-BR\",\"@id\":\"https:\\\/\\\/www.cambe.pr.gov.br\\\/#\\\/schema\\\/logo\\\/image\\\/\",\"url\":\"https:\\\/\\\/www.cambe.pr.gov.br\\\/wp-content\\\/uploads\\\/2021\\\/01\\\/cropped-cropped-cambe_brazao-icone.png\",\"contentUrl\":\"https:\\\/\\\/www.cambe.pr.gov.br\\\/wp-content\\\/uploads\\\/2021\\\/01\\\/cropped-cropped-cambe_brazao-icone.png\",\"width\":240,\"height\":240,\"caption\":\"Prefeitura de Camb\u00e9\"},\"image\":{\"@id\":\"https:\\\/\\\/www.cambe.pr.gov.br\\\/#\\\/schema\\\/logo\\\/image\\\/\"},\"sameAs\":[\"https:\\\/\\\/m.facebook.com\\\/prefeituradecambe\"]},{\"@type\":\"Person\",\"@id\":\"https:\\\/\\\/www.cambe.pr.gov.br\\\/#\\\/schema\\\/person\\\/8e3ee69cb2cadf4b9f8377407227effd\",\"name\":\"Vinicius Augusto Batista Eira\",\"image\":{\"@type\":\"ImageObject\",\"inLanguage\":\"pt-BR\",\"@id\":\"https:\\\/\\\/secure.gravatar.com\\\/avatar\\\/1ec500de7013b30e1d4d7c8c3978f0e4433c37e5d5e4cd186239369c6440122b?s=96&d=mm&r=g\",\"url\":\"https:\\\/\\\/secure.gravatar.com\\\/avatar\\\/1ec500de7013b30e1d4d7c8c3978f0e4433c37e5d5e4cd186239369c6440122b?s=96&d=mm&r=g\",\"contentUrl\":\"https:\\\/\\\/secure.gravatar.com\\\/avatar\\\/1ec500de7013b30e1d4d7c8c3978f0e4433c37e5d5e4cd186239369c6440122b?s=96&d=mm&r=g\",\"caption\":\"Vinicius Augusto Batista Eira\"},\"url\":\"https:\\\/\\\/www.cambe.pr.gov.br\\\/index.php\\\/author\\\/vabeira\\\/\"}]}<\/script>\n<!-- \/ Yoast SEO plugin. -->","yoast_head_json":{"title":"Camb\u00e9 ser\u00e1 sede da fase macrorregional do torneio Bom de Bola dos Jogos Escolares do Paran\u00e1 - Prefeitura de Camb\u00e9","robots":{"index":"index","follow":"follow","max-snippet":"max-snippet:-1","max-image-preview":"max-image-preview:large","max-video-preview":"max-video-preview:-1"},"canonical":"https:\/\/www.cambe.pr.gov.br\/index.php\/cambe-sera-sede-da-fase-macrorregional-do-torneio-bom-de-bola-dos-jogos-escolares-do-parana\/","og_locale":"pt_BR","og_type":"article","og_title":"Camb\u00e9 ser\u00e1 sede da fase macrorregional do torneio Bom de Bola dos Jogos Escolares do Paran\u00e1 - Prefeitura de Camb\u00e9","og_description":"Gra\u00e7as ao protagonismo regional e organiza\u00e7\u00e3o esportiva, Camb\u00e9 foi escolhida para ser sede da fase macrorregional do torneio Bom de Bola dos Jogos Escolares do Paran\u00e1. O evento faz parte do calend\u00e1rio esportivo dos jogos oficiais organizados pelo Governo do Paran\u00e1, por meio da Secretaria do Esporte. Em 2025, a competi\u00e7\u00e3o exclusiva de futebol de [&hellip;]","og_url":"https:\/\/www.cambe.pr.gov.br\/index.php\/cambe-sera-sede-da-fase-macrorregional-do-torneio-bom-de-bola-dos-jogos-escolares-do-parana\/","og_site_name":"Prefeitura de Camb\u00e9","article_publisher":"https:\/\/m.facebook.com\/prefeituradecambe","article_published_time":"2025-02-14T14:44:05+00:00","og_image":[{"url":"https:\/\/www.cambe.pr.gov.br\/wp-content\/uploads\/2025\/02\/DSC_0204-copiar-1024x683.jpg","type":"","width":"","height":""}],"author":"Vinicius Augusto Batista Eira","twitter_card":"summary_large_image","twitter_misc":{"Escrito por":"Vinicius Augusto Batista Eira","Est. tempo de leitura":"3 minutos"},"schema":{"@context":"https:\/\/schema.org","@graph":[{"@type":"Article","@id":"https:\/\/www.cambe.pr.gov.br\/index.php\/cambe-sera-sede-da-fase-macrorregional-do-torneio-bom-de-bola-dos-jogos-escolares-do-parana\/#article","isPartOf":{"@id":"https:\/\/www.cambe.pr.gov.br\/index.php\/cambe-sera-sede-da-fase-macrorregional-do-torneio-bom-de-bola-dos-jogos-escolares-do-parana\/"},"author":{"name":"Vinicius Augusto Batista Eira","@id":"https:\/\/www.cambe.pr.gov.br\/#\/schema\/person\/8e3ee69cb2cadf4b9f8377407227effd"},"headline":"Camb\u00e9 ser\u00e1 sede da fase macrorregional do torneio Bom de Bola dos Jogos Escolares do Paran\u00e1","datePublished":"2025-02-14T14:44:05+00:00","mainEntityOfPage":{"@id":"https:\/\/www.cambe.pr.gov.br\/index.php\/cambe-sera-sede-da-fase-macrorregional-do-torneio-bom-de-bola-dos-jogos-escolares-do-parana\/"},"wordCount":351,"publisher":{"@id":"https:\/\/www.cambe.pr.gov.br\/#organization"},"image":{"@id":"https:\/\/www.cambe.pr.gov.br\/index.php\/cambe-sera-sede-da-fase-macrorregional-do-torneio-bom-de-bola-dos-jogos-escolares-do-parana\/#primaryimage"},"thumbnailUrl":"https:\/\/www.cambe.pr.gov.br\/wp-content\/uploads\/2025\/02\/DSC_0204-copiar-1024x683.jpg","articleSection":["Principal"],"inLanguage":"pt-BR"},{"@type":"WebPage","@id":"https:\/\/www.cambe.pr.gov.br\/index.php\/cambe-sera-sede-da-fase-macrorregional-do-torneio-bom-de-bola-dos-jogos-escolares-do-parana\/","url":"https:\/\/www.cambe.pr.gov.br\/index.php\/cambe-sera-sede-da-fase-macrorregional-do-torneio-bom-de-bola-dos-jogos-escolares-do-parana\/","name":"Camb\u00e9 ser\u00e1 sede da fase macrorregional do torneio Bom de Bola dos Jogos Escolares do Paran\u00e1 - Prefeitura de Camb\u00e9","isPartOf":{"@id":"https:\/\/www.cambe.pr.gov.br\/#website"},"primaryImageOfPage":{"@id":"https:\/\/www.cambe.pr.gov.br\/index.php\/cambe-sera-sede-da-fase-macrorregional-do-torneio-bom-de-bola-dos-jogos-escolares-do-parana\/#primaryimage"},"image":{"@id":"https:\/\/www.cambe.pr.gov.br\/index.php\/cambe-sera-sede-da-fase-macrorregional-do-torneio-bom-de-bola-dos-jogos-escolares-do-parana\/#primaryimage"},"thumbnailUrl":"https:\/\/www.cambe.pr.gov.br\/wp-content\/uploads\/2025\/02\/DSC_0204-copiar-1024x683.jpg","datePublished":"2025-02-14T14:44:05+00:00","breadcrumb":{"@id":"https:\/\/www.cambe.pr.gov.br\/index.php\/cambe-sera-sede-da-fase-macrorregional-do-torneio-bom-de-bola-dos-jogos-escolares-do-parana\/#breadcrumb"},"inLanguage":"pt-BR","potentialAction":[{"@type":"ReadAction","target":["https:\/\/www.cambe.pr.gov.br\/index.php\/cambe-sera-sede-da-fase-macrorregional-do-torneio-bom-de-bola-dos-jogos-escolares-do-parana\/"]}]},{"@type":"ImageObject","inLanguage":"pt-BR","@id":"https:\/\/www.cambe.pr.gov.br\/index.php\/cambe-sera-sede-da-fase-macrorregional-do-torneio-bom-de-bola-dos-jogos-escolares-do-parana\/#primaryimage","url":"https:\/\/www.cambe.pr.gov.br\/wp-content\/uploads\/2025\/02\/DSC_0204-copiar-scaled.jpg","contentUrl":"https:\/\/www.cambe.pr.gov.br\/wp-content\/uploads\/2025\/02\/DSC_0204-copiar-scaled.jpg","width":2560,"height":1707},{"@type":"BreadcrumbList","@id":"https:\/\/www.cambe.pr.gov.br\/index.php\/cambe-sera-sede-da-fase-macrorregional-do-torneio-bom-de-bola-dos-jogos-escolares-do-parana\/#breadcrumb","itemListElement":[{"@type":"ListItem","position":1,"name":"In\u00edcio","item":"https:\/\/www.cambe.pr.gov.br\/"},{"@type":"ListItem","position":2,"name":"Camb\u00e9 ser\u00e1 sede da fase macrorregional do torneio Bom de Bola dos Jogos Escolares do Paran\u00e1"}]},{"@type":"WebSite","@id":"https:\/\/www.cambe.pr.gov.br\/#website","url":"https:\/\/www.cambe.pr.gov.br\/","name":"Prefeitura de Camb\u00e9","description":"UM GOVERNO PARA TODOS","publisher":{"@id":"https:\/\/www.cambe.pr.gov.br\/#organization"},"potentialAction":[{"@type":"SearchAction","target":{"@type":"EntryPoint","urlTemplate":"https:\/\/www.cambe.pr.gov.br\/?s={search_term_string}"},"query-input":{"@type":"PropertyValueSpecification","valueRequired":true,"valueName":"search_term_string"}}],"inLanguage":"pt-BR"},{"@type":"Organization","@id":"https:\/\/www.cambe.pr.gov.br\/#organization","name":"Prefeitura de Camb\u00e9","url":"https:\/\/www.cambe.pr.gov.br\/","logo":{"@type":"ImageObject","inLanguage":"pt-BR","@id":"https:\/\/www.cambe.pr.gov.br\/#\/schema\/logo\/image\/","url":"https:\/\/www.cambe.pr.gov.br\/wp-content\/uploads\/2021\/01\/cropped-cropped-cambe_brazao-icone.png","contentUrl":"https:\/\/www.cambe.pr.gov.br\/wp-content\/uploads\/2021\/01\/cropped-cropped-cambe_brazao-icone.png","width":240,"height":240,"caption":"Prefeitura de Camb\u00e9"},"image":{"@id":"https:\/\/www.cambe.pr.gov.br\/#\/schema\/logo\/image\/"},"sameAs":["https:\/\/m.facebook.com\/prefeituradecambe"]},{"@type":"Person","@id":"https:\/\/www.cambe.pr.gov.br\/#\/schema\/person\/8e3ee69cb2cadf4b9f8377407227effd","name":"Vinicius Augusto Batista Eira","image":{"@type":"ImageObject","inLanguage":"pt-BR","@id":"https:\/\/secure.gravatar.com\/avatar\/1ec500de7013b30e1d4d7c8c3978f0e4433c37e5d5e4cd186239369c6440122b?s=96&d=mm&r=g","url":"https:\/\/secure.gravatar.com\/avatar\/1ec500de7013b30e1d4d7c8c3978f0e4433c37e5d5e4cd186239369c6440122b?s=96&d=mm&r=g","contentUrl":"https:\/\/secure.gravatar.com\/avatar\/1ec500de7013b30e1d4d7c8c3978f0e4433c37e5d5e4cd186239369c6440122b?s=96&d=mm&r=g","caption":"Vinicius Augusto Batista Eira"},"url":"https:\/\/www.cambe.pr.gov.br\/index.php\/author\/vabeira\/"}]}},"_links":{"self":[{"href":"https:\/\/www.cambe.pr.gov.br\/index.php\/wp-json\/wp\/v2\/posts\/16113","targetHints":{"allow":["GET"]}}],"collection":[{"href":"https:\/\/www.cambe.pr.gov.br\/index.php\/wp-json\/wp\/v2\/posts"}],"about":[{"href":"https:\/\/www.cambe.pr.gov.br\/index.php\/wp-json\/wp\/v2\/types\/post"}],"author":[{"embeddable":true,"href":"https:\/\/www.cambe.pr.gov.br\/index.php\/wp-json\/wp\/v2\/users\/16"}],"replies":[{"embeddable":true,"href":"https:\/\/www.cambe.pr.gov.br\/index.php\/wp-json\/wp\/v2\/comments?post=16113"}],"version-history":[{"count":1,"href":"https:\/\/www.cambe.pr.gov.br\/index.php\/wp-json\/wp\/v2\/posts\/16113\/revisions"}],"predecessor-version":[{"id":16115,"href":"https:\/\/www.cambe.pr.gov.br\/index.php\/wp-json\/wp\/v2\/posts\/16113\/revisions\/16115"}],"wp:attachment":[{"href":"https:\/\/www.cambe.pr.gov.br\/index.php\/wp-json\/wp\/v2\/media?parent=16113"}],"wp:term":[{"taxonomy":"category","embeddable":true,"href":"https:\/\/www.cambe.pr.gov.br\/index.php\/wp-json\/wp\/v2\/categories?post=16113"},{"taxonomy":"post_tag","embeddable":true,"href":"https:\/\/www.cambe.pr.gov.br\/index.php\/wp-json\/wp\/v2\/tags?post=16113"}],"curies":[{"name":"wp","href":"https:\/\/api.w.org\/{rel}","templated":true}]}}