{"id":16109,"date":"2025-02-13T15:43:03","date_gmt":"2025-02-13T18:43:03","guid":{"rendered":"https:\/\/www.cambe.pr.gov.br\/?p=16109"},"modified":"2025-02-13T15:43:03","modified_gmt":"2025-02-13T18:43:03","slug":"procon-de-cambe-divulga-recomendacoes-para-compra-de-carros-seminovos-e-usados","status":"publish","type":"post","link":"https:\/\/www.cambe.pr.gov.br\/index.php\/procon-de-cambe-divulga-recomendacoes-para-compra-de-carros-seminovos-e-usados\/","title":{"rendered":"Procon de Camb\u00e9 divulga recomenda\u00e7\u00f5es para compra de carros seminovos e usados"},"content":{"rendered":"<p style=\"text-align: justify;\"><span style=\"font-weight: 400; font-family: arial, helvetica, sans-serif;\"><img fetchpriority=\"high\" decoding=\"async\" class=\"alignleft size-full wp-image-10651\" src=\"https:\/\/www.cambe.pr.gov.br\/wp-content\/uploads\/2023\/06\/procom-scaled-e1638908282167-1024x684-1-e1687804022207.jpg\" alt=\"\" width=\"600\" height=\"401\" srcset=\"https:\/\/www.cambe.pr.gov.br\/wp-content\/uploads\/2023\/06\/procom-scaled-e1638908282167-1024x684-1-e1687804022207.jpg 600w, https:\/\/www.cambe.pr.gov.br\/wp-content\/uploads\/2023\/06\/procom-scaled-e1638908282167-1024x684-1-e1687804022207-300x201.jpg 300w, https:\/\/www.cambe.pr.gov.br\/wp-content\/uploads\/2023\/06\/procom-scaled-e1638908282167-1024x684-1-768x513.jpg 768w\" sizes=\"(max-width: 600px) 100vw, 600px\" \/>Comprar um ve\u00edculo, seja novo, seminovo ou usado pode ser a realiza\u00e7\u00e3o de um grande sonho. No entanto, diante do alto investimento e riscos, esse momento de euforia pode se tornar uma enorme dor de cabe\u00e7a. Com isso, o Procon de Camb\u00e9, atrav\u00e9s do Procon-PR, divulgou uma cartilha com recomenda\u00e7\u00f5es e cuidados na hora de aquirir um novo autom\u00f3vel.<\/span><\/p>\n<p style=\"text-align: justify;\"><span style=\"font-weight: 400; font-family: arial, helvetica, sans-serif;\">Um dos principais passos antes de fechar algum neg\u00f3cio \u00e9 consultar um mec\u00e2nico de confian\u00e7a. Pe\u00e7a uma verifica\u00e7\u00e3o completa da parte mec\u00e2nica, hidr\u00e1ulica, el\u00e9trica e de lataria para identificar eventuais colis\u00f5es graves. O mec\u00e2nico dever\u00e1 ainda verificar o som do motor, se a \u00e1gua do radiador est\u00e1 limpa e no limite do marcador, bem como o n\u00edvel, a cor e a viscosidade do \u00f3leo. O estado dos espelhos retrovisores, para-choques, lanternas, freios e embreagem, que s\u00e3o itens de seguran\u00e7a, tamb\u00e9m devem ser conferidos.<\/span><\/p>\n<p style=\"text-align: justify;\"><span style=\"font-weight: 400; font-family: arial, helvetica, sans-serif;\">Tamb\u00e9m \u00e9 imprescind\u00edvel verificar a quilometragem j\u00e1 rodada pelo ve\u00edculo. Quanto mais alta ela for, maior ser\u00e1 o desgaste das pe\u00e7as e a necessidade de manuten\u00e7\u00e3o. Al\u00e9m disso, o comprador deve ficar atento a realidade do ve\u00edculo. Se o od\u00f4metro, o medidor que <\/span><span style=\"font-weight: 400; font-family: arial, helvetica, sans-serif;\">fica no painel do carro e mostra a quilometragem do ve\u00edculo, apresentar valores baixos, mas os pneus estiverem desgastados, houver arranh\u00f5es na pintura, estofados deteriorados, entre outros, pode ter havido alguma adultera\u00e7\u00e3o.<\/span><\/p>\n<p style=\"text-align: justify;\"><span style=\"font-weight: 400; font-family: arial, helvetica, sans-serif;\">\u00c9 recomendado que toda verifica\u00e7\u00e3o dos carros devem ser feitas \u00e0 luz do dia, com boa ilumina\u00e7\u00e3o. Locais escuros ou fechados dificultam a identifica\u00e7\u00e3o de riscos, pequenos amassados, defeitos na pintura e ferrugem. Carros adesivados, plotados ou envelopados exigem aten\u00e7\u00e3o redobrada, pois a adesiva\u00e7\u00e3o pode esconder v\u00e1rios defeitos. A parte interna do ve\u00edculo tamb\u00e9m deve ser verificada. O consumidor deve sentar-se nos bancos, verificando se est\u00e3o soltos, tortos ou com afundamento. E n\u00e3o esque\u00e7a de conferir tamb\u00e9m o estado da suspens\u00e3o do ve\u00edculo.<\/span><\/p>\n<p style=\"text-align: justify;\"><span style=\"font-weight: 400; font-family: arial, helvetica, sans-serif;\">No painel de controle, examine: far\u00f3is, limpadores de para-brisas, desemba\u00e7ador, indicadores de dire\u00e7\u00e3o (pisca-pisca), luzes de freio, veloc\u00edmetro, sinaliza\u00e7\u00e3o de emerg\u00eancia (pisca-alerta), buzina, indicador de temperatura, funcionamento do ar-condicionado, entre outros. Luzes de alerta dos airbags e freios ABS devem ser verificadas. Se as mesmas estiverem desligadas, pode ter ocorrido algum acidente e esses itens de seguran\u00e7a n\u00e3o foram substitu\u00eddos, sendo um risco para a integridade f\u00edsica de todos os ocupantes do autom\u00f3vel.<\/span><\/p>\n<p style=\"text-align: justify;\"><span style=\"font-weight: 400; font-family: arial, helvetica, sans-serif;\">Os equipamentos de seguran\u00e7a obrigat\u00f3rios do ve\u00edculo, como macaco hidr\u00e1ulico; tri\u00e2ngulo de sinaliza\u00e7\u00e3o; chave de roda; cinto de seguran\u00e7a e estepe devem ser verificados para confirmar se est\u00e3o em ordem. Importante conferir tamb\u00e9m o estado dos pneus, j\u00e1 que se estiverem desgastados, podem colocar a vida do condutor do ve\u00edculo, dos passageiros e de terceiros em risco.<\/span><\/p>\n<p style=\"text-align: justify;\"><span style=\"font-weight: 400; font-family: arial, helvetica, sans-serif;\">Algumas revendas de ve\u00edculos oferecem as chamadas vistorias cautelares ou fazem publicidade de que seus carros foram periciados ou possuem laudo cautelar. Esse procedimento pode ser interessante, mas o vendedor deve esclarecer ao consumidor quais aspectos do ve\u00edculo foram vistoriados, pois, normalmente, a per\u00edcia abrange somente motor e caixa de c\u00e2mbio. E mesmo que o ve\u00edculo tenha sido periciado, antes de comprar, \u00e9 prudente consultar um mec\u00e2nico de confian\u00e7a.<\/span><\/p>\n<p style=\"text-align: justify;\"><span style=\"font-weight: 400; font-family: arial, helvetica, sans-serif;\">O consumidor tamb\u00e9m deve exigir documenta\u00e7\u00e3o que comprove a proced\u00eancia do ve\u00edculo. Se foram feitas as revis\u00f5es indicadas pelo fabricante (informa\u00e7\u00f5es que constam no manual <\/span><span style=\"font-weight: 400; font-family: arial, helvetica, sans-serif;\">do carro) e se o mesmo n\u00e3o tem nenhuma pend\u00eancia administrativa ou judicial. Al\u00e9m disso, o vendedor deve comprovar que n\u00e3o existem multas ou IPVA em aberto. \u00c9 importante tamb\u00e9m consultar sua seguradora de confian\u00e7a antes de fechar o neg\u00f3cio, pois algumas empresas n\u00e3o fazem seguro de carros sinistrados.<\/span><\/p>\n<p style=\"text-align: justify;\"><span style=\"font-weight: 400; font-family: arial, helvetica, sans-serif;\">Outros aspectos tamb\u00e9m s\u00e3o relevantes como consumo, custo de manuten\u00e7\u00e3o, impostos, pre\u00e7o de seguro, valor de revenda, entre outros. Consumidores que optarem pela compra de carros el\u00e9tricos t\u00eam que avaliar a disponibilidade de estrutura para carregamento das baterias, especialmente se o ve\u00edculo \u00e9 utilizado para viagens de longa dist\u00e2ncia, e tamb\u00e9m das pe\u00e7as de reposi\u00e7\u00e3o, que podem ser mais caras. Se o ve\u00edculo for financiado, h\u00e1 ainda a parcela mensal que comprometer\u00e1 parte da renda da fam\u00edlia, o que n\u00e3o pode ser esquecido.<\/span><\/p>\n<p style=\"text-align: justify;\"><span style=\"font-weight: 400; font-family: arial, helvetica, sans-serif;\">O Procon ressalta que autom\u00f3veis s\u00e3o bens dur\u00e1veis. Assim, conforme o C\u00f3digo do Consumidor, tem garantia legal de 90 dias, contados a partir da entrega para o consumidor. Ao se sentir lesado, fa\u00e7a valer seus direitos.<\/span><\/p>\n<p style=\"text-align: justify;\"><span style=\"font-family: arial, helvetica, sans-serif;\"><span style=\"font-weight: 400;\">Se o seu problema n\u00e3o ter solu\u00e7\u00e3o, entre com uma reclama\u00e7\u00e3o via Procon de Camb\u00e9 no site consumidor.gov.br; pelo e-mail <\/span><span style=\"font-weight: 400;\">cambepr@procon.pr.gov.br<\/span><span style=\"font-weight: 400;\">; pelo telefone (43) 3174-2851; ou pessoalmente, na sede do Procon, que fica na Rua Par\u00e1, 126.<\/span><\/span><\/p>\n","protected":false},"excerpt":{"rendered":"<p>Comprar um ve\u00edculo, seja novo, seminovo ou usado pode ser a realiza\u00e7\u00e3o de um grande sonho. No entanto, diante do alto investimento e riscos, esse momento de euforia pode se tornar uma enorme dor de cabe\u00e7a. Com isso, o Procon de Camb\u00e9, atrav\u00e9s do Procon-PR, divulgou uma cartilha com recomenda\u00e7\u00f5es e cuidados na hora de [&hellip;]<\/p>\n","protected":false},"author":16,"featured_media":0,"comment_status":"closed","ping_status":"closed","sticky":false,"template":"","format":"standard","meta":{"ngg_post_thumbnail":0,"footnotes":""},"categories":[1],"tags":[],"class_list":["post-16109","post","type-post","status-publish","format-standard","hentry","category-principal"],"yoast_head":"<!-- This site is optimized with the Yoast SEO plugin v27.4 - https:\/\/yoast.com\/product\/yoast-seo-wordpress\/ -->\n<title>Procon de Camb\u00e9 divulga recomenda\u00e7\u00f5es para compra de carros seminovos e usados - Prefeitura de Camb\u00e9<\/title>\n<meta name=\"robots\" content=\"index, follow, max-snippet:-1, max-image-preview:large, max-video-preview:-1\" \/>\n<link rel=\"canonical\" href=\"https:\/\/www.cambe.pr.gov.br\/index.php\/procon-de-cambe-divulga-recomendacoes-para-compra-de-carros-seminovos-e-usados\/\" \/>\n<meta property=\"og:locale\" content=\"pt_BR\" \/>\n<meta property=\"og:type\" content=\"article\" \/>\n<meta property=\"og:title\" content=\"Procon de Camb\u00e9 divulga recomenda\u00e7\u00f5es para compra de carros seminovos e usados - Prefeitura de Camb\u00e9\" \/>\n<meta property=\"og:description\" content=\"Comprar um ve\u00edculo, seja novo, seminovo ou usado pode ser a realiza\u00e7\u00e3o de um grande sonho. No entanto, diante do alto investimento e riscos, esse momento de euforia pode se tornar uma enorme dor de cabe\u00e7a. Com isso, o Procon de Camb\u00e9, atrav\u00e9s do Procon-PR, divulgou uma cartilha com recomenda\u00e7\u00f5es e cuidados na hora de [&hellip;]\" \/>\n<meta property=\"og:url\" content=\"https:\/\/www.cambe.pr.gov.br\/index.php\/procon-de-cambe-divulga-recomendacoes-para-compra-de-carros-seminovos-e-usados\/\" \/>\n<meta property=\"og:site_name\" content=\"Prefeitura de Camb\u00e9\" \/>\n<meta property=\"article:publisher\" content=\"https:\/\/m.facebook.com\/prefeituradecambe\" \/>\n<meta property=\"article:published_time\" content=\"2025-02-13T18:43:03+00:00\" \/>\n<meta property=\"og:image\" content=\"https:\/\/www.cambe.pr.gov.br\/wp-content\/uploads\/2023\/06\/procom-scaled-e1638908282167-1024x684-1-e1687804022207.jpg\" \/>\n<meta name=\"author\" content=\"Vinicius Augusto Batista Eira\" \/>\n<meta name=\"twitter:card\" content=\"summary_large_image\" \/>\n<meta name=\"twitter:label1\" content=\"Escrito por\" \/>\n\t<meta name=\"twitter:data1\" content=\"Vinicius Augusto Batista Eira\" \/>\n\t<meta name=\"twitter:label2\" content=\"Est. tempo de leitura\" \/>\n\t<meta name=\"twitter:data2\" content=\"5 minutos\" \/>\n<script type=\"application\/ld+json\" class=\"yoast-schema-graph\">{\"@context\":\"https:\\\/\\\/schema.org\",\"@graph\":[{\"@type\":\"Article\",\"@id\":\"https:\\\/\\\/www.cambe.pr.gov.br\\\/index.php\\\/procon-de-cambe-divulga-recomendacoes-para-compra-de-carros-seminovos-e-usados\\\/#article\",\"isPartOf\":{\"@id\":\"https:\\\/\\\/www.cambe.pr.gov.br\\\/index.php\\\/procon-de-cambe-divulga-recomendacoes-para-compra-de-carros-seminovos-e-usados\\\/\"},\"author\":{\"name\":\"Vinicius Augusto Batista Eira\",\"@id\":\"https:\\\/\\\/www.cambe.pr.gov.br\\\/#\\\/schema\\\/person\\\/8e3ee69cb2cadf4b9f8377407227effd\"},\"headline\":\"Procon de Camb\u00e9 divulga recomenda\u00e7\u00f5es para compra de carros seminovos e usados\",\"datePublished\":\"2025-02-13T18:43:03+00:00\",\"mainEntityOfPage\":{\"@id\":\"https:\\\/\\\/www.cambe.pr.gov.br\\\/index.php\\\/procon-de-cambe-divulga-recomendacoes-para-compra-de-carros-seminovos-e-usados\\\/\"},\"wordCount\":847,\"publisher\":{\"@id\":\"https:\\\/\\\/www.cambe.pr.gov.br\\\/#organization\"},\"image\":{\"@id\":\"https:\\\/\\\/www.cambe.pr.gov.br\\\/index.php\\\/procon-de-cambe-divulga-recomendacoes-para-compra-de-carros-seminovos-e-usados\\\/#primaryimage\"},\"thumbnailUrl\":\"https:\\\/\\\/www.cambe.pr.gov.br\\\/wp-content\\\/uploads\\\/2023\\\/06\\\/procom-scaled-e1638908282167-1024x684-1-e1687804022207.jpg\",\"articleSection\":[\"Principal\"],\"inLanguage\":\"pt-BR\"},{\"@type\":\"WebPage\",\"@id\":\"https:\\\/\\\/www.cambe.pr.gov.br\\\/index.php\\\/procon-de-cambe-divulga-recomendacoes-para-compra-de-carros-seminovos-e-usados\\\/\",\"url\":\"https:\\\/\\\/www.cambe.pr.gov.br\\\/index.php\\\/procon-de-cambe-divulga-recomendacoes-para-compra-de-carros-seminovos-e-usados\\\/\",\"name\":\"Procon de Camb\u00e9 divulga recomenda\u00e7\u00f5es para compra de carros seminovos e usados - Prefeitura de Camb\u00e9\",\"isPartOf\":{\"@id\":\"https:\\\/\\\/www.cambe.pr.gov.br\\\/#website\"},\"primaryImageOfPage\":{\"@id\":\"https:\\\/\\\/www.cambe.pr.gov.br\\\/index.php\\\/procon-de-cambe-divulga-recomendacoes-para-compra-de-carros-seminovos-e-usados\\\/#primaryimage\"},\"image\":{\"@id\":\"https:\\\/\\\/www.cambe.pr.gov.br\\\/index.php\\\/procon-de-cambe-divulga-recomendacoes-para-compra-de-carros-seminovos-e-usados\\\/#primaryimage\"},\"thumbnailUrl\":\"https:\\\/\\\/www.cambe.pr.gov.br\\\/wp-content\\\/uploads\\\/2023\\\/06\\\/procom-scaled-e1638908282167-1024x684-1-e1687804022207.jpg\",\"datePublished\":\"2025-02-13T18:43:03+00:00\",\"breadcrumb\":{\"@id\":\"https:\\\/\\\/www.cambe.pr.gov.br\\\/index.php\\\/procon-de-cambe-divulga-recomendacoes-para-compra-de-carros-seminovos-e-usados\\\/#breadcrumb\"},\"inLanguage\":\"pt-BR\",\"potentialAction\":[{\"@type\":\"ReadAction\",\"target\":[\"https:\\\/\\\/www.cambe.pr.gov.br\\\/index.php\\\/procon-de-cambe-divulga-recomendacoes-para-compra-de-carros-seminovos-e-usados\\\/\"]}]},{\"@type\":\"ImageObject\",\"inLanguage\":\"pt-BR\",\"@id\":\"https:\\\/\\\/www.cambe.pr.gov.br\\\/index.php\\\/procon-de-cambe-divulga-recomendacoes-para-compra-de-carros-seminovos-e-usados\\\/#primaryimage\",\"url\":\"https:\\\/\\\/www.cambe.pr.gov.br\\\/wp-content\\\/uploads\\\/2023\\\/06\\\/procom-scaled-e1638908282167-1024x684-1-e1687804022207.jpg\",\"contentUrl\":\"https:\\\/\\\/www.cambe.pr.gov.br\\\/wp-content\\\/uploads\\\/2023\\\/06\\\/procom-scaled-e1638908282167-1024x684-1-e1687804022207.jpg\",\"width\":600,\"height\":401},{\"@type\":\"BreadcrumbList\",\"@id\":\"https:\\\/\\\/www.cambe.pr.gov.br\\\/index.php\\\/procon-de-cambe-divulga-recomendacoes-para-compra-de-carros-seminovos-e-usados\\\/#breadcrumb\",\"itemListElement\":[{\"@type\":\"ListItem\",\"position\":1,\"name\":\"In\u00edcio\",\"item\":\"https:\\\/\\\/www.cambe.pr.gov.br\\\/\"},{\"@type\":\"ListItem\",\"position\":2,\"name\":\"Procon de Camb\u00e9 divulga recomenda\u00e7\u00f5es para compra de carros seminovos e usados\"}]},{\"@type\":\"WebSite\",\"@id\":\"https:\\\/\\\/www.cambe.pr.gov.br\\\/#website\",\"url\":\"https:\\\/\\\/www.cambe.pr.gov.br\\\/\",\"name\":\"Prefeitura de Camb\u00e9\",\"description\":\"UM GOVERNO PARA TODOS\",\"publisher\":{\"@id\":\"https:\\\/\\\/www.cambe.pr.gov.br\\\/#organization\"},\"potentialAction\":[{\"@type\":\"SearchAction\",\"target\":{\"@type\":\"EntryPoint\",\"urlTemplate\":\"https:\\\/\\\/www.cambe.pr.gov.br\\\/?s={search_term_string}\"},\"query-input\":{\"@type\":\"PropertyValueSpecification\",\"valueRequired\":true,\"valueName\":\"search_term_string\"}}],\"inLanguage\":\"pt-BR\"},{\"@type\":\"Organization\",\"@id\":\"https:\\\/\\\/www.cambe.pr.gov.br\\\/#organization\",\"name\":\"Prefeitura de Camb\u00e9\",\"url\":\"https:\\\/\\\/www.cambe.pr.gov.br\\\/\",\"logo\":{\"@type\":\"ImageObject\",\"inLanguage\":\"pt-BR\",\"@id\":\"https:\\\/\\\/www.cambe.pr.gov.br\\\/#\\\/schema\\\/logo\\\/image\\\/\",\"url\":\"https:\\\/\\\/www.cambe.pr.gov.br\\\/wp-content\\\/uploads\\\/2021\\\/01\\\/cropped-cropped-cambe_brazao-icone.png\",\"contentUrl\":\"https:\\\/\\\/www.cambe.pr.gov.br\\\/wp-content\\\/uploads\\\/2021\\\/01\\\/cropped-cropped-cambe_brazao-icone.png\",\"width\":240,\"height\":240,\"caption\":\"Prefeitura de Camb\u00e9\"},\"image\":{\"@id\":\"https:\\\/\\\/www.cambe.pr.gov.br\\\/#\\\/schema\\\/logo\\\/image\\\/\"},\"sameAs\":[\"https:\\\/\\\/m.facebook.com\\\/prefeituradecambe\"]},{\"@type\":\"Person\",\"@id\":\"https:\\\/\\\/www.cambe.pr.gov.br\\\/#\\\/schema\\\/person\\\/8e3ee69cb2cadf4b9f8377407227effd\",\"name\":\"Vinicius Augusto Batista Eira\",\"image\":{\"@type\":\"ImageObject\",\"inLanguage\":\"pt-BR\",\"@id\":\"https:\\\/\\\/secure.gravatar.com\\\/avatar\\\/1ec500de7013b30e1d4d7c8c3978f0e4433c37e5d5e4cd186239369c6440122b?s=96&d=mm&r=g\",\"url\":\"https:\\\/\\\/secure.gravatar.com\\\/avatar\\\/1ec500de7013b30e1d4d7c8c3978f0e4433c37e5d5e4cd186239369c6440122b?s=96&d=mm&r=g\",\"contentUrl\":\"https:\\\/\\\/secure.gravatar.com\\\/avatar\\\/1ec500de7013b30e1d4d7c8c3978f0e4433c37e5d5e4cd186239369c6440122b?s=96&d=mm&r=g\",\"caption\":\"Vinicius Augusto Batista Eira\"},\"url\":\"https:\\\/\\\/www.cambe.pr.gov.br\\\/index.php\\\/author\\\/vabeira\\\/\"}]}<\/script>\n<!-- \/ Yoast SEO plugin. -->","yoast_head_json":{"title":"Procon de Camb\u00e9 divulga recomenda\u00e7\u00f5es para compra de carros seminovos e usados - Prefeitura de Camb\u00e9","robots":{"index":"index","follow":"follow","max-snippet":"max-snippet:-1","max-image-preview":"max-image-preview:large","max-video-preview":"max-video-preview:-1"},"canonical":"https:\/\/www.cambe.pr.gov.br\/index.php\/procon-de-cambe-divulga-recomendacoes-para-compra-de-carros-seminovos-e-usados\/","og_locale":"pt_BR","og_type":"article","og_title":"Procon de Camb\u00e9 divulga recomenda\u00e7\u00f5es para compra de carros seminovos e usados - Prefeitura de Camb\u00e9","og_description":"Comprar um ve\u00edculo, seja novo, seminovo ou usado pode ser a realiza\u00e7\u00e3o de um grande sonho. No entanto, diante do alto investimento e riscos, esse momento de euforia pode se tornar uma enorme dor de cabe\u00e7a. Com isso, o Procon de Camb\u00e9, atrav\u00e9s do Procon-PR, divulgou uma cartilha com recomenda\u00e7\u00f5es e cuidados na hora de [&hellip;]","og_url":"https:\/\/www.cambe.pr.gov.br\/index.php\/procon-de-cambe-divulga-recomendacoes-para-compra-de-carros-seminovos-e-usados\/","og_site_name":"Prefeitura de Camb\u00e9","article_publisher":"https:\/\/m.facebook.com\/prefeituradecambe","article_published_time":"2025-02-13T18:43:03+00:00","og_image":[{"url":"https:\/\/www.cambe.pr.gov.br\/wp-content\/uploads\/2023\/06\/procom-scaled-e1638908282167-1024x684-1-e1687804022207.jpg","type":"","width":"","height":""}],"author":"Vinicius Augusto Batista Eira","twitter_card":"summary_large_image","twitter_misc":{"Escrito por":"Vinicius Augusto Batista Eira","Est. tempo de leitura":"5 minutos"},"schema":{"@context":"https:\/\/schema.org","@graph":[{"@type":"Article","@id":"https:\/\/www.cambe.pr.gov.br\/index.php\/procon-de-cambe-divulga-recomendacoes-para-compra-de-carros-seminovos-e-usados\/#article","isPartOf":{"@id":"https:\/\/www.cambe.pr.gov.br\/index.php\/procon-de-cambe-divulga-recomendacoes-para-compra-de-carros-seminovos-e-usados\/"},"author":{"name":"Vinicius Augusto Batista Eira","@id":"https:\/\/www.cambe.pr.gov.br\/#\/schema\/person\/8e3ee69cb2cadf4b9f8377407227effd"},"headline":"Procon de Camb\u00e9 divulga recomenda\u00e7\u00f5es para compra de carros seminovos e usados","datePublished":"2025-02-13T18:43:03+00:00","mainEntityOfPage":{"@id":"https:\/\/www.cambe.pr.gov.br\/index.php\/procon-de-cambe-divulga-recomendacoes-para-compra-de-carros-seminovos-e-usados\/"},"wordCount":847,"publisher":{"@id":"https:\/\/www.cambe.pr.gov.br\/#organization"},"image":{"@id":"https:\/\/www.cambe.pr.gov.br\/index.php\/procon-de-cambe-divulga-recomendacoes-para-compra-de-carros-seminovos-e-usados\/#primaryimage"},"thumbnailUrl":"https:\/\/www.cambe.pr.gov.br\/wp-content\/uploads\/2023\/06\/procom-scaled-e1638908282167-1024x684-1-e1687804022207.jpg","articleSection":["Principal"],"inLanguage":"pt-BR"},{"@type":"WebPage","@id":"https:\/\/www.cambe.pr.gov.br\/index.php\/procon-de-cambe-divulga-recomendacoes-para-compra-de-carros-seminovos-e-usados\/","url":"https:\/\/www.cambe.pr.gov.br\/index.php\/procon-de-cambe-divulga-recomendacoes-para-compra-de-carros-seminovos-e-usados\/","name":"Procon de Camb\u00e9 divulga recomenda\u00e7\u00f5es para compra de carros seminovos e usados - Prefeitura de Camb\u00e9","isPartOf":{"@id":"https:\/\/www.cambe.pr.gov.br\/#website"},"primaryImageOfPage":{"@id":"https:\/\/www.cambe.pr.gov.br\/index.php\/procon-de-cambe-divulga-recomendacoes-para-compra-de-carros-seminovos-e-usados\/#primaryimage"},"image":{"@id":"https:\/\/www.cambe.pr.gov.br\/index.php\/procon-de-cambe-divulga-recomendacoes-para-compra-de-carros-seminovos-e-usados\/#primaryimage"},"thumbnailUrl":"https:\/\/www.cambe.pr.gov.br\/wp-content\/uploads\/2023\/06\/procom-scaled-e1638908282167-1024x684-1-e1687804022207.jpg","datePublished":"2025-02-13T18:43:03+00:00","breadcrumb":{"@id":"https:\/\/www.cambe.pr.gov.br\/index.php\/procon-de-cambe-divulga-recomendacoes-para-compra-de-carros-seminovos-e-usados\/#breadcrumb"},"inLanguage":"pt-BR","potentialAction":[{"@type":"ReadAction","target":["https:\/\/www.cambe.pr.gov.br\/index.php\/procon-de-cambe-divulga-recomendacoes-para-compra-de-carros-seminovos-e-usados\/"]}]},{"@type":"ImageObject","inLanguage":"pt-BR","@id":"https:\/\/www.cambe.pr.gov.br\/index.php\/procon-de-cambe-divulga-recomendacoes-para-compra-de-carros-seminovos-e-usados\/#primaryimage","url":"https:\/\/www.cambe.pr.gov.br\/wp-content\/uploads\/2023\/06\/procom-scaled-e1638908282167-1024x684-1-e1687804022207.jpg","contentUrl":"https:\/\/www.cambe.pr.gov.br\/wp-content\/uploads\/2023\/06\/procom-scaled-e1638908282167-1024x684-1-e1687804022207.jpg","width":600,"height":401},{"@type":"BreadcrumbList","@id":"https:\/\/www.cambe.pr.gov.br\/index.php\/procon-de-cambe-divulga-recomendacoes-para-compra-de-carros-seminovos-e-usados\/#breadcrumb","itemListElement":[{"@type":"ListItem","position":1,"name":"In\u00edcio","item":"https:\/\/www.cambe.pr.gov.br\/"},{"@type":"ListItem","position":2,"name":"Procon de Camb\u00e9 divulga recomenda\u00e7\u00f5es para compra de carros seminovos e usados"}]},{"@type":"WebSite","@id":"https:\/\/www.cambe.pr.gov.br\/#website","url":"https:\/\/www.cambe.pr.gov.br\/","name":"Prefeitura de Camb\u00e9","description":"UM GOVERNO PARA TODOS","publisher":{"@id":"https:\/\/www.cambe.pr.gov.br\/#organization"},"potentialAction":[{"@type":"SearchAction","target":{"@type":"EntryPoint","urlTemplate":"https:\/\/www.cambe.pr.gov.br\/?s={search_term_string}"},"query-input":{"@type":"PropertyValueSpecification","valueRequired":true,"valueName":"search_term_string"}}],"inLanguage":"pt-BR"},{"@type":"Organization","@id":"https:\/\/www.cambe.pr.gov.br\/#organization","name":"Prefeitura de Camb\u00e9","url":"https:\/\/www.cambe.pr.gov.br\/","logo":{"@type":"ImageObject","inLanguage":"pt-BR","@id":"https:\/\/www.cambe.pr.gov.br\/#\/schema\/logo\/image\/","url":"https:\/\/www.cambe.pr.gov.br\/wp-content\/uploads\/2021\/01\/cropped-cropped-cambe_brazao-icone.png","contentUrl":"https:\/\/www.cambe.pr.gov.br\/wp-content\/uploads\/2021\/01\/cropped-cropped-cambe_brazao-icone.png","width":240,"height":240,"caption":"Prefeitura de Camb\u00e9"},"image":{"@id":"https:\/\/www.cambe.pr.gov.br\/#\/schema\/logo\/image\/"},"sameAs":["https:\/\/m.facebook.com\/prefeituradecambe"]},{"@type":"Person","@id":"https:\/\/www.cambe.pr.gov.br\/#\/schema\/person\/8e3ee69cb2cadf4b9f8377407227effd","name":"Vinicius Augusto Batista Eira","image":{"@type":"ImageObject","inLanguage":"pt-BR","@id":"https:\/\/secure.gravatar.com\/avatar\/1ec500de7013b30e1d4d7c8c3978f0e4433c37e5d5e4cd186239369c6440122b?s=96&d=mm&r=g","url":"https:\/\/secure.gravatar.com\/avatar\/1ec500de7013b30e1d4d7c8c3978f0e4433c37e5d5e4cd186239369c6440122b?s=96&d=mm&r=g","contentUrl":"https:\/\/secure.gravatar.com\/avatar\/1ec500de7013b30e1d4d7c8c3978f0e4433c37e5d5e4cd186239369c6440122b?s=96&d=mm&r=g","caption":"Vinicius Augusto Batista Eira"},"url":"https:\/\/www.cambe.pr.gov.br\/index.php\/author\/vabeira\/"}]}},"_links":{"self":[{"href":"https:\/\/www.cambe.pr.gov.br\/index.php\/wp-json\/wp\/v2\/posts\/16109","targetHints":{"allow":["GET"]}}],"collection":[{"href":"https:\/\/www.cambe.pr.gov.br\/index.php\/wp-json\/wp\/v2\/posts"}],"about":[{"href":"https:\/\/www.cambe.pr.gov.br\/index.php\/wp-json\/wp\/v2\/types\/post"}],"author":[{"embeddable":true,"href":"https:\/\/www.cambe.pr.gov.br\/index.php\/wp-json\/wp\/v2\/users\/16"}],"replies":[{"embeddable":true,"href":"https:\/\/www.cambe.pr.gov.br\/index.php\/wp-json\/wp\/v2\/comments?post=16109"}],"version-history":[{"count":1,"href":"https:\/\/www.cambe.pr.gov.br\/index.php\/wp-json\/wp\/v2\/posts\/16109\/revisions"}],"predecessor-version":[{"id":16110,"href":"https:\/\/www.cambe.pr.gov.br\/index.php\/wp-json\/wp\/v2\/posts\/16109\/revisions\/16110"}],"wp:attachment":[{"href":"https:\/\/www.cambe.pr.gov.br\/index.php\/wp-json\/wp\/v2\/media?parent=16109"}],"wp:term":[{"taxonomy":"category","embeddable":true,"href":"https:\/\/www.cambe.pr.gov.br\/index.php\/wp-json\/wp\/v2\/categories?post=16109"},{"taxonomy":"post_tag","embeddable":true,"href":"https:\/\/www.cambe.pr.gov.br\/index.php\/wp-json\/wp\/v2\/tags?post=16109"}],"curies":[{"name":"wp","href":"https:\/\/api.w.org\/{rel}","templated":true}]}}