{"id":16090,"date":"2025-02-13T10:35:23","date_gmt":"2025-02-13T13:35:23","guid":{"rendered":"https:\/\/www.cambe.pr.gov.br\/?p=16090"},"modified":"2025-02-13T10:35:23","modified_gmt":"2025-02-13T13:35:23","slug":"secretaria-de-esportes-e-lazer-abre-matriculas-para-projetos-esportivos-gratuitos-em-cambe","status":"publish","type":"post","link":"https:\/\/www.cambe.pr.gov.br\/index.php\/secretaria-de-esportes-e-lazer-abre-matriculas-para-projetos-esportivos-gratuitos-em-cambe\/","title":{"rendered":"Secretaria de Esportes e Lazer abre matr\u00edculas para projetos esportivos gratuitos em Camb\u00e9"},"content":{"rendered":"<p style=\"text-align: justify;\"><span style=\"font-weight: 400; font-family: arial, helvetica, sans-serif;\"><img fetchpriority=\"high\" decoding=\"async\" class=\"alignleft size-large wp-image-16095\" src=\"https:\/\/www.cambe.pr.gov.br\/wp-content\/uploads\/2025\/02\/Imagem-do-WhatsApp-de-2025-02-12-as-16.35.22_854a16e5-1024x678.jpg\" alt=\"\" width=\"610\" height=\"404\" srcset=\"https:\/\/www.cambe.pr.gov.br\/wp-content\/uploads\/2025\/02\/Imagem-do-WhatsApp-de-2025-02-12-as-16.35.22_854a16e5-1024x678.jpg 1024w, https:\/\/www.cambe.pr.gov.br\/wp-content\/uploads\/2025\/02\/Imagem-do-WhatsApp-de-2025-02-12-as-16.35.22_854a16e5-300x199.jpg 300w, https:\/\/www.cambe.pr.gov.br\/wp-content\/uploads\/2025\/02\/Imagem-do-WhatsApp-de-2025-02-12-as-16.35.22_854a16e5-768x508.jpg 768w, https:\/\/www.cambe.pr.gov.br\/wp-content\/uploads\/2025\/02\/Imagem-do-WhatsApp-de-2025-02-12-as-16.35.22_854a16e5-1536x1017.jpg 1536w, https:\/\/www.cambe.pr.gov.br\/wp-content\/uploads\/2025\/02\/Imagem-do-WhatsApp-de-2025-02-12-as-16.35.22_854a16e5.jpg 1600w\" sizes=\"(max-width: 610px) 100vw, 610px\" \/>A Prefeitura de Camb\u00e9, por meio da Secretaria Municipal de Esportes e Lazer, abriu matr\u00edculas para os projetos esportivos em 2025. Ao todo, s\u00e3o 10 atividades, destinadas para todas as idades de forma gratuita. As inscri\u00e7\u00f5es devem ser feitas no local das atividades, por ficha de cadastro destinada pelo professor e apresenta\u00e7\u00e3o de documentos pessoais. Se o aluno for menor de idade, pais ou respons\u00e1veis devem assinar a ficha.<\/span><\/p>\n<p style=\"text-align: justify;\"><span style=\"font-family: arial, helvetica, sans-serif;\">Para mais informa\u00e7\u00f5es, entre em contato com a Secretaria pelo telefone: (43) 3174-0275.<\/span><\/p>\n<p style=\"text-align: justify;\"><span style=\"font-family: arial, helvetica, sans-serif;\">Consulte os hor\u00e1rios, locais e modalidades abaixo.<\/span><\/p>\n<p>&nbsp;<\/p>\n<p style=\"text-align: justify;\"><strong><span style=\"font-family: arial, helvetica, sans-serif;\">Basquete<\/span><\/strong><\/p>\n<p style=\"text-align: justify;\"><span style=\"font-weight: 400; font-family: arial, helvetica, sans-serif;\">Local: Pra\u00e7a S\u00e3o Paulo<br \/>\n<\/span><span style=\"font-weight: 400; font-family: arial, helvetica, sans-serif;\">Dias: Segunda, quarta e sexta<br \/>\n<\/span><span style=\"font-weight: 400; font-family: arial, helvetica, sans-serif;\">Hor\u00e1rio: 16h \u00e0s 22h<br \/>\n<\/span><span style=\"font-family: arial, helvetica, sans-serif;\">Idade: consultar com o professor<br \/>\n<\/span><span style=\"font-weight: 400; font-family: arial, helvetica, sans-serif;\">Masculino<\/span><\/p>\n<p style=\"text-align: justify;\"><span style=\"font-weight: 400; font-family: arial, helvetica, sans-serif;\">Local: Gin\u00e1sio Jo\u00e3o de Deus Almeida<br \/>\n<\/span><span style=\"font-weight: 400; font-family: arial, helvetica, sans-serif;\">Dias: ter\u00e7a e quinta<br \/>\n<\/span><span style=\"font-weight: 400; font-family: arial, helvetica, sans-serif;\">Hor\u00e1rio: 17:00 \u00e0s 19:30<br \/>\n<\/span><span style=\"font-weight: 400; font-family: arial, helvetica, sans-serif;\">Idade: consultar com o professor<br \/>\n<\/span><span style=\"font-weight: 400; font-family: arial, helvetica, sans-serif;\">Masculino<\/span><\/p>\n<p>&nbsp;<\/p>\n<p style=\"text-align: justify;\"><strong><span style=\"font-family: arial, helvetica, sans-serif;\">Futebol\u00a0<\/span><\/strong><\/p>\n<p style=\"text-align: justify;\"><span style=\"font-weight: 400; font-family: arial, helvetica, sans-serif;\">Local: Campo do Castelo Branco<br \/>\n<\/span><span style=\"font-weight: 400; font-family: arial, helvetica, sans-serif;\">Dias: segunda a sexta<br \/>\n<\/span><span style=\"font-weight: 400; font-family: arial, helvetica, sans-serif;\">Hor\u00e1rio: 14h \u00e0s 18h<br \/>\n<\/span><span style=\"font-weight: 400; font-family: arial, helvetica, sans-serif;\">Idade: consultar com o professor<br \/>\n<\/span><span style=\"font-weight: 400; font-family: arial, helvetica, sans-serif;\">Masculino<\/span><\/p>\n<p>&nbsp;<\/p>\n<p style=\"text-align: justify;\"><strong><span style=\"font-family: arial, helvetica, sans-serif;\">Futsal<\/span><\/strong><\/p>\n<p style=\"text-align: justify;\"><span style=\"font-weight: 400; font-family: arial, helvetica, sans-serif;\">Local: Gin\u00e1sio do Jardim Ana Rosa<br \/>\n<\/span><span style=\"font-weight: 400; font-family: arial, helvetica, sans-serif;\">Dias: ter\u00e7a a sexta-feira<br \/>\n<\/span><span style=\"font-weight: 400; font-family: arial, helvetica, sans-serif;\">Hor\u00e1rio: 08h \u00e0s 10h<br \/>\n<\/span><span style=\"font-weight: 400; font-family: arial, helvetica, sans-serif;\">Idade: consultar com o professor<br \/>\n<\/span><span style=\"font-weight: 400; font-family: arial, helvetica, sans-serif;\">Masculino<\/span><\/p>\n<p style=\"text-align: justify;\"><span style=\"font-weight: 400; font-family: arial, helvetica, sans-serif;\">Local: Gin\u00e1sio do Jardim Ana Rosa<br \/>\n<\/span><span style=\"font-weight: 400; font-family: arial, helvetica, sans-serif;\">Dias: segunda a quinta-feira<br \/>\n<\/span><span style=\"font-weight: 400; font-family: arial, helvetica, sans-serif;\">Hor\u00e1rio: 13h30 \u00e0s 16h30<br \/>\n<\/span><span style=\"font-weight: 400; font-family: arial, helvetica, sans-serif;\">Idade: consultar com o professor<br \/>\n<\/span><span style=\"font-weight: 400; font-family: arial, helvetica, sans-serif;\">Masculino e feminino<\/span><\/p>\n<p style=\"text-align: justify;\"><span style=\"font-weight: 400; font-family: arial, helvetica, sans-serif;\">Local: Gin\u00e1sio do Jardim Ana Rosa<br \/>\n<\/span><span style=\"font-family: arial, helvetica, sans-serif;\">Dias: Ter\u00e7a e quinta-feira<br \/>\n<\/span><span style=\"font-weight: 400; font-family: arial, helvetica, sans-serif;\">Hor\u00e1rio: 13h30 \u00e0s 17h<br \/>\n<\/span><span style=\"font-weight: 400; font-family: arial, helvetica, sans-serif;\">Idade: consultar com o professor<br \/>\n<\/span><span style=\"font-weight: 400; font-family: arial, helvetica, sans-serif;\">Feminino<\/span><\/p>\n<p style=\"text-align: justify;\"><span style=\"font-weight: 400; font-family: arial, helvetica, sans-serif;\">Local: Gin\u00e1sio do Jardim Ana Rosa<br \/>\n<\/span><span style=\"font-weight: 400; font-family: arial, helvetica, sans-serif;\">Dias: Ter\u00e7a, quinta e sexta<br \/>\n<\/span><span style=\"font-weight: 400; font-family: arial, helvetica, sans-serif;\">Hor\u00e1rio: 19h \u00e0s 21h<br \/>\n<\/span><span style=\"font-weight: 400; font-family: arial, helvetica, sans-serif;\">Idade: consultar com o professor<br \/>\n<\/span><span style=\"font-weight: 400; font-family: arial, helvetica, sans-serif;\">Masculino<\/span><\/p>\n<p style=\"text-align: justify;\"><span style=\"font-weight: 400; font-family: arial, helvetica, sans-serif;\">Local: Camb\u00e9 II<br \/>\n<\/span><span style=\"font-weight: 400; font-family: arial, helvetica, sans-serif;\">Dias: segunda e quarta<br \/>\n<\/span><span style=\"font-weight: 400; font-family: arial, helvetica, sans-serif;\">Hor\u00e1rio: 10h \u00e0s 11h30<br \/>\n<\/span><span style=\"font-weight: 400; font-family: arial, helvetica, sans-serif;\">Idade: consultar com o professor<br \/>\n<\/span><span style=\"font-weight: 400; font-family: arial, helvetica, sans-serif;\">Masculino<\/span><\/p>\n<p style=\"text-align: justify;\"><span style=\"font-weight: 400; font-family: arial, helvetica, sans-serif;\">Local: Pra\u00e7a Ceu<br \/>\n<\/span><span style=\"font-weight: 400; font-family: arial, helvetica, sans-serif;\">Dias: segunda e quarta<br \/>\n<\/span><span style=\"font-weight: 400; font-family: arial, helvetica, sans-serif;\">Hor\u00e1rio: 08h \u00e0s 09h30<br \/>\n<\/span><span style=\"font-weight: 400; font-family: arial, helvetica, sans-serif;\">Idade: consultar com o professor<br \/>\n<\/span><span style=\"font-weight: 400; font-family: arial, helvetica, sans-serif;\">Masculino<\/span><\/p>\n<p style=\"text-align: justify;\"><span style=\"font-weight: 400; font-family: arial, helvetica, sans-serif;\">Local: Gin\u00e1sio Novo Bandeirantes<br \/>\n<\/span><span style=\"font-weight: 400; font-family: arial, helvetica, sans-serif;\">Dias: segunda e quarta<br \/>\n<\/span><span style=\"font-weight: 400; font-family: arial, helvetica, sans-serif;\">Hor\u00e1rio: 13h30 \u00e0s 16h30<br \/>\n<\/span><span style=\"font-weight: 400; font-family: arial, helvetica, sans-serif;\">Idade: consultar com o professor<br \/>\n<\/span><span style=\"font-weight: 400; font-family: arial, helvetica, sans-serif;\">Masculino<\/span><\/p>\n<p style=\"text-align: justify;\"><span style=\"font-weight: 400; font-family: arial, helvetica, sans-serif;\">Local: Gin\u00e1sio do Silvino<br \/>\n<\/span><span style=\"font-weight: 400; font-family: arial, helvetica, sans-serif;\">Dias: segunda e quarta<br \/>\n<\/span><span style=\"font-weight: 400; font-family: arial, helvetica, sans-serif;\">Hor\u00e1rio: 18h \u00e0s 20h<br \/>\n<\/span><span style=\"font-weight: 400; font-family: arial, helvetica, sans-serif;\">Idade: consultar com o professor<br \/>\n<\/span><span style=\"font-weight: 400; font-family: arial, helvetica, sans-serif;\">Masculino<\/span><\/p>\n<p>&nbsp;<\/p>\n<p style=\"text-align: justify;\"><strong><span style=\"font-family: arial, helvetica, sans-serif;\">Gin\u00e1stica R\u00edtmica<br \/>\n<\/span><\/strong><span style=\"font-weight: 400; font-family: arial, helvetica, sans-serif;\">Em parceria com o grupo Reverence<\/span><\/p>\n<p><span style=\"font-family: arial, helvetica, sans-serif;\">Local: Novo Bandeirantes<\/span><br \/>\n<span style=\"font-family: arial, helvetica, sans-serif;\">Dias: ter\u00e7a e quinta<\/span><br \/>\n<span style=\"font-family: arial, helvetica, sans-serif;\">Hor\u00e1rio: manh\u00e3<\/span><br \/>\n<span style=\"font-family: arial, helvetica, sans-serif;\">Idade: consultar com o professor<\/span><\/p>\n<p style=\"text-align: justify;\"><span style=\"font-weight: 400; font-family: arial, helvetica, sans-serif;\">Local: Gin\u00e1sio do Silvino<br \/>\n<\/span><span style=\"font-weight: 400; font-family: arial, helvetica, sans-serif;\">Dias: ter\u00e7a e quinta<br \/>\n<\/span><span style=\"font-weight: 400; font-family: arial, helvetica, sans-serif;\">Hor\u00e1rio: tarde<br \/>\n<\/span><span style=\"font-weight: 400; font-family: arial, helvetica, sans-serif;\">Idade: consultar com o professor<\/span><\/p>\n<p>&nbsp;<\/p>\n<p style=\"text-align: justify;\"><strong><span style=\"font-family: arial, helvetica, sans-serif;\">Handebol<\/span><\/strong><\/p>\n<p style=\"text-align: justify;\"><span style=\"font-weight: 400; font-family: arial, helvetica, sans-serif;\">Local: Gin\u00e1sio do Santo Amaro<br \/>\n<\/span><span style=\"font-weight: 400; font-family: arial, helvetica, sans-serif;\">Dias: segunda a quarta-feira<br \/>\n<\/span><span style=\"font-weight: 400; font-family: arial, helvetica, sans-serif;\">Hor\u00e1rio: 13h30 \u00e0s 17h<br \/>\n<\/span><span style=\"font-weight: 400; font-family: arial, helvetica, sans-serif;\">Idade: consultar com o professor<br \/>\n<\/span><span style=\"font-weight: 400; font-family: arial, helvetica, sans-serif;\">Feminino<\/span><\/p>\n<p style=\"text-align: justify;\"><span style=\"font-weight: 400; font-family: arial, helvetica, sans-serif;\">Local: Pra\u00e7a S\u00e3o Paulo<br \/>\n<\/span><span style=\"font-weight: 400; font-family: arial, helvetica, sans-serif;\">Dias: ter\u00e7a e quinta-feira<br \/>\n<\/span><span style=\"font-weight: 400; font-family: arial, helvetica, sans-serif;\">Hor\u00e1rio: 14h \u00e0s 16h<br \/>\n<\/span><span style=\"font-weight: 400; font-family: arial, helvetica, sans-serif;\">Idade: consultar com o professor<br \/>\n<\/span><span style=\"font-weight: 400; font-family: arial, helvetica, sans-serif;\">Feminino<\/span><\/p>\n<p style=\"text-align: justify;\"><span style=\"font-weight: 400; font-family: arial, helvetica, sans-serif;\">Local: Gin\u00e1sio de Esportes do Jardim Silvino<br \/>\n<\/span><span style=\"font-weight: 400; font-family: arial, helvetica, sans-serif;\">Dias: segunda e sexta-feira<br \/>\n<\/span><span style=\"font-weight: 400; font-family: arial, helvetica, sans-serif;\">Hor\u00e1rio: 15h30 \u00e0s 17h<br \/>\n<\/span><span style=\"font-weight: 400; font-family: arial, helvetica, sans-serif;\">Idade: consultar com o professor<br \/>\n<\/span><span style=\"font-weight: 400; font-family: arial, helvetica, sans-serif;\">Masculino<\/span><\/p>\n<p style=\"text-align: justify;\"><span style=\"font-weight: 400; font-family: arial, helvetica, sans-serif;\">Local: Gin\u00e1sio de Esportes do Jardim Silvino<br \/>\n<\/span><span style=\"font-weight: 400; font-family: arial, helvetica, sans-serif;\">Dia: quarta-feira<br \/>\n<\/span><span style=\"font-weight: 400; font-family: arial, helvetica, sans-serif;\">Hor\u00e1rio: 13h \u00e0s 15h<br \/>\n<\/span><span style=\"font-weight: 400; font-family: arial, helvetica, sans-serif;\">Idade: consultar com o professor<br \/>\n<\/span><span style=\"font-weight: 400; font-family: arial, helvetica, sans-serif;\">Masculino<\/span><\/p>\n<p>&nbsp;<\/p>\n<p style=\"text-align: justify;\"><strong><span style=\"font-family: arial, helvetica, sans-serif;\">Jud\u00f4 e wrestling<\/span><\/strong><\/p>\n<p style=\"text-align: justify;\"><span style=\"font-weight: 400; font-family: arial, helvetica, sans-serif;\">Local: Centro da Juventude<br \/>\n<\/span><span style=\"font-weight: 400; font-family: arial, helvetica, sans-serif;\">Dia: segunda-feira<br \/>\n<\/span><span style=\"font-weight: 400; font-family: arial, helvetica, sans-serif;\">Hor\u00e1rio: 12h30 \u00e0s 21h30<br \/>\n<\/span><span style=\"font-weight: 400; font-family: arial, helvetica, sans-serif;\">Idade: consultar com o professor<\/span><\/p>\n<p style=\"text-align: justify;\"><span style=\"font-weight: 400; font-family: arial, helvetica, sans-serif;\">Local: Centro da Juventude<br \/>\n<\/span><span style=\"font-weight: 400; font-family: arial, helvetica, sans-serif;\">Dia: segunda-feira<br \/>\n<\/span><span style=\"font-weight: 400; font-family: arial, helvetica, sans-serif;\">Hor\u00e1rio: 12h30 \u00e0s 21h30<br \/>\n<\/span><span style=\"font-weight: 400; font-family: arial, helvetica, sans-serif;\">Idade: consultar com o professor<\/span><\/p>\n<p style=\"text-align: justify;\"><span style=\"font-weight: 400; font-family: arial, helvetica, sans-serif;\">Local: Centro da Juventude<br \/>\n<\/span><span style=\"font-weight: 400; font-family: arial, helvetica, sans-serif;\">Dia: ter\u00e7a<br \/>\n<\/span><span style=\"font-weight: 400; font-family: arial, helvetica, sans-serif;\">Hor\u00e1rio: 07h30 \u00e0s 16h30<br \/>\n<\/span><span style=\"font-weight: 400; font-family: arial, helvetica, sans-serif;\">Idade: consultar com o professor<\/span><\/p>\n<p style=\"text-align: justify;\"><span style=\"font-weight: 400; font-family: arial, helvetica, sans-serif;\">Local: Centro da Juventude<br \/>\n<\/span><span style=\"font-weight: 400; font-family: arial, helvetica, sans-serif;\">Dia: quarta e sexta-feira<br \/>\n<\/span><span style=\"font-weight: 400; font-family: arial, helvetica, sans-serif;\">Hor\u00e1rio: 17h30 \u00e0s 21h30<br \/>\n<\/span><span style=\"font-weight: 400; font-family: arial, helvetica, sans-serif;\">Idade: consultar com o professor<\/span><\/p>\n<p style=\"text-align: justify;\"><span style=\"font-weight: 400; font-family: arial, helvetica, sans-serif;\">Local: Escola Municipal de Lutas<br \/>\n<\/span><span style=\"font-weight: 400; font-family: arial, helvetica, sans-serif;\">Dia: ter\u00e7a<br \/>\n<\/span><span style=\"font-weight: 400; font-family: arial, helvetica, sans-serif;\">Hor\u00e1rio: 07h30 \u00e0s 16h30<br \/>\n<\/span><span style=\"font-weight: 400; font-family: arial, helvetica, sans-serif;\">Idade: consultar com o professor<\/span><\/p>\n<p style=\"text-align: justify;\"><span style=\"font-weight: 400; font-family: arial, helvetica, sans-serif;\">Local: Escola Municipal de Lutas<br \/>\n<\/span><span style=\"font-weight: 400; font-family: arial, helvetica, sans-serif;\">Dia: ter\u00e7a<br \/>\n<\/span><span style=\"font-weight: 400; font-family: arial, helvetica, sans-serif;\">Hor\u00e1rio: 12h30 \u00e0s 16h30<br \/>\n<\/span><span style=\"font-weight: 400; font-family: arial, helvetica, sans-serif;\">Idade: consultar com o professor<\/span><\/p>\n<p style=\"text-align: justify;\"><span style=\"font-weight: 400; font-family: arial, helvetica, sans-serif;\">Local: Escola Municipal de Lutas<br \/>\n<\/span><span style=\"font-weight: 400; font-family: arial, helvetica, sans-serif;\">Dia: segunda a quinta<br \/>\n<\/span><span style=\"font-weight: 400; font-family: arial, helvetica, sans-serif;\">Hor\u00e1rio: 18h \u00e0s 22h<br \/>\n<\/span><span style=\"font-weight: 400; font-family: arial, helvetica, sans-serif;\">Idade: consultar com o professor<\/span><\/p>\n<p>&nbsp;<\/p>\n<p style=\"text-align: justify;\"><strong><span style=\"font-family: arial, helvetica, sans-serif;\">Taekwondo<\/span><\/strong><\/p>\n<p style=\"text-align: justify;\"><span style=\"font-weight: 400; font-family: arial, helvetica, sans-serif;\">Local: Secretaria de Esportes e Lazer<br \/>\n<\/span><span style=\"font-weight: 400; font-family: arial, helvetica, sans-serif;\">Dias: segunda e quarta-feira<br \/>\n<\/span><span style=\"font-weight: 400; font-family: arial, helvetica, sans-serif;\">Hor\u00e1rios: 7h30 \u00e0s 9h30 e 13h \u00e0s 15h<br \/>\n<\/span><span style=\"font-weight: 400; font-family: arial, helvetica, sans-serif;\">Idade: consultar com o professor<\/span><\/p>\n<p style=\"text-align: justify;\"><span style=\"font-weight: 400; font-family: arial, helvetica, sans-serif;\">Local: Centro da Juventude<br \/>\n<\/span><span style=\"font-weight: 400; font-family: arial, helvetica, sans-serif;\">Dias: ter\u00e7a e quinta-feira<br \/>\n<\/span><span style=\"font-weight: 400; font-family: arial, helvetica, sans-serif;\">Hor\u00e1rios: 7h30 \u00e0s 11h30 e 14h30 \u00e0s 17h<br \/>\n<\/span><span style=\"font-weight: 400; font-family: arial, helvetica, sans-serif;\">Idade: consultar com o professor<\/span><\/p>\n<p style=\"text-align: justify;\"><span style=\"font-weight: 400; font-family: arial, helvetica, sans-serif;\">Local: Escola de Lutas<br \/>\n<\/span><span style=\"font-weight: 400; font-family: arial, helvetica, sans-serif;\">Dias: segunda e quarta-feira<br \/>\n<\/span><span style=\"font-weight: 400; font-family: arial, helvetica, sans-serif;\">Hor\u00e1rio: 10h30 \u00e0s 11h30 e 15h30 \u00e0s 17h<br \/>\n<\/span><span style=\"font-weight: 400; font-family: arial, helvetica, sans-serif;\">Idade: consultar com o professor<\/span><\/p>\n<p>&nbsp;<\/p>\n<p style=\"text-align: justify;\"><strong><span style=\"font-family: arial, helvetica, sans-serif;\">Viva a Vida<\/span><\/strong><\/p>\n<p style=\"text-align: justify;\"><span style=\"font-weight: 400; font-family: arial, helvetica, sans-serif;\">Local: Silvino<br \/>\n<\/span><span style=\"font-weight: 400; font-family: arial, helvetica, sans-serif;\">Dias: segunda e quarta-feira<br \/>\n<\/span><span style=\"font-weight: 400; font-family: arial, helvetica, sans-serif;\">Hor\u00e1rio: 13h30 \u00e0s 15h30<br \/>\n<\/span><span style=\"font-weight: 400; font-family: arial, helvetica, sans-serif;\">Professor: Eduardo<\/span><\/p>\n<p style=\"text-align: justify;\"><span style=\"font-weight: 400; font-family: arial, helvetica, sans-serif;\">Local: Santo Amaro<br \/>\n<\/span><span style=\"font-weight: 400; font-family: arial, helvetica, sans-serif;\">Dias: segunda e quarta-feira<br \/>\n<\/span><span style=\"font-weight: 400; font-family: arial, helvetica, sans-serif;\">Hor\u00e1rio: 16h \u00e0s 17h30<br \/>\n<\/span><span style=\"font-weight: 400; font-family: arial, helvetica, sans-serif;\">Professor: Eduardo<\/span><\/p>\n<p style=\"text-align: justify;\"><span style=\"font-weight: 400; font-family: arial, helvetica, sans-serif;\">Local: Santo Amaro<br \/>\n<\/span><span style=\"font-weight: 400; font-family: arial, helvetica, sans-serif;\">Dias: ter\u00e7a e quinta-feira<br \/>\n<\/span><span style=\"font-weight: 400; font-family: arial, helvetica, sans-serif;\">Hor\u00e1rio: 13h30 \u00e0s 16h<br \/>\n<\/span><span style=\"font-weight: 400; font-family: arial, helvetica, sans-serif;\">Professor: Eduardo<\/span><\/p>\n<p style=\"text-align: justify;\"><span style=\"font-weight: 400; font-family: arial, helvetica, sans-serif;\">Local: Camb\u00e9 IV<br \/>\n<\/span><span style=\"font-weight: 400; font-family: arial, helvetica, sans-serif;\">Dias: ter\u00e7a e quinta-feira<br \/>\n<\/span><span style=\"font-weight: 400; font-family: arial, helvetica, sans-serif;\">Hor\u00e1rio: 17h \u00e0s 18h30<br \/>\n<\/span><span style=\"font-weight: 400; font-family: arial, helvetica, sans-serif;\">Professor: Eduardo<\/span><\/p>\n<p style=\"text-align: justify;\"><span style=\"font-weight: 400; font-family: arial, helvetica, sans-serif;\">Local: Ana Eliza III<br \/>\n<\/span><span style=\"font-weight: 400; font-family: arial, helvetica, sans-serif;\">Dias: segunda e quarta-feira<br \/>\n<\/span><span style=\"font-weight: 400; font-family: arial, helvetica, sans-serif;\">Hor\u00e1rio: 7h30 \u00e0s 8h<br \/>\n<\/span><span style=\"font-weight: 400; font-family: arial, helvetica, sans-serif;\">Professora: Pollyana<\/span><\/p>\n<p style=\"text-align: justify;\"><span style=\"font-weight: 400; font-family: arial, helvetica, sans-serif;\">Local: Novo Bandeirantes<br \/>\n<\/span><span style=\"font-weight: 400; font-family: arial, helvetica, sans-serif;\">Dias: segunda e quarta-feira<br \/>\n<\/span><span style=\"font-weight: 400; font-family: arial, helvetica, sans-serif;\">Hor\u00e1rio: 8h30 \u00e0s 11h30<br \/>\n<\/span><span style=\"font-weight: 400; font-family: arial, helvetica, sans-serif;\">Professora: Pollyana<\/span><\/p>\n<p style=\"text-align: justify;\"><span style=\"font-weight: 400; font-family: arial, helvetica, sans-serif;\">Local: Silvino<br \/>\n<\/span><span style=\"font-weight: 400; font-family: arial, helvetica, sans-serif;\">Dias: ter\u00e7a e quinta-feira<br \/>\n<\/span><span style=\"font-weight: 400; font-family: arial, helvetica, sans-serif;\">Hor\u00e1rio: 07h30 \u00e0s 09h<br \/>\n<\/span><span style=\"font-weight: 400; font-family: arial, helvetica, sans-serif;\">Professora: Pollyana<\/span><\/p>\n<p style=\"text-align: justify;\"><span style=\"font-weight: 400; font-family: arial, helvetica, sans-serif;\">Local: Novo Bandeirantes<br \/>\n<\/span><span style=\"font-weight: 400; font-family: arial, helvetica, sans-serif;\">Dias: ter\u00e7a e quinta-feira<br \/>\n<\/span><span style=\"font-weight: 400; font-family: arial, helvetica, sans-serif;\">Hor\u00e1rio: 09h30 \u00e0s 11h30<br \/>\n<\/span><span style=\"font-weight: 400; font-family: arial, helvetica, sans-serif;\">Professora: Pollyana<\/span><\/p>\n<p style=\"text-align: justify;\"><span style=\"font-weight: 400; font-family: arial, helvetica, sans-serif;\">Local: Ana Rosa<br \/>\n<\/span><span style=\"font-weight: 400; font-family: arial, helvetica, sans-serif;\">Dias: ter\u00e7a e quinta-feira<br \/>\n<\/span><span style=\"font-weight: 400; font-family: arial, helvetica, sans-serif;\">Hor\u00e1rio: 17h \u00e0s 18h30<br \/>\n<\/span><span style=\"font-weight: 400; font-family: arial, helvetica, sans-serif;\">Professora: Viviane<\/span><\/p>\n<p style=\"text-align: justify;\"><span style=\"font-weight: 400; font-family: arial, helvetica, sans-serif;\">Local: Tupi<br \/>\n<\/span><span style=\"font-weight: 400; font-family: arial, helvetica, sans-serif;\">Dias: segunda e quarta-feira<br \/>\n<\/span><span style=\"font-weight: 400; font-family: arial, helvetica, sans-serif;\">Hor\u00e1rio: 7h30 \u00e0s 10h<br \/>\n<\/span><span style=\"font-weight: 400; font-family: arial, helvetica, sans-serif;\">Professor: Arnaldo<\/span><\/p>\n<p style=\"text-align: justify;\"><span style=\"font-weight: 400; font-family: arial, helvetica, sans-serif;\">Local: Ana Rosa<br \/>\n<\/span><span style=\"font-weight: 400; font-family: arial, helvetica, sans-serif;\">Dias: ter\u00e7a e quinta-feira<br \/>\n<\/span><span style=\"font-weight: 400; font-family: arial, helvetica, sans-serif;\">Hor\u00e1rio: 7h30 \u00e0s 09h30<br \/>\n<\/span><span style=\"font-weight: 400; font-family: arial, helvetica, sans-serif;\">Professor: Arnaldo<\/span><\/p>\n<p style=\"text-align: justify;\"><span style=\"font-weight: 400; font-family: arial, helvetica, sans-serif;\">Local: Camb\u00e9 IV<br \/>\n<\/span><span style=\"font-weight: 400; font-family: arial, helvetica, sans-serif;\">Dias: ter\u00e7a e quinta-feira<br \/>\n<\/span><span style=\"font-weight: 400; font-family: arial, helvetica, sans-serif;\">Hor\u00e1rio: 10h \u00e0s 11h30<br \/>\n<\/span><span style=\"font-weight: 400; font-family: arial, helvetica, sans-serif;\">Professor: Arnaldo<\/span><\/p>\n<p style=\"text-align: justify;\"><span style=\"font-weight: 400; font-family: arial, helvetica, sans-serif;\">Local: Camb\u00e9 V<br \/>\n<\/span><span style=\"font-weight: 400; font-family: arial, helvetica, sans-serif;\">Dia: quarta-feira<br \/>\n<\/span><span style=\"font-weight: 400; font-family: arial, helvetica, sans-serif;\">Hor\u00e1rio: 10h30 \u00e0s 11h30<br \/>\n<\/span><span style=\"font-weight: 400; font-family: arial, helvetica, sans-serif;\">Professor: Arnaldo<\/span><\/p>\n<p style=\"text-align: justify;\"><span style=\"font-weight: 400; font-family: arial, helvetica, sans-serif;\">Local: Camb\u00e9 V<br \/>\n<\/span><span style=\"font-weight: 400; font-family: arial, helvetica, sans-serif;\">Dias: segunda e quarta-feira<br \/>\n<\/span><span style=\"font-weight: 400; font-family: arial, helvetica, sans-serif;\">Hor\u00e1rio: 17h30 \u00e0s 19h30<br \/>\n<\/span><span style=\"font-weight: 400; font-family: arial, helvetica, sans-serif;\">Professor: Arnaldo<\/span><\/p>\n<p style=\"text-align: justify;\"><span style=\"font-weight: 400; font-family: arial, helvetica, sans-serif;\">Local: Camb\u00e9 II<br \/>\n<\/span><span style=\"font-weight: 400; font-family: arial, helvetica, sans-serif;\">Dias: ter\u00e7a e quinta-feira<br \/>\n<\/span><span style=\"font-weight: 400; font-family: arial, helvetica, sans-serif;\">Hor\u00e1rio: 18h \u00e0s 20h<br \/>\n<\/span><span style=\"font-weight: 400; font-family: arial, helvetica, sans-serif;\">Professor: Arnaldo<\/span><\/p>\n<p style=\"text-align: justify;\"><span style=\"font-weight: 400; font-family: arial, helvetica, sans-serif;\">Local: Centro da Juventude<br \/>\n<\/span><span style=\"font-weight: 400; font-family: arial, helvetica, sans-serif;\">Dias: segunda e quarta-feira<br \/>\n<\/span><span style=\"font-weight: 400; font-family: arial, helvetica, sans-serif;\">Hor\u00e1rio: 8h30 \u00e0s 10h30<br \/>\n<\/span><span style=\"font-weight: 400; font-family: arial, helvetica, sans-serif;\">Professor: Kelly Gon\u00e7alves<\/span><\/p>\n<p style=\"text-align: justify;\"><span style=\"font-weight: 400; font-family: arial, helvetica, sans-serif;\">Local: Centro da Juventude<br \/>\n<\/span><span style=\"font-weight: 400; font-family: arial, helvetica, sans-serif;\">Dias: segunda e quarta-feira<br \/>\n<\/span><span style=\"font-weight: 400; font-family: arial, helvetica, sans-serif;\">Hor\u00e1rio: 17h \u00e0s 20h<br \/>\n<\/span><span style=\"font-weight: 400; font-family: arial, helvetica, sans-serif;\">Professor: Kelly Gon\u00e7alves<\/span><\/p>\n<p>&nbsp;<\/p>\n<p style=\"text-align: justify;\"><strong><span style=\"font-family: arial, helvetica, sans-serif;\">V\u00f4lei<\/span><\/strong><\/p>\n<p style=\"text-align: justify;\"><span style=\"font-weight: 400; font-family: arial, helvetica, sans-serif;\">Local: Gin\u00e1sio Jo\u00e3o de Deus Almeida<br \/>\n<\/span><span style=\"font-weight: 400; font-family: arial, helvetica, sans-serif;\">Dias: de segunda a sexta-feira<br \/>\n<\/span><span style=\"font-weight: 400; font-family: arial, helvetica, sans-serif;\">Hor\u00e1rio: manh\u00e3 e tarde<br \/>\n<\/span><span style=\"font-weight: 400; font-family: arial, helvetica, sans-serif;\">Idade: consultar com o professor<\/span><\/p>\n<p style=\"text-align: justify;\"><span style=\"font-weight: 400; font-family: arial, helvetica, sans-serif;\">Local: Gin\u00e1sio do Santo Amaro<br \/>\n<\/span><span style=\"font-weight: 400; font-family: arial, helvetica, sans-serif;\">Dias: ter\u00e7a e quinta<br \/>\n<\/span><span style=\"font-weight: 400; font-family: arial, helvetica, sans-serif;\">Hor\u00e1rio: tarde<br \/>\n<\/span><span style=\"font-weight: 400; font-family: arial, helvetica, sans-serif;\">Idade: consultar com o professor<\/span><\/p>\n","protected":false},"excerpt":{"rendered":"<p>A Prefeitura de Camb\u00e9, por meio da Secretaria Municipal de Esportes e Lazer, abriu matr\u00edculas para os projetos esportivos em 2025. Ao todo, s\u00e3o 10 atividades, destinadas para todas as idades de forma gratuita. As inscri\u00e7\u00f5es devem ser feitas no local das atividades, por ficha de cadastro destinada pelo professor e apresenta\u00e7\u00e3o de documentos pessoais. [&hellip;]<\/p>\n","protected":false},"author":16,"featured_media":0,"comment_status":"closed","ping_status":"closed","sticky":false,"template":"","format":"standard","meta":{"ngg_post_thumbnail":0,"footnotes":""},"categories":[1],"tags":[],"class_list":["post-16090","post","type-post","status-publish","format-standard","hentry","category-principal"],"yoast_head":"<!-- This site is optimized with the Yoast SEO plugin v27.4 - https:\/\/yoast.com\/product\/yoast-seo-wordpress\/ -->\n<title>Secretaria de Esportes e Lazer abre matr\u00edculas para projetos esportivos gratuitos em Camb\u00e9 - Prefeitura de Camb\u00e9<\/title>\n<meta name=\"robots\" content=\"index, follow, max-snippet:-1, max-image-preview:large, max-video-preview:-1\" \/>\n<link rel=\"canonical\" href=\"https:\/\/www.cambe.pr.gov.br\/index.php\/secretaria-de-esportes-e-lazer-abre-matriculas-para-projetos-esportivos-gratuitos-em-cambe\/\" \/>\n<meta property=\"og:locale\" content=\"pt_BR\" \/>\n<meta property=\"og:type\" content=\"article\" \/>\n<meta property=\"og:title\" content=\"Secretaria de Esportes e Lazer abre matr\u00edculas para projetos esportivos gratuitos em Camb\u00e9 - Prefeitura de Camb\u00e9\" \/>\n<meta property=\"og:description\" content=\"A Prefeitura de Camb\u00e9, por meio da Secretaria Municipal de Esportes e Lazer, abriu matr\u00edculas para os projetos esportivos em 2025. Ao todo, s\u00e3o 10 atividades, destinadas para todas as idades de forma gratuita. As inscri\u00e7\u00f5es devem ser feitas no local das atividades, por ficha de cadastro destinada pelo professor e apresenta\u00e7\u00e3o de documentos pessoais. [&hellip;]\" \/>\n<meta property=\"og:url\" content=\"https:\/\/www.cambe.pr.gov.br\/index.php\/secretaria-de-esportes-e-lazer-abre-matriculas-para-projetos-esportivos-gratuitos-em-cambe\/\" \/>\n<meta property=\"og:site_name\" content=\"Prefeitura de Camb\u00e9\" \/>\n<meta property=\"article:publisher\" content=\"https:\/\/m.facebook.com\/prefeituradecambe\" \/>\n<meta property=\"article:published_time\" content=\"2025-02-13T13:35:23+00:00\" \/>\n<meta property=\"og:image\" content=\"https:\/\/www.cambe.pr.gov.br\/wp-content\/uploads\/2025\/02\/Imagem-do-WhatsApp-de-2025-02-12-as-16.35.22_854a16e5-1024x678.jpg\" \/>\n<meta name=\"author\" content=\"Vinicius Augusto Batista Eira\" \/>\n<meta name=\"twitter:card\" content=\"summary_large_image\" \/>\n<meta name=\"twitter:label1\" content=\"Escrito por\" \/>\n\t<meta name=\"twitter:data1\" content=\"Vinicius Augusto Batista Eira\" \/>\n\t<meta name=\"twitter:label2\" content=\"Est. tempo de leitura\" \/>\n\t<meta name=\"twitter:data2\" content=\"5 minutos\" \/>\n<script type=\"application\/ld+json\" class=\"yoast-schema-graph\">{\"@context\":\"https:\\\/\\\/schema.org\",\"@graph\":[{\"@type\":\"Article\",\"@id\":\"https:\\\/\\\/www.cambe.pr.gov.br\\\/index.php\\\/secretaria-de-esportes-e-lazer-abre-matriculas-para-projetos-esportivos-gratuitos-em-cambe\\\/#article\",\"isPartOf\":{\"@id\":\"https:\\\/\\\/www.cambe.pr.gov.br\\\/index.php\\\/secretaria-de-esportes-e-lazer-abre-matriculas-para-projetos-esportivos-gratuitos-em-cambe\\\/\"},\"author\":{\"name\":\"Vinicius Augusto Batista Eira\",\"@id\":\"https:\\\/\\\/www.cambe.pr.gov.br\\\/#\\\/schema\\\/person\\\/8e3ee69cb2cadf4b9f8377407227effd\"},\"headline\":\"Secretaria de Esportes e Lazer abre matr\u00edculas para projetos esportivos gratuitos em Camb\u00e9\",\"datePublished\":\"2025-02-13T13:35:23+00:00\",\"mainEntityOfPage\":{\"@id\":\"https:\\\/\\\/www.cambe.pr.gov.br\\\/index.php\\\/secretaria-de-esportes-e-lazer-abre-matriculas-para-projetos-esportivos-gratuitos-em-cambe\\\/\"},\"wordCount\":976,\"publisher\":{\"@id\":\"https:\\\/\\\/www.cambe.pr.gov.br\\\/#organization\"},\"image\":{\"@id\":\"https:\\\/\\\/www.cambe.pr.gov.br\\\/index.php\\\/secretaria-de-esportes-e-lazer-abre-matriculas-para-projetos-esportivos-gratuitos-em-cambe\\\/#primaryimage\"},\"thumbnailUrl\":\"https:\\\/\\\/www.cambe.pr.gov.br\\\/wp-content\\\/uploads\\\/2025\\\/02\\\/Imagem-do-WhatsApp-de-2025-02-12-as-16.35.22_854a16e5-1024x678.jpg\",\"articleSection\":[\"Principal\"],\"inLanguage\":\"pt-BR\"},{\"@type\":\"WebPage\",\"@id\":\"https:\\\/\\\/www.cambe.pr.gov.br\\\/index.php\\\/secretaria-de-esportes-e-lazer-abre-matriculas-para-projetos-esportivos-gratuitos-em-cambe\\\/\",\"url\":\"https:\\\/\\\/www.cambe.pr.gov.br\\\/index.php\\\/secretaria-de-esportes-e-lazer-abre-matriculas-para-projetos-esportivos-gratuitos-em-cambe\\\/\",\"name\":\"Secretaria de Esportes e Lazer abre matr\u00edculas para projetos esportivos gratuitos em Camb\u00e9 - Prefeitura de Camb\u00e9\",\"isPartOf\":{\"@id\":\"https:\\\/\\\/www.cambe.pr.gov.br\\\/#website\"},\"primaryImageOfPage\":{\"@id\":\"https:\\\/\\\/www.cambe.pr.gov.br\\\/index.php\\\/secretaria-de-esportes-e-lazer-abre-matriculas-para-projetos-esportivos-gratuitos-em-cambe\\\/#primaryimage\"},\"image\":{\"@id\":\"https:\\\/\\\/www.cambe.pr.gov.br\\\/index.php\\\/secretaria-de-esportes-e-lazer-abre-matriculas-para-projetos-esportivos-gratuitos-em-cambe\\\/#primaryimage\"},\"thumbnailUrl\":\"https:\\\/\\\/www.cambe.pr.gov.br\\\/wp-content\\\/uploads\\\/2025\\\/02\\\/Imagem-do-WhatsApp-de-2025-02-12-as-16.35.22_854a16e5-1024x678.jpg\",\"datePublished\":\"2025-02-13T13:35:23+00:00\",\"breadcrumb\":{\"@id\":\"https:\\\/\\\/www.cambe.pr.gov.br\\\/index.php\\\/secretaria-de-esportes-e-lazer-abre-matriculas-para-projetos-esportivos-gratuitos-em-cambe\\\/#breadcrumb\"},\"inLanguage\":\"pt-BR\",\"potentialAction\":[{\"@type\":\"ReadAction\",\"target\":[\"https:\\\/\\\/www.cambe.pr.gov.br\\\/index.php\\\/secretaria-de-esportes-e-lazer-abre-matriculas-para-projetos-esportivos-gratuitos-em-cambe\\\/\"]}]},{\"@type\":\"ImageObject\",\"inLanguage\":\"pt-BR\",\"@id\":\"https:\\\/\\\/www.cambe.pr.gov.br\\\/index.php\\\/secretaria-de-esportes-e-lazer-abre-matriculas-para-projetos-esportivos-gratuitos-em-cambe\\\/#primaryimage\",\"url\":\"https:\\\/\\\/www.cambe.pr.gov.br\\\/wp-content\\\/uploads\\\/2025\\\/02\\\/Imagem-do-WhatsApp-de-2025-02-12-as-16.35.22_854a16e5.jpg\",\"contentUrl\":\"https:\\\/\\\/www.cambe.pr.gov.br\\\/wp-content\\\/uploads\\\/2025\\\/02\\\/Imagem-do-WhatsApp-de-2025-02-12-as-16.35.22_854a16e5.jpg\",\"width\":1600,\"height\":1059},{\"@type\":\"BreadcrumbList\",\"@id\":\"https:\\\/\\\/www.cambe.pr.gov.br\\\/index.php\\\/secretaria-de-esportes-e-lazer-abre-matriculas-para-projetos-esportivos-gratuitos-em-cambe\\\/#breadcrumb\",\"itemListElement\":[{\"@type\":\"ListItem\",\"position\":1,\"name\":\"In\u00edcio\",\"item\":\"https:\\\/\\\/www.cambe.pr.gov.br\\\/\"},{\"@type\":\"ListItem\",\"position\":2,\"name\":\"Secretaria de Esportes e Lazer abre matr\u00edculas para projetos esportivos gratuitos em Camb\u00e9\"}]},{\"@type\":\"WebSite\",\"@id\":\"https:\\\/\\\/www.cambe.pr.gov.br\\\/#website\",\"url\":\"https:\\\/\\\/www.cambe.pr.gov.br\\\/\",\"name\":\"Prefeitura de Camb\u00e9\",\"description\":\"UM GOVERNO PARA TODOS\",\"publisher\":{\"@id\":\"https:\\\/\\\/www.cambe.pr.gov.br\\\/#organization\"},\"potentialAction\":[{\"@type\":\"SearchAction\",\"target\":{\"@type\":\"EntryPoint\",\"urlTemplate\":\"https:\\\/\\\/www.cambe.pr.gov.br\\\/?s={search_term_string}\"},\"query-input\":{\"@type\":\"PropertyValueSpecification\",\"valueRequired\":true,\"valueName\":\"search_term_string\"}}],\"inLanguage\":\"pt-BR\"},{\"@type\":\"Organization\",\"@id\":\"https:\\\/\\\/www.cambe.pr.gov.br\\\/#organization\",\"name\":\"Prefeitura de Camb\u00e9\",\"url\":\"https:\\\/\\\/www.cambe.pr.gov.br\\\/\",\"logo\":{\"@type\":\"ImageObject\",\"inLanguage\":\"pt-BR\",\"@id\":\"https:\\\/\\\/www.cambe.pr.gov.br\\\/#\\\/schema\\\/logo\\\/image\\\/\",\"url\":\"https:\\\/\\\/www.cambe.pr.gov.br\\\/wp-content\\\/uploads\\\/2021\\\/01\\\/cropped-cropped-cambe_brazao-icone.png\",\"contentUrl\":\"https:\\\/\\\/www.cambe.pr.gov.br\\\/wp-content\\\/uploads\\\/2021\\\/01\\\/cropped-cropped-cambe_brazao-icone.png\",\"width\":240,\"height\":240,\"caption\":\"Prefeitura de Camb\u00e9\"},\"image\":{\"@id\":\"https:\\\/\\\/www.cambe.pr.gov.br\\\/#\\\/schema\\\/logo\\\/image\\\/\"},\"sameAs\":[\"https:\\\/\\\/m.facebook.com\\\/prefeituradecambe\"]},{\"@type\":\"Person\",\"@id\":\"https:\\\/\\\/www.cambe.pr.gov.br\\\/#\\\/schema\\\/person\\\/8e3ee69cb2cadf4b9f8377407227effd\",\"name\":\"Vinicius Augusto Batista Eira\",\"image\":{\"@type\":\"ImageObject\",\"inLanguage\":\"pt-BR\",\"@id\":\"https:\\\/\\\/secure.gravatar.com\\\/avatar\\\/1ec500de7013b30e1d4d7c8c3978f0e4433c37e5d5e4cd186239369c6440122b?s=96&d=mm&r=g\",\"url\":\"https:\\\/\\\/secure.gravatar.com\\\/avatar\\\/1ec500de7013b30e1d4d7c8c3978f0e4433c37e5d5e4cd186239369c6440122b?s=96&d=mm&r=g\",\"contentUrl\":\"https:\\\/\\\/secure.gravatar.com\\\/avatar\\\/1ec500de7013b30e1d4d7c8c3978f0e4433c37e5d5e4cd186239369c6440122b?s=96&d=mm&r=g\",\"caption\":\"Vinicius Augusto Batista Eira\"},\"url\":\"https:\\\/\\\/www.cambe.pr.gov.br\\\/index.php\\\/author\\\/vabeira\\\/\"}]}<\/script>\n<!-- \/ Yoast SEO plugin. -->","yoast_head_json":{"title":"Secretaria de Esportes e Lazer abre matr\u00edculas para projetos esportivos gratuitos em Camb\u00e9 - Prefeitura de Camb\u00e9","robots":{"index":"index","follow":"follow","max-snippet":"max-snippet:-1","max-image-preview":"max-image-preview:large","max-video-preview":"max-video-preview:-1"},"canonical":"https:\/\/www.cambe.pr.gov.br\/index.php\/secretaria-de-esportes-e-lazer-abre-matriculas-para-projetos-esportivos-gratuitos-em-cambe\/","og_locale":"pt_BR","og_type":"article","og_title":"Secretaria de Esportes e Lazer abre matr\u00edculas para projetos esportivos gratuitos em Camb\u00e9 - Prefeitura de Camb\u00e9","og_description":"A Prefeitura de Camb\u00e9, por meio da Secretaria Municipal de Esportes e Lazer, abriu matr\u00edculas para os projetos esportivos em 2025. Ao todo, s\u00e3o 10 atividades, destinadas para todas as idades de forma gratuita. As inscri\u00e7\u00f5es devem ser feitas no local das atividades, por ficha de cadastro destinada pelo professor e apresenta\u00e7\u00e3o de documentos pessoais. [&hellip;]","og_url":"https:\/\/www.cambe.pr.gov.br\/index.php\/secretaria-de-esportes-e-lazer-abre-matriculas-para-projetos-esportivos-gratuitos-em-cambe\/","og_site_name":"Prefeitura de Camb\u00e9","article_publisher":"https:\/\/m.facebook.com\/prefeituradecambe","article_published_time":"2025-02-13T13:35:23+00:00","og_image":[{"url":"https:\/\/www.cambe.pr.gov.br\/wp-content\/uploads\/2025\/02\/Imagem-do-WhatsApp-de-2025-02-12-as-16.35.22_854a16e5-1024x678.jpg","type":"","width":"","height":""}],"author":"Vinicius Augusto Batista Eira","twitter_card":"summary_large_image","twitter_misc":{"Escrito por":"Vinicius Augusto Batista Eira","Est. tempo de leitura":"5 minutos"},"schema":{"@context":"https:\/\/schema.org","@graph":[{"@type":"Article","@id":"https:\/\/www.cambe.pr.gov.br\/index.php\/secretaria-de-esportes-e-lazer-abre-matriculas-para-projetos-esportivos-gratuitos-em-cambe\/#article","isPartOf":{"@id":"https:\/\/www.cambe.pr.gov.br\/index.php\/secretaria-de-esportes-e-lazer-abre-matriculas-para-projetos-esportivos-gratuitos-em-cambe\/"},"author":{"name":"Vinicius Augusto Batista Eira","@id":"https:\/\/www.cambe.pr.gov.br\/#\/schema\/person\/8e3ee69cb2cadf4b9f8377407227effd"},"headline":"Secretaria de Esportes e Lazer abre matr\u00edculas para projetos esportivos gratuitos em Camb\u00e9","datePublished":"2025-02-13T13:35:23+00:00","mainEntityOfPage":{"@id":"https:\/\/www.cambe.pr.gov.br\/index.php\/secretaria-de-esportes-e-lazer-abre-matriculas-para-projetos-esportivos-gratuitos-em-cambe\/"},"wordCount":976,"publisher":{"@id":"https:\/\/www.cambe.pr.gov.br\/#organization"},"image":{"@id":"https:\/\/www.cambe.pr.gov.br\/index.php\/secretaria-de-esportes-e-lazer-abre-matriculas-para-projetos-esportivos-gratuitos-em-cambe\/#primaryimage"},"thumbnailUrl":"https:\/\/www.cambe.pr.gov.br\/wp-content\/uploads\/2025\/02\/Imagem-do-WhatsApp-de-2025-02-12-as-16.35.22_854a16e5-1024x678.jpg","articleSection":["Principal"],"inLanguage":"pt-BR"},{"@type":"WebPage","@id":"https:\/\/www.cambe.pr.gov.br\/index.php\/secretaria-de-esportes-e-lazer-abre-matriculas-para-projetos-esportivos-gratuitos-em-cambe\/","url":"https:\/\/www.cambe.pr.gov.br\/index.php\/secretaria-de-esportes-e-lazer-abre-matriculas-para-projetos-esportivos-gratuitos-em-cambe\/","name":"Secretaria de Esportes e Lazer abre matr\u00edculas para projetos esportivos gratuitos em Camb\u00e9 - Prefeitura de Camb\u00e9","isPartOf":{"@id":"https:\/\/www.cambe.pr.gov.br\/#website"},"primaryImageOfPage":{"@id":"https:\/\/www.cambe.pr.gov.br\/index.php\/secretaria-de-esportes-e-lazer-abre-matriculas-para-projetos-esportivos-gratuitos-em-cambe\/#primaryimage"},"image":{"@id":"https:\/\/www.cambe.pr.gov.br\/index.php\/secretaria-de-esportes-e-lazer-abre-matriculas-para-projetos-esportivos-gratuitos-em-cambe\/#primaryimage"},"thumbnailUrl":"https:\/\/www.cambe.pr.gov.br\/wp-content\/uploads\/2025\/02\/Imagem-do-WhatsApp-de-2025-02-12-as-16.35.22_854a16e5-1024x678.jpg","datePublished":"2025-02-13T13:35:23+00:00","breadcrumb":{"@id":"https:\/\/www.cambe.pr.gov.br\/index.php\/secretaria-de-esportes-e-lazer-abre-matriculas-para-projetos-esportivos-gratuitos-em-cambe\/#breadcrumb"},"inLanguage":"pt-BR","potentialAction":[{"@type":"ReadAction","target":["https:\/\/www.cambe.pr.gov.br\/index.php\/secretaria-de-esportes-e-lazer-abre-matriculas-para-projetos-esportivos-gratuitos-em-cambe\/"]}]},{"@type":"ImageObject","inLanguage":"pt-BR","@id":"https:\/\/www.cambe.pr.gov.br\/index.php\/secretaria-de-esportes-e-lazer-abre-matriculas-para-projetos-esportivos-gratuitos-em-cambe\/#primaryimage","url":"https:\/\/www.cambe.pr.gov.br\/wp-content\/uploads\/2025\/02\/Imagem-do-WhatsApp-de-2025-02-12-as-16.35.22_854a16e5.jpg","contentUrl":"https:\/\/www.cambe.pr.gov.br\/wp-content\/uploads\/2025\/02\/Imagem-do-WhatsApp-de-2025-02-12-as-16.35.22_854a16e5.jpg","width":1600,"height":1059},{"@type":"BreadcrumbList","@id":"https:\/\/www.cambe.pr.gov.br\/index.php\/secretaria-de-esportes-e-lazer-abre-matriculas-para-projetos-esportivos-gratuitos-em-cambe\/#breadcrumb","itemListElement":[{"@type":"ListItem","position":1,"name":"In\u00edcio","item":"https:\/\/www.cambe.pr.gov.br\/"},{"@type":"ListItem","position":2,"name":"Secretaria de Esportes e Lazer abre matr\u00edculas para projetos esportivos gratuitos em Camb\u00e9"}]},{"@type":"WebSite","@id":"https:\/\/www.cambe.pr.gov.br\/#website","url":"https:\/\/www.cambe.pr.gov.br\/","name":"Prefeitura de Camb\u00e9","description":"UM GOVERNO PARA TODOS","publisher":{"@id":"https:\/\/www.cambe.pr.gov.br\/#organization"},"potentialAction":[{"@type":"SearchAction","target":{"@type":"EntryPoint","urlTemplate":"https:\/\/www.cambe.pr.gov.br\/?s={search_term_string}"},"query-input":{"@type":"PropertyValueSpecification","valueRequired":true,"valueName":"search_term_string"}}],"inLanguage":"pt-BR"},{"@type":"Organization","@id":"https:\/\/www.cambe.pr.gov.br\/#organization","name":"Prefeitura de Camb\u00e9","url":"https:\/\/www.cambe.pr.gov.br\/","logo":{"@type":"ImageObject","inLanguage":"pt-BR","@id":"https:\/\/www.cambe.pr.gov.br\/#\/schema\/logo\/image\/","url":"https:\/\/www.cambe.pr.gov.br\/wp-content\/uploads\/2021\/01\/cropped-cropped-cambe_brazao-icone.png","contentUrl":"https:\/\/www.cambe.pr.gov.br\/wp-content\/uploads\/2021\/01\/cropped-cropped-cambe_brazao-icone.png","width":240,"height":240,"caption":"Prefeitura de Camb\u00e9"},"image":{"@id":"https:\/\/www.cambe.pr.gov.br\/#\/schema\/logo\/image\/"},"sameAs":["https:\/\/m.facebook.com\/prefeituradecambe"]},{"@type":"Person","@id":"https:\/\/www.cambe.pr.gov.br\/#\/schema\/person\/8e3ee69cb2cadf4b9f8377407227effd","name":"Vinicius Augusto Batista Eira","image":{"@type":"ImageObject","inLanguage":"pt-BR","@id":"https:\/\/secure.gravatar.com\/avatar\/1ec500de7013b30e1d4d7c8c3978f0e4433c37e5d5e4cd186239369c6440122b?s=96&d=mm&r=g","url":"https:\/\/secure.gravatar.com\/avatar\/1ec500de7013b30e1d4d7c8c3978f0e4433c37e5d5e4cd186239369c6440122b?s=96&d=mm&r=g","contentUrl":"https:\/\/secure.gravatar.com\/avatar\/1ec500de7013b30e1d4d7c8c3978f0e4433c37e5d5e4cd186239369c6440122b?s=96&d=mm&r=g","caption":"Vinicius Augusto Batista Eira"},"url":"https:\/\/www.cambe.pr.gov.br\/index.php\/author\/vabeira\/"}]}},"_links":{"self":[{"href":"https:\/\/www.cambe.pr.gov.br\/index.php\/wp-json\/wp\/v2\/posts\/16090","targetHints":{"allow":["GET"]}}],"collection":[{"href":"https:\/\/www.cambe.pr.gov.br\/index.php\/wp-json\/wp\/v2\/posts"}],"about":[{"href":"https:\/\/www.cambe.pr.gov.br\/index.php\/wp-json\/wp\/v2\/types\/post"}],"author":[{"embeddable":true,"href":"https:\/\/www.cambe.pr.gov.br\/index.php\/wp-json\/wp\/v2\/users\/16"}],"replies":[{"embeddable":true,"href":"https:\/\/www.cambe.pr.gov.br\/index.php\/wp-json\/wp\/v2\/comments?post=16090"}],"version-history":[{"count":10,"href":"https:\/\/www.cambe.pr.gov.br\/index.php\/wp-json\/wp\/v2\/posts\/16090\/revisions"}],"predecessor-version":[{"id":16101,"href":"https:\/\/www.cambe.pr.gov.br\/index.php\/wp-json\/wp\/v2\/posts\/16090\/revisions\/16101"}],"wp:attachment":[{"href":"https:\/\/www.cambe.pr.gov.br\/index.php\/wp-json\/wp\/v2\/media?parent=16090"}],"wp:term":[{"taxonomy":"category","embeddable":true,"href":"https:\/\/www.cambe.pr.gov.br\/index.php\/wp-json\/wp\/v2\/categories?post=16090"},{"taxonomy":"post_tag","embeddable":true,"href":"https:\/\/www.cambe.pr.gov.br\/index.php\/wp-json\/wp\/v2\/tags?post=16090"}],"curies":[{"name":"wp","href":"https:\/\/api.w.org\/{rel}","templated":true}]}}