{"id":16071,"date":"2025-02-11T16:44:08","date_gmt":"2025-02-11T19:44:08","guid":{"rendered":"https:\/\/www.cambe.pr.gov.br\/?p=16071"},"modified":"2025-02-11T16:44:08","modified_gmt":"2025-02-11T19:44:08","slug":"cambe-recebe-encontro-de-patinadores-neste-sabado-15","status":"publish","type":"post","link":"https:\/\/www.cambe.pr.gov.br\/index.php\/cambe-recebe-encontro-de-patinadores-neste-sabado-15\/","title":{"rendered":"Camb\u00e9 recebe encontro de patinadores neste s\u00e1bado (15)"},"content":{"rendered":"<p style=\"text-align: justify;\"><span style=\"font-weight: 400; font-family: arial, helvetica, sans-serif;\"><img fetchpriority=\"high\" decoding=\"async\" class=\"alignleft size-large wp-image-16072\" src=\"https:\/\/www.cambe.pr.gov.br\/wp-content\/uploads\/2025\/02\/Imagem-do-WhatsApp-de-2025-02-11-as-15.38.16_624cb397-1024x819.jpg\" alt=\"\" width=\"610\" height=\"488\" srcset=\"https:\/\/www.cambe.pr.gov.br\/wp-content\/uploads\/2025\/02\/Imagem-do-WhatsApp-de-2025-02-11-as-15.38.16_624cb397-1024x819.jpg 1024w, https:\/\/www.cambe.pr.gov.br\/wp-content\/uploads\/2025\/02\/Imagem-do-WhatsApp-de-2025-02-11-as-15.38.16_624cb397-300x240.jpg 300w, https:\/\/www.cambe.pr.gov.br\/wp-content\/uploads\/2025\/02\/Imagem-do-WhatsApp-de-2025-02-11-as-15.38.16_624cb397-768x614.jpg 768w, https:\/\/www.cambe.pr.gov.br\/wp-content\/uploads\/2025\/02\/Imagem-do-WhatsApp-de-2025-02-11-as-15.38.16_624cb397.jpg 1200w\" sizes=\"(max-width: 610px) 100vw, 610px\" \/>Neste fim de semana, Camb\u00e9 e Londrina ser\u00e3o sede de um encontro de patinadores profissionais e amadores. Nos dias 14, 15 e 16, atletas e admiradores se re\u00fanem para passeios, competi\u00e7\u00e3o, atividades livres e apresenta\u00e7\u00f5es das modalidades Slalom e Slides. O evento \u00e9 realizado pela loja Inline Store e conta com o apoio da Prefeitura atrav\u00e9s da Secretaria Municipal de Esportes e Lazer.<\/span><\/p>\n<p style=\"text-align: justify;\"><span style=\"font-weight: 400; font-family: arial, helvetica, sans-serif;\">Na sexta-feira (14), o grupo se re\u00fane em Londrina, no Aeroporto, a partir das 21h, para um passeio noturno de aproximadamente cinco quil\u00f4metros. No s\u00e1bado (15), o evento chega \u00e0 Camb\u00e9, com uma competi\u00e7\u00e3o de atletas, com in\u00edcio previsto para \u00e0s 10h, no Gin\u00e1sio Jo\u00e3o de Deus Almeida. J\u00e1 no domingo (16), o encontro ser\u00e1 das 9h ao meio-dia, no estacionamento do Londrina Norte Shopping, com atividades livres para toda a fam\u00edlia e apresenta\u00e7\u00f5es. A organiza\u00e7\u00e3o prev\u00ea que o evento re\u00fana cerca de 500 pessoas. A programa\u00e7\u00e3o \u00e9 gratuita e aberta para todas as idades.<\/span><\/p>\n<p style=\"text-align: justify;\"><span style=\"font-weight: 400; font-family: arial, helvetica, sans-serif;\">Est\u00e3o confirmados no evento os atletas: Maxwell Santos, 20 vezes campe\u00e3o brasileiro e seis vezes campe\u00e3o sul-americano na categoria Slalom; Priscila Hofmann, cinco vezes campe\u00e3 brasileira e campe\u00e3 sul-americana na categoria slide; Alisson Cruz, tr\u00eas vezes campe\u00e3o brasileiro e vice-campe\u00e3o sul-americano na categoria slide; Andressa Fontinele, campe\u00e3 sul-americana na categoria slalom; e Victor Fialkovics, cinco vezes campe\u00e3o brasileiro e quatro vezes campe\u00e3o sul-americano na categoria slalom.<\/span><\/p>\n<p style=\"text-align: justify;\"><span style=\"font-weight: 400; font-family: arial, helvetica, sans-serif;\">Al\u00e9m do encontro, o grupo se re\u00fane semanalmente para treinar em v\u00e1rios pontos de Londrina. Ao todo, cerca de 200 pessoas, de idades variadas, participam da atividade, vista como promessa de medalhas ol\u00edmpicas para os jogos de Los Angeles em 2028.<\/span><\/p>\n","protected":false},"excerpt":{"rendered":"<p>Neste fim de semana, Camb\u00e9 e Londrina ser\u00e3o sede de um encontro de patinadores profissionais e amadores. Nos dias 14, 15 e 16, atletas e admiradores se re\u00fanem para passeios, competi\u00e7\u00e3o, atividades livres e apresenta\u00e7\u00f5es das modalidades Slalom e Slides. O evento \u00e9 realizado pela loja Inline Store e conta com o apoio da Prefeitura [&hellip;]<\/p>\n","protected":false},"author":16,"featured_media":0,"comment_status":"closed","ping_status":"closed","sticky":false,"template":"","format":"standard","meta":{"ngg_post_thumbnail":0,"footnotes":""},"categories":[1],"tags":[],"class_list":["post-16071","post","type-post","status-publish","format-standard","hentry","category-principal"],"yoast_head":"<!-- This site is optimized with the Yoast SEO plugin v27.4 - https:\/\/yoast.com\/product\/yoast-seo-wordpress\/ -->\n<title>Camb\u00e9 recebe encontro de patinadores neste s\u00e1bado (15) - Prefeitura de Camb\u00e9<\/title>\n<meta name=\"robots\" content=\"index, follow, max-snippet:-1, max-image-preview:large, max-video-preview:-1\" \/>\n<link rel=\"canonical\" href=\"https:\/\/www.cambe.pr.gov.br\/index.php\/cambe-recebe-encontro-de-patinadores-neste-sabado-15\/\" \/>\n<meta property=\"og:locale\" content=\"pt_BR\" \/>\n<meta property=\"og:type\" content=\"article\" \/>\n<meta property=\"og:title\" content=\"Camb\u00e9 recebe encontro de patinadores neste s\u00e1bado (15) - Prefeitura de Camb\u00e9\" \/>\n<meta property=\"og:description\" content=\"Neste fim de semana, Camb\u00e9 e Londrina ser\u00e3o sede de um encontro de patinadores profissionais e amadores. Nos dias 14, 15 e 16, atletas e admiradores se re\u00fanem para passeios, competi\u00e7\u00e3o, atividades livres e apresenta\u00e7\u00f5es das modalidades Slalom e Slides. O evento \u00e9 realizado pela loja Inline Store e conta com o apoio da Prefeitura [&hellip;]\" \/>\n<meta property=\"og:url\" content=\"https:\/\/www.cambe.pr.gov.br\/index.php\/cambe-recebe-encontro-de-patinadores-neste-sabado-15\/\" \/>\n<meta property=\"og:site_name\" content=\"Prefeitura de Camb\u00e9\" \/>\n<meta property=\"article:publisher\" content=\"https:\/\/m.facebook.com\/prefeituradecambe\" \/>\n<meta property=\"article:published_time\" content=\"2025-02-11T19:44:08+00:00\" \/>\n<meta property=\"og:image\" content=\"https:\/\/www.cambe.pr.gov.br\/wp-content\/uploads\/2025\/02\/Imagem-do-WhatsApp-de-2025-02-11-as-15.38.16_624cb397-1024x819.jpg\" \/>\n<meta name=\"author\" content=\"Vinicius Augusto Batista Eira\" \/>\n<meta name=\"twitter:card\" content=\"summary_large_image\" \/>\n<meta name=\"twitter:label1\" content=\"Escrito por\" \/>\n\t<meta name=\"twitter:data1\" content=\"Vinicius Augusto Batista Eira\" \/>\n\t<meta name=\"twitter:label2\" content=\"Est. tempo de leitura\" \/>\n\t<meta name=\"twitter:data2\" content=\"2 minutos\" \/>\n<script type=\"application\/ld+json\" class=\"yoast-schema-graph\">{\"@context\":\"https:\\\/\\\/schema.org\",\"@graph\":[{\"@type\":\"Article\",\"@id\":\"https:\\\/\\\/www.cambe.pr.gov.br\\\/index.php\\\/cambe-recebe-encontro-de-patinadores-neste-sabado-15\\\/#article\",\"isPartOf\":{\"@id\":\"https:\\\/\\\/www.cambe.pr.gov.br\\\/index.php\\\/cambe-recebe-encontro-de-patinadores-neste-sabado-15\\\/\"},\"author\":{\"name\":\"Vinicius Augusto Batista Eira\",\"@id\":\"https:\\\/\\\/www.cambe.pr.gov.br\\\/#\\\/schema\\\/person\\\/8e3ee69cb2cadf4b9f8377407227effd\"},\"headline\":\"Camb\u00e9 recebe encontro de patinadores neste s\u00e1bado (15)\",\"datePublished\":\"2025-02-11T19:44:08+00:00\",\"mainEntityOfPage\":{\"@id\":\"https:\\\/\\\/www.cambe.pr.gov.br\\\/index.php\\\/cambe-recebe-encontro-de-patinadores-neste-sabado-15\\\/\"},\"wordCount\":289,\"publisher\":{\"@id\":\"https:\\\/\\\/www.cambe.pr.gov.br\\\/#organization\"},\"image\":{\"@id\":\"https:\\\/\\\/www.cambe.pr.gov.br\\\/index.php\\\/cambe-recebe-encontro-de-patinadores-neste-sabado-15\\\/#primaryimage\"},\"thumbnailUrl\":\"https:\\\/\\\/www.cambe.pr.gov.br\\\/wp-content\\\/uploads\\\/2025\\\/02\\\/Imagem-do-WhatsApp-de-2025-02-11-as-15.38.16_624cb397-1024x819.jpg\",\"articleSection\":[\"Principal\"],\"inLanguage\":\"pt-BR\"},{\"@type\":\"WebPage\",\"@id\":\"https:\\\/\\\/www.cambe.pr.gov.br\\\/index.php\\\/cambe-recebe-encontro-de-patinadores-neste-sabado-15\\\/\",\"url\":\"https:\\\/\\\/www.cambe.pr.gov.br\\\/index.php\\\/cambe-recebe-encontro-de-patinadores-neste-sabado-15\\\/\",\"name\":\"Camb\u00e9 recebe encontro de patinadores neste s\u00e1bado (15) - Prefeitura de Camb\u00e9\",\"isPartOf\":{\"@id\":\"https:\\\/\\\/www.cambe.pr.gov.br\\\/#website\"},\"primaryImageOfPage\":{\"@id\":\"https:\\\/\\\/www.cambe.pr.gov.br\\\/index.php\\\/cambe-recebe-encontro-de-patinadores-neste-sabado-15\\\/#primaryimage\"},\"image\":{\"@id\":\"https:\\\/\\\/www.cambe.pr.gov.br\\\/index.php\\\/cambe-recebe-encontro-de-patinadores-neste-sabado-15\\\/#primaryimage\"},\"thumbnailUrl\":\"https:\\\/\\\/www.cambe.pr.gov.br\\\/wp-content\\\/uploads\\\/2025\\\/02\\\/Imagem-do-WhatsApp-de-2025-02-11-as-15.38.16_624cb397-1024x819.jpg\",\"datePublished\":\"2025-02-11T19:44:08+00:00\",\"breadcrumb\":{\"@id\":\"https:\\\/\\\/www.cambe.pr.gov.br\\\/index.php\\\/cambe-recebe-encontro-de-patinadores-neste-sabado-15\\\/#breadcrumb\"},\"inLanguage\":\"pt-BR\",\"potentialAction\":[{\"@type\":\"ReadAction\",\"target\":[\"https:\\\/\\\/www.cambe.pr.gov.br\\\/index.php\\\/cambe-recebe-encontro-de-patinadores-neste-sabado-15\\\/\"]}]},{\"@type\":\"ImageObject\",\"inLanguage\":\"pt-BR\",\"@id\":\"https:\\\/\\\/www.cambe.pr.gov.br\\\/index.php\\\/cambe-recebe-encontro-de-patinadores-neste-sabado-15\\\/#primaryimage\",\"url\":\"https:\\\/\\\/www.cambe.pr.gov.br\\\/wp-content\\\/uploads\\\/2025\\\/02\\\/Imagem-do-WhatsApp-de-2025-02-11-as-15.38.16_624cb397.jpg\",\"contentUrl\":\"https:\\\/\\\/www.cambe.pr.gov.br\\\/wp-content\\\/uploads\\\/2025\\\/02\\\/Imagem-do-WhatsApp-de-2025-02-11-as-15.38.16_624cb397.jpg\",\"width\":1200,\"height\":960},{\"@type\":\"BreadcrumbList\",\"@id\":\"https:\\\/\\\/www.cambe.pr.gov.br\\\/index.php\\\/cambe-recebe-encontro-de-patinadores-neste-sabado-15\\\/#breadcrumb\",\"itemListElement\":[{\"@type\":\"ListItem\",\"position\":1,\"name\":\"In\u00edcio\",\"item\":\"https:\\\/\\\/www.cambe.pr.gov.br\\\/\"},{\"@type\":\"ListItem\",\"position\":2,\"name\":\"Camb\u00e9 recebe encontro de patinadores neste s\u00e1bado (15)\"}]},{\"@type\":\"WebSite\",\"@id\":\"https:\\\/\\\/www.cambe.pr.gov.br\\\/#website\",\"url\":\"https:\\\/\\\/www.cambe.pr.gov.br\\\/\",\"name\":\"Prefeitura de Camb\u00e9\",\"description\":\"UM GOVERNO PARA TODOS\",\"publisher\":{\"@id\":\"https:\\\/\\\/www.cambe.pr.gov.br\\\/#organization\"},\"potentialAction\":[{\"@type\":\"SearchAction\",\"target\":{\"@type\":\"EntryPoint\",\"urlTemplate\":\"https:\\\/\\\/www.cambe.pr.gov.br\\\/?s={search_term_string}\"},\"query-input\":{\"@type\":\"PropertyValueSpecification\",\"valueRequired\":true,\"valueName\":\"search_term_string\"}}],\"inLanguage\":\"pt-BR\"},{\"@type\":\"Organization\",\"@id\":\"https:\\\/\\\/www.cambe.pr.gov.br\\\/#organization\",\"name\":\"Prefeitura de Camb\u00e9\",\"url\":\"https:\\\/\\\/www.cambe.pr.gov.br\\\/\",\"logo\":{\"@type\":\"ImageObject\",\"inLanguage\":\"pt-BR\",\"@id\":\"https:\\\/\\\/www.cambe.pr.gov.br\\\/#\\\/schema\\\/logo\\\/image\\\/\",\"url\":\"https:\\\/\\\/www.cambe.pr.gov.br\\\/wp-content\\\/uploads\\\/2021\\\/01\\\/cropped-cropped-cambe_brazao-icone.png\",\"contentUrl\":\"https:\\\/\\\/www.cambe.pr.gov.br\\\/wp-content\\\/uploads\\\/2021\\\/01\\\/cropped-cropped-cambe_brazao-icone.png\",\"width\":240,\"height\":240,\"caption\":\"Prefeitura de Camb\u00e9\"},\"image\":{\"@id\":\"https:\\\/\\\/www.cambe.pr.gov.br\\\/#\\\/schema\\\/logo\\\/image\\\/\"},\"sameAs\":[\"https:\\\/\\\/m.facebook.com\\\/prefeituradecambe\"]},{\"@type\":\"Person\",\"@id\":\"https:\\\/\\\/www.cambe.pr.gov.br\\\/#\\\/schema\\\/person\\\/8e3ee69cb2cadf4b9f8377407227effd\",\"name\":\"Vinicius Augusto Batista Eira\",\"image\":{\"@type\":\"ImageObject\",\"inLanguage\":\"pt-BR\",\"@id\":\"https:\\\/\\\/secure.gravatar.com\\\/avatar\\\/1ec500de7013b30e1d4d7c8c3978f0e4433c37e5d5e4cd186239369c6440122b?s=96&d=mm&r=g\",\"url\":\"https:\\\/\\\/secure.gravatar.com\\\/avatar\\\/1ec500de7013b30e1d4d7c8c3978f0e4433c37e5d5e4cd186239369c6440122b?s=96&d=mm&r=g\",\"contentUrl\":\"https:\\\/\\\/secure.gravatar.com\\\/avatar\\\/1ec500de7013b30e1d4d7c8c3978f0e4433c37e5d5e4cd186239369c6440122b?s=96&d=mm&r=g\",\"caption\":\"Vinicius Augusto Batista Eira\"},\"url\":\"https:\\\/\\\/www.cambe.pr.gov.br\\\/index.php\\\/author\\\/vabeira\\\/\"}]}<\/script>\n<!-- \/ Yoast SEO plugin. -->","yoast_head_json":{"title":"Camb\u00e9 recebe encontro de patinadores neste s\u00e1bado (15) - Prefeitura de Camb\u00e9","robots":{"index":"index","follow":"follow","max-snippet":"max-snippet:-1","max-image-preview":"max-image-preview:large","max-video-preview":"max-video-preview:-1"},"canonical":"https:\/\/www.cambe.pr.gov.br\/index.php\/cambe-recebe-encontro-de-patinadores-neste-sabado-15\/","og_locale":"pt_BR","og_type":"article","og_title":"Camb\u00e9 recebe encontro de patinadores neste s\u00e1bado (15) - Prefeitura de Camb\u00e9","og_description":"Neste fim de semana, Camb\u00e9 e Londrina ser\u00e3o sede de um encontro de patinadores profissionais e amadores. Nos dias 14, 15 e 16, atletas e admiradores se re\u00fanem para passeios, competi\u00e7\u00e3o, atividades livres e apresenta\u00e7\u00f5es das modalidades Slalom e Slides. O evento \u00e9 realizado pela loja Inline Store e conta com o apoio da Prefeitura [&hellip;]","og_url":"https:\/\/www.cambe.pr.gov.br\/index.php\/cambe-recebe-encontro-de-patinadores-neste-sabado-15\/","og_site_name":"Prefeitura de Camb\u00e9","article_publisher":"https:\/\/m.facebook.com\/prefeituradecambe","article_published_time":"2025-02-11T19:44:08+00:00","og_image":[{"url":"https:\/\/www.cambe.pr.gov.br\/wp-content\/uploads\/2025\/02\/Imagem-do-WhatsApp-de-2025-02-11-as-15.38.16_624cb397-1024x819.jpg","type":"","width":"","height":""}],"author":"Vinicius Augusto Batista Eira","twitter_card":"summary_large_image","twitter_misc":{"Escrito por":"Vinicius Augusto Batista Eira","Est. tempo de leitura":"2 minutos"},"schema":{"@context":"https:\/\/schema.org","@graph":[{"@type":"Article","@id":"https:\/\/www.cambe.pr.gov.br\/index.php\/cambe-recebe-encontro-de-patinadores-neste-sabado-15\/#article","isPartOf":{"@id":"https:\/\/www.cambe.pr.gov.br\/index.php\/cambe-recebe-encontro-de-patinadores-neste-sabado-15\/"},"author":{"name":"Vinicius Augusto Batista Eira","@id":"https:\/\/www.cambe.pr.gov.br\/#\/schema\/person\/8e3ee69cb2cadf4b9f8377407227effd"},"headline":"Camb\u00e9 recebe encontro de patinadores neste s\u00e1bado (15)","datePublished":"2025-02-11T19:44:08+00:00","mainEntityOfPage":{"@id":"https:\/\/www.cambe.pr.gov.br\/index.php\/cambe-recebe-encontro-de-patinadores-neste-sabado-15\/"},"wordCount":289,"publisher":{"@id":"https:\/\/www.cambe.pr.gov.br\/#organization"},"image":{"@id":"https:\/\/www.cambe.pr.gov.br\/index.php\/cambe-recebe-encontro-de-patinadores-neste-sabado-15\/#primaryimage"},"thumbnailUrl":"https:\/\/www.cambe.pr.gov.br\/wp-content\/uploads\/2025\/02\/Imagem-do-WhatsApp-de-2025-02-11-as-15.38.16_624cb397-1024x819.jpg","articleSection":["Principal"],"inLanguage":"pt-BR"},{"@type":"WebPage","@id":"https:\/\/www.cambe.pr.gov.br\/index.php\/cambe-recebe-encontro-de-patinadores-neste-sabado-15\/","url":"https:\/\/www.cambe.pr.gov.br\/index.php\/cambe-recebe-encontro-de-patinadores-neste-sabado-15\/","name":"Camb\u00e9 recebe encontro de patinadores neste s\u00e1bado (15) - Prefeitura de Camb\u00e9","isPartOf":{"@id":"https:\/\/www.cambe.pr.gov.br\/#website"},"primaryImageOfPage":{"@id":"https:\/\/www.cambe.pr.gov.br\/index.php\/cambe-recebe-encontro-de-patinadores-neste-sabado-15\/#primaryimage"},"image":{"@id":"https:\/\/www.cambe.pr.gov.br\/index.php\/cambe-recebe-encontro-de-patinadores-neste-sabado-15\/#primaryimage"},"thumbnailUrl":"https:\/\/www.cambe.pr.gov.br\/wp-content\/uploads\/2025\/02\/Imagem-do-WhatsApp-de-2025-02-11-as-15.38.16_624cb397-1024x819.jpg","datePublished":"2025-02-11T19:44:08+00:00","breadcrumb":{"@id":"https:\/\/www.cambe.pr.gov.br\/index.php\/cambe-recebe-encontro-de-patinadores-neste-sabado-15\/#breadcrumb"},"inLanguage":"pt-BR","potentialAction":[{"@type":"ReadAction","target":["https:\/\/www.cambe.pr.gov.br\/index.php\/cambe-recebe-encontro-de-patinadores-neste-sabado-15\/"]}]},{"@type":"ImageObject","inLanguage":"pt-BR","@id":"https:\/\/www.cambe.pr.gov.br\/index.php\/cambe-recebe-encontro-de-patinadores-neste-sabado-15\/#primaryimage","url":"https:\/\/www.cambe.pr.gov.br\/wp-content\/uploads\/2025\/02\/Imagem-do-WhatsApp-de-2025-02-11-as-15.38.16_624cb397.jpg","contentUrl":"https:\/\/www.cambe.pr.gov.br\/wp-content\/uploads\/2025\/02\/Imagem-do-WhatsApp-de-2025-02-11-as-15.38.16_624cb397.jpg","width":1200,"height":960},{"@type":"BreadcrumbList","@id":"https:\/\/www.cambe.pr.gov.br\/index.php\/cambe-recebe-encontro-de-patinadores-neste-sabado-15\/#breadcrumb","itemListElement":[{"@type":"ListItem","position":1,"name":"In\u00edcio","item":"https:\/\/www.cambe.pr.gov.br\/"},{"@type":"ListItem","position":2,"name":"Camb\u00e9 recebe encontro de patinadores neste s\u00e1bado (15)"}]},{"@type":"WebSite","@id":"https:\/\/www.cambe.pr.gov.br\/#website","url":"https:\/\/www.cambe.pr.gov.br\/","name":"Prefeitura de Camb\u00e9","description":"UM GOVERNO PARA TODOS","publisher":{"@id":"https:\/\/www.cambe.pr.gov.br\/#organization"},"potentialAction":[{"@type":"SearchAction","target":{"@type":"EntryPoint","urlTemplate":"https:\/\/www.cambe.pr.gov.br\/?s={search_term_string}"},"query-input":{"@type":"PropertyValueSpecification","valueRequired":true,"valueName":"search_term_string"}}],"inLanguage":"pt-BR"},{"@type":"Organization","@id":"https:\/\/www.cambe.pr.gov.br\/#organization","name":"Prefeitura de Camb\u00e9","url":"https:\/\/www.cambe.pr.gov.br\/","logo":{"@type":"ImageObject","inLanguage":"pt-BR","@id":"https:\/\/www.cambe.pr.gov.br\/#\/schema\/logo\/image\/","url":"https:\/\/www.cambe.pr.gov.br\/wp-content\/uploads\/2021\/01\/cropped-cropped-cambe_brazao-icone.png","contentUrl":"https:\/\/www.cambe.pr.gov.br\/wp-content\/uploads\/2021\/01\/cropped-cropped-cambe_brazao-icone.png","width":240,"height":240,"caption":"Prefeitura de Camb\u00e9"},"image":{"@id":"https:\/\/www.cambe.pr.gov.br\/#\/schema\/logo\/image\/"},"sameAs":["https:\/\/m.facebook.com\/prefeituradecambe"]},{"@type":"Person","@id":"https:\/\/www.cambe.pr.gov.br\/#\/schema\/person\/8e3ee69cb2cadf4b9f8377407227effd","name":"Vinicius Augusto Batista Eira","image":{"@type":"ImageObject","inLanguage":"pt-BR","@id":"https:\/\/secure.gravatar.com\/avatar\/1ec500de7013b30e1d4d7c8c3978f0e4433c37e5d5e4cd186239369c6440122b?s=96&d=mm&r=g","url":"https:\/\/secure.gravatar.com\/avatar\/1ec500de7013b30e1d4d7c8c3978f0e4433c37e5d5e4cd186239369c6440122b?s=96&d=mm&r=g","contentUrl":"https:\/\/secure.gravatar.com\/avatar\/1ec500de7013b30e1d4d7c8c3978f0e4433c37e5d5e4cd186239369c6440122b?s=96&d=mm&r=g","caption":"Vinicius Augusto Batista Eira"},"url":"https:\/\/www.cambe.pr.gov.br\/index.php\/author\/vabeira\/"}]}},"_links":{"self":[{"href":"https:\/\/www.cambe.pr.gov.br\/index.php\/wp-json\/wp\/v2\/posts\/16071","targetHints":{"allow":["GET"]}}],"collection":[{"href":"https:\/\/www.cambe.pr.gov.br\/index.php\/wp-json\/wp\/v2\/posts"}],"about":[{"href":"https:\/\/www.cambe.pr.gov.br\/index.php\/wp-json\/wp\/v2\/types\/post"}],"author":[{"embeddable":true,"href":"https:\/\/www.cambe.pr.gov.br\/index.php\/wp-json\/wp\/v2\/users\/16"}],"replies":[{"embeddable":true,"href":"https:\/\/www.cambe.pr.gov.br\/index.php\/wp-json\/wp\/v2\/comments?post=16071"}],"version-history":[{"count":1,"href":"https:\/\/www.cambe.pr.gov.br\/index.php\/wp-json\/wp\/v2\/posts\/16071\/revisions"}],"predecessor-version":[{"id":16073,"href":"https:\/\/www.cambe.pr.gov.br\/index.php\/wp-json\/wp\/v2\/posts\/16071\/revisions\/16073"}],"wp:attachment":[{"href":"https:\/\/www.cambe.pr.gov.br\/index.php\/wp-json\/wp\/v2\/media?parent=16071"}],"wp:term":[{"taxonomy":"category","embeddable":true,"href":"https:\/\/www.cambe.pr.gov.br\/index.php\/wp-json\/wp\/v2\/categories?post=16071"},{"taxonomy":"post_tag","embeddable":true,"href":"https:\/\/www.cambe.pr.gov.br\/index.php\/wp-json\/wp\/v2\/tags?post=16071"}],"curies":[{"name":"wp","href":"https:\/\/api.w.org\/{rel}","templated":true}]}}