{"id":16067,"date":"2025-02-11T16:44:30","date_gmt":"2025-02-11T19:44:30","guid":{"rendered":"https:\/\/www.cambe.pr.gov.br\/?p=16067"},"modified":"2025-02-12T11:02:14","modified_gmt":"2025-02-12T14:02:14","slug":"prefeitura-abre-cadastro-para-doacao-de-racao-para-cuidadores-de-caes-e-gatos-2","status":"publish","type":"post","link":"https:\/\/www.cambe.pr.gov.br\/index.php\/prefeitura-abre-cadastro-para-doacao-de-racao-para-cuidadores-de-caes-e-gatos-2\/","title":{"rendered":"Prefeitura abre cadastro para doa\u00e7\u00e3o de ra\u00e7\u00e3o para cuidadores de c\u00e3es e gatos"},"content":{"rendered":"<p style=\"text-align: justify;\"><span style=\"font-weight: 400; font-family: arial, helvetica, sans-serif;\"><img fetchpriority=\"high\" decoding=\"async\" class=\"alignleft wp-image-16068 size-large\" src=\"https:\/\/www.cambe.pr.gov.br\/wp-content\/uploads\/2025\/02\/DSC_0029-copiar-1024x679.jpg\" alt=\"\" width=\"610\" height=\"404\" srcset=\"https:\/\/www.cambe.pr.gov.br\/wp-content\/uploads\/2025\/02\/DSC_0029-copiar-1024x679.jpg 1024w, https:\/\/www.cambe.pr.gov.br\/wp-content\/uploads\/2025\/02\/DSC_0029-copiar-300x199.jpg 300w, https:\/\/www.cambe.pr.gov.br\/wp-content\/uploads\/2025\/02\/DSC_0029-copiar-768x509.jpg 768w, https:\/\/www.cambe.pr.gov.br\/wp-content\/uploads\/2025\/02\/DSC_0029-copiar-1536x1018.jpg 1536w, https:\/\/www.cambe.pr.gov.br\/wp-content\/uploads\/2025\/02\/DSC_0029-copiar.jpg 2005w\" sizes=\"(max-width: 610px) 100vw, 610px\" \/>A Prefeitura de Camb\u00e9, por meio da Secretaria Municipal de Agricultura e Meio Ambiente, abre novo cadastro para ONGs ou cuidadores de c\u00e3es e gatos vulner\u00e1veis receberem doa\u00e7\u00e3o de ra\u00e7\u00e3o atrav\u00e9s do programa C\u00e3ob\u00e9. O prazo para inscri\u00e7\u00f5es come\u00e7a nesta sexta-feira (14) e vai at\u00e9 o pr\u00f3ximo dia 28, beneficiando entidades ou protetores que cuidam de, no m\u00ednimo, 10 animais. As inscri\u00e7\u00f5es devem ser feitas na sede da Secretaria, localizada na Rua Francisco Delgado Sanches, 189, das 8h30 \u00e0s 11h30 e das 13h \u00e0s 17h.<\/span><\/p>\n<p style=\"text-align: justify;\"><span style=\"font-weight: 400; font-family: arial, helvetica, sans-serif;\">O novo chamamento do projeto C\u00e3ob\u00e9 prev\u00ea o cadastro de novas ONGs, entidades, pessoas jur\u00eddicas, cuidadores e pessoas f\u00edsicas que cuidam de, no m\u00ednimo, 10 animais. Pessoas ou ONGs j\u00e1 cadastradas podem atualizar o n\u00famero de animais, se essa quantidade foi alterada. Caso n\u00e3o haja mudan\u00e7a do n\u00famero de animais, n\u00e3o \u00e9 necess\u00e1ria nenhuma atualiza\u00e7\u00e3o.<\/span><\/p>\n<p style=\"text-align: justify;\"><span style=\"font-weight: 400; font-family: arial, helvetica, sans-serif;\">As entidades e ONGs dever\u00e3o apresentar c\u00f3pia dos documentos da constitui\u00e7\u00e3o da entidade, c\u00f3pia dos documentos pessoais do presidente da entidade, c\u00f3pia do comprovante de endere\u00e7o do local do abrigo dos animais e tr\u00eas fotos do ambiente onde os animais ficam acolhidos.<\/span><\/p>\n<p style=\"text-align: justify;\"><span style=\"font-weight: 400; font-family: arial, helvetica, sans-serif;\">J\u00e1 cuidadores dever\u00e3o apresentar c\u00f3pia de documentos pessoais do respons\u00e1vel, c\u00f3pia do comprovante de resid\u00eancia e c\u00f3pia do comprovante de resid\u00eancia do local onde os animais est\u00e3o abrigados &#8211; caso seja diferente da moradia do cuidador. Tamb\u00e9m \u00e9 preciso apresentar tr\u00eas fotos do local onde os animais est\u00e3o acolhidos.<\/span><\/p>\n<p style=\"text-align: justify;\"><span style=\"font-family: arial, helvetica, sans-serif;\"><span style=\"font-weight: 400;\">Ap\u00f3s o cadastramento, a Prefeitura far\u00e1 uma verifica\u00e7\u00e3o das condi\u00e7\u00f5es dos ambientes e de cuidado onde os animais ficam. Caso seja atestada alguma irregularidade, ou algo n\u00e3o esteja de acordo, o cadastro poder\u00e1 ser reprovado.<\/span><\/span><\/p>\n<p style=\"text-align: justify;\"><span style=\"font-weight: 400; font-family: arial, helvetica, sans-serif;\">Conforme a Secretaria Municipal de Agricultura e Meio Ambiente, em 2024 foram feitas cinco entregas de ra\u00e7\u00e3o, com uma m\u00e9dia de cinco toneladas por entrega, direcionadas para 53 cuidadores. Cerca de 1.350 animais foram beneficiados com o programa.<\/span><\/p>\n","protected":false},"excerpt":{"rendered":"<p>A Prefeitura de Camb\u00e9, por meio da Secretaria Municipal de Agricultura e Meio Ambiente, abre novo cadastro para ONGs ou cuidadores de c\u00e3es e gatos vulner\u00e1veis receberem doa\u00e7\u00e3o de ra\u00e7\u00e3o atrav\u00e9s do programa C\u00e3ob\u00e9. O prazo para inscri\u00e7\u00f5es come\u00e7a nesta sexta-feira (14) e vai at\u00e9 o pr\u00f3ximo dia 28, beneficiando entidades ou protetores que cuidam [&hellip;]<\/p>\n","protected":false},"author":16,"featured_media":0,"comment_status":"closed","ping_status":"closed","sticky":false,"template":"","format":"standard","meta":{"ngg_post_thumbnail":0,"footnotes":""},"categories":[1],"tags":[],"class_list":["post-16067","post","type-post","status-publish","format-standard","hentry","category-principal"],"yoast_head":"<!-- This site is optimized with the Yoast SEO plugin v27.4 - https:\/\/yoast.com\/product\/yoast-seo-wordpress\/ -->\n<title>Prefeitura abre cadastro para doa\u00e7\u00e3o de ra\u00e7\u00e3o para cuidadores de c\u00e3es e gatos - Prefeitura de Camb\u00e9<\/title>\n<meta name=\"robots\" content=\"index, follow, max-snippet:-1, max-image-preview:large, max-video-preview:-1\" \/>\n<link rel=\"canonical\" href=\"https:\/\/www.cambe.pr.gov.br\/index.php\/prefeitura-abre-cadastro-para-doacao-de-racao-para-cuidadores-de-caes-e-gatos-2\/\" \/>\n<meta property=\"og:locale\" content=\"pt_BR\" \/>\n<meta property=\"og:type\" content=\"article\" \/>\n<meta property=\"og:title\" content=\"Prefeitura abre cadastro para doa\u00e7\u00e3o de ra\u00e7\u00e3o para cuidadores de c\u00e3es e gatos - Prefeitura de Camb\u00e9\" \/>\n<meta property=\"og:description\" content=\"A Prefeitura de Camb\u00e9, por meio da Secretaria Municipal de Agricultura e Meio Ambiente, abre novo cadastro para ONGs ou cuidadores de c\u00e3es e gatos vulner\u00e1veis receberem doa\u00e7\u00e3o de ra\u00e7\u00e3o atrav\u00e9s do programa C\u00e3ob\u00e9. O prazo para inscri\u00e7\u00f5es come\u00e7a nesta sexta-feira (14) e vai at\u00e9 o pr\u00f3ximo dia 28, beneficiando entidades ou protetores que cuidam [&hellip;]\" \/>\n<meta property=\"og:url\" content=\"https:\/\/www.cambe.pr.gov.br\/index.php\/prefeitura-abre-cadastro-para-doacao-de-racao-para-cuidadores-de-caes-e-gatos-2\/\" \/>\n<meta property=\"og:site_name\" content=\"Prefeitura de Camb\u00e9\" \/>\n<meta property=\"article:publisher\" content=\"https:\/\/m.facebook.com\/prefeituradecambe\" \/>\n<meta property=\"article:published_time\" content=\"2025-02-11T19:44:30+00:00\" \/>\n<meta property=\"article:modified_time\" content=\"2025-02-12T14:02:14+00:00\" \/>\n<meta property=\"og:image\" content=\"https:\/\/www.cambe.pr.gov.br\/wp-content\/uploads\/2025\/02\/DSC_0029-copiar-1024x679.jpg\" \/>\n<meta name=\"author\" content=\"Vinicius Augusto Batista Eira\" \/>\n<meta name=\"twitter:card\" content=\"summary_large_image\" \/>\n<meta name=\"twitter:label1\" content=\"Escrito por\" \/>\n\t<meta name=\"twitter:data1\" content=\"Vinicius Augusto Batista Eira\" \/>\n\t<meta name=\"twitter:label2\" content=\"Est. tempo de leitura\" \/>\n\t<meta name=\"twitter:data2\" content=\"2 minutos\" \/>\n<script type=\"application\/ld+json\" class=\"yoast-schema-graph\">{\"@context\":\"https:\\\/\\\/schema.org\",\"@graph\":[{\"@type\":\"Article\",\"@id\":\"https:\\\/\\\/www.cambe.pr.gov.br\\\/index.php\\\/prefeitura-abre-cadastro-para-doacao-de-racao-para-cuidadores-de-caes-e-gatos-2\\\/#article\",\"isPartOf\":{\"@id\":\"https:\\\/\\\/www.cambe.pr.gov.br\\\/index.php\\\/prefeitura-abre-cadastro-para-doacao-de-racao-para-cuidadores-de-caes-e-gatos-2\\\/\"},\"author\":{\"name\":\"Vinicius Augusto Batista Eira\",\"@id\":\"https:\\\/\\\/www.cambe.pr.gov.br\\\/#\\\/schema\\\/person\\\/8e3ee69cb2cadf4b9f8377407227effd\"},\"headline\":\"Prefeitura abre cadastro para doa\u00e7\u00e3o de ra\u00e7\u00e3o para cuidadores de c\u00e3es e gatos\",\"datePublished\":\"2025-02-11T19:44:30+00:00\",\"dateModified\":\"2025-02-12T14:02:14+00:00\",\"mainEntityOfPage\":{\"@id\":\"https:\\\/\\\/www.cambe.pr.gov.br\\\/index.php\\\/prefeitura-abre-cadastro-para-doacao-de-racao-para-cuidadores-de-caes-e-gatos-2\\\/\"},\"wordCount\":356,\"publisher\":{\"@id\":\"https:\\\/\\\/www.cambe.pr.gov.br\\\/#organization\"},\"image\":{\"@id\":\"https:\\\/\\\/www.cambe.pr.gov.br\\\/index.php\\\/prefeitura-abre-cadastro-para-doacao-de-racao-para-cuidadores-de-caes-e-gatos-2\\\/#primaryimage\"},\"thumbnailUrl\":\"https:\\\/\\\/www.cambe.pr.gov.br\\\/wp-content\\\/uploads\\\/2025\\\/02\\\/DSC_0029-copiar-1024x679.jpg\",\"articleSection\":[\"Principal\"],\"inLanguage\":\"pt-BR\"},{\"@type\":\"WebPage\",\"@id\":\"https:\\\/\\\/www.cambe.pr.gov.br\\\/index.php\\\/prefeitura-abre-cadastro-para-doacao-de-racao-para-cuidadores-de-caes-e-gatos-2\\\/\",\"url\":\"https:\\\/\\\/www.cambe.pr.gov.br\\\/index.php\\\/prefeitura-abre-cadastro-para-doacao-de-racao-para-cuidadores-de-caes-e-gatos-2\\\/\",\"name\":\"Prefeitura abre cadastro para doa\u00e7\u00e3o de ra\u00e7\u00e3o para cuidadores de c\u00e3es e gatos - Prefeitura de Camb\u00e9\",\"isPartOf\":{\"@id\":\"https:\\\/\\\/www.cambe.pr.gov.br\\\/#website\"},\"primaryImageOfPage\":{\"@id\":\"https:\\\/\\\/www.cambe.pr.gov.br\\\/index.php\\\/prefeitura-abre-cadastro-para-doacao-de-racao-para-cuidadores-de-caes-e-gatos-2\\\/#primaryimage\"},\"image\":{\"@id\":\"https:\\\/\\\/www.cambe.pr.gov.br\\\/index.php\\\/prefeitura-abre-cadastro-para-doacao-de-racao-para-cuidadores-de-caes-e-gatos-2\\\/#primaryimage\"},\"thumbnailUrl\":\"https:\\\/\\\/www.cambe.pr.gov.br\\\/wp-content\\\/uploads\\\/2025\\\/02\\\/DSC_0029-copiar-1024x679.jpg\",\"datePublished\":\"2025-02-11T19:44:30+00:00\",\"dateModified\":\"2025-02-12T14:02:14+00:00\",\"breadcrumb\":{\"@id\":\"https:\\\/\\\/www.cambe.pr.gov.br\\\/index.php\\\/prefeitura-abre-cadastro-para-doacao-de-racao-para-cuidadores-de-caes-e-gatos-2\\\/#breadcrumb\"},\"inLanguage\":\"pt-BR\",\"potentialAction\":[{\"@type\":\"ReadAction\",\"target\":[\"https:\\\/\\\/www.cambe.pr.gov.br\\\/index.php\\\/prefeitura-abre-cadastro-para-doacao-de-racao-para-cuidadores-de-caes-e-gatos-2\\\/\"]}]},{\"@type\":\"ImageObject\",\"inLanguage\":\"pt-BR\",\"@id\":\"https:\\\/\\\/www.cambe.pr.gov.br\\\/index.php\\\/prefeitura-abre-cadastro-para-doacao-de-racao-para-cuidadores-de-caes-e-gatos-2\\\/#primaryimage\",\"url\":\"https:\\\/\\\/www.cambe.pr.gov.br\\\/wp-content\\\/uploads\\\/2025\\\/02\\\/DSC_0029-copiar.jpg\",\"contentUrl\":\"https:\\\/\\\/www.cambe.pr.gov.br\\\/wp-content\\\/uploads\\\/2025\\\/02\\\/DSC_0029-copiar.jpg\",\"width\":2005,\"height\":1329},{\"@type\":\"BreadcrumbList\",\"@id\":\"https:\\\/\\\/www.cambe.pr.gov.br\\\/index.php\\\/prefeitura-abre-cadastro-para-doacao-de-racao-para-cuidadores-de-caes-e-gatos-2\\\/#breadcrumb\",\"itemListElement\":[{\"@type\":\"ListItem\",\"position\":1,\"name\":\"In\u00edcio\",\"item\":\"https:\\\/\\\/www.cambe.pr.gov.br\\\/\"},{\"@type\":\"ListItem\",\"position\":2,\"name\":\"Prefeitura abre cadastro para doa\u00e7\u00e3o de ra\u00e7\u00e3o para cuidadores de c\u00e3es e gatos\"}]},{\"@type\":\"WebSite\",\"@id\":\"https:\\\/\\\/www.cambe.pr.gov.br\\\/#website\",\"url\":\"https:\\\/\\\/www.cambe.pr.gov.br\\\/\",\"name\":\"Prefeitura de Camb\u00e9\",\"description\":\"UM GOVERNO PARA TODOS\",\"publisher\":{\"@id\":\"https:\\\/\\\/www.cambe.pr.gov.br\\\/#organization\"},\"potentialAction\":[{\"@type\":\"SearchAction\",\"target\":{\"@type\":\"EntryPoint\",\"urlTemplate\":\"https:\\\/\\\/www.cambe.pr.gov.br\\\/?s={search_term_string}\"},\"query-input\":{\"@type\":\"PropertyValueSpecification\",\"valueRequired\":true,\"valueName\":\"search_term_string\"}}],\"inLanguage\":\"pt-BR\"},{\"@type\":\"Organization\",\"@id\":\"https:\\\/\\\/www.cambe.pr.gov.br\\\/#organization\",\"name\":\"Prefeitura de Camb\u00e9\",\"url\":\"https:\\\/\\\/www.cambe.pr.gov.br\\\/\",\"logo\":{\"@type\":\"ImageObject\",\"inLanguage\":\"pt-BR\",\"@id\":\"https:\\\/\\\/www.cambe.pr.gov.br\\\/#\\\/schema\\\/logo\\\/image\\\/\",\"url\":\"https:\\\/\\\/www.cambe.pr.gov.br\\\/wp-content\\\/uploads\\\/2021\\\/01\\\/cropped-cropped-cambe_brazao-icone.png\",\"contentUrl\":\"https:\\\/\\\/www.cambe.pr.gov.br\\\/wp-content\\\/uploads\\\/2021\\\/01\\\/cropped-cropped-cambe_brazao-icone.png\",\"width\":240,\"height\":240,\"caption\":\"Prefeitura de Camb\u00e9\"},\"image\":{\"@id\":\"https:\\\/\\\/www.cambe.pr.gov.br\\\/#\\\/schema\\\/logo\\\/image\\\/\"},\"sameAs\":[\"https:\\\/\\\/m.facebook.com\\\/prefeituradecambe\"]},{\"@type\":\"Person\",\"@id\":\"https:\\\/\\\/www.cambe.pr.gov.br\\\/#\\\/schema\\\/person\\\/8e3ee69cb2cadf4b9f8377407227effd\",\"name\":\"Vinicius Augusto Batista Eira\",\"image\":{\"@type\":\"ImageObject\",\"inLanguage\":\"pt-BR\",\"@id\":\"https:\\\/\\\/secure.gravatar.com\\\/avatar\\\/1ec500de7013b30e1d4d7c8c3978f0e4433c37e5d5e4cd186239369c6440122b?s=96&d=mm&r=g\",\"url\":\"https:\\\/\\\/secure.gravatar.com\\\/avatar\\\/1ec500de7013b30e1d4d7c8c3978f0e4433c37e5d5e4cd186239369c6440122b?s=96&d=mm&r=g\",\"contentUrl\":\"https:\\\/\\\/secure.gravatar.com\\\/avatar\\\/1ec500de7013b30e1d4d7c8c3978f0e4433c37e5d5e4cd186239369c6440122b?s=96&d=mm&r=g\",\"caption\":\"Vinicius Augusto Batista Eira\"},\"url\":\"https:\\\/\\\/www.cambe.pr.gov.br\\\/index.php\\\/author\\\/vabeira\\\/\"}]}<\/script>\n<!-- \/ Yoast SEO plugin. -->","yoast_head_json":{"title":"Prefeitura abre cadastro para doa\u00e7\u00e3o de ra\u00e7\u00e3o para cuidadores de c\u00e3es e gatos - Prefeitura de Camb\u00e9","robots":{"index":"index","follow":"follow","max-snippet":"max-snippet:-1","max-image-preview":"max-image-preview:large","max-video-preview":"max-video-preview:-1"},"canonical":"https:\/\/www.cambe.pr.gov.br\/index.php\/prefeitura-abre-cadastro-para-doacao-de-racao-para-cuidadores-de-caes-e-gatos-2\/","og_locale":"pt_BR","og_type":"article","og_title":"Prefeitura abre cadastro para doa\u00e7\u00e3o de ra\u00e7\u00e3o para cuidadores de c\u00e3es e gatos - Prefeitura de Camb\u00e9","og_description":"A Prefeitura de Camb\u00e9, por meio da Secretaria Municipal de Agricultura e Meio Ambiente, abre novo cadastro para ONGs ou cuidadores de c\u00e3es e gatos vulner\u00e1veis receberem doa\u00e7\u00e3o de ra\u00e7\u00e3o atrav\u00e9s do programa C\u00e3ob\u00e9. O prazo para inscri\u00e7\u00f5es come\u00e7a nesta sexta-feira (14) e vai at\u00e9 o pr\u00f3ximo dia 28, beneficiando entidades ou protetores que cuidam [&hellip;]","og_url":"https:\/\/www.cambe.pr.gov.br\/index.php\/prefeitura-abre-cadastro-para-doacao-de-racao-para-cuidadores-de-caes-e-gatos-2\/","og_site_name":"Prefeitura de Camb\u00e9","article_publisher":"https:\/\/m.facebook.com\/prefeituradecambe","article_published_time":"2025-02-11T19:44:30+00:00","article_modified_time":"2025-02-12T14:02:14+00:00","og_image":[{"url":"https:\/\/www.cambe.pr.gov.br\/wp-content\/uploads\/2025\/02\/DSC_0029-copiar-1024x679.jpg","type":"","width":"","height":""}],"author":"Vinicius Augusto Batista Eira","twitter_card":"summary_large_image","twitter_misc":{"Escrito por":"Vinicius Augusto Batista Eira","Est. tempo de leitura":"2 minutos"},"schema":{"@context":"https:\/\/schema.org","@graph":[{"@type":"Article","@id":"https:\/\/www.cambe.pr.gov.br\/index.php\/prefeitura-abre-cadastro-para-doacao-de-racao-para-cuidadores-de-caes-e-gatos-2\/#article","isPartOf":{"@id":"https:\/\/www.cambe.pr.gov.br\/index.php\/prefeitura-abre-cadastro-para-doacao-de-racao-para-cuidadores-de-caes-e-gatos-2\/"},"author":{"name":"Vinicius Augusto Batista Eira","@id":"https:\/\/www.cambe.pr.gov.br\/#\/schema\/person\/8e3ee69cb2cadf4b9f8377407227effd"},"headline":"Prefeitura abre cadastro para doa\u00e7\u00e3o de ra\u00e7\u00e3o para cuidadores de c\u00e3es e gatos","datePublished":"2025-02-11T19:44:30+00:00","dateModified":"2025-02-12T14:02:14+00:00","mainEntityOfPage":{"@id":"https:\/\/www.cambe.pr.gov.br\/index.php\/prefeitura-abre-cadastro-para-doacao-de-racao-para-cuidadores-de-caes-e-gatos-2\/"},"wordCount":356,"publisher":{"@id":"https:\/\/www.cambe.pr.gov.br\/#organization"},"image":{"@id":"https:\/\/www.cambe.pr.gov.br\/index.php\/prefeitura-abre-cadastro-para-doacao-de-racao-para-cuidadores-de-caes-e-gatos-2\/#primaryimage"},"thumbnailUrl":"https:\/\/www.cambe.pr.gov.br\/wp-content\/uploads\/2025\/02\/DSC_0029-copiar-1024x679.jpg","articleSection":["Principal"],"inLanguage":"pt-BR"},{"@type":"WebPage","@id":"https:\/\/www.cambe.pr.gov.br\/index.php\/prefeitura-abre-cadastro-para-doacao-de-racao-para-cuidadores-de-caes-e-gatos-2\/","url":"https:\/\/www.cambe.pr.gov.br\/index.php\/prefeitura-abre-cadastro-para-doacao-de-racao-para-cuidadores-de-caes-e-gatos-2\/","name":"Prefeitura abre cadastro para doa\u00e7\u00e3o de ra\u00e7\u00e3o para cuidadores de c\u00e3es e gatos - Prefeitura de Camb\u00e9","isPartOf":{"@id":"https:\/\/www.cambe.pr.gov.br\/#website"},"primaryImageOfPage":{"@id":"https:\/\/www.cambe.pr.gov.br\/index.php\/prefeitura-abre-cadastro-para-doacao-de-racao-para-cuidadores-de-caes-e-gatos-2\/#primaryimage"},"image":{"@id":"https:\/\/www.cambe.pr.gov.br\/index.php\/prefeitura-abre-cadastro-para-doacao-de-racao-para-cuidadores-de-caes-e-gatos-2\/#primaryimage"},"thumbnailUrl":"https:\/\/www.cambe.pr.gov.br\/wp-content\/uploads\/2025\/02\/DSC_0029-copiar-1024x679.jpg","datePublished":"2025-02-11T19:44:30+00:00","dateModified":"2025-02-12T14:02:14+00:00","breadcrumb":{"@id":"https:\/\/www.cambe.pr.gov.br\/index.php\/prefeitura-abre-cadastro-para-doacao-de-racao-para-cuidadores-de-caes-e-gatos-2\/#breadcrumb"},"inLanguage":"pt-BR","potentialAction":[{"@type":"ReadAction","target":["https:\/\/www.cambe.pr.gov.br\/index.php\/prefeitura-abre-cadastro-para-doacao-de-racao-para-cuidadores-de-caes-e-gatos-2\/"]}]},{"@type":"ImageObject","inLanguage":"pt-BR","@id":"https:\/\/www.cambe.pr.gov.br\/index.php\/prefeitura-abre-cadastro-para-doacao-de-racao-para-cuidadores-de-caes-e-gatos-2\/#primaryimage","url":"https:\/\/www.cambe.pr.gov.br\/wp-content\/uploads\/2025\/02\/DSC_0029-copiar.jpg","contentUrl":"https:\/\/www.cambe.pr.gov.br\/wp-content\/uploads\/2025\/02\/DSC_0029-copiar.jpg","width":2005,"height":1329},{"@type":"BreadcrumbList","@id":"https:\/\/www.cambe.pr.gov.br\/index.php\/prefeitura-abre-cadastro-para-doacao-de-racao-para-cuidadores-de-caes-e-gatos-2\/#breadcrumb","itemListElement":[{"@type":"ListItem","position":1,"name":"In\u00edcio","item":"https:\/\/www.cambe.pr.gov.br\/"},{"@type":"ListItem","position":2,"name":"Prefeitura abre cadastro para doa\u00e7\u00e3o de ra\u00e7\u00e3o para cuidadores de c\u00e3es e gatos"}]},{"@type":"WebSite","@id":"https:\/\/www.cambe.pr.gov.br\/#website","url":"https:\/\/www.cambe.pr.gov.br\/","name":"Prefeitura de Camb\u00e9","description":"UM GOVERNO PARA TODOS","publisher":{"@id":"https:\/\/www.cambe.pr.gov.br\/#organization"},"potentialAction":[{"@type":"SearchAction","target":{"@type":"EntryPoint","urlTemplate":"https:\/\/www.cambe.pr.gov.br\/?s={search_term_string}"},"query-input":{"@type":"PropertyValueSpecification","valueRequired":true,"valueName":"search_term_string"}}],"inLanguage":"pt-BR"},{"@type":"Organization","@id":"https:\/\/www.cambe.pr.gov.br\/#organization","name":"Prefeitura de Camb\u00e9","url":"https:\/\/www.cambe.pr.gov.br\/","logo":{"@type":"ImageObject","inLanguage":"pt-BR","@id":"https:\/\/www.cambe.pr.gov.br\/#\/schema\/logo\/image\/","url":"https:\/\/www.cambe.pr.gov.br\/wp-content\/uploads\/2021\/01\/cropped-cropped-cambe_brazao-icone.png","contentUrl":"https:\/\/www.cambe.pr.gov.br\/wp-content\/uploads\/2021\/01\/cropped-cropped-cambe_brazao-icone.png","width":240,"height":240,"caption":"Prefeitura de Camb\u00e9"},"image":{"@id":"https:\/\/www.cambe.pr.gov.br\/#\/schema\/logo\/image\/"},"sameAs":["https:\/\/m.facebook.com\/prefeituradecambe"]},{"@type":"Person","@id":"https:\/\/www.cambe.pr.gov.br\/#\/schema\/person\/8e3ee69cb2cadf4b9f8377407227effd","name":"Vinicius Augusto Batista Eira","image":{"@type":"ImageObject","inLanguage":"pt-BR","@id":"https:\/\/secure.gravatar.com\/avatar\/1ec500de7013b30e1d4d7c8c3978f0e4433c37e5d5e4cd186239369c6440122b?s=96&d=mm&r=g","url":"https:\/\/secure.gravatar.com\/avatar\/1ec500de7013b30e1d4d7c8c3978f0e4433c37e5d5e4cd186239369c6440122b?s=96&d=mm&r=g","contentUrl":"https:\/\/secure.gravatar.com\/avatar\/1ec500de7013b30e1d4d7c8c3978f0e4433c37e5d5e4cd186239369c6440122b?s=96&d=mm&r=g","caption":"Vinicius Augusto Batista Eira"},"url":"https:\/\/www.cambe.pr.gov.br\/index.php\/author\/vabeira\/"}]}},"_links":{"self":[{"href":"https:\/\/www.cambe.pr.gov.br\/index.php\/wp-json\/wp\/v2\/posts\/16067","targetHints":{"allow":["GET"]}}],"collection":[{"href":"https:\/\/www.cambe.pr.gov.br\/index.php\/wp-json\/wp\/v2\/posts"}],"about":[{"href":"https:\/\/www.cambe.pr.gov.br\/index.php\/wp-json\/wp\/v2\/types\/post"}],"author":[{"embeddable":true,"href":"https:\/\/www.cambe.pr.gov.br\/index.php\/wp-json\/wp\/v2\/users\/16"}],"replies":[{"embeddable":true,"href":"https:\/\/www.cambe.pr.gov.br\/index.php\/wp-json\/wp\/v2\/comments?post=16067"}],"version-history":[{"count":6,"href":"https:\/\/www.cambe.pr.gov.br\/index.php\/wp-json\/wp\/v2\/posts\/16067\/revisions"}],"predecessor-version":[{"id":16084,"href":"https:\/\/www.cambe.pr.gov.br\/index.php\/wp-json\/wp\/v2\/posts\/16067\/revisions\/16084"}],"wp:attachment":[{"href":"https:\/\/www.cambe.pr.gov.br\/index.php\/wp-json\/wp\/v2\/media?parent=16067"}],"wp:term":[{"taxonomy":"category","embeddable":true,"href":"https:\/\/www.cambe.pr.gov.br\/index.php\/wp-json\/wp\/v2\/categories?post=16067"},{"taxonomy":"post_tag","embeddable":true,"href":"https:\/\/www.cambe.pr.gov.br\/index.php\/wp-json\/wp\/v2\/tags?post=16067"}],"curies":[{"name":"wp","href":"https:\/\/api.w.org\/{rel}","templated":true}]}}