{"id":16064,"date":"2025-02-11T16:44:47","date_gmt":"2025-02-11T19:44:47","guid":{"rendered":"https:\/\/www.cambe.pr.gov.br\/?p=16064"},"modified":"2025-02-11T16:44:47","modified_gmt":"2025-02-11T19:44:47","slug":"cambe-recebe-selo-ouro-do-programa-crianca-alfabetizada-do-ministerio-da-educacao","status":"publish","type":"post","link":"https:\/\/www.cambe.pr.gov.br\/index.php\/cambe-recebe-selo-ouro-do-programa-crianca-alfabetizada-do-ministerio-da-educacao\/","title":{"rendered":"Camb\u00e9 recebe Selo Ouro do programa Crian\u00e7a Alfabetizada do Minist\u00e9rio da Educa\u00e7\u00e3o"},"content":{"rendered":"<div id=\"attachment_16065\" style=\"width: 610px\" class=\"wp-caption alignleft\"><img fetchpriority=\"high\" decoding=\"async\" aria-describedby=\"caption-attachment-16065\" class=\"wp-image-16065 size-full\" src=\"https:\/\/www.cambe.pr.gov.br\/wp-content\/uploads\/2025\/02\/Imagem-do-WhatsApp-de-2025-02-11-as-15.45.14_c4e478b3-e1739301591569.jpg\" alt=\"\" width=\"600\" height=\"480\" \/><p id=\"caption-attachment-16065\" class=\"wp-caption-text\">A secret\u00e1ria de Educa\u00e7\u00e3o e Cultura, Estela Camata, ressalta que a premia\u00e7\u00e3o s\u00f3 \u00e9 poss\u00edvel gra\u00e7as ao esfor\u00e7o e investimento de toda a rede<\/p><\/div>\n<p style=\"text-align: justify;\"><span style=\"font-weight: 400; font-family: arial, helvetica, sans-serif;\">Em reconhecimento \u00e0s a\u00e7\u00f5es que asseguram o direito \u00e0 alfabetiza\u00e7\u00e3o, o Minist\u00e9rio da Educa\u00e7\u00e3o (MEC) promoveu evento em Bras\u00edlia nesta segunda-feira (10) para premiar munic\u00edpios que se destacam na alfabetiza\u00e7\u00e3o infantil. Camb\u00e9 recebeu a maior honraria do evento, com o Selo Ouro do programa Crian\u00e7a Alfabetizada, por conta de iniciativas de sucesso nas salas de aula. Em 2023, segundo pesquisa do MEC, 79,1% das crian\u00e7as da rede municipal terminaram o 2\u00ba ano do ensino fundamental j\u00e1 sabendo ler e escrever.<\/span><\/p>\n<p style=\"text-align: justify;\"><span style=\"font-weight: 400; font-family: arial, helvetica, sans-serif;\">Ao todo, 4.629 munic\u00edpios e 27 estados foram premiados. Deles, 2.592 munic\u00edpios e 13 estados, incluindo Camb\u00e9 e Paran\u00e1, receberam o Selo Ouro. Enquanto, 1.062 munic\u00edpios e nove estados ganharam o Selo Prata; e mais 533 munic\u00edpios e tr\u00eas estados o Selo Bronze.<\/span><\/p>\n<p style=\"text-align: justify;\"><span style=\"font-weight: 400; font-family: arial, helvetica, sans-serif;\">O selo foi criado para reconhecer os esfor\u00e7os e boas iniciativas das gest\u00f5es municipais na formula\u00e7\u00e3o e implementa\u00e7\u00e3o de pol\u00edticas, programas e estrat\u00e9gias que garantam o direito das crian\u00e7as \u00e0 alfabetiza\u00e7\u00e3o. Entre os objetivos do selo est\u00e1 o incentivo \u00e0 ado\u00e7\u00e3o de pol\u00edticas, programas, estrat\u00e9gias e pr\u00e1ticas de gest\u00e3o p\u00fablica da educa\u00e7\u00e3o comprometidas com as metas de alfabetiza\u00e7\u00e3o e de redu\u00e7\u00e3o de desigualdades estabelecidas no Plano Nacional de Educa\u00e7\u00e3o (PNE) e no Compromisso Nacional Crian\u00e7a Alfabetizada (CNCA).<\/span><\/p>\n<p style=\"text-align: justify;\"><span style=\"font-weight: 400; font-family: arial, helvetica, sans-serif;\">Para estabelecer o ranqueamento dos munic\u00edpios, o MEC criou uma comiss\u00e3o gestora que analisou as iniciativas das Prefeituras, e estabeleceu 20 crit\u00e9rios de avalia\u00e7\u00e3o e pontua\u00e7\u00e3o organizados entre a\u00e7\u00f5es de integra\u00e7\u00e3o; institucionaliza\u00e7\u00e3o da pol\u00edtica de alfabetiza\u00e7\u00e3o; implementa\u00e7\u00e3o da pol\u00edtica de alfabetiza\u00e7\u00e3o; a\u00e7\u00f5es de forma\u00e7\u00e3o docente; e distribui\u00e7\u00e3o de material did\u00e1tico complementar. Com uma das maiores notas, Camb\u00e9 recebeu o Selo Ouro.<\/span><\/p>\n<p style=\"text-align: justify;\"><span style=\"font-weight: 400; font-family: arial, helvetica, sans-serif;\">A secret\u00e1ria de Educa\u00e7\u00e3o e Cultura, Estela Camata, explica que receber o reconhecimento do selo de ouro traz o sentimento de realiza\u00e7\u00e3o e que todo o trabalho que tem sido feito na rede de educa\u00e7\u00e3o municipal est\u00e1 no caminho certo. Esse selo de ouro s\u00f3 foi entregue aos munic\u00edpios que tiveram, aqui em Bras\u00edlia, nota 100 na avalia\u00e7\u00e3o do Compromisso da Crian\u00e7a Alfabetizada. E isso s\u00f3 \u00e9 poss\u00edvel gra\u00e7as ao compromisso de toda uma rede. Compromisso da Secretaria de Educa\u00e7\u00e3o, dos nossos diretores, coordenadores, pedag\u00f3gicos, dos articuladores da alfabetiza\u00e7\u00e3o, como tamb\u00e9m e, principalmente, os professores que est\u00e3o l\u00e1 na sala alfabetizando nossas crian\u00e7as. Al\u00e9m disso, os investimentos feitos na educa\u00e7\u00e3o pelo nosso prefeito Conrado Scheller. Que n\u00e3o mede esfor\u00e7os para a gente poder ter e oferecer aos nossos professores uma forma\u00e7\u00e3o continuada durante o ano todo, manuten\u00e7\u00e3o dos espa\u00e7os, constru\u00e7\u00e3o de novas unidades e mais seguran\u00e7a para as crian\u00e7as e profissionais da educa\u00e7\u00e3o. Tudo isso garante que as nossas crian\u00e7as tenham a garantia de futuro com a melhor educa\u00e7\u00e3o.\u201d<\/span><\/p>\n<p style=\"text-align: justify;\"><span style=\"font-weight: 400; font-family: arial, helvetica, sans-serif;\">Segundo o prefeito Conrado Scheller, n\u00e3o existe nada mais importante na cidade de Camb\u00e9 do que as crian\u00e7as. E \u00edndices e premia\u00e7\u00f5es t\u00e3o positivas como esses s\u00e3o motivos de orgulho para toda a gest\u00e3o. \u201cO investimento nas nossas crian\u00e7as \u00e9 o verdadeiro investimento que podemos fazer para uma cidade. Muitas pessoas perguntam qual foi a maior obra do nosso governo, e eu podia falar do viaduto, da Jos\u00e9 Bonif\u00e1cio, UBS, mas a maior obra que fizemos foi na educa\u00e7\u00e3o. D\u00e1 orgulho de ver essa molecada toda uniformizada, com materiais, mais dignidade na escola, menos desigualdade. Tudo isso reflete na melhoria da educa\u00e7\u00e3o e nesses \u00edndices\u201d, ressaltou o prefeito.<\/span><\/p>\n<p>&nbsp;<\/p>\n<p style=\"text-align: justify;\"><strong><span style=\"font-family: arial, helvetica, sans-serif;\">Destaque nacional na alfabetiza\u00e7\u00e3o<\/span><\/strong><\/p>\n<p style=\"text-align: justify;\"><span style=\"font-weight: 400; font-family: arial, helvetica, sans-serif;\">Camb\u00e9 vem se destacando com bons \u00edndices de alfabetiza\u00e7\u00e3o desde 2023. <a href=\"https:\/\/www.cambe.pr.gov.br\/index.php\/cambe-registra-media-de-criancas-alfabetizadas-maior-que-nacional-estadual-e-regiao-em-pesquisa-do-mec\/\" target=\"_blank\" rel=\"noopener\"><strong>Em junho do ano passado<\/strong><\/a>, o MEC divulgou a primeira pesquisa Alfabetiza Brasil, do Compromisso Crian\u00e7a Alfabetizada. Os \u00edndices mostraram que 79,1% das crian\u00e7as ao final do 2\u00ba ano foram alfabetizadas em Camb\u00e9. A m\u00e9dia foi maior que a nacional, que registrou 56% das crian\u00e7as alfabetizadas; do estado, que registrou 73%; e dos munic\u00edpios da regi\u00e3o, com Arapongas com 76%, Londrina, Rol\u00e2ndia e Ibipor\u00e3 com 73%.<\/span><\/p>\n<p style=\"text-align: justify;\"><span style=\"font-weight: 400; font-family: arial, helvetica, sans-serif;\">Em novembro, Camb\u00e9 ainda <a href=\"https:\/\/www.cambe.pr.gov.br\/index.php\/cambe-recebe-premiacao-estadual-por-desempenho-na-alfabetizacao-de-criancas\/\" target=\"_blank\" rel=\"noopener\"><strong>recebeu um pr\u00eamio<\/strong><\/a> da Uni\u00e3o dos Dirigentes Municipais de Educa\u00e7\u00e3o Seccional Paran\u00e1 (Undime-PR), tamb\u00e9m em reconhecimento ao indicador, no F\u00f3rum de Educa\u00e7\u00e3o do Paran\u00e1, em Foz do Igua\u00e7u.\u00a0<\/span><\/p>\n<p style=\"text-align: justify;\"><span style=\"font-weight: 400; font-family: arial, helvetica, sans-serif;\">A expectativa em todo o estado \u00e9 de que at\u00e9 2029, o n\u00famero dos 80% j\u00e1 seja superado &#8211; Camb\u00e9 j\u00e1 quase atingiu a meta. No pa\u00eds, ser\u00e3o estabelecidas a\u00e7\u00f5es para que todas as crian\u00e7as sejam alfabetizadas at\u00e9 2030. Para isso, o MEC j\u00e1 investiu mais de R$ 1 bilh\u00e3o com pol\u00edticas de alfabetiza\u00e7\u00e3o, comit\u00eas estrat\u00e9gicos, sistema de avalia\u00e7\u00e3o de aprendizagem, forma\u00e7\u00e3o de professores, compra de materiais complementares de apoio \u00e0\u00a0 alfabetiza\u00e7\u00e3o para docentes e estudantes e constru\u00e7\u00e3o de cantinhos da leitura.<\/span><\/p>\n","protected":false},"excerpt":{"rendered":"<p>Em reconhecimento \u00e0s a\u00e7\u00f5es que asseguram o direito \u00e0 alfabetiza\u00e7\u00e3o, o Minist\u00e9rio da Educa\u00e7\u00e3o (MEC) promoveu evento em Bras\u00edlia nesta segunda-feira (10) para premiar munic\u00edpios que se destacam na alfabetiza\u00e7\u00e3o infantil. Camb\u00e9 recebeu a maior honraria do evento, com o Selo Ouro do programa Crian\u00e7a Alfabetizada, por conta de iniciativas de sucesso nas salas de [&hellip;]<\/p>\n","protected":false},"author":16,"featured_media":0,"comment_status":"closed","ping_status":"closed","sticky":false,"template":"","format":"standard","meta":{"ngg_post_thumbnail":0,"footnotes":""},"categories":[1],"tags":[],"class_list":["post-16064","post","type-post","status-publish","format-standard","hentry","category-principal"],"yoast_head":"<!-- This site is optimized with the Yoast SEO plugin v27.4 - https:\/\/yoast.com\/product\/yoast-seo-wordpress\/ -->\n<title>Camb\u00e9 recebe Selo Ouro do programa Crian\u00e7a Alfabetizada do Minist\u00e9rio da Educa\u00e7\u00e3o - Prefeitura de Camb\u00e9<\/title>\n<meta name=\"robots\" content=\"index, follow, max-snippet:-1, max-image-preview:large, max-video-preview:-1\" \/>\n<link rel=\"canonical\" href=\"https:\/\/www.cambe.pr.gov.br\/index.php\/cambe-recebe-selo-ouro-do-programa-crianca-alfabetizada-do-ministerio-da-educacao\/\" \/>\n<meta property=\"og:locale\" content=\"pt_BR\" \/>\n<meta property=\"og:type\" content=\"article\" \/>\n<meta property=\"og:title\" content=\"Camb\u00e9 recebe Selo Ouro do programa Crian\u00e7a Alfabetizada do Minist\u00e9rio da Educa\u00e7\u00e3o - Prefeitura de Camb\u00e9\" \/>\n<meta property=\"og:description\" content=\"Em reconhecimento \u00e0s a\u00e7\u00f5es que asseguram o direito \u00e0 alfabetiza\u00e7\u00e3o, o Minist\u00e9rio da Educa\u00e7\u00e3o (MEC) promoveu evento em Bras\u00edlia nesta segunda-feira (10) para premiar munic\u00edpios que se destacam na alfabetiza\u00e7\u00e3o infantil. Camb\u00e9 recebeu a maior honraria do evento, com o Selo Ouro do programa Crian\u00e7a Alfabetizada, por conta de iniciativas de sucesso nas salas de [&hellip;]\" \/>\n<meta property=\"og:url\" content=\"https:\/\/www.cambe.pr.gov.br\/index.php\/cambe-recebe-selo-ouro-do-programa-crianca-alfabetizada-do-ministerio-da-educacao\/\" \/>\n<meta property=\"og:site_name\" content=\"Prefeitura de Camb\u00e9\" \/>\n<meta property=\"article:publisher\" content=\"https:\/\/m.facebook.com\/prefeituradecambe\" \/>\n<meta property=\"article:published_time\" content=\"2025-02-11T19:44:47+00:00\" \/>\n<meta property=\"og:image\" content=\"https:\/\/www.cambe.pr.gov.br\/wp-content\/uploads\/2025\/02\/Imagem-do-WhatsApp-de-2025-02-11-as-15.45.14_c4e478b3-e1739301591569.jpg\" \/>\n<meta name=\"author\" content=\"Vinicius Augusto Batista Eira\" \/>\n<meta name=\"twitter:card\" content=\"summary_large_image\" \/>\n<meta name=\"twitter:label1\" content=\"Escrito por\" \/>\n\t<meta name=\"twitter:data1\" content=\"Vinicius Augusto Batista Eira\" \/>\n\t<meta name=\"twitter:label2\" content=\"Est. tempo de leitura\" \/>\n\t<meta name=\"twitter:data2\" content=\"5 minutos\" \/>\n<script type=\"application\/ld+json\" class=\"yoast-schema-graph\">{\"@context\":\"https:\\\/\\\/schema.org\",\"@graph\":[{\"@type\":\"Article\",\"@id\":\"https:\\\/\\\/www.cambe.pr.gov.br\\\/index.php\\\/cambe-recebe-selo-ouro-do-programa-crianca-alfabetizada-do-ministerio-da-educacao\\\/#article\",\"isPartOf\":{\"@id\":\"https:\\\/\\\/www.cambe.pr.gov.br\\\/index.php\\\/cambe-recebe-selo-ouro-do-programa-crianca-alfabetizada-do-ministerio-da-educacao\\\/\"},\"author\":{\"name\":\"Vinicius Augusto Batista Eira\",\"@id\":\"https:\\\/\\\/www.cambe.pr.gov.br\\\/#\\\/schema\\\/person\\\/8e3ee69cb2cadf4b9f8377407227effd\"},\"headline\":\"Camb\u00e9 recebe Selo Ouro do programa Crian\u00e7a Alfabetizada do Minist\u00e9rio da Educa\u00e7\u00e3o\",\"datePublished\":\"2025-02-11T19:44:47+00:00\",\"mainEntityOfPage\":{\"@id\":\"https:\\\/\\\/www.cambe.pr.gov.br\\\/index.php\\\/cambe-recebe-selo-ouro-do-programa-crianca-alfabetizada-do-ministerio-da-educacao\\\/\"},\"wordCount\":874,\"publisher\":{\"@id\":\"https:\\\/\\\/www.cambe.pr.gov.br\\\/#organization\"},\"image\":{\"@id\":\"https:\\\/\\\/www.cambe.pr.gov.br\\\/index.php\\\/cambe-recebe-selo-ouro-do-programa-crianca-alfabetizada-do-ministerio-da-educacao\\\/#primaryimage\"},\"thumbnailUrl\":\"https:\\\/\\\/www.cambe.pr.gov.br\\\/wp-content\\\/uploads\\\/2025\\\/02\\\/Imagem-do-WhatsApp-de-2025-02-11-as-15.45.14_c4e478b3-e1739301591569.jpg\",\"articleSection\":[\"Principal\"],\"inLanguage\":\"pt-BR\"},{\"@type\":\"WebPage\",\"@id\":\"https:\\\/\\\/www.cambe.pr.gov.br\\\/index.php\\\/cambe-recebe-selo-ouro-do-programa-crianca-alfabetizada-do-ministerio-da-educacao\\\/\",\"url\":\"https:\\\/\\\/www.cambe.pr.gov.br\\\/index.php\\\/cambe-recebe-selo-ouro-do-programa-crianca-alfabetizada-do-ministerio-da-educacao\\\/\",\"name\":\"Camb\u00e9 recebe Selo Ouro do programa Crian\u00e7a Alfabetizada do Minist\u00e9rio da Educa\u00e7\u00e3o - Prefeitura de Camb\u00e9\",\"isPartOf\":{\"@id\":\"https:\\\/\\\/www.cambe.pr.gov.br\\\/#website\"},\"primaryImageOfPage\":{\"@id\":\"https:\\\/\\\/www.cambe.pr.gov.br\\\/index.php\\\/cambe-recebe-selo-ouro-do-programa-crianca-alfabetizada-do-ministerio-da-educacao\\\/#primaryimage\"},\"image\":{\"@id\":\"https:\\\/\\\/www.cambe.pr.gov.br\\\/index.php\\\/cambe-recebe-selo-ouro-do-programa-crianca-alfabetizada-do-ministerio-da-educacao\\\/#primaryimage\"},\"thumbnailUrl\":\"https:\\\/\\\/www.cambe.pr.gov.br\\\/wp-content\\\/uploads\\\/2025\\\/02\\\/Imagem-do-WhatsApp-de-2025-02-11-as-15.45.14_c4e478b3-e1739301591569.jpg\",\"datePublished\":\"2025-02-11T19:44:47+00:00\",\"breadcrumb\":{\"@id\":\"https:\\\/\\\/www.cambe.pr.gov.br\\\/index.php\\\/cambe-recebe-selo-ouro-do-programa-crianca-alfabetizada-do-ministerio-da-educacao\\\/#breadcrumb\"},\"inLanguage\":\"pt-BR\",\"potentialAction\":[{\"@type\":\"ReadAction\",\"target\":[\"https:\\\/\\\/www.cambe.pr.gov.br\\\/index.php\\\/cambe-recebe-selo-ouro-do-programa-crianca-alfabetizada-do-ministerio-da-educacao\\\/\"]}]},{\"@type\":\"ImageObject\",\"inLanguage\":\"pt-BR\",\"@id\":\"https:\\\/\\\/www.cambe.pr.gov.br\\\/index.php\\\/cambe-recebe-selo-ouro-do-programa-crianca-alfabetizada-do-ministerio-da-educacao\\\/#primaryimage\",\"url\":\"https:\\\/\\\/www.cambe.pr.gov.br\\\/wp-content\\\/uploads\\\/2025\\\/02\\\/Imagem-do-WhatsApp-de-2025-02-11-as-15.45.14_c4e478b3-e1739301591569.jpg\",\"contentUrl\":\"https:\\\/\\\/www.cambe.pr.gov.br\\\/wp-content\\\/uploads\\\/2025\\\/02\\\/Imagem-do-WhatsApp-de-2025-02-11-as-15.45.14_c4e478b3-e1739301591569.jpg\",\"width\":600,\"height\":480},{\"@type\":\"BreadcrumbList\",\"@id\":\"https:\\\/\\\/www.cambe.pr.gov.br\\\/index.php\\\/cambe-recebe-selo-ouro-do-programa-crianca-alfabetizada-do-ministerio-da-educacao\\\/#breadcrumb\",\"itemListElement\":[{\"@type\":\"ListItem\",\"position\":1,\"name\":\"In\u00edcio\",\"item\":\"https:\\\/\\\/www.cambe.pr.gov.br\\\/\"},{\"@type\":\"ListItem\",\"position\":2,\"name\":\"Camb\u00e9 recebe Selo Ouro do programa Crian\u00e7a Alfabetizada do Minist\u00e9rio da Educa\u00e7\u00e3o\"}]},{\"@type\":\"WebSite\",\"@id\":\"https:\\\/\\\/www.cambe.pr.gov.br\\\/#website\",\"url\":\"https:\\\/\\\/www.cambe.pr.gov.br\\\/\",\"name\":\"Prefeitura de Camb\u00e9\",\"description\":\"UM GOVERNO PARA TODOS\",\"publisher\":{\"@id\":\"https:\\\/\\\/www.cambe.pr.gov.br\\\/#organization\"},\"potentialAction\":[{\"@type\":\"SearchAction\",\"target\":{\"@type\":\"EntryPoint\",\"urlTemplate\":\"https:\\\/\\\/www.cambe.pr.gov.br\\\/?s={search_term_string}\"},\"query-input\":{\"@type\":\"PropertyValueSpecification\",\"valueRequired\":true,\"valueName\":\"search_term_string\"}}],\"inLanguage\":\"pt-BR\"},{\"@type\":\"Organization\",\"@id\":\"https:\\\/\\\/www.cambe.pr.gov.br\\\/#organization\",\"name\":\"Prefeitura de Camb\u00e9\",\"url\":\"https:\\\/\\\/www.cambe.pr.gov.br\\\/\",\"logo\":{\"@type\":\"ImageObject\",\"inLanguage\":\"pt-BR\",\"@id\":\"https:\\\/\\\/www.cambe.pr.gov.br\\\/#\\\/schema\\\/logo\\\/image\\\/\",\"url\":\"https:\\\/\\\/www.cambe.pr.gov.br\\\/wp-content\\\/uploads\\\/2021\\\/01\\\/cropped-cropped-cambe_brazao-icone.png\",\"contentUrl\":\"https:\\\/\\\/www.cambe.pr.gov.br\\\/wp-content\\\/uploads\\\/2021\\\/01\\\/cropped-cropped-cambe_brazao-icone.png\",\"width\":240,\"height\":240,\"caption\":\"Prefeitura de Camb\u00e9\"},\"image\":{\"@id\":\"https:\\\/\\\/www.cambe.pr.gov.br\\\/#\\\/schema\\\/logo\\\/image\\\/\"},\"sameAs\":[\"https:\\\/\\\/m.facebook.com\\\/prefeituradecambe\"]},{\"@type\":\"Person\",\"@id\":\"https:\\\/\\\/www.cambe.pr.gov.br\\\/#\\\/schema\\\/person\\\/8e3ee69cb2cadf4b9f8377407227effd\",\"name\":\"Vinicius Augusto Batista Eira\",\"image\":{\"@type\":\"ImageObject\",\"inLanguage\":\"pt-BR\",\"@id\":\"https:\\\/\\\/secure.gravatar.com\\\/avatar\\\/1ec500de7013b30e1d4d7c8c3978f0e4433c37e5d5e4cd186239369c6440122b?s=96&d=mm&r=g\",\"url\":\"https:\\\/\\\/secure.gravatar.com\\\/avatar\\\/1ec500de7013b30e1d4d7c8c3978f0e4433c37e5d5e4cd186239369c6440122b?s=96&d=mm&r=g\",\"contentUrl\":\"https:\\\/\\\/secure.gravatar.com\\\/avatar\\\/1ec500de7013b30e1d4d7c8c3978f0e4433c37e5d5e4cd186239369c6440122b?s=96&d=mm&r=g\",\"caption\":\"Vinicius Augusto Batista Eira\"},\"url\":\"https:\\\/\\\/www.cambe.pr.gov.br\\\/index.php\\\/author\\\/vabeira\\\/\"}]}<\/script>\n<!-- \/ Yoast SEO plugin. -->","yoast_head_json":{"title":"Camb\u00e9 recebe Selo Ouro do programa Crian\u00e7a Alfabetizada do Minist\u00e9rio da Educa\u00e7\u00e3o - Prefeitura de Camb\u00e9","robots":{"index":"index","follow":"follow","max-snippet":"max-snippet:-1","max-image-preview":"max-image-preview:large","max-video-preview":"max-video-preview:-1"},"canonical":"https:\/\/www.cambe.pr.gov.br\/index.php\/cambe-recebe-selo-ouro-do-programa-crianca-alfabetizada-do-ministerio-da-educacao\/","og_locale":"pt_BR","og_type":"article","og_title":"Camb\u00e9 recebe Selo Ouro do programa Crian\u00e7a Alfabetizada do Minist\u00e9rio da Educa\u00e7\u00e3o - Prefeitura de Camb\u00e9","og_description":"Em reconhecimento \u00e0s a\u00e7\u00f5es que asseguram o direito \u00e0 alfabetiza\u00e7\u00e3o, o Minist\u00e9rio da Educa\u00e7\u00e3o (MEC) promoveu evento em Bras\u00edlia nesta segunda-feira (10) para premiar munic\u00edpios que se destacam na alfabetiza\u00e7\u00e3o infantil. Camb\u00e9 recebeu a maior honraria do evento, com o Selo Ouro do programa Crian\u00e7a Alfabetizada, por conta de iniciativas de sucesso nas salas de [&hellip;]","og_url":"https:\/\/www.cambe.pr.gov.br\/index.php\/cambe-recebe-selo-ouro-do-programa-crianca-alfabetizada-do-ministerio-da-educacao\/","og_site_name":"Prefeitura de Camb\u00e9","article_publisher":"https:\/\/m.facebook.com\/prefeituradecambe","article_published_time":"2025-02-11T19:44:47+00:00","og_image":[{"url":"https:\/\/www.cambe.pr.gov.br\/wp-content\/uploads\/2025\/02\/Imagem-do-WhatsApp-de-2025-02-11-as-15.45.14_c4e478b3-e1739301591569.jpg","type":"","width":"","height":""}],"author":"Vinicius Augusto Batista Eira","twitter_card":"summary_large_image","twitter_misc":{"Escrito por":"Vinicius Augusto Batista Eira","Est. tempo de leitura":"5 minutos"},"schema":{"@context":"https:\/\/schema.org","@graph":[{"@type":"Article","@id":"https:\/\/www.cambe.pr.gov.br\/index.php\/cambe-recebe-selo-ouro-do-programa-crianca-alfabetizada-do-ministerio-da-educacao\/#article","isPartOf":{"@id":"https:\/\/www.cambe.pr.gov.br\/index.php\/cambe-recebe-selo-ouro-do-programa-crianca-alfabetizada-do-ministerio-da-educacao\/"},"author":{"name":"Vinicius Augusto Batista Eira","@id":"https:\/\/www.cambe.pr.gov.br\/#\/schema\/person\/8e3ee69cb2cadf4b9f8377407227effd"},"headline":"Camb\u00e9 recebe Selo Ouro do programa Crian\u00e7a Alfabetizada do Minist\u00e9rio da Educa\u00e7\u00e3o","datePublished":"2025-02-11T19:44:47+00:00","mainEntityOfPage":{"@id":"https:\/\/www.cambe.pr.gov.br\/index.php\/cambe-recebe-selo-ouro-do-programa-crianca-alfabetizada-do-ministerio-da-educacao\/"},"wordCount":874,"publisher":{"@id":"https:\/\/www.cambe.pr.gov.br\/#organization"},"image":{"@id":"https:\/\/www.cambe.pr.gov.br\/index.php\/cambe-recebe-selo-ouro-do-programa-crianca-alfabetizada-do-ministerio-da-educacao\/#primaryimage"},"thumbnailUrl":"https:\/\/www.cambe.pr.gov.br\/wp-content\/uploads\/2025\/02\/Imagem-do-WhatsApp-de-2025-02-11-as-15.45.14_c4e478b3-e1739301591569.jpg","articleSection":["Principal"],"inLanguage":"pt-BR"},{"@type":"WebPage","@id":"https:\/\/www.cambe.pr.gov.br\/index.php\/cambe-recebe-selo-ouro-do-programa-crianca-alfabetizada-do-ministerio-da-educacao\/","url":"https:\/\/www.cambe.pr.gov.br\/index.php\/cambe-recebe-selo-ouro-do-programa-crianca-alfabetizada-do-ministerio-da-educacao\/","name":"Camb\u00e9 recebe Selo Ouro do programa Crian\u00e7a Alfabetizada do Minist\u00e9rio da Educa\u00e7\u00e3o - Prefeitura de Camb\u00e9","isPartOf":{"@id":"https:\/\/www.cambe.pr.gov.br\/#website"},"primaryImageOfPage":{"@id":"https:\/\/www.cambe.pr.gov.br\/index.php\/cambe-recebe-selo-ouro-do-programa-crianca-alfabetizada-do-ministerio-da-educacao\/#primaryimage"},"image":{"@id":"https:\/\/www.cambe.pr.gov.br\/index.php\/cambe-recebe-selo-ouro-do-programa-crianca-alfabetizada-do-ministerio-da-educacao\/#primaryimage"},"thumbnailUrl":"https:\/\/www.cambe.pr.gov.br\/wp-content\/uploads\/2025\/02\/Imagem-do-WhatsApp-de-2025-02-11-as-15.45.14_c4e478b3-e1739301591569.jpg","datePublished":"2025-02-11T19:44:47+00:00","breadcrumb":{"@id":"https:\/\/www.cambe.pr.gov.br\/index.php\/cambe-recebe-selo-ouro-do-programa-crianca-alfabetizada-do-ministerio-da-educacao\/#breadcrumb"},"inLanguage":"pt-BR","potentialAction":[{"@type":"ReadAction","target":["https:\/\/www.cambe.pr.gov.br\/index.php\/cambe-recebe-selo-ouro-do-programa-crianca-alfabetizada-do-ministerio-da-educacao\/"]}]},{"@type":"ImageObject","inLanguage":"pt-BR","@id":"https:\/\/www.cambe.pr.gov.br\/index.php\/cambe-recebe-selo-ouro-do-programa-crianca-alfabetizada-do-ministerio-da-educacao\/#primaryimage","url":"https:\/\/www.cambe.pr.gov.br\/wp-content\/uploads\/2025\/02\/Imagem-do-WhatsApp-de-2025-02-11-as-15.45.14_c4e478b3-e1739301591569.jpg","contentUrl":"https:\/\/www.cambe.pr.gov.br\/wp-content\/uploads\/2025\/02\/Imagem-do-WhatsApp-de-2025-02-11-as-15.45.14_c4e478b3-e1739301591569.jpg","width":600,"height":480},{"@type":"BreadcrumbList","@id":"https:\/\/www.cambe.pr.gov.br\/index.php\/cambe-recebe-selo-ouro-do-programa-crianca-alfabetizada-do-ministerio-da-educacao\/#breadcrumb","itemListElement":[{"@type":"ListItem","position":1,"name":"In\u00edcio","item":"https:\/\/www.cambe.pr.gov.br\/"},{"@type":"ListItem","position":2,"name":"Camb\u00e9 recebe Selo Ouro do programa Crian\u00e7a Alfabetizada do Minist\u00e9rio da Educa\u00e7\u00e3o"}]},{"@type":"WebSite","@id":"https:\/\/www.cambe.pr.gov.br\/#website","url":"https:\/\/www.cambe.pr.gov.br\/","name":"Prefeitura de Camb\u00e9","description":"UM GOVERNO PARA TODOS","publisher":{"@id":"https:\/\/www.cambe.pr.gov.br\/#organization"},"potentialAction":[{"@type":"SearchAction","target":{"@type":"EntryPoint","urlTemplate":"https:\/\/www.cambe.pr.gov.br\/?s={search_term_string}"},"query-input":{"@type":"PropertyValueSpecification","valueRequired":true,"valueName":"search_term_string"}}],"inLanguage":"pt-BR"},{"@type":"Organization","@id":"https:\/\/www.cambe.pr.gov.br\/#organization","name":"Prefeitura de Camb\u00e9","url":"https:\/\/www.cambe.pr.gov.br\/","logo":{"@type":"ImageObject","inLanguage":"pt-BR","@id":"https:\/\/www.cambe.pr.gov.br\/#\/schema\/logo\/image\/","url":"https:\/\/www.cambe.pr.gov.br\/wp-content\/uploads\/2021\/01\/cropped-cropped-cambe_brazao-icone.png","contentUrl":"https:\/\/www.cambe.pr.gov.br\/wp-content\/uploads\/2021\/01\/cropped-cropped-cambe_brazao-icone.png","width":240,"height":240,"caption":"Prefeitura de Camb\u00e9"},"image":{"@id":"https:\/\/www.cambe.pr.gov.br\/#\/schema\/logo\/image\/"},"sameAs":["https:\/\/m.facebook.com\/prefeituradecambe"]},{"@type":"Person","@id":"https:\/\/www.cambe.pr.gov.br\/#\/schema\/person\/8e3ee69cb2cadf4b9f8377407227effd","name":"Vinicius Augusto Batista Eira","image":{"@type":"ImageObject","inLanguage":"pt-BR","@id":"https:\/\/secure.gravatar.com\/avatar\/1ec500de7013b30e1d4d7c8c3978f0e4433c37e5d5e4cd186239369c6440122b?s=96&d=mm&r=g","url":"https:\/\/secure.gravatar.com\/avatar\/1ec500de7013b30e1d4d7c8c3978f0e4433c37e5d5e4cd186239369c6440122b?s=96&d=mm&r=g","contentUrl":"https:\/\/secure.gravatar.com\/avatar\/1ec500de7013b30e1d4d7c8c3978f0e4433c37e5d5e4cd186239369c6440122b?s=96&d=mm&r=g","caption":"Vinicius Augusto Batista Eira"},"url":"https:\/\/www.cambe.pr.gov.br\/index.php\/author\/vabeira\/"}]}},"_links":{"self":[{"href":"https:\/\/www.cambe.pr.gov.br\/index.php\/wp-json\/wp\/v2\/posts\/16064","targetHints":{"allow":["GET"]}}],"collection":[{"href":"https:\/\/www.cambe.pr.gov.br\/index.php\/wp-json\/wp\/v2\/posts"}],"about":[{"href":"https:\/\/www.cambe.pr.gov.br\/index.php\/wp-json\/wp\/v2\/types\/post"}],"author":[{"embeddable":true,"href":"https:\/\/www.cambe.pr.gov.br\/index.php\/wp-json\/wp\/v2\/users\/16"}],"replies":[{"embeddable":true,"href":"https:\/\/www.cambe.pr.gov.br\/index.php\/wp-json\/wp\/v2\/comments?post=16064"}],"version-history":[{"count":2,"href":"https:\/\/www.cambe.pr.gov.br\/index.php\/wp-json\/wp\/v2\/posts\/16064\/revisions"}],"predecessor-version":[{"id":16070,"href":"https:\/\/www.cambe.pr.gov.br\/index.php\/wp-json\/wp\/v2\/posts\/16064\/revisions\/16070"}],"wp:attachment":[{"href":"https:\/\/www.cambe.pr.gov.br\/index.php\/wp-json\/wp\/v2\/media?parent=16064"}],"wp:term":[{"taxonomy":"category","embeddable":true,"href":"https:\/\/www.cambe.pr.gov.br\/index.php\/wp-json\/wp\/v2\/categories?post=16064"},{"taxonomy":"post_tag","embeddable":true,"href":"https:\/\/www.cambe.pr.gov.br\/index.php\/wp-json\/wp\/v2\/tags?post=16064"}],"curies":[{"name":"wp","href":"https:\/\/api.w.org\/{rel}","templated":true}]}}