{"id":16048,"date":"2025-02-07T13:13:57","date_gmt":"2025-02-07T16:13:57","guid":{"rendered":"https:\/\/www.cambe.pr.gov.br\/?p=16048"},"modified":"2025-02-07T13:21:29","modified_gmt":"2025-02-07T16:21:29","slug":"cambe-promove-acao-de-castracao-de-animais-gratuita-neste-sabado-8","status":"publish","type":"post","link":"https:\/\/www.cambe.pr.gov.br\/index.php\/cambe-promove-acao-de-castracao-de-animais-gratuita-neste-sabado-8\/","title":{"rendered":"Camb\u00e9 promove a\u00e7\u00e3o de castra\u00e7\u00e3o de animais gratuita neste s\u00e1bado (8)"},"content":{"rendered":"<p style=\"text-align: justify;\"><span style=\"font-weight: 400; font-family: arial, helvetica, sans-serif;\"><img fetchpriority=\"high\" decoding=\"async\" class=\"alignleft wp-image-15877\" src=\"https:\/\/www.cambe.pr.gov.br\/wp-content\/uploads\/2025\/01\/Design-sem-nome.png\" alt=\"\" width=\"600\" height=\"420\" \/>Em parceria com o Governo do Estado, a Secretaria Municipal de Agricultura e Meio Ambiente promove mais uma edi\u00e7\u00e3o do Castrapet neste s\u00e1bado (8). O programa conta com cirurgias gratuitas de castra\u00e7\u00e3o de c\u00e3es e gatos, machos e f\u00eameas, com idades entre seis meses e oito anos, e al\u00e9m do procedimento, os tutores recebem a medi\u00e7\u00e3o do p\u00f3s-operat\u00f3rio e orienta\u00e7\u00f5es para o bem-estar animal. O evento ser\u00e1 no Centro Cultural, a partir das 8 horas.<\/span><\/p>\n<p style=\"text-align: justify;\"><span style=\"font-weight: 400; font-family: arial, helvetica, sans-serif;\">Ao todo, ser\u00e3o castrados 210 animais j\u00e1 inscritos previamente em cadastro promovido pela Secretaria. As vagas foram destinadas para tutores com renda familiar de at\u00e9 dois sal\u00e1rios m\u00ednimos ou que possuam Cadastro \u00danico (Cad\u00danico) atualizado. Gatos ser\u00e3o castrados a partir das 8h, c\u00e3es f\u00eameas a partir das 10h e c\u00e3es machos \u00e0s 12h.<\/span><\/p>\n<p style=\"text-align: justify;\"><span style=\"font-weight: 400; font-family: arial, helvetica, sans-serif;\">No entanto, existem situa\u00e7\u00f5es das pessoas n\u00e3o levarem os animais na a\u00e7\u00e3o, ou o pet ser considerado inapto durante a avalia\u00e7\u00e3o por alguma doen\u00e7a, ou jejum incorreto. Nesses casos, novas vagas s\u00e3o abertas, mas sem garantia. E para ser submetido \u00e0 cirurgia, o animal deve estar em jejum alimentar de no m\u00ednimo seis horas e no m\u00e1ximo oito horas, al\u00e9m de pelo menos quatro horas sem beber \u00e1gua. \u00c9 importante ver o animal se alimentando nos hor\u00e1rios recomendados antes de retirar a comida, pois o jejum incorreto <\/span><span style=\"font-weight: 400; font-family: arial, helvetica, sans-serif;\">resulta na inaptid\u00e3o para a cirurgia.\u00a0<\/span><\/p>\n<p style=\"text-align: justify;\"><span style=\"font-weight: 400; font-family: arial, helvetica, sans-serif;\">B\u00e1rbara Rodrigues, veterin\u00e1ria da Prefeitura, explica que a castra\u00e7\u00e3o \u00e9 beneficial para os animais e tamb\u00e9m toda a sociedade. \u201cA castra\u00e7\u00e3o \u00e9 um ato simples, mas de grande import\u00e2ncia para n\u00f3s e os animais. A esteriliza\u00e7\u00e3o ajuda a controlar a superpopula\u00e7\u00e3o desses animais, que muitas vezes resulta em abandono e maus-tratos. Al\u00e9m disso, a castra\u00e7\u00e3o previne diversos problemas de sa\u00fade, contribuindo para longevidade dos pets e reduz o comportamento agressivo ou territorial, colaborando para a melhoria da conviv\u00eancia entre eles e tamb\u00e9m com os seres humanos. Com menos c\u00e3es e gatos na rua, tamb\u00e9m diminui o risco de acidentes de tr\u00e2nsito e a transmiss\u00e3o de doen\u00e7as transmitidas entre animais e humanos. A castra\u00e7\u00e3o, al\u00e9m de ser um gesto de amor e responsabilidade, \u00e9 um investimento na qualidade de vida dos pets e no bem-estar coletivo\u201d, destacou.<\/span><\/p>\n<p>&nbsp;<\/p>\n<p style=\"text-align: justify;\"><strong><span style=\"font-family: arial, helvetica, sans-serif;\">Foco no cuidado e bem-estar animal em Camb\u00e9<\/span><\/strong><\/p>\n<p style=\"text-align: justify;\"><span style=\"font-weight: 400; font-family: arial, helvetica, sans-serif;\">Desde a \u00faltima gest\u00e3o Camb\u00e9 vem investindo e intensificando a\u00e7\u00f5es no cuidado e bem-estar animal. Desde 2023, o programa C\u00e3ob\u00e9 j\u00e1 doou mais de 40 toneladas de ra\u00e7\u00e3o para c\u00e3es e gatos, al\u00e9m do pr\u00f3prio programa de castra\u00e7\u00e3o, distribui\u00e7\u00e3o de medicamentos e a\u00e7\u00f5es de vacina\u00e7\u00e3o antirr\u00e1bica.<\/span><\/p>\n<p style=\"text-align: justify;\"><span style=\"font-weight: 400; font-family: arial, helvetica, sans-serif;\">A secret\u00e1ria municipal de Agricultura e Meio Ambiente, Roberta Queiroz, ressaltou a import\u00e2ncia da defesa da causa, e que essa aten\u00e7\u00e3o especial a pol\u00edtica de meio ambiente e sustentabilidade de Camb\u00e9 \u00e9 uma das suas metas para a pasta e um pedido do prefeito Conrado Scheller. \u201cE Camb\u00e9 j\u00e1 tem feito essas diversas a\u00e7\u00f5es em benef\u00edcio da causa animal, tanto em rela\u00e7\u00e3o \u00e0s castra\u00e7\u00f5es, sendo uma quest\u00e3o de sa\u00fade p\u00fablica de controle populacional desses animais. E a parceria com o governo do estado dessa castra\u00e7\u00e3o, nos ajuda bastante por ser uma a\u00e7\u00e3o intensiva, com uma quantidade bem relevante de castra\u00e7\u00f5es, dando mais uma oportunidade as fam\u00edlias que n\u00e3o tenham uma possibilidade de realizar a castra\u00e7\u00e3o por conta. \u00c9 important\u00edssimo fazer essas iniciativas com o poder p\u00fablico\u201d.<\/span><\/p>\n<p style=\"text-align: justify;\"><span style=\"font-weight: 400; font-family: arial, helvetica, sans-serif;\">O Castrapet (Programa Permanente de Esteriliza\u00e7\u00e3o de C\u00e3es e Gatos) \u00e9 uma iniciativa do Governo do Estado do Paran\u00e1, por meio do Instituto \u00e1gua e terra &#8211; IAT, em parceria com as prefeituras. A a\u00e7\u00e3o \u00e9 uma iniciativa in\u00e9dita no Brasil e tem entre os principais objetivos a preven\u00e7\u00e3o de zoonoses e o controle populacional, oferecendo castra\u00e7\u00e3o gratuita para c\u00e3es e gatos. Os recursos investidos s\u00e3o do Fundo Estadual do Meio Ambiente ou de emendas parlamentares, por meio do programa Paran\u00e1 Cidades.<\/span><\/p>\n","protected":false},"excerpt":{"rendered":"<p>Em parceria com o Governo do Estado, a Secretaria Municipal de Agricultura e Meio Ambiente promove mais uma edi\u00e7\u00e3o do Castrapet neste s\u00e1bado (8). O programa conta com cirurgias gratuitas de castra\u00e7\u00e3o de c\u00e3es e gatos, machos e f\u00eameas, com idades entre seis meses e oito anos, e al\u00e9m do procedimento, os tutores recebem a [&hellip;]<\/p>\n","protected":false},"author":16,"featured_media":0,"comment_status":"closed","ping_status":"closed","sticky":false,"template":"","format":"standard","meta":{"ngg_post_thumbnail":0,"footnotes":""},"categories":[1],"tags":[],"class_list":["post-16048","post","type-post","status-publish","format-standard","hentry","category-principal"],"yoast_head":"<!-- This site is optimized with the Yoast SEO plugin v27.4 - https:\/\/yoast.com\/product\/yoast-seo-wordpress\/ -->\n<title>Camb\u00e9 promove a\u00e7\u00e3o de castra\u00e7\u00e3o de animais gratuita neste s\u00e1bado (8) - Prefeitura de Camb\u00e9<\/title>\n<meta name=\"robots\" content=\"index, follow, max-snippet:-1, max-image-preview:large, max-video-preview:-1\" \/>\n<link rel=\"canonical\" href=\"https:\/\/www.cambe.pr.gov.br\/index.php\/cambe-promove-acao-de-castracao-de-animais-gratuita-neste-sabado-8\/\" \/>\n<meta property=\"og:locale\" content=\"pt_BR\" \/>\n<meta property=\"og:type\" content=\"article\" \/>\n<meta property=\"og:title\" content=\"Camb\u00e9 promove a\u00e7\u00e3o de castra\u00e7\u00e3o de animais gratuita neste s\u00e1bado (8) - Prefeitura de Camb\u00e9\" \/>\n<meta property=\"og:description\" content=\"Em parceria com o Governo do Estado, a Secretaria Municipal de Agricultura e Meio Ambiente promove mais uma edi\u00e7\u00e3o do Castrapet neste s\u00e1bado (8). O programa conta com cirurgias gratuitas de castra\u00e7\u00e3o de c\u00e3es e gatos, machos e f\u00eameas, com idades entre seis meses e oito anos, e al\u00e9m do procedimento, os tutores recebem a [&hellip;]\" \/>\n<meta property=\"og:url\" content=\"https:\/\/www.cambe.pr.gov.br\/index.php\/cambe-promove-acao-de-castracao-de-animais-gratuita-neste-sabado-8\/\" \/>\n<meta property=\"og:site_name\" content=\"Prefeitura de Camb\u00e9\" \/>\n<meta property=\"article:publisher\" content=\"https:\/\/m.facebook.com\/prefeituradecambe\" \/>\n<meta property=\"article:published_time\" content=\"2025-02-07T16:13:57+00:00\" \/>\n<meta property=\"article:modified_time\" content=\"2025-02-07T16:21:29+00:00\" \/>\n<meta property=\"og:image\" content=\"https:\/\/www.cambe.pr.gov.br\/wp-content\/uploads\/2025\/01\/Design-sem-nome.png\" \/>\n<meta name=\"author\" content=\"Vinicius Augusto Batista Eira\" \/>\n<meta name=\"twitter:card\" content=\"summary_large_image\" \/>\n<meta name=\"twitter:label1\" content=\"Escrito por\" \/>\n\t<meta name=\"twitter:data1\" content=\"Vinicius Augusto Batista Eira\" \/>\n\t<meta name=\"twitter:label2\" content=\"Est. tempo de leitura\" \/>\n\t<meta name=\"twitter:data2\" content=\"4 minutos\" \/>\n<script type=\"application\/ld+json\" class=\"yoast-schema-graph\">{\"@context\":\"https:\\\/\\\/schema.org\",\"@graph\":[{\"@type\":\"Article\",\"@id\":\"https:\\\/\\\/www.cambe.pr.gov.br\\\/index.php\\\/cambe-promove-acao-de-castracao-de-animais-gratuita-neste-sabado-8\\\/#article\",\"isPartOf\":{\"@id\":\"https:\\\/\\\/www.cambe.pr.gov.br\\\/index.php\\\/cambe-promove-acao-de-castracao-de-animais-gratuita-neste-sabado-8\\\/\"},\"author\":{\"name\":\"Vinicius Augusto Batista Eira\",\"@id\":\"https:\\\/\\\/www.cambe.pr.gov.br\\\/#\\\/schema\\\/person\\\/8e3ee69cb2cadf4b9f8377407227effd\"},\"headline\":\"Camb\u00e9 promove a\u00e7\u00e3o de castra\u00e7\u00e3o de animais gratuita neste s\u00e1bado (8)\",\"datePublished\":\"2025-02-07T16:13:57+00:00\",\"dateModified\":\"2025-02-07T16:21:29+00:00\",\"mainEntityOfPage\":{\"@id\":\"https:\\\/\\\/www.cambe.pr.gov.br\\\/index.php\\\/cambe-promove-acao-de-castracao-de-animais-gratuita-neste-sabado-8\\\/\"},\"wordCount\":708,\"publisher\":{\"@id\":\"https:\\\/\\\/www.cambe.pr.gov.br\\\/#organization\"},\"image\":{\"@id\":\"https:\\\/\\\/www.cambe.pr.gov.br\\\/index.php\\\/cambe-promove-acao-de-castracao-de-animais-gratuita-neste-sabado-8\\\/#primaryimage\"},\"thumbnailUrl\":\"https:\\\/\\\/www.cambe.pr.gov.br\\\/wp-content\\\/uploads\\\/2025\\\/01\\\/Design-sem-nome.png\",\"articleSection\":[\"Principal\"],\"inLanguage\":\"pt-BR\"},{\"@type\":\"WebPage\",\"@id\":\"https:\\\/\\\/www.cambe.pr.gov.br\\\/index.php\\\/cambe-promove-acao-de-castracao-de-animais-gratuita-neste-sabado-8\\\/\",\"url\":\"https:\\\/\\\/www.cambe.pr.gov.br\\\/index.php\\\/cambe-promove-acao-de-castracao-de-animais-gratuita-neste-sabado-8\\\/\",\"name\":\"Camb\u00e9 promove a\u00e7\u00e3o de castra\u00e7\u00e3o de animais gratuita neste s\u00e1bado (8) - Prefeitura de Camb\u00e9\",\"isPartOf\":{\"@id\":\"https:\\\/\\\/www.cambe.pr.gov.br\\\/#website\"},\"primaryImageOfPage\":{\"@id\":\"https:\\\/\\\/www.cambe.pr.gov.br\\\/index.php\\\/cambe-promove-acao-de-castracao-de-animais-gratuita-neste-sabado-8\\\/#primaryimage\"},\"image\":{\"@id\":\"https:\\\/\\\/www.cambe.pr.gov.br\\\/index.php\\\/cambe-promove-acao-de-castracao-de-animais-gratuita-neste-sabado-8\\\/#primaryimage\"},\"thumbnailUrl\":\"https:\\\/\\\/www.cambe.pr.gov.br\\\/wp-content\\\/uploads\\\/2025\\\/01\\\/Design-sem-nome.png\",\"datePublished\":\"2025-02-07T16:13:57+00:00\",\"dateModified\":\"2025-02-07T16:21:29+00:00\",\"breadcrumb\":{\"@id\":\"https:\\\/\\\/www.cambe.pr.gov.br\\\/index.php\\\/cambe-promove-acao-de-castracao-de-animais-gratuita-neste-sabado-8\\\/#breadcrumb\"},\"inLanguage\":\"pt-BR\",\"potentialAction\":[{\"@type\":\"ReadAction\",\"target\":[\"https:\\\/\\\/www.cambe.pr.gov.br\\\/index.php\\\/cambe-promove-acao-de-castracao-de-animais-gratuita-neste-sabado-8\\\/\"]}]},{\"@type\":\"ImageObject\",\"inLanguage\":\"pt-BR\",\"@id\":\"https:\\\/\\\/www.cambe.pr.gov.br\\\/index.php\\\/cambe-promove-acao-de-castracao-de-animais-gratuita-neste-sabado-8\\\/#primaryimage\",\"url\":\"https:\\\/\\\/www.cambe.pr.gov.br\\\/wp-content\\\/uploads\\\/2025\\\/01\\\/Design-sem-nome-e1746015776387.png\",\"contentUrl\":\"https:\\\/\\\/www.cambe.pr.gov.br\\\/wp-content\\\/uploads\\\/2025\\\/01\\\/Design-sem-nome-e1746015776387.png\",\"width\":600,\"height\":420},{\"@type\":\"BreadcrumbList\",\"@id\":\"https:\\\/\\\/www.cambe.pr.gov.br\\\/index.php\\\/cambe-promove-acao-de-castracao-de-animais-gratuita-neste-sabado-8\\\/#breadcrumb\",\"itemListElement\":[{\"@type\":\"ListItem\",\"position\":1,\"name\":\"In\u00edcio\",\"item\":\"https:\\\/\\\/www.cambe.pr.gov.br\\\/\"},{\"@type\":\"ListItem\",\"position\":2,\"name\":\"Camb\u00e9 promove a\u00e7\u00e3o de castra\u00e7\u00e3o de animais gratuita neste s\u00e1bado (8)\"}]},{\"@type\":\"WebSite\",\"@id\":\"https:\\\/\\\/www.cambe.pr.gov.br\\\/#website\",\"url\":\"https:\\\/\\\/www.cambe.pr.gov.br\\\/\",\"name\":\"Prefeitura de Camb\u00e9\",\"description\":\"UM GOVERNO PARA TODOS\",\"publisher\":{\"@id\":\"https:\\\/\\\/www.cambe.pr.gov.br\\\/#organization\"},\"potentialAction\":[{\"@type\":\"SearchAction\",\"target\":{\"@type\":\"EntryPoint\",\"urlTemplate\":\"https:\\\/\\\/www.cambe.pr.gov.br\\\/?s={search_term_string}\"},\"query-input\":{\"@type\":\"PropertyValueSpecification\",\"valueRequired\":true,\"valueName\":\"search_term_string\"}}],\"inLanguage\":\"pt-BR\"},{\"@type\":\"Organization\",\"@id\":\"https:\\\/\\\/www.cambe.pr.gov.br\\\/#organization\",\"name\":\"Prefeitura de Camb\u00e9\",\"url\":\"https:\\\/\\\/www.cambe.pr.gov.br\\\/\",\"logo\":{\"@type\":\"ImageObject\",\"inLanguage\":\"pt-BR\",\"@id\":\"https:\\\/\\\/www.cambe.pr.gov.br\\\/#\\\/schema\\\/logo\\\/image\\\/\",\"url\":\"https:\\\/\\\/www.cambe.pr.gov.br\\\/wp-content\\\/uploads\\\/2021\\\/01\\\/cropped-cropped-cambe_brazao-icone.png\",\"contentUrl\":\"https:\\\/\\\/www.cambe.pr.gov.br\\\/wp-content\\\/uploads\\\/2021\\\/01\\\/cropped-cropped-cambe_brazao-icone.png\",\"width\":240,\"height\":240,\"caption\":\"Prefeitura de Camb\u00e9\"},\"image\":{\"@id\":\"https:\\\/\\\/www.cambe.pr.gov.br\\\/#\\\/schema\\\/logo\\\/image\\\/\"},\"sameAs\":[\"https:\\\/\\\/m.facebook.com\\\/prefeituradecambe\"]},{\"@type\":\"Person\",\"@id\":\"https:\\\/\\\/www.cambe.pr.gov.br\\\/#\\\/schema\\\/person\\\/8e3ee69cb2cadf4b9f8377407227effd\",\"name\":\"Vinicius Augusto Batista Eira\",\"image\":{\"@type\":\"ImageObject\",\"inLanguage\":\"pt-BR\",\"@id\":\"https:\\\/\\\/secure.gravatar.com\\\/avatar\\\/1ec500de7013b30e1d4d7c8c3978f0e4433c37e5d5e4cd186239369c6440122b?s=96&d=mm&r=g\",\"url\":\"https:\\\/\\\/secure.gravatar.com\\\/avatar\\\/1ec500de7013b30e1d4d7c8c3978f0e4433c37e5d5e4cd186239369c6440122b?s=96&d=mm&r=g\",\"contentUrl\":\"https:\\\/\\\/secure.gravatar.com\\\/avatar\\\/1ec500de7013b30e1d4d7c8c3978f0e4433c37e5d5e4cd186239369c6440122b?s=96&d=mm&r=g\",\"caption\":\"Vinicius Augusto Batista Eira\"},\"url\":\"https:\\\/\\\/www.cambe.pr.gov.br\\\/index.php\\\/author\\\/vabeira\\\/\"}]}<\/script>\n<!-- \/ Yoast SEO plugin. -->","yoast_head_json":{"title":"Camb\u00e9 promove a\u00e7\u00e3o de castra\u00e7\u00e3o de animais gratuita neste s\u00e1bado (8) - Prefeitura de Camb\u00e9","robots":{"index":"index","follow":"follow","max-snippet":"max-snippet:-1","max-image-preview":"max-image-preview:large","max-video-preview":"max-video-preview:-1"},"canonical":"https:\/\/www.cambe.pr.gov.br\/index.php\/cambe-promove-acao-de-castracao-de-animais-gratuita-neste-sabado-8\/","og_locale":"pt_BR","og_type":"article","og_title":"Camb\u00e9 promove a\u00e7\u00e3o de castra\u00e7\u00e3o de animais gratuita neste s\u00e1bado (8) - Prefeitura de Camb\u00e9","og_description":"Em parceria com o Governo do Estado, a Secretaria Municipal de Agricultura e Meio Ambiente promove mais uma edi\u00e7\u00e3o do Castrapet neste s\u00e1bado (8). O programa conta com cirurgias gratuitas de castra\u00e7\u00e3o de c\u00e3es e gatos, machos e f\u00eameas, com idades entre seis meses e oito anos, e al\u00e9m do procedimento, os tutores recebem a [&hellip;]","og_url":"https:\/\/www.cambe.pr.gov.br\/index.php\/cambe-promove-acao-de-castracao-de-animais-gratuita-neste-sabado-8\/","og_site_name":"Prefeitura de Camb\u00e9","article_publisher":"https:\/\/m.facebook.com\/prefeituradecambe","article_published_time":"2025-02-07T16:13:57+00:00","article_modified_time":"2025-02-07T16:21:29+00:00","og_image":[{"url":"https:\/\/www.cambe.pr.gov.br\/wp-content\/uploads\/2025\/01\/Design-sem-nome.png","type":"","width":"","height":""}],"author":"Vinicius Augusto Batista Eira","twitter_card":"summary_large_image","twitter_misc":{"Escrito por":"Vinicius Augusto Batista Eira","Est. tempo de leitura":"4 minutos"},"schema":{"@context":"https:\/\/schema.org","@graph":[{"@type":"Article","@id":"https:\/\/www.cambe.pr.gov.br\/index.php\/cambe-promove-acao-de-castracao-de-animais-gratuita-neste-sabado-8\/#article","isPartOf":{"@id":"https:\/\/www.cambe.pr.gov.br\/index.php\/cambe-promove-acao-de-castracao-de-animais-gratuita-neste-sabado-8\/"},"author":{"name":"Vinicius Augusto Batista Eira","@id":"https:\/\/www.cambe.pr.gov.br\/#\/schema\/person\/8e3ee69cb2cadf4b9f8377407227effd"},"headline":"Camb\u00e9 promove a\u00e7\u00e3o de castra\u00e7\u00e3o de animais gratuita neste s\u00e1bado (8)","datePublished":"2025-02-07T16:13:57+00:00","dateModified":"2025-02-07T16:21:29+00:00","mainEntityOfPage":{"@id":"https:\/\/www.cambe.pr.gov.br\/index.php\/cambe-promove-acao-de-castracao-de-animais-gratuita-neste-sabado-8\/"},"wordCount":708,"publisher":{"@id":"https:\/\/www.cambe.pr.gov.br\/#organization"},"image":{"@id":"https:\/\/www.cambe.pr.gov.br\/index.php\/cambe-promove-acao-de-castracao-de-animais-gratuita-neste-sabado-8\/#primaryimage"},"thumbnailUrl":"https:\/\/www.cambe.pr.gov.br\/wp-content\/uploads\/2025\/01\/Design-sem-nome.png","articleSection":["Principal"],"inLanguage":"pt-BR"},{"@type":"WebPage","@id":"https:\/\/www.cambe.pr.gov.br\/index.php\/cambe-promove-acao-de-castracao-de-animais-gratuita-neste-sabado-8\/","url":"https:\/\/www.cambe.pr.gov.br\/index.php\/cambe-promove-acao-de-castracao-de-animais-gratuita-neste-sabado-8\/","name":"Camb\u00e9 promove a\u00e7\u00e3o de castra\u00e7\u00e3o de animais gratuita neste s\u00e1bado (8) - Prefeitura de Camb\u00e9","isPartOf":{"@id":"https:\/\/www.cambe.pr.gov.br\/#website"},"primaryImageOfPage":{"@id":"https:\/\/www.cambe.pr.gov.br\/index.php\/cambe-promove-acao-de-castracao-de-animais-gratuita-neste-sabado-8\/#primaryimage"},"image":{"@id":"https:\/\/www.cambe.pr.gov.br\/index.php\/cambe-promove-acao-de-castracao-de-animais-gratuita-neste-sabado-8\/#primaryimage"},"thumbnailUrl":"https:\/\/www.cambe.pr.gov.br\/wp-content\/uploads\/2025\/01\/Design-sem-nome.png","datePublished":"2025-02-07T16:13:57+00:00","dateModified":"2025-02-07T16:21:29+00:00","breadcrumb":{"@id":"https:\/\/www.cambe.pr.gov.br\/index.php\/cambe-promove-acao-de-castracao-de-animais-gratuita-neste-sabado-8\/#breadcrumb"},"inLanguage":"pt-BR","potentialAction":[{"@type":"ReadAction","target":["https:\/\/www.cambe.pr.gov.br\/index.php\/cambe-promove-acao-de-castracao-de-animais-gratuita-neste-sabado-8\/"]}]},{"@type":"ImageObject","inLanguage":"pt-BR","@id":"https:\/\/www.cambe.pr.gov.br\/index.php\/cambe-promove-acao-de-castracao-de-animais-gratuita-neste-sabado-8\/#primaryimage","url":"https:\/\/www.cambe.pr.gov.br\/wp-content\/uploads\/2025\/01\/Design-sem-nome-e1746015776387.png","contentUrl":"https:\/\/www.cambe.pr.gov.br\/wp-content\/uploads\/2025\/01\/Design-sem-nome-e1746015776387.png","width":600,"height":420},{"@type":"BreadcrumbList","@id":"https:\/\/www.cambe.pr.gov.br\/index.php\/cambe-promove-acao-de-castracao-de-animais-gratuita-neste-sabado-8\/#breadcrumb","itemListElement":[{"@type":"ListItem","position":1,"name":"In\u00edcio","item":"https:\/\/www.cambe.pr.gov.br\/"},{"@type":"ListItem","position":2,"name":"Camb\u00e9 promove a\u00e7\u00e3o de castra\u00e7\u00e3o de animais gratuita neste s\u00e1bado (8)"}]},{"@type":"WebSite","@id":"https:\/\/www.cambe.pr.gov.br\/#website","url":"https:\/\/www.cambe.pr.gov.br\/","name":"Prefeitura de Camb\u00e9","description":"UM GOVERNO PARA TODOS","publisher":{"@id":"https:\/\/www.cambe.pr.gov.br\/#organization"},"potentialAction":[{"@type":"SearchAction","target":{"@type":"EntryPoint","urlTemplate":"https:\/\/www.cambe.pr.gov.br\/?s={search_term_string}"},"query-input":{"@type":"PropertyValueSpecification","valueRequired":true,"valueName":"search_term_string"}}],"inLanguage":"pt-BR"},{"@type":"Organization","@id":"https:\/\/www.cambe.pr.gov.br\/#organization","name":"Prefeitura de Camb\u00e9","url":"https:\/\/www.cambe.pr.gov.br\/","logo":{"@type":"ImageObject","inLanguage":"pt-BR","@id":"https:\/\/www.cambe.pr.gov.br\/#\/schema\/logo\/image\/","url":"https:\/\/www.cambe.pr.gov.br\/wp-content\/uploads\/2021\/01\/cropped-cropped-cambe_brazao-icone.png","contentUrl":"https:\/\/www.cambe.pr.gov.br\/wp-content\/uploads\/2021\/01\/cropped-cropped-cambe_brazao-icone.png","width":240,"height":240,"caption":"Prefeitura de Camb\u00e9"},"image":{"@id":"https:\/\/www.cambe.pr.gov.br\/#\/schema\/logo\/image\/"},"sameAs":["https:\/\/m.facebook.com\/prefeituradecambe"]},{"@type":"Person","@id":"https:\/\/www.cambe.pr.gov.br\/#\/schema\/person\/8e3ee69cb2cadf4b9f8377407227effd","name":"Vinicius Augusto Batista Eira","image":{"@type":"ImageObject","inLanguage":"pt-BR","@id":"https:\/\/secure.gravatar.com\/avatar\/1ec500de7013b30e1d4d7c8c3978f0e4433c37e5d5e4cd186239369c6440122b?s=96&d=mm&r=g","url":"https:\/\/secure.gravatar.com\/avatar\/1ec500de7013b30e1d4d7c8c3978f0e4433c37e5d5e4cd186239369c6440122b?s=96&d=mm&r=g","contentUrl":"https:\/\/secure.gravatar.com\/avatar\/1ec500de7013b30e1d4d7c8c3978f0e4433c37e5d5e4cd186239369c6440122b?s=96&d=mm&r=g","caption":"Vinicius Augusto Batista Eira"},"url":"https:\/\/www.cambe.pr.gov.br\/index.php\/author\/vabeira\/"}]}},"_links":{"self":[{"href":"https:\/\/www.cambe.pr.gov.br\/index.php\/wp-json\/wp\/v2\/posts\/16048","targetHints":{"allow":["GET"]}}],"collection":[{"href":"https:\/\/www.cambe.pr.gov.br\/index.php\/wp-json\/wp\/v2\/posts"}],"about":[{"href":"https:\/\/www.cambe.pr.gov.br\/index.php\/wp-json\/wp\/v2\/types\/post"}],"author":[{"embeddable":true,"href":"https:\/\/www.cambe.pr.gov.br\/index.php\/wp-json\/wp\/v2\/users\/16"}],"replies":[{"embeddable":true,"href":"https:\/\/www.cambe.pr.gov.br\/index.php\/wp-json\/wp\/v2\/comments?post=16048"}],"version-history":[{"count":5,"href":"https:\/\/www.cambe.pr.gov.br\/index.php\/wp-json\/wp\/v2\/posts\/16048\/revisions"}],"predecessor-version":[{"id":16053,"href":"https:\/\/www.cambe.pr.gov.br\/index.php\/wp-json\/wp\/v2\/posts\/16048\/revisions\/16053"}],"wp:attachment":[{"href":"https:\/\/www.cambe.pr.gov.br\/index.php\/wp-json\/wp\/v2\/media?parent=16048"}],"wp:term":[{"taxonomy":"category","embeddable":true,"href":"https:\/\/www.cambe.pr.gov.br\/index.php\/wp-json\/wp\/v2\/categories?post=16048"},{"taxonomy":"post_tag","embeddable":true,"href":"https:\/\/www.cambe.pr.gov.br\/index.php\/wp-json\/wp\/v2\/tags?post=16048"}],"curies":[{"name":"wp","href":"https:\/\/api.w.org\/{rel}","templated":true}]}}