{"id":16043,"date":"2025-02-06T16:58:05","date_gmt":"2025-02-06T19:58:05","guid":{"rendered":"https:\/\/www.cambe.pr.gov.br\/?p=16043"},"modified":"2025-02-06T16:58:05","modified_gmt":"2025-02-06T19:58:05","slug":"cambe-e-londrina-promovem-acoes-contra-a-dengue-na-divisa-dos-municipios","status":"publish","type":"post","link":"https:\/\/www.cambe.pr.gov.br\/index.php\/cambe-e-londrina-promovem-acoes-contra-a-dengue-na-divisa-dos-municipios\/","title":{"rendered":"Camb\u00e9 e Londrina promovem a\u00e7\u00f5es contra a dengue na divisa dos munic\u00edpios"},"content":{"rendered":"<div id=\"attachment_16034\" style=\"width: 620px\" class=\"wp-caption alignleft\"><img fetchpriority=\"high\" decoding=\"async\" aria-describedby=\"caption-attachment-16034\" class=\"size-large wp-image-16034\" src=\"https:\/\/www.cambe.pr.gov.br\/wp-content\/uploads\/2025\/02\/GCF_2680-1024x678.jpg\" alt=\"\" width=\"610\" height=\"404\" srcset=\"https:\/\/www.cambe.pr.gov.br\/wp-content\/uploads\/2025\/02\/GCF_2680-1024x678.jpg 1024w, https:\/\/www.cambe.pr.gov.br\/wp-content\/uploads\/2025\/02\/GCF_2680-300x199.jpg 300w, https:\/\/www.cambe.pr.gov.br\/wp-content\/uploads\/2025\/02\/GCF_2680-768x509.jpg 768w, https:\/\/www.cambe.pr.gov.br\/wp-content\/uploads\/2025\/02\/GCF_2680-1536x1017.jpg 1536w, https:\/\/www.cambe.pr.gov.br\/wp-content\/uploads\/2025\/02\/GCF_2680-2048x1356.jpg 2048w\" sizes=\"(max-width: 610px) 100vw, 610px\" \/><p id=\"caption-attachment-16034\" class=\"wp-caption-text\">Os prefeitos de Camb\u00e9, Conrado Scheller, e de Londrina, Tiago Amaral, com os servidores municipais da Sa\u00fade no evento que marca o in\u00edcio da campanha (Gisele Cabrera\/Prefeitura de Camb\u00e9)<\/p><\/div>\n<p style=\"text-align: justify;\"><span style=\"font-weight: 400; font-family: arial, helvetica, sans-serif;\">Unindo esfor\u00e7os para a luta contra a dengue, as Prefeituras de Camb\u00e9 e de Londrina promoveram o Dia D de Combate \u00e0 Dengue nesta quinta-feira (6). A campanha direciona esfor\u00e7os das equipes de sa\u00fade para o limite dos dois munic\u00edpios, visando reduzir a incid\u00eancia da doen\u00e7a. E at\u00e9 o pr\u00f3ximo s\u00e1bado (8), Camb\u00e9 ainda realiza mutir\u00e3o de limpeza nos bairros de abrang\u00eancia das Unidades B\u00e1sicas de Sa\u00fade (UBS) do Novo Bandeirantes e do Silvino.<\/span><\/p>\n<p style=\"text-align: justify;\"><span style=\"font-weight: 400; font-family: arial, helvetica, sans-serif;\">A a\u00e7\u00e3o se iniciou no Campos Verdes e Cambeville, e segue para a regi\u00e3o de abrang\u00eancia das UBS do Novo Bandeirantes e Silvino na sexta e no s\u00e1bado. Os agentes da Prefeitura estar\u00e3o nas ruas a partir das 7h30. Em caso de chuva, o mutir\u00e3o ser\u00e1 reagendado<\/span><\/p>\n<p style=\"text-align: justify;\"><span style=\"font-weight: 400; font-family: arial, helvetica, sans-serif;\">Ser\u00e3o recolhidos todos os materiais que acumulem \u00e1gua, sof\u00e1s e camas. A Prefeitura ressalta ainda que n\u00e3o recolhe entulhos e galhos de \u00e1rvore. Al\u00e9m da limpeza, a a\u00e7\u00e3o contar\u00e1 com mobiliza\u00e7\u00e3o social na luta contra a doen\u00e7a, exposi\u00e7\u00e3o de material educativo e remo\u00e7\u00e3o de criadouros.<\/span><\/p>\n<p style=\"text-align: justify;\"><span style=\"font-weight: 400; font-family: arial, helvetica, sans-serif;\">S\u00e3o bairros da regi\u00e3o da UBS Novo Bandeirantes: Novo Bandeirantes, \u2060Ana Elisa II, Camb\u00e9ville, Campos Verdes, Ecoville, Est\u00e2ncia Maria Luiza, \u2060Recanto Sumar\u00e9 e Terra de Santa Cruz. S\u00e3o bairros da regi\u00e3o da UBS Silvino: Silvino, Ana Elisa I, Monte Catine e Rivieira.<\/span><\/p>\n<p style=\"text-align: justify;\"><span style=\"font-weight: 400; font-family: arial, helvetica, sans-serif;\">A secret\u00e1ria de Sa\u00fade de Camb\u00e9, Talita Bengozi, explica que a a\u00e7\u00e3o se inicia na regi\u00e3o pela divisa com Londrina, mas vai se estender por todo o munic\u00edpio, j\u00e1 pedindo a colabora\u00e7\u00e3o da popula\u00e7\u00e3o. \u201cEssa \u00e9 uma a\u00e7\u00e3o \u00fanica contra a Dengue, onde as cidades de Londrina e Camb\u00e9 se unem para trabalhar juntas num problema cr\u00f4nico no Brasil todo. Colocamos esta regi\u00e3o como ponto principal e inicial, por ser a divisa. Os nossos bairros com Londrina \u00e9 uma rua, \u00e9 uma casa, uma cal\u00e7ada que divide. Ent\u00e3o, o nosso foco come\u00e7a aqui, mas vamos atingir todo o munic\u00edpio nos pr\u00f3ximos dias. Pedimos a colabora\u00e7\u00e3o da popula\u00e7\u00e3o, que tire pelo menos 10 minutos da sua semana para identificar focos no quintal que estejam acumulando \u00e1gua. Se a gente conseguir, se a gente se unir, esse ano teremos um cen\u00e1rio diferente, com menos casos e sem mortes. Por isso, precisamos da ajuda de todos voc\u00eas, destacou a secret\u00e1ria.<\/span><\/p>\n<p style=\"text-align: justify;\"><span style=\"font-weight: 400; font-family: arial, helvetica, sans-serif;\">O prefeito Conrado Scheller salientou que o poder p\u00fablico vem fazendo a sua parte, mas que precisa da colabora\u00e7\u00e3o de todos. \u201cEssa \u00e9 uma a\u00e7\u00e3o sendo feita na Prefeitura de Camb\u00e9, Prefeitura de Londrina, mas quero dizer para todos que o Dia D contra a dengue \u00e9 todo dia. Estou aqui para pedir a tua conscientiza\u00e7\u00e3o. A Prefeitura est\u00e1 fazendo a parte dela, tanto Camb\u00e9 quanto Londrina, uma a\u00e7\u00e3o inteligente, de divisa, onde tem um foco maior de dengue. Mas se o cidad\u00e3o comum, na casa dele, n\u00e3o nos ajudar, vai ser dif\u00edcil vencer essa batalha.\u201d<\/span><\/p>\n","protected":false},"excerpt":{"rendered":"<p>Unindo esfor\u00e7os para a luta contra a dengue, as Prefeituras de Camb\u00e9 e de Londrina promoveram o Dia D de Combate \u00e0 Dengue nesta quinta-feira (6). A campanha direciona esfor\u00e7os das equipes de sa\u00fade para o limite dos dois munic\u00edpios, visando reduzir a incid\u00eancia da doen\u00e7a. E at\u00e9 o pr\u00f3ximo s\u00e1bado (8), Camb\u00e9 ainda realiza [&hellip;]<\/p>\n","protected":false},"author":16,"featured_media":0,"comment_status":"closed","ping_status":"closed","sticky":false,"template":"","format":"standard","meta":{"ngg_post_thumbnail":0,"footnotes":""},"categories":[1],"tags":[],"class_list":["post-16043","post","type-post","status-publish","format-standard","hentry","category-principal"],"yoast_head":"<!-- This site is optimized with the Yoast SEO plugin v27.4 - https:\/\/yoast.com\/product\/yoast-seo-wordpress\/ -->\n<title>Camb\u00e9 e Londrina promovem a\u00e7\u00f5es contra a dengue na divisa dos munic\u00edpios - Prefeitura de Camb\u00e9<\/title>\n<meta name=\"robots\" content=\"index, follow, max-snippet:-1, max-image-preview:large, max-video-preview:-1\" \/>\n<link rel=\"canonical\" href=\"https:\/\/www.cambe.pr.gov.br\/index.php\/cambe-e-londrina-promovem-acoes-contra-a-dengue-na-divisa-dos-municipios\/\" \/>\n<meta property=\"og:locale\" content=\"pt_BR\" \/>\n<meta property=\"og:type\" content=\"article\" \/>\n<meta property=\"og:title\" content=\"Camb\u00e9 e Londrina promovem a\u00e7\u00f5es contra a dengue na divisa dos munic\u00edpios - Prefeitura de Camb\u00e9\" \/>\n<meta property=\"og:description\" content=\"Unindo esfor\u00e7os para a luta contra a dengue, as Prefeituras de Camb\u00e9 e de Londrina promoveram o Dia D de Combate \u00e0 Dengue nesta quinta-feira (6). A campanha direciona esfor\u00e7os das equipes de sa\u00fade para o limite dos dois munic\u00edpios, visando reduzir a incid\u00eancia da doen\u00e7a. E at\u00e9 o pr\u00f3ximo s\u00e1bado (8), Camb\u00e9 ainda realiza [&hellip;]\" \/>\n<meta property=\"og:url\" content=\"https:\/\/www.cambe.pr.gov.br\/index.php\/cambe-e-londrina-promovem-acoes-contra-a-dengue-na-divisa-dos-municipios\/\" \/>\n<meta property=\"og:site_name\" content=\"Prefeitura de Camb\u00e9\" \/>\n<meta property=\"article:publisher\" content=\"https:\/\/m.facebook.com\/prefeituradecambe\" \/>\n<meta property=\"article:published_time\" content=\"2025-02-06T19:58:05+00:00\" \/>\n<meta property=\"og:image\" content=\"https:\/\/www.cambe.pr.gov.br\/wp-content\/uploads\/2025\/02\/GCF_2680-1024x678.jpg\" \/>\n<meta name=\"author\" content=\"Vinicius Augusto Batista Eira\" \/>\n<meta name=\"twitter:card\" content=\"summary_large_image\" \/>\n<meta name=\"twitter:label1\" content=\"Escrito por\" \/>\n\t<meta name=\"twitter:data1\" content=\"Vinicius Augusto Batista Eira\" \/>\n\t<meta name=\"twitter:label2\" content=\"Est. tempo de leitura\" \/>\n\t<meta name=\"twitter:data2\" content=\"3 minutos\" \/>\n<script type=\"application\/ld+json\" class=\"yoast-schema-graph\">{\"@context\":\"https:\\\/\\\/schema.org\",\"@graph\":[{\"@type\":\"Article\",\"@id\":\"https:\\\/\\\/www.cambe.pr.gov.br\\\/index.php\\\/cambe-e-londrina-promovem-acoes-contra-a-dengue-na-divisa-dos-municipios\\\/#article\",\"isPartOf\":{\"@id\":\"https:\\\/\\\/www.cambe.pr.gov.br\\\/index.php\\\/cambe-e-londrina-promovem-acoes-contra-a-dengue-na-divisa-dos-municipios\\\/\"},\"author\":{\"name\":\"Vinicius Augusto Batista Eira\",\"@id\":\"https:\\\/\\\/www.cambe.pr.gov.br\\\/#\\\/schema\\\/person\\\/8e3ee69cb2cadf4b9f8377407227effd\"},\"headline\":\"Camb\u00e9 e Londrina promovem a\u00e7\u00f5es contra a dengue na divisa dos munic\u00edpios\",\"datePublished\":\"2025-02-06T19:58:05+00:00\",\"mainEntityOfPage\":{\"@id\":\"https:\\\/\\\/www.cambe.pr.gov.br\\\/index.php\\\/cambe-e-londrina-promovem-acoes-contra-a-dengue-na-divisa-dos-municipios\\\/\"},\"wordCount\":566,\"publisher\":{\"@id\":\"https:\\\/\\\/www.cambe.pr.gov.br\\\/#organization\"},\"image\":{\"@id\":\"https:\\\/\\\/www.cambe.pr.gov.br\\\/index.php\\\/cambe-e-londrina-promovem-acoes-contra-a-dengue-na-divisa-dos-municipios\\\/#primaryimage\"},\"thumbnailUrl\":\"https:\\\/\\\/www.cambe.pr.gov.br\\\/wp-content\\\/uploads\\\/2025\\\/02\\\/GCF_2680-1024x678.jpg\",\"articleSection\":[\"Principal\"],\"inLanguage\":\"pt-BR\"},{\"@type\":\"WebPage\",\"@id\":\"https:\\\/\\\/www.cambe.pr.gov.br\\\/index.php\\\/cambe-e-londrina-promovem-acoes-contra-a-dengue-na-divisa-dos-municipios\\\/\",\"url\":\"https:\\\/\\\/www.cambe.pr.gov.br\\\/index.php\\\/cambe-e-londrina-promovem-acoes-contra-a-dengue-na-divisa-dos-municipios\\\/\",\"name\":\"Camb\u00e9 e Londrina promovem a\u00e7\u00f5es contra a dengue na divisa dos munic\u00edpios - Prefeitura de Camb\u00e9\",\"isPartOf\":{\"@id\":\"https:\\\/\\\/www.cambe.pr.gov.br\\\/#website\"},\"primaryImageOfPage\":{\"@id\":\"https:\\\/\\\/www.cambe.pr.gov.br\\\/index.php\\\/cambe-e-londrina-promovem-acoes-contra-a-dengue-na-divisa-dos-municipios\\\/#primaryimage\"},\"image\":{\"@id\":\"https:\\\/\\\/www.cambe.pr.gov.br\\\/index.php\\\/cambe-e-londrina-promovem-acoes-contra-a-dengue-na-divisa-dos-municipios\\\/#primaryimage\"},\"thumbnailUrl\":\"https:\\\/\\\/www.cambe.pr.gov.br\\\/wp-content\\\/uploads\\\/2025\\\/02\\\/GCF_2680-1024x678.jpg\",\"datePublished\":\"2025-02-06T19:58:05+00:00\",\"breadcrumb\":{\"@id\":\"https:\\\/\\\/www.cambe.pr.gov.br\\\/index.php\\\/cambe-e-londrina-promovem-acoes-contra-a-dengue-na-divisa-dos-municipios\\\/#breadcrumb\"},\"inLanguage\":\"pt-BR\",\"potentialAction\":[{\"@type\":\"ReadAction\",\"target\":[\"https:\\\/\\\/www.cambe.pr.gov.br\\\/index.php\\\/cambe-e-londrina-promovem-acoes-contra-a-dengue-na-divisa-dos-municipios\\\/\"]}]},{\"@type\":\"ImageObject\",\"inLanguage\":\"pt-BR\",\"@id\":\"https:\\\/\\\/www.cambe.pr.gov.br\\\/index.php\\\/cambe-e-londrina-promovem-acoes-contra-a-dengue-na-divisa-dos-municipios\\\/#primaryimage\",\"url\":\"https:\\\/\\\/www.cambe.pr.gov.br\\\/wp-content\\\/uploads\\\/2025\\\/02\\\/GCF_2680-scaled.jpg\",\"contentUrl\":\"https:\\\/\\\/www.cambe.pr.gov.br\\\/wp-content\\\/uploads\\\/2025\\\/02\\\/GCF_2680-scaled.jpg\",\"width\":2560,\"height\":1696,\"caption\":\"NelsomRodrigues043999449555LondinaPr\"},{\"@type\":\"BreadcrumbList\",\"@id\":\"https:\\\/\\\/www.cambe.pr.gov.br\\\/index.php\\\/cambe-e-londrina-promovem-acoes-contra-a-dengue-na-divisa-dos-municipios\\\/#breadcrumb\",\"itemListElement\":[{\"@type\":\"ListItem\",\"position\":1,\"name\":\"In\u00edcio\",\"item\":\"https:\\\/\\\/www.cambe.pr.gov.br\\\/\"},{\"@type\":\"ListItem\",\"position\":2,\"name\":\"Camb\u00e9 e Londrina promovem a\u00e7\u00f5es contra a dengue na divisa dos munic\u00edpios\"}]},{\"@type\":\"WebSite\",\"@id\":\"https:\\\/\\\/www.cambe.pr.gov.br\\\/#website\",\"url\":\"https:\\\/\\\/www.cambe.pr.gov.br\\\/\",\"name\":\"Prefeitura de Camb\u00e9\",\"description\":\"UM GOVERNO PARA TODOS\",\"publisher\":{\"@id\":\"https:\\\/\\\/www.cambe.pr.gov.br\\\/#organization\"},\"potentialAction\":[{\"@type\":\"SearchAction\",\"target\":{\"@type\":\"EntryPoint\",\"urlTemplate\":\"https:\\\/\\\/www.cambe.pr.gov.br\\\/?s={search_term_string}\"},\"query-input\":{\"@type\":\"PropertyValueSpecification\",\"valueRequired\":true,\"valueName\":\"search_term_string\"}}],\"inLanguage\":\"pt-BR\"},{\"@type\":\"Organization\",\"@id\":\"https:\\\/\\\/www.cambe.pr.gov.br\\\/#organization\",\"name\":\"Prefeitura de Camb\u00e9\",\"url\":\"https:\\\/\\\/www.cambe.pr.gov.br\\\/\",\"logo\":{\"@type\":\"ImageObject\",\"inLanguage\":\"pt-BR\",\"@id\":\"https:\\\/\\\/www.cambe.pr.gov.br\\\/#\\\/schema\\\/logo\\\/image\\\/\",\"url\":\"https:\\\/\\\/www.cambe.pr.gov.br\\\/wp-content\\\/uploads\\\/2021\\\/01\\\/cropped-cropped-cambe_brazao-icone.png\",\"contentUrl\":\"https:\\\/\\\/www.cambe.pr.gov.br\\\/wp-content\\\/uploads\\\/2021\\\/01\\\/cropped-cropped-cambe_brazao-icone.png\",\"width\":240,\"height\":240,\"caption\":\"Prefeitura de Camb\u00e9\"},\"image\":{\"@id\":\"https:\\\/\\\/www.cambe.pr.gov.br\\\/#\\\/schema\\\/logo\\\/image\\\/\"},\"sameAs\":[\"https:\\\/\\\/m.facebook.com\\\/prefeituradecambe\"]},{\"@type\":\"Person\",\"@id\":\"https:\\\/\\\/www.cambe.pr.gov.br\\\/#\\\/schema\\\/person\\\/8e3ee69cb2cadf4b9f8377407227effd\",\"name\":\"Vinicius Augusto Batista Eira\",\"image\":{\"@type\":\"ImageObject\",\"inLanguage\":\"pt-BR\",\"@id\":\"https:\\\/\\\/secure.gravatar.com\\\/avatar\\\/1ec500de7013b30e1d4d7c8c3978f0e4433c37e5d5e4cd186239369c6440122b?s=96&d=mm&r=g\",\"url\":\"https:\\\/\\\/secure.gravatar.com\\\/avatar\\\/1ec500de7013b30e1d4d7c8c3978f0e4433c37e5d5e4cd186239369c6440122b?s=96&d=mm&r=g\",\"contentUrl\":\"https:\\\/\\\/secure.gravatar.com\\\/avatar\\\/1ec500de7013b30e1d4d7c8c3978f0e4433c37e5d5e4cd186239369c6440122b?s=96&d=mm&r=g\",\"caption\":\"Vinicius Augusto Batista Eira\"},\"url\":\"https:\\\/\\\/www.cambe.pr.gov.br\\\/index.php\\\/author\\\/vabeira\\\/\"}]}<\/script>\n<!-- \/ Yoast SEO plugin. -->","yoast_head_json":{"title":"Camb\u00e9 e Londrina promovem a\u00e7\u00f5es contra a dengue na divisa dos munic\u00edpios - Prefeitura de Camb\u00e9","robots":{"index":"index","follow":"follow","max-snippet":"max-snippet:-1","max-image-preview":"max-image-preview:large","max-video-preview":"max-video-preview:-1"},"canonical":"https:\/\/www.cambe.pr.gov.br\/index.php\/cambe-e-londrina-promovem-acoes-contra-a-dengue-na-divisa-dos-municipios\/","og_locale":"pt_BR","og_type":"article","og_title":"Camb\u00e9 e Londrina promovem a\u00e7\u00f5es contra a dengue na divisa dos munic\u00edpios - Prefeitura de Camb\u00e9","og_description":"Unindo esfor\u00e7os para a luta contra a dengue, as Prefeituras de Camb\u00e9 e de Londrina promoveram o Dia D de Combate \u00e0 Dengue nesta quinta-feira (6). A campanha direciona esfor\u00e7os das equipes de sa\u00fade para o limite dos dois munic\u00edpios, visando reduzir a incid\u00eancia da doen\u00e7a. E at\u00e9 o pr\u00f3ximo s\u00e1bado (8), Camb\u00e9 ainda realiza [&hellip;]","og_url":"https:\/\/www.cambe.pr.gov.br\/index.php\/cambe-e-londrina-promovem-acoes-contra-a-dengue-na-divisa-dos-municipios\/","og_site_name":"Prefeitura de Camb\u00e9","article_publisher":"https:\/\/m.facebook.com\/prefeituradecambe","article_published_time":"2025-02-06T19:58:05+00:00","og_image":[{"url":"https:\/\/www.cambe.pr.gov.br\/wp-content\/uploads\/2025\/02\/GCF_2680-1024x678.jpg","type":"","width":"","height":""}],"author":"Vinicius Augusto Batista Eira","twitter_card":"summary_large_image","twitter_misc":{"Escrito por":"Vinicius Augusto Batista Eira","Est. tempo de leitura":"3 minutos"},"schema":{"@context":"https:\/\/schema.org","@graph":[{"@type":"Article","@id":"https:\/\/www.cambe.pr.gov.br\/index.php\/cambe-e-londrina-promovem-acoes-contra-a-dengue-na-divisa-dos-municipios\/#article","isPartOf":{"@id":"https:\/\/www.cambe.pr.gov.br\/index.php\/cambe-e-londrina-promovem-acoes-contra-a-dengue-na-divisa-dos-municipios\/"},"author":{"name":"Vinicius Augusto Batista Eira","@id":"https:\/\/www.cambe.pr.gov.br\/#\/schema\/person\/8e3ee69cb2cadf4b9f8377407227effd"},"headline":"Camb\u00e9 e Londrina promovem a\u00e7\u00f5es contra a dengue na divisa dos munic\u00edpios","datePublished":"2025-02-06T19:58:05+00:00","mainEntityOfPage":{"@id":"https:\/\/www.cambe.pr.gov.br\/index.php\/cambe-e-londrina-promovem-acoes-contra-a-dengue-na-divisa-dos-municipios\/"},"wordCount":566,"publisher":{"@id":"https:\/\/www.cambe.pr.gov.br\/#organization"},"image":{"@id":"https:\/\/www.cambe.pr.gov.br\/index.php\/cambe-e-londrina-promovem-acoes-contra-a-dengue-na-divisa-dos-municipios\/#primaryimage"},"thumbnailUrl":"https:\/\/www.cambe.pr.gov.br\/wp-content\/uploads\/2025\/02\/GCF_2680-1024x678.jpg","articleSection":["Principal"],"inLanguage":"pt-BR"},{"@type":"WebPage","@id":"https:\/\/www.cambe.pr.gov.br\/index.php\/cambe-e-londrina-promovem-acoes-contra-a-dengue-na-divisa-dos-municipios\/","url":"https:\/\/www.cambe.pr.gov.br\/index.php\/cambe-e-londrina-promovem-acoes-contra-a-dengue-na-divisa-dos-municipios\/","name":"Camb\u00e9 e Londrina promovem a\u00e7\u00f5es contra a dengue na divisa dos munic\u00edpios - Prefeitura de Camb\u00e9","isPartOf":{"@id":"https:\/\/www.cambe.pr.gov.br\/#website"},"primaryImageOfPage":{"@id":"https:\/\/www.cambe.pr.gov.br\/index.php\/cambe-e-londrina-promovem-acoes-contra-a-dengue-na-divisa-dos-municipios\/#primaryimage"},"image":{"@id":"https:\/\/www.cambe.pr.gov.br\/index.php\/cambe-e-londrina-promovem-acoes-contra-a-dengue-na-divisa-dos-municipios\/#primaryimage"},"thumbnailUrl":"https:\/\/www.cambe.pr.gov.br\/wp-content\/uploads\/2025\/02\/GCF_2680-1024x678.jpg","datePublished":"2025-02-06T19:58:05+00:00","breadcrumb":{"@id":"https:\/\/www.cambe.pr.gov.br\/index.php\/cambe-e-londrina-promovem-acoes-contra-a-dengue-na-divisa-dos-municipios\/#breadcrumb"},"inLanguage":"pt-BR","potentialAction":[{"@type":"ReadAction","target":["https:\/\/www.cambe.pr.gov.br\/index.php\/cambe-e-londrina-promovem-acoes-contra-a-dengue-na-divisa-dos-municipios\/"]}]},{"@type":"ImageObject","inLanguage":"pt-BR","@id":"https:\/\/www.cambe.pr.gov.br\/index.php\/cambe-e-londrina-promovem-acoes-contra-a-dengue-na-divisa-dos-municipios\/#primaryimage","url":"https:\/\/www.cambe.pr.gov.br\/wp-content\/uploads\/2025\/02\/GCF_2680-scaled.jpg","contentUrl":"https:\/\/www.cambe.pr.gov.br\/wp-content\/uploads\/2025\/02\/GCF_2680-scaled.jpg","width":2560,"height":1696,"caption":"NelsomRodrigues043999449555LondinaPr"},{"@type":"BreadcrumbList","@id":"https:\/\/www.cambe.pr.gov.br\/index.php\/cambe-e-londrina-promovem-acoes-contra-a-dengue-na-divisa-dos-municipios\/#breadcrumb","itemListElement":[{"@type":"ListItem","position":1,"name":"In\u00edcio","item":"https:\/\/www.cambe.pr.gov.br\/"},{"@type":"ListItem","position":2,"name":"Camb\u00e9 e Londrina promovem a\u00e7\u00f5es contra a dengue na divisa dos munic\u00edpios"}]},{"@type":"WebSite","@id":"https:\/\/www.cambe.pr.gov.br\/#website","url":"https:\/\/www.cambe.pr.gov.br\/","name":"Prefeitura de Camb\u00e9","description":"UM GOVERNO PARA TODOS","publisher":{"@id":"https:\/\/www.cambe.pr.gov.br\/#organization"},"potentialAction":[{"@type":"SearchAction","target":{"@type":"EntryPoint","urlTemplate":"https:\/\/www.cambe.pr.gov.br\/?s={search_term_string}"},"query-input":{"@type":"PropertyValueSpecification","valueRequired":true,"valueName":"search_term_string"}}],"inLanguage":"pt-BR"},{"@type":"Organization","@id":"https:\/\/www.cambe.pr.gov.br\/#organization","name":"Prefeitura de Camb\u00e9","url":"https:\/\/www.cambe.pr.gov.br\/","logo":{"@type":"ImageObject","inLanguage":"pt-BR","@id":"https:\/\/www.cambe.pr.gov.br\/#\/schema\/logo\/image\/","url":"https:\/\/www.cambe.pr.gov.br\/wp-content\/uploads\/2021\/01\/cropped-cropped-cambe_brazao-icone.png","contentUrl":"https:\/\/www.cambe.pr.gov.br\/wp-content\/uploads\/2021\/01\/cropped-cropped-cambe_brazao-icone.png","width":240,"height":240,"caption":"Prefeitura de Camb\u00e9"},"image":{"@id":"https:\/\/www.cambe.pr.gov.br\/#\/schema\/logo\/image\/"},"sameAs":["https:\/\/m.facebook.com\/prefeituradecambe"]},{"@type":"Person","@id":"https:\/\/www.cambe.pr.gov.br\/#\/schema\/person\/8e3ee69cb2cadf4b9f8377407227effd","name":"Vinicius Augusto Batista Eira","image":{"@type":"ImageObject","inLanguage":"pt-BR","@id":"https:\/\/secure.gravatar.com\/avatar\/1ec500de7013b30e1d4d7c8c3978f0e4433c37e5d5e4cd186239369c6440122b?s=96&d=mm&r=g","url":"https:\/\/secure.gravatar.com\/avatar\/1ec500de7013b30e1d4d7c8c3978f0e4433c37e5d5e4cd186239369c6440122b?s=96&d=mm&r=g","contentUrl":"https:\/\/secure.gravatar.com\/avatar\/1ec500de7013b30e1d4d7c8c3978f0e4433c37e5d5e4cd186239369c6440122b?s=96&d=mm&r=g","caption":"Vinicius Augusto Batista Eira"},"url":"https:\/\/www.cambe.pr.gov.br\/index.php\/author\/vabeira\/"}]}},"_links":{"self":[{"href":"https:\/\/www.cambe.pr.gov.br\/index.php\/wp-json\/wp\/v2\/posts\/16043","targetHints":{"allow":["GET"]}}],"collection":[{"href":"https:\/\/www.cambe.pr.gov.br\/index.php\/wp-json\/wp\/v2\/posts"}],"about":[{"href":"https:\/\/www.cambe.pr.gov.br\/index.php\/wp-json\/wp\/v2\/types\/post"}],"author":[{"embeddable":true,"href":"https:\/\/www.cambe.pr.gov.br\/index.php\/wp-json\/wp\/v2\/users\/16"}],"replies":[{"embeddable":true,"href":"https:\/\/www.cambe.pr.gov.br\/index.php\/wp-json\/wp\/v2\/comments?post=16043"}],"version-history":[{"count":2,"href":"https:\/\/www.cambe.pr.gov.br\/index.php\/wp-json\/wp\/v2\/posts\/16043\/revisions"}],"predecessor-version":[{"id":16045,"href":"https:\/\/www.cambe.pr.gov.br\/index.php\/wp-json\/wp\/v2\/posts\/16043\/revisions\/16045"}],"wp:attachment":[{"href":"https:\/\/www.cambe.pr.gov.br\/index.php\/wp-json\/wp\/v2\/media?parent=16043"}],"wp:term":[{"taxonomy":"category","embeddable":true,"href":"https:\/\/www.cambe.pr.gov.br\/index.php\/wp-json\/wp\/v2\/categories?post=16043"},{"taxonomy":"post_tag","embeddable":true,"href":"https:\/\/www.cambe.pr.gov.br\/index.php\/wp-json\/wp\/v2\/tags?post=16043"}],"curies":[{"name":"wp","href":"https:\/\/api.w.org\/{rel}","templated":true}]}}