{"id":16041,"date":"2025-02-06T16:56:39","date_gmt":"2025-02-06T19:56:39","guid":{"rendered":"https:\/\/www.cambe.pr.gov.br\/?p=16041"},"modified":"2025-02-06T16:56:39","modified_gmt":"2025-02-06T19:56:39","slug":"cambe-registra-mais-de-15-mil-contratacoes-em-carteira-assinada-em-2024","status":"publish","type":"post","link":"https:\/\/www.cambe.pr.gov.br\/index.php\/cambe-registra-mais-de-15-mil-contratacoes-em-carteira-assinada-em-2024\/","title":{"rendered":"Camb\u00e9 registra mais de 15 mil contrata\u00e7\u00f5es em carteira assinada em 2024"},"content":{"rendered":"<p style=\"text-align: justify;\"><span style=\"font-weight: 400; font-family: arial, helvetica, sans-serif;\"><img fetchpriority=\"high\" decoding=\"async\" class=\"alignleft size-large wp-image-3010\" src=\"https:\/\/www.cambe.pr.gov.br\/wp-content\/uploads\/2021\/08\/carteira-de-trabalho-e1648661604335-1024x683.jpg\" alt=\"\" width=\"610\" height=\"407\" srcset=\"https:\/\/www.cambe.pr.gov.br\/wp-content\/uploads\/2021\/08\/carteira-de-trabalho-e1648661604335-1024x683.jpg 1024w, https:\/\/www.cambe.pr.gov.br\/wp-content\/uploads\/2021\/08\/carteira-de-trabalho-e1648661604335-300x200.jpg 300w, https:\/\/www.cambe.pr.gov.br\/wp-content\/uploads\/2021\/08\/carteira-de-trabalho-e1648661604335-768x512.jpg 768w, https:\/\/www.cambe.pr.gov.br\/wp-content\/uploads\/2021\/08\/carteira-de-trabalho-e1648661604335-1536x1024.jpg 1536w, https:\/\/www.cambe.pr.gov.br\/wp-content\/uploads\/2021\/08\/carteira-de-trabalho-e1648661604335.jpg 1572w\" sizes=\"(max-width: 610px) 100vw, 610px\" \/>O munic\u00edpio de Camb\u00e9 registrou mais de 15 mil contrata\u00e7\u00f5es em carteira assinada, com saldo positivo de 601 novos postos de trabalho em 2024. Os dados foram divulgados pelo Minist\u00e9rio do Trabalho, atrav\u00e9s do Cadastro Geral de Empregados e Desempregados (Caged). O ano ainda contou com um aumento de 117% no saldo positivo entre admiss\u00f5es e demiss\u00f5es. Oito meses de 2024 mais contrataram do desligaram.<\/span><\/p>\n<p style=\"text-align: justify;\"><span style=\"font-weight: 400; font-family: arial, helvetica, sans-serif;\">Em 2024, foram registradas 15.111 contrata\u00e7\u00f5es e 14.510 demiss\u00f5es, resultando em um saldo de 601 novos postos de trabalho. Os destaques ficaram para admiss\u00f5es em tr\u00eas setores: com\u00e9rcio (5.346), ind\u00fastria (4.392) e servi\u00e7os (3.801).<\/span><\/p>\n<p style=\"text-align: justify;\"><span style=\"font-weight: 400; font-family: arial, helvetica, sans-serif;\">O ano ainda contou com 9.353 contrata\u00e7\u00f5es de homens e 5.758 de mulheres. J\u00e1 em faixa et\u00e1ria, foram admitidas mais pessoas de 18 a 24 anos, seguidas de 30 a 39, 25 a 29 e 40 a 49. Trabalhadores com ensino m\u00e9dio completo preencheram vagas de emprego 10.307 vezes em 2024.<\/span><\/p>\n<p>&nbsp;<\/p>\n<p style=\"text-align: justify;\"><strong><span style=\"font-family: arial, helvetica, sans-serif;\">Expectativa de continuidade e melhora dos \u00edndices em 2025<\/span><\/strong><\/p>\n<p style=\"text-align: justify;\"><span style=\"font-weight: 400; font-family: arial, helvetica, sans-serif;\">Camb\u00e9 trabalha ainda para melhorar os \u00edndices de empregabilidade em 2025. No in\u00edcio da semana, o chefe de gabinete Eduardo Cazarim foi apresentado como secret\u00e1rio interino de Trabalho e Profissionaliza\u00e7\u00e3o em Camb\u00e9, e destacou que os n\u00fameros refletem o trabalho bem feito que j\u00e1 vinha sendo conduzido.&nbsp;<\/span><\/p>\n<p style=\"text-align: justify;\"><span style=\"font-weight: 400; font-family: arial, helvetica, sans-serif;\">\u201cOs n\u00fameros n\u00e3o mentem e mostram a capacidade de evolu\u00e7\u00e3o que Camb\u00e9 tem. Gra\u00e7as \u00e0 seguran\u00e7a administrativa, jur\u00eddica, isso tudo ajuda na atra\u00e7\u00e3o de novas empresas para a cidade. O empres\u00e1rio quer investir onde as coisas tenham uma tranquilidade. E Camb\u00e9 reflete exatamente isso. Os n\u00fameros na gera\u00e7\u00e3o de empregos foram muito bons e a expectativa \u00e9 de que cres\u00e7am ainda mais a partir de agora\u201d, ressaltou.<\/span><\/p>\n<p style=\"text-align: justify;\"><span style=\"font-weight: 400; font-family: arial, helvetica, sans-serif;\">O secret\u00e1rio explicou que o objetivo, a partir de agora, \u00e9 o foco na qualifica\u00e7\u00e3o profissional, forma\u00e7\u00e3o de m\u00e3o de obra local em parceria com outros \u00f3rg\u00e3os. Outro objetivo da Secretaria \u00e9 uma cria\u00e7\u00e3o de base de dados com envio de curr\u00edculos conforme demanda, onde o candidato deixa o curr\u00edculo na Secretaria, faz uma triagem e a partir da procura das empresas acontece um direcionamento para o que \u00e9 preciso.<\/span><\/p>\n<p style=\"text-align: justify;\"><span style=\"font-weight: 400; font-family: arial, helvetica, sans-serif;\">\u201cA gente quer saber exatamente qual \u00e9 a necessidade de cada empresa. Vamos fazer um mapeamento para saber o que o empres\u00e1rio, o que as empresas de Camb\u00e9 est\u00e3o buscando, uma capta\u00e7\u00e3o de vagas de emprego, a gera\u00e7\u00e3o de novas oportunidades e especialmente na qualifica\u00e7\u00e3o da m\u00e3o de obra. A gente percebe que a demanda \u00e9 grande, mas precisamos detectar onde est\u00e1 essa m\u00e3o de obra. Tamb\u00e9m estaremos buscando juntamente ao Sebrae, Sesc, Sesi, Senai, parceiros para, efetivamente, qualificar os trabalhadores aqui da cidade de Camb\u00e9. Com isso, as empresas deixam de buscar essa m\u00e3o de obra fora de Camb\u00e9 a m\u00e3o de obra, e toda essa renda, todo esse recurso, gira dentro do nosso munic\u00edpio. As empresas e pessoas a procura de emprego precisam dessa ponte, e com muita dedica\u00e7\u00e3o e inova\u00e7\u00e3o, vamos buscar isso\u201d, explicou Cazarim.<\/span><\/p>\n","protected":false},"excerpt":{"rendered":"<p>O munic\u00edpio de Camb\u00e9 registrou mais de 15 mil contrata\u00e7\u00f5es em carteira assinada, com saldo positivo de 601 novos postos de trabalho em 2024. Os dados foram divulgados pelo Minist\u00e9rio do Trabalho, atrav\u00e9s do Cadastro Geral de Empregados e Desempregados (Caged). O ano ainda contou com um aumento de 117% no saldo positivo entre admiss\u00f5es [&hellip;]<\/p>\n","protected":false},"author":16,"featured_media":0,"comment_status":"closed","ping_status":"closed","sticky":false,"template":"","format":"standard","meta":{"ngg_post_thumbnail":0,"footnotes":""},"categories":[1],"tags":[],"class_list":["post-16041","post","type-post","status-publish","format-standard","hentry","category-principal"],"yoast_head":"<!-- This site is optimized with the Yoast SEO plugin v27.4 - https:\/\/yoast.com\/product\/yoast-seo-wordpress\/ -->\n<title>Camb\u00e9 registra mais de 15 mil contrata\u00e7\u00f5es em carteira assinada em 2024 - Prefeitura de Camb\u00e9<\/title>\n<meta name=\"robots\" content=\"index, follow, max-snippet:-1, max-image-preview:large, max-video-preview:-1\" \/>\n<link rel=\"canonical\" href=\"https:\/\/www.cambe.pr.gov.br\/index.php\/cambe-registra-mais-de-15-mil-contratacoes-em-carteira-assinada-em-2024\/\" \/>\n<meta property=\"og:locale\" content=\"pt_BR\" \/>\n<meta property=\"og:type\" content=\"article\" \/>\n<meta property=\"og:title\" content=\"Camb\u00e9 registra mais de 15 mil contrata\u00e7\u00f5es em carteira assinada em 2024 - Prefeitura de Camb\u00e9\" \/>\n<meta property=\"og:description\" content=\"O munic\u00edpio de Camb\u00e9 registrou mais de 15 mil contrata\u00e7\u00f5es em carteira assinada, com saldo positivo de 601 novos postos de trabalho em 2024. Os dados foram divulgados pelo Minist\u00e9rio do Trabalho, atrav\u00e9s do Cadastro Geral de Empregados e Desempregados (Caged). O ano ainda contou com um aumento de 117% no saldo positivo entre admiss\u00f5es [&hellip;]\" \/>\n<meta property=\"og:url\" content=\"https:\/\/www.cambe.pr.gov.br\/index.php\/cambe-registra-mais-de-15-mil-contratacoes-em-carteira-assinada-em-2024\/\" \/>\n<meta property=\"og:site_name\" content=\"Prefeitura de Camb\u00e9\" \/>\n<meta property=\"article:publisher\" content=\"https:\/\/m.facebook.com\/prefeituradecambe\" \/>\n<meta property=\"article:published_time\" content=\"2025-02-06T19:56:39+00:00\" \/>\n<meta property=\"og:image\" content=\"https:\/\/www.cambe.pr.gov.br\/wp-content\/uploads\/2021\/08\/carteira-de-trabalho-e1648661604335-1024x683.jpg\" \/>\n<meta name=\"author\" content=\"Vinicius Augusto Batista Eira\" \/>\n<meta name=\"twitter:card\" content=\"summary_large_image\" \/>\n<meta name=\"twitter:label1\" content=\"Escrito por\" \/>\n\t<meta name=\"twitter:data1\" content=\"Vinicius Augusto Batista Eira\" \/>\n\t<meta name=\"twitter:label2\" content=\"Est. tempo de leitura\" \/>\n\t<meta name=\"twitter:data2\" content=\"3 minutos\" \/>\n<script type=\"application\/ld+json\" class=\"yoast-schema-graph\">{\"@context\":\"https:\\\/\\\/schema.org\",\"@graph\":[{\"@type\":\"Article\",\"@id\":\"https:\\\/\\\/www.cambe.pr.gov.br\\\/index.php\\\/cambe-registra-mais-de-15-mil-contratacoes-em-carteira-assinada-em-2024\\\/#article\",\"isPartOf\":{\"@id\":\"https:\\\/\\\/www.cambe.pr.gov.br\\\/index.php\\\/cambe-registra-mais-de-15-mil-contratacoes-em-carteira-assinada-em-2024\\\/\"},\"author\":{\"name\":\"Vinicius Augusto Batista Eira\",\"@id\":\"https:\\\/\\\/www.cambe.pr.gov.br\\\/#\\\/schema\\\/person\\\/8e3ee69cb2cadf4b9f8377407227effd\"},\"headline\":\"Camb\u00e9 registra mais de 15 mil contrata\u00e7\u00f5es em carteira assinada em 2024\",\"datePublished\":\"2025-02-06T19:56:39+00:00\",\"mainEntityOfPage\":{\"@id\":\"https:\\\/\\\/www.cambe.pr.gov.br\\\/index.php\\\/cambe-registra-mais-de-15-mil-contratacoes-em-carteira-assinada-em-2024\\\/\"},\"wordCount\":513,\"publisher\":{\"@id\":\"https:\\\/\\\/www.cambe.pr.gov.br\\\/#organization\"},\"image\":{\"@id\":\"https:\\\/\\\/www.cambe.pr.gov.br\\\/index.php\\\/cambe-registra-mais-de-15-mil-contratacoes-em-carteira-assinada-em-2024\\\/#primaryimage\"},\"thumbnailUrl\":\"https:\\\/\\\/www.cambe.pr.gov.br\\\/wp-content\\\/uploads\\\/2021\\\/08\\\/carteira-de-trabalho-e1648661604335-1024x683.jpg\",\"articleSection\":[\"Principal\"],\"inLanguage\":\"pt-BR\"},{\"@type\":\"WebPage\",\"@id\":\"https:\\\/\\\/www.cambe.pr.gov.br\\\/index.php\\\/cambe-registra-mais-de-15-mil-contratacoes-em-carteira-assinada-em-2024\\\/\",\"url\":\"https:\\\/\\\/www.cambe.pr.gov.br\\\/index.php\\\/cambe-registra-mais-de-15-mil-contratacoes-em-carteira-assinada-em-2024\\\/\",\"name\":\"Camb\u00e9 registra mais de 15 mil contrata\u00e7\u00f5es em carteira assinada em 2024 - Prefeitura de Camb\u00e9\",\"isPartOf\":{\"@id\":\"https:\\\/\\\/www.cambe.pr.gov.br\\\/#website\"},\"primaryImageOfPage\":{\"@id\":\"https:\\\/\\\/www.cambe.pr.gov.br\\\/index.php\\\/cambe-registra-mais-de-15-mil-contratacoes-em-carteira-assinada-em-2024\\\/#primaryimage\"},\"image\":{\"@id\":\"https:\\\/\\\/www.cambe.pr.gov.br\\\/index.php\\\/cambe-registra-mais-de-15-mil-contratacoes-em-carteira-assinada-em-2024\\\/#primaryimage\"},\"thumbnailUrl\":\"https:\\\/\\\/www.cambe.pr.gov.br\\\/wp-content\\\/uploads\\\/2021\\\/08\\\/carteira-de-trabalho-e1648661604335-1024x683.jpg\",\"datePublished\":\"2025-02-06T19:56:39+00:00\",\"breadcrumb\":{\"@id\":\"https:\\\/\\\/www.cambe.pr.gov.br\\\/index.php\\\/cambe-registra-mais-de-15-mil-contratacoes-em-carteira-assinada-em-2024\\\/#breadcrumb\"},\"inLanguage\":\"pt-BR\",\"potentialAction\":[{\"@type\":\"ReadAction\",\"target\":[\"https:\\\/\\\/www.cambe.pr.gov.br\\\/index.php\\\/cambe-registra-mais-de-15-mil-contratacoes-em-carteira-assinada-em-2024\\\/\"]}]},{\"@type\":\"ImageObject\",\"inLanguage\":\"pt-BR\",\"@id\":\"https:\\\/\\\/www.cambe.pr.gov.br\\\/index.php\\\/cambe-registra-mais-de-15-mil-contratacoes-em-carteira-assinada-em-2024\\\/#primaryimage\",\"url\":\"https:\\\/\\\/www.cambe.pr.gov.br\\\/wp-content\\\/uploads\\\/2021\\\/08\\\/carteira-de-trabalho-e1648661604335.jpg\",\"contentUrl\":\"https:\\\/\\\/www.cambe.pr.gov.br\\\/wp-content\\\/uploads\\\/2021\\\/08\\\/carteira-de-trabalho-e1648661604335.jpg\",\"width\":1572,\"height\":1048},{\"@type\":\"BreadcrumbList\",\"@id\":\"https:\\\/\\\/www.cambe.pr.gov.br\\\/index.php\\\/cambe-registra-mais-de-15-mil-contratacoes-em-carteira-assinada-em-2024\\\/#breadcrumb\",\"itemListElement\":[{\"@type\":\"ListItem\",\"position\":1,\"name\":\"In\u00edcio\",\"item\":\"https:\\\/\\\/www.cambe.pr.gov.br\\\/\"},{\"@type\":\"ListItem\",\"position\":2,\"name\":\"Camb\u00e9 registra mais de 15 mil contrata\u00e7\u00f5es em carteira assinada em 2024\"}]},{\"@type\":\"WebSite\",\"@id\":\"https:\\\/\\\/www.cambe.pr.gov.br\\\/#website\",\"url\":\"https:\\\/\\\/www.cambe.pr.gov.br\\\/\",\"name\":\"Prefeitura de Camb\u00e9\",\"description\":\"UM GOVERNO PARA TODOS\",\"publisher\":{\"@id\":\"https:\\\/\\\/www.cambe.pr.gov.br\\\/#organization\"},\"potentialAction\":[{\"@type\":\"SearchAction\",\"target\":{\"@type\":\"EntryPoint\",\"urlTemplate\":\"https:\\\/\\\/www.cambe.pr.gov.br\\\/?s={search_term_string}\"},\"query-input\":{\"@type\":\"PropertyValueSpecification\",\"valueRequired\":true,\"valueName\":\"search_term_string\"}}],\"inLanguage\":\"pt-BR\"},{\"@type\":\"Organization\",\"@id\":\"https:\\\/\\\/www.cambe.pr.gov.br\\\/#organization\",\"name\":\"Prefeitura de Camb\u00e9\",\"url\":\"https:\\\/\\\/www.cambe.pr.gov.br\\\/\",\"logo\":{\"@type\":\"ImageObject\",\"inLanguage\":\"pt-BR\",\"@id\":\"https:\\\/\\\/www.cambe.pr.gov.br\\\/#\\\/schema\\\/logo\\\/image\\\/\",\"url\":\"https:\\\/\\\/www.cambe.pr.gov.br\\\/wp-content\\\/uploads\\\/2021\\\/01\\\/cropped-cropped-cambe_brazao-icone.png\",\"contentUrl\":\"https:\\\/\\\/www.cambe.pr.gov.br\\\/wp-content\\\/uploads\\\/2021\\\/01\\\/cropped-cropped-cambe_brazao-icone.png\",\"width\":240,\"height\":240,\"caption\":\"Prefeitura de Camb\u00e9\"},\"image\":{\"@id\":\"https:\\\/\\\/www.cambe.pr.gov.br\\\/#\\\/schema\\\/logo\\\/image\\\/\"},\"sameAs\":[\"https:\\\/\\\/m.facebook.com\\\/prefeituradecambe\"]},{\"@type\":\"Person\",\"@id\":\"https:\\\/\\\/www.cambe.pr.gov.br\\\/#\\\/schema\\\/person\\\/8e3ee69cb2cadf4b9f8377407227effd\",\"name\":\"Vinicius Augusto Batista Eira\",\"image\":{\"@type\":\"ImageObject\",\"inLanguage\":\"pt-BR\",\"@id\":\"https:\\\/\\\/secure.gravatar.com\\\/avatar\\\/1ec500de7013b30e1d4d7c8c3978f0e4433c37e5d5e4cd186239369c6440122b?s=96&d=mm&r=g\",\"url\":\"https:\\\/\\\/secure.gravatar.com\\\/avatar\\\/1ec500de7013b30e1d4d7c8c3978f0e4433c37e5d5e4cd186239369c6440122b?s=96&d=mm&r=g\",\"contentUrl\":\"https:\\\/\\\/secure.gravatar.com\\\/avatar\\\/1ec500de7013b30e1d4d7c8c3978f0e4433c37e5d5e4cd186239369c6440122b?s=96&d=mm&r=g\",\"caption\":\"Vinicius Augusto Batista Eira\"},\"url\":\"https:\\\/\\\/www.cambe.pr.gov.br\\\/index.php\\\/author\\\/vabeira\\\/\"}]}<\/script>\n<!-- \/ Yoast SEO plugin. -->","yoast_head_json":{"title":"Camb\u00e9 registra mais de 15 mil contrata\u00e7\u00f5es em carteira assinada em 2024 - Prefeitura de Camb\u00e9","robots":{"index":"index","follow":"follow","max-snippet":"max-snippet:-1","max-image-preview":"max-image-preview:large","max-video-preview":"max-video-preview:-1"},"canonical":"https:\/\/www.cambe.pr.gov.br\/index.php\/cambe-registra-mais-de-15-mil-contratacoes-em-carteira-assinada-em-2024\/","og_locale":"pt_BR","og_type":"article","og_title":"Camb\u00e9 registra mais de 15 mil contrata\u00e7\u00f5es em carteira assinada em 2024 - Prefeitura de Camb\u00e9","og_description":"O munic\u00edpio de Camb\u00e9 registrou mais de 15 mil contrata\u00e7\u00f5es em carteira assinada, com saldo positivo de 601 novos postos de trabalho em 2024. Os dados foram divulgados pelo Minist\u00e9rio do Trabalho, atrav\u00e9s do Cadastro Geral de Empregados e Desempregados (Caged). O ano ainda contou com um aumento de 117% no saldo positivo entre admiss\u00f5es [&hellip;]","og_url":"https:\/\/www.cambe.pr.gov.br\/index.php\/cambe-registra-mais-de-15-mil-contratacoes-em-carteira-assinada-em-2024\/","og_site_name":"Prefeitura de Camb\u00e9","article_publisher":"https:\/\/m.facebook.com\/prefeituradecambe","article_published_time":"2025-02-06T19:56:39+00:00","og_image":[{"url":"https:\/\/www.cambe.pr.gov.br\/wp-content\/uploads\/2021\/08\/carteira-de-trabalho-e1648661604335-1024x683.jpg","type":"","width":"","height":""}],"author":"Vinicius Augusto Batista Eira","twitter_card":"summary_large_image","twitter_misc":{"Escrito por":"Vinicius Augusto Batista Eira","Est. tempo de leitura":"3 minutos"},"schema":{"@context":"https:\/\/schema.org","@graph":[{"@type":"Article","@id":"https:\/\/www.cambe.pr.gov.br\/index.php\/cambe-registra-mais-de-15-mil-contratacoes-em-carteira-assinada-em-2024\/#article","isPartOf":{"@id":"https:\/\/www.cambe.pr.gov.br\/index.php\/cambe-registra-mais-de-15-mil-contratacoes-em-carteira-assinada-em-2024\/"},"author":{"name":"Vinicius Augusto Batista Eira","@id":"https:\/\/www.cambe.pr.gov.br\/#\/schema\/person\/8e3ee69cb2cadf4b9f8377407227effd"},"headline":"Camb\u00e9 registra mais de 15 mil contrata\u00e7\u00f5es em carteira assinada em 2024","datePublished":"2025-02-06T19:56:39+00:00","mainEntityOfPage":{"@id":"https:\/\/www.cambe.pr.gov.br\/index.php\/cambe-registra-mais-de-15-mil-contratacoes-em-carteira-assinada-em-2024\/"},"wordCount":513,"publisher":{"@id":"https:\/\/www.cambe.pr.gov.br\/#organization"},"image":{"@id":"https:\/\/www.cambe.pr.gov.br\/index.php\/cambe-registra-mais-de-15-mil-contratacoes-em-carteira-assinada-em-2024\/#primaryimage"},"thumbnailUrl":"https:\/\/www.cambe.pr.gov.br\/wp-content\/uploads\/2021\/08\/carteira-de-trabalho-e1648661604335-1024x683.jpg","articleSection":["Principal"],"inLanguage":"pt-BR"},{"@type":"WebPage","@id":"https:\/\/www.cambe.pr.gov.br\/index.php\/cambe-registra-mais-de-15-mil-contratacoes-em-carteira-assinada-em-2024\/","url":"https:\/\/www.cambe.pr.gov.br\/index.php\/cambe-registra-mais-de-15-mil-contratacoes-em-carteira-assinada-em-2024\/","name":"Camb\u00e9 registra mais de 15 mil contrata\u00e7\u00f5es em carteira assinada em 2024 - Prefeitura de Camb\u00e9","isPartOf":{"@id":"https:\/\/www.cambe.pr.gov.br\/#website"},"primaryImageOfPage":{"@id":"https:\/\/www.cambe.pr.gov.br\/index.php\/cambe-registra-mais-de-15-mil-contratacoes-em-carteira-assinada-em-2024\/#primaryimage"},"image":{"@id":"https:\/\/www.cambe.pr.gov.br\/index.php\/cambe-registra-mais-de-15-mil-contratacoes-em-carteira-assinada-em-2024\/#primaryimage"},"thumbnailUrl":"https:\/\/www.cambe.pr.gov.br\/wp-content\/uploads\/2021\/08\/carteira-de-trabalho-e1648661604335-1024x683.jpg","datePublished":"2025-02-06T19:56:39+00:00","breadcrumb":{"@id":"https:\/\/www.cambe.pr.gov.br\/index.php\/cambe-registra-mais-de-15-mil-contratacoes-em-carteira-assinada-em-2024\/#breadcrumb"},"inLanguage":"pt-BR","potentialAction":[{"@type":"ReadAction","target":["https:\/\/www.cambe.pr.gov.br\/index.php\/cambe-registra-mais-de-15-mil-contratacoes-em-carteira-assinada-em-2024\/"]}]},{"@type":"ImageObject","inLanguage":"pt-BR","@id":"https:\/\/www.cambe.pr.gov.br\/index.php\/cambe-registra-mais-de-15-mil-contratacoes-em-carteira-assinada-em-2024\/#primaryimage","url":"https:\/\/www.cambe.pr.gov.br\/wp-content\/uploads\/2021\/08\/carteira-de-trabalho-e1648661604335.jpg","contentUrl":"https:\/\/www.cambe.pr.gov.br\/wp-content\/uploads\/2021\/08\/carteira-de-trabalho-e1648661604335.jpg","width":1572,"height":1048},{"@type":"BreadcrumbList","@id":"https:\/\/www.cambe.pr.gov.br\/index.php\/cambe-registra-mais-de-15-mil-contratacoes-em-carteira-assinada-em-2024\/#breadcrumb","itemListElement":[{"@type":"ListItem","position":1,"name":"In\u00edcio","item":"https:\/\/www.cambe.pr.gov.br\/"},{"@type":"ListItem","position":2,"name":"Camb\u00e9 registra mais de 15 mil contrata\u00e7\u00f5es em carteira assinada em 2024"}]},{"@type":"WebSite","@id":"https:\/\/www.cambe.pr.gov.br\/#website","url":"https:\/\/www.cambe.pr.gov.br\/","name":"Prefeitura de Camb\u00e9","description":"UM GOVERNO PARA TODOS","publisher":{"@id":"https:\/\/www.cambe.pr.gov.br\/#organization"},"potentialAction":[{"@type":"SearchAction","target":{"@type":"EntryPoint","urlTemplate":"https:\/\/www.cambe.pr.gov.br\/?s={search_term_string}"},"query-input":{"@type":"PropertyValueSpecification","valueRequired":true,"valueName":"search_term_string"}}],"inLanguage":"pt-BR"},{"@type":"Organization","@id":"https:\/\/www.cambe.pr.gov.br\/#organization","name":"Prefeitura de Camb\u00e9","url":"https:\/\/www.cambe.pr.gov.br\/","logo":{"@type":"ImageObject","inLanguage":"pt-BR","@id":"https:\/\/www.cambe.pr.gov.br\/#\/schema\/logo\/image\/","url":"https:\/\/www.cambe.pr.gov.br\/wp-content\/uploads\/2021\/01\/cropped-cropped-cambe_brazao-icone.png","contentUrl":"https:\/\/www.cambe.pr.gov.br\/wp-content\/uploads\/2021\/01\/cropped-cropped-cambe_brazao-icone.png","width":240,"height":240,"caption":"Prefeitura de Camb\u00e9"},"image":{"@id":"https:\/\/www.cambe.pr.gov.br\/#\/schema\/logo\/image\/"},"sameAs":["https:\/\/m.facebook.com\/prefeituradecambe"]},{"@type":"Person","@id":"https:\/\/www.cambe.pr.gov.br\/#\/schema\/person\/8e3ee69cb2cadf4b9f8377407227effd","name":"Vinicius Augusto Batista Eira","image":{"@type":"ImageObject","inLanguage":"pt-BR","@id":"https:\/\/secure.gravatar.com\/avatar\/1ec500de7013b30e1d4d7c8c3978f0e4433c37e5d5e4cd186239369c6440122b?s=96&d=mm&r=g","url":"https:\/\/secure.gravatar.com\/avatar\/1ec500de7013b30e1d4d7c8c3978f0e4433c37e5d5e4cd186239369c6440122b?s=96&d=mm&r=g","contentUrl":"https:\/\/secure.gravatar.com\/avatar\/1ec500de7013b30e1d4d7c8c3978f0e4433c37e5d5e4cd186239369c6440122b?s=96&d=mm&r=g","caption":"Vinicius Augusto Batista Eira"},"url":"https:\/\/www.cambe.pr.gov.br\/index.php\/author\/vabeira\/"}]}},"_links":{"self":[{"href":"https:\/\/www.cambe.pr.gov.br\/index.php\/wp-json\/wp\/v2\/posts\/16041","targetHints":{"allow":["GET"]}}],"collection":[{"href":"https:\/\/www.cambe.pr.gov.br\/index.php\/wp-json\/wp\/v2\/posts"}],"about":[{"href":"https:\/\/www.cambe.pr.gov.br\/index.php\/wp-json\/wp\/v2\/types\/post"}],"author":[{"embeddable":true,"href":"https:\/\/www.cambe.pr.gov.br\/index.php\/wp-json\/wp\/v2\/users\/16"}],"replies":[{"embeddable":true,"href":"https:\/\/www.cambe.pr.gov.br\/index.php\/wp-json\/wp\/v2\/comments?post=16041"}],"version-history":[{"count":3,"href":"https:\/\/www.cambe.pr.gov.br\/index.php\/wp-json\/wp\/v2\/posts\/16041\/revisions"}],"predecessor-version":[{"id":16047,"href":"https:\/\/www.cambe.pr.gov.br\/index.php\/wp-json\/wp\/v2\/posts\/16041\/revisions\/16047"}],"wp:attachment":[{"href":"https:\/\/www.cambe.pr.gov.br\/index.php\/wp-json\/wp\/v2\/media?parent=16041"}],"wp:term":[{"taxonomy":"category","embeddable":true,"href":"https:\/\/www.cambe.pr.gov.br\/index.php\/wp-json\/wp\/v2\/categories?post=16041"},{"taxonomy":"post_tag","embeddable":true,"href":"https:\/\/www.cambe.pr.gov.br\/index.php\/wp-json\/wp\/v2\/tags?post=16041"}],"curies":[{"name":"wp","href":"https:\/\/api.w.org\/{rel}","templated":true}]}}