{"id":16012,"date":"2025-02-05T15:50:59","date_gmt":"2025-02-05T18:50:59","guid":{"rendered":"https:\/\/www.cambe.pr.gov.br\/?p=16012"},"modified":"2025-02-05T15:50:59","modified_gmt":"2025-02-05T18:50:59","slug":"cambe-e-londrina-se-unem-contra-a-dengue-municipio-ainda-promove-mutiroes-de-limpeza-essa-semana","status":"publish","type":"post","link":"https:\/\/www.cambe.pr.gov.br\/index.php\/cambe-e-londrina-se-unem-contra-a-dengue-municipio-ainda-promove-mutiroes-de-limpeza-essa-semana\/","title":{"rendered":"Camb\u00e9 e Londrina se unem contra a dengue; munic\u00edpio ainda promove mutir\u00f5es de limpeza essa semana"},"content":{"rendered":"<p style=\"text-align: justify;\"><span style=\"font-weight: 400; font-family: arial, helvetica, sans-serif;\"><img fetchpriority=\"high\" decoding=\"async\" class=\"alignleft size-large wp-image-16013\" src=\"https:\/\/www.cambe.pr.gov.br\/wp-content\/uploads\/2025\/02\/Imagem-do-WhatsApp-de-2025-02-05-as-15.19.45_aad9afbd-819x1024.jpg\" alt=\"\" width=\"610\" height=\"763\" srcset=\"https:\/\/www.cambe.pr.gov.br\/wp-content\/uploads\/2025\/02\/Imagem-do-WhatsApp-de-2025-02-05-as-15.19.45_aad9afbd-819x1024.jpg 819w, https:\/\/www.cambe.pr.gov.br\/wp-content\/uploads\/2025\/02\/Imagem-do-WhatsApp-de-2025-02-05-as-15.19.45_aad9afbd-240x300.jpg 240w, https:\/\/www.cambe.pr.gov.br\/wp-content\/uploads\/2025\/02\/Imagem-do-WhatsApp-de-2025-02-05-as-15.19.45_aad9afbd-768x960.jpg 768w, https:\/\/www.cambe.pr.gov.br\/wp-content\/uploads\/2025\/02\/Imagem-do-WhatsApp-de-2025-02-05-as-15.19.45_aad9afbd-1229x1536.jpg 1229w, https:\/\/www.cambe.pr.gov.br\/wp-content\/uploads\/2025\/02\/Imagem-do-WhatsApp-de-2025-02-05-as-15.19.45_aad9afbd.jpg 1280w\" sizes=\"(max-width: 610px) 100vw, 610px\" \/>Unindo esfor\u00e7os para a luta contra a dengue, as Prefeituras de Camb\u00e9 e de Londrina promovem o Dia D de Combate \u00e0 Dengue nesta quinta-feira (6). A campanha ir\u00e1 direcionar esfor\u00e7os das equipes de sa\u00fade para o limite dos dois munic\u00edpios, visando reduzir a incid\u00eancia da doen\u00e7a. At\u00e9 o pr\u00f3ximo s\u00e1bado (8), Camb\u00e9 ainda realiza mutir\u00e3o de limpeza nos bairros de abrang\u00eancia das Unidades B\u00e1sicas de Sa\u00fade (UBS) do Novo Bandeirantes e do Silvino.<\/span><\/p>\n<p style=\"text-align: justify;\"><span style=\"font-weight: 400; font-family: arial, helvetica, sans-serif;\">Na manh\u00e3 desta quinta-feira (9), a partir das 9h, Camb\u00e9 participa do lan\u00e7amento da campanha, que ser\u00e1 na sede da UBS do Panissa, em Londrina, na Rua Gin\u00e1stica Ol\u00edmpica, 195. Dentre as autoridades presentes, participam da abertura o prefeito Conrado Scheller, a secret\u00e1ria municipal de Sa\u00fade, Talita Bengozi Gozi, o prefeito de Londrina, Tiago Amaral e a futura secret\u00e1ria de Sa\u00fade de Londrina, Vivian Feij\u00f3. No mesmo dia, se d\u00e1 in\u00edcio tamb\u00e9m as a\u00e7\u00f5es do Dia D de combate \u00e0 dengue.<\/span><\/p>\n<p style=\"text-align: justify;\"><span style=\"font-weight: 400; font-family: arial, helvetica, sans-serif;\">As duas Prefeituras se uniram, j\u00e1 que a regi\u00e3o de maior incid\u00eancia da dengue em Londrina, no momento, \u00e9 a regi\u00e3o do bairro Panissa, que faz divisa com o munic\u00edpio de Camb\u00e9.<\/span><\/p>\n<p style=\"text-align: justify;\"><span style=\"font-weight: 400; font-family: arial, helvetica, sans-serif;\">O prefeito Conrado Scheller, destacou que a uni\u00e3o \u00e9 uma estrat\u00e9gia vital para enfrentar a dengue. \u201cN\u00e3o adianta cada um fazer sua parte se o outro n\u00e3o fizer. Os mosquitos tamb\u00e9m migram para onde fica mais \u2018confort\u00e1vel\u2019 para eles. Por isso, essa parceria \u00e9 muito importante. Estamos unindo for\u00e7as e assim o trabalho certamente ser\u00e1 mais eficiente. Um dos grandes problemas da sa\u00fade p\u00fablica hoje \u00e9 a quest\u00e3o da dengue e o combate aos focos de prolifera\u00e7\u00e3o do mosquito transmissor \u00e9 dever de todos\u201d, afirmou.<\/span><\/p>\n<p>&nbsp;<\/p>\n<p style=\"text-align: justify;\"><strong><span style=\"font-family: arial, helvetica, sans-serif;\">Mutir\u00e3o de limpeza<\/span><\/strong><\/p>\n<p style=\"text-align: justify;\"><span style=\"font-weight: 400; font-family: arial, helvetica, sans-serif;\">At\u00e9 o pr\u00f3ximo s\u00e1bado, Camb\u00e9 tamb\u00e9m realiza mutir\u00e3o de limpeza nos bairros pr\u00f3ximos \u00e0 divisa com Londrina. A a\u00e7\u00e3o se inicia no Campos Verdes e Cambeville ainda na quinta-feira, e seguem para a regi\u00e3o de abrang\u00eancia das UBS do Novo Bandeirantes e Silvino na sexta e no s\u00e1bado. Os agentes da Prefeitura estar\u00e3o nas ruas a partir das 7h30. Em caso de chuva, o mutir\u00e3o ser\u00e1 reagendado<\/span><\/p>\n<p style=\"text-align: justify;\"><span style=\"font-weight: 400; font-family: arial, helvetica, sans-serif;\">Ser\u00e3o recolhidos todos os materiais que acumulem \u00e1gua, sof\u00e1s e camas. A Prefeitura ressalta ainda que n\u00e3o recolhe entulhos e galhos de \u00e1rvore. Al\u00e9m da limpeza, a a\u00e7\u00e3o contar\u00e1 com mobiliza\u00e7\u00e3o social na luta contra a doen\u00e7a, exposi\u00e7\u00e3o de material educativo e remo\u00e7\u00e3o de criadouros.<\/span><\/p>\n<p style=\"text-align: justify;\"><span style=\"font-weight: 400; font-family: arial, helvetica, sans-serif;\">S\u00e3o bairros da regi\u00e3o da UBS Novo Bandeirantes: Novo Bandeirantes, \u2060Ana Elisa II, Camb\u00e9ville, Campos Verdes, Ecoville, Est\u00e2ncia Maria Luiza, \u2060Recanto Sumar\u00e9 e Terra de Santa Cruz. S\u00e3o bairros da regi\u00e3o da UBS Silvino: Silvino, Ana Elisa I, Monte Catine e Rivieira.<\/span><\/p>\n<p style=\"text-align: justify;\"><span style=\"font-weight: 400; font-family: arial, helvetica, sans-serif;\">\u201cA gente solicita que a popula\u00e7\u00e3o nos ajude e participe conosco. Coloque tudo aquilo que tem no seu quintal e que possa estar acumulando \u00e1gua, ambientes favor\u00e1veis para a prolifera\u00e7\u00e3o do mosquito da dengue. Com os caminh\u00f5es fornecidos pela Secretaria do Meio Ambiente, em parceria com a Secretaria de Sa\u00fade, nossos agentes estar\u00e3o todos ali trabalhando e auxiliando a popula\u00e7\u00e3o a combater o mosquito da dengue. Ent\u00e3o, pedimos muito, encarecidamente, que voc\u00eas participem. Coloquem o lixo acumulado a\u00ed que estiver no quintal, nas ruas, que o caminh\u00e3o vai passar nessa sexta e nesse s\u00e1bado\u201d, pediu a secret\u00e1ria de Sa\u00fade de Camb\u00e9, Talita Bengozi Gozi.<\/span><\/p>\n","protected":false},"excerpt":{"rendered":"<p>Unindo esfor\u00e7os para a luta contra a dengue, as Prefeituras de Camb\u00e9 e de Londrina promovem o Dia D de Combate \u00e0 Dengue nesta quinta-feira (6). A campanha ir\u00e1 direcionar esfor\u00e7os das equipes de sa\u00fade para o limite dos dois munic\u00edpios, visando reduzir a incid\u00eancia da doen\u00e7a. At\u00e9 o pr\u00f3ximo s\u00e1bado (8), Camb\u00e9 ainda realiza [&hellip;]<\/p>\n","protected":false},"author":16,"featured_media":0,"comment_status":"closed","ping_status":"closed","sticky":false,"template":"","format":"standard","meta":{"ngg_post_thumbnail":0,"footnotes":""},"categories":[1],"tags":[],"class_list":["post-16012","post","type-post","status-publish","format-standard","hentry","category-principal"],"yoast_head":"<!-- This site is optimized with the Yoast SEO plugin v27.4 - https:\/\/yoast.com\/product\/yoast-seo-wordpress\/ -->\n<title>Camb\u00e9 e Londrina se unem contra a dengue; munic\u00edpio ainda promove mutir\u00f5es de limpeza essa semana - Prefeitura de Camb\u00e9<\/title>\n<meta name=\"robots\" content=\"index, follow, max-snippet:-1, max-image-preview:large, max-video-preview:-1\" \/>\n<link rel=\"canonical\" href=\"https:\/\/www.cambe.pr.gov.br\/index.php\/cambe-e-londrina-se-unem-contra-a-dengue-municipio-ainda-promove-mutiroes-de-limpeza-essa-semana\/\" \/>\n<meta property=\"og:locale\" content=\"pt_BR\" \/>\n<meta property=\"og:type\" content=\"article\" \/>\n<meta property=\"og:title\" content=\"Camb\u00e9 e Londrina se unem contra a dengue; munic\u00edpio ainda promove mutir\u00f5es de limpeza essa semana - Prefeitura de Camb\u00e9\" \/>\n<meta property=\"og:description\" content=\"Unindo esfor\u00e7os para a luta contra a dengue, as Prefeituras de Camb\u00e9 e de Londrina promovem o Dia D de Combate \u00e0 Dengue nesta quinta-feira (6). A campanha ir\u00e1 direcionar esfor\u00e7os das equipes de sa\u00fade para o limite dos dois munic\u00edpios, visando reduzir a incid\u00eancia da doen\u00e7a. At\u00e9 o pr\u00f3ximo s\u00e1bado (8), Camb\u00e9 ainda realiza [&hellip;]\" \/>\n<meta property=\"og:url\" content=\"https:\/\/www.cambe.pr.gov.br\/index.php\/cambe-e-londrina-se-unem-contra-a-dengue-municipio-ainda-promove-mutiroes-de-limpeza-essa-semana\/\" \/>\n<meta property=\"og:site_name\" content=\"Prefeitura de Camb\u00e9\" \/>\n<meta property=\"article:publisher\" content=\"https:\/\/m.facebook.com\/prefeituradecambe\" \/>\n<meta property=\"article:published_time\" content=\"2025-02-05T18:50:59+00:00\" \/>\n<meta property=\"og:image\" content=\"https:\/\/www.cambe.pr.gov.br\/wp-content\/uploads\/2025\/02\/Imagem-do-WhatsApp-de-2025-02-05-as-15.19.45_aad9afbd-819x1024.jpg\" \/>\n<meta name=\"author\" content=\"Vinicius Augusto Batista Eira\" \/>\n<meta name=\"twitter:card\" content=\"summary_large_image\" \/>\n<meta name=\"twitter:label1\" content=\"Escrito por\" \/>\n\t<meta name=\"twitter:data1\" content=\"Vinicius Augusto Batista Eira\" \/>\n\t<meta name=\"twitter:label2\" content=\"Est. tempo de leitura\" \/>\n\t<meta name=\"twitter:data2\" content=\"4 minutos\" \/>\n<script type=\"application\/ld+json\" class=\"yoast-schema-graph\">{\"@context\":\"https:\\\/\\\/schema.org\",\"@graph\":[{\"@type\":\"Article\",\"@id\":\"https:\\\/\\\/www.cambe.pr.gov.br\\\/index.php\\\/cambe-e-londrina-se-unem-contra-a-dengue-municipio-ainda-promove-mutiroes-de-limpeza-essa-semana\\\/#article\",\"isPartOf\":{\"@id\":\"https:\\\/\\\/www.cambe.pr.gov.br\\\/index.php\\\/cambe-e-londrina-se-unem-contra-a-dengue-municipio-ainda-promove-mutiroes-de-limpeza-essa-semana\\\/\"},\"author\":{\"name\":\"Vinicius Augusto Batista Eira\",\"@id\":\"https:\\\/\\\/www.cambe.pr.gov.br\\\/#\\\/schema\\\/person\\\/8e3ee69cb2cadf4b9f8377407227effd\"},\"headline\":\"Camb\u00e9 e Londrina se unem contra a dengue; munic\u00edpio ainda promove mutir\u00f5es de limpeza essa semana\",\"datePublished\":\"2025-02-05T18:50:59+00:00\",\"mainEntityOfPage\":{\"@id\":\"https:\\\/\\\/www.cambe.pr.gov.br\\\/index.php\\\/cambe-e-londrina-se-unem-contra-a-dengue-municipio-ainda-promove-mutiroes-de-limpeza-essa-semana\\\/\"},\"wordCount\":617,\"publisher\":{\"@id\":\"https:\\\/\\\/www.cambe.pr.gov.br\\\/#organization\"},\"image\":{\"@id\":\"https:\\\/\\\/www.cambe.pr.gov.br\\\/index.php\\\/cambe-e-londrina-se-unem-contra-a-dengue-municipio-ainda-promove-mutiroes-de-limpeza-essa-semana\\\/#primaryimage\"},\"thumbnailUrl\":\"https:\\\/\\\/www.cambe.pr.gov.br\\\/wp-content\\\/uploads\\\/2025\\\/02\\\/Imagem-do-WhatsApp-de-2025-02-05-as-15.19.45_aad9afbd-819x1024.jpg\",\"articleSection\":[\"Principal\"],\"inLanguage\":\"pt-BR\"},{\"@type\":\"WebPage\",\"@id\":\"https:\\\/\\\/www.cambe.pr.gov.br\\\/index.php\\\/cambe-e-londrina-se-unem-contra-a-dengue-municipio-ainda-promove-mutiroes-de-limpeza-essa-semana\\\/\",\"url\":\"https:\\\/\\\/www.cambe.pr.gov.br\\\/index.php\\\/cambe-e-londrina-se-unem-contra-a-dengue-municipio-ainda-promove-mutiroes-de-limpeza-essa-semana\\\/\",\"name\":\"Camb\u00e9 e Londrina se unem contra a dengue; munic\u00edpio ainda promove mutir\u00f5es de limpeza essa semana - Prefeitura de Camb\u00e9\",\"isPartOf\":{\"@id\":\"https:\\\/\\\/www.cambe.pr.gov.br\\\/#website\"},\"primaryImageOfPage\":{\"@id\":\"https:\\\/\\\/www.cambe.pr.gov.br\\\/index.php\\\/cambe-e-londrina-se-unem-contra-a-dengue-municipio-ainda-promove-mutiroes-de-limpeza-essa-semana\\\/#primaryimage\"},\"image\":{\"@id\":\"https:\\\/\\\/www.cambe.pr.gov.br\\\/index.php\\\/cambe-e-londrina-se-unem-contra-a-dengue-municipio-ainda-promove-mutiroes-de-limpeza-essa-semana\\\/#primaryimage\"},\"thumbnailUrl\":\"https:\\\/\\\/www.cambe.pr.gov.br\\\/wp-content\\\/uploads\\\/2025\\\/02\\\/Imagem-do-WhatsApp-de-2025-02-05-as-15.19.45_aad9afbd-819x1024.jpg\",\"datePublished\":\"2025-02-05T18:50:59+00:00\",\"breadcrumb\":{\"@id\":\"https:\\\/\\\/www.cambe.pr.gov.br\\\/index.php\\\/cambe-e-londrina-se-unem-contra-a-dengue-municipio-ainda-promove-mutiroes-de-limpeza-essa-semana\\\/#breadcrumb\"},\"inLanguage\":\"pt-BR\",\"potentialAction\":[{\"@type\":\"ReadAction\",\"target\":[\"https:\\\/\\\/www.cambe.pr.gov.br\\\/index.php\\\/cambe-e-londrina-se-unem-contra-a-dengue-municipio-ainda-promove-mutiroes-de-limpeza-essa-semana\\\/\"]}]},{\"@type\":\"ImageObject\",\"inLanguage\":\"pt-BR\",\"@id\":\"https:\\\/\\\/www.cambe.pr.gov.br\\\/index.php\\\/cambe-e-londrina-se-unem-contra-a-dengue-municipio-ainda-promove-mutiroes-de-limpeza-essa-semana\\\/#primaryimage\",\"url\":\"https:\\\/\\\/www.cambe.pr.gov.br\\\/wp-content\\\/uploads\\\/2025\\\/02\\\/Imagem-do-WhatsApp-de-2025-02-05-as-15.19.45_aad9afbd.jpg\",\"contentUrl\":\"https:\\\/\\\/www.cambe.pr.gov.br\\\/wp-content\\\/uploads\\\/2025\\\/02\\\/Imagem-do-WhatsApp-de-2025-02-05-as-15.19.45_aad9afbd.jpg\",\"width\":1280,\"height\":1600},{\"@type\":\"BreadcrumbList\",\"@id\":\"https:\\\/\\\/www.cambe.pr.gov.br\\\/index.php\\\/cambe-e-londrina-se-unem-contra-a-dengue-municipio-ainda-promove-mutiroes-de-limpeza-essa-semana\\\/#breadcrumb\",\"itemListElement\":[{\"@type\":\"ListItem\",\"position\":1,\"name\":\"In\u00edcio\",\"item\":\"https:\\\/\\\/www.cambe.pr.gov.br\\\/\"},{\"@type\":\"ListItem\",\"position\":2,\"name\":\"Camb\u00e9 e Londrina se unem contra a dengue; munic\u00edpio ainda promove mutir\u00f5es de limpeza essa semana\"}]},{\"@type\":\"WebSite\",\"@id\":\"https:\\\/\\\/www.cambe.pr.gov.br\\\/#website\",\"url\":\"https:\\\/\\\/www.cambe.pr.gov.br\\\/\",\"name\":\"Prefeitura de Camb\u00e9\",\"description\":\"UM GOVERNO PARA TODOS\",\"publisher\":{\"@id\":\"https:\\\/\\\/www.cambe.pr.gov.br\\\/#organization\"},\"potentialAction\":[{\"@type\":\"SearchAction\",\"target\":{\"@type\":\"EntryPoint\",\"urlTemplate\":\"https:\\\/\\\/www.cambe.pr.gov.br\\\/?s={search_term_string}\"},\"query-input\":{\"@type\":\"PropertyValueSpecification\",\"valueRequired\":true,\"valueName\":\"search_term_string\"}}],\"inLanguage\":\"pt-BR\"},{\"@type\":\"Organization\",\"@id\":\"https:\\\/\\\/www.cambe.pr.gov.br\\\/#organization\",\"name\":\"Prefeitura de Camb\u00e9\",\"url\":\"https:\\\/\\\/www.cambe.pr.gov.br\\\/\",\"logo\":{\"@type\":\"ImageObject\",\"inLanguage\":\"pt-BR\",\"@id\":\"https:\\\/\\\/www.cambe.pr.gov.br\\\/#\\\/schema\\\/logo\\\/image\\\/\",\"url\":\"https:\\\/\\\/www.cambe.pr.gov.br\\\/wp-content\\\/uploads\\\/2021\\\/01\\\/cropped-cropped-cambe_brazao-icone.png\",\"contentUrl\":\"https:\\\/\\\/www.cambe.pr.gov.br\\\/wp-content\\\/uploads\\\/2021\\\/01\\\/cropped-cropped-cambe_brazao-icone.png\",\"width\":240,\"height\":240,\"caption\":\"Prefeitura de Camb\u00e9\"},\"image\":{\"@id\":\"https:\\\/\\\/www.cambe.pr.gov.br\\\/#\\\/schema\\\/logo\\\/image\\\/\"},\"sameAs\":[\"https:\\\/\\\/m.facebook.com\\\/prefeituradecambe\"]},{\"@type\":\"Person\",\"@id\":\"https:\\\/\\\/www.cambe.pr.gov.br\\\/#\\\/schema\\\/person\\\/8e3ee69cb2cadf4b9f8377407227effd\",\"name\":\"Vinicius Augusto Batista Eira\",\"image\":{\"@type\":\"ImageObject\",\"inLanguage\":\"pt-BR\",\"@id\":\"https:\\\/\\\/secure.gravatar.com\\\/avatar\\\/1ec500de7013b30e1d4d7c8c3978f0e4433c37e5d5e4cd186239369c6440122b?s=96&d=mm&r=g\",\"url\":\"https:\\\/\\\/secure.gravatar.com\\\/avatar\\\/1ec500de7013b30e1d4d7c8c3978f0e4433c37e5d5e4cd186239369c6440122b?s=96&d=mm&r=g\",\"contentUrl\":\"https:\\\/\\\/secure.gravatar.com\\\/avatar\\\/1ec500de7013b30e1d4d7c8c3978f0e4433c37e5d5e4cd186239369c6440122b?s=96&d=mm&r=g\",\"caption\":\"Vinicius Augusto Batista Eira\"},\"url\":\"https:\\\/\\\/www.cambe.pr.gov.br\\\/index.php\\\/author\\\/vabeira\\\/\"}]}<\/script>\n<!-- \/ Yoast SEO plugin. -->","yoast_head_json":{"title":"Camb\u00e9 e Londrina se unem contra a dengue; munic\u00edpio ainda promove mutir\u00f5es de limpeza essa semana - Prefeitura de Camb\u00e9","robots":{"index":"index","follow":"follow","max-snippet":"max-snippet:-1","max-image-preview":"max-image-preview:large","max-video-preview":"max-video-preview:-1"},"canonical":"https:\/\/www.cambe.pr.gov.br\/index.php\/cambe-e-londrina-se-unem-contra-a-dengue-municipio-ainda-promove-mutiroes-de-limpeza-essa-semana\/","og_locale":"pt_BR","og_type":"article","og_title":"Camb\u00e9 e Londrina se unem contra a dengue; munic\u00edpio ainda promove mutir\u00f5es de limpeza essa semana - Prefeitura de Camb\u00e9","og_description":"Unindo esfor\u00e7os para a luta contra a dengue, as Prefeituras de Camb\u00e9 e de Londrina promovem o Dia D de Combate \u00e0 Dengue nesta quinta-feira (6). A campanha ir\u00e1 direcionar esfor\u00e7os das equipes de sa\u00fade para o limite dos dois munic\u00edpios, visando reduzir a incid\u00eancia da doen\u00e7a. At\u00e9 o pr\u00f3ximo s\u00e1bado (8), Camb\u00e9 ainda realiza [&hellip;]","og_url":"https:\/\/www.cambe.pr.gov.br\/index.php\/cambe-e-londrina-se-unem-contra-a-dengue-municipio-ainda-promove-mutiroes-de-limpeza-essa-semana\/","og_site_name":"Prefeitura de Camb\u00e9","article_publisher":"https:\/\/m.facebook.com\/prefeituradecambe","article_published_time":"2025-02-05T18:50:59+00:00","og_image":[{"url":"https:\/\/www.cambe.pr.gov.br\/wp-content\/uploads\/2025\/02\/Imagem-do-WhatsApp-de-2025-02-05-as-15.19.45_aad9afbd-819x1024.jpg","type":"","width":"","height":""}],"author":"Vinicius Augusto Batista Eira","twitter_card":"summary_large_image","twitter_misc":{"Escrito por":"Vinicius Augusto Batista Eira","Est. tempo de leitura":"4 minutos"},"schema":{"@context":"https:\/\/schema.org","@graph":[{"@type":"Article","@id":"https:\/\/www.cambe.pr.gov.br\/index.php\/cambe-e-londrina-se-unem-contra-a-dengue-municipio-ainda-promove-mutiroes-de-limpeza-essa-semana\/#article","isPartOf":{"@id":"https:\/\/www.cambe.pr.gov.br\/index.php\/cambe-e-londrina-se-unem-contra-a-dengue-municipio-ainda-promove-mutiroes-de-limpeza-essa-semana\/"},"author":{"name":"Vinicius Augusto Batista Eira","@id":"https:\/\/www.cambe.pr.gov.br\/#\/schema\/person\/8e3ee69cb2cadf4b9f8377407227effd"},"headline":"Camb\u00e9 e Londrina se unem contra a dengue; munic\u00edpio ainda promove mutir\u00f5es de limpeza essa semana","datePublished":"2025-02-05T18:50:59+00:00","mainEntityOfPage":{"@id":"https:\/\/www.cambe.pr.gov.br\/index.php\/cambe-e-londrina-se-unem-contra-a-dengue-municipio-ainda-promove-mutiroes-de-limpeza-essa-semana\/"},"wordCount":617,"publisher":{"@id":"https:\/\/www.cambe.pr.gov.br\/#organization"},"image":{"@id":"https:\/\/www.cambe.pr.gov.br\/index.php\/cambe-e-londrina-se-unem-contra-a-dengue-municipio-ainda-promove-mutiroes-de-limpeza-essa-semana\/#primaryimage"},"thumbnailUrl":"https:\/\/www.cambe.pr.gov.br\/wp-content\/uploads\/2025\/02\/Imagem-do-WhatsApp-de-2025-02-05-as-15.19.45_aad9afbd-819x1024.jpg","articleSection":["Principal"],"inLanguage":"pt-BR"},{"@type":"WebPage","@id":"https:\/\/www.cambe.pr.gov.br\/index.php\/cambe-e-londrina-se-unem-contra-a-dengue-municipio-ainda-promove-mutiroes-de-limpeza-essa-semana\/","url":"https:\/\/www.cambe.pr.gov.br\/index.php\/cambe-e-londrina-se-unem-contra-a-dengue-municipio-ainda-promove-mutiroes-de-limpeza-essa-semana\/","name":"Camb\u00e9 e Londrina se unem contra a dengue; munic\u00edpio ainda promove mutir\u00f5es de limpeza essa semana - Prefeitura de Camb\u00e9","isPartOf":{"@id":"https:\/\/www.cambe.pr.gov.br\/#website"},"primaryImageOfPage":{"@id":"https:\/\/www.cambe.pr.gov.br\/index.php\/cambe-e-londrina-se-unem-contra-a-dengue-municipio-ainda-promove-mutiroes-de-limpeza-essa-semana\/#primaryimage"},"image":{"@id":"https:\/\/www.cambe.pr.gov.br\/index.php\/cambe-e-londrina-se-unem-contra-a-dengue-municipio-ainda-promove-mutiroes-de-limpeza-essa-semana\/#primaryimage"},"thumbnailUrl":"https:\/\/www.cambe.pr.gov.br\/wp-content\/uploads\/2025\/02\/Imagem-do-WhatsApp-de-2025-02-05-as-15.19.45_aad9afbd-819x1024.jpg","datePublished":"2025-02-05T18:50:59+00:00","breadcrumb":{"@id":"https:\/\/www.cambe.pr.gov.br\/index.php\/cambe-e-londrina-se-unem-contra-a-dengue-municipio-ainda-promove-mutiroes-de-limpeza-essa-semana\/#breadcrumb"},"inLanguage":"pt-BR","potentialAction":[{"@type":"ReadAction","target":["https:\/\/www.cambe.pr.gov.br\/index.php\/cambe-e-londrina-se-unem-contra-a-dengue-municipio-ainda-promove-mutiroes-de-limpeza-essa-semana\/"]}]},{"@type":"ImageObject","inLanguage":"pt-BR","@id":"https:\/\/www.cambe.pr.gov.br\/index.php\/cambe-e-londrina-se-unem-contra-a-dengue-municipio-ainda-promove-mutiroes-de-limpeza-essa-semana\/#primaryimage","url":"https:\/\/www.cambe.pr.gov.br\/wp-content\/uploads\/2025\/02\/Imagem-do-WhatsApp-de-2025-02-05-as-15.19.45_aad9afbd.jpg","contentUrl":"https:\/\/www.cambe.pr.gov.br\/wp-content\/uploads\/2025\/02\/Imagem-do-WhatsApp-de-2025-02-05-as-15.19.45_aad9afbd.jpg","width":1280,"height":1600},{"@type":"BreadcrumbList","@id":"https:\/\/www.cambe.pr.gov.br\/index.php\/cambe-e-londrina-se-unem-contra-a-dengue-municipio-ainda-promove-mutiroes-de-limpeza-essa-semana\/#breadcrumb","itemListElement":[{"@type":"ListItem","position":1,"name":"In\u00edcio","item":"https:\/\/www.cambe.pr.gov.br\/"},{"@type":"ListItem","position":2,"name":"Camb\u00e9 e Londrina se unem contra a dengue; munic\u00edpio ainda promove mutir\u00f5es de limpeza essa semana"}]},{"@type":"WebSite","@id":"https:\/\/www.cambe.pr.gov.br\/#website","url":"https:\/\/www.cambe.pr.gov.br\/","name":"Prefeitura de Camb\u00e9","description":"UM GOVERNO PARA TODOS","publisher":{"@id":"https:\/\/www.cambe.pr.gov.br\/#organization"},"potentialAction":[{"@type":"SearchAction","target":{"@type":"EntryPoint","urlTemplate":"https:\/\/www.cambe.pr.gov.br\/?s={search_term_string}"},"query-input":{"@type":"PropertyValueSpecification","valueRequired":true,"valueName":"search_term_string"}}],"inLanguage":"pt-BR"},{"@type":"Organization","@id":"https:\/\/www.cambe.pr.gov.br\/#organization","name":"Prefeitura de Camb\u00e9","url":"https:\/\/www.cambe.pr.gov.br\/","logo":{"@type":"ImageObject","inLanguage":"pt-BR","@id":"https:\/\/www.cambe.pr.gov.br\/#\/schema\/logo\/image\/","url":"https:\/\/www.cambe.pr.gov.br\/wp-content\/uploads\/2021\/01\/cropped-cropped-cambe_brazao-icone.png","contentUrl":"https:\/\/www.cambe.pr.gov.br\/wp-content\/uploads\/2021\/01\/cropped-cropped-cambe_brazao-icone.png","width":240,"height":240,"caption":"Prefeitura de Camb\u00e9"},"image":{"@id":"https:\/\/www.cambe.pr.gov.br\/#\/schema\/logo\/image\/"},"sameAs":["https:\/\/m.facebook.com\/prefeituradecambe"]},{"@type":"Person","@id":"https:\/\/www.cambe.pr.gov.br\/#\/schema\/person\/8e3ee69cb2cadf4b9f8377407227effd","name":"Vinicius Augusto Batista Eira","image":{"@type":"ImageObject","inLanguage":"pt-BR","@id":"https:\/\/secure.gravatar.com\/avatar\/1ec500de7013b30e1d4d7c8c3978f0e4433c37e5d5e4cd186239369c6440122b?s=96&d=mm&r=g","url":"https:\/\/secure.gravatar.com\/avatar\/1ec500de7013b30e1d4d7c8c3978f0e4433c37e5d5e4cd186239369c6440122b?s=96&d=mm&r=g","contentUrl":"https:\/\/secure.gravatar.com\/avatar\/1ec500de7013b30e1d4d7c8c3978f0e4433c37e5d5e4cd186239369c6440122b?s=96&d=mm&r=g","caption":"Vinicius Augusto Batista Eira"},"url":"https:\/\/www.cambe.pr.gov.br\/index.php\/author\/vabeira\/"}]}},"_links":{"self":[{"href":"https:\/\/www.cambe.pr.gov.br\/index.php\/wp-json\/wp\/v2\/posts\/16012","targetHints":{"allow":["GET"]}}],"collection":[{"href":"https:\/\/www.cambe.pr.gov.br\/index.php\/wp-json\/wp\/v2\/posts"}],"about":[{"href":"https:\/\/www.cambe.pr.gov.br\/index.php\/wp-json\/wp\/v2\/types\/post"}],"author":[{"embeddable":true,"href":"https:\/\/www.cambe.pr.gov.br\/index.php\/wp-json\/wp\/v2\/users\/16"}],"replies":[{"embeddable":true,"href":"https:\/\/www.cambe.pr.gov.br\/index.php\/wp-json\/wp\/v2\/comments?post=16012"}],"version-history":[{"count":3,"href":"https:\/\/www.cambe.pr.gov.br\/index.php\/wp-json\/wp\/v2\/posts\/16012\/revisions"}],"predecessor-version":[{"id":16016,"href":"https:\/\/www.cambe.pr.gov.br\/index.php\/wp-json\/wp\/v2\/posts\/16012\/revisions\/16016"}],"wp:attachment":[{"href":"https:\/\/www.cambe.pr.gov.br\/index.php\/wp-json\/wp\/v2\/media?parent=16012"}],"wp:term":[{"taxonomy":"category","embeddable":true,"href":"https:\/\/www.cambe.pr.gov.br\/index.php\/wp-json\/wp\/v2\/categories?post=16012"},{"taxonomy":"post_tag","embeddable":true,"href":"https:\/\/www.cambe.pr.gov.br\/index.php\/wp-json\/wp\/v2\/tags?post=16012"}],"curies":[{"name":"wp","href":"https:\/\/api.w.org\/{rel}","templated":true}]}}