{"id":16009,"date":"2025-02-04T11:37:28","date_gmt":"2025-02-04T14:37:28","guid":{"rendered":"https:\/\/www.cambe.pr.gov.br\/?p=16009"},"modified":"2025-02-04T11:37:28","modified_gmt":"2025-02-04T14:37:28","slug":"secretaria-de-saude-reforca-importancia-da-vacinacao-contra-a-dengue-em-adolescentes","status":"publish","type":"post","link":"https:\/\/www.cambe.pr.gov.br\/index.php\/secretaria-de-saude-reforca-importancia-da-vacinacao-contra-a-dengue-em-adolescentes\/","title":{"rendered":"Secretaria de Sa\u00fade refor\u00e7a import\u00e2ncia da vacina\u00e7\u00e3o contra a dengue em adolescentes"},"content":{"rendered":"<p style=\"text-align: justify;\"><span style=\"font-weight: 400; font-family: arial, helvetica, sans-serif;\"><img fetchpriority=\"high\" decoding=\"async\" class=\"alignleft size-large wp-image-14162\" src=\"https:\/\/www.cambe.pr.gov.br\/wp-content\/uploads\/2024\/03\/DSC_0013-1024x678.jpg\" alt=\"\" width=\"610\" height=\"404\" srcset=\"https:\/\/www.cambe.pr.gov.br\/wp-content\/uploads\/2024\/03\/DSC_0013-1024x678.jpg 1024w, https:\/\/www.cambe.pr.gov.br\/wp-content\/uploads\/2024\/03\/DSC_0013-300x199.jpg 300w, https:\/\/www.cambe.pr.gov.br\/wp-content\/uploads\/2024\/03\/DSC_0013-768x509.jpg 768w, https:\/\/www.cambe.pr.gov.br\/wp-content\/uploads\/2024\/03\/DSC_0013-1536x1018.jpg 1536w, https:\/\/www.cambe.pr.gov.br\/wp-content\/uploads\/2024\/03\/DSC_0013-2048x1357.jpg 2048w\" sizes=\"(max-width: 610px) 100vw, 610px\" \/>A dengue \u00e9 um grave problema de sa\u00fade p\u00fablica, que exige esfor\u00e7os de profissionais de sa\u00fade, gestores e popula\u00e7\u00e3o em conjunto. E todas as organiza\u00e7\u00f5es da sociedade civil desempenham papel essencial na conscientiza\u00e7\u00e3o da comunidade em a\u00e7\u00f5es para preven\u00e7\u00e3o da doen\u00e7a. No entanto, os \u00edndices de vacina\u00e7\u00e3o do p\u00fablico-alvo, a popula\u00e7\u00e3o de 10 a 14 anos, est\u00e1 longe do ideal e a Secretaria Municipal de Sa\u00fade P\u00fablica refor\u00e7a a import\u00e2ncia da ades\u00e3o \u00e0 imuniza\u00e7\u00e3o.<\/span><\/p>\n<p style=\"text-align: justify;\"><span style=\"font-weight: 400; font-family: arial, helvetica, sans-serif;\">A vacina contra dengue \u00e9 uma importante aliada na preven\u00e7\u00e3o da doen\u00e7a e est\u00e1 dispon\u00edvel em todas as Unidades B\u00e1sicas de Sa\u00fade do munic\u00edpio, voltada para popula\u00e7\u00e3o de 10 a 14 anos. Por\u00e9m, apenas 39% da popula\u00e7\u00e3o desta faixa et\u00e1ria est\u00e1 vacinada \u2014 \u00edndice muito abaixo do ideal.\u00a0<\/span><\/p>\n<p style=\"text-align: justify;\"><span style=\"font-weight: 400; font-family: arial, helvetica, sans-serif;\">Segundo o Governo Federal, a meta nacional \u00e9 vacinar 90% do p\u00fablico-alvo. No Brasil, de seis milh\u00f5es de doses compradas em 2024, menos de quatro milh\u00f5es foram aplicadas. Apenas 1,1 milh\u00e3o de crian\u00e7as e adolescentes completaram o esquema vacinal, com duas doses.<\/span><\/p>\n<p style=\"text-align: justify;\"><span style=\"font-weight: 400; font-family: arial, helvetica, sans-serif;\">A Secretaria de Sa\u00fade pede a popula\u00e7\u00e3o que leve crian\u00e7as e adolescentes para se vacinar, e tamb\u00e9m para divulgarem os cuidados contra a dengue, poss\u00edveis criadouros nos quintais, focos do mosquito e pontos de \u00e1gua parada. Tamb\u00e9m foi feita uma for\u00e7a tarefa com l\u00edderes comunit\u00e1rios, religiosos e trabalhadores para que se fale mais de a\u00e7\u00f5es e esfor\u00e7os contra a dengue.<\/span><\/p>\n<p style=\"text-align: justify;\"><span style=\"font-weight: 400; font-family: arial, helvetica, sans-serif;\">Talita Bengozi Gozi, secret\u00e1ria de Sa\u00fade de Camb\u00e9, refor\u00e7a que a vacina est\u00e1 dispon\u00edvel em todas as Unidades B\u00e1sicas de Sa\u00fade do munic\u00edpio, e faz um apelo para a toda a popula\u00e7\u00e3o. &#8220;Precisamos da mobiliza\u00e7\u00e3o de todos. Busque a vacina, ela est\u00e1 dispon\u00edvel em todas as UBS, a princ\u00edpio ainda somente para esse grupo. Mas isso \u00e9 importante porque quanto mais a gente diminuir a contamina\u00e7\u00e3o, conseguimos ajudar a popula\u00e7\u00e3o mais vulner\u00e1vel ao v\u00edrus, que s\u00e3o as crian\u00e7as e idosos. Ent\u00e3o, a gente pede para que todos nos auxiliem na divulga\u00e7\u00e3o dessas informa\u00e7\u00f5es. A vacina est\u00e1 dispon\u00edvel para essa faixa et\u00e1ria em qualquer UBS. Tamb\u00e9m colocamos a import\u00e2ncia de todos lembrarem dos 10 minutos da semana. Ent\u00e3o, o que \u00e9 isso? \u00c9 a popula\u00e7\u00e3o tirar 10 minutos durante a sua semana, para identificar focos de mosquita e \u00e1gua parada no seu quintal. Assim, com certeza, a gente vai conseguir diminuir casos da dengue.&#8221;<\/span><\/p>\n","protected":false},"excerpt":{"rendered":"<p>A dengue \u00e9 um grave problema de sa\u00fade p\u00fablica, que exige esfor\u00e7os de profissionais de sa\u00fade, gestores e popula\u00e7\u00e3o em conjunto. E todas as organiza\u00e7\u00f5es da sociedade civil desempenham papel essencial na conscientiza\u00e7\u00e3o da comunidade em a\u00e7\u00f5es para preven\u00e7\u00e3o da doen\u00e7a. No entanto, os \u00edndices de vacina\u00e7\u00e3o do p\u00fablico-alvo, a popula\u00e7\u00e3o de 10 a 14 [&hellip;]<\/p>\n","protected":false},"author":16,"featured_media":0,"comment_status":"closed","ping_status":"closed","sticky":false,"template":"","format":"standard","meta":{"ngg_post_thumbnail":0,"footnotes":""},"categories":[1],"tags":[],"class_list":["post-16009","post","type-post","status-publish","format-standard","hentry","category-principal"],"yoast_head":"<!-- This site is optimized with the Yoast SEO plugin v27.4 - https:\/\/yoast.com\/product\/yoast-seo-wordpress\/ -->\n<title>Secretaria de Sa\u00fade refor\u00e7a import\u00e2ncia da vacina\u00e7\u00e3o contra a dengue em adolescentes - Prefeitura de Camb\u00e9<\/title>\n<meta name=\"robots\" content=\"index, follow, max-snippet:-1, max-image-preview:large, max-video-preview:-1\" \/>\n<link rel=\"canonical\" href=\"https:\/\/www.cambe.pr.gov.br\/index.php\/secretaria-de-saude-reforca-importancia-da-vacinacao-contra-a-dengue-em-adolescentes\/\" \/>\n<meta property=\"og:locale\" content=\"pt_BR\" \/>\n<meta property=\"og:type\" content=\"article\" \/>\n<meta property=\"og:title\" content=\"Secretaria de Sa\u00fade refor\u00e7a import\u00e2ncia da vacina\u00e7\u00e3o contra a dengue em adolescentes - Prefeitura de Camb\u00e9\" \/>\n<meta property=\"og:description\" content=\"A dengue \u00e9 um grave problema de sa\u00fade p\u00fablica, que exige esfor\u00e7os de profissionais de sa\u00fade, gestores e popula\u00e7\u00e3o em conjunto. E todas as organiza\u00e7\u00f5es da sociedade civil desempenham papel essencial na conscientiza\u00e7\u00e3o da comunidade em a\u00e7\u00f5es para preven\u00e7\u00e3o da doen\u00e7a. No entanto, os \u00edndices de vacina\u00e7\u00e3o do p\u00fablico-alvo, a popula\u00e7\u00e3o de 10 a 14 [&hellip;]\" \/>\n<meta property=\"og:url\" content=\"https:\/\/www.cambe.pr.gov.br\/index.php\/secretaria-de-saude-reforca-importancia-da-vacinacao-contra-a-dengue-em-adolescentes\/\" \/>\n<meta property=\"og:site_name\" content=\"Prefeitura de Camb\u00e9\" \/>\n<meta property=\"article:publisher\" content=\"https:\/\/m.facebook.com\/prefeituradecambe\" \/>\n<meta property=\"article:published_time\" content=\"2025-02-04T14:37:28+00:00\" \/>\n<meta property=\"og:image\" content=\"https:\/\/www.cambe.pr.gov.br\/wp-content\/uploads\/2024\/03\/DSC_0013-1024x678.jpg\" \/>\n<meta name=\"author\" content=\"Vinicius Augusto Batista Eira\" \/>\n<meta name=\"twitter:card\" content=\"summary_large_image\" \/>\n<meta name=\"twitter:label1\" content=\"Escrito por\" \/>\n\t<meta name=\"twitter:data1\" content=\"Vinicius Augusto Batista Eira\" \/>\n\t<meta name=\"twitter:label2\" content=\"Est. tempo de leitura\" \/>\n\t<meta name=\"twitter:data2\" content=\"3 minutos\" \/>\n<script type=\"application\/ld+json\" class=\"yoast-schema-graph\">{\"@context\":\"https:\\\/\\\/schema.org\",\"@graph\":[{\"@type\":\"Article\",\"@id\":\"https:\\\/\\\/www.cambe.pr.gov.br\\\/index.php\\\/secretaria-de-saude-reforca-importancia-da-vacinacao-contra-a-dengue-em-adolescentes\\\/#article\",\"isPartOf\":{\"@id\":\"https:\\\/\\\/www.cambe.pr.gov.br\\\/index.php\\\/secretaria-de-saude-reforca-importancia-da-vacinacao-contra-a-dengue-em-adolescentes\\\/\"},\"author\":{\"name\":\"Vinicius Augusto Batista Eira\",\"@id\":\"https:\\\/\\\/www.cambe.pr.gov.br\\\/#\\\/schema\\\/person\\\/8e3ee69cb2cadf4b9f8377407227effd\"},\"headline\":\"Secretaria de Sa\u00fade refor\u00e7a import\u00e2ncia da vacina\u00e7\u00e3o contra a dengue em adolescentes\",\"datePublished\":\"2025-02-04T14:37:28+00:00\",\"mainEntityOfPage\":{\"@id\":\"https:\\\/\\\/www.cambe.pr.gov.br\\\/index.php\\\/secretaria-de-saude-reforca-importancia-da-vacinacao-contra-a-dengue-em-adolescentes\\\/\"},\"wordCount\":446,\"publisher\":{\"@id\":\"https:\\\/\\\/www.cambe.pr.gov.br\\\/#organization\"},\"image\":{\"@id\":\"https:\\\/\\\/www.cambe.pr.gov.br\\\/index.php\\\/secretaria-de-saude-reforca-importancia-da-vacinacao-contra-a-dengue-em-adolescentes\\\/#primaryimage\"},\"thumbnailUrl\":\"https:\\\/\\\/www.cambe.pr.gov.br\\\/wp-content\\\/uploads\\\/2024\\\/03\\\/DSC_0013-1024x678.jpg\",\"articleSection\":[\"Principal\"],\"inLanguage\":\"pt-BR\"},{\"@type\":\"WebPage\",\"@id\":\"https:\\\/\\\/www.cambe.pr.gov.br\\\/index.php\\\/secretaria-de-saude-reforca-importancia-da-vacinacao-contra-a-dengue-em-adolescentes\\\/\",\"url\":\"https:\\\/\\\/www.cambe.pr.gov.br\\\/index.php\\\/secretaria-de-saude-reforca-importancia-da-vacinacao-contra-a-dengue-em-adolescentes\\\/\",\"name\":\"Secretaria de Sa\u00fade refor\u00e7a import\u00e2ncia da vacina\u00e7\u00e3o contra a dengue em adolescentes - Prefeitura de Camb\u00e9\",\"isPartOf\":{\"@id\":\"https:\\\/\\\/www.cambe.pr.gov.br\\\/#website\"},\"primaryImageOfPage\":{\"@id\":\"https:\\\/\\\/www.cambe.pr.gov.br\\\/index.php\\\/secretaria-de-saude-reforca-importancia-da-vacinacao-contra-a-dengue-em-adolescentes\\\/#primaryimage\"},\"image\":{\"@id\":\"https:\\\/\\\/www.cambe.pr.gov.br\\\/index.php\\\/secretaria-de-saude-reforca-importancia-da-vacinacao-contra-a-dengue-em-adolescentes\\\/#primaryimage\"},\"thumbnailUrl\":\"https:\\\/\\\/www.cambe.pr.gov.br\\\/wp-content\\\/uploads\\\/2024\\\/03\\\/DSC_0013-1024x678.jpg\",\"datePublished\":\"2025-02-04T14:37:28+00:00\",\"breadcrumb\":{\"@id\":\"https:\\\/\\\/www.cambe.pr.gov.br\\\/index.php\\\/secretaria-de-saude-reforca-importancia-da-vacinacao-contra-a-dengue-em-adolescentes\\\/#breadcrumb\"},\"inLanguage\":\"pt-BR\",\"potentialAction\":[{\"@type\":\"ReadAction\",\"target\":[\"https:\\\/\\\/www.cambe.pr.gov.br\\\/index.php\\\/secretaria-de-saude-reforca-importancia-da-vacinacao-contra-a-dengue-em-adolescentes\\\/\"]}]},{\"@type\":\"ImageObject\",\"inLanguage\":\"pt-BR\",\"@id\":\"https:\\\/\\\/www.cambe.pr.gov.br\\\/index.php\\\/secretaria-de-saude-reforca-importancia-da-vacinacao-contra-a-dengue-em-adolescentes\\\/#primaryimage\",\"url\":\"https:\\\/\\\/www.cambe.pr.gov.br\\\/wp-content\\\/uploads\\\/2024\\\/03\\\/DSC_0013.jpg\",\"contentUrl\":\"https:\\\/\\\/www.cambe.pr.gov.br\\\/wp-content\\\/uploads\\\/2024\\\/03\\\/DSC_0013.jpg\",\"width\":2196,\"height\":1455},{\"@type\":\"BreadcrumbList\",\"@id\":\"https:\\\/\\\/www.cambe.pr.gov.br\\\/index.php\\\/secretaria-de-saude-reforca-importancia-da-vacinacao-contra-a-dengue-em-adolescentes\\\/#breadcrumb\",\"itemListElement\":[{\"@type\":\"ListItem\",\"position\":1,\"name\":\"In\u00edcio\",\"item\":\"https:\\\/\\\/www.cambe.pr.gov.br\\\/\"},{\"@type\":\"ListItem\",\"position\":2,\"name\":\"Secretaria de Sa\u00fade refor\u00e7a import\u00e2ncia da vacina\u00e7\u00e3o contra a dengue em adolescentes\"}]},{\"@type\":\"WebSite\",\"@id\":\"https:\\\/\\\/www.cambe.pr.gov.br\\\/#website\",\"url\":\"https:\\\/\\\/www.cambe.pr.gov.br\\\/\",\"name\":\"Prefeitura de Camb\u00e9\",\"description\":\"UM GOVERNO PARA TODOS\",\"publisher\":{\"@id\":\"https:\\\/\\\/www.cambe.pr.gov.br\\\/#organization\"},\"potentialAction\":[{\"@type\":\"SearchAction\",\"target\":{\"@type\":\"EntryPoint\",\"urlTemplate\":\"https:\\\/\\\/www.cambe.pr.gov.br\\\/?s={search_term_string}\"},\"query-input\":{\"@type\":\"PropertyValueSpecification\",\"valueRequired\":true,\"valueName\":\"search_term_string\"}}],\"inLanguage\":\"pt-BR\"},{\"@type\":\"Organization\",\"@id\":\"https:\\\/\\\/www.cambe.pr.gov.br\\\/#organization\",\"name\":\"Prefeitura de Camb\u00e9\",\"url\":\"https:\\\/\\\/www.cambe.pr.gov.br\\\/\",\"logo\":{\"@type\":\"ImageObject\",\"inLanguage\":\"pt-BR\",\"@id\":\"https:\\\/\\\/www.cambe.pr.gov.br\\\/#\\\/schema\\\/logo\\\/image\\\/\",\"url\":\"https:\\\/\\\/www.cambe.pr.gov.br\\\/wp-content\\\/uploads\\\/2021\\\/01\\\/cropped-cropped-cambe_brazao-icone.png\",\"contentUrl\":\"https:\\\/\\\/www.cambe.pr.gov.br\\\/wp-content\\\/uploads\\\/2021\\\/01\\\/cropped-cropped-cambe_brazao-icone.png\",\"width\":240,\"height\":240,\"caption\":\"Prefeitura de Camb\u00e9\"},\"image\":{\"@id\":\"https:\\\/\\\/www.cambe.pr.gov.br\\\/#\\\/schema\\\/logo\\\/image\\\/\"},\"sameAs\":[\"https:\\\/\\\/m.facebook.com\\\/prefeituradecambe\"]},{\"@type\":\"Person\",\"@id\":\"https:\\\/\\\/www.cambe.pr.gov.br\\\/#\\\/schema\\\/person\\\/8e3ee69cb2cadf4b9f8377407227effd\",\"name\":\"Vinicius Augusto Batista Eira\",\"image\":{\"@type\":\"ImageObject\",\"inLanguage\":\"pt-BR\",\"@id\":\"https:\\\/\\\/secure.gravatar.com\\\/avatar\\\/1ec500de7013b30e1d4d7c8c3978f0e4433c37e5d5e4cd186239369c6440122b?s=96&d=mm&r=g\",\"url\":\"https:\\\/\\\/secure.gravatar.com\\\/avatar\\\/1ec500de7013b30e1d4d7c8c3978f0e4433c37e5d5e4cd186239369c6440122b?s=96&d=mm&r=g\",\"contentUrl\":\"https:\\\/\\\/secure.gravatar.com\\\/avatar\\\/1ec500de7013b30e1d4d7c8c3978f0e4433c37e5d5e4cd186239369c6440122b?s=96&d=mm&r=g\",\"caption\":\"Vinicius Augusto Batista Eira\"},\"url\":\"https:\\\/\\\/www.cambe.pr.gov.br\\\/index.php\\\/author\\\/vabeira\\\/\"}]}<\/script>\n<!-- \/ Yoast SEO plugin. -->","yoast_head_json":{"title":"Secretaria de Sa\u00fade refor\u00e7a import\u00e2ncia da vacina\u00e7\u00e3o contra a dengue em adolescentes - Prefeitura de Camb\u00e9","robots":{"index":"index","follow":"follow","max-snippet":"max-snippet:-1","max-image-preview":"max-image-preview:large","max-video-preview":"max-video-preview:-1"},"canonical":"https:\/\/www.cambe.pr.gov.br\/index.php\/secretaria-de-saude-reforca-importancia-da-vacinacao-contra-a-dengue-em-adolescentes\/","og_locale":"pt_BR","og_type":"article","og_title":"Secretaria de Sa\u00fade refor\u00e7a import\u00e2ncia da vacina\u00e7\u00e3o contra a dengue em adolescentes - Prefeitura de Camb\u00e9","og_description":"A dengue \u00e9 um grave problema de sa\u00fade p\u00fablica, que exige esfor\u00e7os de profissionais de sa\u00fade, gestores e popula\u00e7\u00e3o em conjunto. E todas as organiza\u00e7\u00f5es da sociedade civil desempenham papel essencial na conscientiza\u00e7\u00e3o da comunidade em a\u00e7\u00f5es para preven\u00e7\u00e3o da doen\u00e7a. No entanto, os \u00edndices de vacina\u00e7\u00e3o do p\u00fablico-alvo, a popula\u00e7\u00e3o de 10 a 14 [&hellip;]","og_url":"https:\/\/www.cambe.pr.gov.br\/index.php\/secretaria-de-saude-reforca-importancia-da-vacinacao-contra-a-dengue-em-adolescentes\/","og_site_name":"Prefeitura de Camb\u00e9","article_publisher":"https:\/\/m.facebook.com\/prefeituradecambe","article_published_time":"2025-02-04T14:37:28+00:00","og_image":[{"url":"https:\/\/www.cambe.pr.gov.br\/wp-content\/uploads\/2024\/03\/DSC_0013-1024x678.jpg","type":"","width":"","height":""}],"author":"Vinicius Augusto Batista Eira","twitter_card":"summary_large_image","twitter_misc":{"Escrito por":"Vinicius Augusto Batista Eira","Est. tempo de leitura":"3 minutos"},"schema":{"@context":"https:\/\/schema.org","@graph":[{"@type":"Article","@id":"https:\/\/www.cambe.pr.gov.br\/index.php\/secretaria-de-saude-reforca-importancia-da-vacinacao-contra-a-dengue-em-adolescentes\/#article","isPartOf":{"@id":"https:\/\/www.cambe.pr.gov.br\/index.php\/secretaria-de-saude-reforca-importancia-da-vacinacao-contra-a-dengue-em-adolescentes\/"},"author":{"name":"Vinicius Augusto Batista Eira","@id":"https:\/\/www.cambe.pr.gov.br\/#\/schema\/person\/8e3ee69cb2cadf4b9f8377407227effd"},"headline":"Secretaria de Sa\u00fade refor\u00e7a import\u00e2ncia da vacina\u00e7\u00e3o contra a dengue em adolescentes","datePublished":"2025-02-04T14:37:28+00:00","mainEntityOfPage":{"@id":"https:\/\/www.cambe.pr.gov.br\/index.php\/secretaria-de-saude-reforca-importancia-da-vacinacao-contra-a-dengue-em-adolescentes\/"},"wordCount":446,"publisher":{"@id":"https:\/\/www.cambe.pr.gov.br\/#organization"},"image":{"@id":"https:\/\/www.cambe.pr.gov.br\/index.php\/secretaria-de-saude-reforca-importancia-da-vacinacao-contra-a-dengue-em-adolescentes\/#primaryimage"},"thumbnailUrl":"https:\/\/www.cambe.pr.gov.br\/wp-content\/uploads\/2024\/03\/DSC_0013-1024x678.jpg","articleSection":["Principal"],"inLanguage":"pt-BR"},{"@type":"WebPage","@id":"https:\/\/www.cambe.pr.gov.br\/index.php\/secretaria-de-saude-reforca-importancia-da-vacinacao-contra-a-dengue-em-adolescentes\/","url":"https:\/\/www.cambe.pr.gov.br\/index.php\/secretaria-de-saude-reforca-importancia-da-vacinacao-contra-a-dengue-em-adolescentes\/","name":"Secretaria de Sa\u00fade refor\u00e7a import\u00e2ncia da vacina\u00e7\u00e3o contra a dengue em adolescentes - Prefeitura de Camb\u00e9","isPartOf":{"@id":"https:\/\/www.cambe.pr.gov.br\/#website"},"primaryImageOfPage":{"@id":"https:\/\/www.cambe.pr.gov.br\/index.php\/secretaria-de-saude-reforca-importancia-da-vacinacao-contra-a-dengue-em-adolescentes\/#primaryimage"},"image":{"@id":"https:\/\/www.cambe.pr.gov.br\/index.php\/secretaria-de-saude-reforca-importancia-da-vacinacao-contra-a-dengue-em-adolescentes\/#primaryimage"},"thumbnailUrl":"https:\/\/www.cambe.pr.gov.br\/wp-content\/uploads\/2024\/03\/DSC_0013-1024x678.jpg","datePublished":"2025-02-04T14:37:28+00:00","breadcrumb":{"@id":"https:\/\/www.cambe.pr.gov.br\/index.php\/secretaria-de-saude-reforca-importancia-da-vacinacao-contra-a-dengue-em-adolescentes\/#breadcrumb"},"inLanguage":"pt-BR","potentialAction":[{"@type":"ReadAction","target":["https:\/\/www.cambe.pr.gov.br\/index.php\/secretaria-de-saude-reforca-importancia-da-vacinacao-contra-a-dengue-em-adolescentes\/"]}]},{"@type":"ImageObject","inLanguage":"pt-BR","@id":"https:\/\/www.cambe.pr.gov.br\/index.php\/secretaria-de-saude-reforca-importancia-da-vacinacao-contra-a-dengue-em-adolescentes\/#primaryimage","url":"https:\/\/www.cambe.pr.gov.br\/wp-content\/uploads\/2024\/03\/DSC_0013.jpg","contentUrl":"https:\/\/www.cambe.pr.gov.br\/wp-content\/uploads\/2024\/03\/DSC_0013.jpg","width":2196,"height":1455},{"@type":"BreadcrumbList","@id":"https:\/\/www.cambe.pr.gov.br\/index.php\/secretaria-de-saude-reforca-importancia-da-vacinacao-contra-a-dengue-em-adolescentes\/#breadcrumb","itemListElement":[{"@type":"ListItem","position":1,"name":"In\u00edcio","item":"https:\/\/www.cambe.pr.gov.br\/"},{"@type":"ListItem","position":2,"name":"Secretaria de Sa\u00fade refor\u00e7a import\u00e2ncia da vacina\u00e7\u00e3o contra a dengue em adolescentes"}]},{"@type":"WebSite","@id":"https:\/\/www.cambe.pr.gov.br\/#website","url":"https:\/\/www.cambe.pr.gov.br\/","name":"Prefeitura de Camb\u00e9","description":"UM GOVERNO PARA TODOS","publisher":{"@id":"https:\/\/www.cambe.pr.gov.br\/#organization"},"potentialAction":[{"@type":"SearchAction","target":{"@type":"EntryPoint","urlTemplate":"https:\/\/www.cambe.pr.gov.br\/?s={search_term_string}"},"query-input":{"@type":"PropertyValueSpecification","valueRequired":true,"valueName":"search_term_string"}}],"inLanguage":"pt-BR"},{"@type":"Organization","@id":"https:\/\/www.cambe.pr.gov.br\/#organization","name":"Prefeitura de Camb\u00e9","url":"https:\/\/www.cambe.pr.gov.br\/","logo":{"@type":"ImageObject","inLanguage":"pt-BR","@id":"https:\/\/www.cambe.pr.gov.br\/#\/schema\/logo\/image\/","url":"https:\/\/www.cambe.pr.gov.br\/wp-content\/uploads\/2021\/01\/cropped-cropped-cambe_brazao-icone.png","contentUrl":"https:\/\/www.cambe.pr.gov.br\/wp-content\/uploads\/2021\/01\/cropped-cropped-cambe_brazao-icone.png","width":240,"height":240,"caption":"Prefeitura de Camb\u00e9"},"image":{"@id":"https:\/\/www.cambe.pr.gov.br\/#\/schema\/logo\/image\/"},"sameAs":["https:\/\/m.facebook.com\/prefeituradecambe"]},{"@type":"Person","@id":"https:\/\/www.cambe.pr.gov.br\/#\/schema\/person\/8e3ee69cb2cadf4b9f8377407227effd","name":"Vinicius Augusto Batista Eira","image":{"@type":"ImageObject","inLanguage":"pt-BR","@id":"https:\/\/secure.gravatar.com\/avatar\/1ec500de7013b30e1d4d7c8c3978f0e4433c37e5d5e4cd186239369c6440122b?s=96&d=mm&r=g","url":"https:\/\/secure.gravatar.com\/avatar\/1ec500de7013b30e1d4d7c8c3978f0e4433c37e5d5e4cd186239369c6440122b?s=96&d=mm&r=g","contentUrl":"https:\/\/secure.gravatar.com\/avatar\/1ec500de7013b30e1d4d7c8c3978f0e4433c37e5d5e4cd186239369c6440122b?s=96&d=mm&r=g","caption":"Vinicius Augusto Batista Eira"},"url":"https:\/\/www.cambe.pr.gov.br\/index.php\/author\/vabeira\/"}]}},"_links":{"self":[{"href":"https:\/\/www.cambe.pr.gov.br\/index.php\/wp-json\/wp\/v2\/posts\/16009","targetHints":{"allow":["GET"]}}],"collection":[{"href":"https:\/\/www.cambe.pr.gov.br\/index.php\/wp-json\/wp\/v2\/posts"}],"about":[{"href":"https:\/\/www.cambe.pr.gov.br\/index.php\/wp-json\/wp\/v2\/types\/post"}],"author":[{"embeddable":true,"href":"https:\/\/www.cambe.pr.gov.br\/index.php\/wp-json\/wp\/v2\/users\/16"}],"replies":[{"embeddable":true,"href":"https:\/\/www.cambe.pr.gov.br\/index.php\/wp-json\/wp\/v2\/comments?post=16009"}],"version-history":[{"count":1,"href":"https:\/\/www.cambe.pr.gov.br\/index.php\/wp-json\/wp\/v2\/posts\/16009\/revisions"}],"predecessor-version":[{"id":16010,"href":"https:\/\/www.cambe.pr.gov.br\/index.php\/wp-json\/wp\/v2\/posts\/16009\/revisions\/16010"}],"wp:attachment":[{"href":"https:\/\/www.cambe.pr.gov.br\/index.php\/wp-json\/wp\/v2\/media?parent=16009"}],"wp:term":[{"taxonomy":"category","embeddable":true,"href":"https:\/\/www.cambe.pr.gov.br\/index.php\/wp-json\/wp\/v2\/categories?post=16009"},{"taxonomy":"post_tag","embeddable":true,"href":"https:\/\/www.cambe.pr.gov.br\/index.php\/wp-json\/wp\/v2\/tags?post=16009"}],"curies":[{"name":"wp","href":"https:\/\/api.w.org\/{rel}","templated":true}]}}