{"id":16000,"date":"2025-02-03T16:42:10","date_gmt":"2025-02-03T19:42:10","guid":{"rendered":"https:\/\/www.cambe.pr.gov.br\/?p=16000"},"modified":"2025-02-03T16:42:10","modified_gmt":"2025-02-03T19:42:10","slug":"prefeitura-faz-reuniao-para-definir-acao-integrada-social-com-foco-em-pessoas-em-situacao-de-rua","status":"publish","type":"post","link":"https:\/\/www.cambe.pr.gov.br\/index.php\/prefeitura-faz-reuniao-para-definir-acao-integrada-social-com-foco-em-pessoas-em-situacao-de-rua\/","title":{"rendered":"Prefeitura faz reuni\u00e3o para definir A\u00e7\u00e3o Integrada Social com foco em pessoas em situa\u00e7\u00e3o de rua"},"content":{"rendered":"<p style=\"text-align: justify;\"><span style=\"font-weight: 400; font-family: arial, helvetica, sans-serif;\"><img fetchpriority=\"high\" decoding=\"async\" class=\"alignleft size-large wp-image-16002\" src=\"https:\/\/www.cambe.pr.gov.br\/wp-content\/uploads\/2025\/02\/DSC_0009-copiar-1024x678.jpg\" alt=\"\" width=\"610\" height=\"404\" srcset=\"https:\/\/www.cambe.pr.gov.br\/wp-content\/uploads\/2025\/02\/DSC_0009-copiar-1024x678.jpg 1024w, https:\/\/www.cambe.pr.gov.br\/wp-content\/uploads\/2025\/02\/DSC_0009-copiar-300x199.jpg 300w, https:\/\/www.cambe.pr.gov.br\/wp-content\/uploads\/2025\/02\/DSC_0009-copiar-768x509.jpg 768w, https:\/\/www.cambe.pr.gov.br\/wp-content\/uploads\/2025\/02\/DSC_0009-copiar-1536x1017.jpg 1536w, https:\/\/www.cambe.pr.gov.br\/wp-content\/uploads\/2025\/02\/DSC_0009-copiar-2048x1356.jpg 2048w\" sizes=\"(max-width: 610px) 100vw, 610px\" \/>A Prefeitura de Camb\u00e9 promoveu na tarde desta segunda-feira (3), uma reuni\u00e3o de trabalho para definir uma A\u00e7\u00e3o Integrada Social (AIS) com foco em pessoas em situa\u00e7\u00e3o de rua e fiscaliza\u00e7\u00e3o de im\u00f3veis abandonados utilizados como moc\u00f3s. Participaram do encontro o prefeito Conrado Scheller, secret\u00e1rios de Assist\u00eancia Social, Sa\u00fade, Meio Ambiente, Fiscaliza\u00e7\u00e3o Urbana, Governo, Seguran\u00e7a P\u00fablica e Tr\u00e2nsito, Assuntos Comunit\u00e1rios, al\u00e9m de representantes do Conselho Tutelar, Lar Santo Ant\u00f4nio e Pol\u00edcias Civil e Militar.<\/span><\/p>\n<p style=\"text-align: justify;\"><span style=\"font-weight: 400; font-family: arial, helvetica, sans-serif;\">A reuni\u00e3o serviu para apresentar a situa\u00e7\u00e3o atual do munic\u00edpio em rela\u00e7\u00e3o \u00e0s pessoas em situa\u00e7\u00e3o de rua; como funciona a abordagem social, que hoje \u00e9 subvencionada em Camb\u00e9 em apoio do Lar Santo Ant\u00f4nio e Casa de Passagem; identifica\u00e7\u00e3o de pontos cr\u00edticos de mendigagem, perman\u00eancia de pessoas e tr\u00e1fico de drogas; al\u00e9m da discuss\u00e3o de quais a\u00e7\u00f5es podem ser implementadas nas pr\u00f3ximas semanas para atender essas pessoas.<\/span><\/p>\n<p style=\"text-align: justify;\"><span style=\"font-weight: 400; font-family: arial, helvetica, sans-serif;\">A secret\u00e1ria municipal de Assist\u00eancia Social e Cidadania, Fl\u00e1via Iwakura, explicou que a reuni\u00e3o serviu para explicar o que j\u00e1 \u00e9 feito no munic\u00edpio, como abordar, identificar e encaminhar as demandas dessas pessoas encontradas, e que precisa ser feito em v\u00e1rias frentes para solucionar o problema definitivamente.<\/span><\/p>\n<p style=\"text-align: justify;\"><span style=\"font-weight: 400; font-family: arial, helvetica, sans-serif;\">\u201cO principal objetivo aqui \u00e9 deixar claro que as pessoas em situa\u00e7\u00e3o de rua, antes de estarem em situa\u00e7\u00e3o de rua, s\u00e3o pessoas. Elas precisam de um suporte, apoio, encaminhamento. J\u00e1 identificamos que temos muitas pessoas que est\u00e3o em situa\u00e7\u00e3o de rua e que s\u00e3o mun\u00edcipes, que t\u00eam resid\u00eancia, que t\u00eam fam\u00edlias referenciadas no munic\u00edpio. Ent\u00e3o, precisamos ter esse olhar de buscar um retorno, um fortalecimento de v\u00ednculo dessas fam\u00edlias, se \u00e9 uma quest\u00e3o da depend\u00eancia qu\u00edmica, dar todo o suporte. E isso se estende para al\u00e9m da Prefeitura, j\u00e1 que tem quest\u00f5es como crime, tr\u00e1fico, explora\u00e7\u00e3o sexual. Depende da seguran\u00e7a p\u00fablica tamb\u00e9m. Ent\u00e3o, esse \u00e9 um primeiro passo que estamos estabelecendo, tra\u00e7ando um plano de trabalho para conseguir fazer com essas pessoas tenham uma condi\u00e7\u00e3o de vida melhor\u201d, ressaltou a secret\u00e1ria.<\/span><\/p>\n<p style=\"text-align: justify;\"><span style=\"font-weight: 400; font-family: arial, helvetica, sans-serif;\">O prefeito Conrado Scheller destacou que Camb\u00e9 segue com suas a\u00e7\u00f5es controladas, mas que precisava discutir em conjunto com as pessoas competentes as melhores solu\u00e7\u00f5es para coibir abusos e manter a ordem. \u201cEssa reuni\u00e3o de hoje foi para que n\u00f3s possamos fazer os ajustes necess\u00e1rios \u00e0s a\u00e7\u00f5es que n\u00f3s j\u00e1 estamos fazendo nos \u00faltimos anos. Ent\u00e3o essa reuni\u00e3o hoje com a Pol\u00edcia Civil, Pol\u00edcia Militar, Conselho Tutelar, a nossa equipe da Prefeitura de Camb\u00e9, as entidades sem fins lucrativos, foi para que possamos garantir direito dessas pessoas, mas tamb\u00e9m coibir abusos, mantendo sempre a ordem na cidade de Camb\u00e9.\u201d<\/span><\/p>\n","protected":false},"excerpt":{"rendered":"<p>A Prefeitura de Camb\u00e9 promoveu na tarde desta segunda-feira (3), uma reuni\u00e3o de trabalho para definir uma A\u00e7\u00e3o Integrada Social (AIS) com foco em pessoas em situa\u00e7\u00e3o de rua e fiscaliza\u00e7\u00e3o de im\u00f3veis abandonados utilizados como moc\u00f3s. Participaram do encontro o prefeito Conrado Scheller, secret\u00e1rios de Assist\u00eancia Social, Sa\u00fade, Meio Ambiente, Fiscaliza\u00e7\u00e3o Urbana, Governo, Seguran\u00e7a [&hellip;]<\/p>\n","protected":false},"author":16,"featured_media":0,"comment_status":"closed","ping_status":"closed","sticky":false,"template":"","format":"standard","meta":{"ngg_post_thumbnail":0,"footnotes":""},"categories":[1],"tags":[],"class_list":["post-16000","post","type-post","status-publish","format-standard","hentry","category-principal"],"yoast_head":"<!-- This site is optimized with the Yoast SEO plugin v27.4 - https:\/\/yoast.com\/product\/yoast-seo-wordpress\/ -->\n<title>Prefeitura faz reuni\u00e3o para definir A\u00e7\u00e3o Integrada Social com foco em pessoas em situa\u00e7\u00e3o de rua - Prefeitura de Camb\u00e9<\/title>\n<meta name=\"robots\" content=\"index, follow, max-snippet:-1, max-image-preview:large, max-video-preview:-1\" \/>\n<link rel=\"canonical\" href=\"https:\/\/www.cambe.pr.gov.br\/index.php\/prefeitura-faz-reuniao-para-definir-acao-integrada-social-com-foco-em-pessoas-em-situacao-de-rua\/\" \/>\n<meta property=\"og:locale\" content=\"pt_BR\" \/>\n<meta property=\"og:type\" content=\"article\" \/>\n<meta property=\"og:title\" content=\"Prefeitura faz reuni\u00e3o para definir A\u00e7\u00e3o Integrada Social com foco em pessoas em situa\u00e7\u00e3o de rua - Prefeitura de Camb\u00e9\" \/>\n<meta property=\"og:description\" content=\"A Prefeitura de Camb\u00e9 promoveu na tarde desta segunda-feira (3), uma reuni\u00e3o de trabalho para definir uma A\u00e7\u00e3o Integrada Social (AIS) com foco em pessoas em situa\u00e7\u00e3o de rua e fiscaliza\u00e7\u00e3o de im\u00f3veis abandonados utilizados como moc\u00f3s. Participaram do encontro o prefeito Conrado Scheller, secret\u00e1rios de Assist\u00eancia Social, Sa\u00fade, Meio Ambiente, Fiscaliza\u00e7\u00e3o Urbana, Governo, Seguran\u00e7a [&hellip;]\" \/>\n<meta property=\"og:url\" content=\"https:\/\/www.cambe.pr.gov.br\/index.php\/prefeitura-faz-reuniao-para-definir-acao-integrada-social-com-foco-em-pessoas-em-situacao-de-rua\/\" \/>\n<meta property=\"og:site_name\" content=\"Prefeitura de Camb\u00e9\" \/>\n<meta property=\"article:publisher\" content=\"https:\/\/m.facebook.com\/prefeituradecambe\" \/>\n<meta property=\"article:published_time\" content=\"2025-02-03T19:42:10+00:00\" \/>\n<meta property=\"og:image\" content=\"https:\/\/www.cambe.pr.gov.br\/wp-content\/uploads\/2025\/02\/DSC_0009-copiar-1024x678.jpg\" \/>\n<meta name=\"author\" content=\"Vinicius Augusto Batista Eira\" \/>\n<meta name=\"twitter:card\" content=\"summary_large_image\" \/>\n<meta name=\"twitter:label1\" content=\"Escrito por\" \/>\n\t<meta name=\"twitter:data1\" content=\"Vinicius Augusto Batista Eira\" \/>\n\t<meta name=\"twitter:label2\" content=\"Est. tempo de leitura\" \/>\n\t<meta name=\"twitter:data2\" content=\"3 minutos\" \/>\n<script type=\"application\/ld+json\" class=\"yoast-schema-graph\">{\"@context\":\"https:\\\/\\\/schema.org\",\"@graph\":[{\"@type\":\"Article\",\"@id\":\"https:\\\/\\\/www.cambe.pr.gov.br\\\/index.php\\\/prefeitura-faz-reuniao-para-definir-acao-integrada-social-com-foco-em-pessoas-em-situacao-de-rua\\\/#article\",\"isPartOf\":{\"@id\":\"https:\\\/\\\/www.cambe.pr.gov.br\\\/index.php\\\/prefeitura-faz-reuniao-para-definir-acao-integrada-social-com-foco-em-pessoas-em-situacao-de-rua\\\/\"},\"author\":{\"name\":\"Vinicius Augusto Batista Eira\",\"@id\":\"https:\\\/\\\/www.cambe.pr.gov.br\\\/#\\\/schema\\\/person\\\/8e3ee69cb2cadf4b9f8377407227effd\"},\"headline\":\"Prefeitura faz reuni\u00e3o para definir A\u00e7\u00e3o Integrada Social com foco em pessoas em situa\u00e7\u00e3o de rua\",\"datePublished\":\"2025-02-03T19:42:10+00:00\",\"mainEntityOfPage\":{\"@id\":\"https:\\\/\\\/www.cambe.pr.gov.br\\\/index.php\\\/prefeitura-faz-reuniao-para-definir-acao-integrada-social-com-foco-em-pessoas-em-situacao-de-rua\\\/\"},\"wordCount\":511,\"publisher\":{\"@id\":\"https:\\\/\\\/www.cambe.pr.gov.br\\\/#organization\"},\"image\":{\"@id\":\"https:\\\/\\\/www.cambe.pr.gov.br\\\/index.php\\\/prefeitura-faz-reuniao-para-definir-acao-integrada-social-com-foco-em-pessoas-em-situacao-de-rua\\\/#primaryimage\"},\"thumbnailUrl\":\"https:\\\/\\\/www.cambe.pr.gov.br\\\/wp-content\\\/uploads\\\/2025\\\/02\\\/DSC_0009-copiar-1024x678.jpg\",\"articleSection\":[\"Principal\"],\"inLanguage\":\"pt-BR\"},{\"@type\":\"WebPage\",\"@id\":\"https:\\\/\\\/www.cambe.pr.gov.br\\\/index.php\\\/prefeitura-faz-reuniao-para-definir-acao-integrada-social-com-foco-em-pessoas-em-situacao-de-rua\\\/\",\"url\":\"https:\\\/\\\/www.cambe.pr.gov.br\\\/index.php\\\/prefeitura-faz-reuniao-para-definir-acao-integrada-social-com-foco-em-pessoas-em-situacao-de-rua\\\/\",\"name\":\"Prefeitura faz reuni\u00e3o para definir A\u00e7\u00e3o Integrada Social com foco em pessoas em situa\u00e7\u00e3o de rua - Prefeitura de Camb\u00e9\",\"isPartOf\":{\"@id\":\"https:\\\/\\\/www.cambe.pr.gov.br\\\/#website\"},\"primaryImageOfPage\":{\"@id\":\"https:\\\/\\\/www.cambe.pr.gov.br\\\/index.php\\\/prefeitura-faz-reuniao-para-definir-acao-integrada-social-com-foco-em-pessoas-em-situacao-de-rua\\\/#primaryimage\"},\"image\":{\"@id\":\"https:\\\/\\\/www.cambe.pr.gov.br\\\/index.php\\\/prefeitura-faz-reuniao-para-definir-acao-integrada-social-com-foco-em-pessoas-em-situacao-de-rua\\\/#primaryimage\"},\"thumbnailUrl\":\"https:\\\/\\\/www.cambe.pr.gov.br\\\/wp-content\\\/uploads\\\/2025\\\/02\\\/DSC_0009-copiar-1024x678.jpg\",\"datePublished\":\"2025-02-03T19:42:10+00:00\",\"breadcrumb\":{\"@id\":\"https:\\\/\\\/www.cambe.pr.gov.br\\\/index.php\\\/prefeitura-faz-reuniao-para-definir-acao-integrada-social-com-foco-em-pessoas-em-situacao-de-rua\\\/#breadcrumb\"},\"inLanguage\":\"pt-BR\",\"potentialAction\":[{\"@type\":\"ReadAction\",\"target\":[\"https:\\\/\\\/www.cambe.pr.gov.br\\\/index.php\\\/prefeitura-faz-reuniao-para-definir-acao-integrada-social-com-foco-em-pessoas-em-situacao-de-rua\\\/\"]}]},{\"@type\":\"ImageObject\",\"inLanguage\":\"pt-BR\",\"@id\":\"https:\\\/\\\/www.cambe.pr.gov.br\\\/index.php\\\/prefeitura-faz-reuniao-para-definir-acao-integrada-social-com-foco-em-pessoas-em-situacao-de-rua\\\/#primaryimage\",\"url\":\"https:\\\/\\\/www.cambe.pr.gov.br\\\/wp-content\\\/uploads\\\/2025\\\/02\\\/DSC_0009-copiar-scaled.jpg\",\"contentUrl\":\"https:\\\/\\\/www.cambe.pr.gov.br\\\/wp-content\\\/uploads\\\/2025\\\/02\\\/DSC_0009-copiar-scaled.jpg\",\"width\":2560,\"height\":1695},{\"@type\":\"BreadcrumbList\",\"@id\":\"https:\\\/\\\/www.cambe.pr.gov.br\\\/index.php\\\/prefeitura-faz-reuniao-para-definir-acao-integrada-social-com-foco-em-pessoas-em-situacao-de-rua\\\/#breadcrumb\",\"itemListElement\":[{\"@type\":\"ListItem\",\"position\":1,\"name\":\"In\u00edcio\",\"item\":\"https:\\\/\\\/www.cambe.pr.gov.br\\\/\"},{\"@type\":\"ListItem\",\"position\":2,\"name\":\"Prefeitura faz reuni\u00e3o para definir A\u00e7\u00e3o Integrada Social com foco em pessoas em situa\u00e7\u00e3o de rua\"}]},{\"@type\":\"WebSite\",\"@id\":\"https:\\\/\\\/www.cambe.pr.gov.br\\\/#website\",\"url\":\"https:\\\/\\\/www.cambe.pr.gov.br\\\/\",\"name\":\"Prefeitura de Camb\u00e9\",\"description\":\"UM GOVERNO PARA TODOS\",\"publisher\":{\"@id\":\"https:\\\/\\\/www.cambe.pr.gov.br\\\/#organization\"},\"potentialAction\":[{\"@type\":\"SearchAction\",\"target\":{\"@type\":\"EntryPoint\",\"urlTemplate\":\"https:\\\/\\\/www.cambe.pr.gov.br\\\/?s={search_term_string}\"},\"query-input\":{\"@type\":\"PropertyValueSpecification\",\"valueRequired\":true,\"valueName\":\"search_term_string\"}}],\"inLanguage\":\"pt-BR\"},{\"@type\":\"Organization\",\"@id\":\"https:\\\/\\\/www.cambe.pr.gov.br\\\/#organization\",\"name\":\"Prefeitura de Camb\u00e9\",\"url\":\"https:\\\/\\\/www.cambe.pr.gov.br\\\/\",\"logo\":{\"@type\":\"ImageObject\",\"inLanguage\":\"pt-BR\",\"@id\":\"https:\\\/\\\/www.cambe.pr.gov.br\\\/#\\\/schema\\\/logo\\\/image\\\/\",\"url\":\"https:\\\/\\\/www.cambe.pr.gov.br\\\/wp-content\\\/uploads\\\/2021\\\/01\\\/cropped-cropped-cambe_brazao-icone.png\",\"contentUrl\":\"https:\\\/\\\/www.cambe.pr.gov.br\\\/wp-content\\\/uploads\\\/2021\\\/01\\\/cropped-cropped-cambe_brazao-icone.png\",\"width\":240,\"height\":240,\"caption\":\"Prefeitura de Camb\u00e9\"},\"image\":{\"@id\":\"https:\\\/\\\/www.cambe.pr.gov.br\\\/#\\\/schema\\\/logo\\\/image\\\/\"},\"sameAs\":[\"https:\\\/\\\/m.facebook.com\\\/prefeituradecambe\"]},{\"@type\":\"Person\",\"@id\":\"https:\\\/\\\/www.cambe.pr.gov.br\\\/#\\\/schema\\\/person\\\/8e3ee69cb2cadf4b9f8377407227effd\",\"name\":\"Vinicius Augusto Batista Eira\",\"image\":{\"@type\":\"ImageObject\",\"inLanguage\":\"pt-BR\",\"@id\":\"https:\\\/\\\/secure.gravatar.com\\\/avatar\\\/1ec500de7013b30e1d4d7c8c3978f0e4433c37e5d5e4cd186239369c6440122b?s=96&d=mm&r=g\",\"url\":\"https:\\\/\\\/secure.gravatar.com\\\/avatar\\\/1ec500de7013b30e1d4d7c8c3978f0e4433c37e5d5e4cd186239369c6440122b?s=96&d=mm&r=g\",\"contentUrl\":\"https:\\\/\\\/secure.gravatar.com\\\/avatar\\\/1ec500de7013b30e1d4d7c8c3978f0e4433c37e5d5e4cd186239369c6440122b?s=96&d=mm&r=g\",\"caption\":\"Vinicius Augusto Batista Eira\"},\"url\":\"https:\\\/\\\/www.cambe.pr.gov.br\\\/index.php\\\/author\\\/vabeira\\\/\"}]}<\/script>\n<!-- \/ Yoast SEO plugin. -->","yoast_head_json":{"title":"Prefeitura faz reuni\u00e3o para definir A\u00e7\u00e3o Integrada Social com foco em pessoas em situa\u00e7\u00e3o de rua - Prefeitura de Camb\u00e9","robots":{"index":"index","follow":"follow","max-snippet":"max-snippet:-1","max-image-preview":"max-image-preview:large","max-video-preview":"max-video-preview:-1"},"canonical":"https:\/\/www.cambe.pr.gov.br\/index.php\/prefeitura-faz-reuniao-para-definir-acao-integrada-social-com-foco-em-pessoas-em-situacao-de-rua\/","og_locale":"pt_BR","og_type":"article","og_title":"Prefeitura faz reuni\u00e3o para definir A\u00e7\u00e3o Integrada Social com foco em pessoas em situa\u00e7\u00e3o de rua - Prefeitura de Camb\u00e9","og_description":"A Prefeitura de Camb\u00e9 promoveu na tarde desta segunda-feira (3), uma reuni\u00e3o de trabalho para definir uma A\u00e7\u00e3o Integrada Social (AIS) com foco em pessoas em situa\u00e7\u00e3o de rua e fiscaliza\u00e7\u00e3o de im\u00f3veis abandonados utilizados como moc\u00f3s. Participaram do encontro o prefeito Conrado Scheller, secret\u00e1rios de Assist\u00eancia Social, Sa\u00fade, Meio Ambiente, Fiscaliza\u00e7\u00e3o Urbana, Governo, Seguran\u00e7a [&hellip;]","og_url":"https:\/\/www.cambe.pr.gov.br\/index.php\/prefeitura-faz-reuniao-para-definir-acao-integrada-social-com-foco-em-pessoas-em-situacao-de-rua\/","og_site_name":"Prefeitura de Camb\u00e9","article_publisher":"https:\/\/m.facebook.com\/prefeituradecambe","article_published_time":"2025-02-03T19:42:10+00:00","og_image":[{"url":"https:\/\/www.cambe.pr.gov.br\/wp-content\/uploads\/2025\/02\/DSC_0009-copiar-1024x678.jpg","type":"","width":"","height":""}],"author":"Vinicius Augusto Batista Eira","twitter_card":"summary_large_image","twitter_misc":{"Escrito por":"Vinicius Augusto Batista Eira","Est. tempo de leitura":"3 minutos"},"schema":{"@context":"https:\/\/schema.org","@graph":[{"@type":"Article","@id":"https:\/\/www.cambe.pr.gov.br\/index.php\/prefeitura-faz-reuniao-para-definir-acao-integrada-social-com-foco-em-pessoas-em-situacao-de-rua\/#article","isPartOf":{"@id":"https:\/\/www.cambe.pr.gov.br\/index.php\/prefeitura-faz-reuniao-para-definir-acao-integrada-social-com-foco-em-pessoas-em-situacao-de-rua\/"},"author":{"name":"Vinicius Augusto Batista Eira","@id":"https:\/\/www.cambe.pr.gov.br\/#\/schema\/person\/8e3ee69cb2cadf4b9f8377407227effd"},"headline":"Prefeitura faz reuni\u00e3o para definir A\u00e7\u00e3o Integrada Social com foco em pessoas em situa\u00e7\u00e3o de rua","datePublished":"2025-02-03T19:42:10+00:00","mainEntityOfPage":{"@id":"https:\/\/www.cambe.pr.gov.br\/index.php\/prefeitura-faz-reuniao-para-definir-acao-integrada-social-com-foco-em-pessoas-em-situacao-de-rua\/"},"wordCount":511,"publisher":{"@id":"https:\/\/www.cambe.pr.gov.br\/#organization"},"image":{"@id":"https:\/\/www.cambe.pr.gov.br\/index.php\/prefeitura-faz-reuniao-para-definir-acao-integrada-social-com-foco-em-pessoas-em-situacao-de-rua\/#primaryimage"},"thumbnailUrl":"https:\/\/www.cambe.pr.gov.br\/wp-content\/uploads\/2025\/02\/DSC_0009-copiar-1024x678.jpg","articleSection":["Principal"],"inLanguage":"pt-BR"},{"@type":"WebPage","@id":"https:\/\/www.cambe.pr.gov.br\/index.php\/prefeitura-faz-reuniao-para-definir-acao-integrada-social-com-foco-em-pessoas-em-situacao-de-rua\/","url":"https:\/\/www.cambe.pr.gov.br\/index.php\/prefeitura-faz-reuniao-para-definir-acao-integrada-social-com-foco-em-pessoas-em-situacao-de-rua\/","name":"Prefeitura faz reuni\u00e3o para definir A\u00e7\u00e3o Integrada Social com foco em pessoas em situa\u00e7\u00e3o de rua - Prefeitura de Camb\u00e9","isPartOf":{"@id":"https:\/\/www.cambe.pr.gov.br\/#website"},"primaryImageOfPage":{"@id":"https:\/\/www.cambe.pr.gov.br\/index.php\/prefeitura-faz-reuniao-para-definir-acao-integrada-social-com-foco-em-pessoas-em-situacao-de-rua\/#primaryimage"},"image":{"@id":"https:\/\/www.cambe.pr.gov.br\/index.php\/prefeitura-faz-reuniao-para-definir-acao-integrada-social-com-foco-em-pessoas-em-situacao-de-rua\/#primaryimage"},"thumbnailUrl":"https:\/\/www.cambe.pr.gov.br\/wp-content\/uploads\/2025\/02\/DSC_0009-copiar-1024x678.jpg","datePublished":"2025-02-03T19:42:10+00:00","breadcrumb":{"@id":"https:\/\/www.cambe.pr.gov.br\/index.php\/prefeitura-faz-reuniao-para-definir-acao-integrada-social-com-foco-em-pessoas-em-situacao-de-rua\/#breadcrumb"},"inLanguage":"pt-BR","potentialAction":[{"@type":"ReadAction","target":["https:\/\/www.cambe.pr.gov.br\/index.php\/prefeitura-faz-reuniao-para-definir-acao-integrada-social-com-foco-em-pessoas-em-situacao-de-rua\/"]}]},{"@type":"ImageObject","inLanguage":"pt-BR","@id":"https:\/\/www.cambe.pr.gov.br\/index.php\/prefeitura-faz-reuniao-para-definir-acao-integrada-social-com-foco-em-pessoas-em-situacao-de-rua\/#primaryimage","url":"https:\/\/www.cambe.pr.gov.br\/wp-content\/uploads\/2025\/02\/DSC_0009-copiar-scaled.jpg","contentUrl":"https:\/\/www.cambe.pr.gov.br\/wp-content\/uploads\/2025\/02\/DSC_0009-copiar-scaled.jpg","width":2560,"height":1695},{"@type":"BreadcrumbList","@id":"https:\/\/www.cambe.pr.gov.br\/index.php\/prefeitura-faz-reuniao-para-definir-acao-integrada-social-com-foco-em-pessoas-em-situacao-de-rua\/#breadcrumb","itemListElement":[{"@type":"ListItem","position":1,"name":"In\u00edcio","item":"https:\/\/www.cambe.pr.gov.br\/"},{"@type":"ListItem","position":2,"name":"Prefeitura faz reuni\u00e3o para definir A\u00e7\u00e3o Integrada Social com foco em pessoas em situa\u00e7\u00e3o de rua"}]},{"@type":"WebSite","@id":"https:\/\/www.cambe.pr.gov.br\/#website","url":"https:\/\/www.cambe.pr.gov.br\/","name":"Prefeitura de Camb\u00e9","description":"UM GOVERNO PARA TODOS","publisher":{"@id":"https:\/\/www.cambe.pr.gov.br\/#organization"},"potentialAction":[{"@type":"SearchAction","target":{"@type":"EntryPoint","urlTemplate":"https:\/\/www.cambe.pr.gov.br\/?s={search_term_string}"},"query-input":{"@type":"PropertyValueSpecification","valueRequired":true,"valueName":"search_term_string"}}],"inLanguage":"pt-BR"},{"@type":"Organization","@id":"https:\/\/www.cambe.pr.gov.br\/#organization","name":"Prefeitura de Camb\u00e9","url":"https:\/\/www.cambe.pr.gov.br\/","logo":{"@type":"ImageObject","inLanguage":"pt-BR","@id":"https:\/\/www.cambe.pr.gov.br\/#\/schema\/logo\/image\/","url":"https:\/\/www.cambe.pr.gov.br\/wp-content\/uploads\/2021\/01\/cropped-cropped-cambe_brazao-icone.png","contentUrl":"https:\/\/www.cambe.pr.gov.br\/wp-content\/uploads\/2021\/01\/cropped-cropped-cambe_brazao-icone.png","width":240,"height":240,"caption":"Prefeitura de Camb\u00e9"},"image":{"@id":"https:\/\/www.cambe.pr.gov.br\/#\/schema\/logo\/image\/"},"sameAs":["https:\/\/m.facebook.com\/prefeituradecambe"]},{"@type":"Person","@id":"https:\/\/www.cambe.pr.gov.br\/#\/schema\/person\/8e3ee69cb2cadf4b9f8377407227effd","name":"Vinicius Augusto Batista Eira","image":{"@type":"ImageObject","inLanguage":"pt-BR","@id":"https:\/\/secure.gravatar.com\/avatar\/1ec500de7013b30e1d4d7c8c3978f0e4433c37e5d5e4cd186239369c6440122b?s=96&d=mm&r=g","url":"https:\/\/secure.gravatar.com\/avatar\/1ec500de7013b30e1d4d7c8c3978f0e4433c37e5d5e4cd186239369c6440122b?s=96&d=mm&r=g","contentUrl":"https:\/\/secure.gravatar.com\/avatar\/1ec500de7013b30e1d4d7c8c3978f0e4433c37e5d5e4cd186239369c6440122b?s=96&d=mm&r=g","caption":"Vinicius Augusto Batista Eira"},"url":"https:\/\/www.cambe.pr.gov.br\/index.php\/author\/vabeira\/"}]}},"_links":{"self":[{"href":"https:\/\/www.cambe.pr.gov.br\/index.php\/wp-json\/wp\/v2\/posts\/16000","targetHints":{"allow":["GET"]}}],"collection":[{"href":"https:\/\/www.cambe.pr.gov.br\/index.php\/wp-json\/wp\/v2\/posts"}],"about":[{"href":"https:\/\/www.cambe.pr.gov.br\/index.php\/wp-json\/wp\/v2\/types\/post"}],"author":[{"embeddable":true,"href":"https:\/\/www.cambe.pr.gov.br\/index.php\/wp-json\/wp\/v2\/users\/16"}],"replies":[{"embeddable":true,"href":"https:\/\/www.cambe.pr.gov.br\/index.php\/wp-json\/wp\/v2\/comments?post=16000"}],"version-history":[{"count":4,"href":"https:\/\/www.cambe.pr.gov.br\/index.php\/wp-json\/wp\/v2\/posts\/16000\/revisions"}],"predecessor-version":[{"id":16006,"href":"https:\/\/www.cambe.pr.gov.br\/index.php\/wp-json\/wp\/v2\/posts\/16000\/revisions\/16006"}],"wp:attachment":[{"href":"https:\/\/www.cambe.pr.gov.br\/index.php\/wp-json\/wp\/v2\/media?parent=16000"}],"wp:term":[{"taxonomy":"category","embeddable":true,"href":"https:\/\/www.cambe.pr.gov.br\/index.php\/wp-json\/wp\/v2\/categories?post=16000"},{"taxonomy":"post_tag","embeddable":true,"href":"https:\/\/www.cambe.pr.gov.br\/index.php\/wp-json\/wp\/v2\/tags?post=16000"}],"curies":[{"name":"wp","href":"https:\/\/api.w.org\/{rel}","templated":true}]}}