{"id":15992,"date":"2025-02-03T12:18:23","date_gmt":"2025-02-03T15:18:23","guid":{"rendered":"https:\/\/www.cambe.pr.gov.br\/?p=15992"},"modified":"2025-02-03T15:50:30","modified_gmt":"2025-02-03T18:50:30","slug":"estao-abertas-as-inscricoes-para-atividades-gratuitas-no-centro-da-juventude","status":"publish","type":"post","link":"https:\/\/www.cambe.pr.gov.br\/index.php\/estao-abertas-as-inscricoes-para-atividades-gratuitas-no-centro-da-juventude\/","title":{"rendered":"Est\u00e3o abertas as inscri\u00e7\u00f5es para atividades gratuitas no Centro da Juventude"},"content":{"rendered":"<p style=\"text-align: justify;\"><span style=\"font-weight: 400; font-family: arial, helvetica, sans-serif;\"><img fetchpriority=\"high\" decoding=\"async\" class=\"alignleft size-large wp-image-10731\" src=\"https:\/\/www.cambe.pr.gov.br\/wp-content\/uploads\/2023\/07\/ceju-1024x576.jpg\" alt=\"\" width=\"610\" height=\"343\" srcset=\"https:\/\/www.cambe.pr.gov.br\/wp-content\/uploads\/2023\/07\/ceju-1024x576.jpg 1024w, https:\/\/www.cambe.pr.gov.br\/wp-content\/uploads\/2023\/07\/ceju-300x169.jpg 300w, https:\/\/www.cambe.pr.gov.br\/wp-content\/uploads\/2023\/07\/ceju-768x432.jpg 768w, https:\/\/www.cambe.pr.gov.br\/wp-content\/uploads\/2023\/07\/ceju-1536x864.jpg 1536w, https:\/\/www.cambe.pr.gov.br\/wp-content\/uploads\/2023\/07\/ceju-2048x1152.jpg 2048w\" sizes=\"(max-width: 610px) 100vw, 610px\" \/>A Prefeitura de Camb\u00e9, atrav\u00e9s da Secretaria de Esportes e Lazer, abriu inscri\u00e7\u00f5es para v\u00e1rias oficinas esportivas e culturais e atividades de lazer gratuitas no Centro da Juventude. Tamb\u00e9m s\u00e3o disponibilizadas bolsas mensais de R$ 306 para os Agentes de Cidadania que se predisp\u00f5em a levar mais conhecimento para a comunidade. As matr\u00edculas para as atividades de 2025 v\u00e3o at\u00e9 a pr\u00f3xima sexta-feira (7), no pr\u00f3prio Centro da Juventude, localizado na Avenida Pedro Viriato Parigot de Souza, 953.<\/span><\/p>\n<p style=\"text-align: justify;\"><span style=\"font-weight: 400; font-family: arial, helvetica, sans-serif;\">S\u00e3o oferecidas atividades como: arteterapia, bal\u00e9, basquete, desenho, futsal masculino, futsal misto, gin\u00e1stica r\u00edtmica, handebol misto, jud\u00f4, kickboxing, muscula\u00e7\u00e3o, taekwondo, teatro, t\u00eanis de mesa, v\u00f4lei feminino, v\u00f4lei misto e wrestling. Algumas oficinas ainda s\u00e3o feitas em parceria com a Secretaria Municipal de Educa\u00e7\u00e3o e Cultura, e ao longo do ano, a coordena\u00e7\u00e3o do Centro destacou que vai buscar novas parcerias para ampliar a gama de servi\u00e7os e contribuir com a forma\u00e7\u00e3o e o desenvolvimento do espa\u00e7o.<\/span><\/p>\n<p style=\"text-align: justify;\"><span style=\"font-weight: 400; font-family: arial, helvetica, sans-serif;\">Podem se matricular crian\u00e7as a partir dos cinco anos. Para isso, \u00e9 s\u00f3 comparecer ao Centro da Juventude com RG e CPF do aluno (caso n\u00e3o tenha, levar certid\u00e3o de nascimento); comprovante de resid\u00eancia atualizado; e RG e CPF do respons\u00e1vel para menores de idade. O Centro funciona das 8h30 \u00e0s 11h30 e das 13h \u00e0s 17h.<\/span><\/p>\n<p style=\"text-align: justify;\"><span style=\"font-weight: 400; font-family: arial, helvetica, sans-serif;\">A coordenadora do Centro da Juventude, Silmeri Rossi, destacou que o espa\u00e7o est\u00e1 sendo organizado para levar mais esporte, cultura, cidadania e at\u00e9 qualifica\u00e7\u00e3o profissional em breve para crian\u00e7as, jovens e adultos, mas tamb\u00e9m \u00e9 aberto para a comunidade. Por meio de parcerias, equipes esportivas e a Pol\u00edcia Militar utilizam a sala de treinamentos, mulheres promovem oficinas, entre uma s\u00e9rie de outras a\u00e7\u00f5es. \u00c9 um espa\u00e7o com foco na juventude, mas que trazer in\u00fameros benef\u00edcios para toda a sociedade.<\/span><\/p>\n<p style=\"text-align: justify;\"><span style=\"font-weight: 400; font-family: arial, helvetica, sans-serif;\">\u201cConvidamos todas as crian\u00e7as, adolescentes, juventude e comunidade de Camb\u00e9 para fazer parte das a\u00e7\u00f5es do Centro da Juventude. Esse \u00e9 um espa\u00e7o de integra\u00e7\u00e3o, socializa\u00e7\u00e3o, que visa sempre promover a qualidade de vida e o desenvolvimento integral. Estamos de portas abertas\u201d, ressaltou a coordenadora.<\/span><\/p>\n<p>&nbsp;<\/p>\n<p style=\"text-align: justify;\"><strong><span style=\"font-family: arial, helvetica, sans-serif;\">Agente de Cidadania<\/span><\/strong><\/p>\n<p style=\"text-align: justify;\"><span style=\"font-weight: 400; font-family: arial, helvetica, sans-serif;\">Outra a\u00e7\u00e3o desenvolvida no Centro da Juventude \u00e9 o Agente de Cidadania. Em parceria com o Governo do Estado, jovens e adolescentes de 14 a 24 anos recebem bolsa mensal de R$ 306 para levar mais conhecimento para a comunidade. Os Agentes de Cidadania podem atuar como monitores junto a professores, ou apresentar um projeto para ministrar aulas ou oficinas com acompanhamento e assessoria de respons\u00e1vel.<\/span><\/p>\n<p style=\"text-align: justify;\"><span style=\"font-weight: 400; font-family: arial, helvetica, sans-serif;\">\u201cEsse \u00e9 um projeto muito legal tamb\u00e9m onde o jovem \u00e9 protagonista, e vai poder dividir e socializar o conhecimento que ele tem para outras pessoas\u201d, disse Silmeri.<\/span><\/p>\n<p style=\"text-align: justify;\"><span style=\"font-weight: 400; font-family: arial, helvetica, sans-serif;\">Mais informa\u00e7\u00f5es podem ser obtidas no telefone (43) 3174-0519, e tamb\u00e9m no novo Instagram do Centro da Juventude, que pode ser <a href=\"https:\/\/www.instagram.com\/centrodajuventudedecambe?utm_source=qr&amp;igsh=MWQ0MnFydjk3am1qbA%3D%3D\" target=\"_blank\" rel=\"noopener\"><strong>acessado neste link<\/strong><\/a>.<\/span><\/p>\n","protected":false},"excerpt":{"rendered":"<p>A Prefeitura de Camb\u00e9, atrav\u00e9s da Secretaria de Esportes e Lazer, abriu inscri\u00e7\u00f5es para v\u00e1rias oficinas esportivas e culturais e atividades de lazer gratuitas no Centro da Juventude. Tamb\u00e9m s\u00e3o disponibilizadas bolsas mensais de R$ 306 para os Agentes de Cidadania que se predisp\u00f5em a levar mais conhecimento para a comunidade. As matr\u00edculas para as [&hellip;]<\/p>\n","protected":false},"author":16,"featured_media":0,"comment_status":"closed","ping_status":"closed","sticky":false,"template":"","format":"standard","meta":{"ngg_post_thumbnail":0,"footnotes":""},"categories":[1],"tags":[],"class_list":["post-15992","post","type-post","status-publish","format-standard","hentry","category-principal"],"yoast_head":"<!-- This site is optimized with the Yoast SEO plugin v27.4 - https:\/\/yoast.com\/product\/yoast-seo-wordpress\/ -->\n<title>Est\u00e3o abertas as inscri\u00e7\u00f5es para atividades gratuitas no Centro da Juventude - Prefeitura de Camb\u00e9<\/title>\n<meta name=\"robots\" content=\"index, follow, max-snippet:-1, max-image-preview:large, max-video-preview:-1\" \/>\n<link rel=\"canonical\" href=\"https:\/\/www.cambe.pr.gov.br\/index.php\/estao-abertas-as-inscricoes-para-atividades-gratuitas-no-centro-da-juventude\/\" \/>\n<meta property=\"og:locale\" content=\"pt_BR\" \/>\n<meta property=\"og:type\" content=\"article\" \/>\n<meta property=\"og:title\" content=\"Est\u00e3o abertas as inscri\u00e7\u00f5es para atividades gratuitas no Centro da Juventude - Prefeitura de Camb\u00e9\" \/>\n<meta property=\"og:description\" content=\"A Prefeitura de Camb\u00e9, atrav\u00e9s da Secretaria de Esportes e Lazer, abriu inscri\u00e7\u00f5es para v\u00e1rias oficinas esportivas e culturais e atividades de lazer gratuitas no Centro da Juventude. Tamb\u00e9m s\u00e3o disponibilizadas bolsas mensais de R$ 306 para os Agentes de Cidadania que se predisp\u00f5em a levar mais conhecimento para a comunidade. As matr\u00edculas para as [&hellip;]\" \/>\n<meta property=\"og:url\" content=\"https:\/\/www.cambe.pr.gov.br\/index.php\/estao-abertas-as-inscricoes-para-atividades-gratuitas-no-centro-da-juventude\/\" \/>\n<meta property=\"og:site_name\" content=\"Prefeitura de Camb\u00e9\" \/>\n<meta property=\"article:publisher\" content=\"https:\/\/m.facebook.com\/prefeituradecambe\" \/>\n<meta property=\"article:published_time\" content=\"2025-02-03T15:18:23+00:00\" \/>\n<meta property=\"article:modified_time\" content=\"2025-02-03T18:50:30+00:00\" \/>\n<meta property=\"og:image\" content=\"https:\/\/www.cambe.pr.gov.br\/wp-content\/uploads\/2023\/07\/ceju-1024x576.jpg\" \/>\n<meta name=\"author\" content=\"Vinicius Augusto Batista Eira\" \/>\n<meta name=\"twitter:card\" content=\"summary_large_image\" \/>\n<meta name=\"twitter:label1\" content=\"Escrito por\" \/>\n\t<meta name=\"twitter:data1\" content=\"Vinicius Augusto Batista Eira\" \/>\n\t<meta name=\"twitter:label2\" content=\"Est. tempo de leitura\" \/>\n\t<meta name=\"twitter:data2\" content=\"3 minutos\" \/>\n<script type=\"application\/ld+json\" class=\"yoast-schema-graph\">{\"@context\":\"https:\\\/\\\/schema.org\",\"@graph\":[{\"@type\":\"Article\",\"@id\":\"https:\\\/\\\/www.cambe.pr.gov.br\\\/index.php\\\/estao-abertas-as-inscricoes-para-atividades-gratuitas-no-centro-da-juventude\\\/#article\",\"isPartOf\":{\"@id\":\"https:\\\/\\\/www.cambe.pr.gov.br\\\/index.php\\\/estao-abertas-as-inscricoes-para-atividades-gratuitas-no-centro-da-juventude\\\/\"},\"author\":{\"name\":\"Vinicius Augusto Batista Eira\",\"@id\":\"https:\\\/\\\/www.cambe.pr.gov.br\\\/#\\\/schema\\\/person\\\/8e3ee69cb2cadf4b9f8377407227effd\"},\"headline\":\"Est\u00e3o abertas as inscri\u00e7\u00f5es para atividades gratuitas no Centro da Juventude\",\"datePublished\":\"2025-02-03T15:18:23+00:00\",\"dateModified\":\"2025-02-03T18:50:30+00:00\",\"mainEntityOfPage\":{\"@id\":\"https:\\\/\\\/www.cambe.pr.gov.br\\\/index.php\\\/estao-abertas-as-inscricoes-para-atividades-gratuitas-no-centro-da-juventude\\\/\"},\"wordCount\":503,\"publisher\":{\"@id\":\"https:\\\/\\\/www.cambe.pr.gov.br\\\/#organization\"},\"image\":{\"@id\":\"https:\\\/\\\/www.cambe.pr.gov.br\\\/index.php\\\/estao-abertas-as-inscricoes-para-atividades-gratuitas-no-centro-da-juventude\\\/#primaryimage\"},\"thumbnailUrl\":\"https:\\\/\\\/www.cambe.pr.gov.br\\\/wp-content\\\/uploads\\\/2023\\\/07\\\/ceju-1024x576.jpg\",\"articleSection\":[\"Principal\"],\"inLanguage\":\"pt-BR\"},{\"@type\":\"WebPage\",\"@id\":\"https:\\\/\\\/www.cambe.pr.gov.br\\\/index.php\\\/estao-abertas-as-inscricoes-para-atividades-gratuitas-no-centro-da-juventude\\\/\",\"url\":\"https:\\\/\\\/www.cambe.pr.gov.br\\\/index.php\\\/estao-abertas-as-inscricoes-para-atividades-gratuitas-no-centro-da-juventude\\\/\",\"name\":\"Est\u00e3o abertas as inscri\u00e7\u00f5es para atividades gratuitas no Centro da Juventude - Prefeitura de Camb\u00e9\",\"isPartOf\":{\"@id\":\"https:\\\/\\\/www.cambe.pr.gov.br\\\/#website\"},\"primaryImageOfPage\":{\"@id\":\"https:\\\/\\\/www.cambe.pr.gov.br\\\/index.php\\\/estao-abertas-as-inscricoes-para-atividades-gratuitas-no-centro-da-juventude\\\/#primaryimage\"},\"image\":{\"@id\":\"https:\\\/\\\/www.cambe.pr.gov.br\\\/index.php\\\/estao-abertas-as-inscricoes-para-atividades-gratuitas-no-centro-da-juventude\\\/#primaryimage\"},\"thumbnailUrl\":\"https:\\\/\\\/www.cambe.pr.gov.br\\\/wp-content\\\/uploads\\\/2023\\\/07\\\/ceju-1024x576.jpg\",\"datePublished\":\"2025-02-03T15:18:23+00:00\",\"dateModified\":\"2025-02-03T18:50:30+00:00\",\"breadcrumb\":{\"@id\":\"https:\\\/\\\/www.cambe.pr.gov.br\\\/index.php\\\/estao-abertas-as-inscricoes-para-atividades-gratuitas-no-centro-da-juventude\\\/#breadcrumb\"},\"inLanguage\":\"pt-BR\",\"potentialAction\":[{\"@type\":\"ReadAction\",\"target\":[\"https:\\\/\\\/www.cambe.pr.gov.br\\\/index.php\\\/estao-abertas-as-inscricoes-para-atividades-gratuitas-no-centro-da-juventude\\\/\"]}]},{\"@type\":\"ImageObject\",\"inLanguage\":\"pt-BR\",\"@id\":\"https:\\\/\\\/www.cambe.pr.gov.br\\\/index.php\\\/estao-abertas-as-inscricoes-para-atividades-gratuitas-no-centro-da-juventude\\\/#primaryimage\",\"url\":\"https:\\\/\\\/www.cambe.pr.gov.br\\\/wp-content\\\/uploads\\\/2023\\\/07\\\/ceju-scaled.jpg\",\"contentUrl\":\"https:\\\/\\\/www.cambe.pr.gov.br\\\/wp-content\\\/uploads\\\/2023\\\/07\\\/ceju-scaled.jpg\",\"width\":2560,\"height\":1440},{\"@type\":\"BreadcrumbList\",\"@id\":\"https:\\\/\\\/www.cambe.pr.gov.br\\\/index.php\\\/estao-abertas-as-inscricoes-para-atividades-gratuitas-no-centro-da-juventude\\\/#breadcrumb\",\"itemListElement\":[{\"@type\":\"ListItem\",\"position\":1,\"name\":\"In\u00edcio\",\"item\":\"https:\\\/\\\/www.cambe.pr.gov.br\\\/\"},{\"@type\":\"ListItem\",\"position\":2,\"name\":\"Est\u00e3o abertas as inscri\u00e7\u00f5es para atividades gratuitas no Centro da Juventude\"}]},{\"@type\":\"WebSite\",\"@id\":\"https:\\\/\\\/www.cambe.pr.gov.br\\\/#website\",\"url\":\"https:\\\/\\\/www.cambe.pr.gov.br\\\/\",\"name\":\"Prefeitura de Camb\u00e9\",\"description\":\"UM GOVERNO PARA TODOS\",\"publisher\":{\"@id\":\"https:\\\/\\\/www.cambe.pr.gov.br\\\/#organization\"},\"potentialAction\":[{\"@type\":\"SearchAction\",\"target\":{\"@type\":\"EntryPoint\",\"urlTemplate\":\"https:\\\/\\\/www.cambe.pr.gov.br\\\/?s={search_term_string}\"},\"query-input\":{\"@type\":\"PropertyValueSpecification\",\"valueRequired\":true,\"valueName\":\"search_term_string\"}}],\"inLanguage\":\"pt-BR\"},{\"@type\":\"Organization\",\"@id\":\"https:\\\/\\\/www.cambe.pr.gov.br\\\/#organization\",\"name\":\"Prefeitura de Camb\u00e9\",\"url\":\"https:\\\/\\\/www.cambe.pr.gov.br\\\/\",\"logo\":{\"@type\":\"ImageObject\",\"inLanguage\":\"pt-BR\",\"@id\":\"https:\\\/\\\/www.cambe.pr.gov.br\\\/#\\\/schema\\\/logo\\\/image\\\/\",\"url\":\"https:\\\/\\\/www.cambe.pr.gov.br\\\/wp-content\\\/uploads\\\/2021\\\/01\\\/cropped-cropped-cambe_brazao-icone.png\",\"contentUrl\":\"https:\\\/\\\/www.cambe.pr.gov.br\\\/wp-content\\\/uploads\\\/2021\\\/01\\\/cropped-cropped-cambe_brazao-icone.png\",\"width\":240,\"height\":240,\"caption\":\"Prefeitura de Camb\u00e9\"},\"image\":{\"@id\":\"https:\\\/\\\/www.cambe.pr.gov.br\\\/#\\\/schema\\\/logo\\\/image\\\/\"},\"sameAs\":[\"https:\\\/\\\/m.facebook.com\\\/prefeituradecambe\"]},{\"@type\":\"Person\",\"@id\":\"https:\\\/\\\/www.cambe.pr.gov.br\\\/#\\\/schema\\\/person\\\/8e3ee69cb2cadf4b9f8377407227effd\",\"name\":\"Vinicius Augusto Batista Eira\",\"image\":{\"@type\":\"ImageObject\",\"inLanguage\":\"pt-BR\",\"@id\":\"https:\\\/\\\/secure.gravatar.com\\\/avatar\\\/1ec500de7013b30e1d4d7c8c3978f0e4433c37e5d5e4cd186239369c6440122b?s=96&d=mm&r=g\",\"url\":\"https:\\\/\\\/secure.gravatar.com\\\/avatar\\\/1ec500de7013b30e1d4d7c8c3978f0e4433c37e5d5e4cd186239369c6440122b?s=96&d=mm&r=g\",\"contentUrl\":\"https:\\\/\\\/secure.gravatar.com\\\/avatar\\\/1ec500de7013b30e1d4d7c8c3978f0e4433c37e5d5e4cd186239369c6440122b?s=96&d=mm&r=g\",\"caption\":\"Vinicius Augusto Batista Eira\"},\"url\":\"https:\\\/\\\/www.cambe.pr.gov.br\\\/index.php\\\/author\\\/vabeira\\\/\"}]}<\/script>\n<!-- \/ Yoast SEO plugin. -->","yoast_head_json":{"title":"Est\u00e3o abertas as inscri\u00e7\u00f5es para atividades gratuitas no Centro da Juventude - Prefeitura de Camb\u00e9","robots":{"index":"index","follow":"follow","max-snippet":"max-snippet:-1","max-image-preview":"max-image-preview:large","max-video-preview":"max-video-preview:-1"},"canonical":"https:\/\/www.cambe.pr.gov.br\/index.php\/estao-abertas-as-inscricoes-para-atividades-gratuitas-no-centro-da-juventude\/","og_locale":"pt_BR","og_type":"article","og_title":"Est\u00e3o abertas as inscri\u00e7\u00f5es para atividades gratuitas no Centro da Juventude - Prefeitura de Camb\u00e9","og_description":"A Prefeitura de Camb\u00e9, atrav\u00e9s da Secretaria de Esportes e Lazer, abriu inscri\u00e7\u00f5es para v\u00e1rias oficinas esportivas e culturais e atividades de lazer gratuitas no Centro da Juventude. Tamb\u00e9m s\u00e3o disponibilizadas bolsas mensais de R$ 306 para os Agentes de Cidadania que se predisp\u00f5em a levar mais conhecimento para a comunidade. As matr\u00edculas para as [&hellip;]","og_url":"https:\/\/www.cambe.pr.gov.br\/index.php\/estao-abertas-as-inscricoes-para-atividades-gratuitas-no-centro-da-juventude\/","og_site_name":"Prefeitura de Camb\u00e9","article_publisher":"https:\/\/m.facebook.com\/prefeituradecambe","article_published_time":"2025-02-03T15:18:23+00:00","article_modified_time":"2025-02-03T18:50:30+00:00","og_image":[{"url":"https:\/\/www.cambe.pr.gov.br\/wp-content\/uploads\/2023\/07\/ceju-1024x576.jpg","type":"","width":"","height":""}],"author":"Vinicius Augusto Batista Eira","twitter_card":"summary_large_image","twitter_misc":{"Escrito por":"Vinicius Augusto Batista Eira","Est. tempo de leitura":"3 minutos"},"schema":{"@context":"https:\/\/schema.org","@graph":[{"@type":"Article","@id":"https:\/\/www.cambe.pr.gov.br\/index.php\/estao-abertas-as-inscricoes-para-atividades-gratuitas-no-centro-da-juventude\/#article","isPartOf":{"@id":"https:\/\/www.cambe.pr.gov.br\/index.php\/estao-abertas-as-inscricoes-para-atividades-gratuitas-no-centro-da-juventude\/"},"author":{"name":"Vinicius Augusto Batista Eira","@id":"https:\/\/www.cambe.pr.gov.br\/#\/schema\/person\/8e3ee69cb2cadf4b9f8377407227effd"},"headline":"Est\u00e3o abertas as inscri\u00e7\u00f5es para atividades gratuitas no Centro da Juventude","datePublished":"2025-02-03T15:18:23+00:00","dateModified":"2025-02-03T18:50:30+00:00","mainEntityOfPage":{"@id":"https:\/\/www.cambe.pr.gov.br\/index.php\/estao-abertas-as-inscricoes-para-atividades-gratuitas-no-centro-da-juventude\/"},"wordCount":503,"publisher":{"@id":"https:\/\/www.cambe.pr.gov.br\/#organization"},"image":{"@id":"https:\/\/www.cambe.pr.gov.br\/index.php\/estao-abertas-as-inscricoes-para-atividades-gratuitas-no-centro-da-juventude\/#primaryimage"},"thumbnailUrl":"https:\/\/www.cambe.pr.gov.br\/wp-content\/uploads\/2023\/07\/ceju-1024x576.jpg","articleSection":["Principal"],"inLanguage":"pt-BR"},{"@type":"WebPage","@id":"https:\/\/www.cambe.pr.gov.br\/index.php\/estao-abertas-as-inscricoes-para-atividades-gratuitas-no-centro-da-juventude\/","url":"https:\/\/www.cambe.pr.gov.br\/index.php\/estao-abertas-as-inscricoes-para-atividades-gratuitas-no-centro-da-juventude\/","name":"Est\u00e3o abertas as inscri\u00e7\u00f5es para atividades gratuitas no Centro da Juventude - Prefeitura de Camb\u00e9","isPartOf":{"@id":"https:\/\/www.cambe.pr.gov.br\/#website"},"primaryImageOfPage":{"@id":"https:\/\/www.cambe.pr.gov.br\/index.php\/estao-abertas-as-inscricoes-para-atividades-gratuitas-no-centro-da-juventude\/#primaryimage"},"image":{"@id":"https:\/\/www.cambe.pr.gov.br\/index.php\/estao-abertas-as-inscricoes-para-atividades-gratuitas-no-centro-da-juventude\/#primaryimage"},"thumbnailUrl":"https:\/\/www.cambe.pr.gov.br\/wp-content\/uploads\/2023\/07\/ceju-1024x576.jpg","datePublished":"2025-02-03T15:18:23+00:00","dateModified":"2025-02-03T18:50:30+00:00","breadcrumb":{"@id":"https:\/\/www.cambe.pr.gov.br\/index.php\/estao-abertas-as-inscricoes-para-atividades-gratuitas-no-centro-da-juventude\/#breadcrumb"},"inLanguage":"pt-BR","potentialAction":[{"@type":"ReadAction","target":["https:\/\/www.cambe.pr.gov.br\/index.php\/estao-abertas-as-inscricoes-para-atividades-gratuitas-no-centro-da-juventude\/"]}]},{"@type":"ImageObject","inLanguage":"pt-BR","@id":"https:\/\/www.cambe.pr.gov.br\/index.php\/estao-abertas-as-inscricoes-para-atividades-gratuitas-no-centro-da-juventude\/#primaryimage","url":"https:\/\/www.cambe.pr.gov.br\/wp-content\/uploads\/2023\/07\/ceju-scaled.jpg","contentUrl":"https:\/\/www.cambe.pr.gov.br\/wp-content\/uploads\/2023\/07\/ceju-scaled.jpg","width":2560,"height":1440},{"@type":"BreadcrumbList","@id":"https:\/\/www.cambe.pr.gov.br\/index.php\/estao-abertas-as-inscricoes-para-atividades-gratuitas-no-centro-da-juventude\/#breadcrumb","itemListElement":[{"@type":"ListItem","position":1,"name":"In\u00edcio","item":"https:\/\/www.cambe.pr.gov.br\/"},{"@type":"ListItem","position":2,"name":"Est\u00e3o abertas as inscri\u00e7\u00f5es para atividades gratuitas no Centro da Juventude"}]},{"@type":"WebSite","@id":"https:\/\/www.cambe.pr.gov.br\/#website","url":"https:\/\/www.cambe.pr.gov.br\/","name":"Prefeitura de Camb\u00e9","description":"UM GOVERNO PARA TODOS","publisher":{"@id":"https:\/\/www.cambe.pr.gov.br\/#organization"},"potentialAction":[{"@type":"SearchAction","target":{"@type":"EntryPoint","urlTemplate":"https:\/\/www.cambe.pr.gov.br\/?s={search_term_string}"},"query-input":{"@type":"PropertyValueSpecification","valueRequired":true,"valueName":"search_term_string"}}],"inLanguage":"pt-BR"},{"@type":"Organization","@id":"https:\/\/www.cambe.pr.gov.br\/#organization","name":"Prefeitura de Camb\u00e9","url":"https:\/\/www.cambe.pr.gov.br\/","logo":{"@type":"ImageObject","inLanguage":"pt-BR","@id":"https:\/\/www.cambe.pr.gov.br\/#\/schema\/logo\/image\/","url":"https:\/\/www.cambe.pr.gov.br\/wp-content\/uploads\/2021\/01\/cropped-cropped-cambe_brazao-icone.png","contentUrl":"https:\/\/www.cambe.pr.gov.br\/wp-content\/uploads\/2021\/01\/cropped-cropped-cambe_brazao-icone.png","width":240,"height":240,"caption":"Prefeitura de Camb\u00e9"},"image":{"@id":"https:\/\/www.cambe.pr.gov.br\/#\/schema\/logo\/image\/"},"sameAs":["https:\/\/m.facebook.com\/prefeituradecambe"]},{"@type":"Person","@id":"https:\/\/www.cambe.pr.gov.br\/#\/schema\/person\/8e3ee69cb2cadf4b9f8377407227effd","name":"Vinicius Augusto Batista Eira","image":{"@type":"ImageObject","inLanguage":"pt-BR","@id":"https:\/\/secure.gravatar.com\/avatar\/1ec500de7013b30e1d4d7c8c3978f0e4433c37e5d5e4cd186239369c6440122b?s=96&d=mm&r=g","url":"https:\/\/secure.gravatar.com\/avatar\/1ec500de7013b30e1d4d7c8c3978f0e4433c37e5d5e4cd186239369c6440122b?s=96&d=mm&r=g","contentUrl":"https:\/\/secure.gravatar.com\/avatar\/1ec500de7013b30e1d4d7c8c3978f0e4433c37e5d5e4cd186239369c6440122b?s=96&d=mm&r=g","caption":"Vinicius Augusto Batista Eira"},"url":"https:\/\/www.cambe.pr.gov.br\/index.php\/author\/vabeira\/"}]}},"_links":{"self":[{"href":"https:\/\/www.cambe.pr.gov.br\/index.php\/wp-json\/wp\/v2\/posts\/15992","targetHints":{"allow":["GET"]}}],"collection":[{"href":"https:\/\/www.cambe.pr.gov.br\/index.php\/wp-json\/wp\/v2\/posts"}],"about":[{"href":"https:\/\/www.cambe.pr.gov.br\/index.php\/wp-json\/wp\/v2\/types\/post"}],"author":[{"embeddable":true,"href":"https:\/\/www.cambe.pr.gov.br\/index.php\/wp-json\/wp\/v2\/users\/16"}],"replies":[{"embeddable":true,"href":"https:\/\/www.cambe.pr.gov.br\/index.php\/wp-json\/wp\/v2\/comments?post=15992"}],"version-history":[{"count":3,"href":"https:\/\/www.cambe.pr.gov.br\/index.php\/wp-json\/wp\/v2\/posts\/15992\/revisions"}],"predecessor-version":[{"id":15999,"href":"https:\/\/www.cambe.pr.gov.br\/index.php\/wp-json\/wp\/v2\/posts\/15992\/revisions\/15999"}],"wp:attachment":[{"href":"https:\/\/www.cambe.pr.gov.br\/index.php\/wp-json\/wp\/v2\/media?parent=15992"}],"wp:term":[{"taxonomy":"category","embeddable":true,"href":"https:\/\/www.cambe.pr.gov.br\/index.php\/wp-json\/wp\/v2\/categories?post=15992"},{"taxonomy":"post_tag","embeddable":true,"href":"https:\/\/www.cambe.pr.gov.br\/index.php\/wp-json\/wp\/v2\/tags?post=15992"}],"curies":[{"name":"wp","href":"https:\/\/api.w.org\/{rel}","templated":true}]}}