{"id":15984,"date":"2025-01-31T16:26:28","date_gmt":"2025-01-31T19:26:28","guid":{"rendered":"https:\/\/www.cambe.pr.gov.br\/?p=15984"},"modified":"2025-01-31T16:28:52","modified_gmt":"2025-01-31T19:28:52","slug":"flavia-iwakura-e-a-nova-secretaria-de-assistencia-social-e-cidadania-de-cambe","status":"publish","type":"post","link":"https:\/\/www.cambe.pr.gov.br\/index.php\/flavia-iwakura-e-a-nova-secretaria-de-assistencia-social-e-cidadania-de-cambe\/","title":{"rendered":"Fl\u00e1via Iwakura \u00e9 a nova secret\u00e1ria de Assist\u00eancia Social e Cidadania de Camb\u00e9"},"content":{"rendered":"<div id=\"attachment_15985\" style=\"width: 620px\" class=\"wp-caption alignleft\"><img fetchpriority=\"high\" decoding=\"async\" aria-describedby=\"caption-attachment-15985\" class=\"wp-image-15985 size-large\" src=\"https:\/\/www.cambe.pr.gov.br\/wp-content\/uploads\/2025\/01\/DSC_0051-1024x678.jpg\" alt=\"\" width=\"610\" height=\"404\" srcset=\"https:\/\/www.cambe.pr.gov.br\/wp-content\/uploads\/2025\/01\/DSC_0051-1024x678.jpg 1024w, https:\/\/www.cambe.pr.gov.br\/wp-content\/uploads\/2025\/01\/DSC_0051-300x199.jpg 300w, https:\/\/www.cambe.pr.gov.br\/wp-content\/uploads\/2025\/01\/DSC_0051-768x509.jpg 768w, https:\/\/www.cambe.pr.gov.br\/wp-content\/uploads\/2025\/01\/DSC_0051-1536x1017.jpg 1536w, https:\/\/www.cambe.pr.gov.br\/wp-content\/uploads\/2025\/01\/DSC_0051-2048x1356.jpg 2048w\" sizes=\"(max-width: 610px) 100vw, 610px\" \/><p id=\"caption-attachment-15985\" class=\"wp-caption-text\">A nova secret\u00e1ria de Assist\u00eancia Social, Fl\u00e1via Iwakura, discursa ao lado do prefeito Conrado Scheller e dos secret\u00e1rios de Governo, Frederico Ferreira, e de Comunica\u00e7\u00e3o, Thiago Mossini (Gisele Cabrera\/Prefeitura de Camb\u00e9)<\/p><\/div>\n<p style=\"text-align: justify;\"><span style=\"font-weight: 400; font-family: arial, helvetica, sans-serif;\">Em evento realizado na manh\u00e3 desta sexta-feira (31), o prefeito Conrado Scheller anunciou que a servidora e psic\u00f3loga Fl\u00e1via Iwakura, de 45 anos, \u00e9 a nova secret\u00e1ria municipal de Assist\u00eancia Social e Cidadania. Fl\u00e1via substitui Lucilene Diorio, que ocupou o cargo nos \u00faltimos quatro anos.<\/span><\/p>\n<p style=\"text-align: justify;\"><span style=\"font-weight: 400; font-family: arial, helvetica, sans-serif;\">Cambeense e servidora em Camb\u00e9 h\u00e1 10 anos, a nova secret\u00e1ria j\u00e1 atuou em \u00e1reas da sa\u00fade p\u00fablica e assist\u00eancia social e possui caracter\u00edsticas e ideias inovadoras para a gest\u00e3o da pasta.<\/span><\/p>\n<p style=\"text-align: justify;\"><span style=\"font-weight: 400; font-family: arial, helvetica, sans-serif;\">\u201c\u00c9 uma felicidade para n\u00f3s nomear uma servidora t\u00e3o capacitada para um cargo importante. Conseguimos transformar a Assist\u00eancia Social de Camb\u00e9 nos \u00faltimos anos, e agrade\u00e7o muito o trabalho da Lucilene nos \u00faltimos quatro anos. Temos muitos outros projetos importantes para serem tocados nessa nova gest\u00e3o, identificar demandas urgentes, trabalhar com quem mais precisa e todos sob o mesmo ponto de vista, humano e igual. Tenho certeza que a Fl\u00e1via, hoje, \u00e9 a pessoa ideal para isso e estamos muito ansioso para o que deve vir\u201d, destacou o prefeito Conrado Scheller.<\/span><\/p>\n<p>&nbsp;<\/p>\n<p style=\"text-align: justify;\"><strong><span style=\"font-family: arial, helvetica, sans-serif;\">Forma\u00e7\u00e3o e experi\u00eancia<\/span><\/strong><\/p>\n<p style=\"text-align: justify;\"><span style=\"font-weight: 400; font-family: arial, helvetica, sans-serif;\">Fl\u00e1via Iwakura se formou em psicologia h\u00e1 25 anos, na UniFil &#8211; ent\u00e3o Cesulon. Ela ainda possui p\u00f3s-gradua\u00e7\u00e3o em Fundamentos da Psican\u00e1lise e em Recursos Humanos e Gest\u00e3o de Pessoas.\u00a0<\/span><\/p>\n<p style=\"text-align: justify;\"><span style=\"font-weight: 400; font-family: arial, helvetica, sans-serif;\">Iniciou na \u00e1rea da sa\u00fade p\u00fablica, no munic\u00edpio de Rol\u00e2ndia, atendimento cl\u00ednico e em 2015 passou a ser servidora p\u00fablica em Camb\u00e9. A nova secret\u00e1ria come\u00e7ou a atuar no CREAS, na \u00e1rea de viola\u00e7\u00e3o de direitos. Posteriormente, passou por coordena\u00e7\u00e3o, atendimentos t\u00e9cnicos e, na \u00faltima gest\u00e3o, foi diretora de prote\u00e7\u00e3o especial.<\/span><\/p>\n<p>&nbsp;<\/p>\n<p style=\"text-align: justify;\"><strong><span style=\"font-family: arial, helvetica, sans-serif;\">Desafios e expectativas<\/span><\/strong><\/p>\n<div id=\"attachment_15986\" style=\"width: 620px\" class=\"wp-caption alignleft\"><img decoding=\"async\" aria-describedby=\"caption-attachment-15986\" class=\"wp-image-15986 size-large\" src=\"https:\/\/www.cambe.pr.gov.br\/wp-content\/uploads\/2025\/01\/DSC_0057-1024x678.jpg\" alt=\"\" width=\"610\" height=\"404\" srcset=\"https:\/\/www.cambe.pr.gov.br\/wp-content\/uploads\/2025\/01\/DSC_0057-1024x678.jpg 1024w, https:\/\/www.cambe.pr.gov.br\/wp-content\/uploads\/2025\/01\/DSC_0057-300x199.jpg 300w, https:\/\/www.cambe.pr.gov.br\/wp-content\/uploads\/2025\/01\/DSC_0057-768x509.jpg 768w, https:\/\/www.cambe.pr.gov.br\/wp-content\/uploads\/2025\/01\/DSC_0057-1536x1017.jpg 1536w, https:\/\/www.cambe.pr.gov.br\/wp-content\/uploads\/2025\/01\/DSC_0057-2048x1357.jpg 2048w\" sizes=\"(max-width: 610px) 100vw, 610px\" \/><p id=\"caption-attachment-15986\" class=\"wp-caption-text\">Servidores da Secretaria de Assist\u00eancia Social participaram do evento de nomea\u00e7\u00e3o da nova secret\u00e1ria (Gisele Cabrera\/Prefeitura de Camb\u00e9)<\/p><\/div>\n<p style=\"text-align: justify;\"><span style=\"font-weight: 400; font-family: arial, helvetica, sans-serif;\">Conforme a nova secret\u00e1ria, a \u00faltima gest\u00e3o focou na organiza\u00e7\u00e3o da Secretaria, com aquisi\u00e7\u00e3o de novos equipamentos, instrumentaliza\u00e7\u00e3o e contrata\u00e7\u00e3o de pessoal. Com isso, o maior desafio agora \u00e9 levantar as principais demandas que servi\u00e7os como CRAS, CREAS, Conviv\u00eancia do Idoso, Crian\u00e7a e Adolescente apresentam, para o planejamento de a\u00e7\u00f5es e retomada de alguns itens que estavam com um ritmo mais devagar.<\/span><\/p>\n<p style=\"text-align: justify;\"><span style=\"font-weight: 400; font-family: arial, helvetica, sans-serif;\">\u201cJ\u00e1 identificamos, em uma gest\u00e3o que trabalhou bastante nos \u00faltimos quatro anos, alguns itens e vamos para a execu\u00e7\u00e3o de fato dessas a\u00e7\u00f5es. Hoje tenho um sentimento de muita gratid\u00e3o pela nomea\u00e7\u00e3o. Mas acima de tudo, o foco \u00e9 em justi\u00e7a. Fazer justi\u00e7a pelas pessoas, a come\u00e7ar pelo servidorismo mesmo, pelos servidores que a gente trabalha. Temos muitos servidores terceirizados, mais de 100 pessoas na nossa pasta. O intuito \u00e9 poder dar voz para essas pessoas, valorizar os servidores e fazer com que se sintam felizes com o lugar. E fazendo isso, tenho certeza que essas pessoas ir\u00e3o transbordar esse valor em cima de quem a gente atende\u201d, ressaltou a nova secret\u00e1ria.<\/span><\/p>\n<p>&nbsp;<\/p>\n<p style=\"text-align: justify;\"><strong><span style=\"font-family: arial, helvetica, sans-serif;\">A atua\u00e7\u00e3o da Secretaria de Assist\u00eancia Social e Cidadania<\/span><\/strong><\/p>\n<p style=\"text-align: justify;\"><span style=\"font-weight: 400; font-family: arial, helvetica, sans-serif;\">A pol\u00edtica Municipal de Assist\u00eancia Social direciona seu trabalho para a popula\u00e7\u00e3o mais vulner\u00e1vel, atuando de forma descentralizada, pr\u00f3xima de quem precisa de prote\u00e7\u00e3o social. A vigil\u00e2ncia \u00e9 permanente e busca identificar as fam\u00edlias priorit\u00e1rias para interven\u00e7\u00e3o, especialmente aquelas que n\u00e3o acessam a abrangente da rede de servi\u00e7os dispon\u00edveis no munic\u00edpio. O objetivo principal \u00e9 a emancipa\u00e7\u00e3o das fam\u00edlias, deixando de ser dependente de benef\u00edcios, e passando a ter mais autoestima e capacidade para resolver seus problemas, al\u00e9m de um projeto de vida.\u00a0<\/span><\/p>\n<p style=\"text-align: justify;\"><span style=\"font-weight: 400; font-family: arial, helvetica, sans-serif;\">Dirigidos prioritariamente \u00e0s fam\u00edlias e indiv\u00edduos que se encontram em situa\u00e7\u00e3o de risco e vulnerabilidade social, as a\u00e7\u00f5es desenvolvidas pela Secretaria de Assist\u00eancia Social s\u00e3o organizadas em dois n\u00edveis de prote\u00e7\u00e3o social: b\u00e1sica e especial, tendo o territ\u00f3rio como espa\u00e7o de express\u00e3o da cidadania e reconquista dos direitos sociais.<\/span><\/p>\n<p style=\"text-align: justify;\"><span style=\"font-weight: 400; font-family: arial, helvetica, sans-serif;\">\u201cE a assist\u00eancia social \u00e9 algo que bate no meu cora\u00e7\u00e3o. \u00c9 transformar a vida das pessoas, lidar com os mais vulner\u00e1veis, muitas vezes precisar conscientiz\u00e1-los dessa situa\u00e7\u00e3o de risco que eles vivem e tirar eles de um lugar para levar para algo melhor. E esse cidad\u00e3o pode esperar um olhar mais humano, mais contato. \u00c9 gente com gente. \u00c9 gente que trabalha, que gosta e que quer caminhar junto. N\u00e3o \u00e9 aquela pol\u00edtica de \u2018chega no nosso servi\u00e7o que vamos te encaminhar para alguma coisa\u2019. N\u00e3o. N\u00f3s vamos caminhar juntos. A ideia \u00e9 que todo mundo chegue onde precisa chegar junto. \u00c9 nisso que me baseio para a Secretaria\u201d, completou Fl\u00e1via Iwakura.<\/span><\/p>\n","protected":false},"excerpt":{"rendered":"<p>Em evento realizado na manh\u00e3 desta sexta-feira (31), o prefeito Conrado Scheller anunciou que a servidora e psic\u00f3loga Fl\u00e1via Iwakura, de 45 anos, \u00e9 a nova secret\u00e1ria municipal de Assist\u00eancia Social e Cidadania. Fl\u00e1via substitui Lucilene Diorio, que ocupou o cargo nos \u00faltimos quatro anos. Cambeense e servidora em Camb\u00e9 h\u00e1 10 anos, a nova [&hellip;]<\/p>\n","protected":false},"author":16,"featured_media":0,"comment_status":"closed","ping_status":"closed","sticky":false,"template":"","format":"standard","meta":{"ngg_post_thumbnail":0,"footnotes":""},"categories":[1],"tags":[],"class_list":["post-15984","post","type-post","status-publish","format-standard","hentry","category-principal"],"yoast_head":"<!-- This site is optimized with the Yoast SEO plugin v27.4 - https:\/\/yoast.com\/product\/yoast-seo-wordpress\/ -->\n<title>Fl\u00e1via Iwakura \u00e9 a nova secret\u00e1ria de Assist\u00eancia Social e Cidadania de Camb\u00e9 - Prefeitura de Camb\u00e9<\/title>\n<meta name=\"robots\" content=\"index, follow, max-snippet:-1, max-image-preview:large, max-video-preview:-1\" \/>\n<link rel=\"canonical\" href=\"https:\/\/www.cambe.pr.gov.br\/index.php\/flavia-iwakura-e-a-nova-secretaria-de-assistencia-social-e-cidadania-de-cambe\/\" \/>\n<meta property=\"og:locale\" content=\"pt_BR\" \/>\n<meta property=\"og:type\" content=\"article\" \/>\n<meta property=\"og:title\" content=\"Fl\u00e1via Iwakura \u00e9 a nova secret\u00e1ria de Assist\u00eancia Social e Cidadania de Camb\u00e9 - Prefeitura de Camb\u00e9\" \/>\n<meta property=\"og:description\" content=\"Em evento realizado na manh\u00e3 desta sexta-feira (31), o prefeito Conrado Scheller anunciou que a servidora e psic\u00f3loga Fl\u00e1via Iwakura, de 45 anos, \u00e9 a nova secret\u00e1ria municipal de Assist\u00eancia Social e Cidadania. Fl\u00e1via substitui Lucilene Diorio, que ocupou o cargo nos \u00faltimos quatro anos. Cambeense e servidora em Camb\u00e9 h\u00e1 10 anos, a nova [&hellip;]\" \/>\n<meta property=\"og:url\" content=\"https:\/\/www.cambe.pr.gov.br\/index.php\/flavia-iwakura-e-a-nova-secretaria-de-assistencia-social-e-cidadania-de-cambe\/\" \/>\n<meta property=\"og:site_name\" content=\"Prefeitura de Camb\u00e9\" \/>\n<meta property=\"article:publisher\" content=\"https:\/\/m.facebook.com\/prefeituradecambe\" \/>\n<meta property=\"article:published_time\" content=\"2025-01-31T19:26:28+00:00\" \/>\n<meta property=\"article:modified_time\" content=\"2025-01-31T19:28:52+00:00\" \/>\n<meta property=\"og:image\" content=\"https:\/\/www.cambe.pr.gov.br\/wp-content\/uploads\/2025\/01\/DSC_0051-1024x678.jpg\" \/>\n<meta name=\"author\" content=\"Vinicius Augusto Batista Eira\" \/>\n<meta name=\"twitter:card\" content=\"summary_large_image\" \/>\n<meta name=\"twitter:label1\" content=\"Escrito por\" \/>\n\t<meta name=\"twitter:data1\" content=\"Vinicius Augusto Batista Eira\" \/>\n\t<meta name=\"twitter:label2\" content=\"Est. tempo de leitura\" \/>\n\t<meta name=\"twitter:data2\" content=\"5 minutos\" \/>\n<script type=\"application\/ld+json\" class=\"yoast-schema-graph\">{\"@context\":\"https:\\\/\\\/schema.org\",\"@graph\":[{\"@type\":\"Article\",\"@id\":\"https:\\\/\\\/www.cambe.pr.gov.br\\\/index.php\\\/flavia-iwakura-e-a-nova-secretaria-de-assistencia-social-e-cidadania-de-cambe\\\/#article\",\"isPartOf\":{\"@id\":\"https:\\\/\\\/www.cambe.pr.gov.br\\\/index.php\\\/flavia-iwakura-e-a-nova-secretaria-de-assistencia-social-e-cidadania-de-cambe\\\/\"},\"author\":{\"name\":\"Vinicius Augusto Batista Eira\",\"@id\":\"https:\\\/\\\/www.cambe.pr.gov.br\\\/#\\\/schema\\\/person\\\/8e3ee69cb2cadf4b9f8377407227effd\"},\"headline\":\"Fl\u00e1via Iwakura \u00e9 a nova secret\u00e1ria de Assist\u00eancia Social e Cidadania de Camb\u00e9\",\"datePublished\":\"2025-01-31T19:26:28+00:00\",\"dateModified\":\"2025-01-31T19:28:52+00:00\",\"mainEntityOfPage\":{\"@id\":\"https:\\\/\\\/www.cambe.pr.gov.br\\\/index.php\\\/flavia-iwakura-e-a-nova-secretaria-de-assistencia-social-e-cidadania-de-cambe\\\/\"},\"wordCount\":855,\"publisher\":{\"@id\":\"https:\\\/\\\/www.cambe.pr.gov.br\\\/#organization\"},\"image\":{\"@id\":\"https:\\\/\\\/www.cambe.pr.gov.br\\\/index.php\\\/flavia-iwakura-e-a-nova-secretaria-de-assistencia-social-e-cidadania-de-cambe\\\/#primaryimage\"},\"thumbnailUrl\":\"https:\\\/\\\/www.cambe.pr.gov.br\\\/wp-content\\\/uploads\\\/2025\\\/01\\\/DSC_0051-1024x678.jpg\",\"articleSection\":[\"Principal\"],\"inLanguage\":\"pt-BR\"},{\"@type\":\"WebPage\",\"@id\":\"https:\\\/\\\/www.cambe.pr.gov.br\\\/index.php\\\/flavia-iwakura-e-a-nova-secretaria-de-assistencia-social-e-cidadania-de-cambe\\\/\",\"url\":\"https:\\\/\\\/www.cambe.pr.gov.br\\\/index.php\\\/flavia-iwakura-e-a-nova-secretaria-de-assistencia-social-e-cidadania-de-cambe\\\/\",\"name\":\"Fl\u00e1via Iwakura \u00e9 a nova secret\u00e1ria de Assist\u00eancia Social e Cidadania de Camb\u00e9 - Prefeitura de Camb\u00e9\",\"isPartOf\":{\"@id\":\"https:\\\/\\\/www.cambe.pr.gov.br\\\/#website\"},\"primaryImageOfPage\":{\"@id\":\"https:\\\/\\\/www.cambe.pr.gov.br\\\/index.php\\\/flavia-iwakura-e-a-nova-secretaria-de-assistencia-social-e-cidadania-de-cambe\\\/#primaryimage\"},\"image\":{\"@id\":\"https:\\\/\\\/www.cambe.pr.gov.br\\\/index.php\\\/flavia-iwakura-e-a-nova-secretaria-de-assistencia-social-e-cidadania-de-cambe\\\/#primaryimage\"},\"thumbnailUrl\":\"https:\\\/\\\/www.cambe.pr.gov.br\\\/wp-content\\\/uploads\\\/2025\\\/01\\\/DSC_0051-1024x678.jpg\",\"datePublished\":\"2025-01-31T19:26:28+00:00\",\"dateModified\":\"2025-01-31T19:28:52+00:00\",\"breadcrumb\":{\"@id\":\"https:\\\/\\\/www.cambe.pr.gov.br\\\/index.php\\\/flavia-iwakura-e-a-nova-secretaria-de-assistencia-social-e-cidadania-de-cambe\\\/#breadcrumb\"},\"inLanguage\":\"pt-BR\",\"potentialAction\":[{\"@type\":\"ReadAction\",\"target\":[\"https:\\\/\\\/www.cambe.pr.gov.br\\\/index.php\\\/flavia-iwakura-e-a-nova-secretaria-de-assistencia-social-e-cidadania-de-cambe\\\/\"]}]},{\"@type\":\"ImageObject\",\"inLanguage\":\"pt-BR\",\"@id\":\"https:\\\/\\\/www.cambe.pr.gov.br\\\/index.php\\\/flavia-iwakura-e-a-nova-secretaria-de-assistencia-social-e-cidadania-de-cambe\\\/#primaryimage\",\"url\":\"https:\\\/\\\/www.cambe.pr.gov.br\\\/wp-content\\\/uploads\\\/2025\\\/01\\\/DSC_0051-scaled.jpg\",\"contentUrl\":\"https:\\\/\\\/www.cambe.pr.gov.br\\\/wp-content\\\/uploads\\\/2025\\\/01\\\/DSC_0051-scaled.jpg\",\"width\":2560,\"height\":1696},{\"@type\":\"BreadcrumbList\",\"@id\":\"https:\\\/\\\/www.cambe.pr.gov.br\\\/index.php\\\/flavia-iwakura-e-a-nova-secretaria-de-assistencia-social-e-cidadania-de-cambe\\\/#breadcrumb\",\"itemListElement\":[{\"@type\":\"ListItem\",\"position\":1,\"name\":\"In\u00edcio\",\"item\":\"https:\\\/\\\/www.cambe.pr.gov.br\\\/\"},{\"@type\":\"ListItem\",\"position\":2,\"name\":\"Fl\u00e1via Iwakura \u00e9 a nova secret\u00e1ria de Assist\u00eancia Social e Cidadania de Camb\u00e9\"}]},{\"@type\":\"WebSite\",\"@id\":\"https:\\\/\\\/www.cambe.pr.gov.br\\\/#website\",\"url\":\"https:\\\/\\\/www.cambe.pr.gov.br\\\/\",\"name\":\"Prefeitura de Camb\u00e9\",\"description\":\"UM GOVERNO PARA TODOS\",\"publisher\":{\"@id\":\"https:\\\/\\\/www.cambe.pr.gov.br\\\/#organization\"},\"potentialAction\":[{\"@type\":\"SearchAction\",\"target\":{\"@type\":\"EntryPoint\",\"urlTemplate\":\"https:\\\/\\\/www.cambe.pr.gov.br\\\/?s={search_term_string}\"},\"query-input\":{\"@type\":\"PropertyValueSpecification\",\"valueRequired\":true,\"valueName\":\"search_term_string\"}}],\"inLanguage\":\"pt-BR\"},{\"@type\":\"Organization\",\"@id\":\"https:\\\/\\\/www.cambe.pr.gov.br\\\/#organization\",\"name\":\"Prefeitura de Camb\u00e9\",\"url\":\"https:\\\/\\\/www.cambe.pr.gov.br\\\/\",\"logo\":{\"@type\":\"ImageObject\",\"inLanguage\":\"pt-BR\",\"@id\":\"https:\\\/\\\/www.cambe.pr.gov.br\\\/#\\\/schema\\\/logo\\\/image\\\/\",\"url\":\"https:\\\/\\\/www.cambe.pr.gov.br\\\/wp-content\\\/uploads\\\/2021\\\/01\\\/cropped-cropped-cambe_brazao-icone.png\",\"contentUrl\":\"https:\\\/\\\/www.cambe.pr.gov.br\\\/wp-content\\\/uploads\\\/2021\\\/01\\\/cropped-cropped-cambe_brazao-icone.png\",\"width\":240,\"height\":240,\"caption\":\"Prefeitura de Camb\u00e9\"},\"image\":{\"@id\":\"https:\\\/\\\/www.cambe.pr.gov.br\\\/#\\\/schema\\\/logo\\\/image\\\/\"},\"sameAs\":[\"https:\\\/\\\/m.facebook.com\\\/prefeituradecambe\"]},{\"@type\":\"Person\",\"@id\":\"https:\\\/\\\/www.cambe.pr.gov.br\\\/#\\\/schema\\\/person\\\/8e3ee69cb2cadf4b9f8377407227effd\",\"name\":\"Vinicius Augusto Batista Eira\",\"image\":{\"@type\":\"ImageObject\",\"inLanguage\":\"pt-BR\",\"@id\":\"https:\\\/\\\/secure.gravatar.com\\\/avatar\\\/1ec500de7013b30e1d4d7c8c3978f0e4433c37e5d5e4cd186239369c6440122b?s=96&d=mm&r=g\",\"url\":\"https:\\\/\\\/secure.gravatar.com\\\/avatar\\\/1ec500de7013b30e1d4d7c8c3978f0e4433c37e5d5e4cd186239369c6440122b?s=96&d=mm&r=g\",\"contentUrl\":\"https:\\\/\\\/secure.gravatar.com\\\/avatar\\\/1ec500de7013b30e1d4d7c8c3978f0e4433c37e5d5e4cd186239369c6440122b?s=96&d=mm&r=g\",\"caption\":\"Vinicius Augusto Batista Eira\"},\"url\":\"https:\\\/\\\/www.cambe.pr.gov.br\\\/index.php\\\/author\\\/vabeira\\\/\"}]}<\/script>\n<!-- \/ Yoast SEO plugin. -->","yoast_head_json":{"title":"Fl\u00e1via Iwakura \u00e9 a nova secret\u00e1ria de Assist\u00eancia Social e Cidadania de Camb\u00e9 - Prefeitura de Camb\u00e9","robots":{"index":"index","follow":"follow","max-snippet":"max-snippet:-1","max-image-preview":"max-image-preview:large","max-video-preview":"max-video-preview:-1"},"canonical":"https:\/\/www.cambe.pr.gov.br\/index.php\/flavia-iwakura-e-a-nova-secretaria-de-assistencia-social-e-cidadania-de-cambe\/","og_locale":"pt_BR","og_type":"article","og_title":"Fl\u00e1via Iwakura \u00e9 a nova secret\u00e1ria de Assist\u00eancia Social e Cidadania de Camb\u00e9 - Prefeitura de Camb\u00e9","og_description":"Em evento realizado na manh\u00e3 desta sexta-feira (31), o prefeito Conrado Scheller anunciou que a servidora e psic\u00f3loga Fl\u00e1via Iwakura, de 45 anos, \u00e9 a nova secret\u00e1ria municipal de Assist\u00eancia Social e Cidadania. Fl\u00e1via substitui Lucilene Diorio, que ocupou o cargo nos \u00faltimos quatro anos. Cambeense e servidora em Camb\u00e9 h\u00e1 10 anos, a nova [&hellip;]","og_url":"https:\/\/www.cambe.pr.gov.br\/index.php\/flavia-iwakura-e-a-nova-secretaria-de-assistencia-social-e-cidadania-de-cambe\/","og_site_name":"Prefeitura de Camb\u00e9","article_publisher":"https:\/\/m.facebook.com\/prefeituradecambe","article_published_time":"2025-01-31T19:26:28+00:00","article_modified_time":"2025-01-31T19:28:52+00:00","og_image":[{"url":"https:\/\/www.cambe.pr.gov.br\/wp-content\/uploads\/2025\/01\/DSC_0051-1024x678.jpg","type":"","width":"","height":""}],"author":"Vinicius Augusto Batista Eira","twitter_card":"summary_large_image","twitter_misc":{"Escrito por":"Vinicius Augusto Batista Eira","Est. tempo de leitura":"5 minutos"},"schema":{"@context":"https:\/\/schema.org","@graph":[{"@type":"Article","@id":"https:\/\/www.cambe.pr.gov.br\/index.php\/flavia-iwakura-e-a-nova-secretaria-de-assistencia-social-e-cidadania-de-cambe\/#article","isPartOf":{"@id":"https:\/\/www.cambe.pr.gov.br\/index.php\/flavia-iwakura-e-a-nova-secretaria-de-assistencia-social-e-cidadania-de-cambe\/"},"author":{"name":"Vinicius Augusto Batista Eira","@id":"https:\/\/www.cambe.pr.gov.br\/#\/schema\/person\/8e3ee69cb2cadf4b9f8377407227effd"},"headline":"Fl\u00e1via Iwakura \u00e9 a nova secret\u00e1ria de Assist\u00eancia Social e Cidadania de Camb\u00e9","datePublished":"2025-01-31T19:26:28+00:00","dateModified":"2025-01-31T19:28:52+00:00","mainEntityOfPage":{"@id":"https:\/\/www.cambe.pr.gov.br\/index.php\/flavia-iwakura-e-a-nova-secretaria-de-assistencia-social-e-cidadania-de-cambe\/"},"wordCount":855,"publisher":{"@id":"https:\/\/www.cambe.pr.gov.br\/#organization"},"image":{"@id":"https:\/\/www.cambe.pr.gov.br\/index.php\/flavia-iwakura-e-a-nova-secretaria-de-assistencia-social-e-cidadania-de-cambe\/#primaryimage"},"thumbnailUrl":"https:\/\/www.cambe.pr.gov.br\/wp-content\/uploads\/2025\/01\/DSC_0051-1024x678.jpg","articleSection":["Principal"],"inLanguage":"pt-BR"},{"@type":"WebPage","@id":"https:\/\/www.cambe.pr.gov.br\/index.php\/flavia-iwakura-e-a-nova-secretaria-de-assistencia-social-e-cidadania-de-cambe\/","url":"https:\/\/www.cambe.pr.gov.br\/index.php\/flavia-iwakura-e-a-nova-secretaria-de-assistencia-social-e-cidadania-de-cambe\/","name":"Fl\u00e1via Iwakura \u00e9 a nova secret\u00e1ria de Assist\u00eancia Social e Cidadania de Camb\u00e9 - Prefeitura de Camb\u00e9","isPartOf":{"@id":"https:\/\/www.cambe.pr.gov.br\/#website"},"primaryImageOfPage":{"@id":"https:\/\/www.cambe.pr.gov.br\/index.php\/flavia-iwakura-e-a-nova-secretaria-de-assistencia-social-e-cidadania-de-cambe\/#primaryimage"},"image":{"@id":"https:\/\/www.cambe.pr.gov.br\/index.php\/flavia-iwakura-e-a-nova-secretaria-de-assistencia-social-e-cidadania-de-cambe\/#primaryimage"},"thumbnailUrl":"https:\/\/www.cambe.pr.gov.br\/wp-content\/uploads\/2025\/01\/DSC_0051-1024x678.jpg","datePublished":"2025-01-31T19:26:28+00:00","dateModified":"2025-01-31T19:28:52+00:00","breadcrumb":{"@id":"https:\/\/www.cambe.pr.gov.br\/index.php\/flavia-iwakura-e-a-nova-secretaria-de-assistencia-social-e-cidadania-de-cambe\/#breadcrumb"},"inLanguage":"pt-BR","potentialAction":[{"@type":"ReadAction","target":["https:\/\/www.cambe.pr.gov.br\/index.php\/flavia-iwakura-e-a-nova-secretaria-de-assistencia-social-e-cidadania-de-cambe\/"]}]},{"@type":"ImageObject","inLanguage":"pt-BR","@id":"https:\/\/www.cambe.pr.gov.br\/index.php\/flavia-iwakura-e-a-nova-secretaria-de-assistencia-social-e-cidadania-de-cambe\/#primaryimage","url":"https:\/\/www.cambe.pr.gov.br\/wp-content\/uploads\/2025\/01\/DSC_0051-scaled.jpg","contentUrl":"https:\/\/www.cambe.pr.gov.br\/wp-content\/uploads\/2025\/01\/DSC_0051-scaled.jpg","width":2560,"height":1696},{"@type":"BreadcrumbList","@id":"https:\/\/www.cambe.pr.gov.br\/index.php\/flavia-iwakura-e-a-nova-secretaria-de-assistencia-social-e-cidadania-de-cambe\/#breadcrumb","itemListElement":[{"@type":"ListItem","position":1,"name":"In\u00edcio","item":"https:\/\/www.cambe.pr.gov.br\/"},{"@type":"ListItem","position":2,"name":"Fl\u00e1via Iwakura \u00e9 a nova secret\u00e1ria de Assist\u00eancia Social e Cidadania de Camb\u00e9"}]},{"@type":"WebSite","@id":"https:\/\/www.cambe.pr.gov.br\/#website","url":"https:\/\/www.cambe.pr.gov.br\/","name":"Prefeitura de Camb\u00e9","description":"UM GOVERNO PARA TODOS","publisher":{"@id":"https:\/\/www.cambe.pr.gov.br\/#organization"},"potentialAction":[{"@type":"SearchAction","target":{"@type":"EntryPoint","urlTemplate":"https:\/\/www.cambe.pr.gov.br\/?s={search_term_string}"},"query-input":{"@type":"PropertyValueSpecification","valueRequired":true,"valueName":"search_term_string"}}],"inLanguage":"pt-BR"},{"@type":"Organization","@id":"https:\/\/www.cambe.pr.gov.br\/#organization","name":"Prefeitura de Camb\u00e9","url":"https:\/\/www.cambe.pr.gov.br\/","logo":{"@type":"ImageObject","inLanguage":"pt-BR","@id":"https:\/\/www.cambe.pr.gov.br\/#\/schema\/logo\/image\/","url":"https:\/\/www.cambe.pr.gov.br\/wp-content\/uploads\/2021\/01\/cropped-cropped-cambe_brazao-icone.png","contentUrl":"https:\/\/www.cambe.pr.gov.br\/wp-content\/uploads\/2021\/01\/cropped-cropped-cambe_brazao-icone.png","width":240,"height":240,"caption":"Prefeitura de Camb\u00e9"},"image":{"@id":"https:\/\/www.cambe.pr.gov.br\/#\/schema\/logo\/image\/"},"sameAs":["https:\/\/m.facebook.com\/prefeituradecambe"]},{"@type":"Person","@id":"https:\/\/www.cambe.pr.gov.br\/#\/schema\/person\/8e3ee69cb2cadf4b9f8377407227effd","name":"Vinicius Augusto Batista Eira","image":{"@type":"ImageObject","inLanguage":"pt-BR","@id":"https:\/\/secure.gravatar.com\/avatar\/1ec500de7013b30e1d4d7c8c3978f0e4433c37e5d5e4cd186239369c6440122b?s=96&d=mm&r=g","url":"https:\/\/secure.gravatar.com\/avatar\/1ec500de7013b30e1d4d7c8c3978f0e4433c37e5d5e4cd186239369c6440122b?s=96&d=mm&r=g","contentUrl":"https:\/\/secure.gravatar.com\/avatar\/1ec500de7013b30e1d4d7c8c3978f0e4433c37e5d5e4cd186239369c6440122b?s=96&d=mm&r=g","caption":"Vinicius Augusto Batista Eira"},"url":"https:\/\/www.cambe.pr.gov.br\/index.php\/author\/vabeira\/"}]}},"_links":{"self":[{"href":"https:\/\/www.cambe.pr.gov.br\/index.php\/wp-json\/wp\/v2\/posts\/15984","targetHints":{"allow":["GET"]}}],"collection":[{"href":"https:\/\/www.cambe.pr.gov.br\/index.php\/wp-json\/wp\/v2\/posts"}],"about":[{"href":"https:\/\/www.cambe.pr.gov.br\/index.php\/wp-json\/wp\/v2\/types\/post"}],"author":[{"embeddable":true,"href":"https:\/\/www.cambe.pr.gov.br\/index.php\/wp-json\/wp\/v2\/users\/16"}],"replies":[{"embeddable":true,"href":"https:\/\/www.cambe.pr.gov.br\/index.php\/wp-json\/wp\/v2\/comments?post=15984"}],"version-history":[{"count":5,"href":"https:\/\/www.cambe.pr.gov.br\/index.php\/wp-json\/wp\/v2\/posts\/15984\/revisions"}],"predecessor-version":[{"id":15990,"href":"https:\/\/www.cambe.pr.gov.br\/index.php\/wp-json\/wp\/v2\/posts\/15984\/revisions\/15990"}],"wp:attachment":[{"href":"https:\/\/www.cambe.pr.gov.br\/index.php\/wp-json\/wp\/v2\/media?parent=15984"}],"wp:term":[{"taxonomy":"category","embeddable":true,"href":"https:\/\/www.cambe.pr.gov.br\/index.php\/wp-json\/wp\/v2\/categories?post=15984"},{"taxonomy":"post_tag","embeddable":true,"href":"https:\/\/www.cambe.pr.gov.br\/index.php\/wp-json\/wp\/v2\/tags?post=15984"}],"curies":[{"name":"wp","href":"https:\/\/api.w.org\/{rel}","templated":true}]}}