{"id":15981,"date":"2025-01-31T15:56:49","date_gmt":"2025-01-31T18:56:49","guid":{"rendered":"https:\/\/www.cambe.pr.gov.br\/?p=15981"},"modified":"2025-01-31T15:56:49","modified_gmt":"2025-01-31T18:56:49","slug":"atendimentos-odontologicos-do-ceoc-mudam-de-local-a-partir-de-segunda-feira-3","status":"publish","type":"post","link":"https:\/\/www.cambe.pr.gov.br\/index.php\/atendimentos-odontologicos-do-ceoc-mudam-de-local-a-partir-de-segunda-feira-3\/","title":{"rendered":"Atendimentos odontol\u00f3gicos do CEOC mudam de local a partir de segunda-feira (3)"},"content":{"rendered":"<p style=\"text-align: justify;\"><span style=\"font-weight: 400; font-family: arial, helvetica, sans-serif;\"><img fetchpriority=\"high\" decoding=\"async\" class=\"alignleft size-large wp-image-15982\" src=\"https:\/\/www.cambe.pr.gov.br\/wp-content\/uploads\/2025\/01\/Imagem-do-WhatsApp-de-2025-01-31-as-15.23.43_3afd0322-1024x768.jpg\" alt=\"\" width=\"610\" height=\"458\" srcset=\"https:\/\/www.cambe.pr.gov.br\/wp-content\/uploads\/2025\/01\/Imagem-do-WhatsApp-de-2025-01-31-as-15.23.43_3afd0322-1024x768.jpg 1024w, https:\/\/www.cambe.pr.gov.br\/wp-content\/uploads\/2025\/01\/Imagem-do-WhatsApp-de-2025-01-31-as-15.23.43_3afd0322-300x225.jpg 300w, https:\/\/www.cambe.pr.gov.br\/wp-content\/uploads\/2025\/01\/Imagem-do-WhatsApp-de-2025-01-31-as-15.23.43_3afd0322-768x576.jpg 768w, https:\/\/www.cambe.pr.gov.br\/wp-content\/uploads\/2025\/01\/Imagem-do-WhatsApp-de-2025-01-31-as-15.23.43_3afd0322-1536x1152.jpg 1536w, https:\/\/www.cambe.pr.gov.br\/wp-content\/uploads\/2025\/01\/Imagem-do-WhatsApp-de-2025-01-31-as-15.23.43_3afd0322-400x300.jpg 400w, https:\/\/www.cambe.pr.gov.br\/wp-content\/uploads\/2025\/01\/Imagem-do-WhatsApp-de-2025-01-31-as-15.23.43_3afd0322.jpg 1600w\" sizes=\"(max-width: 610px) 100vw, 610px\" \/>A Secretaria Municipal de Sa\u00fade P\u00fablica informa que a partir desta segunda-feira (3), o Centro de Especialidades Odontol\u00f3gicas de Camb\u00e9 (CEOC) vai mudar o local de atendimentos. Hoje funcionando na estrutura do antigo Hospital Londrina, os servi\u00e7os ser\u00e3o divididos para onde era a antiga UBS Silvino e a atual UBS do Centro, garantindo mais seguran\u00e7a para servidores e a popula\u00e7\u00e3o.<\/span><\/p>\n<p style=\"text-align: justify;\"><span style=\"font-weight: 400; font-family: arial, helvetica, sans-serif;\">A partir da segunda-feira, servi\u00e7os de endodontia, periodontia, paciente especial e radiografia periapical ser\u00e3o feitos onde era a antiga UBS do Silvino, na Rua Nilo Pe\u00e7anha, 318. J\u00e1 as pr\u00f3teses dent\u00e1rias ser\u00e3o realizadas na UBS do Centro, que fica na Rua Presente Kennedy, 305. Todos os servi\u00e7os do CEOC s\u00e3o realizados exclusivamente para pacientes previamente agendados, seguindo crit\u00e9rio de encaminhamento a avalia\u00e7\u00e3o feita pela equipe de sa\u00fade bucal da UBS da sua regi\u00e3o.<\/span><\/p>\n<p style=\"text-align: justify;\"><span style=\"font-weight: 400; font-family: arial, helvetica, sans-serif;\">A altera\u00e7\u00e3o do local \u00e9 necess\u00e1ria pela atual condi\u00e7\u00e3o estrutural do CEOC, que est\u00e1 comprometida e pode influenciar diretamente na seguran\u00e7a de servidores do local e toda a popula\u00e7\u00e3o que precisa dos servi\u00e7os.<\/span><\/p>\n<p style=\"text-align: justify;\"><span style=\"font-weight: 400; font-family: arial, helvetica, sans-serif;\">A mudan\u00e7a para o local \u00e9 uma medida provis\u00f3ria, j\u00e1 que o novo CEOC est\u00e1 em fase de execu\u00e7\u00e3o. A nova estrutura fica pr\u00f3ximo \u00e0 Unidade de Pronto Atendimento (UPA) do Jardim Tupi, \u00e1rea constru\u00edda de 290 m\u00b2, com sete consult\u00f3rios odontol\u00f3gicos, sala de raio-x e espa\u00e7os para o almoxarifado e coordena\u00e7\u00e3o.<\/span><\/p>\n","protected":false},"excerpt":{"rendered":"<p>A Secretaria Municipal de Sa\u00fade P\u00fablica informa que a partir desta segunda-feira (3), o Centro de Especialidades Odontol\u00f3gicas de Camb\u00e9 (CEOC) vai mudar o local de atendimentos. Hoje funcionando na estrutura do antigo Hospital Londrina, os servi\u00e7os ser\u00e3o divididos para onde era a antiga UBS Silvino e a atual UBS do Centro, garantindo mais seguran\u00e7a [&hellip;]<\/p>\n","protected":false},"author":16,"featured_media":0,"comment_status":"closed","ping_status":"closed","sticky":false,"template":"","format":"standard","meta":{"ngg_post_thumbnail":0,"footnotes":""},"categories":[1],"tags":[],"class_list":["post-15981","post","type-post","status-publish","format-standard","hentry","category-principal"],"yoast_head":"<!-- This site is optimized with the Yoast SEO plugin v27.4 - https:\/\/yoast.com\/product\/yoast-seo-wordpress\/ -->\n<title>Atendimentos odontol\u00f3gicos do CEOC mudam de local a partir de segunda-feira (3) - Prefeitura de Camb\u00e9<\/title>\n<meta name=\"robots\" content=\"index, follow, max-snippet:-1, max-image-preview:large, max-video-preview:-1\" \/>\n<link rel=\"canonical\" href=\"https:\/\/www.cambe.pr.gov.br\/index.php\/atendimentos-odontologicos-do-ceoc-mudam-de-local-a-partir-de-segunda-feira-3\/\" \/>\n<meta property=\"og:locale\" content=\"pt_BR\" \/>\n<meta property=\"og:type\" content=\"article\" \/>\n<meta property=\"og:title\" content=\"Atendimentos odontol\u00f3gicos do CEOC mudam de local a partir de segunda-feira (3) - Prefeitura de Camb\u00e9\" \/>\n<meta property=\"og:description\" content=\"A Secretaria Municipal de Sa\u00fade P\u00fablica informa que a partir desta segunda-feira (3), o Centro de Especialidades Odontol\u00f3gicas de Camb\u00e9 (CEOC) vai mudar o local de atendimentos. Hoje funcionando na estrutura do antigo Hospital Londrina, os servi\u00e7os ser\u00e3o divididos para onde era a antiga UBS Silvino e a atual UBS do Centro, garantindo mais seguran\u00e7a [&hellip;]\" \/>\n<meta property=\"og:url\" content=\"https:\/\/www.cambe.pr.gov.br\/index.php\/atendimentos-odontologicos-do-ceoc-mudam-de-local-a-partir-de-segunda-feira-3\/\" \/>\n<meta property=\"og:site_name\" content=\"Prefeitura de Camb\u00e9\" \/>\n<meta property=\"article:publisher\" content=\"https:\/\/m.facebook.com\/prefeituradecambe\" \/>\n<meta property=\"article:published_time\" content=\"2025-01-31T18:56:49+00:00\" \/>\n<meta property=\"og:image\" content=\"https:\/\/www.cambe.pr.gov.br\/wp-content\/uploads\/2025\/01\/Imagem-do-WhatsApp-de-2025-01-31-as-15.23.43_3afd0322-1024x768.jpg\" \/>\n<meta name=\"author\" content=\"Vinicius Augusto Batista Eira\" \/>\n<meta name=\"twitter:card\" content=\"summary_large_image\" \/>\n<meta name=\"twitter:label1\" content=\"Escrito por\" \/>\n\t<meta name=\"twitter:data1\" content=\"Vinicius Augusto Batista Eira\" \/>\n\t<meta name=\"twitter:label2\" content=\"Est. tempo de leitura\" \/>\n\t<meta name=\"twitter:data2\" content=\"2 minutos\" \/>\n<script type=\"application\/ld+json\" class=\"yoast-schema-graph\">{\"@context\":\"https:\\\/\\\/schema.org\",\"@graph\":[{\"@type\":\"Article\",\"@id\":\"https:\\\/\\\/www.cambe.pr.gov.br\\\/index.php\\\/atendimentos-odontologicos-do-ceoc-mudam-de-local-a-partir-de-segunda-feira-3\\\/#article\",\"isPartOf\":{\"@id\":\"https:\\\/\\\/www.cambe.pr.gov.br\\\/index.php\\\/atendimentos-odontologicos-do-ceoc-mudam-de-local-a-partir-de-segunda-feira-3\\\/\"},\"author\":{\"name\":\"Vinicius Augusto Batista Eira\",\"@id\":\"https:\\\/\\\/www.cambe.pr.gov.br\\\/#\\\/schema\\\/person\\\/8e3ee69cb2cadf4b9f8377407227effd\"},\"headline\":\"Atendimentos odontol\u00f3gicos do CEOC mudam de local a partir de segunda-feira (3)\",\"datePublished\":\"2025-01-31T18:56:49+00:00\",\"mainEntityOfPage\":{\"@id\":\"https:\\\/\\\/www.cambe.pr.gov.br\\\/index.php\\\/atendimentos-odontologicos-do-ceoc-mudam-de-local-a-partir-de-segunda-feira-3\\\/\"},\"wordCount\":257,\"publisher\":{\"@id\":\"https:\\\/\\\/www.cambe.pr.gov.br\\\/#organization\"},\"image\":{\"@id\":\"https:\\\/\\\/www.cambe.pr.gov.br\\\/index.php\\\/atendimentos-odontologicos-do-ceoc-mudam-de-local-a-partir-de-segunda-feira-3\\\/#primaryimage\"},\"thumbnailUrl\":\"https:\\\/\\\/www.cambe.pr.gov.br\\\/wp-content\\\/uploads\\\/2025\\\/01\\\/Imagem-do-WhatsApp-de-2025-01-31-as-15.23.43_3afd0322-1024x768.jpg\",\"articleSection\":[\"Principal\"],\"inLanguage\":\"pt-BR\"},{\"@type\":\"WebPage\",\"@id\":\"https:\\\/\\\/www.cambe.pr.gov.br\\\/index.php\\\/atendimentos-odontologicos-do-ceoc-mudam-de-local-a-partir-de-segunda-feira-3\\\/\",\"url\":\"https:\\\/\\\/www.cambe.pr.gov.br\\\/index.php\\\/atendimentos-odontologicos-do-ceoc-mudam-de-local-a-partir-de-segunda-feira-3\\\/\",\"name\":\"Atendimentos odontol\u00f3gicos do CEOC mudam de local a partir de segunda-feira (3) - Prefeitura de Camb\u00e9\",\"isPartOf\":{\"@id\":\"https:\\\/\\\/www.cambe.pr.gov.br\\\/#website\"},\"primaryImageOfPage\":{\"@id\":\"https:\\\/\\\/www.cambe.pr.gov.br\\\/index.php\\\/atendimentos-odontologicos-do-ceoc-mudam-de-local-a-partir-de-segunda-feira-3\\\/#primaryimage\"},\"image\":{\"@id\":\"https:\\\/\\\/www.cambe.pr.gov.br\\\/index.php\\\/atendimentos-odontologicos-do-ceoc-mudam-de-local-a-partir-de-segunda-feira-3\\\/#primaryimage\"},\"thumbnailUrl\":\"https:\\\/\\\/www.cambe.pr.gov.br\\\/wp-content\\\/uploads\\\/2025\\\/01\\\/Imagem-do-WhatsApp-de-2025-01-31-as-15.23.43_3afd0322-1024x768.jpg\",\"datePublished\":\"2025-01-31T18:56:49+00:00\",\"breadcrumb\":{\"@id\":\"https:\\\/\\\/www.cambe.pr.gov.br\\\/index.php\\\/atendimentos-odontologicos-do-ceoc-mudam-de-local-a-partir-de-segunda-feira-3\\\/#breadcrumb\"},\"inLanguage\":\"pt-BR\",\"potentialAction\":[{\"@type\":\"ReadAction\",\"target\":[\"https:\\\/\\\/www.cambe.pr.gov.br\\\/index.php\\\/atendimentos-odontologicos-do-ceoc-mudam-de-local-a-partir-de-segunda-feira-3\\\/\"]}]},{\"@type\":\"ImageObject\",\"inLanguage\":\"pt-BR\",\"@id\":\"https:\\\/\\\/www.cambe.pr.gov.br\\\/index.php\\\/atendimentos-odontologicos-do-ceoc-mudam-de-local-a-partir-de-segunda-feira-3\\\/#primaryimage\",\"url\":\"https:\\\/\\\/www.cambe.pr.gov.br\\\/wp-content\\\/uploads\\\/2025\\\/01\\\/Imagem-do-WhatsApp-de-2025-01-31-as-15.23.43_3afd0322.jpg\",\"contentUrl\":\"https:\\\/\\\/www.cambe.pr.gov.br\\\/wp-content\\\/uploads\\\/2025\\\/01\\\/Imagem-do-WhatsApp-de-2025-01-31-as-15.23.43_3afd0322.jpg\",\"width\":1600,\"height\":1200},{\"@type\":\"BreadcrumbList\",\"@id\":\"https:\\\/\\\/www.cambe.pr.gov.br\\\/index.php\\\/atendimentos-odontologicos-do-ceoc-mudam-de-local-a-partir-de-segunda-feira-3\\\/#breadcrumb\",\"itemListElement\":[{\"@type\":\"ListItem\",\"position\":1,\"name\":\"In\u00edcio\",\"item\":\"https:\\\/\\\/www.cambe.pr.gov.br\\\/\"},{\"@type\":\"ListItem\",\"position\":2,\"name\":\"Atendimentos odontol\u00f3gicos do CEOC mudam de local a partir de segunda-feira (3)\"}]},{\"@type\":\"WebSite\",\"@id\":\"https:\\\/\\\/www.cambe.pr.gov.br\\\/#website\",\"url\":\"https:\\\/\\\/www.cambe.pr.gov.br\\\/\",\"name\":\"Prefeitura de Camb\u00e9\",\"description\":\"UM GOVERNO PARA TODOS\",\"publisher\":{\"@id\":\"https:\\\/\\\/www.cambe.pr.gov.br\\\/#organization\"},\"potentialAction\":[{\"@type\":\"SearchAction\",\"target\":{\"@type\":\"EntryPoint\",\"urlTemplate\":\"https:\\\/\\\/www.cambe.pr.gov.br\\\/?s={search_term_string}\"},\"query-input\":{\"@type\":\"PropertyValueSpecification\",\"valueRequired\":true,\"valueName\":\"search_term_string\"}}],\"inLanguage\":\"pt-BR\"},{\"@type\":\"Organization\",\"@id\":\"https:\\\/\\\/www.cambe.pr.gov.br\\\/#organization\",\"name\":\"Prefeitura de Camb\u00e9\",\"url\":\"https:\\\/\\\/www.cambe.pr.gov.br\\\/\",\"logo\":{\"@type\":\"ImageObject\",\"inLanguage\":\"pt-BR\",\"@id\":\"https:\\\/\\\/www.cambe.pr.gov.br\\\/#\\\/schema\\\/logo\\\/image\\\/\",\"url\":\"https:\\\/\\\/www.cambe.pr.gov.br\\\/wp-content\\\/uploads\\\/2021\\\/01\\\/cropped-cropped-cambe_brazao-icone.png\",\"contentUrl\":\"https:\\\/\\\/www.cambe.pr.gov.br\\\/wp-content\\\/uploads\\\/2021\\\/01\\\/cropped-cropped-cambe_brazao-icone.png\",\"width\":240,\"height\":240,\"caption\":\"Prefeitura de Camb\u00e9\"},\"image\":{\"@id\":\"https:\\\/\\\/www.cambe.pr.gov.br\\\/#\\\/schema\\\/logo\\\/image\\\/\"},\"sameAs\":[\"https:\\\/\\\/m.facebook.com\\\/prefeituradecambe\"]},{\"@type\":\"Person\",\"@id\":\"https:\\\/\\\/www.cambe.pr.gov.br\\\/#\\\/schema\\\/person\\\/8e3ee69cb2cadf4b9f8377407227effd\",\"name\":\"Vinicius Augusto Batista Eira\",\"image\":{\"@type\":\"ImageObject\",\"inLanguage\":\"pt-BR\",\"@id\":\"https:\\\/\\\/secure.gravatar.com\\\/avatar\\\/1ec500de7013b30e1d4d7c8c3978f0e4433c37e5d5e4cd186239369c6440122b?s=96&d=mm&r=g\",\"url\":\"https:\\\/\\\/secure.gravatar.com\\\/avatar\\\/1ec500de7013b30e1d4d7c8c3978f0e4433c37e5d5e4cd186239369c6440122b?s=96&d=mm&r=g\",\"contentUrl\":\"https:\\\/\\\/secure.gravatar.com\\\/avatar\\\/1ec500de7013b30e1d4d7c8c3978f0e4433c37e5d5e4cd186239369c6440122b?s=96&d=mm&r=g\",\"caption\":\"Vinicius Augusto Batista Eira\"},\"url\":\"https:\\\/\\\/www.cambe.pr.gov.br\\\/index.php\\\/author\\\/vabeira\\\/\"}]}<\/script>\n<!-- \/ Yoast SEO plugin. -->","yoast_head_json":{"title":"Atendimentos odontol\u00f3gicos do CEOC mudam de local a partir de segunda-feira (3) - Prefeitura de Camb\u00e9","robots":{"index":"index","follow":"follow","max-snippet":"max-snippet:-1","max-image-preview":"max-image-preview:large","max-video-preview":"max-video-preview:-1"},"canonical":"https:\/\/www.cambe.pr.gov.br\/index.php\/atendimentos-odontologicos-do-ceoc-mudam-de-local-a-partir-de-segunda-feira-3\/","og_locale":"pt_BR","og_type":"article","og_title":"Atendimentos odontol\u00f3gicos do CEOC mudam de local a partir de segunda-feira (3) - Prefeitura de Camb\u00e9","og_description":"A Secretaria Municipal de Sa\u00fade P\u00fablica informa que a partir desta segunda-feira (3), o Centro de Especialidades Odontol\u00f3gicas de Camb\u00e9 (CEOC) vai mudar o local de atendimentos. Hoje funcionando na estrutura do antigo Hospital Londrina, os servi\u00e7os ser\u00e3o divididos para onde era a antiga UBS Silvino e a atual UBS do Centro, garantindo mais seguran\u00e7a [&hellip;]","og_url":"https:\/\/www.cambe.pr.gov.br\/index.php\/atendimentos-odontologicos-do-ceoc-mudam-de-local-a-partir-de-segunda-feira-3\/","og_site_name":"Prefeitura de Camb\u00e9","article_publisher":"https:\/\/m.facebook.com\/prefeituradecambe","article_published_time":"2025-01-31T18:56:49+00:00","og_image":[{"url":"https:\/\/www.cambe.pr.gov.br\/wp-content\/uploads\/2025\/01\/Imagem-do-WhatsApp-de-2025-01-31-as-15.23.43_3afd0322-1024x768.jpg","type":"","width":"","height":""}],"author":"Vinicius Augusto Batista Eira","twitter_card":"summary_large_image","twitter_misc":{"Escrito por":"Vinicius Augusto Batista Eira","Est. tempo de leitura":"2 minutos"},"schema":{"@context":"https:\/\/schema.org","@graph":[{"@type":"Article","@id":"https:\/\/www.cambe.pr.gov.br\/index.php\/atendimentos-odontologicos-do-ceoc-mudam-de-local-a-partir-de-segunda-feira-3\/#article","isPartOf":{"@id":"https:\/\/www.cambe.pr.gov.br\/index.php\/atendimentos-odontologicos-do-ceoc-mudam-de-local-a-partir-de-segunda-feira-3\/"},"author":{"name":"Vinicius Augusto Batista Eira","@id":"https:\/\/www.cambe.pr.gov.br\/#\/schema\/person\/8e3ee69cb2cadf4b9f8377407227effd"},"headline":"Atendimentos odontol\u00f3gicos do CEOC mudam de local a partir de segunda-feira (3)","datePublished":"2025-01-31T18:56:49+00:00","mainEntityOfPage":{"@id":"https:\/\/www.cambe.pr.gov.br\/index.php\/atendimentos-odontologicos-do-ceoc-mudam-de-local-a-partir-de-segunda-feira-3\/"},"wordCount":257,"publisher":{"@id":"https:\/\/www.cambe.pr.gov.br\/#organization"},"image":{"@id":"https:\/\/www.cambe.pr.gov.br\/index.php\/atendimentos-odontologicos-do-ceoc-mudam-de-local-a-partir-de-segunda-feira-3\/#primaryimage"},"thumbnailUrl":"https:\/\/www.cambe.pr.gov.br\/wp-content\/uploads\/2025\/01\/Imagem-do-WhatsApp-de-2025-01-31-as-15.23.43_3afd0322-1024x768.jpg","articleSection":["Principal"],"inLanguage":"pt-BR"},{"@type":"WebPage","@id":"https:\/\/www.cambe.pr.gov.br\/index.php\/atendimentos-odontologicos-do-ceoc-mudam-de-local-a-partir-de-segunda-feira-3\/","url":"https:\/\/www.cambe.pr.gov.br\/index.php\/atendimentos-odontologicos-do-ceoc-mudam-de-local-a-partir-de-segunda-feira-3\/","name":"Atendimentos odontol\u00f3gicos do CEOC mudam de local a partir de segunda-feira (3) - Prefeitura de Camb\u00e9","isPartOf":{"@id":"https:\/\/www.cambe.pr.gov.br\/#website"},"primaryImageOfPage":{"@id":"https:\/\/www.cambe.pr.gov.br\/index.php\/atendimentos-odontologicos-do-ceoc-mudam-de-local-a-partir-de-segunda-feira-3\/#primaryimage"},"image":{"@id":"https:\/\/www.cambe.pr.gov.br\/index.php\/atendimentos-odontologicos-do-ceoc-mudam-de-local-a-partir-de-segunda-feira-3\/#primaryimage"},"thumbnailUrl":"https:\/\/www.cambe.pr.gov.br\/wp-content\/uploads\/2025\/01\/Imagem-do-WhatsApp-de-2025-01-31-as-15.23.43_3afd0322-1024x768.jpg","datePublished":"2025-01-31T18:56:49+00:00","breadcrumb":{"@id":"https:\/\/www.cambe.pr.gov.br\/index.php\/atendimentos-odontologicos-do-ceoc-mudam-de-local-a-partir-de-segunda-feira-3\/#breadcrumb"},"inLanguage":"pt-BR","potentialAction":[{"@type":"ReadAction","target":["https:\/\/www.cambe.pr.gov.br\/index.php\/atendimentos-odontologicos-do-ceoc-mudam-de-local-a-partir-de-segunda-feira-3\/"]}]},{"@type":"ImageObject","inLanguage":"pt-BR","@id":"https:\/\/www.cambe.pr.gov.br\/index.php\/atendimentos-odontologicos-do-ceoc-mudam-de-local-a-partir-de-segunda-feira-3\/#primaryimage","url":"https:\/\/www.cambe.pr.gov.br\/wp-content\/uploads\/2025\/01\/Imagem-do-WhatsApp-de-2025-01-31-as-15.23.43_3afd0322.jpg","contentUrl":"https:\/\/www.cambe.pr.gov.br\/wp-content\/uploads\/2025\/01\/Imagem-do-WhatsApp-de-2025-01-31-as-15.23.43_3afd0322.jpg","width":1600,"height":1200},{"@type":"BreadcrumbList","@id":"https:\/\/www.cambe.pr.gov.br\/index.php\/atendimentos-odontologicos-do-ceoc-mudam-de-local-a-partir-de-segunda-feira-3\/#breadcrumb","itemListElement":[{"@type":"ListItem","position":1,"name":"In\u00edcio","item":"https:\/\/www.cambe.pr.gov.br\/"},{"@type":"ListItem","position":2,"name":"Atendimentos odontol\u00f3gicos do CEOC mudam de local a partir de segunda-feira (3)"}]},{"@type":"WebSite","@id":"https:\/\/www.cambe.pr.gov.br\/#website","url":"https:\/\/www.cambe.pr.gov.br\/","name":"Prefeitura de Camb\u00e9","description":"UM GOVERNO PARA TODOS","publisher":{"@id":"https:\/\/www.cambe.pr.gov.br\/#organization"},"potentialAction":[{"@type":"SearchAction","target":{"@type":"EntryPoint","urlTemplate":"https:\/\/www.cambe.pr.gov.br\/?s={search_term_string}"},"query-input":{"@type":"PropertyValueSpecification","valueRequired":true,"valueName":"search_term_string"}}],"inLanguage":"pt-BR"},{"@type":"Organization","@id":"https:\/\/www.cambe.pr.gov.br\/#organization","name":"Prefeitura de Camb\u00e9","url":"https:\/\/www.cambe.pr.gov.br\/","logo":{"@type":"ImageObject","inLanguage":"pt-BR","@id":"https:\/\/www.cambe.pr.gov.br\/#\/schema\/logo\/image\/","url":"https:\/\/www.cambe.pr.gov.br\/wp-content\/uploads\/2021\/01\/cropped-cropped-cambe_brazao-icone.png","contentUrl":"https:\/\/www.cambe.pr.gov.br\/wp-content\/uploads\/2021\/01\/cropped-cropped-cambe_brazao-icone.png","width":240,"height":240,"caption":"Prefeitura de Camb\u00e9"},"image":{"@id":"https:\/\/www.cambe.pr.gov.br\/#\/schema\/logo\/image\/"},"sameAs":["https:\/\/m.facebook.com\/prefeituradecambe"]},{"@type":"Person","@id":"https:\/\/www.cambe.pr.gov.br\/#\/schema\/person\/8e3ee69cb2cadf4b9f8377407227effd","name":"Vinicius Augusto Batista Eira","image":{"@type":"ImageObject","inLanguage":"pt-BR","@id":"https:\/\/secure.gravatar.com\/avatar\/1ec500de7013b30e1d4d7c8c3978f0e4433c37e5d5e4cd186239369c6440122b?s=96&d=mm&r=g","url":"https:\/\/secure.gravatar.com\/avatar\/1ec500de7013b30e1d4d7c8c3978f0e4433c37e5d5e4cd186239369c6440122b?s=96&d=mm&r=g","contentUrl":"https:\/\/secure.gravatar.com\/avatar\/1ec500de7013b30e1d4d7c8c3978f0e4433c37e5d5e4cd186239369c6440122b?s=96&d=mm&r=g","caption":"Vinicius Augusto Batista Eira"},"url":"https:\/\/www.cambe.pr.gov.br\/index.php\/author\/vabeira\/"}]}},"_links":{"self":[{"href":"https:\/\/www.cambe.pr.gov.br\/index.php\/wp-json\/wp\/v2\/posts\/15981","targetHints":{"allow":["GET"]}}],"collection":[{"href":"https:\/\/www.cambe.pr.gov.br\/index.php\/wp-json\/wp\/v2\/posts"}],"about":[{"href":"https:\/\/www.cambe.pr.gov.br\/index.php\/wp-json\/wp\/v2\/types\/post"}],"author":[{"embeddable":true,"href":"https:\/\/www.cambe.pr.gov.br\/index.php\/wp-json\/wp\/v2\/users\/16"}],"replies":[{"embeddable":true,"href":"https:\/\/www.cambe.pr.gov.br\/index.php\/wp-json\/wp\/v2\/comments?post=15981"}],"version-history":[{"count":1,"href":"https:\/\/www.cambe.pr.gov.br\/index.php\/wp-json\/wp\/v2\/posts\/15981\/revisions"}],"predecessor-version":[{"id":15983,"href":"https:\/\/www.cambe.pr.gov.br\/index.php\/wp-json\/wp\/v2\/posts\/15981\/revisions\/15983"}],"wp:attachment":[{"href":"https:\/\/www.cambe.pr.gov.br\/index.php\/wp-json\/wp\/v2\/media?parent=15981"}],"wp:term":[{"taxonomy":"category","embeddable":true,"href":"https:\/\/www.cambe.pr.gov.br\/index.php\/wp-json\/wp\/v2\/categories?post=15981"},{"taxonomy":"post_tag","embeddable":true,"href":"https:\/\/www.cambe.pr.gov.br\/index.php\/wp-json\/wp\/v2\/tags?post=15981"}],"curies":[{"name":"wp","href":"https:\/\/api.w.org\/{rel}","templated":true}]}}