{"id":15973,"date":"2025-01-30T14:51:50","date_gmt":"2025-01-30T17:51:50","guid":{"rendered":"https:\/\/www.cambe.pr.gov.br\/?p=15973"},"modified":"2025-01-30T14:59:40","modified_gmt":"2025-01-30T17:59:40","slug":"inscricoes-para-concurso-de-professores-se-encerram-na-proxima-quarta-feira-5","status":"publish","type":"post","link":"https:\/\/www.cambe.pr.gov.br\/index.php\/inscricoes-para-concurso-de-professores-se-encerram-na-proxima-quarta-feira-5\/","title":{"rendered":"Inscri\u00e7\u00f5es para concurso de professores se encerram na pr\u00f3xima quarta-feira (5)"},"content":{"rendered":"<p style=\"text-align: justify;\"><span style=\"font-weight: 400; font-family: arial, helvetica, sans-serif;\"><img fetchpriority=\"high\" decoding=\"async\" class=\"alignleft size-large wp-image-15781\" src=\"https:\/\/www.cambe.pr.gov.br\/wp-content\/uploads\/2025\/01\/DSC_5392-1024x681.jpg\" alt=\"\" width=\"610\" height=\"406\" srcset=\"https:\/\/www.cambe.pr.gov.br\/wp-content\/uploads\/2025\/01\/DSC_5392-1024x681.jpg 1024w, https:\/\/www.cambe.pr.gov.br\/wp-content\/uploads\/2025\/01\/DSC_5392-300x199.jpg 300w, https:\/\/www.cambe.pr.gov.br\/wp-content\/uploads\/2025\/01\/DSC_5392-768x511.jpg 768w, https:\/\/www.cambe.pr.gov.br\/wp-content\/uploads\/2025\/01\/DSC_5392-1536x1021.jpg 1536w, https:\/\/www.cambe.pr.gov.br\/wp-content\/uploads\/2025\/01\/DSC_5392-2048x1362.jpg 2048w\" sizes=\"(max-width: 610px) 100vw, 610px\" \/>Se encerram na pr\u00f3xima quarta-feira (5) as inscri\u00e7\u00f5es para Concurso P\u00fablico destinada \u00e0 contrata\u00e7\u00e3o de 23 professores para a rede municipal de ensino. Ao todo, s\u00e3o 18 vagas para professores de Artes, cinco vagas para professores de Educa\u00e7\u00e3o F\u00edsica, e tamb\u00e9m cadastro de reserva para professores de Educa\u00e7\u00e3o Infantil e Ensino Fundamental. No total, est\u00e3o inclu\u00eddas aquelas reservadas para ampla concorr\u00eancia, pessoas com defici\u00eancia e candidatos negros. As inscri\u00e7\u00f5es podem ser feitas exclusivamente pelo site do Instituto UniFil, <a href=\"https:\/\/www.institutounifil.com.br\/concurso\/pre\/inscricao\/159\" target=\"_blank\" rel=\"noopener\"><strong>clicando aqui<\/strong><\/a>.<\/span><\/p>\n<p style=\"text-align: justify;\"><span style=\"font-weight: 400; font-family: arial, helvetica, sans-serif;\">Para participar, o candidato deve possuir curso superior em Pedagogia ou licenciatura na \u00e1rea correspondente \u00e0 vaga pretendida. Os aprovados dever\u00e3o cumprir jornadas de trabalho de 20 a 40 horas semanais e receber\u00e3o remunera\u00e7\u00e3o que varia entre R$ 2.309,74 e R$ 4.619,47, acrescida de aux\u00edlio-alimenta\u00e7\u00e3o no valor de R$ 418,00.<\/span><\/p>\n<p style=\"text-align: justify;\"><span style=\"font-weight: 400; font-family: arial, helvetica, sans-serif;\">O concurso ser\u00e1 composto por tr\u00eas etapas: prova objetiva e prova discursiva, ambas de car\u00e1ter eliminat\u00f3rio e classificat\u00f3rio; e prova de t\u00edtulos, de car\u00e1ter classificat\u00f3rio. A aplica\u00e7\u00e3o das provas objetivas e discursivas ser\u00e1 no dia 9 de mar\u00e7o, com quest\u00f5es de l\u00edngua portuguesa, matem\u00e1tica, inform\u00e1tica b\u00e1sica e conhecimentos espec\u00edficos.<\/span><\/p>\n<p style=\"text-align: justify;\"><span style=\"font-weight: 400; font-family: arial, helvetica, sans-serif;\">A secret\u00e1ria municipal de Educa\u00e7\u00e3o e Cultura, Estela Camata, ressaltou que a expectativa \u00e9 que esses professores j\u00e1 comecem a atuar no segundo semestre de 2025, garantindo ainda mais um fortalecimento da rede. \u201cIsso porque at\u00e9 o final desse ano vamos entregar o CMEI ali na regi\u00e3o do Ana Rosa, que vai abrir vagas para 180 crian\u00e7as. Temos ainda o Santa Isabel, que apesar de j\u00e1 ter professores, podemos precisar ampliar alguma coisa. E temos mais dois CMEIs que devem iniciar a constru\u00e7\u00e3o ainda em 2025, no Ecoville e no Jardim Europa. Ent\u00e3o, estamos contando com amplia\u00e7\u00e3o de novas unidades e precisamos desses profissionais\u201d, disse.<\/span><\/p>\n<p style=\"text-align: justify;\"><span style=\"font-weight: 400; font-family: arial, helvetica, sans-serif;\">Para mais informa\u00e7\u00f5es, os candidatos devem acessar o edital completo no site da Prefeitura atrav\u00e9s <a href=\"https:\/\/www.cambe.pr.gov.br\/index.php\/concurso-001-2025\/\" target=\"_blank\" rel=\"noopener\"><strong>deste link<\/strong><\/a>.<\/span><\/p>\n","protected":false},"excerpt":{"rendered":"<p>Se encerram na pr\u00f3xima quarta-feira (5) as inscri\u00e7\u00f5es para Concurso P\u00fablico destinada \u00e0 contrata\u00e7\u00e3o de 23 professores para a rede municipal de ensino. Ao todo, s\u00e3o 18 vagas para professores de Artes, cinco vagas para professores de Educa\u00e7\u00e3o F\u00edsica, e tamb\u00e9m cadastro de reserva para professores de Educa\u00e7\u00e3o Infantil e Ensino Fundamental. No total, est\u00e3o [&hellip;]<\/p>\n","protected":false},"author":16,"featured_media":0,"comment_status":"closed","ping_status":"closed","sticky":false,"template":"","format":"standard","meta":{"ngg_post_thumbnail":0,"footnotes":""},"categories":[1],"tags":[],"class_list":["post-15973","post","type-post","status-publish","format-standard","hentry","category-principal"],"yoast_head":"<!-- This site is optimized with the Yoast SEO plugin v27.4 - https:\/\/yoast.com\/product\/yoast-seo-wordpress\/ -->\n<title>Inscri\u00e7\u00f5es para concurso de professores se encerram na pr\u00f3xima quarta-feira (5) - Prefeitura de Camb\u00e9<\/title>\n<meta name=\"robots\" content=\"index, follow, max-snippet:-1, max-image-preview:large, max-video-preview:-1\" \/>\n<link rel=\"canonical\" href=\"https:\/\/www.cambe.pr.gov.br\/index.php\/inscricoes-para-concurso-de-professores-se-encerram-na-proxima-quarta-feira-5\/\" \/>\n<meta property=\"og:locale\" content=\"pt_BR\" \/>\n<meta property=\"og:type\" content=\"article\" \/>\n<meta property=\"og:title\" content=\"Inscri\u00e7\u00f5es para concurso de professores se encerram na pr\u00f3xima quarta-feira (5) - Prefeitura de Camb\u00e9\" \/>\n<meta property=\"og:description\" content=\"Se encerram na pr\u00f3xima quarta-feira (5) as inscri\u00e7\u00f5es para Concurso P\u00fablico destinada \u00e0 contrata\u00e7\u00e3o de 23 professores para a rede municipal de ensino. Ao todo, s\u00e3o 18 vagas para professores de Artes, cinco vagas para professores de Educa\u00e7\u00e3o F\u00edsica, e tamb\u00e9m cadastro de reserva para professores de Educa\u00e7\u00e3o Infantil e Ensino Fundamental. No total, est\u00e3o [&hellip;]\" \/>\n<meta property=\"og:url\" content=\"https:\/\/www.cambe.pr.gov.br\/index.php\/inscricoes-para-concurso-de-professores-se-encerram-na-proxima-quarta-feira-5\/\" \/>\n<meta property=\"og:site_name\" content=\"Prefeitura de Camb\u00e9\" \/>\n<meta property=\"article:publisher\" content=\"https:\/\/m.facebook.com\/prefeituradecambe\" \/>\n<meta property=\"article:published_time\" content=\"2025-01-30T17:51:50+00:00\" \/>\n<meta property=\"article:modified_time\" content=\"2025-01-30T17:59:40+00:00\" \/>\n<meta property=\"og:image\" content=\"https:\/\/www.cambe.pr.gov.br\/wp-content\/uploads\/2025\/01\/DSC_5392-1024x681.jpg\" \/>\n<meta name=\"author\" content=\"Vinicius Augusto Batista Eira\" \/>\n<meta name=\"twitter:card\" content=\"summary_large_image\" \/>\n<meta name=\"twitter:label1\" content=\"Escrito por\" \/>\n\t<meta name=\"twitter:data1\" content=\"Vinicius Augusto Batista Eira\" \/>\n\t<meta name=\"twitter:label2\" content=\"Est. tempo de leitura\" \/>\n\t<meta name=\"twitter:data2\" content=\"2 minutos\" \/>\n<script type=\"application\/ld+json\" class=\"yoast-schema-graph\">{\"@context\":\"https:\\\/\\\/schema.org\",\"@graph\":[{\"@type\":\"Article\",\"@id\":\"https:\\\/\\\/www.cambe.pr.gov.br\\\/index.php\\\/inscricoes-para-concurso-de-professores-se-encerram-na-proxima-quarta-feira-5\\\/#article\",\"isPartOf\":{\"@id\":\"https:\\\/\\\/www.cambe.pr.gov.br\\\/index.php\\\/inscricoes-para-concurso-de-professores-se-encerram-na-proxima-quarta-feira-5\\\/\"},\"author\":{\"name\":\"Vinicius Augusto Batista Eira\",\"@id\":\"https:\\\/\\\/www.cambe.pr.gov.br\\\/#\\\/schema\\\/person\\\/8e3ee69cb2cadf4b9f8377407227effd\"},\"headline\":\"Inscri\u00e7\u00f5es para concurso de professores se encerram na pr\u00f3xima quarta-feira (5)\",\"datePublished\":\"2025-01-30T17:51:50+00:00\",\"dateModified\":\"2025-01-30T17:59:40+00:00\",\"mainEntityOfPage\":{\"@id\":\"https:\\\/\\\/www.cambe.pr.gov.br\\\/index.php\\\/inscricoes-para-concurso-de-professores-se-encerram-na-proxima-quarta-feira-5\\\/\"},\"wordCount\":341,\"publisher\":{\"@id\":\"https:\\\/\\\/www.cambe.pr.gov.br\\\/#organization\"},\"image\":{\"@id\":\"https:\\\/\\\/www.cambe.pr.gov.br\\\/index.php\\\/inscricoes-para-concurso-de-professores-se-encerram-na-proxima-quarta-feira-5\\\/#primaryimage\"},\"thumbnailUrl\":\"https:\\\/\\\/www.cambe.pr.gov.br\\\/wp-content\\\/uploads\\\/2025\\\/01\\\/DSC_5392-1024x681.jpg\",\"articleSection\":[\"Principal\"],\"inLanguage\":\"pt-BR\"},{\"@type\":\"WebPage\",\"@id\":\"https:\\\/\\\/www.cambe.pr.gov.br\\\/index.php\\\/inscricoes-para-concurso-de-professores-se-encerram-na-proxima-quarta-feira-5\\\/\",\"url\":\"https:\\\/\\\/www.cambe.pr.gov.br\\\/index.php\\\/inscricoes-para-concurso-de-professores-se-encerram-na-proxima-quarta-feira-5\\\/\",\"name\":\"Inscri\u00e7\u00f5es para concurso de professores se encerram na pr\u00f3xima quarta-feira (5) - Prefeitura de Camb\u00e9\",\"isPartOf\":{\"@id\":\"https:\\\/\\\/www.cambe.pr.gov.br\\\/#website\"},\"primaryImageOfPage\":{\"@id\":\"https:\\\/\\\/www.cambe.pr.gov.br\\\/index.php\\\/inscricoes-para-concurso-de-professores-se-encerram-na-proxima-quarta-feira-5\\\/#primaryimage\"},\"image\":{\"@id\":\"https:\\\/\\\/www.cambe.pr.gov.br\\\/index.php\\\/inscricoes-para-concurso-de-professores-se-encerram-na-proxima-quarta-feira-5\\\/#primaryimage\"},\"thumbnailUrl\":\"https:\\\/\\\/www.cambe.pr.gov.br\\\/wp-content\\\/uploads\\\/2025\\\/01\\\/DSC_5392-1024x681.jpg\",\"datePublished\":\"2025-01-30T17:51:50+00:00\",\"dateModified\":\"2025-01-30T17:59:40+00:00\",\"breadcrumb\":{\"@id\":\"https:\\\/\\\/www.cambe.pr.gov.br\\\/index.php\\\/inscricoes-para-concurso-de-professores-se-encerram-na-proxima-quarta-feira-5\\\/#breadcrumb\"},\"inLanguage\":\"pt-BR\",\"potentialAction\":[{\"@type\":\"ReadAction\",\"target\":[\"https:\\\/\\\/www.cambe.pr.gov.br\\\/index.php\\\/inscricoes-para-concurso-de-professores-se-encerram-na-proxima-quarta-feira-5\\\/\"]}]},{\"@type\":\"ImageObject\",\"inLanguage\":\"pt-BR\",\"@id\":\"https:\\\/\\\/www.cambe.pr.gov.br\\\/index.php\\\/inscricoes-para-concurso-de-professores-se-encerram-na-proxima-quarta-feira-5\\\/#primaryimage\",\"url\":\"https:\\\/\\\/www.cambe.pr.gov.br\\\/wp-content\\\/uploads\\\/2025\\\/01\\\/DSC_5392-scaled.jpg\",\"contentUrl\":\"https:\\\/\\\/www.cambe.pr.gov.br\\\/wp-content\\\/uploads\\\/2025\\\/01\\\/DSC_5392-scaled.jpg\",\"width\":2560,\"height\":1702},{\"@type\":\"BreadcrumbList\",\"@id\":\"https:\\\/\\\/www.cambe.pr.gov.br\\\/index.php\\\/inscricoes-para-concurso-de-professores-se-encerram-na-proxima-quarta-feira-5\\\/#breadcrumb\",\"itemListElement\":[{\"@type\":\"ListItem\",\"position\":1,\"name\":\"In\u00edcio\",\"item\":\"https:\\\/\\\/www.cambe.pr.gov.br\\\/\"},{\"@type\":\"ListItem\",\"position\":2,\"name\":\"Inscri\u00e7\u00f5es para concurso de professores se encerram na pr\u00f3xima quarta-feira (5)\"}]},{\"@type\":\"WebSite\",\"@id\":\"https:\\\/\\\/www.cambe.pr.gov.br\\\/#website\",\"url\":\"https:\\\/\\\/www.cambe.pr.gov.br\\\/\",\"name\":\"Prefeitura de Camb\u00e9\",\"description\":\"UM GOVERNO PARA TODOS\",\"publisher\":{\"@id\":\"https:\\\/\\\/www.cambe.pr.gov.br\\\/#organization\"},\"potentialAction\":[{\"@type\":\"SearchAction\",\"target\":{\"@type\":\"EntryPoint\",\"urlTemplate\":\"https:\\\/\\\/www.cambe.pr.gov.br\\\/?s={search_term_string}\"},\"query-input\":{\"@type\":\"PropertyValueSpecification\",\"valueRequired\":true,\"valueName\":\"search_term_string\"}}],\"inLanguage\":\"pt-BR\"},{\"@type\":\"Organization\",\"@id\":\"https:\\\/\\\/www.cambe.pr.gov.br\\\/#organization\",\"name\":\"Prefeitura de Camb\u00e9\",\"url\":\"https:\\\/\\\/www.cambe.pr.gov.br\\\/\",\"logo\":{\"@type\":\"ImageObject\",\"inLanguage\":\"pt-BR\",\"@id\":\"https:\\\/\\\/www.cambe.pr.gov.br\\\/#\\\/schema\\\/logo\\\/image\\\/\",\"url\":\"https:\\\/\\\/www.cambe.pr.gov.br\\\/wp-content\\\/uploads\\\/2021\\\/01\\\/cropped-cropped-cambe_brazao-icone.png\",\"contentUrl\":\"https:\\\/\\\/www.cambe.pr.gov.br\\\/wp-content\\\/uploads\\\/2021\\\/01\\\/cropped-cropped-cambe_brazao-icone.png\",\"width\":240,\"height\":240,\"caption\":\"Prefeitura de Camb\u00e9\"},\"image\":{\"@id\":\"https:\\\/\\\/www.cambe.pr.gov.br\\\/#\\\/schema\\\/logo\\\/image\\\/\"},\"sameAs\":[\"https:\\\/\\\/m.facebook.com\\\/prefeituradecambe\"]},{\"@type\":\"Person\",\"@id\":\"https:\\\/\\\/www.cambe.pr.gov.br\\\/#\\\/schema\\\/person\\\/8e3ee69cb2cadf4b9f8377407227effd\",\"name\":\"Vinicius Augusto Batista Eira\",\"image\":{\"@type\":\"ImageObject\",\"inLanguage\":\"pt-BR\",\"@id\":\"https:\\\/\\\/secure.gravatar.com\\\/avatar\\\/1ec500de7013b30e1d4d7c8c3978f0e4433c37e5d5e4cd186239369c6440122b?s=96&d=mm&r=g\",\"url\":\"https:\\\/\\\/secure.gravatar.com\\\/avatar\\\/1ec500de7013b30e1d4d7c8c3978f0e4433c37e5d5e4cd186239369c6440122b?s=96&d=mm&r=g\",\"contentUrl\":\"https:\\\/\\\/secure.gravatar.com\\\/avatar\\\/1ec500de7013b30e1d4d7c8c3978f0e4433c37e5d5e4cd186239369c6440122b?s=96&d=mm&r=g\",\"caption\":\"Vinicius Augusto Batista Eira\"},\"url\":\"https:\\\/\\\/www.cambe.pr.gov.br\\\/index.php\\\/author\\\/vabeira\\\/\"}]}<\/script>\n<!-- \/ Yoast SEO plugin. -->","yoast_head_json":{"title":"Inscri\u00e7\u00f5es para concurso de professores se encerram na pr\u00f3xima quarta-feira (5) - Prefeitura de Camb\u00e9","robots":{"index":"index","follow":"follow","max-snippet":"max-snippet:-1","max-image-preview":"max-image-preview:large","max-video-preview":"max-video-preview:-1"},"canonical":"https:\/\/www.cambe.pr.gov.br\/index.php\/inscricoes-para-concurso-de-professores-se-encerram-na-proxima-quarta-feira-5\/","og_locale":"pt_BR","og_type":"article","og_title":"Inscri\u00e7\u00f5es para concurso de professores se encerram na pr\u00f3xima quarta-feira (5) - Prefeitura de Camb\u00e9","og_description":"Se encerram na pr\u00f3xima quarta-feira (5) as inscri\u00e7\u00f5es para Concurso P\u00fablico destinada \u00e0 contrata\u00e7\u00e3o de 23 professores para a rede municipal de ensino. Ao todo, s\u00e3o 18 vagas para professores de Artes, cinco vagas para professores de Educa\u00e7\u00e3o F\u00edsica, e tamb\u00e9m cadastro de reserva para professores de Educa\u00e7\u00e3o Infantil e Ensino Fundamental. No total, est\u00e3o [&hellip;]","og_url":"https:\/\/www.cambe.pr.gov.br\/index.php\/inscricoes-para-concurso-de-professores-se-encerram-na-proxima-quarta-feira-5\/","og_site_name":"Prefeitura de Camb\u00e9","article_publisher":"https:\/\/m.facebook.com\/prefeituradecambe","article_published_time":"2025-01-30T17:51:50+00:00","article_modified_time":"2025-01-30T17:59:40+00:00","og_image":[{"url":"https:\/\/www.cambe.pr.gov.br\/wp-content\/uploads\/2025\/01\/DSC_5392-1024x681.jpg","type":"","width":"","height":""}],"author":"Vinicius Augusto Batista Eira","twitter_card":"summary_large_image","twitter_misc":{"Escrito por":"Vinicius Augusto Batista Eira","Est. tempo de leitura":"2 minutos"},"schema":{"@context":"https:\/\/schema.org","@graph":[{"@type":"Article","@id":"https:\/\/www.cambe.pr.gov.br\/index.php\/inscricoes-para-concurso-de-professores-se-encerram-na-proxima-quarta-feira-5\/#article","isPartOf":{"@id":"https:\/\/www.cambe.pr.gov.br\/index.php\/inscricoes-para-concurso-de-professores-se-encerram-na-proxima-quarta-feira-5\/"},"author":{"name":"Vinicius Augusto Batista Eira","@id":"https:\/\/www.cambe.pr.gov.br\/#\/schema\/person\/8e3ee69cb2cadf4b9f8377407227effd"},"headline":"Inscri\u00e7\u00f5es para concurso de professores se encerram na pr\u00f3xima quarta-feira (5)","datePublished":"2025-01-30T17:51:50+00:00","dateModified":"2025-01-30T17:59:40+00:00","mainEntityOfPage":{"@id":"https:\/\/www.cambe.pr.gov.br\/index.php\/inscricoes-para-concurso-de-professores-se-encerram-na-proxima-quarta-feira-5\/"},"wordCount":341,"publisher":{"@id":"https:\/\/www.cambe.pr.gov.br\/#organization"},"image":{"@id":"https:\/\/www.cambe.pr.gov.br\/index.php\/inscricoes-para-concurso-de-professores-se-encerram-na-proxima-quarta-feira-5\/#primaryimage"},"thumbnailUrl":"https:\/\/www.cambe.pr.gov.br\/wp-content\/uploads\/2025\/01\/DSC_5392-1024x681.jpg","articleSection":["Principal"],"inLanguage":"pt-BR"},{"@type":"WebPage","@id":"https:\/\/www.cambe.pr.gov.br\/index.php\/inscricoes-para-concurso-de-professores-se-encerram-na-proxima-quarta-feira-5\/","url":"https:\/\/www.cambe.pr.gov.br\/index.php\/inscricoes-para-concurso-de-professores-se-encerram-na-proxima-quarta-feira-5\/","name":"Inscri\u00e7\u00f5es para concurso de professores se encerram na pr\u00f3xima quarta-feira (5) - Prefeitura de Camb\u00e9","isPartOf":{"@id":"https:\/\/www.cambe.pr.gov.br\/#website"},"primaryImageOfPage":{"@id":"https:\/\/www.cambe.pr.gov.br\/index.php\/inscricoes-para-concurso-de-professores-se-encerram-na-proxima-quarta-feira-5\/#primaryimage"},"image":{"@id":"https:\/\/www.cambe.pr.gov.br\/index.php\/inscricoes-para-concurso-de-professores-se-encerram-na-proxima-quarta-feira-5\/#primaryimage"},"thumbnailUrl":"https:\/\/www.cambe.pr.gov.br\/wp-content\/uploads\/2025\/01\/DSC_5392-1024x681.jpg","datePublished":"2025-01-30T17:51:50+00:00","dateModified":"2025-01-30T17:59:40+00:00","breadcrumb":{"@id":"https:\/\/www.cambe.pr.gov.br\/index.php\/inscricoes-para-concurso-de-professores-se-encerram-na-proxima-quarta-feira-5\/#breadcrumb"},"inLanguage":"pt-BR","potentialAction":[{"@type":"ReadAction","target":["https:\/\/www.cambe.pr.gov.br\/index.php\/inscricoes-para-concurso-de-professores-se-encerram-na-proxima-quarta-feira-5\/"]}]},{"@type":"ImageObject","inLanguage":"pt-BR","@id":"https:\/\/www.cambe.pr.gov.br\/index.php\/inscricoes-para-concurso-de-professores-se-encerram-na-proxima-quarta-feira-5\/#primaryimage","url":"https:\/\/www.cambe.pr.gov.br\/wp-content\/uploads\/2025\/01\/DSC_5392-scaled.jpg","contentUrl":"https:\/\/www.cambe.pr.gov.br\/wp-content\/uploads\/2025\/01\/DSC_5392-scaled.jpg","width":2560,"height":1702},{"@type":"BreadcrumbList","@id":"https:\/\/www.cambe.pr.gov.br\/index.php\/inscricoes-para-concurso-de-professores-se-encerram-na-proxima-quarta-feira-5\/#breadcrumb","itemListElement":[{"@type":"ListItem","position":1,"name":"In\u00edcio","item":"https:\/\/www.cambe.pr.gov.br\/"},{"@type":"ListItem","position":2,"name":"Inscri\u00e7\u00f5es para concurso de professores se encerram na pr\u00f3xima quarta-feira (5)"}]},{"@type":"WebSite","@id":"https:\/\/www.cambe.pr.gov.br\/#website","url":"https:\/\/www.cambe.pr.gov.br\/","name":"Prefeitura de Camb\u00e9","description":"UM GOVERNO PARA TODOS","publisher":{"@id":"https:\/\/www.cambe.pr.gov.br\/#organization"},"potentialAction":[{"@type":"SearchAction","target":{"@type":"EntryPoint","urlTemplate":"https:\/\/www.cambe.pr.gov.br\/?s={search_term_string}"},"query-input":{"@type":"PropertyValueSpecification","valueRequired":true,"valueName":"search_term_string"}}],"inLanguage":"pt-BR"},{"@type":"Organization","@id":"https:\/\/www.cambe.pr.gov.br\/#organization","name":"Prefeitura de Camb\u00e9","url":"https:\/\/www.cambe.pr.gov.br\/","logo":{"@type":"ImageObject","inLanguage":"pt-BR","@id":"https:\/\/www.cambe.pr.gov.br\/#\/schema\/logo\/image\/","url":"https:\/\/www.cambe.pr.gov.br\/wp-content\/uploads\/2021\/01\/cropped-cropped-cambe_brazao-icone.png","contentUrl":"https:\/\/www.cambe.pr.gov.br\/wp-content\/uploads\/2021\/01\/cropped-cropped-cambe_brazao-icone.png","width":240,"height":240,"caption":"Prefeitura de Camb\u00e9"},"image":{"@id":"https:\/\/www.cambe.pr.gov.br\/#\/schema\/logo\/image\/"},"sameAs":["https:\/\/m.facebook.com\/prefeituradecambe"]},{"@type":"Person","@id":"https:\/\/www.cambe.pr.gov.br\/#\/schema\/person\/8e3ee69cb2cadf4b9f8377407227effd","name":"Vinicius Augusto Batista Eira","image":{"@type":"ImageObject","inLanguage":"pt-BR","@id":"https:\/\/secure.gravatar.com\/avatar\/1ec500de7013b30e1d4d7c8c3978f0e4433c37e5d5e4cd186239369c6440122b?s=96&d=mm&r=g","url":"https:\/\/secure.gravatar.com\/avatar\/1ec500de7013b30e1d4d7c8c3978f0e4433c37e5d5e4cd186239369c6440122b?s=96&d=mm&r=g","contentUrl":"https:\/\/secure.gravatar.com\/avatar\/1ec500de7013b30e1d4d7c8c3978f0e4433c37e5d5e4cd186239369c6440122b?s=96&d=mm&r=g","caption":"Vinicius Augusto Batista Eira"},"url":"https:\/\/www.cambe.pr.gov.br\/index.php\/author\/vabeira\/"}]}},"_links":{"self":[{"href":"https:\/\/www.cambe.pr.gov.br\/index.php\/wp-json\/wp\/v2\/posts\/15973","targetHints":{"allow":["GET"]}}],"collection":[{"href":"https:\/\/www.cambe.pr.gov.br\/index.php\/wp-json\/wp\/v2\/posts"}],"about":[{"href":"https:\/\/www.cambe.pr.gov.br\/index.php\/wp-json\/wp\/v2\/types\/post"}],"author":[{"embeddable":true,"href":"https:\/\/www.cambe.pr.gov.br\/index.php\/wp-json\/wp\/v2\/users\/16"}],"replies":[{"embeddable":true,"href":"https:\/\/www.cambe.pr.gov.br\/index.php\/wp-json\/wp\/v2\/comments?post=15973"}],"version-history":[{"count":5,"href":"https:\/\/www.cambe.pr.gov.br\/index.php\/wp-json\/wp\/v2\/posts\/15973\/revisions"}],"predecessor-version":[{"id":15978,"href":"https:\/\/www.cambe.pr.gov.br\/index.php\/wp-json\/wp\/v2\/posts\/15973\/revisions\/15978"}],"wp:attachment":[{"href":"https:\/\/www.cambe.pr.gov.br\/index.php\/wp-json\/wp\/v2\/media?parent=15973"}],"wp:term":[{"taxonomy":"category","embeddable":true,"href":"https:\/\/www.cambe.pr.gov.br\/index.php\/wp-json\/wp\/v2\/categories?post=15973"},{"taxonomy":"post_tag","embeddable":true,"href":"https:\/\/www.cambe.pr.gov.br\/index.php\/wp-json\/wp\/v2\/tags?post=15973"}],"curies":[{"name":"wp","href":"https:\/\/api.w.org\/{rel}","templated":true}]}}