{"id":15957,"date":"2025-01-29T14:49:02","date_gmt":"2025-01-29T17:49:02","guid":{"rendered":"https:\/\/www.cambe.pr.gov.br\/?p=15957"},"modified":"2025-01-29T14:49:02","modified_gmt":"2025-01-29T17:49:02","slug":"agentes-de-transito-promovem-acoes-educativas-e-de-seguranca-na-volta-as-aulas","status":"publish","type":"post","link":"https:\/\/www.cambe.pr.gov.br\/index.php\/agentes-de-transito-promovem-acoes-educativas-e-de-seguranca-na-volta-as-aulas\/","title":{"rendered":"Agentes de tr\u00e2nsito promovem a\u00e7\u00f5es educativas e de seguran\u00e7a na volta \u00e0s aulas"},"content":{"rendered":"<p style=\"text-align: justify;\"><span style=\"font-weight: 400; font-family: arial, helvetica, sans-serif;\"><img fetchpriority=\"high\" decoding=\"async\" class=\"alignleft size-large wp-image-14953\" src=\"https:\/\/www.cambe.pr.gov.br\/wp-content\/uploads\/2024\/07\/IMG_6333-1024x768.jpg\" alt=\"\" width=\"610\" height=\"458\" srcset=\"https:\/\/www.cambe.pr.gov.br\/wp-content\/uploads\/2024\/07\/IMG_6333-1024x768.jpg 1024w, https:\/\/www.cambe.pr.gov.br\/wp-content\/uploads\/2024\/07\/IMG_6333-300x225.jpg 300w, https:\/\/www.cambe.pr.gov.br\/wp-content\/uploads\/2024\/07\/IMG_6333-768x576.jpg 768w, https:\/\/www.cambe.pr.gov.br\/wp-content\/uploads\/2024\/07\/IMG_6333-1536x1152.jpg 1536w, https:\/\/www.cambe.pr.gov.br\/wp-content\/uploads\/2024\/07\/IMG_6333-2048x1536.jpg 2048w, https:\/\/www.cambe.pr.gov.br\/wp-content\/uploads\/2024\/07\/IMG_6333-400x300.jpg 400w\" sizes=\"(max-width: 610px) 100vw, 610px\" \/>Para garantir uma volta \u00e0s aulas mais segura tamb\u00e9m nas ruas do entorno das unidades escolares, os agentes de tr\u00e2nsito de Camb\u00e9 estar\u00e3o presente em diversas regi\u00f5es da cidade nas pr\u00f3ximas semanas. A a\u00e7\u00e3o, promovida pela Secretaria Municipal de Seguran\u00e7a P\u00fablica e Tr\u00e2nsito, visa organizar e instruir pedestres e condutores sobre a travessia segura, respeito \u00e0s sinaliza\u00e7\u00f5es, regras gerais de circula\u00e7\u00e3o, conduta e estacionamento.<\/span><\/p>\n<p style=\"text-align: justify;\"><span style=\"font-weight: 400; font-family: arial, helvetica, sans-serif;\">Refor\u00e7ando o compromisso da Prefeitura de um tr\u00e2nsito mais seguro para todos, os agentes ficam nas ruas at\u00e9 o fim de fevereiro. Na semana do dia 3, a a\u00e7\u00e3o ser\u00e1 nos CMEIs e Escolas Municipais da regi\u00e3o central; na semana do dia 10 na regi\u00e3o do Santo Amaro; na semana do dia 17 na regi\u00e3o do Silvino; e na semana do dia 24 na regi\u00e3o do Ana Rosa e Camb\u00e9 3.<\/span><\/p>\n<p style=\"text-align: justify;\"><span style=\"font-weight: 400; font-family: arial, helvetica, sans-serif;\">A presen\u00e7a dos agentes de tr\u00e2nsito em frente as escolas durante a volta \u00e0s aulas \u00e9 necess\u00e1ria para cria\u00e7\u00e3o de uma cultura de respeito e responsabilidade dos pais, estudantes e comunidade em geral no tr\u00e2nsito, ressaltou a diretora do Departamento Municipal de Tr\u00e2nsito, Thays Kuchenbecker. \u201cIsso especialmente em \u00e1reas escolares, que s\u00e3o localidades que modificam as caracter\u00edsticas de fluxo e respeito nas entradas e sa\u00eddas dos alunos. O tr\u00e2nsito seguro depende de cada um de n\u00f3s e a presen\u00e7a dos agentes refor\u00e7a a import\u00e2ncia da colabora\u00e7\u00e3o coletiva, orientando condutores e pedestres para comportamentos mais respons\u00e1veis\u201d, concluiu.<\/span><\/p>\n","protected":false},"excerpt":{"rendered":"<p>Para garantir uma volta \u00e0s aulas mais segura tamb\u00e9m nas ruas do entorno das unidades escolares, os agentes de tr\u00e2nsito de Camb\u00e9 estar\u00e3o presente em diversas regi\u00f5es da cidade nas pr\u00f3ximas semanas. A a\u00e7\u00e3o, promovida pela Secretaria Municipal de Seguran\u00e7a P\u00fablica e Tr\u00e2nsito, visa organizar e instruir pedestres e condutores sobre a travessia segura, respeito [&hellip;]<\/p>\n","protected":false},"author":16,"featured_media":0,"comment_status":"closed","ping_status":"closed","sticky":false,"template":"","format":"standard","meta":{"ngg_post_thumbnail":0,"footnotes":""},"categories":[1],"tags":[],"class_list":["post-15957","post","type-post","status-publish","format-standard","hentry","category-principal"],"yoast_head":"<!-- This site is optimized with the Yoast SEO plugin v27.4 - https:\/\/yoast.com\/product\/yoast-seo-wordpress\/ -->\n<title>Agentes de tr\u00e2nsito promovem a\u00e7\u00f5es educativas e de seguran\u00e7a na volta \u00e0s aulas - Prefeitura de Camb\u00e9<\/title>\n<meta name=\"robots\" content=\"index, follow, max-snippet:-1, max-image-preview:large, max-video-preview:-1\" \/>\n<link rel=\"canonical\" href=\"https:\/\/www.cambe.pr.gov.br\/index.php\/agentes-de-transito-promovem-acoes-educativas-e-de-seguranca-na-volta-as-aulas\/\" \/>\n<meta property=\"og:locale\" content=\"pt_BR\" \/>\n<meta property=\"og:type\" content=\"article\" \/>\n<meta property=\"og:title\" content=\"Agentes de tr\u00e2nsito promovem a\u00e7\u00f5es educativas e de seguran\u00e7a na volta \u00e0s aulas - Prefeitura de Camb\u00e9\" \/>\n<meta property=\"og:description\" content=\"Para garantir uma volta \u00e0s aulas mais segura tamb\u00e9m nas ruas do entorno das unidades escolares, os agentes de tr\u00e2nsito de Camb\u00e9 estar\u00e3o presente em diversas regi\u00f5es da cidade nas pr\u00f3ximas semanas. A a\u00e7\u00e3o, promovida pela Secretaria Municipal de Seguran\u00e7a P\u00fablica e Tr\u00e2nsito, visa organizar e instruir pedestres e condutores sobre a travessia segura, respeito [&hellip;]\" \/>\n<meta property=\"og:url\" content=\"https:\/\/www.cambe.pr.gov.br\/index.php\/agentes-de-transito-promovem-acoes-educativas-e-de-seguranca-na-volta-as-aulas\/\" \/>\n<meta property=\"og:site_name\" content=\"Prefeitura de Camb\u00e9\" \/>\n<meta property=\"article:publisher\" content=\"https:\/\/m.facebook.com\/prefeituradecambe\" \/>\n<meta property=\"article:published_time\" content=\"2025-01-29T17:49:02+00:00\" \/>\n<meta property=\"og:image\" content=\"https:\/\/www.cambe.pr.gov.br\/wp-content\/uploads\/2024\/07\/IMG_6333-1024x768.jpg\" \/>\n<meta name=\"author\" content=\"Vinicius Augusto Batista Eira\" \/>\n<meta name=\"twitter:card\" content=\"summary_large_image\" \/>\n<meta name=\"twitter:label1\" content=\"Escrito por\" \/>\n\t<meta name=\"twitter:data1\" content=\"Vinicius Augusto Batista Eira\" \/>\n\t<meta name=\"twitter:label2\" content=\"Est. tempo de leitura\" \/>\n\t<meta name=\"twitter:data2\" content=\"2 minutos\" \/>\n<script type=\"application\/ld+json\" class=\"yoast-schema-graph\">{\"@context\":\"https:\\\/\\\/schema.org\",\"@graph\":[{\"@type\":\"Article\",\"@id\":\"https:\\\/\\\/www.cambe.pr.gov.br\\\/index.php\\\/agentes-de-transito-promovem-acoes-educativas-e-de-seguranca-na-volta-as-aulas\\\/#article\",\"isPartOf\":{\"@id\":\"https:\\\/\\\/www.cambe.pr.gov.br\\\/index.php\\\/agentes-de-transito-promovem-acoes-educativas-e-de-seguranca-na-volta-as-aulas\\\/\"},\"author\":{\"name\":\"Vinicius Augusto Batista Eira\",\"@id\":\"https:\\\/\\\/www.cambe.pr.gov.br\\\/#\\\/schema\\\/person\\\/8e3ee69cb2cadf4b9f8377407227effd\"},\"headline\":\"Agentes de tr\u00e2nsito promovem a\u00e7\u00f5es educativas e de seguran\u00e7a na volta \u00e0s aulas\",\"datePublished\":\"2025-01-29T17:49:02+00:00\",\"mainEntityOfPage\":{\"@id\":\"https:\\\/\\\/www.cambe.pr.gov.br\\\/index.php\\\/agentes-de-transito-promovem-acoes-educativas-e-de-seguranca-na-volta-as-aulas\\\/\"},\"wordCount\":275,\"publisher\":{\"@id\":\"https:\\\/\\\/www.cambe.pr.gov.br\\\/#organization\"},\"image\":{\"@id\":\"https:\\\/\\\/www.cambe.pr.gov.br\\\/index.php\\\/agentes-de-transito-promovem-acoes-educativas-e-de-seguranca-na-volta-as-aulas\\\/#primaryimage\"},\"thumbnailUrl\":\"https:\\\/\\\/www.cambe.pr.gov.br\\\/wp-content\\\/uploads\\\/2024\\\/07\\\/IMG_6333-1024x768.jpg\",\"articleSection\":[\"Principal\"],\"inLanguage\":\"pt-BR\"},{\"@type\":\"WebPage\",\"@id\":\"https:\\\/\\\/www.cambe.pr.gov.br\\\/index.php\\\/agentes-de-transito-promovem-acoes-educativas-e-de-seguranca-na-volta-as-aulas\\\/\",\"url\":\"https:\\\/\\\/www.cambe.pr.gov.br\\\/index.php\\\/agentes-de-transito-promovem-acoes-educativas-e-de-seguranca-na-volta-as-aulas\\\/\",\"name\":\"Agentes de tr\u00e2nsito promovem a\u00e7\u00f5es educativas e de seguran\u00e7a na volta \u00e0s aulas - Prefeitura de Camb\u00e9\",\"isPartOf\":{\"@id\":\"https:\\\/\\\/www.cambe.pr.gov.br\\\/#website\"},\"primaryImageOfPage\":{\"@id\":\"https:\\\/\\\/www.cambe.pr.gov.br\\\/index.php\\\/agentes-de-transito-promovem-acoes-educativas-e-de-seguranca-na-volta-as-aulas\\\/#primaryimage\"},\"image\":{\"@id\":\"https:\\\/\\\/www.cambe.pr.gov.br\\\/index.php\\\/agentes-de-transito-promovem-acoes-educativas-e-de-seguranca-na-volta-as-aulas\\\/#primaryimage\"},\"thumbnailUrl\":\"https:\\\/\\\/www.cambe.pr.gov.br\\\/wp-content\\\/uploads\\\/2024\\\/07\\\/IMG_6333-1024x768.jpg\",\"datePublished\":\"2025-01-29T17:49:02+00:00\",\"breadcrumb\":{\"@id\":\"https:\\\/\\\/www.cambe.pr.gov.br\\\/index.php\\\/agentes-de-transito-promovem-acoes-educativas-e-de-seguranca-na-volta-as-aulas\\\/#breadcrumb\"},\"inLanguage\":\"pt-BR\",\"potentialAction\":[{\"@type\":\"ReadAction\",\"target\":[\"https:\\\/\\\/www.cambe.pr.gov.br\\\/index.php\\\/agentes-de-transito-promovem-acoes-educativas-e-de-seguranca-na-volta-as-aulas\\\/\"]}]},{\"@type\":\"ImageObject\",\"inLanguage\":\"pt-BR\",\"@id\":\"https:\\\/\\\/www.cambe.pr.gov.br\\\/index.php\\\/agentes-de-transito-promovem-acoes-educativas-e-de-seguranca-na-volta-as-aulas\\\/#primaryimage\",\"url\":\"https:\\\/\\\/www.cambe.pr.gov.br\\\/wp-content\\\/uploads\\\/2024\\\/07\\\/IMG_6333-scaled.jpg\",\"contentUrl\":\"https:\\\/\\\/www.cambe.pr.gov.br\\\/wp-content\\\/uploads\\\/2024\\\/07\\\/IMG_6333-scaled.jpg\",\"width\":2560,\"height\":1920},{\"@type\":\"BreadcrumbList\",\"@id\":\"https:\\\/\\\/www.cambe.pr.gov.br\\\/index.php\\\/agentes-de-transito-promovem-acoes-educativas-e-de-seguranca-na-volta-as-aulas\\\/#breadcrumb\",\"itemListElement\":[{\"@type\":\"ListItem\",\"position\":1,\"name\":\"In\u00edcio\",\"item\":\"https:\\\/\\\/www.cambe.pr.gov.br\\\/\"},{\"@type\":\"ListItem\",\"position\":2,\"name\":\"Agentes de tr\u00e2nsito promovem a\u00e7\u00f5es educativas e de seguran\u00e7a na volta \u00e0s aulas\"}]},{\"@type\":\"WebSite\",\"@id\":\"https:\\\/\\\/www.cambe.pr.gov.br\\\/#website\",\"url\":\"https:\\\/\\\/www.cambe.pr.gov.br\\\/\",\"name\":\"Prefeitura de Camb\u00e9\",\"description\":\"UM GOVERNO PARA TODOS\",\"publisher\":{\"@id\":\"https:\\\/\\\/www.cambe.pr.gov.br\\\/#organization\"},\"potentialAction\":[{\"@type\":\"SearchAction\",\"target\":{\"@type\":\"EntryPoint\",\"urlTemplate\":\"https:\\\/\\\/www.cambe.pr.gov.br\\\/?s={search_term_string}\"},\"query-input\":{\"@type\":\"PropertyValueSpecification\",\"valueRequired\":true,\"valueName\":\"search_term_string\"}}],\"inLanguage\":\"pt-BR\"},{\"@type\":\"Organization\",\"@id\":\"https:\\\/\\\/www.cambe.pr.gov.br\\\/#organization\",\"name\":\"Prefeitura de Camb\u00e9\",\"url\":\"https:\\\/\\\/www.cambe.pr.gov.br\\\/\",\"logo\":{\"@type\":\"ImageObject\",\"inLanguage\":\"pt-BR\",\"@id\":\"https:\\\/\\\/www.cambe.pr.gov.br\\\/#\\\/schema\\\/logo\\\/image\\\/\",\"url\":\"https:\\\/\\\/www.cambe.pr.gov.br\\\/wp-content\\\/uploads\\\/2021\\\/01\\\/cropped-cropped-cambe_brazao-icone.png\",\"contentUrl\":\"https:\\\/\\\/www.cambe.pr.gov.br\\\/wp-content\\\/uploads\\\/2021\\\/01\\\/cropped-cropped-cambe_brazao-icone.png\",\"width\":240,\"height\":240,\"caption\":\"Prefeitura de Camb\u00e9\"},\"image\":{\"@id\":\"https:\\\/\\\/www.cambe.pr.gov.br\\\/#\\\/schema\\\/logo\\\/image\\\/\"},\"sameAs\":[\"https:\\\/\\\/m.facebook.com\\\/prefeituradecambe\"]},{\"@type\":\"Person\",\"@id\":\"https:\\\/\\\/www.cambe.pr.gov.br\\\/#\\\/schema\\\/person\\\/8e3ee69cb2cadf4b9f8377407227effd\",\"name\":\"Vinicius Augusto Batista Eira\",\"image\":{\"@type\":\"ImageObject\",\"inLanguage\":\"pt-BR\",\"@id\":\"https:\\\/\\\/secure.gravatar.com\\\/avatar\\\/1ec500de7013b30e1d4d7c8c3978f0e4433c37e5d5e4cd186239369c6440122b?s=96&d=mm&r=g\",\"url\":\"https:\\\/\\\/secure.gravatar.com\\\/avatar\\\/1ec500de7013b30e1d4d7c8c3978f0e4433c37e5d5e4cd186239369c6440122b?s=96&d=mm&r=g\",\"contentUrl\":\"https:\\\/\\\/secure.gravatar.com\\\/avatar\\\/1ec500de7013b30e1d4d7c8c3978f0e4433c37e5d5e4cd186239369c6440122b?s=96&d=mm&r=g\",\"caption\":\"Vinicius Augusto Batista Eira\"},\"url\":\"https:\\\/\\\/www.cambe.pr.gov.br\\\/index.php\\\/author\\\/vabeira\\\/\"}]}<\/script>\n<!-- \/ Yoast SEO plugin. -->","yoast_head_json":{"title":"Agentes de tr\u00e2nsito promovem a\u00e7\u00f5es educativas e de seguran\u00e7a na volta \u00e0s aulas - Prefeitura de Camb\u00e9","robots":{"index":"index","follow":"follow","max-snippet":"max-snippet:-1","max-image-preview":"max-image-preview:large","max-video-preview":"max-video-preview:-1"},"canonical":"https:\/\/www.cambe.pr.gov.br\/index.php\/agentes-de-transito-promovem-acoes-educativas-e-de-seguranca-na-volta-as-aulas\/","og_locale":"pt_BR","og_type":"article","og_title":"Agentes de tr\u00e2nsito promovem a\u00e7\u00f5es educativas e de seguran\u00e7a na volta \u00e0s aulas - Prefeitura de Camb\u00e9","og_description":"Para garantir uma volta \u00e0s aulas mais segura tamb\u00e9m nas ruas do entorno das unidades escolares, os agentes de tr\u00e2nsito de Camb\u00e9 estar\u00e3o presente em diversas regi\u00f5es da cidade nas pr\u00f3ximas semanas. A a\u00e7\u00e3o, promovida pela Secretaria Municipal de Seguran\u00e7a P\u00fablica e Tr\u00e2nsito, visa organizar e instruir pedestres e condutores sobre a travessia segura, respeito [&hellip;]","og_url":"https:\/\/www.cambe.pr.gov.br\/index.php\/agentes-de-transito-promovem-acoes-educativas-e-de-seguranca-na-volta-as-aulas\/","og_site_name":"Prefeitura de Camb\u00e9","article_publisher":"https:\/\/m.facebook.com\/prefeituradecambe","article_published_time":"2025-01-29T17:49:02+00:00","og_image":[{"url":"https:\/\/www.cambe.pr.gov.br\/wp-content\/uploads\/2024\/07\/IMG_6333-1024x768.jpg","type":"","width":"","height":""}],"author":"Vinicius Augusto Batista Eira","twitter_card":"summary_large_image","twitter_misc":{"Escrito por":"Vinicius Augusto Batista Eira","Est. tempo de leitura":"2 minutos"},"schema":{"@context":"https:\/\/schema.org","@graph":[{"@type":"Article","@id":"https:\/\/www.cambe.pr.gov.br\/index.php\/agentes-de-transito-promovem-acoes-educativas-e-de-seguranca-na-volta-as-aulas\/#article","isPartOf":{"@id":"https:\/\/www.cambe.pr.gov.br\/index.php\/agentes-de-transito-promovem-acoes-educativas-e-de-seguranca-na-volta-as-aulas\/"},"author":{"name":"Vinicius Augusto Batista Eira","@id":"https:\/\/www.cambe.pr.gov.br\/#\/schema\/person\/8e3ee69cb2cadf4b9f8377407227effd"},"headline":"Agentes de tr\u00e2nsito promovem a\u00e7\u00f5es educativas e de seguran\u00e7a na volta \u00e0s aulas","datePublished":"2025-01-29T17:49:02+00:00","mainEntityOfPage":{"@id":"https:\/\/www.cambe.pr.gov.br\/index.php\/agentes-de-transito-promovem-acoes-educativas-e-de-seguranca-na-volta-as-aulas\/"},"wordCount":275,"publisher":{"@id":"https:\/\/www.cambe.pr.gov.br\/#organization"},"image":{"@id":"https:\/\/www.cambe.pr.gov.br\/index.php\/agentes-de-transito-promovem-acoes-educativas-e-de-seguranca-na-volta-as-aulas\/#primaryimage"},"thumbnailUrl":"https:\/\/www.cambe.pr.gov.br\/wp-content\/uploads\/2024\/07\/IMG_6333-1024x768.jpg","articleSection":["Principal"],"inLanguage":"pt-BR"},{"@type":"WebPage","@id":"https:\/\/www.cambe.pr.gov.br\/index.php\/agentes-de-transito-promovem-acoes-educativas-e-de-seguranca-na-volta-as-aulas\/","url":"https:\/\/www.cambe.pr.gov.br\/index.php\/agentes-de-transito-promovem-acoes-educativas-e-de-seguranca-na-volta-as-aulas\/","name":"Agentes de tr\u00e2nsito promovem a\u00e7\u00f5es educativas e de seguran\u00e7a na volta \u00e0s aulas - Prefeitura de Camb\u00e9","isPartOf":{"@id":"https:\/\/www.cambe.pr.gov.br\/#website"},"primaryImageOfPage":{"@id":"https:\/\/www.cambe.pr.gov.br\/index.php\/agentes-de-transito-promovem-acoes-educativas-e-de-seguranca-na-volta-as-aulas\/#primaryimage"},"image":{"@id":"https:\/\/www.cambe.pr.gov.br\/index.php\/agentes-de-transito-promovem-acoes-educativas-e-de-seguranca-na-volta-as-aulas\/#primaryimage"},"thumbnailUrl":"https:\/\/www.cambe.pr.gov.br\/wp-content\/uploads\/2024\/07\/IMG_6333-1024x768.jpg","datePublished":"2025-01-29T17:49:02+00:00","breadcrumb":{"@id":"https:\/\/www.cambe.pr.gov.br\/index.php\/agentes-de-transito-promovem-acoes-educativas-e-de-seguranca-na-volta-as-aulas\/#breadcrumb"},"inLanguage":"pt-BR","potentialAction":[{"@type":"ReadAction","target":["https:\/\/www.cambe.pr.gov.br\/index.php\/agentes-de-transito-promovem-acoes-educativas-e-de-seguranca-na-volta-as-aulas\/"]}]},{"@type":"ImageObject","inLanguage":"pt-BR","@id":"https:\/\/www.cambe.pr.gov.br\/index.php\/agentes-de-transito-promovem-acoes-educativas-e-de-seguranca-na-volta-as-aulas\/#primaryimage","url":"https:\/\/www.cambe.pr.gov.br\/wp-content\/uploads\/2024\/07\/IMG_6333-scaled.jpg","contentUrl":"https:\/\/www.cambe.pr.gov.br\/wp-content\/uploads\/2024\/07\/IMG_6333-scaled.jpg","width":2560,"height":1920},{"@type":"BreadcrumbList","@id":"https:\/\/www.cambe.pr.gov.br\/index.php\/agentes-de-transito-promovem-acoes-educativas-e-de-seguranca-na-volta-as-aulas\/#breadcrumb","itemListElement":[{"@type":"ListItem","position":1,"name":"In\u00edcio","item":"https:\/\/www.cambe.pr.gov.br\/"},{"@type":"ListItem","position":2,"name":"Agentes de tr\u00e2nsito promovem a\u00e7\u00f5es educativas e de seguran\u00e7a na volta \u00e0s aulas"}]},{"@type":"WebSite","@id":"https:\/\/www.cambe.pr.gov.br\/#website","url":"https:\/\/www.cambe.pr.gov.br\/","name":"Prefeitura de Camb\u00e9","description":"UM GOVERNO PARA TODOS","publisher":{"@id":"https:\/\/www.cambe.pr.gov.br\/#organization"},"potentialAction":[{"@type":"SearchAction","target":{"@type":"EntryPoint","urlTemplate":"https:\/\/www.cambe.pr.gov.br\/?s={search_term_string}"},"query-input":{"@type":"PropertyValueSpecification","valueRequired":true,"valueName":"search_term_string"}}],"inLanguage":"pt-BR"},{"@type":"Organization","@id":"https:\/\/www.cambe.pr.gov.br\/#organization","name":"Prefeitura de Camb\u00e9","url":"https:\/\/www.cambe.pr.gov.br\/","logo":{"@type":"ImageObject","inLanguage":"pt-BR","@id":"https:\/\/www.cambe.pr.gov.br\/#\/schema\/logo\/image\/","url":"https:\/\/www.cambe.pr.gov.br\/wp-content\/uploads\/2021\/01\/cropped-cropped-cambe_brazao-icone.png","contentUrl":"https:\/\/www.cambe.pr.gov.br\/wp-content\/uploads\/2021\/01\/cropped-cropped-cambe_brazao-icone.png","width":240,"height":240,"caption":"Prefeitura de Camb\u00e9"},"image":{"@id":"https:\/\/www.cambe.pr.gov.br\/#\/schema\/logo\/image\/"},"sameAs":["https:\/\/m.facebook.com\/prefeituradecambe"]},{"@type":"Person","@id":"https:\/\/www.cambe.pr.gov.br\/#\/schema\/person\/8e3ee69cb2cadf4b9f8377407227effd","name":"Vinicius Augusto Batista Eira","image":{"@type":"ImageObject","inLanguage":"pt-BR","@id":"https:\/\/secure.gravatar.com\/avatar\/1ec500de7013b30e1d4d7c8c3978f0e4433c37e5d5e4cd186239369c6440122b?s=96&d=mm&r=g","url":"https:\/\/secure.gravatar.com\/avatar\/1ec500de7013b30e1d4d7c8c3978f0e4433c37e5d5e4cd186239369c6440122b?s=96&d=mm&r=g","contentUrl":"https:\/\/secure.gravatar.com\/avatar\/1ec500de7013b30e1d4d7c8c3978f0e4433c37e5d5e4cd186239369c6440122b?s=96&d=mm&r=g","caption":"Vinicius Augusto Batista Eira"},"url":"https:\/\/www.cambe.pr.gov.br\/index.php\/author\/vabeira\/"}]}},"_links":{"self":[{"href":"https:\/\/www.cambe.pr.gov.br\/index.php\/wp-json\/wp\/v2\/posts\/15957","targetHints":{"allow":["GET"]}}],"collection":[{"href":"https:\/\/www.cambe.pr.gov.br\/index.php\/wp-json\/wp\/v2\/posts"}],"about":[{"href":"https:\/\/www.cambe.pr.gov.br\/index.php\/wp-json\/wp\/v2\/types\/post"}],"author":[{"embeddable":true,"href":"https:\/\/www.cambe.pr.gov.br\/index.php\/wp-json\/wp\/v2\/users\/16"}],"replies":[{"embeddable":true,"href":"https:\/\/www.cambe.pr.gov.br\/index.php\/wp-json\/wp\/v2\/comments?post=15957"}],"version-history":[{"count":1,"href":"https:\/\/www.cambe.pr.gov.br\/index.php\/wp-json\/wp\/v2\/posts\/15957\/revisions"}],"predecessor-version":[{"id":15958,"href":"https:\/\/www.cambe.pr.gov.br\/index.php\/wp-json\/wp\/v2\/posts\/15957\/revisions\/15958"}],"wp:attachment":[{"href":"https:\/\/www.cambe.pr.gov.br\/index.php\/wp-json\/wp\/v2\/media?parent=15957"}],"wp:term":[{"taxonomy":"category","embeddable":true,"href":"https:\/\/www.cambe.pr.gov.br\/index.php\/wp-json\/wp\/v2\/categories?post=15957"},{"taxonomy":"post_tag","embeddable":true,"href":"https:\/\/www.cambe.pr.gov.br\/index.php\/wp-json\/wp\/v2\/tags?post=15957"}],"curies":[{"name":"wp","href":"https:\/\/api.w.org\/{rel}","templated":true}]}}