{"id":15951,"date":"2025-01-28T15:25:15","date_gmt":"2025-01-28T18:25:15","guid":{"rendered":"https:\/\/www.cambe.pr.gov.br\/?p=15951"},"modified":"2025-01-28T15:29:38","modified_gmt":"2025-01-28T18:29:38","slug":"volta-as-aulas-em-cambe-serao-na-segunda-feira-3-confira-detalhes","status":"publish","type":"post","link":"https:\/\/www.cambe.pr.gov.br\/index.php\/volta-as-aulas-em-cambe-serao-na-segunda-feira-3-confira-detalhes\/","title":{"rendered":"Volta \u00e0s aulas em Camb\u00e9 ser\u00e1 na segunda-feira (3); confira detalhes"},"content":{"rendered":"<p style=\"text-align: justify;\"><span style=\"font-weight: 400; font-family: arial, helvetica, sans-serif;\"><img fetchpriority=\"high\" decoding=\"async\" class=\"alignleft size-large wp-image-14716\" src=\"https:\/\/www.cambe.pr.gov.br\/wp-content\/uploads\/2024\/06\/DSC_0060-1024x678.jpg\" alt=\"\" width=\"610\" height=\"404\" srcset=\"https:\/\/www.cambe.pr.gov.br\/wp-content\/uploads\/2024\/06\/DSC_0060-1024x678.jpg 1024w, https:\/\/www.cambe.pr.gov.br\/wp-content\/uploads\/2024\/06\/DSC_0060-300x199.jpg 300w, https:\/\/www.cambe.pr.gov.br\/wp-content\/uploads\/2024\/06\/DSC_0060-768x509.jpg 768w, https:\/\/www.cambe.pr.gov.br\/wp-content\/uploads\/2024\/06\/DSC_0060-1536x1017.jpg 1536w, https:\/\/www.cambe.pr.gov.br\/wp-content\/uploads\/2024\/06\/DSC_0060-2048x1356.jpg 2048w\" sizes=\"(max-width: 610px) 100vw, 610px\" \/>Os quase 12 mil alunos da rede municipal de educa\u00e7\u00e3o de Camb\u00e9 iniciam o ano letivo de 2025 nesta segunda-feira (3). E a Secretaria Municipal de Educa\u00e7\u00e3o e Cultura est\u00e1 acertando os \u00faltimos detalhes para receber todos os estudantes j\u00e1 com uniformes e material escolar no primeiro dia, forma\u00e7\u00e3o continuada para os professores e planejamento com curr\u00edculo escolar e atividades culturais focados em manter Camb\u00e9 como refer\u00eancia na educa\u00e7\u00e3o.<\/span><\/p>\n<p style=\"text-align: justify;\"><span style=\"font-weight: 400; font-family: arial, helvetica, sans-serif;\">O cronograma da Secretaria j\u00e1 contou com o retorno dos diretores das 44 Unidades Municipais de Educa\u00e7\u00e3o e alguns administrativos na segunda-feira (20) da semana passada. J\u00e1 nesta segunda-feira (27), foi a vez dos professores retornarem \u00e0s escolas para reuni\u00e3o pedag\u00f3gica e forma\u00e7\u00e3o continuada, sendo divididos entre educa\u00e7\u00e3o infantil e fundamental.<\/span><\/p>\n<p style=\"text-align: justify;\"><span style=\"font-weight: 400; font-family: arial, helvetica, sans-serif;\">\u201cE na pr\u00f3xima segunda-feira (3), teremos j\u00e1 nas escolas, oficialmente, o in\u00edcio do calend\u00e1rio escolar. Nesse dia, pais e alunos estar\u00e3o sendo recebidos nas nossas unidades para conhecer suas turmas, conhecer o professor e ter esse retorno no ambiente escolar com o filho. E tamb\u00e9m, nesse dia, vamos entregar todo o kit de material escolar e os uniformes completos, j\u00e1 no primeiro dia de aula, para todas as nossas crian\u00e7as\u201d, explicou a secret\u00e1ria de Educa\u00e7\u00e3o e Cultura, Estela Camata.<\/span><\/p>\n<p style=\"text-align: justify;\"><span style=\"font-weight: 400; font-family: arial, helvetica, sans-serif;\">Desde 2023, Camb\u00e9 fornece gratuitamente todo o material escolar conforme a s\u00e9rie e necessidade do aluno. Com isso, os beb\u00eas recebem itens que ser\u00e3o usados no ensino infantil, assim como as crian\u00e7as em cada s\u00e9rie do ensino fundamental. Os itens de uso individual, como l\u00e1pis, borracha e cadernos, por exemplo, s\u00e3o enviados para casa com os alunos. Al\u00e9m do material, as crian\u00e7as tamb\u00e9m recebem uniforme escolar completo, tanto para o ver\u00e3o como para o inverno.<\/span><\/p>\n<p style=\"text-align: justify;\"><span style=\"font-weight: 400; font-family: arial, helvetica, sans-serif;\">O prefeito Conrado Scheller destaca que o investimento na educa\u00e7\u00e3o \u00e9 a maior conquista do seu governo, e celebra com alegria mais um retorno \u00e0s aulas. \u201cTemos sempre no nosso governo que esse investimento nas estruturas, seguran\u00e7a nas escolas, novos ambientes, material e uniforme n\u00e3o tem pre\u00e7o. \u00c9 investir no futuro de Camb\u00e9, garantir um munic\u00edpio melhor l\u00e1 na frente, e tamb\u00e9m maior igualdade social e oportunidades hoje\u201d.<\/span><\/p>\n<p>&nbsp;<\/p>\n<p style=\"text-align: justify;\"><strong><span style=\"font-family: arial, helvetica, sans-serif;\">Fila de espera zerada na rede municipal<\/span><\/strong><\/p>\n<p style=\"text-align: justify;\"><span style=\"font-weight: 400; font-family: arial, helvetica, sans-serif;\"><img decoding=\"async\" class=\"alignleft size-large wp-image-15835\" src=\"https:\/\/www.cambe.pr.gov.br\/wp-content\/uploads\/2025\/01\/Imagem-do-WhatsApp-de-2025-01-15-as-11.35.43_e1d0700d-1024x678.jpg\" alt=\"\" width=\"610\" height=\"404\" srcset=\"https:\/\/www.cambe.pr.gov.br\/wp-content\/uploads\/2025\/01\/Imagem-do-WhatsApp-de-2025-01-15-as-11.35.43_e1d0700d-1024x678.jpg 1024w, https:\/\/www.cambe.pr.gov.br\/wp-content\/uploads\/2025\/01\/Imagem-do-WhatsApp-de-2025-01-15-as-11.35.43_e1d0700d-300x199.jpg 300w, https:\/\/www.cambe.pr.gov.br\/wp-content\/uploads\/2025\/01\/Imagem-do-WhatsApp-de-2025-01-15-as-11.35.43_e1d0700d-768x508.jpg 768w, https:\/\/www.cambe.pr.gov.br\/wp-content\/uploads\/2025\/01\/Imagem-do-WhatsApp-de-2025-01-15-as-11.35.43_e1d0700d-1536x1017.jpg 1536w, https:\/\/www.cambe.pr.gov.br\/wp-content\/uploads\/2025\/01\/Imagem-do-WhatsApp-de-2025-01-15-as-11.35.43_e1d0700d.jpg 1600w\" sizes=\"(max-width: 610px) 100vw, 610px\" \/>Pelo terceiro ano consecutivo, Camb\u00e9 zerou a fila de espera para matr\u00edculas na rede municipal de ensino. Ao todo, s\u00f3 no per\u00edodo de novos cadastros e matr\u00edculas em dezembro de 2024, foram registrados 630 novos alunos, divididos entre educa\u00e7\u00e3o infantil e fundamental.<\/span><\/p>\n<p style=\"text-align: justify;\"><span style=\"font-weight: 400; font-family: arial, helvetica, sans-serif;\">No entanto, a Central de Vagas, que fica no Centro Cultural pr\u00f3ximo \u00e0 Prefeitura, est\u00e1 sempre aberta e segue recebendo matr\u00edculas continuamente. Segundo a secret\u00e1ria de Educa\u00e7\u00e3o, ap\u00f3s o per\u00edodo de matr\u00edculas os diretores retornaram das f\u00e9rias e, a partir deste momento, j\u00e1 come\u00e7am a absorver essa demanda.<\/span><\/p>\n<p style=\"text-align: justify;\"><span style=\"font-weight: 400; font-family: arial, helvetica, sans-serif;\">\u201cPortanto, funciona assim. Hoje, se voc\u00ea entrar no cadastro, vai ver que tem crian\u00e7as l\u00e1 para serem atendidas. Para isso, estamos chamando professores e providenciando alguns ajustes. J\u00e1 estamos tamb\u00e9m fazendo um levantamento de quantas turmas novas vamos abrir para em fevereiro todo mundo j\u00e1 estar em sala de aula\u201d, ressaltou Camata.<\/span><\/p>\n<p style=\"text-align: justify;\"><span style=\"font-weight: 400; font-family: arial, helvetica, sans-serif;\">Pais ou respons\u00e1veis que desejam fazer a matr\u00edcula de seus filhos devem comparecer a Central de Vagas, no Centro Cultural (Rua Par\u00e1, 161), com certid\u00e3o de nascimento e carteirinha de vacina\u00e7\u00e3o da crian\u00e7a, comprovante de endere\u00e7o e documentos pessoais dos pais.\u00a0<\/span><\/p>\n<p>&nbsp;<\/p>\n<p style=\"text-align: justify;\"><strong><span style=\"font-family: arial, helvetica, sans-serif;\">Forma\u00e7\u00e3o continuada dos professores<\/span><\/strong><\/p>\n<p style=\"text-align: justify;\"><span style=\"font-weight: 400; font-family: arial, helvetica, sans-serif;\"><img decoding=\"async\" class=\"alignleft size-large wp-image-10969\" src=\"https:\/\/www.cambe.pr.gov.br\/wp-content\/uploads\/2023\/07\/DSC_0571-copiar-1024x678.jpg\" alt=\"\" width=\"610\" height=\"404\" srcset=\"https:\/\/www.cambe.pr.gov.br\/wp-content\/uploads\/2023\/07\/DSC_0571-copiar-1024x678.jpg 1024w, https:\/\/www.cambe.pr.gov.br\/wp-content\/uploads\/2023\/07\/DSC_0571-copiar-300x199.jpg 300w, https:\/\/www.cambe.pr.gov.br\/wp-content\/uploads\/2023\/07\/DSC_0571-copiar-768x509.jpg 768w, https:\/\/www.cambe.pr.gov.br\/wp-content\/uploads\/2023\/07\/DSC_0571-copiar-1536x1017.jpg 1536w, https:\/\/www.cambe.pr.gov.br\/wp-content\/uploads\/2023\/07\/DSC_0571-copiar-2048x1356.jpg 2048w\" sizes=\"(max-width: 610px) 100vw, 610px\" \/>E para garantir um ensino efetivo e de qualidade para as crian\u00e7as ao longo de todo ano, a Secretaria de Educa\u00e7\u00e3o e Cultura investe na forma\u00e7\u00e3o continuada de professores, diretores e funcion\u00e1rios das institui\u00e7\u00f5es de ensino. Desde a \u00faltima semana, os servidores v\u00eam passando por cursos e palestras com foco espec\u00edfico para cada \u00e1rea, seja nutri\u00e7\u00e3o infantil, pedagogia, dire\u00e7\u00e3o e gest\u00e3o, setor administrativo e mat\u00e9rias espec\u00edficas. Al\u00e9m disso, na quinta (30) e sexta-feira (31), cerca de 1.300 professores participam do principal encontro da forma\u00e7\u00e3o: \u201cO desenvolvimento da aten\u00e7\u00e3o e o autocontrole da conduta\u201d.<\/span><\/p>\n<p style=\"text-align: justify;\"><span style=\"font-weight: 400; font-family: arial, helvetica, sans-serif;\">Estela Camata ainda afirma que a forma\u00e7\u00e3o da rede j\u00e1 \u00e9 tradi\u00e7\u00e3o em Camb\u00e9, e vem sendo fortalecida cada vez mais. Temos forma\u00e7\u00e3o agora, mas elas segue acontecendo o ano todo com a pr\u00f3pria equipe da secretaria. Temos hoje assessores de matem\u00e1tica, assessores de portugu\u00eas, de l\u00edngua portuguesa, de hist\u00f3ria, geografia, ci\u00eancias naturais, artes e educa\u00e7\u00e3o f\u00edsica, com a responsabilidade justamente de dar esse suporte de forma\u00e7\u00e3o continuada para os nossos professores que est\u00e3o atuando na sala de aula.\u201d<\/span><\/p>\n<p>&nbsp;<\/p>\n<p style=\"text-align: justify;\"><strong><span style=\"font-family: arial, helvetica, sans-serif;\">Novos \u00edndices e resultados expressivos alcan\u00e7ados em 2024<\/span><\/strong><\/p>\n<p style=\"text-align: justify;\"><span style=\"font-weight: 400; font-family: arial, helvetica, sans-serif;\">No \u00faltimo ano, Camb\u00e9 ainda recebeu premia\u00e7\u00e3o estadual por desempenho na alfabetiza\u00e7\u00e3o de crian\u00e7as. De acordo com \u00edndice do Minist\u00e9rio da Educa\u00e7\u00e3o (MEC), que faz parte do Compromisso Nacional Crian\u00e7a Alfabetizada, 79,1% das crian\u00e7as que terminaram o 2\u00ba ano do ensino fundamental em 2023 j\u00e1 sabiam ler e escrever &#8211; m\u00e9dia acima da nacional, estadual e dos munic\u00edpios da regi\u00e3o.<\/span><\/p>\n<p style=\"text-align: justify;\"><span style=\"font-weight: 400; font-family: arial, helvetica, sans-serif;\">A premia\u00e7\u00e3o \u00e9 motivo de orgulho e satisfa\u00e7\u00e3o em toda a rede, mas o trabalho n\u00e3o para e a meta \u00e9 ainda maior em 2025. \u201cTivemos esses resultados important\u00edssimos, IDEB, Crian\u00e7a Alfabetizada. Enfim, Camb\u00e9 se destacando ao n\u00edvel de Paran\u00e1. E l\u00f3gico que a gente continua trabalhando para melhorar ainda mais o \u00edndice. O nosso principal objetivo \u00e9 que o \u00edndice alcan\u00e7ado no segundo ano passe a contar j\u00e1 no primeiro ano, alta em alfabetiza\u00e7\u00e3o no primeiro ano. E isso \u00e9 poss\u00edvel porque fazemos uma forma\u00e7\u00e3o continuada desde o infantil, nosso curr\u00edculo proporciona isso. A crian\u00e7a come\u00e7a a trabalhar o desenvolvimento dela desde quando \u00e9 inserida. Seja beb\u00ea, no Infantil, e no fundamental, j\u00e1 preparada para essa alfabetiza\u00e7\u00e3o. Inclusive, n\u00f3s j\u00e1 temos crian\u00e7as que saem alfabetizadas at\u00e9 do Infantil 5. E a gente quer ampliar esse \u00edndice para um n\u00famero cada vez maior de crian\u00e7as, com todo o planejamento que a gente tem. Se hoje a gente tem uma fila de cadastro, de vaga para os nossos CMEIs zerado, quer dizer que as nossas crian\u00e7as est\u00e3o sendo inseridas cada vez mais cedo no processo de educa\u00e7\u00e3o. Isso proporciona um resultado positivo l\u00e1 na frente, na alfabetiza\u00e7\u00e3o delas\u201d, concluiu a secret\u00e1ria.<\/span><\/p>\n","protected":false},"excerpt":{"rendered":"<p>Os quase 12 mil alunos da rede municipal de educa\u00e7\u00e3o de Camb\u00e9 iniciam o ano letivo de 2025 nesta segunda-feira (3). E a Secretaria Municipal de Educa\u00e7\u00e3o e Cultura est\u00e1 acertando os \u00faltimos detalhes para receber todos os estudantes j\u00e1 com uniformes e material escolar no primeiro dia, forma\u00e7\u00e3o continuada para os professores e planejamento [&hellip;]<\/p>\n","protected":false},"author":16,"featured_media":0,"comment_status":"closed","ping_status":"closed","sticky":false,"template":"","format":"standard","meta":{"ngg_post_thumbnail":0,"footnotes":""},"categories":[1],"tags":[],"class_list":["post-15951","post","type-post","status-publish","format-standard","hentry","category-principal"],"yoast_head":"<!-- This site is optimized with the Yoast SEO plugin v27.4 - https:\/\/yoast.com\/product\/yoast-seo-wordpress\/ -->\n<title>Volta \u00e0s aulas em Camb\u00e9 ser\u00e1 na segunda-feira (3); confira detalhes - Prefeitura de Camb\u00e9<\/title>\n<meta name=\"robots\" content=\"index, follow, max-snippet:-1, max-image-preview:large, max-video-preview:-1\" \/>\n<link rel=\"canonical\" href=\"https:\/\/www.cambe.pr.gov.br\/index.php\/volta-as-aulas-em-cambe-serao-na-segunda-feira-3-confira-detalhes\/\" \/>\n<meta property=\"og:locale\" content=\"pt_BR\" \/>\n<meta property=\"og:type\" content=\"article\" \/>\n<meta property=\"og:title\" content=\"Volta \u00e0s aulas em Camb\u00e9 ser\u00e1 na segunda-feira (3); confira detalhes - Prefeitura de Camb\u00e9\" \/>\n<meta property=\"og:description\" content=\"Os quase 12 mil alunos da rede municipal de educa\u00e7\u00e3o de Camb\u00e9 iniciam o ano letivo de 2025 nesta segunda-feira (3). E a Secretaria Municipal de Educa\u00e7\u00e3o e Cultura est\u00e1 acertando os \u00faltimos detalhes para receber todos os estudantes j\u00e1 com uniformes e material escolar no primeiro dia, forma\u00e7\u00e3o continuada para os professores e planejamento [&hellip;]\" \/>\n<meta property=\"og:url\" content=\"https:\/\/www.cambe.pr.gov.br\/index.php\/volta-as-aulas-em-cambe-serao-na-segunda-feira-3-confira-detalhes\/\" \/>\n<meta property=\"og:site_name\" content=\"Prefeitura de Camb\u00e9\" \/>\n<meta property=\"article:publisher\" content=\"https:\/\/m.facebook.com\/prefeituradecambe\" \/>\n<meta property=\"article:published_time\" content=\"2025-01-28T18:25:15+00:00\" \/>\n<meta property=\"article:modified_time\" content=\"2025-01-28T18:29:38+00:00\" \/>\n<meta property=\"og:image\" content=\"https:\/\/www.cambe.pr.gov.br\/wp-content\/uploads\/2024\/06\/DSC_0060-1024x678.jpg\" \/>\n<meta name=\"author\" content=\"Vinicius Augusto Batista Eira\" \/>\n<meta name=\"twitter:card\" content=\"summary_large_image\" \/>\n<meta name=\"twitter:label1\" content=\"Escrito por\" \/>\n\t<meta name=\"twitter:data1\" content=\"Vinicius Augusto Batista Eira\" \/>\n\t<meta name=\"twitter:label2\" content=\"Est. tempo de leitura\" \/>\n\t<meta name=\"twitter:data2\" content=\"6 minutos\" \/>\n<script type=\"application\/ld+json\" class=\"yoast-schema-graph\">{\"@context\":\"https:\\\/\\\/schema.org\",\"@graph\":[{\"@type\":\"Article\",\"@id\":\"https:\\\/\\\/www.cambe.pr.gov.br\\\/index.php\\\/volta-as-aulas-em-cambe-serao-na-segunda-feira-3-confira-detalhes\\\/#article\",\"isPartOf\":{\"@id\":\"https:\\\/\\\/www.cambe.pr.gov.br\\\/index.php\\\/volta-as-aulas-em-cambe-serao-na-segunda-feira-3-confira-detalhes\\\/\"},\"author\":{\"name\":\"Vinicius Augusto Batista Eira\",\"@id\":\"https:\\\/\\\/www.cambe.pr.gov.br\\\/#\\\/schema\\\/person\\\/8e3ee69cb2cadf4b9f8377407227effd\"},\"headline\":\"Volta \u00e0s aulas em Camb\u00e9 ser\u00e1 na segunda-feira (3); confira detalhes\",\"datePublished\":\"2025-01-28T18:25:15+00:00\",\"dateModified\":\"2025-01-28T18:29:38+00:00\",\"mainEntityOfPage\":{\"@id\":\"https:\\\/\\\/www.cambe.pr.gov.br\\\/index.php\\\/volta-as-aulas-em-cambe-serao-na-segunda-feira-3-confira-detalhes\\\/\"},\"wordCount\":1081,\"publisher\":{\"@id\":\"https:\\\/\\\/www.cambe.pr.gov.br\\\/#organization\"},\"image\":{\"@id\":\"https:\\\/\\\/www.cambe.pr.gov.br\\\/index.php\\\/volta-as-aulas-em-cambe-serao-na-segunda-feira-3-confira-detalhes\\\/#primaryimage\"},\"thumbnailUrl\":\"https:\\\/\\\/www.cambe.pr.gov.br\\\/wp-content\\\/uploads\\\/2024\\\/06\\\/DSC_0060-1024x678.jpg\",\"articleSection\":[\"Principal\"],\"inLanguage\":\"pt-BR\"},{\"@type\":\"WebPage\",\"@id\":\"https:\\\/\\\/www.cambe.pr.gov.br\\\/index.php\\\/volta-as-aulas-em-cambe-serao-na-segunda-feira-3-confira-detalhes\\\/\",\"url\":\"https:\\\/\\\/www.cambe.pr.gov.br\\\/index.php\\\/volta-as-aulas-em-cambe-serao-na-segunda-feira-3-confira-detalhes\\\/\",\"name\":\"Volta \u00e0s aulas em Camb\u00e9 ser\u00e1 na segunda-feira (3); confira detalhes - Prefeitura de Camb\u00e9\",\"isPartOf\":{\"@id\":\"https:\\\/\\\/www.cambe.pr.gov.br\\\/#website\"},\"primaryImageOfPage\":{\"@id\":\"https:\\\/\\\/www.cambe.pr.gov.br\\\/index.php\\\/volta-as-aulas-em-cambe-serao-na-segunda-feira-3-confira-detalhes\\\/#primaryimage\"},\"image\":{\"@id\":\"https:\\\/\\\/www.cambe.pr.gov.br\\\/index.php\\\/volta-as-aulas-em-cambe-serao-na-segunda-feira-3-confira-detalhes\\\/#primaryimage\"},\"thumbnailUrl\":\"https:\\\/\\\/www.cambe.pr.gov.br\\\/wp-content\\\/uploads\\\/2024\\\/06\\\/DSC_0060-1024x678.jpg\",\"datePublished\":\"2025-01-28T18:25:15+00:00\",\"dateModified\":\"2025-01-28T18:29:38+00:00\",\"breadcrumb\":{\"@id\":\"https:\\\/\\\/www.cambe.pr.gov.br\\\/index.php\\\/volta-as-aulas-em-cambe-serao-na-segunda-feira-3-confira-detalhes\\\/#breadcrumb\"},\"inLanguage\":\"pt-BR\",\"potentialAction\":[{\"@type\":\"ReadAction\",\"target\":[\"https:\\\/\\\/www.cambe.pr.gov.br\\\/index.php\\\/volta-as-aulas-em-cambe-serao-na-segunda-feira-3-confira-detalhes\\\/\"]}]},{\"@type\":\"ImageObject\",\"inLanguage\":\"pt-BR\",\"@id\":\"https:\\\/\\\/www.cambe.pr.gov.br\\\/index.php\\\/volta-as-aulas-em-cambe-serao-na-segunda-feira-3-confira-detalhes\\\/#primaryimage\",\"url\":\"https:\\\/\\\/www.cambe.pr.gov.br\\\/wp-content\\\/uploads\\\/2024\\\/06\\\/DSC_0060-scaled.jpg\",\"contentUrl\":\"https:\\\/\\\/www.cambe.pr.gov.br\\\/wp-content\\\/uploads\\\/2024\\\/06\\\/DSC_0060-scaled.jpg\",\"width\":2560,\"height\":1696},{\"@type\":\"BreadcrumbList\",\"@id\":\"https:\\\/\\\/www.cambe.pr.gov.br\\\/index.php\\\/volta-as-aulas-em-cambe-serao-na-segunda-feira-3-confira-detalhes\\\/#breadcrumb\",\"itemListElement\":[{\"@type\":\"ListItem\",\"position\":1,\"name\":\"In\u00edcio\",\"item\":\"https:\\\/\\\/www.cambe.pr.gov.br\\\/\"},{\"@type\":\"ListItem\",\"position\":2,\"name\":\"Volta \u00e0s aulas em Camb\u00e9 ser\u00e1 na segunda-feira (3); confira detalhes\"}]},{\"@type\":\"WebSite\",\"@id\":\"https:\\\/\\\/www.cambe.pr.gov.br\\\/#website\",\"url\":\"https:\\\/\\\/www.cambe.pr.gov.br\\\/\",\"name\":\"Prefeitura de Camb\u00e9\",\"description\":\"UM GOVERNO PARA TODOS\",\"publisher\":{\"@id\":\"https:\\\/\\\/www.cambe.pr.gov.br\\\/#organization\"},\"potentialAction\":[{\"@type\":\"SearchAction\",\"target\":{\"@type\":\"EntryPoint\",\"urlTemplate\":\"https:\\\/\\\/www.cambe.pr.gov.br\\\/?s={search_term_string}\"},\"query-input\":{\"@type\":\"PropertyValueSpecification\",\"valueRequired\":true,\"valueName\":\"search_term_string\"}}],\"inLanguage\":\"pt-BR\"},{\"@type\":\"Organization\",\"@id\":\"https:\\\/\\\/www.cambe.pr.gov.br\\\/#organization\",\"name\":\"Prefeitura de Camb\u00e9\",\"url\":\"https:\\\/\\\/www.cambe.pr.gov.br\\\/\",\"logo\":{\"@type\":\"ImageObject\",\"inLanguage\":\"pt-BR\",\"@id\":\"https:\\\/\\\/www.cambe.pr.gov.br\\\/#\\\/schema\\\/logo\\\/image\\\/\",\"url\":\"https:\\\/\\\/www.cambe.pr.gov.br\\\/wp-content\\\/uploads\\\/2021\\\/01\\\/cropped-cropped-cambe_brazao-icone.png\",\"contentUrl\":\"https:\\\/\\\/www.cambe.pr.gov.br\\\/wp-content\\\/uploads\\\/2021\\\/01\\\/cropped-cropped-cambe_brazao-icone.png\",\"width\":240,\"height\":240,\"caption\":\"Prefeitura de Camb\u00e9\"},\"image\":{\"@id\":\"https:\\\/\\\/www.cambe.pr.gov.br\\\/#\\\/schema\\\/logo\\\/image\\\/\"},\"sameAs\":[\"https:\\\/\\\/m.facebook.com\\\/prefeituradecambe\"]},{\"@type\":\"Person\",\"@id\":\"https:\\\/\\\/www.cambe.pr.gov.br\\\/#\\\/schema\\\/person\\\/8e3ee69cb2cadf4b9f8377407227effd\",\"name\":\"Vinicius Augusto Batista Eira\",\"image\":{\"@type\":\"ImageObject\",\"inLanguage\":\"pt-BR\",\"@id\":\"https:\\\/\\\/secure.gravatar.com\\\/avatar\\\/1ec500de7013b30e1d4d7c8c3978f0e4433c37e5d5e4cd186239369c6440122b?s=96&d=mm&r=g\",\"url\":\"https:\\\/\\\/secure.gravatar.com\\\/avatar\\\/1ec500de7013b30e1d4d7c8c3978f0e4433c37e5d5e4cd186239369c6440122b?s=96&d=mm&r=g\",\"contentUrl\":\"https:\\\/\\\/secure.gravatar.com\\\/avatar\\\/1ec500de7013b30e1d4d7c8c3978f0e4433c37e5d5e4cd186239369c6440122b?s=96&d=mm&r=g\",\"caption\":\"Vinicius Augusto Batista Eira\"},\"url\":\"https:\\\/\\\/www.cambe.pr.gov.br\\\/index.php\\\/author\\\/vabeira\\\/\"}]}<\/script>\n<!-- \/ Yoast SEO plugin. -->","yoast_head_json":{"title":"Volta \u00e0s aulas em Camb\u00e9 ser\u00e1 na segunda-feira (3); confira detalhes - Prefeitura de Camb\u00e9","robots":{"index":"index","follow":"follow","max-snippet":"max-snippet:-1","max-image-preview":"max-image-preview:large","max-video-preview":"max-video-preview:-1"},"canonical":"https:\/\/www.cambe.pr.gov.br\/index.php\/volta-as-aulas-em-cambe-serao-na-segunda-feira-3-confira-detalhes\/","og_locale":"pt_BR","og_type":"article","og_title":"Volta \u00e0s aulas em Camb\u00e9 ser\u00e1 na segunda-feira (3); confira detalhes - Prefeitura de Camb\u00e9","og_description":"Os quase 12 mil alunos da rede municipal de educa\u00e7\u00e3o de Camb\u00e9 iniciam o ano letivo de 2025 nesta segunda-feira (3). E a Secretaria Municipal de Educa\u00e7\u00e3o e Cultura est\u00e1 acertando os \u00faltimos detalhes para receber todos os estudantes j\u00e1 com uniformes e material escolar no primeiro dia, forma\u00e7\u00e3o continuada para os professores e planejamento [&hellip;]","og_url":"https:\/\/www.cambe.pr.gov.br\/index.php\/volta-as-aulas-em-cambe-serao-na-segunda-feira-3-confira-detalhes\/","og_site_name":"Prefeitura de Camb\u00e9","article_publisher":"https:\/\/m.facebook.com\/prefeituradecambe","article_published_time":"2025-01-28T18:25:15+00:00","article_modified_time":"2025-01-28T18:29:38+00:00","og_image":[{"url":"https:\/\/www.cambe.pr.gov.br\/wp-content\/uploads\/2024\/06\/DSC_0060-1024x678.jpg","type":"","width":"","height":""}],"author":"Vinicius Augusto Batista Eira","twitter_card":"summary_large_image","twitter_misc":{"Escrito por":"Vinicius Augusto Batista Eira","Est. tempo de leitura":"6 minutos"},"schema":{"@context":"https:\/\/schema.org","@graph":[{"@type":"Article","@id":"https:\/\/www.cambe.pr.gov.br\/index.php\/volta-as-aulas-em-cambe-serao-na-segunda-feira-3-confira-detalhes\/#article","isPartOf":{"@id":"https:\/\/www.cambe.pr.gov.br\/index.php\/volta-as-aulas-em-cambe-serao-na-segunda-feira-3-confira-detalhes\/"},"author":{"name":"Vinicius Augusto Batista Eira","@id":"https:\/\/www.cambe.pr.gov.br\/#\/schema\/person\/8e3ee69cb2cadf4b9f8377407227effd"},"headline":"Volta \u00e0s aulas em Camb\u00e9 ser\u00e1 na segunda-feira (3); confira detalhes","datePublished":"2025-01-28T18:25:15+00:00","dateModified":"2025-01-28T18:29:38+00:00","mainEntityOfPage":{"@id":"https:\/\/www.cambe.pr.gov.br\/index.php\/volta-as-aulas-em-cambe-serao-na-segunda-feira-3-confira-detalhes\/"},"wordCount":1081,"publisher":{"@id":"https:\/\/www.cambe.pr.gov.br\/#organization"},"image":{"@id":"https:\/\/www.cambe.pr.gov.br\/index.php\/volta-as-aulas-em-cambe-serao-na-segunda-feira-3-confira-detalhes\/#primaryimage"},"thumbnailUrl":"https:\/\/www.cambe.pr.gov.br\/wp-content\/uploads\/2024\/06\/DSC_0060-1024x678.jpg","articleSection":["Principal"],"inLanguage":"pt-BR"},{"@type":"WebPage","@id":"https:\/\/www.cambe.pr.gov.br\/index.php\/volta-as-aulas-em-cambe-serao-na-segunda-feira-3-confira-detalhes\/","url":"https:\/\/www.cambe.pr.gov.br\/index.php\/volta-as-aulas-em-cambe-serao-na-segunda-feira-3-confira-detalhes\/","name":"Volta \u00e0s aulas em Camb\u00e9 ser\u00e1 na segunda-feira (3); confira detalhes - Prefeitura de Camb\u00e9","isPartOf":{"@id":"https:\/\/www.cambe.pr.gov.br\/#website"},"primaryImageOfPage":{"@id":"https:\/\/www.cambe.pr.gov.br\/index.php\/volta-as-aulas-em-cambe-serao-na-segunda-feira-3-confira-detalhes\/#primaryimage"},"image":{"@id":"https:\/\/www.cambe.pr.gov.br\/index.php\/volta-as-aulas-em-cambe-serao-na-segunda-feira-3-confira-detalhes\/#primaryimage"},"thumbnailUrl":"https:\/\/www.cambe.pr.gov.br\/wp-content\/uploads\/2024\/06\/DSC_0060-1024x678.jpg","datePublished":"2025-01-28T18:25:15+00:00","dateModified":"2025-01-28T18:29:38+00:00","breadcrumb":{"@id":"https:\/\/www.cambe.pr.gov.br\/index.php\/volta-as-aulas-em-cambe-serao-na-segunda-feira-3-confira-detalhes\/#breadcrumb"},"inLanguage":"pt-BR","potentialAction":[{"@type":"ReadAction","target":["https:\/\/www.cambe.pr.gov.br\/index.php\/volta-as-aulas-em-cambe-serao-na-segunda-feira-3-confira-detalhes\/"]}]},{"@type":"ImageObject","inLanguage":"pt-BR","@id":"https:\/\/www.cambe.pr.gov.br\/index.php\/volta-as-aulas-em-cambe-serao-na-segunda-feira-3-confira-detalhes\/#primaryimage","url":"https:\/\/www.cambe.pr.gov.br\/wp-content\/uploads\/2024\/06\/DSC_0060-scaled.jpg","contentUrl":"https:\/\/www.cambe.pr.gov.br\/wp-content\/uploads\/2024\/06\/DSC_0060-scaled.jpg","width":2560,"height":1696},{"@type":"BreadcrumbList","@id":"https:\/\/www.cambe.pr.gov.br\/index.php\/volta-as-aulas-em-cambe-serao-na-segunda-feira-3-confira-detalhes\/#breadcrumb","itemListElement":[{"@type":"ListItem","position":1,"name":"In\u00edcio","item":"https:\/\/www.cambe.pr.gov.br\/"},{"@type":"ListItem","position":2,"name":"Volta \u00e0s aulas em Camb\u00e9 ser\u00e1 na segunda-feira (3); confira detalhes"}]},{"@type":"WebSite","@id":"https:\/\/www.cambe.pr.gov.br\/#website","url":"https:\/\/www.cambe.pr.gov.br\/","name":"Prefeitura de Camb\u00e9","description":"UM GOVERNO PARA TODOS","publisher":{"@id":"https:\/\/www.cambe.pr.gov.br\/#organization"},"potentialAction":[{"@type":"SearchAction","target":{"@type":"EntryPoint","urlTemplate":"https:\/\/www.cambe.pr.gov.br\/?s={search_term_string}"},"query-input":{"@type":"PropertyValueSpecification","valueRequired":true,"valueName":"search_term_string"}}],"inLanguage":"pt-BR"},{"@type":"Organization","@id":"https:\/\/www.cambe.pr.gov.br\/#organization","name":"Prefeitura de Camb\u00e9","url":"https:\/\/www.cambe.pr.gov.br\/","logo":{"@type":"ImageObject","inLanguage":"pt-BR","@id":"https:\/\/www.cambe.pr.gov.br\/#\/schema\/logo\/image\/","url":"https:\/\/www.cambe.pr.gov.br\/wp-content\/uploads\/2021\/01\/cropped-cropped-cambe_brazao-icone.png","contentUrl":"https:\/\/www.cambe.pr.gov.br\/wp-content\/uploads\/2021\/01\/cropped-cropped-cambe_brazao-icone.png","width":240,"height":240,"caption":"Prefeitura de Camb\u00e9"},"image":{"@id":"https:\/\/www.cambe.pr.gov.br\/#\/schema\/logo\/image\/"},"sameAs":["https:\/\/m.facebook.com\/prefeituradecambe"]},{"@type":"Person","@id":"https:\/\/www.cambe.pr.gov.br\/#\/schema\/person\/8e3ee69cb2cadf4b9f8377407227effd","name":"Vinicius Augusto Batista Eira","image":{"@type":"ImageObject","inLanguage":"pt-BR","@id":"https:\/\/secure.gravatar.com\/avatar\/1ec500de7013b30e1d4d7c8c3978f0e4433c37e5d5e4cd186239369c6440122b?s=96&d=mm&r=g","url":"https:\/\/secure.gravatar.com\/avatar\/1ec500de7013b30e1d4d7c8c3978f0e4433c37e5d5e4cd186239369c6440122b?s=96&d=mm&r=g","contentUrl":"https:\/\/secure.gravatar.com\/avatar\/1ec500de7013b30e1d4d7c8c3978f0e4433c37e5d5e4cd186239369c6440122b?s=96&d=mm&r=g","caption":"Vinicius Augusto Batista Eira"},"url":"https:\/\/www.cambe.pr.gov.br\/index.php\/author\/vabeira\/"}]}},"_links":{"self":[{"href":"https:\/\/www.cambe.pr.gov.br\/index.php\/wp-json\/wp\/v2\/posts\/15951","targetHints":{"allow":["GET"]}}],"collection":[{"href":"https:\/\/www.cambe.pr.gov.br\/index.php\/wp-json\/wp\/v2\/posts"}],"about":[{"href":"https:\/\/www.cambe.pr.gov.br\/index.php\/wp-json\/wp\/v2\/types\/post"}],"author":[{"embeddable":true,"href":"https:\/\/www.cambe.pr.gov.br\/index.php\/wp-json\/wp\/v2\/users\/16"}],"replies":[{"embeddable":true,"href":"https:\/\/www.cambe.pr.gov.br\/index.php\/wp-json\/wp\/v2\/comments?post=15951"}],"version-history":[{"count":5,"href":"https:\/\/www.cambe.pr.gov.br\/index.php\/wp-json\/wp\/v2\/posts\/15951\/revisions"}],"predecessor-version":[{"id":15956,"href":"https:\/\/www.cambe.pr.gov.br\/index.php\/wp-json\/wp\/v2\/posts\/15951\/revisions\/15956"}],"wp:attachment":[{"href":"https:\/\/www.cambe.pr.gov.br\/index.php\/wp-json\/wp\/v2\/media?parent=15951"}],"wp:term":[{"taxonomy":"category","embeddable":true,"href":"https:\/\/www.cambe.pr.gov.br\/index.php\/wp-json\/wp\/v2\/categories?post=15951"},{"taxonomy":"post_tag","embeddable":true,"href":"https:\/\/www.cambe.pr.gov.br\/index.php\/wp-json\/wp\/v2\/tags?post=15951"}],"curies":[{"name":"wp","href":"https:\/\/api.w.org\/{rel}","templated":true}]}}