{"id":15946,"date":"2025-01-27T13:15:00","date_gmt":"2025-01-27T16:15:00","guid":{"rendered":"https:\/\/www.cambe.pr.gov.br\/?p=15946"},"modified":"2025-01-27T13:15:43","modified_gmt":"2025-01-27T16:15:43","slug":"prefeituras-de-cambe-e-londrina-firmam-acordo-para-reforma-de-ampliacao-da-ponte-do-panissa","status":"publish","type":"post","link":"https:\/\/www.cambe.pr.gov.br\/index.php\/prefeituras-de-cambe-e-londrina-firmam-acordo-para-reforma-de-ampliacao-da-ponte-do-panissa\/","title":{"rendered":"Prefeituras de Camb\u00e9 e Londrina firmam acordo para reforma de amplia\u00e7\u00e3o da Ponte do Panissa"},"content":{"rendered":"<div id=\"attachment_15948\" style=\"width: 620px\" class=\"wp-caption alignleft\"><img fetchpriority=\"high\" decoding=\"async\" aria-describedby=\"caption-attachment-15948\" class=\"size-large wp-image-15948\" src=\"https:\/\/www.cambe.pr.gov.br\/wp-content\/uploads\/2025\/01\/reuniao-ponte-entre-londrina-e-cambe-VH-1-1024x534.webp\" alt=\"\" width=\"610\" height=\"318\" srcset=\"https:\/\/www.cambe.pr.gov.br\/wp-content\/uploads\/2025\/01\/reuniao-ponte-entre-londrina-e-cambe-VH-1-1024x534.webp 1024w, https:\/\/www.cambe.pr.gov.br\/wp-content\/uploads\/2025\/01\/reuniao-ponte-entre-londrina-e-cambe-VH-1-300x156.webp 300w, https:\/\/www.cambe.pr.gov.br\/wp-content\/uploads\/2025\/01\/reuniao-ponte-entre-londrina-e-cambe-VH-1-768x400.webp 768w, https:\/\/www.cambe.pr.gov.br\/wp-content\/uploads\/2025\/01\/reuniao-ponte-entre-londrina-e-cambe-VH-1.webp 1170w\" sizes=\"(max-width: 610px) 100vw, 610px\" \/><p id=\"caption-attachment-15948\" class=\"wp-caption-text\">Os prefeitos de Camb\u00e9, Conrado Scheller, e Londrina, Tiago Amaral, firmaram acordo de coopera\u00e7\u00e3o financeira para a obra na Ponte do Panissa (Vivian Honorato\/NCom Londrina)<\/p><\/div>\n<p style=\"text-align: justify;\"><span style=\"font-weight: 400; font-family: arial, helvetica, sans-serif;\">Uma obra aguardada por anos pela comunidade local, ainda mais em per\u00edodos de fortes chuvas, enfim, vai sair do papel. Na \u00faltima sexta-feira (24), uma reuni\u00e3o entre os prefeitos de Camb\u00e9, Conrado Scheller, e Londrina, Tiago Amaral, selou um acordo de coopera\u00e7\u00e3o financeira entre os dois munic\u00edpios para a obra de reforma e amplia\u00e7\u00e3o da estrutura da Ponte do Panissa, que fica na divisa entre as duas cidades. A licita\u00e7\u00e3o do servi\u00e7o deve acontecer nos pr\u00f3ximos meses, e visa trazer al\u00edvio aos moradores da regi\u00e3o que sofrem mais no ver\u00e3o, j\u00e1 que a estrutura n\u00e3o suporta a vaz\u00e3o de \u00e1gua em dias de grandes chuvas e afeta diretamente pedestres, motoristas, \u00f4nibus e caminh\u00f5es.<\/span><\/p>\n<p style=\"text-align: justify;\"><span style=\"font-weight: 400; font-family: arial, helvetica, sans-serif;\">Ainda em 2023, a Prefeitura de Camb\u00e9 contratou uma empresa para fazer projetos executivos de reconstru\u00e7\u00e3o de oito pontes na cidade, entre elas a do Panissa. Com isso, a Prefeitura custeou toda essa primeira etapa de planejamento e defini\u00e7\u00e3o da melhor alternativa para o problema local. Agora, com a reuni\u00e3o, ficou definido que Camb\u00e9 e Londrina v\u00e3o assinar um termo de coopera\u00e7\u00e3o financeira para viabilizar a obra da nova ponte, com custos divididos.<\/span><\/p>\n<p style=\"text-align: justify;\"><span style=\"font-weight: 400; font-family: arial, helvetica, sans-serif;\">A Ponte do Panissa, assim como outras em Camb\u00e9, possui estrutura antiga, com tubula\u00e7\u00e3o pequena, que entope ou sobrecarrega em dias de chuva intensa, causando grande transtorno. Esses pontos de interven\u00e7\u00e3o passaram por estudos para definir se a melhor op\u00e7\u00e3o \u00e9 a reconstru\u00e7\u00e3o da ponte ou a coloca\u00e7\u00e3o do sistema de tubula\u00e7\u00e3o de aduelas. Tudo \u00e9 feito por meio de laudo t\u00e9cnico, levantamento de vegeta\u00e7\u00e3o, sondagem de solo, estudo hidrol\u00f3gico da bacia, an\u00e1lise de galerias e do tra\u00e7ado geom\u00e9trico, e diagn\u00f3stico para funda\u00e7\u00e3o e da via. Posteriormente, s\u00e3o feitos os projetos geom\u00e9tricos, da ponte ou aduela, sistema de drenagem, terraplanagem, pavimenta\u00e7\u00e3o, recupera\u00e7\u00e3o de taludes ou projeto de conten\u00e7\u00e3o, remanejamento de interfer\u00eancias, ilumina\u00e7\u00e3o, sinaliza\u00e7\u00e3o e autoriza\u00e7\u00e3o ambiental com o Instituto de \u00c1gua e Terra (IAT).<\/span><\/p>\n<p style=\"text-align: justify;\"><span style=\"font-weight: 400; font-family: arial, helvetica, sans-serif;\">O prefeito Conrado Scheller ressaltou que a Prefeitura de Camb\u00e9 vem buscando resolver esse problema h\u00e1 alguns anos, mas por conta de alguns entraves com a administra\u00e7\u00e3o anterior de Londrina, o projeto n\u00e3o avan\u00e7ava. Gra\u00e7as a raz\u00e3o e bom trabalho em conjunto com o prefeito Tiago Amaral, agora a nova ponte vai sair do papel. \u201c\u00c9 um momento muito importante para a cidade de Camb\u00e9, de Londrina e todos que passam por aquela regi\u00e3o. N\u00f3s t\u00ednhamos j\u00e1 um acordo com a Prefeitura de Londrina que n\u00e3o avan\u00e7ava. E agradecemos publicamente o prefeito Tiago Amaral que rapidamente quando percebeu esse problema que tem naquela regi\u00e3o entre Camb\u00e9 e Londrina j\u00e1 convocou os t\u00e9cnicos da Prefeitura de Londrina, eu tamb\u00e9m chamei os meus, definimos o modelo que vai ser tra\u00e7ado essa ponte e avan\u00e7amos em todos os tr\u00e2mites. Ent\u00e3o, os conflitos que existiam foram todos exclu\u00eddos e agora n\u00f3s vamos partir para a licita\u00e7\u00e3o, que esperamos que seja r\u00e1pida, para resolvermos de uma vez por todas esse problema de d\u00e9cadas\u201d, destacou o prefeito Conrado.<\/span><\/p>\n<p style=\"text-align: justify;\"><span style=\"font-weight: 400; font-family: arial, helvetica, sans-serif;\">O prefeito de Londrina, Tiago Amaral, celebrou a parceria com Camb\u00e9 para resolver um problema que afeta a vida da popula\u00e7\u00e3o das duas cidades j\u00e1 h\u00e1 alguns anos. \u201c\u00c9 determina\u00e7\u00e3o entre os dois chefes das duas cidades. N\u00f3s chamamos as duas equipes aqui hoje, meu secret\u00e1rio de Obras junto com o secret\u00e1rio de Planejamento de Camb\u00e9 e decidimos resolver essa quest\u00e3o de uma vez por todas, porque \u00e9 um ponto em que o londrinense e o cambeense est\u00e3o sofrendo. Esse \u00e9 o tipo de decis\u00e3o que n\u00e3o pode demorar. E Camb\u00e9 tomou a dianteira j\u00e1 h\u00e1 algum tempo, fez o projeto e se disp\u00f4s, inclusive, a iniciar o processo de execu\u00e7\u00e3o da obra e v\u00e3o mandar metade da conta. O pr\u00f3ximo passo \u00e9 o detalhamento do projeto e colocar isso para frente. Acredito que rapidamente, nos pr\u00f3ximos dias, a gente deve ter essa defini\u00e7\u00e3o\u201d.<\/span><\/p>\n","protected":false},"excerpt":{"rendered":"<p>Uma obra aguardada por anos pela comunidade local, ainda mais em per\u00edodos de fortes chuvas, enfim, vai sair do papel. Na \u00faltima sexta-feira (24), uma reuni\u00e3o entre os prefeitos de Camb\u00e9, Conrado Scheller, e Londrina, Tiago Amaral, selou um acordo de coopera\u00e7\u00e3o financeira entre os dois munic\u00edpios para a obra de reforma e amplia\u00e7\u00e3o da [&hellip;]<\/p>\n","protected":false},"author":16,"featured_media":0,"comment_status":"closed","ping_status":"closed","sticky":false,"template":"","format":"standard","meta":{"ngg_post_thumbnail":0,"footnotes":""},"categories":[1],"tags":[],"class_list":["post-15946","post","type-post","status-publish","format-standard","hentry","category-principal"],"yoast_head":"<!-- This site is optimized with the Yoast SEO plugin v27.4 - https:\/\/yoast.com\/product\/yoast-seo-wordpress\/ -->\n<title>Prefeituras de Camb\u00e9 e Londrina firmam acordo para reforma de amplia\u00e7\u00e3o da Ponte do Panissa - Prefeitura de Camb\u00e9<\/title>\n<meta name=\"robots\" content=\"index, follow, max-snippet:-1, max-image-preview:large, max-video-preview:-1\" \/>\n<link rel=\"canonical\" href=\"https:\/\/www.cambe.pr.gov.br\/index.php\/prefeituras-de-cambe-e-londrina-firmam-acordo-para-reforma-de-ampliacao-da-ponte-do-panissa\/\" \/>\n<meta property=\"og:locale\" content=\"pt_BR\" \/>\n<meta property=\"og:type\" content=\"article\" \/>\n<meta property=\"og:title\" content=\"Prefeituras de Camb\u00e9 e Londrina firmam acordo para reforma de amplia\u00e7\u00e3o da Ponte do Panissa - Prefeitura de Camb\u00e9\" \/>\n<meta property=\"og:description\" content=\"Uma obra aguardada por anos pela comunidade local, ainda mais em per\u00edodos de fortes chuvas, enfim, vai sair do papel. Na \u00faltima sexta-feira (24), uma reuni\u00e3o entre os prefeitos de Camb\u00e9, Conrado Scheller, e Londrina, Tiago Amaral, selou um acordo de coopera\u00e7\u00e3o financeira entre os dois munic\u00edpios para a obra de reforma e amplia\u00e7\u00e3o da [&hellip;]\" \/>\n<meta property=\"og:url\" content=\"https:\/\/www.cambe.pr.gov.br\/index.php\/prefeituras-de-cambe-e-londrina-firmam-acordo-para-reforma-de-ampliacao-da-ponte-do-panissa\/\" \/>\n<meta property=\"og:site_name\" content=\"Prefeitura de Camb\u00e9\" \/>\n<meta property=\"article:publisher\" content=\"https:\/\/m.facebook.com\/prefeituradecambe\" \/>\n<meta property=\"article:published_time\" content=\"2025-01-27T16:15:00+00:00\" \/>\n<meta property=\"article:modified_time\" content=\"2025-01-27T16:15:43+00:00\" \/>\n<meta property=\"og:image\" content=\"https:\/\/www.cambe.pr.gov.br\/wp-content\/uploads\/2025\/01\/reuniao-ponte-entre-londrina-e-cambe-VH-1-1024x534.webp\" \/>\n<meta name=\"author\" content=\"Vinicius Augusto Batista Eira\" \/>\n<meta name=\"twitter:card\" content=\"summary_large_image\" \/>\n<meta name=\"twitter:label1\" content=\"Escrito por\" \/>\n\t<meta name=\"twitter:data1\" content=\"Vinicius Augusto Batista Eira\" \/>\n\t<meta name=\"twitter:label2\" content=\"Est. tempo de leitura\" \/>\n\t<meta name=\"twitter:data2\" content=\"4 minutos\" \/>\n<script type=\"application\/ld+json\" class=\"yoast-schema-graph\">{\"@context\":\"https:\\\/\\\/schema.org\",\"@graph\":[{\"@type\":\"Article\",\"@id\":\"https:\\\/\\\/www.cambe.pr.gov.br\\\/index.php\\\/prefeituras-de-cambe-e-londrina-firmam-acordo-para-reforma-de-ampliacao-da-ponte-do-panissa\\\/#article\",\"isPartOf\":{\"@id\":\"https:\\\/\\\/www.cambe.pr.gov.br\\\/index.php\\\/prefeituras-de-cambe-e-londrina-firmam-acordo-para-reforma-de-ampliacao-da-ponte-do-panissa\\\/\"},\"author\":{\"name\":\"Vinicius Augusto Batista Eira\",\"@id\":\"https:\\\/\\\/www.cambe.pr.gov.br\\\/#\\\/schema\\\/person\\\/8e3ee69cb2cadf4b9f8377407227effd\"},\"headline\":\"Prefeituras de Camb\u00e9 e Londrina firmam acordo para reforma de amplia\u00e7\u00e3o da Ponte do Panissa\",\"datePublished\":\"2025-01-27T16:15:00+00:00\",\"dateModified\":\"2025-01-27T16:15:43+00:00\",\"mainEntityOfPage\":{\"@id\":\"https:\\\/\\\/www.cambe.pr.gov.br\\\/index.php\\\/prefeituras-de-cambe-e-londrina-firmam-acordo-para-reforma-de-ampliacao-da-ponte-do-panissa\\\/\"},\"wordCount\":746,\"publisher\":{\"@id\":\"https:\\\/\\\/www.cambe.pr.gov.br\\\/#organization\"},\"image\":{\"@id\":\"https:\\\/\\\/www.cambe.pr.gov.br\\\/index.php\\\/prefeituras-de-cambe-e-londrina-firmam-acordo-para-reforma-de-ampliacao-da-ponte-do-panissa\\\/#primaryimage\"},\"thumbnailUrl\":\"https:\\\/\\\/www.cambe.pr.gov.br\\\/wp-content\\\/uploads\\\/2025\\\/01\\\/reuniao-ponte-entre-londrina-e-cambe-VH-1-1024x534.webp\",\"articleSection\":[\"Principal\"],\"inLanguage\":\"pt-BR\"},{\"@type\":\"WebPage\",\"@id\":\"https:\\\/\\\/www.cambe.pr.gov.br\\\/index.php\\\/prefeituras-de-cambe-e-londrina-firmam-acordo-para-reforma-de-ampliacao-da-ponte-do-panissa\\\/\",\"url\":\"https:\\\/\\\/www.cambe.pr.gov.br\\\/index.php\\\/prefeituras-de-cambe-e-londrina-firmam-acordo-para-reforma-de-ampliacao-da-ponte-do-panissa\\\/\",\"name\":\"Prefeituras de Camb\u00e9 e Londrina firmam acordo para reforma de amplia\u00e7\u00e3o da Ponte do Panissa - Prefeitura de Camb\u00e9\",\"isPartOf\":{\"@id\":\"https:\\\/\\\/www.cambe.pr.gov.br\\\/#website\"},\"primaryImageOfPage\":{\"@id\":\"https:\\\/\\\/www.cambe.pr.gov.br\\\/index.php\\\/prefeituras-de-cambe-e-londrina-firmam-acordo-para-reforma-de-ampliacao-da-ponte-do-panissa\\\/#primaryimage\"},\"image\":{\"@id\":\"https:\\\/\\\/www.cambe.pr.gov.br\\\/index.php\\\/prefeituras-de-cambe-e-londrina-firmam-acordo-para-reforma-de-ampliacao-da-ponte-do-panissa\\\/#primaryimage\"},\"thumbnailUrl\":\"https:\\\/\\\/www.cambe.pr.gov.br\\\/wp-content\\\/uploads\\\/2025\\\/01\\\/reuniao-ponte-entre-londrina-e-cambe-VH-1-1024x534.webp\",\"datePublished\":\"2025-01-27T16:15:00+00:00\",\"dateModified\":\"2025-01-27T16:15:43+00:00\",\"breadcrumb\":{\"@id\":\"https:\\\/\\\/www.cambe.pr.gov.br\\\/index.php\\\/prefeituras-de-cambe-e-londrina-firmam-acordo-para-reforma-de-ampliacao-da-ponte-do-panissa\\\/#breadcrumb\"},\"inLanguage\":\"pt-BR\",\"potentialAction\":[{\"@type\":\"ReadAction\",\"target\":[\"https:\\\/\\\/www.cambe.pr.gov.br\\\/index.php\\\/prefeituras-de-cambe-e-londrina-firmam-acordo-para-reforma-de-ampliacao-da-ponte-do-panissa\\\/\"]}]},{\"@type\":\"ImageObject\",\"inLanguage\":\"pt-BR\",\"@id\":\"https:\\\/\\\/www.cambe.pr.gov.br\\\/index.php\\\/prefeituras-de-cambe-e-londrina-firmam-acordo-para-reforma-de-ampliacao-da-ponte-do-panissa\\\/#primaryimage\",\"url\":\"https:\\\/\\\/www.cambe.pr.gov.br\\\/wp-content\\\/uploads\\\/2025\\\/01\\\/reuniao-ponte-entre-londrina-e-cambe-VH-1.webp\",\"contentUrl\":\"https:\\\/\\\/www.cambe.pr.gov.br\\\/wp-content\\\/uploads\\\/2025\\\/01\\\/reuniao-ponte-entre-londrina-e-cambe-VH-1.webp\",\"width\":1170,\"height\":610,\"caption\":\"Os prefeitos de Camb\u00e9, Conrado Scheller, e Londrina, Tiago Amaral, firmaram acordo de coopera\u00e7\u00e3o financeira para a obra de na Ponte do Panissa (Vivian Honorato\\\/NCom Londrina)\"},{\"@type\":\"BreadcrumbList\",\"@id\":\"https:\\\/\\\/www.cambe.pr.gov.br\\\/index.php\\\/prefeituras-de-cambe-e-londrina-firmam-acordo-para-reforma-de-ampliacao-da-ponte-do-panissa\\\/#breadcrumb\",\"itemListElement\":[{\"@type\":\"ListItem\",\"position\":1,\"name\":\"In\u00edcio\",\"item\":\"https:\\\/\\\/www.cambe.pr.gov.br\\\/\"},{\"@type\":\"ListItem\",\"position\":2,\"name\":\"Prefeituras de Camb\u00e9 e Londrina firmam acordo para reforma de amplia\u00e7\u00e3o da Ponte do Panissa\"}]},{\"@type\":\"WebSite\",\"@id\":\"https:\\\/\\\/www.cambe.pr.gov.br\\\/#website\",\"url\":\"https:\\\/\\\/www.cambe.pr.gov.br\\\/\",\"name\":\"Prefeitura de Camb\u00e9\",\"description\":\"UM GOVERNO PARA TODOS\",\"publisher\":{\"@id\":\"https:\\\/\\\/www.cambe.pr.gov.br\\\/#organization\"},\"potentialAction\":[{\"@type\":\"SearchAction\",\"target\":{\"@type\":\"EntryPoint\",\"urlTemplate\":\"https:\\\/\\\/www.cambe.pr.gov.br\\\/?s={search_term_string}\"},\"query-input\":{\"@type\":\"PropertyValueSpecification\",\"valueRequired\":true,\"valueName\":\"search_term_string\"}}],\"inLanguage\":\"pt-BR\"},{\"@type\":\"Organization\",\"@id\":\"https:\\\/\\\/www.cambe.pr.gov.br\\\/#organization\",\"name\":\"Prefeitura de Camb\u00e9\",\"url\":\"https:\\\/\\\/www.cambe.pr.gov.br\\\/\",\"logo\":{\"@type\":\"ImageObject\",\"inLanguage\":\"pt-BR\",\"@id\":\"https:\\\/\\\/www.cambe.pr.gov.br\\\/#\\\/schema\\\/logo\\\/image\\\/\",\"url\":\"https:\\\/\\\/www.cambe.pr.gov.br\\\/wp-content\\\/uploads\\\/2021\\\/01\\\/cropped-cropped-cambe_brazao-icone.png\",\"contentUrl\":\"https:\\\/\\\/www.cambe.pr.gov.br\\\/wp-content\\\/uploads\\\/2021\\\/01\\\/cropped-cropped-cambe_brazao-icone.png\",\"width\":240,\"height\":240,\"caption\":\"Prefeitura de Camb\u00e9\"},\"image\":{\"@id\":\"https:\\\/\\\/www.cambe.pr.gov.br\\\/#\\\/schema\\\/logo\\\/image\\\/\"},\"sameAs\":[\"https:\\\/\\\/m.facebook.com\\\/prefeituradecambe\"]},{\"@type\":\"Person\",\"@id\":\"https:\\\/\\\/www.cambe.pr.gov.br\\\/#\\\/schema\\\/person\\\/8e3ee69cb2cadf4b9f8377407227effd\",\"name\":\"Vinicius Augusto Batista Eira\",\"image\":{\"@type\":\"ImageObject\",\"inLanguage\":\"pt-BR\",\"@id\":\"https:\\\/\\\/secure.gravatar.com\\\/avatar\\\/1ec500de7013b30e1d4d7c8c3978f0e4433c37e5d5e4cd186239369c6440122b?s=96&d=mm&r=g\",\"url\":\"https:\\\/\\\/secure.gravatar.com\\\/avatar\\\/1ec500de7013b30e1d4d7c8c3978f0e4433c37e5d5e4cd186239369c6440122b?s=96&d=mm&r=g\",\"contentUrl\":\"https:\\\/\\\/secure.gravatar.com\\\/avatar\\\/1ec500de7013b30e1d4d7c8c3978f0e4433c37e5d5e4cd186239369c6440122b?s=96&d=mm&r=g\",\"caption\":\"Vinicius Augusto Batista Eira\"},\"url\":\"https:\\\/\\\/www.cambe.pr.gov.br\\\/index.php\\\/author\\\/vabeira\\\/\"}]}<\/script>\n<!-- \/ Yoast SEO plugin. -->","yoast_head_json":{"title":"Prefeituras de Camb\u00e9 e Londrina firmam acordo para reforma de amplia\u00e7\u00e3o da Ponte do Panissa - Prefeitura de Camb\u00e9","robots":{"index":"index","follow":"follow","max-snippet":"max-snippet:-1","max-image-preview":"max-image-preview:large","max-video-preview":"max-video-preview:-1"},"canonical":"https:\/\/www.cambe.pr.gov.br\/index.php\/prefeituras-de-cambe-e-londrina-firmam-acordo-para-reforma-de-ampliacao-da-ponte-do-panissa\/","og_locale":"pt_BR","og_type":"article","og_title":"Prefeituras de Camb\u00e9 e Londrina firmam acordo para reforma de amplia\u00e7\u00e3o da Ponte do Panissa - Prefeitura de Camb\u00e9","og_description":"Uma obra aguardada por anos pela comunidade local, ainda mais em per\u00edodos de fortes chuvas, enfim, vai sair do papel. Na \u00faltima sexta-feira (24), uma reuni\u00e3o entre os prefeitos de Camb\u00e9, Conrado Scheller, e Londrina, Tiago Amaral, selou um acordo de coopera\u00e7\u00e3o financeira entre os dois munic\u00edpios para a obra de reforma e amplia\u00e7\u00e3o da [&hellip;]","og_url":"https:\/\/www.cambe.pr.gov.br\/index.php\/prefeituras-de-cambe-e-londrina-firmam-acordo-para-reforma-de-ampliacao-da-ponte-do-panissa\/","og_site_name":"Prefeitura de Camb\u00e9","article_publisher":"https:\/\/m.facebook.com\/prefeituradecambe","article_published_time":"2025-01-27T16:15:00+00:00","article_modified_time":"2025-01-27T16:15:43+00:00","og_image":[{"url":"https:\/\/www.cambe.pr.gov.br\/wp-content\/uploads\/2025\/01\/reuniao-ponte-entre-londrina-e-cambe-VH-1-1024x534.webp","type":"","width":"","height":""}],"author":"Vinicius Augusto Batista Eira","twitter_card":"summary_large_image","twitter_misc":{"Escrito por":"Vinicius Augusto Batista Eira","Est. tempo de leitura":"4 minutos"},"schema":{"@context":"https:\/\/schema.org","@graph":[{"@type":"Article","@id":"https:\/\/www.cambe.pr.gov.br\/index.php\/prefeituras-de-cambe-e-londrina-firmam-acordo-para-reforma-de-ampliacao-da-ponte-do-panissa\/#article","isPartOf":{"@id":"https:\/\/www.cambe.pr.gov.br\/index.php\/prefeituras-de-cambe-e-londrina-firmam-acordo-para-reforma-de-ampliacao-da-ponte-do-panissa\/"},"author":{"name":"Vinicius Augusto Batista Eira","@id":"https:\/\/www.cambe.pr.gov.br\/#\/schema\/person\/8e3ee69cb2cadf4b9f8377407227effd"},"headline":"Prefeituras de Camb\u00e9 e Londrina firmam acordo para reforma de amplia\u00e7\u00e3o da Ponte do Panissa","datePublished":"2025-01-27T16:15:00+00:00","dateModified":"2025-01-27T16:15:43+00:00","mainEntityOfPage":{"@id":"https:\/\/www.cambe.pr.gov.br\/index.php\/prefeituras-de-cambe-e-londrina-firmam-acordo-para-reforma-de-ampliacao-da-ponte-do-panissa\/"},"wordCount":746,"publisher":{"@id":"https:\/\/www.cambe.pr.gov.br\/#organization"},"image":{"@id":"https:\/\/www.cambe.pr.gov.br\/index.php\/prefeituras-de-cambe-e-londrina-firmam-acordo-para-reforma-de-ampliacao-da-ponte-do-panissa\/#primaryimage"},"thumbnailUrl":"https:\/\/www.cambe.pr.gov.br\/wp-content\/uploads\/2025\/01\/reuniao-ponte-entre-londrina-e-cambe-VH-1-1024x534.webp","articleSection":["Principal"],"inLanguage":"pt-BR"},{"@type":"WebPage","@id":"https:\/\/www.cambe.pr.gov.br\/index.php\/prefeituras-de-cambe-e-londrina-firmam-acordo-para-reforma-de-ampliacao-da-ponte-do-panissa\/","url":"https:\/\/www.cambe.pr.gov.br\/index.php\/prefeituras-de-cambe-e-londrina-firmam-acordo-para-reforma-de-ampliacao-da-ponte-do-panissa\/","name":"Prefeituras de Camb\u00e9 e Londrina firmam acordo para reforma de amplia\u00e7\u00e3o da Ponte do Panissa - Prefeitura de Camb\u00e9","isPartOf":{"@id":"https:\/\/www.cambe.pr.gov.br\/#website"},"primaryImageOfPage":{"@id":"https:\/\/www.cambe.pr.gov.br\/index.php\/prefeituras-de-cambe-e-londrina-firmam-acordo-para-reforma-de-ampliacao-da-ponte-do-panissa\/#primaryimage"},"image":{"@id":"https:\/\/www.cambe.pr.gov.br\/index.php\/prefeituras-de-cambe-e-londrina-firmam-acordo-para-reforma-de-ampliacao-da-ponte-do-panissa\/#primaryimage"},"thumbnailUrl":"https:\/\/www.cambe.pr.gov.br\/wp-content\/uploads\/2025\/01\/reuniao-ponte-entre-londrina-e-cambe-VH-1-1024x534.webp","datePublished":"2025-01-27T16:15:00+00:00","dateModified":"2025-01-27T16:15:43+00:00","breadcrumb":{"@id":"https:\/\/www.cambe.pr.gov.br\/index.php\/prefeituras-de-cambe-e-londrina-firmam-acordo-para-reforma-de-ampliacao-da-ponte-do-panissa\/#breadcrumb"},"inLanguage":"pt-BR","potentialAction":[{"@type":"ReadAction","target":["https:\/\/www.cambe.pr.gov.br\/index.php\/prefeituras-de-cambe-e-londrina-firmam-acordo-para-reforma-de-ampliacao-da-ponte-do-panissa\/"]}]},{"@type":"ImageObject","inLanguage":"pt-BR","@id":"https:\/\/www.cambe.pr.gov.br\/index.php\/prefeituras-de-cambe-e-londrina-firmam-acordo-para-reforma-de-ampliacao-da-ponte-do-panissa\/#primaryimage","url":"https:\/\/www.cambe.pr.gov.br\/wp-content\/uploads\/2025\/01\/reuniao-ponte-entre-londrina-e-cambe-VH-1.webp","contentUrl":"https:\/\/www.cambe.pr.gov.br\/wp-content\/uploads\/2025\/01\/reuniao-ponte-entre-londrina-e-cambe-VH-1.webp","width":1170,"height":610,"caption":"Os prefeitos de Camb\u00e9, Conrado Scheller, e Londrina, Tiago Amaral, firmaram acordo de coopera\u00e7\u00e3o financeira para a obra de na Ponte do Panissa (Vivian Honorato\/NCom Londrina)"},{"@type":"BreadcrumbList","@id":"https:\/\/www.cambe.pr.gov.br\/index.php\/prefeituras-de-cambe-e-londrina-firmam-acordo-para-reforma-de-ampliacao-da-ponte-do-panissa\/#breadcrumb","itemListElement":[{"@type":"ListItem","position":1,"name":"In\u00edcio","item":"https:\/\/www.cambe.pr.gov.br\/"},{"@type":"ListItem","position":2,"name":"Prefeituras de Camb\u00e9 e Londrina firmam acordo para reforma de amplia\u00e7\u00e3o da Ponte do Panissa"}]},{"@type":"WebSite","@id":"https:\/\/www.cambe.pr.gov.br\/#website","url":"https:\/\/www.cambe.pr.gov.br\/","name":"Prefeitura de Camb\u00e9","description":"UM GOVERNO PARA TODOS","publisher":{"@id":"https:\/\/www.cambe.pr.gov.br\/#organization"},"potentialAction":[{"@type":"SearchAction","target":{"@type":"EntryPoint","urlTemplate":"https:\/\/www.cambe.pr.gov.br\/?s={search_term_string}"},"query-input":{"@type":"PropertyValueSpecification","valueRequired":true,"valueName":"search_term_string"}}],"inLanguage":"pt-BR"},{"@type":"Organization","@id":"https:\/\/www.cambe.pr.gov.br\/#organization","name":"Prefeitura de Camb\u00e9","url":"https:\/\/www.cambe.pr.gov.br\/","logo":{"@type":"ImageObject","inLanguage":"pt-BR","@id":"https:\/\/www.cambe.pr.gov.br\/#\/schema\/logo\/image\/","url":"https:\/\/www.cambe.pr.gov.br\/wp-content\/uploads\/2021\/01\/cropped-cropped-cambe_brazao-icone.png","contentUrl":"https:\/\/www.cambe.pr.gov.br\/wp-content\/uploads\/2021\/01\/cropped-cropped-cambe_brazao-icone.png","width":240,"height":240,"caption":"Prefeitura de Camb\u00e9"},"image":{"@id":"https:\/\/www.cambe.pr.gov.br\/#\/schema\/logo\/image\/"},"sameAs":["https:\/\/m.facebook.com\/prefeituradecambe"]},{"@type":"Person","@id":"https:\/\/www.cambe.pr.gov.br\/#\/schema\/person\/8e3ee69cb2cadf4b9f8377407227effd","name":"Vinicius Augusto Batista Eira","image":{"@type":"ImageObject","inLanguage":"pt-BR","@id":"https:\/\/secure.gravatar.com\/avatar\/1ec500de7013b30e1d4d7c8c3978f0e4433c37e5d5e4cd186239369c6440122b?s=96&d=mm&r=g","url":"https:\/\/secure.gravatar.com\/avatar\/1ec500de7013b30e1d4d7c8c3978f0e4433c37e5d5e4cd186239369c6440122b?s=96&d=mm&r=g","contentUrl":"https:\/\/secure.gravatar.com\/avatar\/1ec500de7013b30e1d4d7c8c3978f0e4433c37e5d5e4cd186239369c6440122b?s=96&d=mm&r=g","caption":"Vinicius Augusto Batista Eira"},"url":"https:\/\/www.cambe.pr.gov.br\/index.php\/author\/vabeira\/"}]}},"_links":{"self":[{"href":"https:\/\/www.cambe.pr.gov.br\/index.php\/wp-json\/wp\/v2\/posts\/15946","targetHints":{"allow":["GET"]}}],"collection":[{"href":"https:\/\/www.cambe.pr.gov.br\/index.php\/wp-json\/wp\/v2\/posts"}],"about":[{"href":"https:\/\/www.cambe.pr.gov.br\/index.php\/wp-json\/wp\/v2\/types\/post"}],"author":[{"embeddable":true,"href":"https:\/\/www.cambe.pr.gov.br\/index.php\/wp-json\/wp\/v2\/users\/16"}],"replies":[{"embeddable":true,"href":"https:\/\/www.cambe.pr.gov.br\/index.php\/wp-json\/wp\/v2\/comments?post=15946"}],"version-history":[{"count":3,"href":"https:\/\/www.cambe.pr.gov.br\/index.php\/wp-json\/wp\/v2\/posts\/15946\/revisions"}],"predecessor-version":[{"id":15950,"href":"https:\/\/www.cambe.pr.gov.br\/index.php\/wp-json\/wp\/v2\/posts\/15946\/revisions\/15950"}],"wp:attachment":[{"href":"https:\/\/www.cambe.pr.gov.br\/index.php\/wp-json\/wp\/v2\/media?parent=15946"}],"wp:term":[{"taxonomy":"category","embeddable":true,"href":"https:\/\/www.cambe.pr.gov.br\/index.php\/wp-json\/wp\/v2\/categories?post=15946"},{"taxonomy":"post_tag","embeddable":true,"href":"https:\/\/www.cambe.pr.gov.br\/index.php\/wp-json\/wp\/v2\/tags?post=15946"}],"curies":[{"name":"wp","href":"https:\/\/api.w.org\/{rel}","templated":true}]}}