{"id":15915,"date":"2025-01-24T15:54:51","date_gmt":"2025-01-24T18:54:51","guid":{"rendered":"https:\/\/www.cambe.pr.gov.br\/?p=15915"},"modified":"2025-01-24T15:54:51","modified_gmt":"2025-01-24T18:54:51","slug":"prefeitura-intensifica-combate-ao-descarte-irregular-de-lixo-e-entulhos-em-locais-publicos","status":"publish","type":"post","link":"https:\/\/www.cambe.pr.gov.br\/index.php\/prefeitura-intensifica-combate-ao-descarte-irregular-de-lixo-e-entulhos-em-locais-publicos\/","title":{"rendered":"Prefeitura intensifica combate ao descarte irregular de lixo e entulhos em locais p\u00fablicos"},"content":{"rendered":"<p style=\"text-align: justify;\"><span style=\"font-weight: 400; font-family: arial, helvetica, sans-serif;\"><img fetchpriority=\"high\" decoding=\"async\" class=\"alignleft wp-image-15940 size-large\" src=\"https:\/\/www.cambe.pr.gov.br\/wp-content\/uploads\/2025\/01\/Imagem-do-WhatsApp-de-2025-01-24-as-15.53.12_982ecb91-1024x576.jpg\" alt=\"\" width=\"610\" height=\"343\" srcset=\"https:\/\/www.cambe.pr.gov.br\/wp-content\/uploads\/2025\/01\/Imagem-do-WhatsApp-de-2025-01-24-as-15.53.12_982ecb91-1024x576.jpg 1024w, https:\/\/www.cambe.pr.gov.br\/wp-content\/uploads\/2025\/01\/Imagem-do-WhatsApp-de-2025-01-24-as-15.53.12_982ecb91-300x169.jpg 300w, https:\/\/www.cambe.pr.gov.br\/wp-content\/uploads\/2025\/01\/Imagem-do-WhatsApp-de-2025-01-24-as-15.53.12_982ecb91-768x432.jpg 768w, https:\/\/www.cambe.pr.gov.br\/wp-content\/uploads\/2025\/01\/Imagem-do-WhatsApp-de-2025-01-24-as-15.53.12_982ecb91-1536x864.jpg 1536w, https:\/\/www.cambe.pr.gov.br\/wp-content\/uploads\/2025\/01\/Imagem-do-WhatsApp-de-2025-01-24-as-15.53.12_982ecb91.jpg 1600w\" sizes=\"(max-width: 610px) 100vw, 610px\" \/>O descarte irregular de lixo e entulho em espa\u00e7os p\u00fablicos \u00e9 um problema s\u00e9rio e afeta o bem-estar e qualidade de vida de toda a comunidade. Em Camb\u00e9 n\u00e3o \u00e9 diferente e a Prefeitura, atrav\u00e9s da Secretaria Municipal de Fiscaliza\u00e7\u00e3o Urbana, vem endurecendo medidas contra a pr\u00e1tica e pede a colabora\u00e7\u00e3o da popula\u00e7\u00e3o nas den\u00fancias e identifica\u00e7\u00e3o de infratores do crime. A multa para esse descarte pode ir de R$ 1.100 a mais de R$ 4.300.<\/span><\/p>\n<p style=\"text-align: justify;\"><span style=\"font-weight: 400; font-family: arial, helvetica, sans-serif;\">O secret\u00e1rio municipal de Fiscaliza\u00e7\u00e3o Urbana, Diogo Sola, explica que a Prefeitura vem recebendo uma s\u00e9rie de den\u00fancias de descarte irregular de lixo e entulhos em espa\u00e7os p\u00fablicos, fundos de vale e canteiros, e vem fazendo a sua parte, mantendo esses locais limpos. No entanto, em alguns bairros, essa limpeza precisa ser feita semanalmente.<\/span><\/p>\n<p style=\"text-align: justify;\"><span style=\"font-weight: 400; font-family: arial, helvetica, sans-serif;\">\u201cAl\u00e9m de deixar a cidade com apar\u00eancia desagrad\u00e1vel, isso representa um risco iminente \u00e0 sa\u00fade p\u00fablica, como a prolifera\u00e7\u00e3o de insetos, roedores e outros vetores de doen\u00e7as\u201d, ressaltou o secret\u00e1rio.\u00a0<\/span><\/p>\n<p style=\"text-align: justify;\"><span style=\"font-weight: 400; font-family: arial, helvetica, sans-serif;\">Quatro artigos do C\u00f3digo de Posturas do munic\u00edpio (artigos 118, 122, 125 e 132) vetam a pr\u00e1tica, proibindo jogar lixo de qualquer origem, entulhos, restos de materiais de constru\u00e7\u00e3o, galhos, cad\u00e1veres de animais, res\u00edduos de limpeza ou qualquer material inc\u00f4modo, nocivo ou material perigoso \u00e0 popula\u00e7\u00e3o em espa\u00e7os p\u00fablicos, lotes, glebas vazias ou \u00e1reas de preserva\u00e7\u00e3o permanente. O c\u00f3digo de posturas determina ainda que o praticante do crime receba multa correspondente ao valor de cinco a 20 Unidades Fiscais de Camb\u00e9. Hoje, esse valor seria de R$ 1.088,50 a R$ 4.354,00.<\/span><\/p>\n<p>&nbsp;<\/p>\n<p style=\"text-align: justify;\"><strong><span style=\"font-family: arial, helvetica, sans-serif;\">Identifica\u00e7\u00e3o de autores do crime e colabora\u00e7\u00e3o da comunidade<\/span><\/strong><\/p>\n<p style=\"text-align: justify;\"><span style=\"font-weight: 400; font-family: arial, helvetica, sans-serif;\">No entanto, segundo o secret\u00e1rio, o maior desafio hoje para coibir a pr\u00e1tica e manter a cidade sempre limpa \u00e9 a identifica\u00e7\u00e3o dos autores. Por isso, a Prefeitura faz um apelo e pede a ajuda da comunidade, n\u00e3o s\u00f3 mantendo os espa\u00e7os p\u00fablicos limpos como estendendo isso para vizinhos e familiares, mas tamb\u00e9m denunciando quem pratica.<\/span><\/p>\n<p style=\"text-align: justify;\"><span style=\"font-weight: 400; font-family: arial, helvetica, sans-serif;\">\u201cSe voc\u00ea presenciar algu\u00e9m descartando o lixo irregularmente, denuncie nos canais oficiais da Prefeitura. Se poss\u00edvel, envie provas com fotos ou v\u00eddeos que possam identificar essas pessoas respons\u00e1veis. A colabora\u00e7\u00e3o da popula\u00e7\u00e3o \u00e9 fundamental para enfrentarmos e resolvermos esse problema juntos\u201d, afirmou Sola.<\/span><\/p>\n<p style=\"text-align: justify;\"><span style=\"font-weight: 400; font-family: arial, helvetica, sans-serif;\">Caso tenha fotos ou v\u00eddeos de algu\u00e9m descartando lixo irregularmente, entre em contato com a Ouvidoria Municipal nos telefones 156 ou (43) 3174-2771; pelo e-mail ouvidoria@cambe.pr.gov.br; no site, clicando <strong><a href=\"http:\/\/sistema.cambe.pr.gov.br:8082\/ouvidoria\/orgaos\/123\/fale_ouvidor.php\">neste link<\/a><\/strong>; ou pessoalmente, na sede da ouvidoria, localizada na Rua Par\u00e1, 126. Voc\u00ea tamb\u00e9m pode procurar diretamente a Secretaria de Fiscaliza\u00e7\u00e3o Urbana, no telefone (43) 3174-0359, pelo e-mail posturas@cambe.pr.gov.br ou na Avenida Inglaterra, 491. A den\u00fancia \u00e9 sigilosa.<\/span><\/p>\n","protected":false},"excerpt":{"rendered":"<p>O descarte irregular de lixo e entulho em espa\u00e7os p\u00fablicos \u00e9 um problema s\u00e9rio e afeta o bem-estar e qualidade de vida de toda a comunidade. Em Camb\u00e9 n\u00e3o \u00e9 diferente e a Prefeitura, atrav\u00e9s da Secretaria Municipal de Fiscaliza\u00e7\u00e3o Urbana, vem endurecendo medidas contra a pr\u00e1tica e pede a colabora\u00e7\u00e3o da popula\u00e7\u00e3o nas den\u00fancias [&hellip;]<\/p>\n","protected":false},"author":16,"featured_media":0,"comment_status":"closed","ping_status":"closed","sticky":false,"template":"","format":"standard","meta":{"ngg_post_thumbnail":0,"footnotes":""},"categories":[1],"tags":[],"class_list":["post-15915","post","type-post","status-publish","format-standard","hentry","category-principal"],"yoast_head":"<!-- This site is optimized with the Yoast SEO plugin v27.4 - https:\/\/yoast.com\/product\/yoast-seo-wordpress\/ -->\n<title>Prefeitura intensifica combate ao descarte irregular de lixo e entulhos em locais p\u00fablicos - Prefeitura de Camb\u00e9<\/title>\n<meta name=\"robots\" content=\"index, follow, max-snippet:-1, max-image-preview:large, max-video-preview:-1\" \/>\n<link rel=\"canonical\" href=\"https:\/\/www.cambe.pr.gov.br\/index.php\/prefeitura-intensifica-combate-ao-descarte-irregular-de-lixo-e-entulhos-em-locais-publicos\/\" \/>\n<meta property=\"og:locale\" content=\"pt_BR\" \/>\n<meta property=\"og:type\" content=\"article\" \/>\n<meta property=\"og:title\" content=\"Prefeitura intensifica combate ao descarte irregular de lixo e entulhos em locais p\u00fablicos - Prefeitura de Camb\u00e9\" \/>\n<meta property=\"og:description\" content=\"O descarte irregular de lixo e entulho em espa\u00e7os p\u00fablicos \u00e9 um problema s\u00e9rio e afeta o bem-estar e qualidade de vida de toda a comunidade. Em Camb\u00e9 n\u00e3o \u00e9 diferente e a Prefeitura, atrav\u00e9s da Secretaria Municipal de Fiscaliza\u00e7\u00e3o Urbana, vem endurecendo medidas contra a pr\u00e1tica e pede a colabora\u00e7\u00e3o da popula\u00e7\u00e3o nas den\u00fancias [&hellip;]\" \/>\n<meta property=\"og:url\" content=\"https:\/\/www.cambe.pr.gov.br\/index.php\/prefeitura-intensifica-combate-ao-descarte-irregular-de-lixo-e-entulhos-em-locais-publicos\/\" \/>\n<meta property=\"og:site_name\" content=\"Prefeitura de Camb\u00e9\" \/>\n<meta property=\"article:publisher\" content=\"https:\/\/m.facebook.com\/prefeituradecambe\" \/>\n<meta property=\"article:published_time\" content=\"2025-01-24T18:54:51+00:00\" \/>\n<meta property=\"og:image\" content=\"https:\/\/www.cambe.pr.gov.br\/wp-content\/uploads\/2025\/01\/Imagem-do-WhatsApp-de-2025-01-24-as-15.53.12_982ecb91-1024x576.jpg\" \/>\n<meta name=\"author\" content=\"Vinicius Augusto Batista Eira\" \/>\n<meta name=\"twitter:card\" content=\"summary_large_image\" \/>\n<meta name=\"twitter:label1\" content=\"Escrito por\" \/>\n\t<meta name=\"twitter:data1\" content=\"Vinicius Augusto Batista Eira\" \/>\n\t<meta name=\"twitter:label2\" content=\"Est. tempo de leitura\" \/>\n\t<meta name=\"twitter:data2\" content=\"3 minutos\" \/>\n<script type=\"application\/ld+json\" class=\"yoast-schema-graph\">{\"@context\":\"https:\\\/\\\/schema.org\",\"@graph\":[{\"@type\":\"Article\",\"@id\":\"https:\\\/\\\/www.cambe.pr.gov.br\\\/index.php\\\/prefeitura-intensifica-combate-ao-descarte-irregular-de-lixo-e-entulhos-em-locais-publicos\\\/#article\",\"isPartOf\":{\"@id\":\"https:\\\/\\\/www.cambe.pr.gov.br\\\/index.php\\\/prefeitura-intensifica-combate-ao-descarte-irregular-de-lixo-e-entulhos-em-locais-publicos\\\/\"},\"author\":{\"name\":\"Vinicius Augusto Batista Eira\",\"@id\":\"https:\\\/\\\/www.cambe.pr.gov.br\\\/#\\\/schema\\\/person\\\/8e3ee69cb2cadf4b9f8377407227effd\"},\"headline\":\"Prefeitura intensifica combate ao descarte irregular de lixo e entulhos em locais p\u00fablicos\",\"datePublished\":\"2025-01-24T18:54:51+00:00\",\"mainEntityOfPage\":{\"@id\":\"https:\\\/\\\/www.cambe.pr.gov.br\\\/index.php\\\/prefeitura-intensifica-combate-ao-descarte-irregular-de-lixo-e-entulhos-em-locais-publicos\\\/\"},\"wordCount\":486,\"publisher\":{\"@id\":\"https:\\\/\\\/www.cambe.pr.gov.br\\\/#organization\"},\"image\":{\"@id\":\"https:\\\/\\\/www.cambe.pr.gov.br\\\/index.php\\\/prefeitura-intensifica-combate-ao-descarte-irregular-de-lixo-e-entulhos-em-locais-publicos\\\/#primaryimage\"},\"thumbnailUrl\":\"https:\\\/\\\/www.cambe.pr.gov.br\\\/wp-content\\\/uploads\\\/2025\\\/01\\\/Imagem-do-WhatsApp-de-2025-01-24-as-15.53.12_982ecb91-1024x576.jpg\",\"articleSection\":[\"Principal\"],\"inLanguage\":\"pt-BR\"},{\"@type\":\"WebPage\",\"@id\":\"https:\\\/\\\/www.cambe.pr.gov.br\\\/index.php\\\/prefeitura-intensifica-combate-ao-descarte-irregular-de-lixo-e-entulhos-em-locais-publicos\\\/\",\"url\":\"https:\\\/\\\/www.cambe.pr.gov.br\\\/index.php\\\/prefeitura-intensifica-combate-ao-descarte-irregular-de-lixo-e-entulhos-em-locais-publicos\\\/\",\"name\":\"Prefeitura intensifica combate ao descarte irregular de lixo e entulhos em locais p\u00fablicos - Prefeitura de Camb\u00e9\",\"isPartOf\":{\"@id\":\"https:\\\/\\\/www.cambe.pr.gov.br\\\/#website\"},\"primaryImageOfPage\":{\"@id\":\"https:\\\/\\\/www.cambe.pr.gov.br\\\/index.php\\\/prefeitura-intensifica-combate-ao-descarte-irregular-de-lixo-e-entulhos-em-locais-publicos\\\/#primaryimage\"},\"image\":{\"@id\":\"https:\\\/\\\/www.cambe.pr.gov.br\\\/index.php\\\/prefeitura-intensifica-combate-ao-descarte-irregular-de-lixo-e-entulhos-em-locais-publicos\\\/#primaryimage\"},\"thumbnailUrl\":\"https:\\\/\\\/www.cambe.pr.gov.br\\\/wp-content\\\/uploads\\\/2025\\\/01\\\/Imagem-do-WhatsApp-de-2025-01-24-as-15.53.12_982ecb91-1024x576.jpg\",\"datePublished\":\"2025-01-24T18:54:51+00:00\",\"breadcrumb\":{\"@id\":\"https:\\\/\\\/www.cambe.pr.gov.br\\\/index.php\\\/prefeitura-intensifica-combate-ao-descarte-irregular-de-lixo-e-entulhos-em-locais-publicos\\\/#breadcrumb\"},\"inLanguage\":\"pt-BR\",\"potentialAction\":[{\"@type\":\"ReadAction\",\"target\":[\"https:\\\/\\\/www.cambe.pr.gov.br\\\/index.php\\\/prefeitura-intensifica-combate-ao-descarte-irregular-de-lixo-e-entulhos-em-locais-publicos\\\/\"]}]},{\"@type\":\"ImageObject\",\"inLanguage\":\"pt-BR\",\"@id\":\"https:\\\/\\\/www.cambe.pr.gov.br\\\/index.php\\\/prefeitura-intensifica-combate-ao-descarte-irregular-de-lixo-e-entulhos-em-locais-publicos\\\/#primaryimage\",\"url\":\"https:\\\/\\\/www.cambe.pr.gov.br\\\/wp-content\\\/uploads\\\/2025\\\/01\\\/Imagem-do-WhatsApp-de-2025-01-24-as-15.53.12_982ecb91.jpg\",\"contentUrl\":\"https:\\\/\\\/www.cambe.pr.gov.br\\\/wp-content\\\/uploads\\\/2025\\\/01\\\/Imagem-do-WhatsApp-de-2025-01-24-as-15.53.12_982ecb91.jpg\",\"width\":1600,\"height\":900},{\"@type\":\"BreadcrumbList\",\"@id\":\"https:\\\/\\\/www.cambe.pr.gov.br\\\/index.php\\\/prefeitura-intensifica-combate-ao-descarte-irregular-de-lixo-e-entulhos-em-locais-publicos\\\/#breadcrumb\",\"itemListElement\":[{\"@type\":\"ListItem\",\"position\":1,\"name\":\"In\u00edcio\",\"item\":\"https:\\\/\\\/www.cambe.pr.gov.br\\\/\"},{\"@type\":\"ListItem\",\"position\":2,\"name\":\"Prefeitura intensifica combate ao descarte irregular de lixo e entulhos em locais p\u00fablicos\"}]},{\"@type\":\"WebSite\",\"@id\":\"https:\\\/\\\/www.cambe.pr.gov.br\\\/#website\",\"url\":\"https:\\\/\\\/www.cambe.pr.gov.br\\\/\",\"name\":\"Prefeitura de Camb\u00e9\",\"description\":\"UM GOVERNO PARA TODOS\",\"publisher\":{\"@id\":\"https:\\\/\\\/www.cambe.pr.gov.br\\\/#organization\"},\"potentialAction\":[{\"@type\":\"SearchAction\",\"target\":{\"@type\":\"EntryPoint\",\"urlTemplate\":\"https:\\\/\\\/www.cambe.pr.gov.br\\\/?s={search_term_string}\"},\"query-input\":{\"@type\":\"PropertyValueSpecification\",\"valueRequired\":true,\"valueName\":\"search_term_string\"}}],\"inLanguage\":\"pt-BR\"},{\"@type\":\"Organization\",\"@id\":\"https:\\\/\\\/www.cambe.pr.gov.br\\\/#organization\",\"name\":\"Prefeitura de Camb\u00e9\",\"url\":\"https:\\\/\\\/www.cambe.pr.gov.br\\\/\",\"logo\":{\"@type\":\"ImageObject\",\"inLanguage\":\"pt-BR\",\"@id\":\"https:\\\/\\\/www.cambe.pr.gov.br\\\/#\\\/schema\\\/logo\\\/image\\\/\",\"url\":\"https:\\\/\\\/www.cambe.pr.gov.br\\\/wp-content\\\/uploads\\\/2021\\\/01\\\/cropped-cropped-cambe_brazao-icone.png\",\"contentUrl\":\"https:\\\/\\\/www.cambe.pr.gov.br\\\/wp-content\\\/uploads\\\/2021\\\/01\\\/cropped-cropped-cambe_brazao-icone.png\",\"width\":240,\"height\":240,\"caption\":\"Prefeitura de Camb\u00e9\"},\"image\":{\"@id\":\"https:\\\/\\\/www.cambe.pr.gov.br\\\/#\\\/schema\\\/logo\\\/image\\\/\"},\"sameAs\":[\"https:\\\/\\\/m.facebook.com\\\/prefeituradecambe\"]},{\"@type\":\"Person\",\"@id\":\"https:\\\/\\\/www.cambe.pr.gov.br\\\/#\\\/schema\\\/person\\\/8e3ee69cb2cadf4b9f8377407227effd\",\"name\":\"Vinicius Augusto Batista Eira\",\"image\":{\"@type\":\"ImageObject\",\"inLanguage\":\"pt-BR\",\"@id\":\"https:\\\/\\\/secure.gravatar.com\\\/avatar\\\/1ec500de7013b30e1d4d7c8c3978f0e4433c37e5d5e4cd186239369c6440122b?s=96&d=mm&r=g\",\"url\":\"https:\\\/\\\/secure.gravatar.com\\\/avatar\\\/1ec500de7013b30e1d4d7c8c3978f0e4433c37e5d5e4cd186239369c6440122b?s=96&d=mm&r=g\",\"contentUrl\":\"https:\\\/\\\/secure.gravatar.com\\\/avatar\\\/1ec500de7013b30e1d4d7c8c3978f0e4433c37e5d5e4cd186239369c6440122b?s=96&d=mm&r=g\",\"caption\":\"Vinicius Augusto Batista Eira\"},\"url\":\"https:\\\/\\\/www.cambe.pr.gov.br\\\/index.php\\\/author\\\/vabeira\\\/\"}]}<\/script>\n<!-- \/ Yoast SEO plugin. -->","yoast_head_json":{"title":"Prefeitura intensifica combate ao descarte irregular de lixo e entulhos em locais p\u00fablicos - Prefeitura de Camb\u00e9","robots":{"index":"index","follow":"follow","max-snippet":"max-snippet:-1","max-image-preview":"max-image-preview:large","max-video-preview":"max-video-preview:-1"},"canonical":"https:\/\/www.cambe.pr.gov.br\/index.php\/prefeitura-intensifica-combate-ao-descarte-irregular-de-lixo-e-entulhos-em-locais-publicos\/","og_locale":"pt_BR","og_type":"article","og_title":"Prefeitura intensifica combate ao descarte irregular de lixo e entulhos em locais p\u00fablicos - Prefeitura de Camb\u00e9","og_description":"O descarte irregular de lixo e entulho em espa\u00e7os p\u00fablicos \u00e9 um problema s\u00e9rio e afeta o bem-estar e qualidade de vida de toda a comunidade. Em Camb\u00e9 n\u00e3o \u00e9 diferente e a Prefeitura, atrav\u00e9s da Secretaria Municipal de Fiscaliza\u00e7\u00e3o Urbana, vem endurecendo medidas contra a pr\u00e1tica e pede a colabora\u00e7\u00e3o da popula\u00e7\u00e3o nas den\u00fancias [&hellip;]","og_url":"https:\/\/www.cambe.pr.gov.br\/index.php\/prefeitura-intensifica-combate-ao-descarte-irregular-de-lixo-e-entulhos-em-locais-publicos\/","og_site_name":"Prefeitura de Camb\u00e9","article_publisher":"https:\/\/m.facebook.com\/prefeituradecambe","article_published_time":"2025-01-24T18:54:51+00:00","og_image":[{"url":"https:\/\/www.cambe.pr.gov.br\/wp-content\/uploads\/2025\/01\/Imagem-do-WhatsApp-de-2025-01-24-as-15.53.12_982ecb91-1024x576.jpg","type":"","width":"","height":""}],"author":"Vinicius Augusto Batista Eira","twitter_card":"summary_large_image","twitter_misc":{"Escrito por":"Vinicius Augusto Batista Eira","Est. tempo de leitura":"3 minutos"},"schema":{"@context":"https:\/\/schema.org","@graph":[{"@type":"Article","@id":"https:\/\/www.cambe.pr.gov.br\/index.php\/prefeitura-intensifica-combate-ao-descarte-irregular-de-lixo-e-entulhos-em-locais-publicos\/#article","isPartOf":{"@id":"https:\/\/www.cambe.pr.gov.br\/index.php\/prefeitura-intensifica-combate-ao-descarte-irregular-de-lixo-e-entulhos-em-locais-publicos\/"},"author":{"name":"Vinicius Augusto Batista Eira","@id":"https:\/\/www.cambe.pr.gov.br\/#\/schema\/person\/8e3ee69cb2cadf4b9f8377407227effd"},"headline":"Prefeitura intensifica combate ao descarte irregular de lixo e entulhos em locais p\u00fablicos","datePublished":"2025-01-24T18:54:51+00:00","mainEntityOfPage":{"@id":"https:\/\/www.cambe.pr.gov.br\/index.php\/prefeitura-intensifica-combate-ao-descarte-irregular-de-lixo-e-entulhos-em-locais-publicos\/"},"wordCount":486,"publisher":{"@id":"https:\/\/www.cambe.pr.gov.br\/#organization"},"image":{"@id":"https:\/\/www.cambe.pr.gov.br\/index.php\/prefeitura-intensifica-combate-ao-descarte-irregular-de-lixo-e-entulhos-em-locais-publicos\/#primaryimage"},"thumbnailUrl":"https:\/\/www.cambe.pr.gov.br\/wp-content\/uploads\/2025\/01\/Imagem-do-WhatsApp-de-2025-01-24-as-15.53.12_982ecb91-1024x576.jpg","articleSection":["Principal"],"inLanguage":"pt-BR"},{"@type":"WebPage","@id":"https:\/\/www.cambe.pr.gov.br\/index.php\/prefeitura-intensifica-combate-ao-descarte-irregular-de-lixo-e-entulhos-em-locais-publicos\/","url":"https:\/\/www.cambe.pr.gov.br\/index.php\/prefeitura-intensifica-combate-ao-descarte-irregular-de-lixo-e-entulhos-em-locais-publicos\/","name":"Prefeitura intensifica combate ao descarte irregular de lixo e entulhos em locais p\u00fablicos - Prefeitura de Camb\u00e9","isPartOf":{"@id":"https:\/\/www.cambe.pr.gov.br\/#website"},"primaryImageOfPage":{"@id":"https:\/\/www.cambe.pr.gov.br\/index.php\/prefeitura-intensifica-combate-ao-descarte-irregular-de-lixo-e-entulhos-em-locais-publicos\/#primaryimage"},"image":{"@id":"https:\/\/www.cambe.pr.gov.br\/index.php\/prefeitura-intensifica-combate-ao-descarte-irregular-de-lixo-e-entulhos-em-locais-publicos\/#primaryimage"},"thumbnailUrl":"https:\/\/www.cambe.pr.gov.br\/wp-content\/uploads\/2025\/01\/Imagem-do-WhatsApp-de-2025-01-24-as-15.53.12_982ecb91-1024x576.jpg","datePublished":"2025-01-24T18:54:51+00:00","breadcrumb":{"@id":"https:\/\/www.cambe.pr.gov.br\/index.php\/prefeitura-intensifica-combate-ao-descarte-irregular-de-lixo-e-entulhos-em-locais-publicos\/#breadcrumb"},"inLanguage":"pt-BR","potentialAction":[{"@type":"ReadAction","target":["https:\/\/www.cambe.pr.gov.br\/index.php\/prefeitura-intensifica-combate-ao-descarte-irregular-de-lixo-e-entulhos-em-locais-publicos\/"]}]},{"@type":"ImageObject","inLanguage":"pt-BR","@id":"https:\/\/www.cambe.pr.gov.br\/index.php\/prefeitura-intensifica-combate-ao-descarte-irregular-de-lixo-e-entulhos-em-locais-publicos\/#primaryimage","url":"https:\/\/www.cambe.pr.gov.br\/wp-content\/uploads\/2025\/01\/Imagem-do-WhatsApp-de-2025-01-24-as-15.53.12_982ecb91.jpg","contentUrl":"https:\/\/www.cambe.pr.gov.br\/wp-content\/uploads\/2025\/01\/Imagem-do-WhatsApp-de-2025-01-24-as-15.53.12_982ecb91.jpg","width":1600,"height":900},{"@type":"BreadcrumbList","@id":"https:\/\/www.cambe.pr.gov.br\/index.php\/prefeitura-intensifica-combate-ao-descarte-irregular-de-lixo-e-entulhos-em-locais-publicos\/#breadcrumb","itemListElement":[{"@type":"ListItem","position":1,"name":"In\u00edcio","item":"https:\/\/www.cambe.pr.gov.br\/"},{"@type":"ListItem","position":2,"name":"Prefeitura intensifica combate ao descarte irregular de lixo e entulhos em locais p\u00fablicos"}]},{"@type":"WebSite","@id":"https:\/\/www.cambe.pr.gov.br\/#website","url":"https:\/\/www.cambe.pr.gov.br\/","name":"Prefeitura de Camb\u00e9","description":"UM GOVERNO PARA TODOS","publisher":{"@id":"https:\/\/www.cambe.pr.gov.br\/#organization"},"potentialAction":[{"@type":"SearchAction","target":{"@type":"EntryPoint","urlTemplate":"https:\/\/www.cambe.pr.gov.br\/?s={search_term_string}"},"query-input":{"@type":"PropertyValueSpecification","valueRequired":true,"valueName":"search_term_string"}}],"inLanguage":"pt-BR"},{"@type":"Organization","@id":"https:\/\/www.cambe.pr.gov.br\/#organization","name":"Prefeitura de Camb\u00e9","url":"https:\/\/www.cambe.pr.gov.br\/","logo":{"@type":"ImageObject","inLanguage":"pt-BR","@id":"https:\/\/www.cambe.pr.gov.br\/#\/schema\/logo\/image\/","url":"https:\/\/www.cambe.pr.gov.br\/wp-content\/uploads\/2021\/01\/cropped-cropped-cambe_brazao-icone.png","contentUrl":"https:\/\/www.cambe.pr.gov.br\/wp-content\/uploads\/2021\/01\/cropped-cropped-cambe_brazao-icone.png","width":240,"height":240,"caption":"Prefeitura de Camb\u00e9"},"image":{"@id":"https:\/\/www.cambe.pr.gov.br\/#\/schema\/logo\/image\/"},"sameAs":["https:\/\/m.facebook.com\/prefeituradecambe"]},{"@type":"Person","@id":"https:\/\/www.cambe.pr.gov.br\/#\/schema\/person\/8e3ee69cb2cadf4b9f8377407227effd","name":"Vinicius Augusto Batista Eira","image":{"@type":"ImageObject","inLanguage":"pt-BR","@id":"https:\/\/secure.gravatar.com\/avatar\/1ec500de7013b30e1d4d7c8c3978f0e4433c37e5d5e4cd186239369c6440122b?s=96&d=mm&r=g","url":"https:\/\/secure.gravatar.com\/avatar\/1ec500de7013b30e1d4d7c8c3978f0e4433c37e5d5e4cd186239369c6440122b?s=96&d=mm&r=g","contentUrl":"https:\/\/secure.gravatar.com\/avatar\/1ec500de7013b30e1d4d7c8c3978f0e4433c37e5d5e4cd186239369c6440122b?s=96&d=mm&r=g","caption":"Vinicius Augusto Batista Eira"},"url":"https:\/\/www.cambe.pr.gov.br\/index.php\/author\/vabeira\/"}]}},"_links":{"self":[{"href":"https:\/\/www.cambe.pr.gov.br\/index.php\/wp-json\/wp\/v2\/posts\/15915","targetHints":{"allow":["GET"]}}],"collection":[{"href":"https:\/\/www.cambe.pr.gov.br\/index.php\/wp-json\/wp\/v2\/posts"}],"about":[{"href":"https:\/\/www.cambe.pr.gov.br\/index.php\/wp-json\/wp\/v2\/types\/post"}],"author":[{"embeddable":true,"href":"https:\/\/www.cambe.pr.gov.br\/index.php\/wp-json\/wp\/v2\/users\/16"}],"replies":[{"embeddable":true,"href":"https:\/\/www.cambe.pr.gov.br\/index.php\/wp-json\/wp\/v2\/comments?post=15915"}],"version-history":[{"count":4,"href":"https:\/\/www.cambe.pr.gov.br\/index.php\/wp-json\/wp\/v2\/posts\/15915\/revisions"}],"predecessor-version":[{"id":15941,"href":"https:\/\/www.cambe.pr.gov.br\/index.php\/wp-json\/wp\/v2\/posts\/15915\/revisions\/15941"}],"wp:attachment":[{"href":"https:\/\/www.cambe.pr.gov.br\/index.php\/wp-json\/wp\/v2\/media?parent=15915"}],"wp:term":[{"taxonomy":"category","embeddable":true,"href":"https:\/\/www.cambe.pr.gov.br\/index.php\/wp-json\/wp\/v2\/categories?post=15915"},{"taxonomy":"post_tag","embeddable":true,"href":"https:\/\/www.cambe.pr.gov.br\/index.php\/wp-json\/wp\/v2\/tags?post=15915"}],"curies":[{"name":"wp","href":"https:\/\/api.w.org\/{rel}","templated":true}]}}