{"id":15833,"date":"2025-01-15T12:37:15","date_gmt":"2025-01-15T15:37:15","guid":{"rendered":"https:\/\/www.cambe.pr.gov.br\/?p=15833"},"modified":"2025-01-15T13:19:50","modified_gmt":"2025-01-15T16:19:50","slug":"procon-divulga-cartilha-com-recomendacoes-para-volta-as-aulas-e-compra-do-material-escolar","status":"publish","type":"post","link":"https:\/\/www.cambe.pr.gov.br\/index.php\/procon-divulga-cartilha-com-recomendacoes-para-volta-as-aulas-e-compra-do-material-escolar\/","title":{"rendered":"Procon divulga cartilha com recomenda\u00e7\u00f5es para volta \u00e0s aulas e compra do material escolar"},"content":{"rendered":"<p style=\"text-align: justify;\"><span style=\"font-weight: 400; font-family: arial, helvetica, sans-serif;\"><img fetchpriority=\"high\" decoding=\"async\" class=\"alignleft size-large wp-image-15835\" src=\"https:\/\/www.cambe.pr.gov.br\/wp-content\/uploads\/2025\/01\/Imagem-do-WhatsApp-de-2025-01-15-as-11.35.43_e1d0700d-1024x678.jpg\" alt=\"\" width=\"610\" height=\"404\" srcset=\"https:\/\/www.cambe.pr.gov.br\/wp-content\/uploads\/2025\/01\/Imagem-do-WhatsApp-de-2025-01-15-as-11.35.43_e1d0700d-1024x678.jpg 1024w, https:\/\/www.cambe.pr.gov.br\/wp-content\/uploads\/2025\/01\/Imagem-do-WhatsApp-de-2025-01-15-as-11.35.43_e1d0700d-300x199.jpg 300w, https:\/\/www.cambe.pr.gov.br\/wp-content\/uploads\/2025\/01\/Imagem-do-WhatsApp-de-2025-01-15-as-11.35.43_e1d0700d-768x508.jpg 768w, https:\/\/www.cambe.pr.gov.br\/wp-content\/uploads\/2025\/01\/Imagem-do-WhatsApp-de-2025-01-15-as-11.35.43_e1d0700d-1536x1017.jpg 1536w, https:\/\/www.cambe.pr.gov.br\/wp-content\/uploads\/2025\/01\/Imagem-do-WhatsApp-de-2025-01-15-as-11.35.43_e1d0700d.jpg 1600w\" sizes=\"(max-width: 610px) 100vw, 610px\" \/>O Procon Paran\u00e1 publicou uma cartilha com recomenda\u00e7\u00f5es para a volta \u00e0s aulas, compra do material escolar e dicas sobre o ano letivo para pais e respons\u00e1veis. O documento integral pode ser acessado <a href=\"https:\/\/www.procon.pr.gov.br\/sites\/procon-pr\/arquivos_restritos\/files\/documento\/2025-01\/cartilha_escola_2025.1.pdf\" target=\"_blank\" rel=\"noopener\"><strong>clicando neste link<\/strong><\/a>, e tamb\u00e9m aborda dicas sobre valores de mensalidades, contratos e matr\u00edculas, transporte escolar, uniformes e cobran\u00e7a de segunda chamada.<\/span><\/p>\n<p style=\"text-align: justify;\"><span style=\"font-weight: 400; font-family: arial, helvetica, sans-serif;\">Para evitar ainda mais dor de cabe\u00e7a nesse in\u00edcio do ano com despesas de material escolar, o \u00f3rg\u00e3o ressalta que \u00e9 uma boa ideia reaproveitar sobras de materiais do \u00faltimo ano, ou comprar em quantidade maior com outros pais, garantindo descontos especiais.<\/span><\/p>\n<p style=\"text-align: justify;\"><span style=\"font-weight: 400; font-family: arial, helvetica, sans-serif;\">Al\u00e9m disso, a escola n\u00e3o pode impor que o aluno compre materiais de marcas espec\u00edficas ou indique locais para adquiri-los. O consumidor tem o direito de buscar os melhores pre\u00e7os e condi\u00e7\u00f5es de pagamento e \u00e9 sempre aconselh\u00e1vel fazer uma pesquisa comparativa antes da compra. A escola tamb\u00e9m n\u00e3o pode cobrar taxas adicionais, nem solicitar aos alunos materiais de uso coletivo, como canetas para quadro branco, produtos de limpeza, papel higi\u00eanico, copos, material de escrit\u00f3rio para uso da escola, entre outros.<\/span><\/p>\n<p>&nbsp;<\/p>\n<p style=\"text-align: justify;\"><strong><span style=\"font-family: arial, helvetica, sans-serif;\">Material escolar gratuito em Camb\u00e9<\/span><\/strong><\/p>\n<p style=\"text-align: justify;\"><span style=\"font-weight: 400; font-family: arial, helvetica, sans-serif;\">Desde 2023, Camb\u00e9 fornece todo o material escolar necess\u00e1rio, segundo a grade curricular de cada ano, para a rede municipal de ensino. Ao todo, s\u00e3o mais de 11 mil alunos que recebem l\u00e1pis, borracha, cadernos e outros itens, gerando mais igualdade social e oportunidades para todos. Para esse ano letivo, a Secretaria Municipal de Educa\u00e7\u00e3o e Cultura j\u00e1 encaminhou a compra do material, e a expectativa \u00e9 que os estudantes recebam os kits no in\u00edcio das aulas.<\/span><\/p>\n<p style=\"text-align: justify;\"><span style=\"font-weight: 400; font-family: arial, helvetica, sans-serif;\">Toda a cartilha pode ser <a href=\"https:\/\/www.procon.pr.gov.br\/sites\/procon-pr\/arquivos_restritos\/files\/documento\/2025-01\/cartilha_escola_2025.1.pdf\" target=\"_blank\" rel=\"noopener\"><strong>acessada aqui<\/strong><\/a>. Em caso de d\u00favidas ou reclama\u00e7\u00f5es em rela\u00e7\u00e3o ao material, ou algum outro t\u00f3pico escolar, \u00e9 s\u00f3 entrar em contato com o Procon de Camb\u00e9. O \u00f3rg\u00e3o fica na Rua Par\u00e1, 126, e funciona de segunda a sexta-feira, das 8h30 \u00e0s 11h30 e das 13h \u00e0s 17h, sempre com agendamento de hor\u00e1rio. O atendimento pelo telefone \u00e9 no 3174-2851. As solicita\u00e7\u00f5es podem ser registradas tamb\u00e9m pelo e-mail cambepr@procon.pr.gov.br.<\/span><\/p>\n","protected":false},"excerpt":{"rendered":"<p>O Procon Paran\u00e1 publicou uma cartilha com recomenda\u00e7\u00f5es para a volta \u00e0s aulas, compra do material escolar e dicas sobre o ano letivo para pais e respons\u00e1veis. O documento integral pode ser acessado clicando neste link, e tamb\u00e9m aborda dicas sobre valores de mensalidades, contratos e matr\u00edculas, transporte escolar, uniformes e cobran\u00e7a de segunda chamada. [&hellip;]<\/p>\n","protected":false},"author":16,"featured_media":0,"comment_status":"closed","ping_status":"closed","sticky":false,"template":"","format":"standard","meta":{"ngg_post_thumbnail":0,"footnotes":""},"categories":[1],"tags":[],"class_list":["post-15833","post","type-post","status-publish","format-standard","hentry","category-principal"],"yoast_head":"<!-- This site is optimized with the Yoast SEO plugin v27.4 - https:\/\/yoast.com\/product\/yoast-seo-wordpress\/ -->\n<title>Procon divulga cartilha com recomenda\u00e7\u00f5es para volta \u00e0s aulas e compra do material escolar - Prefeitura de Camb\u00e9<\/title>\n<meta name=\"robots\" content=\"index, follow, max-snippet:-1, max-image-preview:large, max-video-preview:-1\" \/>\n<link rel=\"canonical\" href=\"https:\/\/www.cambe.pr.gov.br\/index.php\/procon-divulga-cartilha-com-recomendacoes-para-volta-as-aulas-e-compra-do-material-escolar\/\" \/>\n<meta property=\"og:locale\" content=\"pt_BR\" \/>\n<meta property=\"og:type\" content=\"article\" \/>\n<meta property=\"og:title\" content=\"Procon divulga cartilha com recomenda\u00e7\u00f5es para volta \u00e0s aulas e compra do material escolar - Prefeitura de Camb\u00e9\" \/>\n<meta property=\"og:description\" content=\"O Procon Paran\u00e1 publicou uma cartilha com recomenda\u00e7\u00f5es para a volta \u00e0s aulas, compra do material escolar e dicas sobre o ano letivo para pais e respons\u00e1veis. O documento integral pode ser acessado clicando neste link, e tamb\u00e9m aborda dicas sobre valores de mensalidades, contratos e matr\u00edculas, transporte escolar, uniformes e cobran\u00e7a de segunda chamada. [&hellip;]\" \/>\n<meta property=\"og:url\" content=\"https:\/\/www.cambe.pr.gov.br\/index.php\/procon-divulga-cartilha-com-recomendacoes-para-volta-as-aulas-e-compra-do-material-escolar\/\" \/>\n<meta property=\"og:site_name\" content=\"Prefeitura de Camb\u00e9\" \/>\n<meta property=\"article:publisher\" content=\"https:\/\/m.facebook.com\/prefeituradecambe\" \/>\n<meta property=\"article:published_time\" content=\"2025-01-15T15:37:15+00:00\" \/>\n<meta property=\"article:modified_time\" content=\"2025-01-15T16:19:50+00:00\" \/>\n<meta property=\"og:image\" content=\"https:\/\/www.cambe.pr.gov.br\/wp-content\/uploads\/2025\/01\/Imagem-do-WhatsApp-de-2025-01-15-as-11.35.43_e1d0700d-1024x678.jpg\" \/>\n<meta name=\"author\" content=\"Vinicius Augusto Batista Eira\" \/>\n<meta name=\"twitter:card\" content=\"summary_large_image\" \/>\n<meta name=\"twitter:label1\" content=\"Escrito por\" \/>\n\t<meta name=\"twitter:data1\" content=\"Vinicius Augusto Batista Eira\" \/>\n\t<meta name=\"twitter:label2\" content=\"Est. tempo de leitura\" \/>\n\t<meta name=\"twitter:data2\" content=\"3 minutos\" \/>\n<script type=\"application\/ld+json\" class=\"yoast-schema-graph\">{\"@context\":\"https:\\\/\\\/schema.org\",\"@graph\":[{\"@type\":\"Article\",\"@id\":\"https:\\\/\\\/www.cambe.pr.gov.br\\\/index.php\\\/procon-divulga-cartilha-com-recomendacoes-para-volta-as-aulas-e-compra-do-material-escolar\\\/#article\",\"isPartOf\":{\"@id\":\"https:\\\/\\\/www.cambe.pr.gov.br\\\/index.php\\\/procon-divulga-cartilha-com-recomendacoes-para-volta-as-aulas-e-compra-do-material-escolar\\\/\"},\"author\":{\"name\":\"Vinicius Augusto Batista Eira\",\"@id\":\"https:\\\/\\\/www.cambe.pr.gov.br\\\/#\\\/schema\\\/person\\\/8e3ee69cb2cadf4b9f8377407227effd\"},\"headline\":\"Procon divulga cartilha com recomenda\u00e7\u00f5es para volta \u00e0s aulas e compra do material escolar\",\"datePublished\":\"2025-01-15T15:37:15+00:00\",\"dateModified\":\"2025-01-15T16:19:50+00:00\",\"mainEntityOfPage\":{\"@id\":\"https:\\\/\\\/www.cambe.pr.gov.br\\\/index.php\\\/procon-divulga-cartilha-com-recomendacoes-para-volta-as-aulas-e-compra-do-material-escolar\\\/\"},\"wordCount\":378,\"publisher\":{\"@id\":\"https:\\\/\\\/www.cambe.pr.gov.br\\\/#organization\"},\"image\":{\"@id\":\"https:\\\/\\\/www.cambe.pr.gov.br\\\/index.php\\\/procon-divulga-cartilha-com-recomendacoes-para-volta-as-aulas-e-compra-do-material-escolar\\\/#primaryimage\"},\"thumbnailUrl\":\"https:\\\/\\\/www.cambe.pr.gov.br\\\/wp-content\\\/uploads\\\/2025\\\/01\\\/Imagem-do-WhatsApp-de-2025-01-15-as-11.35.43_e1d0700d-1024x678.jpg\",\"articleSection\":[\"Principal\"],\"inLanguage\":\"pt-BR\"},{\"@type\":\"WebPage\",\"@id\":\"https:\\\/\\\/www.cambe.pr.gov.br\\\/index.php\\\/procon-divulga-cartilha-com-recomendacoes-para-volta-as-aulas-e-compra-do-material-escolar\\\/\",\"url\":\"https:\\\/\\\/www.cambe.pr.gov.br\\\/index.php\\\/procon-divulga-cartilha-com-recomendacoes-para-volta-as-aulas-e-compra-do-material-escolar\\\/\",\"name\":\"Procon divulga cartilha com recomenda\u00e7\u00f5es para volta \u00e0s aulas e compra do material escolar - Prefeitura de Camb\u00e9\",\"isPartOf\":{\"@id\":\"https:\\\/\\\/www.cambe.pr.gov.br\\\/#website\"},\"primaryImageOfPage\":{\"@id\":\"https:\\\/\\\/www.cambe.pr.gov.br\\\/index.php\\\/procon-divulga-cartilha-com-recomendacoes-para-volta-as-aulas-e-compra-do-material-escolar\\\/#primaryimage\"},\"image\":{\"@id\":\"https:\\\/\\\/www.cambe.pr.gov.br\\\/index.php\\\/procon-divulga-cartilha-com-recomendacoes-para-volta-as-aulas-e-compra-do-material-escolar\\\/#primaryimage\"},\"thumbnailUrl\":\"https:\\\/\\\/www.cambe.pr.gov.br\\\/wp-content\\\/uploads\\\/2025\\\/01\\\/Imagem-do-WhatsApp-de-2025-01-15-as-11.35.43_e1d0700d-1024x678.jpg\",\"datePublished\":\"2025-01-15T15:37:15+00:00\",\"dateModified\":\"2025-01-15T16:19:50+00:00\",\"breadcrumb\":{\"@id\":\"https:\\\/\\\/www.cambe.pr.gov.br\\\/index.php\\\/procon-divulga-cartilha-com-recomendacoes-para-volta-as-aulas-e-compra-do-material-escolar\\\/#breadcrumb\"},\"inLanguage\":\"pt-BR\",\"potentialAction\":[{\"@type\":\"ReadAction\",\"target\":[\"https:\\\/\\\/www.cambe.pr.gov.br\\\/index.php\\\/procon-divulga-cartilha-com-recomendacoes-para-volta-as-aulas-e-compra-do-material-escolar\\\/\"]}]},{\"@type\":\"ImageObject\",\"inLanguage\":\"pt-BR\",\"@id\":\"https:\\\/\\\/www.cambe.pr.gov.br\\\/index.php\\\/procon-divulga-cartilha-com-recomendacoes-para-volta-as-aulas-e-compra-do-material-escolar\\\/#primaryimage\",\"url\":\"https:\\\/\\\/www.cambe.pr.gov.br\\\/wp-content\\\/uploads\\\/2025\\\/01\\\/Imagem-do-WhatsApp-de-2025-01-15-as-11.35.43_e1d0700d.jpg\",\"contentUrl\":\"https:\\\/\\\/www.cambe.pr.gov.br\\\/wp-content\\\/uploads\\\/2025\\\/01\\\/Imagem-do-WhatsApp-de-2025-01-15-as-11.35.43_e1d0700d.jpg\",\"width\":1600,\"height\":1059},{\"@type\":\"BreadcrumbList\",\"@id\":\"https:\\\/\\\/www.cambe.pr.gov.br\\\/index.php\\\/procon-divulga-cartilha-com-recomendacoes-para-volta-as-aulas-e-compra-do-material-escolar\\\/#breadcrumb\",\"itemListElement\":[{\"@type\":\"ListItem\",\"position\":1,\"name\":\"In\u00edcio\",\"item\":\"https:\\\/\\\/www.cambe.pr.gov.br\\\/\"},{\"@type\":\"ListItem\",\"position\":2,\"name\":\"Procon divulga cartilha com recomenda\u00e7\u00f5es para volta \u00e0s aulas e compra do material escolar\"}]},{\"@type\":\"WebSite\",\"@id\":\"https:\\\/\\\/www.cambe.pr.gov.br\\\/#website\",\"url\":\"https:\\\/\\\/www.cambe.pr.gov.br\\\/\",\"name\":\"Prefeitura de Camb\u00e9\",\"description\":\"UM GOVERNO PARA TODOS\",\"publisher\":{\"@id\":\"https:\\\/\\\/www.cambe.pr.gov.br\\\/#organization\"},\"potentialAction\":[{\"@type\":\"SearchAction\",\"target\":{\"@type\":\"EntryPoint\",\"urlTemplate\":\"https:\\\/\\\/www.cambe.pr.gov.br\\\/?s={search_term_string}\"},\"query-input\":{\"@type\":\"PropertyValueSpecification\",\"valueRequired\":true,\"valueName\":\"search_term_string\"}}],\"inLanguage\":\"pt-BR\"},{\"@type\":\"Organization\",\"@id\":\"https:\\\/\\\/www.cambe.pr.gov.br\\\/#organization\",\"name\":\"Prefeitura de Camb\u00e9\",\"url\":\"https:\\\/\\\/www.cambe.pr.gov.br\\\/\",\"logo\":{\"@type\":\"ImageObject\",\"inLanguage\":\"pt-BR\",\"@id\":\"https:\\\/\\\/www.cambe.pr.gov.br\\\/#\\\/schema\\\/logo\\\/image\\\/\",\"url\":\"https:\\\/\\\/www.cambe.pr.gov.br\\\/wp-content\\\/uploads\\\/2021\\\/01\\\/cropped-cropped-cambe_brazao-icone.png\",\"contentUrl\":\"https:\\\/\\\/www.cambe.pr.gov.br\\\/wp-content\\\/uploads\\\/2021\\\/01\\\/cropped-cropped-cambe_brazao-icone.png\",\"width\":240,\"height\":240,\"caption\":\"Prefeitura de Camb\u00e9\"},\"image\":{\"@id\":\"https:\\\/\\\/www.cambe.pr.gov.br\\\/#\\\/schema\\\/logo\\\/image\\\/\"},\"sameAs\":[\"https:\\\/\\\/m.facebook.com\\\/prefeituradecambe\"]},{\"@type\":\"Person\",\"@id\":\"https:\\\/\\\/www.cambe.pr.gov.br\\\/#\\\/schema\\\/person\\\/8e3ee69cb2cadf4b9f8377407227effd\",\"name\":\"Vinicius Augusto Batista Eira\",\"image\":{\"@type\":\"ImageObject\",\"inLanguage\":\"pt-BR\",\"@id\":\"https:\\\/\\\/secure.gravatar.com\\\/avatar\\\/1ec500de7013b30e1d4d7c8c3978f0e4433c37e5d5e4cd186239369c6440122b?s=96&d=mm&r=g\",\"url\":\"https:\\\/\\\/secure.gravatar.com\\\/avatar\\\/1ec500de7013b30e1d4d7c8c3978f0e4433c37e5d5e4cd186239369c6440122b?s=96&d=mm&r=g\",\"contentUrl\":\"https:\\\/\\\/secure.gravatar.com\\\/avatar\\\/1ec500de7013b30e1d4d7c8c3978f0e4433c37e5d5e4cd186239369c6440122b?s=96&d=mm&r=g\",\"caption\":\"Vinicius Augusto Batista Eira\"},\"url\":\"https:\\\/\\\/www.cambe.pr.gov.br\\\/index.php\\\/author\\\/vabeira\\\/\"}]}<\/script>\n<!-- \/ Yoast SEO plugin. -->","yoast_head_json":{"title":"Procon divulga cartilha com recomenda\u00e7\u00f5es para volta \u00e0s aulas e compra do material escolar - Prefeitura de Camb\u00e9","robots":{"index":"index","follow":"follow","max-snippet":"max-snippet:-1","max-image-preview":"max-image-preview:large","max-video-preview":"max-video-preview:-1"},"canonical":"https:\/\/www.cambe.pr.gov.br\/index.php\/procon-divulga-cartilha-com-recomendacoes-para-volta-as-aulas-e-compra-do-material-escolar\/","og_locale":"pt_BR","og_type":"article","og_title":"Procon divulga cartilha com recomenda\u00e7\u00f5es para volta \u00e0s aulas e compra do material escolar - Prefeitura de Camb\u00e9","og_description":"O Procon Paran\u00e1 publicou uma cartilha com recomenda\u00e7\u00f5es para a volta \u00e0s aulas, compra do material escolar e dicas sobre o ano letivo para pais e respons\u00e1veis. O documento integral pode ser acessado clicando neste link, e tamb\u00e9m aborda dicas sobre valores de mensalidades, contratos e matr\u00edculas, transporte escolar, uniformes e cobran\u00e7a de segunda chamada. [&hellip;]","og_url":"https:\/\/www.cambe.pr.gov.br\/index.php\/procon-divulga-cartilha-com-recomendacoes-para-volta-as-aulas-e-compra-do-material-escolar\/","og_site_name":"Prefeitura de Camb\u00e9","article_publisher":"https:\/\/m.facebook.com\/prefeituradecambe","article_published_time":"2025-01-15T15:37:15+00:00","article_modified_time":"2025-01-15T16:19:50+00:00","og_image":[{"url":"https:\/\/www.cambe.pr.gov.br\/wp-content\/uploads\/2025\/01\/Imagem-do-WhatsApp-de-2025-01-15-as-11.35.43_e1d0700d-1024x678.jpg","type":"","width":"","height":""}],"author":"Vinicius Augusto Batista Eira","twitter_card":"summary_large_image","twitter_misc":{"Escrito por":"Vinicius Augusto Batista Eira","Est. tempo de leitura":"3 minutos"},"schema":{"@context":"https:\/\/schema.org","@graph":[{"@type":"Article","@id":"https:\/\/www.cambe.pr.gov.br\/index.php\/procon-divulga-cartilha-com-recomendacoes-para-volta-as-aulas-e-compra-do-material-escolar\/#article","isPartOf":{"@id":"https:\/\/www.cambe.pr.gov.br\/index.php\/procon-divulga-cartilha-com-recomendacoes-para-volta-as-aulas-e-compra-do-material-escolar\/"},"author":{"name":"Vinicius Augusto Batista Eira","@id":"https:\/\/www.cambe.pr.gov.br\/#\/schema\/person\/8e3ee69cb2cadf4b9f8377407227effd"},"headline":"Procon divulga cartilha com recomenda\u00e7\u00f5es para volta \u00e0s aulas e compra do material escolar","datePublished":"2025-01-15T15:37:15+00:00","dateModified":"2025-01-15T16:19:50+00:00","mainEntityOfPage":{"@id":"https:\/\/www.cambe.pr.gov.br\/index.php\/procon-divulga-cartilha-com-recomendacoes-para-volta-as-aulas-e-compra-do-material-escolar\/"},"wordCount":378,"publisher":{"@id":"https:\/\/www.cambe.pr.gov.br\/#organization"},"image":{"@id":"https:\/\/www.cambe.pr.gov.br\/index.php\/procon-divulga-cartilha-com-recomendacoes-para-volta-as-aulas-e-compra-do-material-escolar\/#primaryimage"},"thumbnailUrl":"https:\/\/www.cambe.pr.gov.br\/wp-content\/uploads\/2025\/01\/Imagem-do-WhatsApp-de-2025-01-15-as-11.35.43_e1d0700d-1024x678.jpg","articleSection":["Principal"],"inLanguage":"pt-BR"},{"@type":"WebPage","@id":"https:\/\/www.cambe.pr.gov.br\/index.php\/procon-divulga-cartilha-com-recomendacoes-para-volta-as-aulas-e-compra-do-material-escolar\/","url":"https:\/\/www.cambe.pr.gov.br\/index.php\/procon-divulga-cartilha-com-recomendacoes-para-volta-as-aulas-e-compra-do-material-escolar\/","name":"Procon divulga cartilha com recomenda\u00e7\u00f5es para volta \u00e0s aulas e compra do material escolar - Prefeitura de Camb\u00e9","isPartOf":{"@id":"https:\/\/www.cambe.pr.gov.br\/#website"},"primaryImageOfPage":{"@id":"https:\/\/www.cambe.pr.gov.br\/index.php\/procon-divulga-cartilha-com-recomendacoes-para-volta-as-aulas-e-compra-do-material-escolar\/#primaryimage"},"image":{"@id":"https:\/\/www.cambe.pr.gov.br\/index.php\/procon-divulga-cartilha-com-recomendacoes-para-volta-as-aulas-e-compra-do-material-escolar\/#primaryimage"},"thumbnailUrl":"https:\/\/www.cambe.pr.gov.br\/wp-content\/uploads\/2025\/01\/Imagem-do-WhatsApp-de-2025-01-15-as-11.35.43_e1d0700d-1024x678.jpg","datePublished":"2025-01-15T15:37:15+00:00","dateModified":"2025-01-15T16:19:50+00:00","breadcrumb":{"@id":"https:\/\/www.cambe.pr.gov.br\/index.php\/procon-divulga-cartilha-com-recomendacoes-para-volta-as-aulas-e-compra-do-material-escolar\/#breadcrumb"},"inLanguage":"pt-BR","potentialAction":[{"@type":"ReadAction","target":["https:\/\/www.cambe.pr.gov.br\/index.php\/procon-divulga-cartilha-com-recomendacoes-para-volta-as-aulas-e-compra-do-material-escolar\/"]}]},{"@type":"ImageObject","inLanguage":"pt-BR","@id":"https:\/\/www.cambe.pr.gov.br\/index.php\/procon-divulga-cartilha-com-recomendacoes-para-volta-as-aulas-e-compra-do-material-escolar\/#primaryimage","url":"https:\/\/www.cambe.pr.gov.br\/wp-content\/uploads\/2025\/01\/Imagem-do-WhatsApp-de-2025-01-15-as-11.35.43_e1d0700d.jpg","contentUrl":"https:\/\/www.cambe.pr.gov.br\/wp-content\/uploads\/2025\/01\/Imagem-do-WhatsApp-de-2025-01-15-as-11.35.43_e1d0700d.jpg","width":1600,"height":1059},{"@type":"BreadcrumbList","@id":"https:\/\/www.cambe.pr.gov.br\/index.php\/procon-divulga-cartilha-com-recomendacoes-para-volta-as-aulas-e-compra-do-material-escolar\/#breadcrumb","itemListElement":[{"@type":"ListItem","position":1,"name":"In\u00edcio","item":"https:\/\/www.cambe.pr.gov.br\/"},{"@type":"ListItem","position":2,"name":"Procon divulga cartilha com recomenda\u00e7\u00f5es para volta \u00e0s aulas e compra do material escolar"}]},{"@type":"WebSite","@id":"https:\/\/www.cambe.pr.gov.br\/#website","url":"https:\/\/www.cambe.pr.gov.br\/","name":"Prefeitura de Camb\u00e9","description":"UM GOVERNO PARA TODOS","publisher":{"@id":"https:\/\/www.cambe.pr.gov.br\/#organization"},"potentialAction":[{"@type":"SearchAction","target":{"@type":"EntryPoint","urlTemplate":"https:\/\/www.cambe.pr.gov.br\/?s={search_term_string}"},"query-input":{"@type":"PropertyValueSpecification","valueRequired":true,"valueName":"search_term_string"}}],"inLanguage":"pt-BR"},{"@type":"Organization","@id":"https:\/\/www.cambe.pr.gov.br\/#organization","name":"Prefeitura de Camb\u00e9","url":"https:\/\/www.cambe.pr.gov.br\/","logo":{"@type":"ImageObject","inLanguage":"pt-BR","@id":"https:\/\/www.cambe.pr.gov.br\/#\/schema\/logo\/image\/","url":"https:\/\/www.cambe.pr.gov.br\/wp-content\/uploads\/2021\/01\/cropped-cropped-cambe_brazao-icone.png","contentUrl":"https:\/\/www.cambe.pr.gov.br\/wp-content\/uploads\/2021\/01\/cropped-cropped-cambe_brazao-icone.png","width":240,"height":240,"caption":"Prefeitura de Camb\u00e9"},"image":{"@id":"https:\/\/www.cambe.pr.gov.br\/#\/schema\/logo\/image\/"},"sameAs":["https:\/\/m.facebook.com\/prefeituradecambe"]},{"@type":"Person","@id":"https:\/\/www.cambe.pr.gov.br\/#\/schema\/person\/8e3ee69cb2cadf4b9f8377407227effd","name":"Vinicius Augusto Batista Eira","image":{"@type":"ImageObject","inLanguage":"pt-BR","@id":"https:\/\/secure.gravatar.com\/avatar\/1ec500de7013b30e1d4d7c8c3978f0e4433c37e5d5e4cd186239369c6440122b?s=96&d=mm&r=g","url":"https:\/\/secure.gravatar.com\/avatar\/1ec500de7013b30e1d4d7c8c3978f0e4433c37e5d5e4cd186239369c6440122b?s=96&d=mm&r=g","contentUrl":"https:\/\/secure.gravatar.com\/avatar\/1ec500de7013b30e1d4d7c8c3978f0e4433c37e5d5e4cd186239369c6440122b?s=96&d=mm&r=g","caption":"Vinicius Augusto Batista Eira"},"url":"https:\/\/www.cambe.pr.gov.br\/index.php\/author\/vabeira\/"}]}},"_links":{"self":[{"href":"https:\/\/www.cambe.pr.gov.br\/index.php\/wp-json\/wp\/v2\/posts\/15833","targetHints":{"allow":["GET"]}}],"collection":[{"href":"https:\/\/www.cambe.pr.gov.br\/index.php\/wp-json\/wp\/v2\/posts"}],"about":[{"href":"https:\/\/www.cambe.pr.gov.br\/index.php\/wp-json\/wp\/v2\/types\/post"}],"author":[{"embeddable":true,"href":"https:\/\/www.cambe.pr.gov.br\/index.php\/wp-json\/wp\/v2\/users\/16"}],"replies":[{"embeddable":true,"href":"https:\/\/www.cambe.pr.gov.br\/index.php\/wp-json\/wp\/v2\/comments?post=15833"}],"version-history":[{"count":4,"href":"https:\/\/www.cambe.pr.gov.br\/index.php\/wp-json\/wp\/v2\/posts\/15833\/revisions"}],"predecessor-version":[{"id":15839,"href":"https:\/\/www.cambe.pr.gov.br\/index.php\/wp-json\/wp\/v2\/posts\/15833\/revisions\/15839"}],"wp:attachment":[{"href":"https:\/\/www.cambe.pr.gov.br\/index.php\/wp-json\/wp\/v2\/media?parent=15833"}],"wp:term":[{"taxonomy":"category","embeddable":true,"href":"https:\/\/www.cambe.pr.gov.br\/index.php\/wp-json\/wp\/v2\/categories?post=15833"},{"taxonomy":"post_tag","embeddable":true,"href":"https:\/\/www.cambe.pr.gov.br\/index.php\/wp-json\/wp\/v2\/tags?post=15833"}],"curies":[{"name":"wp","href":"https:\/\/api.w.org\/{rel}","templated":true}]}}