{"id":15393,"date":"2024-10-31T11:32:37","date_gmt":"2024-10-31T14:32:37","guid":{"rendered":"https:\/\/www.cambe.pr.gov.br\/?p=15393"},"modified":"2024-11-21T16:25:05","modified_gmt":"2024-11-21T19:25:05","slug":"prazo-para-requerimento-da-isencao-do-iptu-se-encerra-no-fim-de-novembro","status":"publish","type":"post","link":"https:\/\/www.cambe.pr.gov.br\/index.php\/prazo-para-requerimento-da-isencao-do-iptu-se-encerra-no-fim-de-novembro\/","title":{"rendered":"Prazo para requerimento da isen\u00e7\u00e3o do IPTU se encerra no fim de novembro"},"content":{"rendered":"<p style=\"text-align: justify;\"><span style=\"font-family: arial, helvetica, sans-serif;\"><img fetchpriority=\"high\" decoding=\"async\" class=\"alignleft size-full wp-image-13468\" src=\"https:\/\/www.cambe.pr.gov.br\/wp-content\/uploads\/2024\/01\/WhatsApp-Image-2024-01-12-at-11.39.15-e1705071919386.jpeg\" alt=\"\" width=\"600\" height=\"375\"><\/span><\/p>\n<p>&nbsp;<\/p>\n<p>&nbsp;<\/p>\n<p>&nbsp;<\/p>\n<p>&nbsp;<\/p>\n<p>&nbsp;<\/p>\n<p>&nbsp;<\/p>\n<p>&nbsp;<\/p>\n<p>&nbsp;<\/p>\n<p style=\"text-align: justify;\"><span style=\"font-family: arial, helvetica, sans-serif;\">Novembro \u00e9 o \u00faltimo m\u00eas para solicitar o requerimento de isen\u00e7\u00e3o do Imposto Predial Territorial Urbano (IPTU) 2025. Em a\u00e7\u00e3o conjunta das Secretarias de Fazenda e Assist\u00eancia Social e Cidadania, a Prefeitura de Camb\u00e9 oferece aos contribuintes j\u00e1 cadastrados, que tiveram desconto no ano anterior ou isen\u00e7\u00e3o total, a possibilidade de fazer o processo nos Centros de Refer\u00eancia de Assist\u00eancia Social (CRAS) do munic\u00edpio. J\u00e1 os cambeenses que n\u00e3o tiveram isen\u00e7\u00e3o ou desconto no IPTU em 2024, devem ir at\u00e9 a Secretaria de Fazenda.<\/span><\/p>\n<p style=\"text-align: justify;\"><span style=\"font-family: arial, helvetica, sans-serif;\">A isen\u00e7\u00e3o do IPTU est\u00e1 prevista pela Lei Municipal n\u00ba 1.953\/2005. A norma determina que pessoas acima de 60 anos, com defici\u00eancia, aposentados e pensionistas que possuam um \u00fanico im\u00f3vel e estejam residindo nele h\u00e1 mais de um ano e estejam em situa\u00e7\u00e3o de vulnerabilidade social podem ter o direito de receber a isen\u00e7\u00e3o total ou parcial do imposto.<\/span><\/p>\n<p style=\"text-align: justify;\"><span style=\"font-family: arial, helvetica, sans-serif;\">No entanto, o benef\u00edcio n\u00e3o \u00e9 permanente. A isen\u00e7\u00e3o pode ser mantida, alterada ou suspensa a cada ano, j\u00e1 que a situa\u00e7\u00e3o socioecon\u00f4mica familiar pode mudar. Com isso, anualmente, o contribuinte precisa pedir a isen\u00e7\u00e3o at\u00e9 o fim de novembro para que o setor de servi\u00e7o social tribut\u00e1rio analise a condi\u00e7\u00e3o financeira de cada caso.<\/span><\/p>\n<p style=\"text-align: justify;\"><span style=\"font-family: arial, helvetica, sans-serif;\">A Secretaria de Fazenda fica localizada na Rua Par\u00e1, 264, e funciona de segunda a sexta-feira, das 8h30 \u00e0s 11h30 e das 13h \u00e0s 16h.<\/span><\/p>\n<p style=\"text-align: justify;\"><strong><span style=\"font-family: arial, helvetica, sans-serif;\">Contato e endere\u00e7o dos CRAS de Camb\u00e9:<\/span><\/strong><\/p>\n<p><span style=\"font-family: arial, helvetica, sans-serif;\"><strong>CRAS Ana Rosa<\/strong><b><br \/>\n<\/b><span style=\"font-weight: 400;\">(43) 3174-0463 (fixo e whatsapp)<\/span><span style=\"font-weight: 400;\"><br \/>\n<\/span><span style=\"font-weight: 400;\">Avenida Ant\u00f4nio Raminelli, 1179 \u2013 Jd. Camb\u00e9 IV<\/span><\/span><\/p>\n<p><span style=\"font-weight: 400; font-family: arial, helvetica, sans-serif;\">&nbsp;<\/span><\/p>\n<p><span style=\"font-family: arial, helvetica, sans-serif;\"><strong>CRAS Campos Verdes<\/strong><b><br \/>\n<\/b><span style=\"font-weight: 400;\">(43) 3174-0351 (fixo e whatsapp)<\/span><span style=\"font-weight: 400;\"><br \/>\n<\/span><span style=\"font-weight: 400;\">Rua Monte Cristo, 170 \u2013&nbsp; Jd. Campos Verdes<\/span><\/span><\/p>\n<p><span style=\"font-weight: 400; font-family: arial, helvetica, sans-serif;\">&nbsp;<\/span><\/p>\n<p><span style=\"font-family: arial, helvetica, sans-serif;\"><strong>CRAS Novo Bandeirantes<\/strong><b><br \/>\n<\/b><span style=\"font-weight: 400;\">(43) 3174-0247 (fixo e whatsapp)<\/span><span style=\"font-weight: 400;\"><br \/>\n<\/span><span style=\"font-weight: 400;\">Rua Gabriel de Lara, 677 \u2013 Jd. Novo Bandeirantes<\/span><\/span><\/p>\n<p><span style=\"font-weight: 400; font-family: arial, helvetica, sans-serif;\">&nbsp;<\/span><\/p>\n<p><span style=\"font-family: arial, helvetica, sans-serif;\"><strong>CRAS Santo Amaro<\/strong><b><br \/>\n<\/b><span style=\"font-weight: 400;\">(43) 3174-0297 (fixo e whatsapp)<\/span><span style=\"font-weight: 400;\"><br \/>\n<\/span><span style=\"font-weight: 400;\">Rua Dom Pedro I, 359 \u2013 Parque Manela<\/span><\/span><\/p>\n<p><span style=\"font-weight: 400; font-family: arial, helvetica, sans-serif;\">&nbsp;<\/span><\/p>\n<p><span style=\"font-family: arial, helvetica, sans-serif;\"><strong>CRAS S\u00e3o Francisco<\/strong><b><br \/>\n<\/b><span style=\"font-weight: 400;\">(43) 3174-0245 (fixo e whatsapp)<\/span><span style=\"font-weight: 400;\"><br \/>\n<\/span><span style=\"font-weight: 400;\">Rua dos Ca\u00e7adores, 50 \u2013 Jd. S\u00e3o Francisco<\/span><\/span><\/p>\n<p><span style=\"font-weight: 400; font-family: arial, helvetica, sans-serif;\">&nbsp;<\/span><\/p>\n<p><span style=\"font-family: arial, helvetica, sans-serif;\"><strong>CRAS Tarob\u00e1<\/strong><b><br \/>\n<\/b><span style=\"font-weight: 400;\">(43) 3174-0579 (fixo e whatsapp)<\/span><span style=\"font-weight: 400;\"><br \/>\n<\/span><span style=\"font-weight: 400;\">Rua Gen\u00e9sio Geraldo dos Santos, 451 \u2013 Jd. Tarob\u00e1<\/span><\/span><\/p>\n","protected":false},"excerpt":{"rendered":"<p>&nbsp; &nbsp; &nbsp; &nbsp; &nbsp; &nbsp; &nbsp; &nbsp; Novembro \u00e9 o \u00faltimo m\u00eas para solicitar o requerimento de isen\u00e7\u00e3o do Imposto Predial Territorial Urbano (IPTU) 2025. Em a\u00e7\u00e3o conjunta das Secretarias de Fazenda e Assist\u00eancia Social e Cidadania, a Prefeitura de Camb\u00e9 oferece aos contribuintes j\u00e1 cadastrados, que tiveram desconto no ano anterior ou isen\u00e7\u00e3o [&hellip;]<\/p>\n","protected":false},"author":16,"featured_media":0,"comment_status":"closed","ping_status":"open","sticky":false,"template":"","format":"standard","meta":{"ngg_post_thumbnail":0,"footnotes":""},"categories":[1],"tags":[],"class_list":["post-15393","post","type-post","status-publish","format-standard","hentry","category-principal"],"yoast_head":"<!-- This site is optimized with the Yoast SEO plugin v27.4 - https:\/\/yoast.com\/product\/yoast-seo-wordpress\/ -->\n<title>Prazo para requerimento da isen\u00e7\u00e3o do IPTU se encerra no fim de novembro - Prefeitura de Camb\u00e9<\/title>\n<meta name=\"robots\" content=\"index, follow, max-snippet:-1, max-image-preview:large, max-video-preview:-1\" \/>\n<link rel=\"canonical\" href=\"https:\/\/www.cambe.pr.gov.br\/index.php\/prazo-para-requerimento-da-isencao-do-iptu-se-encerra-no-fim-de-novembro\/\" \/>\n<meta property=\"og:locale\" content=\"pt_BR\" \/>\n<meta property=\"og:type\" content=\"article\" \/>\n<meta property=\"og:title\" content=\"Prazo para requerimento da isen\u00e7\u00e3o do IPTU se encerra no fim de novembro - Prefeitura de Camb\u00e9\" \/>\n<meta property=\"og:description\" content=\"&nbsp; &nbsp; &nbsp; &nbsp; &nbsp; &nbsp; &nbsp; &nbsp; Novembro \u00e9 o \u00faltimo m\u00eas para solicitar o requerimento de isen\u00e7\u00e3o do Imposto Predial Territorial Urbano (IPTU) 2025. Em a\u00e7\u00e3o conjunta das Secretarias de Fazenda e Assist\u00eancia Social e Cidadania, a Prefeitura de Camb\u00e9 oferece aos contribuintes j\u00e1 cadastrados, que tiveram desconto no ano anterior ou isen\u00e7\u00e3o [&hellip;]\" \/>\n<meta property=\"og:url\" content=\"https:\/\/www.cambe.pr.gov.br\/index.php\/prazo-para-requerimento-da-isencao-do-iptu-se-encerra-no-fim-de-novembro\/\" \/>\n<meta property=\"og:site_name\" content=\"Prefeitura de Camb\u00e9\" \/>\n<meta property=\"article:publisher\" content=\"https:\/\/m.facebook.com\/prefeituradecambe\" \/>\n<meta property=\"article:published_time\" content=\"2024-10-31T14:32:37+00:00\" \/>\n<meta property=\"article:modified_time\" content=\"2024-11-21T19:25:05+00:00\" \/>\n<meta property=\"og:image\" content=\"https:\/\/www.cambe.pr.gov.br\/wp-content\/uploads\/2024\/01\/WhatsApp-Image-2024-01-12-at-11.39.15-e1705071919386.jpeg\" \/>\n<meta name=\"author\" content=\"Vinicius Augusto Batista Eira\" \/>\n<meta name=\"twitter:card\" content=\"summary_large_image\" \/>\n<meta name=\"twitter:label1\" content=\"Escrito por\" \/>\n\t<meta name=\"twitter:data1\" content=\"Vinicius Augusto Batista Eira\" \/>\n\t<meta name=\"twitter:label2\" content=\"Est. tempo de leitura\" \/>\n\t<meta name=\"twitter:data2\" content=\"3 minutos\" \/>\n<script type=\"application\/ld+json\" class=\"yoast-schema-graph\">{\"@context\":\"https:\\\/\\\/schema.org\",\"@graph\":[{\"@type\":\"Article\",\"@id\":\"https:\\\/\\\/www.cambe.pr.gov.br\\\/index.php\\\/prazo-para-requerimento-da-isencao-do-iptu-se-encerra-no-fim-de-novembro\\\/#article\",\"isPartOf\":{\"@id\":\"https:\\\/\\\/www.cambe.pr.gov.br\\\/index.php\\\/prazo-para-requerimento-da-isencao-do-iptu-se-encerra-no-fim-de-novembro\\\/\"},\"author\":{\"name\":\"Vinicius Augusto Batista Eira\",\"@id\":\"https:\\\/\\\/www.cambe.pr.gov.br\\\/#\\\/schema\\\/person\\\/8e3ee69cb2cadf4b9f8377407227effd\"},\"headline\":\"Prazo para requerimento da isen\u00e7\u00e3o do IPTU se encerra no fim de novembro\",\"datePublished\":\"2024-10-31T14:32:37+00:00\",\"dateModified\":\"2024-11-21T19:25:05+00:00\",\"mainEntityOfPage\":{\"@id\":\"https:\\\/\\\/www.cambe.pr.gov.br\\\/index.php\\\/prazo-para-requerimento-da-isencao-do-iptu-se-encerra-no-fim-de-novembro\\\/\"},\"wordCount\":360,\"publisher\":{\"@id\":\"https:\\\/\\\/www.cambe.pr.gov.br\\\/#organization\"},\"image\":{\"@id\":\"https:\\\/\\\/www.cambe.pr.gov.br\\\/index.php\\\/prazo-para-requerimento-da-isencao-do-iptu-se-encerra-no-fim-de-novembro\\\/#primaryimage\"},\"thumbnailUrl\":\"https:\\\/\\\/www.cambe.pr.gov.br\\\/wp-content\\\/uploads\\\/2024\\\/01\\\/WhatsApp-Image-2024-01-12-at-11.39.15-e1705071919386.jpeg\",\"articleSection\":[\"Principal\"],\"inLanguage\":\"pt-BR\"},{\"@type\":\"WebPage\",\"@id\":\"https:\\\/\\\/www.cambe.pr.gov.br\\\/index.php\\\/prazo-para-requerimento-da-isencao-do-iptu-se-encerra-no-fim-de-novembro\\\/\",\"url\":\"https:\\\/\\\/www.cambe.pr.gov.br\\\/index.php\\\/prazo-para-requerimento-da-isencao-do-iptu-se-encerra-no-fim-de-novembro\\\/\",\"name\":\"Prazo para requerimento da isen\u00e7\u00e3o do IPTU se encerra no fim de novembro - Prefeitura de Camb\u00e9\",\"isPartOf\":{\"@id\":\"https:\\\/\\\/www.cambe.pr.gov.br\\\/#website\"},\"primaryImageOfPage\":{\"@id\":\"https:\\\/\\\/www.cambe.pr.gov.br\\\/index.php\\\/prazo-para-requerimento-da-isencao-do-iptu-se-encerra-no-fim-de-novembro\\\/#primaryimage\"},\"image\":{\"@id\":\"https:\\\/\\\/www.cambe.pr.gov.br\\\/index.php\\\/prazo-para-requerimento-da-isencao-do-iptu-se-encerra-no-fim-de-novembro\\\/#primaryimage\"},\"thumbnailUrl\":\"https:\\\/\\\/www.cambe.pr.gov.br\\\/wp-content\\\/uploads\\\/2024\\\/01\\\/WhatsApp-Image-2024-01-12-at-11.39.15-e1705071919386.jpeg\",\"datePublished\":\"2024-10-31T14:32:37+00:00\",\"dateModified\":\"2024-11-21T19:25:05+00:00\",\"breadcrumb\":{\"@id\":\"https:\\\/\\\/www.cambe.pr.gov.br\\\/index.php\\\/prazo-para-requerimento-da-isencao-do-iptu-se-encerra-no-fim-de-novembro\\\/#breadcrumb\"},\"inLanguage\":\"pt-BR\",\"potentialAction\":[{\"@type\":\"ReadAction\",\"target\":[\"https:\\\/\\\/www.cambe.pr.gov.br\\\/index.php\\\/prazo-para-requerimento-da-isencao-do-iptu-se-encerra-no-fim-de-novembro\\\/\"]}]},{\"@type\":\"ImageObject\",\"inLanguage\":\"pt-BR\",\"@id\":\"https:\\\/\\\/www.cambe.pr.gov.br\\\/index.php\\\/prazo-para-requerimento-da-isencao-do-iptu-se-encerra-no-fim-de-novembro\\\/#primaryimage\",\"url\":\"https:\\\/\\\/www.cambe.pr.gov.br\\\/wp-content\\\/uploads\\\/2024\\\/01\\\/WhatsApp-Image-2024-01-12-at-11.39.15-e1705071919386.jpeg\",\"contentUrl\":\"https:\\\/\\\/www.cambe.pr.gov.br\\\/wp-content\\\/uploads\\\/2024\\\/01\\\/WhatsApp-Image-2024-01-12-at-11.39.15-e1705071919386.jpeg\",\"width\":600,\"height\":375},{\"@type\":\"BreadcrumbList\",\"@id\":\"https:\\\/\\\/www.cambe.pr.gov.br\\\/index.php\\\/prazo-para-requerimento-da-isencao-do-iptu-se-encerra-no-fim-de-novembro\\\/#breadcrumb\",\"itemListElement\":[{\"@type\":\"ListItem\",\"position\":1,\"name\":\"In\u00edcio\",\"item\":\"https:\\\/\\\/www.cambe.pr.gov.br\\\/\"},{\"@type\":\"ListItem\",\"position\":2,\"name\":\"Prazo para requerimento da isen\u00e7\u00e3o do IPTU se encerra no fim de novembro\"}]},{\"@type\":\"WebSite\",\"@id\":\"https:\\\/\\\/www.cambe.pr.gov.br\\\/#website\",\"url\":\"https:\\\/\\\/www.cambe.pr.gov.br\\\/\",\"name\":\"Prefeitura de Camb\u00e9\",\"description\":\"UM GOVERNO PARA TODOS\",\"publisher\":{\"@id\":\"https:\\\/\\\/www.cambe.pr.gov.br\\\/#organization\"},\"potentialAction\":[{\"@type\":\"SearchAction\",\"target\":{\"@type\":\"EntryPoint\",\"urlTemplate\":\"https:\\\/\\\/www.cambe.pr.gov.br\\\/?s={search_term_string}\"},\"query-input\":{\"@type\":\"PropertyValueSpecification\",\"valueRequired\":true,\"valueName\":\"search_term_string\"}}],\"inLanguage\":\"pt-BR\"},{\"@type\":\"Organization\",\"@id\":\"https:\\\/\\\/www.cambe.pr.gov.br\\\/#organization\",\"name\":\"Prefeitura de Camb\u00e9\",\"url\":\"https:\\\/\\\/www.cambe.pr.gov.br\\\/\",\"logo\":{\"@type\":\"ImageObject\",\"inLanguage\":\"pt-BR\",\"@id\":\"https:\\\/\\\/www.cambe.pr.gov.br\\\/#\\\/schema\\\/logo\\\/image\\\/\",\"url\":\"https:\\\/\\\/www.cambe.pr.gov.br\\\/wp-content\\\/uploads\\\/2021\\\/01\\\/cropped-cropped-cambe_brazao-icone.png\",\"contentUrl\":\"https:\\\/\\\/www.cambe.pr.gov.br\\\/wp-content\\\/uploads\\\/2021\\\/01\\\/cropped-cropped-cambe_brazao-icone.png\",\"width\":240,\"height\":240,\"caption\":\"Prefeitura de Camb\u00e9\"},\"image\":{\"@id\":\"https:\\\/\\\/www.cambe.pr.gov.br\\\/#\\\/schema\\\/logo\\\/image\\\/\"},\"sameAs\":[\"https:\\\/\\\/m.facebook.com\\\/prefeituradecambe\"]},{\"@type\":\"Person\",\"@id\":\"https:\\\/\\\/www.cambe.pr.gov.br\\\/#\\\/schema\\\/person\\\/8e3ee69cb2cadf4b9f8377407227effd\",\"name\":\"Vinicius Augusto Batista Eira\",\"image\":{\"@type\":\"ImageObject\",\"inLanguage\":\"pt-BR\",\"@id\":\"https:\\\/\\\/secure.gravatar.com\\\/avatar\\\/1ec500de7013b30e1d4d7c8c3978f0e4433c37e5d5e4cd186239369c6440122b?s=96&d=mm&r=g\",\"url\":\"https:\\\/\\\/secure.gravatar.com\\\/avatar\\\/1ec500de7013b30e1d4d7c8c3978f0e4433c37e5d5e4cd186239369c6440122b?s=96&d=mm&r=g\",\"contentUrl\":\"https:\\\/\\\/secure.gravatar.com\\\/avatar\\\/1ec500de7013b30e1d4d7c8c3978f0e4433c37e5d5e4cd186239369c6440122b?s=96&d=mm&r=g\",\"caption\":\"Vinicius Augusto Batista Eira\"},\"url\":\"https:\\\/\\\/www.cambe.pr.gov.br\\\/index.php\\\/author\\\/vabeira\\\/\"}]}<\/script>\n<!-- \/ Yoast SEO plugin. -->","yoast_head_json":{"title":"Prazo para requerimento da isen\u00e7\u00e3o do IPTU se encerra no fim de novembro - Prefeitura de Camb\u00e9","robots":{"index":"index","follow":"follow","max-snippet":"max-snippet:-1","max-image-preview":"max-image-preview:large","max-video-preview":"max-video-preview:-1"},"canonical":"https:\/\/www.cambe.pr.gov.br\/index.php\/prazo-para-requerimento-da-isencao-do-iptu-se-encerra-no-fim-de-novembro\/","og_locale":"pt_BR","og_type":"article","og_title":"Prazo para requerimento da isen\u00e7\u00e3o do IPTU se encerra no fim de novembro - Prefeitura de Camb\u00e9","og_description":"&nbsp; &nbsp; &nbsp; &nbsp; &nbsp; &nbsp; &nbsp; &nbsp; Novembro \u00e9 o \u00faltimo m\u00eas para solicitar o requerimento de isen\u00e7\u00e3o do Imposto Predial Territorial Urbano (IPTU) 2025. Em a\u00e7\u00e3o conjunta das Secretarias de Fazenda e Assist\u00eancia Social e Cidadania, a Prefeitura de Camb\u00e9 oferece aos contribuintes j\u00e1 cadastrados, que tiveram desconto no ano anterior ou isen\u00e7\u00e3o [&hellip;]","og_url":"https:\/\/www.cambe.pr.gov.br\/index.php\/prazo-para-requerimento-da-isencao-do-iptu-se-encerra-no-fim-de-novembro\/","og_site_name":"Prefeitura de Camb\u00e9","article_publisher":"https:\/\/m.facebook.com\/prefeituradecambe","article_published_time":"2024-10-31T14:32:37+00:00","article_modified_time":"2024-11-21T19:25:05+00:00","og_image":[{"url":"https:\/\/www.cambe.pr.gov.br\/wp-content\/uploads\/2024\/01\/WhatsApp-Image-2024-01-12-at-11.39.15-e1705071919386.jpeg","type":"","width":"","height":""}],"author":"Vinicius Augusto Batista Eira","twitter_card":"summary_large_image","twitter_misc":{"Escrito por":"Vinicius Augusto Batista Eira","Est. tempo de leitura":"3 minutos"},"schema":{"@context":"https:\/\/schema.org","@graph":[{"@type":"Article","@id":"https:\/\/www.cambe.pr.gov.br\/index.php\/prazo-para-requerimento-da-isencao-do-iptu-se-encerra-no-fim-de-novembro\/#article","isPartOf":{"@id":"https:\/\/www.cambe.pr.gov.br\/index.php\/prazo-para-requerimento-da-isencao-do-iptu-se-encerra-no-fim-de-novembro\/"},"author":{"name":"Vinicius Augusto Batista Eira","@id":"https:\/\/www.cambe.pr.gov.br\/#\/schema\/person\/8e3ee69cb2cadf4b9f8377407227effd"},"headline":"Prazo para requerimento da isen\u00e7\u00e3o do IPTU se encerra no fim de novembro","datePublished":"2024-10-31T14:32:37+00:00","dateModified":"2024-11-21T19:25:05+00:00","mainEntityOfPage":{"@id":"https:\/\/www.cambe.pr.gov.br\/index.php\/prazo-para-requerimento-da-isencao-do-iptu-se-encerra-no-fim-de-novembro\/"},"wordCount":360,"publisher":{"@id":"https:\/\/www.cambe.pr.gov.br\/#organization"},"image":{"@id":"https:\/\/www.cambe.pr.gov.br\/index.php\/prazo-para-requerimento-da-isencao-do-iptu-se-encerra-no-fim-de-novembro\/#primaryimage"},"thumbnailUrl":"https:\/\/www.cambe.pr.gov.br\/wp-content\/uploads\/2024\/01\/WhatsApp-Image-2024-01-12-at-11.39.15-e1705071919386.jpeg","articleSection":["Principal"],"inLanguage":"pt-BR"},{"@type":"WebPage","@id":"https:\/\/www.cambe.pr.gov.br\/index.php\/prazo-para-requerimento-da-isencao-do-iptu-se-encerra-no-fim-de-novembro\/","url":"https:\/\/www.cambe.pr.gov.br\/index.php\/prazo-para-requerimento-da-isencao-do-iptu-se-encerra-no-fim-de-novembro\/","name":"Prazo para requerimento da isen\u00e7\u00e3o do IPTU se encerra no fim de novembro - Prefeitura de Camb\u00e9","isPartOf":{"@id":"https:\/\/www.cambe.pr.gov.br\/#website"},"primaryImageOfPage":{"@id":"https:\/\/www.cambe.pr.gov.br\/index.php\/prazo-para-requerimento-da-isencao-do-iptu-se-encerra-no-fim-de-novembro\/#primaryimage"},"image":{"@id":"https:\/\/www.cambe.pr.gov.br\/index.php\/prazo-para-requerimento-da-isencao-do-iptu-se-encerra-no-fim-de-novembro\/#primaryimage"},"thumbnailUrl":"https:\/\/www.cambe.pr.gov.br\/wp-content\/uploads\/2024\/01\/WhatsApp-Image-2024-01-12-at-11.39.15-e1705071919386.jpeg","datePublished":"2024-10-31T14:32:37+00:00","dateModified":"2024-11-21T19:25:05+00:00","breadcrumb":{"@id":"https:\/\/www.cambe.pr.gov.br\/index.php\/prazo-para-requerimento-da-isencao-do-iptu-se-encerra-no-fim-de-novembro\/#breadcrumb"},"inLanguage":"pt-BR","potentialAction":[{"@type":"ReadAction","target":["https:\/\/www.cambe.pr.gov.br\/index.php\/prazo-para-requerimento-da-isencao-do-iptu-se-encerra-no-fim-de-novembro\/"]}]},{"@type":"ImageObject","inLanguage":"pt-BR","@id":"https:\/\/www.cambe.pr.gov.br\/index.php\/prazo-para-requerimento-da-isencao-do-iptu-se-encerra-no-fim-de-novembro\/#primaryimage","url":"https:\/\/www.cambe.pr.gov.br\/wp-content\/uploads\/2024\/01\/WhatsApp-Image-2024-01-12-at-11.39.15-e1705071919386.jpeg","contentUrl":"https:\/\/www.cambe.pr.gov.br\/wp-content\/uploads\/2024\/01\/WhatsApp-Image-2024-01-12-at-11.39.15-e1705071919386.jpeg","width":600,"height":375},{"@type":"BreadcrumbList","@id":"https:\/\/www.cambe.pr.gov.br\/index.php\/prazo-para-requerimento-da-isencao-do-iptu-se-encerra-no-fim-de-novembro\/#breadcrumb","itemListElement":[{"@type":"ListItem","position":1,"name":"In\u00edcio","item":"https:\/\/www.cambe.pr.gov.br\/"},{"@type":"ListItem","position":2,"name":"Prazo para requerimento da isen\u00e7\u00e3o do IPTU se encerra no fim de novembro"}]},{"@type":"WebSite","@id":"https:\/\/www.cambe.pr.gov.br\/#website","url":"https:\/\/www.cambe.pr.gov.br\/","name":"Prefeitura de Camb\u00e9","description":"UM GOVERNO PARA TODOS","publisher":{"@id":"https:\/\/www.cambe.pr.gov.br\/#organization"},"potentialAction":[{"@type":"SearchAction","target":{"@type":"EntryPoint","urlTemplate":"https:\/\/www.cambe.pr.gov.br\/?s={search_term_string}"},"query-input":{"@type":"PropertyValueSpecification","valueRequired":true,"valueName":"search_term_string"}}],"inLanguage":"pt-BR"},{"@type":"Organization","@id":"https:\/\/www.cambe.pr.gov.br\/#organization","name":"Prefeitura de Camb\u00e9","url":"https:\/\/www.cambe.pr.gov.br\/","logo":{"@type":"ImageObject","inLanguage":"pt-BR","@id":"https:\/\/www.cambe.pr.gov.br\/#\/schema\/logo\/image\/","url":"https:\/\/www.cambe.pr.gov.br\/wp-content\/uploads\/2021\/01\/cropped-cropped-cambe_brazao-icone.png","contentUrl":"https:\/\/www.cambe.pr.gov.br\/wp-content\/uploads\/2021\/01\/cropped-cropped-cambe_brazao-icone.png","width":240,"height":240,"caption":"Prefeitura de Camb\u00e9"},"image":{"@id":"https:\/\/www.cambe.pr.gov.br\/#\/schema\/logo\/image\/"},"sameAs":["https:\/\/m.facebook.com\/prefeituradecambe"]},{"@type":"Person","@id":"https:\/\/www.cambe.pr.gov.br\/#\/schema\/person\/8e3ee69cb2cadf4b9f8377407227effd","name":"Vinicius Augusto Batista Eira","image":{"@type":"ImageObject","inLanguage":"pt-BR","@id":"https:\/\/secure.gravatar.com\/avatar\/1ec500de7013b30e1d4d7c8c3978f0e4433c37e5d5e4cd186239369c6440122b?s=96&d=mm&r=g","url":"https:\/\/secure.gravatar.com\/avatar\/1ec500de7013b30e1d4d7c8c3978f0e4433c37e5d5e4cd186239369c6440122b?s=96&d=mm&r=g","contentUrl":"https:\/\/secure.gravatar.com\/avatar\/1ec500de7013b30e1d4d7c8c3978f0e4433c37e5d5e4cd186239369c6440122b?s=96&d=mm&r=g","caption":"Vinicius Augusto Batista Eira"},"url":"https:\/\/www.cambe.pr.gov.br\/index.php\/author\/vabeira\/"}]}},"_links":{"self":[{"href":"https:\/\/www.cambe.pr.gov.br\/index.php\/wp-json\/wp\/v2\/posts\/15393","targetHints":{"allow":["GET"]}}],"collection":[{"href":"https:\/\/www.cambe.pr.gov.br\/index.php\/wp-json\/wp\/v2\/posts"}],"about":[{"href":"https:\/\/www.cambe.pr.gov.br\/index.php\/wp-json\/wp\/v2\/types\/post"}],"author":[{"embeddable":true,"href":"https:\/\/www.cambe.pr.gov.br\/index.php\/wp-json\/wp\/v2\/users\/16"}],"replies":[{"embeddable":true,"href":"https:\/\/www.cambe.pr.gov.br\/index.php\/wp-json\/wp\/v2\/comments?post=15393"}],"version-history":[{"count":6,"href":"https:\/\/www.cambe.pr.gov.br\/index.php\/wp-json\/wp\/v2\/posts\/15393\/revisions"}],"predecessor-version":[{"id":15512,"href":"https:\/\/www.cambe.pr.gov.br\/index.php\/wp-json\/wp\/v2\/posts\/15393\/revisions\/15512"}],"wp:attachment":[{"href":"https:\/\/www.cambe.pr.gov.br\/index.php\/wp-json\/wp\/v2\/media?parent=15393"}],"wp:term":[{"taxonomy":"category","embeddable":true,"href":"https:\/\/www.cambe.pr.gov.br\/index.php\/wp-json\/wp\/v2\/categories?post=15393"},{"taxonomy":"post_tag","embeddable":true,"href":"https:\/\/www.cambe.pr.gov.br\/index.php\/wp-json\/wp\/v2\/tags?post=15393"}],"curies":[{"name":"wp","href":"https:\/\/api.w.org\/{rel}","templated":true}]}}