{"id":15310,"date":"2024-10-18T13:52:27","date_gmt":"2024-10-18T16:52:27","guid":{"rendered":"https:\/\/www.cambe.pr.gov.br\/?p=15310"},"modified":"2024-10-18T13:52:27","modified_gmt":"2024-10-18T16:52:27","slug":"3a-edicao-do-cambe-musical-tera-shows-de-ana-castela-e-marcos-belutti","status":"publish","type":"post","link":"https:\/\/www.cambe.pr.gov.br\/index.php\/3a-edicao-do-cambe-musical-tera-shows-de-ana-castela-e-marcos-belutti\/","title":{"rendered":"3\u00aa edi\u00e7\u00e3o do Camb\u00e9 Musical ter\u00e1 shows de Ana Castela e Marcos &#038; Belutti"},"content":{"rendered":"<div id=\"attachment_15312\" style=\"width: 620px\" class=\"wp-caption alignleft\"><img fetchpriority=\"high\" decoding=\"async\" aria-describedby=\"caption-attachment-15312\" class=\"wp-image-15312 size-large\" src=\"https:\/\/www.cambe.pr.gov.br\/wp-content\/uploads\/2024\/10\/385888179_18283457002144453_1656920297253694806_n-1024x819.jpg\" alt=\"\" width=\"610\" height=\"488\" srcset=\"https:\/\/www.cambe.pr.gov.br\/wp-content\/uploads\/2024\/10\/385888179_18283457002144453_1656920297253694806_n-1024x819.jpg 1024w, https:\/\/www.cambe.pr.gov.br\/wp-content\/uploads\/2024\/10\/385888179_18283457002144453_1656920297253694806_n-300x240.jpg 300w, https:\/\/www.cambe.pr.gov.br\/wp-content\/uploads\/2024\/10\/385888179_18283457002144453_1656920297253694806_n-768x614.jpg 768w, https:\/\/www.cambe.pr.gov.br\/wp-content\/uploads\/2024\/10\/385888179_18283457002144453_1656920297253694806_n.jpg 1440w\" sizes=\"(max-width: 610px) 100vw, 610px\" \/><p id=\"caption-attachment-15312\" class=\"wp-caption-text\">A estrela do agronejo, Ana Castela \u00e9 o grande destaque da 3\u00aa edi\u00e7\u00e3o do Camb\u00e9 Musical (Reprodu\u00e7\u00e3o\/Redes Sociais)<\/p><\/div>\n<p style=\"text-align: justify;\"><span style=\"font-weight: 400; font-family: arial, helvetica, sans-serif;\">J\u00e1 estabelecido no calend\u00e1rio cultural de Camb\u00e9, o Camb\u00e9 Musical chega \u00e0 sua 3\u00aa edi\u00e7\u00e3o em grande estilo. A Prefeitura divulgou a programa\u00e7\u00e3o do evento que marca o encerramento da celebra\u00e7\u00e3o do anivers\u00e1rio da cidade, e ter\u00e1 shows da boiadeira mais querida do Brasil, Ana Castela, e da dupla com mais de 15 anos de estrada, Marcos &amp; Belutti. Al\u00e9m dos artistas, esse ano a festa ter\u00e1 mais uma novidade: ser\u00e1 realizada no Centro Esportivo Castelo Branco, no dia 24 de novembro, a partir das 18 horas. A entrada ser\u00e1 de um quilo de alimento n\u00e3o perec\u00edvel ou um quilo de ra\u00e7\u00e3o, que ser\u00e3o doados posteriormente.<\/span><\/p>\n<p style=\"text-align: justify;\"><span style=\"font-weight: 400; font-family: arial, helvetica, sans-serif;\">O prefeito Conrado Scheller celebrou mais uma edi\u00e7\u00e3o do evento, que vem melhorando ano ap\u00f3s ano. \u201cIsso porque os homens e mulheres cambeenses, de todas as idades merecem. Todo mundo aqui trabalha duro, dia ap\u00f3s dia, fa\u00e7a chuva ou fa\u00e7a sol, e merecem um momento de alegria, uma festa do tamanho da grandeza do munic\u00edpio, que estava adormecido, mas vem reassumindo o protagonismo na regi\u00e3o. Por isso, fazemos esse evento, com acesso democr\u00e1tico, para todos terem essa oportunidade. \u00c9 uma celebra\u00e7\u00e3o de 77 anos dessa cidade que tanto amamos, mas tamb\u00e9m um presente para as fam\u00edlias de Camb\u00e9\u201d, disse.<\/span><\/p>\n<p style=\"text-align: justify;\"><span style=\"font-weight: 400; font-family: arial, helvetica, sans-serif;\">A grande estrela do agronejo, Ana Castela tem apenas 20 anos, mas j\u00e1 trilha uma carreira de grandes sucessos. Em 2021, lan\u00e7ou o single de estreia &#8220;Boiadeira&#8221; e, em 2022, tornou-se conhecida nacionalmente devido a m\u00fasica &#8220;Pipoco&#8221;. De l\u00e1 para c\u00e1, vieram hits como \u201cSolteiro For\u00e7ado\u201d, \u201cDona de mim\u201d, \u201cAs menina da pecu\u00e1ria\u201d, \u201cFronteira\u201d, entre outros. A cantora ainda venceu o Pr\u00eamio Multishow de M\u00fasica Brasileira de 2022 e o TikTok Awards 2022. Em 2024, foi indicada ao Grammy Latino pelo \u00e1lbum Boiadeira Internacional. Ela ainda emplacou o tema da novela Terra e Paix\u00e3o, da TV Globo, com a regrava\u00e7\u00e3o de \u201cSin\u00f4nimos\u201d com Chit\u00e3ozinho e Xoror\u00f3. Hoje, conta com 3.9 milh\u00f5es de inscritos e mais de 1.8 bilh\u00e3o de visualiza\u00e7\u00f5es no Youtube, al\u00e9m de 15 milh\u00f5es de ouvintes por m\u00eas no Spotify.<\/span><\/p>\n<div id=\"attachment_15314\" style=\"width: 620px\" class=\"wp-caption alignleft\"><img decoding=\"async\" aria-describedby=\"caption-attachment-15314\" class=\"wp-image-15314 size-large\" src=\"https:\/\/www.cambe.pr.gov.br\/wp-content\/uploads\/2024\/10\/461483042_18460233592021972_4474486190606978509_n-e1729268331646-1024x683.jpg\" alt=\"\" width=\"610\" height=\"407\" srcset=\"https:\/\/www.cambe.pr.gov.br\/wp-content\/uploads\/2024\/10\/461483042_18460233592021972_4474486190606978509_n-e1729268331646-1024x683.jpg 1024w, https:\/\/www.cambe.pr.gov.br\/wp-content\/uploads\/2024\/10\/461483042_18460233592021972_4474486190606978509_n-e1729268331646-300x200.jpg 300w, https:\/\/www.cambe.pr.gov.br\/wp-content\/uploads\/2024\/10\/461483042_18460233592021972_4474486190606978509_n-e1729268331646-768x512.jpg 768w, https:\/\/www.cambe.pr.gov.br\/wp-content\/uploads\/2024\/10\/461483042_18460233592021972_4474486190606978509_n-e1729268331646.jpg 1440w\" sizes=\"(max-width: 610px) 100vw, 610px\" \/><p id=\"caption-attachment-15314\" class=\"wp-caption-text\">Comemorando 15 anos de carreira, Marcos &amp; Belutti prometem agitar o Centro Esportivo Castelo Branco (Reprodu\u00e7\u00e3o\/Redes Sociais)<\/p><\/div>\n<p style=\"text-align: justify;\"><span style=\"font-weight: 400; font-family: arial, helvetica, sans-serif;\">Com mais de 15 anos de carreira e 11 \u00e1lbuns lan\u00e7ados, a dupla Marcos &amp; Belutti tamb\u00e9m desembarca em novembro em Camb\u00e9. Os amigos lan\u00e7aram o primeiro \u00e1lbum \u201cMarcos &amp; Belutti ao Vivo\u201d em 2008 e tiveram uma guinada mete\u00f3rica no in\u00edcio da \u00faltima d\u00e9cada. Em 2014, veio o auge da dupla com o lan\u00e7amento do CD Marcos &amp; Belutti &#8211; Ac\u00fastico e o sucesso \u201cDomingo de Manh\u00e3\u201d, que viria a ser a m\u00fasica mais tocada nas r\u00e1dios do Brasil naquele ano. No ano seguinte, novo sucesso, com \u201cAquele 1%\u201d em parceria com Wesley Safad\u00e3o atrav\u00e9s do \u00e1lbum Ac\u00fastico T\u00e3o Feliz. Outros hits tamb\u00e9m marcam a trajet\u00f3ria como \u201cEu Era\u201d, \u201cRom\u00e2ntico An\u00f4nimo\u201d, \u201cEnt\u00e3o Foge\u201d e \u201cSiga a Seta\u201d. Marcos e Belutti contam com 3.8 milh\u00f5es de inscritos, mais de 2 bilh\u00f5es de visualiza\u00e7\u00f5es no Youtube e 6 milh\u00f5es de ouvintes mensais no Spotify.<\/span><\/p>\n","protected":false},"excerpt":{"rendered":"<p>J\u00e1 estabelecido no calend\u00e1rio cultural de Camb\u00e9, o Camb\u00e9 Musical chega \u00e0 sua 3\u00aa edi\u00e7\u00e3o em grande estilo. A Prefeitura divulgou a programa\u00e7\u00e3o do evento que marca o encerramento da celebra\u00e7\u00e3o do anivers\u00e1rio da cidade, e ter\u00e1 shows da boiadeira mais querida do Brasil, Ana Castela, e da dupla com mais de 15 anos de [&hellip;]<\/p>\n","protected":false},"author":16,"featured_media":0,"comment_status":"closed","ping_status":"open","sticky":false,"template":"","format":"standard","meta":{"ngg_post_thumbnail":0,"footnotes":""},"categories":[1],"tags":[],"class_list":["post-15310","post","type-post","status-publish","format-standard","hentry","category-principal"],"yoast_head":"<!-- This site is optimized with the Yoast SEO plugin v27.4 - https:\/\/yoast.com\/product\/yoast-seo-wordpress\/ -->\n<title>3\u00aa edi\u00e7\u00e3o do Camb\u00e9 Musical ter\u00e1 shows de Ana Castela e Marcos &amp; Belutti - Prefeitura de Camb\u00e9<\/title>\n<meta name=\"robots\" content=\"index, follow, max-snippet:-1, max-image-preview:large, max-video-preview:-1\" \/>\n<link rel=\"canonical\" href=\"https:\/\/www.cambe.pr.gov.br\/index.php\/3a-edicao-do-cambe-musical-tera-shows-de-ana-castela-e-marcos-belutti\/\" \/>\n<meta property=\"og:locale\" content=\"pt_BR\" \/>\n<meta property=\"og:type\" content=\"article\" \/>\n<meta property=\"og:title\" content=\"3\u00aa edi\u00e7\u00e3o do Camb\u00e9 Musical ter\u00e1 shows de Ana Castela e Marcos &amp; Belutti - Prefeitura de Camb\u00e9\" \/>\n<meta property=\"og:description\" content=\"J\u00e1 estabelecido no calend\u00e1rio cultural de Camb\u00e9, o Camb\u00e9 Musical chega \u00e0 sua 3\u00aa edi\u00e7\u00e3o em grande estilo. A Prefeitura divulgou a programa\u00e7\u00e3o do evento que marca o encerramento da celebra\u00e7\u00e3o do anivers\u00e1rio da cidade, e ter\u00e1 shows da boiadeira mais querida do Brasil, Ana Castela, e da dupla com mais de 15 anos de [&hellip;]\" \/>\n<meta property=\"og:url\" content=\"https:\/\/www.cambe.pr.gov.br\/index.php\/3a-edicao-do-cambe-musical-tera-shows-de-ana-castela-e-marcos-belutti\/\" \/>\n<meta property=\"og:site_name\" content=\"Prefeitura de Camb\u00e9\" \/>\n<meta property=\"article:publisher\" content=\"https:\/\/m.facebook.com\/prefeituradecambe\" \/>\n<meta property=\"article:published_time\" content=\"2024-10-18T16:52:27+00:00\" \/>\n<meta property=\"og:image\" content=\"https:\/\/www.cambe.pr.gov.br\/wp-content\/uploads\/2024\/10\/385888179_18283457002144453_1656920297253694806_n-1024x819.jpg\" \/>\n<meta name=\"author\" content=\"Vinicius Augusto Batista Eira\" \/>\n<meta name=\"twitter:card\" content=\"summary_large_image\" \/>\n<meta name=\"twitter:label1\" content=\"Escrito por\" \/>\n\t<meta name=\"twitter:data1\" content=\"Vinicius Augusto Batista Eira\" \/>\n\t<meta name=\"twitter:label2\" content=\"Est. tempo de leitura\" \/>\n\t<meta name=\"twitter:data2\" content=\"4 minutos\" \/>\n<script type=\"application\/ld+json\" class=\"yoast-schema-graph\">{\"@context\":\"https:\\\/\\\/schema.org\",\"@graph\":[{\"@type\":\"Article\",\"@id\":\"https:\\\/\\\/www.cambe.pr.gov.br\\\/index.php\\\/3a-edicao-do-cambe-musical-tera-shows-de-ana-castela-e-marcos-belutti\\\/#article\",\"isPartOf\":{\"@id\":\"https:\\\/\\\/www.cambe.pr.gov.br\\\/index.php\\\/3a-edicao-do-cambe-musical-tera-shows-de-ana-castela-e-marcos-belutti\\\/\"},\"author\":{\"name\":\"Vinicius Augusto Batista Eira\",\"@id\":\"https:\\\/\\\/www.cambe.pr.gov.br\\\/#\\\/schema\\\/person\\\/8e3ee69cb2cadf4b9f8377407227effd\"},\"headline\":\"3\u00aa edi\u00e7\u00e3o do Camb\u00e9 Musical ter\u00e1 shows de Ana Castela e Marcos &#038; Belutti\",\"datePublished\":\"2024-10-18T16:52:27+00:00\",\"mainEntityOfPage\":{\"@id\":\"https:\\\/\\\/www.cambe.pr.gov.br\\\/index.php\\\/3a-edicao-do-cambe-musical-tera-shows-de-ana-castela-e-marcos-belutti\\\/\"},\"wordCount\":580,\"publisher\":{\"@id\":\"https:\\\/\\\/www.cambe.pr.gov.br\\\/#organization\"},\"image\":{\"@id\":\"https:\\\/\\\/www.cambe.pr.gov.br\\\/index.php\\\/3a-edicao-do-cambe-musical-tera-shows-de-ana-castela-e-marcos-belutti\\\/#primaryimage\"},\"thumbnailUrl\":\"https:\\\/\\\/www.cambe.pr.gov.br\\\/wp-content\\\/uploads\\\/2024\\\/10\\\/385888179_18283457002144453_1656920297253694806_n-1024x819.jpg\",\"articleSection\":[\"Principal\"],\"inLanguage\":\"pt-BR\"},{\"@type\":\"WebPage\",\"@id\":\"https:\\\/\\\/www.cambe.pr.gov.br\\\/index.php\\\/3a-edicao-do-cambe-musical-tera-shows-de-ana-castela-e-marcos-belutti\\\/\",\"url\":\"https:\\\/\\\/www.cambe.pr.gov.br\\\/index.php\\\/3a-edicao-do-cambe-musical-tera-shows-de-ana-castela-e-marcos-belutti\\\/\",\"name\":\"3\u00aa edi\u00e7\u00e3o do Camb\u00e9 Musical ter\u00e1 shows de Ana Castela e Marcos & Belutti - Prefeitura de Camb\u00e9\",\"isPartOf\":{\"@id\":\"https:\\\/\\\/www.cambe.pr.gov.br\\\/#website\"},\"primaryImageOfPage\":{\"@id\":\"https:\\\/\\\/www.cambe.pr.gov.br\\\/index.php\\\/3a-edicao-do-cambe-musical-tera-shows-de-ana-castela-e-marcos-belutti\\\/#primaryimage\"},\"image\":{\"@id\":\"https:\\\/\\\/www.cambe.pr.gov.br\\\/index.php\\\/3a-edicao-do-cambe-musical-tera-shows-de-ana-castela-e-marcos-belutti\\\/#primaryimage\"},\"thumbnailUrl\":\"https:\\\/\\\/www.cambe.pr.gov.br\\\/wp-content\\\/uploads\\\/2024\\\/10\\\/385888179_18283457002144453_1656920297253694806_n-1024x819.jpg\",\"datePublished\":\"2024-10-18T16:52:27+00:00\",\"breadcrumb\":{\"@id\":\"https:\\\/\\\/www.cambe.pr.gov.br\\\/index.php\\\/3a-edicao-do-cambe-musical-tera-shows-de-ana-castela-e-marcos-belutti\\\/#breadcrumb\"},\"inLanguage\":\"pt-BR\",\"potentialAction\":[{\"@type\":\"ReadAction\",\"target\":[\"https:\\\/\\\/www.cambe.pr.gov.br\\\/index.php\\\/3a-edicao-do-cambe-musical-tera-shows-de-ana-castela-e-marcos-belutti\\\/\"]}]},{\"@type\":\"ImageObject\",\"inLanguage\":\"pt-BR\",\"@id\":\"https:\\\/\\\/www.cambe.pr.gov.br\\\/index.php\\\/3a-edicao-do-cambe-musical-tera-shows-de-ana-castela-e-marcos-belutti\\\/#primaryimage\",\"url\":\"https:\\\/\\\/www.cambe.pr.gov.br\\\/wp-content\\\/uploads\\\/2024\\\/10\\\/385888179_18283457002144453_1656920297253694806_n.jpg\",\"contentUrl\":\"https:\\\/\\\/www.cambe.pr.gov.br\\\/wp-content\\\/uploads\\\/2024\\\/10\\\/385888179_18283457002144453_1656920297253694806_n.jpg\",\"width\":1440,\"height\":1152},{\"@type\":\"BreadcrumbList\",\"@id\":\"https:\\\/\\\/www.cambe.pr.gov.br\\\/index.php\\\/3a-edicao-do-cambe-musical-tera-shows-de-ana-castela-e-marcos-belutti\\\/#breadcrumb\",\"itemListElement\":[{\"@type\":\"ListItem\",\"position\":1,\"name\":\"In\u00edcio\",\"item\":\"https:\\\/\\\/www.cambe.pr.gov.br\\\/\"},{\"@type\":\"ListItem\",\"position\":2,\"name\":\"3\u00aa edi\u00e7\u00e3o do Camb\u00e9 Musical ter\u00e1 shows de Ana Castela e Marcos &#038; Belutti\"}]},{\"@type\":\"WebSite\",\"@id\":\"https:\\\/\\\/www.cambe.pr.gov.br\\\/#website\",\"url\":\"https:\\\/\\\/www.cambe.pr.gov.br\\\/\",\"name\":\"Prefeitura de Camb\u00e9\",\"description\":\"UM GOVERNO PARA TODOS\",\"publisher\":{\"@id\":\"https:\\\/\\\/www.cambe.pr.gov.br\\\/#organization\"},\"potentialAction\":[{\"@type\":\"SearchAction\",\"target\":{\"@type\":\"EntryPoint\",\"urlTemplate\":\"https:\\\/\\\/www.cambe.pr.gov.br\\\/?s={search_term_string}\"},\"query-input\":{\"@type\":\"PropertyValueSpecification\",\"valueRequired\":true,\"valueName\":\"search_term_string\"}}],\"inLanguage\":\"pt-BR\"},{\"@type\":\"Organization\",\"@id\":\"https:\\\/\\\/www.cambe.pr.gov.br\\\/#organization\",\"name\":\"Prefeitura de Camb\u00e9\",\"url\":\"https:\\\/\\\/www.cambe.pr.gov.br\\\/\",\"logo\":{\"@type\":\"ImageObject\",\"inLanguage\":\"pt-BR\",\"@id\":\"https:\\\/\\\/www.cambe.pr.gov.br\\\/#\\\/schema\\\/logo\\\/image\\\/\",\"url\":\"https:\\\/\\\/www.cambe.pr.gov.br\\\/wp-content\\\/uploads\\\/2021\\\/01\\\/cropped-cropped-cambe_brazao-icone.png\",\"contentUrl\":\"https:\\\/\\\/www.cambe.pr.gov.br\\\/wp-content\\\/uploads\\\/2021\\\/01\\\/cropped-cropped-cambe_brazao-icone.png\",\"width\":240,\"height\":240,\"caption\":\"Prefeitura de Camb\u00e9\"},\"image\":{\"@id\":\"https:\\\/\\\/www.cambe.pr.gov.br\\\/#\\\/schema\\\/logo\\\/image\\\/\"},\"sameAs\":[\"https:\\\/\\\/m.facebook.com\\\/prefeituradecambe\"]},{\"@type\":\"Person\",\"@id\":\"https:\\\/\\\/www.cambe.pr.gov.br\\\/#\\\/schema\\\/person\\\/8e3ee69cb2cadf4b9f8377407227effd\",\"name\":\"Vinicius Augusto Batista Eira\",\"image\":{\"@type\":\"ImageObject\",\"inLanguage\":\"pt-BR\",\"@id\":\"https:\\\/\\\/secure.gravatar.com\\\/avatar\\\/1ec500de7013b30e1d4d7c8c3978f0e4433c37e5d5e4cd186239369c6440122b?s=96&d=mm&r=g\",\"url\":\"https:\\\/\\\/secure.gravatar.com\\\/avatar\\\/1ec500de7013b30e1d4d7c8c3978f0e4433c37e5d5e4cd186239369c6440122b?s=96&d=mm&r=g\",\"contentUrl\":\"https:\\\/\\\/secure.gravatar.com\\\/avatar\\\/1ec500de7013b30e1d4d7c8c3978f0e4433c37e5d5e4cd186239369c6440122b?s=96&d=mm&r=g\",\"caption\":\"Vinicius Augusto Batista Eira\"},\"url\":\"https:\\\/\\\/www.cambe.pr.gov.br\\\/index.php\\\/author\\\/vabeira\\\/\"}]}<\/script>\n<!-- \/ Yoast SEO plugin. -->","yoast_head_json":{"title":"3\u00aa edi\u00e7\u00e3o do Camb\u00e9 Musical ter\u00e1 shows de Ana Castela e Marcos & Belutti - Prefeitura de Camb\u00e9","robots":{"index":"index","follow":"follow","max-snippet":"max-snippet:-1","max-image-preview":"max-image-preview:large","max-video-preview":"max-video-preview:-1"},"canonical":"https:\/\/www.cambe.pr.gov.br\/index.php\/3a-edicao-do-cambe-musical-tera-shows-de-ana-castela-e-marcos-belutti\/","og_locale":"pt_BR","og_type":"article","og_title":"3\u00aa edi\u00e7\u00e3o do Camb\u00e9 Musical ter\u00e1 shows de Ana Castela e Marcos & Belutti - Prefeitura de Camb\u00e9","og_description":"J\u00e1 estabelecido no calend\u00e1rio cultural de Camb\u00e9, o Camb\u00e9 Musical chega \u00e0 sua 3\u00aa edi\u00e7\u00e3o em grande estilo. A Prefeitura divulgou a programa\u00e7\u00e3o do evento que marca o encerramento da celebra\u00e7\u00e3o do anivers\u00e1rio da cidade, e ter\u00e1 shows da boiadeira mais querida do Brasil, Ana Castela, e da dupla com mais de 15 anos de [&hellip;]","og_url":"https:\/\/www.cambe.pr.gov.br\/index.php\/3a-edicao-do-cambe-musical-tera-shows-de-ana-castela-e-marcos-belutti\/","og_site_name":"Prefeitura de Camb\u00e9","article_publisher":"https:\/\/m.facebook.com\/prefeituradecambe","article_published_time":"2024-10-18T16:52:27+00:00","og_image":[{"url":"https:\/\/www.cambe.pr.gov.br\/wp-content\/uploads\/2024\/10\/385888179_18283457002144453_1656920297253694806_n-1024x819.jpg","type":"","width":"","height":""}],"author":"Vinicius Augusto Batista Eira","twitter_card":"summary_large_image","twitter_misc":{"Escrito por":"Vinicius Augusto Batista Eira","Est. tempo de leitura":"4 minutos"},"schema":{"@context":"https:\/\/schema.org","@graph":[{"@type":"Article","@id":"https:\/\/www.cambe.pr.gov.br\/index.php\/3a-edicao-do-cambe-musical-tera-shows-de-ana-castela-e-marcos-belutti\/#article","isPartOf":{"@id":"https:\/\/www.cambe.pr.gov.br\/index.php\/3a-edicao-do-cambe-musical-tera-shows-de-ana-castela-e-marcos-belutti\/"},"author":{"name":"Vinicius Augusto Batista Eira","@id":"https:\/\/www.cambe.pr.gov.br\/#\/schema\/person\/8e3ee69cb2cadf4b9f8377407227effd"},"headline":"3\u00aa edi\u00e7\u00e3o do Camb\u00e9 Musical ter\u00e1 shows de Ana Castela e Marcos &#038; Belutti","datePublished":"2024-10-18T16:52:27+00:00","mainEntityOfPage":{"@id":"https:\/\/www.cambe.pr.gov.br\/index.php\/3a-edicao-do-cambe-musical-tera-shows-de-ana-castela-e-marcos-belutti\/"},"wordCount":580,"publisher":{"@id":"https:\/\/www.cambe.pr.gov.br\/#organization"},"image":{"@id":"https:\/\/www.cambe.pr.gov.br\/index.php\/3a-edicao-do-cambe-musical-tera-shows-de-ana-castela-e-marcos-belutti\/#primaryimage"},"thumbnailUrl":"https:\/\/www.cambe.pr.gov.br\/wp-content\/uploads\/2024\/10\/385888179_18283457002144453_1656920297253694806_n-1024x819.jpg","articleSection":["Principal"],"inLanguage":"pt-BR"},{"@type":"WebPage","@id":"https:\/\/www.cambe.pr.gov.br\/index.php\/3a-edicao-do-cambe-musical-tera-shows-de-ana-castela-e-marcos-belutti\/","url":"https:\/\/www.cambe.pr.gov.br\/index.php\/3a-edicao-do-cambe-musical-tera-shows-de-ana-castela-e-marcos-belutti\/","name":"3\u00aa edi\u00e7\u00e3o do Camb\u00e9 Musical ter\u00e1 shows de Ana Castela e Marcos & Belutti - Prefeitura de Camb\u00e9","isPartOf":{"@id":"https:\/\/www.cambe.pr.gov.br\/#website"},"primaryImageOfPage":{"@id":"https:\/\/www.cambe.pr.gov.br\/index.php\/3a-edicao-do-cambe-musical-tera-shows-de-ana-castela-e-marcos-belutti\/#primaryimage"},"image":{"@id":"https:\/\/www.cambe.pr.gov.br\/index.php\/3a-edicao-do-cambe-musical-tera-shows-de-ana-castela-e-marcos-belutti\/#primaryimage"},"thumbnailUrl":"https:\/\/www.cambe.pr.gov.br\/wp-content\/uploads\/2024\/10\/385888179_18283457002144453_1656920297253694806_n-1024x819.jpg","datePublished":"2024-10-18T16:52:27+00:00","breadcrumb":{"@id":"https:\/\/www.cambe.pr.gov.br\/index.php\/3a-edicao-do-cambe-musical-tera-shows-de-ana-castela-e-marcos-belutti\/#breadcrumb"},"inLanguage":"pt-BR","potentialAction":[{"@type":"ReadAction","target":["https:\/\/www.cambe.pr.gov.br\/index.php\/3a-edicao-do-cambe-musical-tera-shows-de-ana-castela-e-marcos-belutti\/"]}]},{"@type":"ImageObject","inLanguage":"pt-BR","@id":"https:\/\/www.cambe.pr.gov.br\/index.php\/3a-edicao-do-cambe-musical-tera-shows-de-ana-castela-e-marcos-belutti\/#primaryimage","url":"https:\/\/www.cambe.pr.gov.br\/wp-content\/uploads\/2024\/10\/385888179_18283457002144453_1656920297253694806_n.jpg","contentUrl":"https:\/\/www.cambe.pr.gov.br\/wp-content\/uploads\/2024\/10\/385888179_18283457002144453_1656920297253694806_n.jpg","width":1440,"height":1152},{"@type":"BreadcrumbList","@id":"https:\/\/www.cambe.pr.gov.br\/index.php\/3a-edicao-do-cambe-musical-tera-shows-de-ana-castela-e-marcos-belutti\/#breadcrumb","itemListElement":[{"@type":"ListItem","position":1,"name":"In\u00edcio","item":"https:\/\/www.cambe.pr.gov.br\/"},{"@type":"ListItem","position":2,"name":"3\u00aa edi\u00e7\u00e3o do Camb\u00e9 Musical ter\u00e1 shows de Ana Castela e Marcos &#038; Belutti"}]},{"@type":"WebSite","@id":"https:\/\/www.cambe.pr.gov.br\/#website","url":"https:\/\/www.cambe.pr.gov.br\/","name":"Prefeitura de Camb\u00e9","description":"UM GOVERNO PARA TODOS","publisher":{"@id":"https:\/\/www.cambe.pr.gov.br\/#organization"},"potentialAction":[{"@type":"SearchAction","target":{"@type":"EntryPoint","urlTemplate":"https:\/\/www.cambe.pr.gov.br\/?s={search_term_string}"},"query-input":{"@type":"PropertyValueSpecification","valueRequired":true,"valueName":"search_term_string"}}],"inLanguage":"pt-BR"},{"@type":"Organization","@id":"https:\/\/www.cambe.pr.gov.br\/#organization","name":"Prefeitura de Camb\u00e9","url":"https:\/\/www.cambe.pr.gov.br\/","logo":{"@type":"ImageObject","inLanguage":"pt-BR","@id":"https:\/\/www.cambe.pr.gov.br\/#\/schema\/logo\/image\/","url":"https:\/\/www.cambe.pr.gov.br\/wp-content\/uploads\/2021\/01\/cropped-cropped-cambe_brazao-icone.png","contentUrl":"https:\/\/www.cambe.pr.gov.br\/wp-content\/uploads\/2021\/01\/cropped-cropped-cambe_brazao-icone.png","width":240,"height":240,"caption":"Prefeitura de Camb\u00e9"},"image":{"@id":"https:\/\/www.cambe.pr.gov.br\/#\/schema\/logo\/image\/"},"sameAs":["https:\/\/m.facebook.com\/prefeituradecambe"]},{"@type":"Person","@id":"https:\/\/www.cambe.pr.gov.br\/#\/schema\/person\/8e3ee69cb2cadf4b9f8377407227effd","name":"Vinicius Augusto Batista Eira","image":{"@type":"ImageObject","inLanguage":"pt-BR","@id":"https:\/\/secure.gravatar.com\/avatar\/1ec500de7013b30e1d4d7c8c3978f0e4433c37e5d5e4cd186239369c6440122b?s=96&d=mm&r=g","url":"https:\/\/secure.gravatar.com\/avatar\/1ec500de7013b30e1d4d7c8c3978f0e4433c37e5d5e4cd186239369c6440122b?s=96&d=mm&r=g","contentUrl":"https:\/\/secure.gravatar.com\/avatar\/1ec500de7013b30e1d4d7c8c3978f0e4433c37e5d5e4cd186239369c6440122b?s=96&d=mm&r=g","caption":"Vinicius Augusto Batista Eira"},"url":"https:\/\/www.cambe.pr.gov.br\/index.php\/author\/vabeira\/"}]}},"_links":{"self":[{"href":"https:\/\/www.cambe.pr.gov.br\/index.php\/wp-json\/wp\/v2\/posts\/15310","targetHints":{"allow":["GET"]}}],"collection":[{"href":"https:\/\/www.cambe.pr.gov.br\/index.php\/wp-json\/wp\/v2\/posts"}],"about":[{"href":"https:\/\/www.cambe.pr.gov.br\/index.php\/wp-json\/wp\/v2\/types\/post"}],"author":[{"embeddable":true,"href":"https:\/\/www.cambe.pr.gov.br\/index.php\/wp-json\/wp\/v2\/users\/16"}],"replies":[{"embeddable":true,"href":"https:\/\/www.cambe.pr.gov.br\/index.php\/wp-json\/wp\/v2\/comments?post=15310"}],"version-history":[{"count":6,"href":"https:\/\/www.cambe.pr.gov.br\/index.php\/wp-json\/wp\/v2\/posts\/15310\/revisions"}],"predecessor-version":[{"id":15318,"href":"https:\/\/www.cambe.pr.gov.br\/index.php\/wp-json\/wp\/v2\/posts\/15310\/revisions\/15318"}],"wp:attachment":[{"href":"https:\/\/www.cambe.pr.gov.br\/index.php\/wp-json\/wp\/v2\/media?parent=15310"}],"wp:term":[{"taxonomy":"category","embeddable":true,"href":"https:\/\/www.cambe.pr.gov.br\/index.php\/wp-json\/wp\/v2\/categories?post=15310"},{"taxonomy":"post_tag","embeddable":true,"href":"https:\/\/www.cambe.pr.gov.br\/index.php\/wp-json\/wp\/v2\/tags?post=15310"}],"curies":[{"name":"wp","href":"https:\/\/api.w.org\/{rel}","templated":true}]}}