{"id":14794,"date":"2024-06-12T10:36:23","date_gmt":"2024-06-12T13:36:23","guid":{"rendered":"https:\/\/www.cambe.pr.gov.br\/?p=14794"},"modified":"2024-10-07T13:01:50","modified_gmt":"2024-10-07T16:01:50","slug":"cambe-ira-receber-duas-novas-creches-atraves-de-programa-do-governo-do-estado","status":"publish","type":"post","link":"https:\/\/www.cambe.pr.gov.br\/index.php\/cambe-ira-receber-duas-novas-creches-atraves-de-programa-do-governo-do-estado\/","title":{"rendered":"Camb\u00e9 ir\u00e1 receber duas novas creches atrav\u00e9s de programa do governo do Estado"},"content":{"rendered":"<p style=\"text-align: justify;\"><span style=\"font-weight: 400; font-family: arial, helvetica, sans-serif;\"><img fetchpriority=\"high\" decoding=\"async\" class=\"alignleft wp-image-14796\" src=\"https:\/\/www.cambe.pr.gov.br\/wp-content\/uploads\/2024\/06\/WhatsApp-Image-2024-06-12-at-10.27.45.jpeg\" alt=\"\" width=\"600\" height=\"387\" srcset=\"https:\/\/www.cambe.pr.gov.br\/wp-content\/uploads\/2024\/06\/WhatsApp-Image-2024-06-12-at-10.27.45.jpeg 960w, https:\/\/www.cambe.pr.gov.br\/wp-content\/uploads\/2024\/06\/WhatsApp-Image-2024-06-12-at-10.27.45-300x193.jpeg 300w, https:\/\/www.cambe.pr.gov.br\/wp-content\/uploads\/2024\/06\/WhatsApp-Image-2024-06-12-at-10.27.45-768x495.jpeg 768w\" sizes=\"(max-width: 600px) 100vw, 600px\" \/>Camb\u00e9 vai receber mais duas creches do governo do Estado. O an\u00fancio foi na manh\u00e3 desta ter\u00e7a-feira (11), pelo governador Ratinho Junior. Ao todo, ser\u00e3o investidos R$ 391,4 milh\u00f5es na constru\u00e7\u00e3o de 300 creches em 258 munic\u00edpios paranaenses atrav\u00e9s do programa Inf\u00e2ncia Feliz. Nosso munic\u00edpio ser\u00e1 contemplado com mais dois espa\u00e7os, com previs\u00e3o de atendimento para mais 72 crian\u00e7as, de 0 a 3 anos, por per\u00edodo.<\/span><\/p>\n<p style=\"text-align: justify;\"><span style=\"font-weight: 400; font-family: arial, helvetica, sans-serif;\">De acordo com o governo estadual, esse \u00e9 o maior pacote da hist\u00f3ria voltado \u00e0 infraestrutura de educa\u00e7\u00e3o infantil do Paran\u00e1, com a previs\u00e3o de atender entre 10.200 e 13.800 crian\u00e7as. Os recursos vieram de parceria entre a Secretaria de Desenvolvimento Social e Fam\u00edlia e a Casa Civil, com aporte do Tesouro Estadual, do Fundo para a Inf\u00e2ncia e Adolesc\u00eancia (FIA) e da Assembleia Legislativa do Paran\u00e1. O dinheiro ser\u00e1 depositado diretamente nos fundos municipais e a Prefeitura ser\u00e1 respons\u00e1vel pela licita\u00e7\u00e3o.<\/span><\/p>\n<p style=\"text-align: justify;\"><span style=\"font-weight: 400; font-family: arial, helvetica, sans-serif;\">O investimento surgiu atrav\u00e9s do programa Inf\u00e2ncia Feliz que, entre diversas a\u00e7\u00f5es para aumentar a presen\u00e7a das crian\u00e7as nas creches e diminuir as filas no Paran\u00e1, prev\u00ea a constru\u00e7\u00e3o desses espa\u00e7os.<\/span><\/p>\n<p style=\"text-align: justify;\"><span style=\"font-weight: 400; font-family: arial, helvetica, sans-serif;\">As creches dever\u00e3o ser constru\u00eddas em terrenos com pelo menos 1,2 mil metros quadrados, destinados pela Prefeitura. O projeto arquitet\u00f4nico ser\u00e1 doado pelo Estado para que o munic\u00edpio contrate a empresa e execute as obras. Segundo o projeto, a estrutura tem 456,86 metros quadrados e prev\u00ea tr\u00eas salas de aula, uma brinquedoteca, dois banheiros com frald\u00e1rios, quatro banheiros comuns (incluindo PCDs), um sol\u00e1rio, um p\u00e1tio coberto, um jardim sensorial, uma sala de amamenta\u00e7\u00e3o, um lact\u00e1rio, um refeit\u00f3rio, uma cozinha industrial, dois vesti\u00e1rios, uma sala de diretoria, uma sala de secretaria, uma sala de professores e duas despensas. Cada espa\u00e7o ter\u00e1 capacidade para atender 36 crian\u00e7as por per\u00edodo. As creches ainda foram projetadas para facilitar a amplia\u00e7\u00e3o sem derrubar paredes, sendo constru\u00eddo apenas um anexo que tamb\u00e9m est\u00e1 dentro do projeto. Com a amplia\u00e7\u00e3o, a capacidade de atendimento sobe para 46 crian\u00e7as por per\u00edodo.<\/span><\/p>\n<p style=\"text-align: justify;\"><span style=\"font-weight: 400; font-family: arial, helvetica, sans-serif;\">\u201c\u00c9 o maior programa de constru\u00e7\u00e3o de creches do Brasil, que mostra a preocupa\u00e7\u00e3o do governo do Estado com a primeira inf\u00e2ncia, que \u00e9 a fase da vida em que a crian\u00e7a tem a maior capacidade de absorver conhecimento. Esse programa tamb\u00e9m resolve o problema daquela m\u00e3e que muitas vezes acaba perdendo uma vaga de emprego por n\u00e3o ter um lugar adequado para deixar seu filho. E agora ela vai ter um bom lugar, onde ele vai aprender e ser bem cuidado. E tamb\u00e9m um problema dos prefeitos, com a defasagem de vagas dispon\u00edveis. Parab\u00e9ns a Camb\u00e9 e ao prefeito Conrado por nos acompanhar nesse investimento na educa\u00e7\u00e3o infantil\u201d, ressaltou o governador.<\/span><\/p>\n<p style=\"text-align: justify;\"><span style=\"font-weight: 400; font-family: arial, helvetica, sans-serif;\">O prefeito Conrado Scheller tamb\u00e9m destaca a parceria, que j\u00e1 vem gerando frutos antes mesmo do an\u00fancio desta ter\u00e7a. \u201cVim aqui para Curitiba agradecer ao governador pessoalmente pelo programa Inf\u00e2ncia Feliz, j\u00e1 que duas das 300 novas creches v\u00e3o para a cidade de Camb\u00e9. J\u00e1 estamos fazendo uma escola nova no Santa Isabel, CMEI do Ana Rosa, e agora mais duas creches tamb\u00e9m que o governo do estado destacou tamb\u00e9m atrav\u00e9s da nossa parceria. J\u00e1 estivemos juntos esses dias anunciando obras, e agora estamos aqui com mais duas creches que somam-se a aqueles R$ 114 milh\u00f5es. Camb\u00e9 n\u00e3o para e vamos longe\u201d, destacou.<\/span><\/p>\n","protected":false},"excerpt":{"rendered":"<p>Camb\u00e9 vai receber mais duas creches do governo do Estado. O an\u00fancio foi na manh\u00e3 desta ter\u00e7a-feira (11), pelo governador Ratinho Junior. Ao todo, ser\u00e3o investidos R$ 391,4 milh\u00f5es na constru\u00e7\u00e3o de 300 creches em 258 munic\u00edpios paranaenses atrav\u00e9s do programa Inf\u00e2ncia Feliz. Nosso munic\u00edpio ser\u00e1 contemplado com mais dois espa\u00e7os, com previs\u00e3o de atendimento [&hellip;]<\/p>\n","protected":false},"author":16,"featured_media":0,"comment_status":"closed","ping_status":"open","sticky":false,"template":"","format":"standard","meta":{"ngg_post_thumbnail":0,"footnotes":""},"categories":[1],"tags":[],"class_list":["post-14794","post","type-post","status-publish","format-standard","hentry","category-principal"],"yoast_head":"<!-- This site is optimized with the Yoast SEO plugin v27.4 - https:\/\/yoast.com\/product\/yoast-seo-wordpress\/ -->\n<title>Camb\u00e9 ir\u00e1 receber duas novas creches atrav\u00e9s de programa do governo do Estado - Prefeitura de Camb\u00e9<\/title>\n<meta name=\"robots\" content=\"index, follow, max-snippet:-1, max-image-preview:large, max-video-preview:-1\" \/>\n<link rel=\"canonical\" href=\"https:\/\/www.cambe.pr.gov.br\/index.php\/cambe-ira-receber-duas-novas-creches-atraves-de-programa-do-governo-do-estado\/\" \/>\n<meta property=\"og:locale\" content=\"pt_BR\" \/>\n<meta property=\"og:type\" content=\"article\" \/>\n<meta property=\"og:title\" content=\"Camb\u00e9 ir\u00e1 receber duas novas creches atrav\u00e9s de programa do governo do Estado - Prefeitura de Camb\u00e9\" \/>\n<meta property=\"og:description\" content=\"Camb\u00e9 vai receber mais duas creches do governo do Estado. O an\u00fancio foi na manh\u00e3 desta ter\u00e7a-feira (11), pelo governador Ratinho Junior. Ao todo, ser\u00e3o investidos R$ 391,4 milh\u00f5es na constru\u00e7\u00e3o de 300 creches em 258 munic\u00edpios paranaenses atrav\u00e9s do programa Inf\u00e2ncia Feliz. Nosso munic\u00edpio ser\u00e1 contemplado com mais dois espa\u00e7os, com previs\u00e3o de atendimento [&hellip;]\" \/>\n<meta property=\"og:url\" content=\"https:\/\/www.cambe.pr.gov.br\/index.php\/cambe-ira-receber-duas-novas-creches-atraves-de-programa-do-governo-do-estado\/\" \/>\n<meta property=\"og:site_name\" content=\"Prefeitura de Camb\u00e9\" \/>\n<meta property=\"article:publisher\" content=\"https:\/\/m.facebook.com\/prefeituradecambe\" \/>\n<meta property=\"article:published_time\" content=\"2024-06-12T13:36:23+00:00\" \/>\n<meta property=\"article:modified_time\" content=\"2024-10-07T16:01:50+00:00\" \/>\n<meta property=\"og:image\" content=\"https:\/\/www.cambe.pr.gov.br\/wp-content\/uploads\/2024\/06\/WhatsApp-Image-2024-06-12-at-10.27.45.jpeg\" \/>\n<meta name=\"author\" content=\"Vinicius Augusto Batista Eira\" \/>\n<meta name=\"twitter:card\" content=\"summary_large_image\" \/>\n<meta name=\"twitter:label1\" content=\"Escrito por\" \/>\n\t<meta name=\"twitter:data1\" content=\"Vinicius Augusto Batista Eira\" \/>\n\t<meta name=\"twitter:label2\" content=\"Est. tempo de leitura\" \/>\n\t<meta name=\"twitter:data2\" content=\"4 minutos\" \/>\n<script type=\"application\/ld+json\" class=\"yoast-schema-graph\">{\"@context\":\"https:\\\/\\\/schema.org\",\"@graph\":[{\"@type\":\"Article\",\"@id\":\"https:\\\/\\\/www.cambe.pr.gov.br\\\/index.php\\\/cambe-ira-receber-duas-novas-creches-atraves-de-programa-do-governo-do-estado\\\/#article\",\"isPartOf\":{\"@id\":\"https:\\\/\\\/www.cambe.pr.gov.br\\\/index.php\\\/cambe-ira-receber-duas-novas-creches-atraves-de-programa-do-governo-do-estado\\\/\"},\"author\":{\"name\":\"Vinicius Augusto Batista Eira\",\"@id\":\"https:\\\/\\\/www.cambe.pr.gov.br\\\/#\\\/schema\\\/person\\\/8e3ee69cb2cadf4b9f8377407227effd\"},\"headline\":\"Camb\u00e9 ir\u00e1 receber duas novas creches atrav\u00e9s de programa do governo do Estado\",\"datePublished\":\"2024-06-12T13:36:23+00:00\",\"dateModified\":\"2024-10-07T16:01:50+00:00\",\"mainEntityOfPage\":{\"@id\":\"https:\\\/\\\/www.cambe.pr.gov.br\\\/index.php\\\/cambe-ira-receber-duas-novas-creches-atraves-de-programa-do-governo-do-estado\\\/\"},\"wordCount\":603,\"publisher\":{\"@id\":\"https:\\\/\\\/www.cambe.pr.gov.br\\\/#organization\"},\"image\":{\"@id\":\"https:\\\/\\\/www.cambe.pr.gov.br\\\/index.php\\\/cambe-ira-receber-duas-novas-creches-atraves-de-programa-do-governo-do-estado\\\/#primaryimage\"},\"thumbnailUrl\":\"https:\\\/\\\/www.cambe.pr.gov.br\\\/wp-content\\\/uploads\\\/2024\\\/06\\\/WhatsApp-Image-2024-06-12-at-10.27.45.jpeg\",\"articleSection\":[\"Principal\"],\"inLanguage\":\"pt-BR\"},{\"@type\":\"WebPage\",\"@id\":\"https:\\\/\\\/www.cambe.pr.gov.br\\\/index.php\\\/cambe-ira-receber-duas-novas-creches-atraves-de-programa-do-governo-do-estado\\\/\",\"url\":\"https:\\\/\\\/www.cambe.pr.gov.br\\\/index.php\\\/cambe-ira-receber-duas-novas-creches-atraves-de-programa-do-governo-do-estado\\\/\",\"name\":\"Camb\u00e9 ir\u00e1 receber duas novas creches atrav\u00e9s de programa do governo do Estado - Prefeitura de Camb\u00e9\",\"isPartOf\":{\"@id\":\"https:\\\/\\\/www.cambe.pr.gov.br\\\/#website\"},\"primaryImageOfPage\":{\"@id\":\"https:\\\/\\\/www.cambe.pr.gov.br\\\/index.php\\\/cambe-ira-receber-duas-novas-creches-atraves-de-programa-do-governo-do-estado\\\/#primaryimage\"},\"image\":{\"@id\":\"https:\\\/\\\/www.cambe.pr.gov.br\\\/index.php\\\/cambe-ira-receber-duas-novas-creches-atraves-de-programa-do-governo-do-estado\\\/#primaryimage\"},\"thumbnailUrl\":\"https:\\\/\\\/www.cambe.pr.gov.br\\\/wp-content\\\/uploads\\\/2024\\\/06\\\/WhatsApp-Image-2024-06-12-at-10.27.45.jpeg\",\"datePublished\":\"2024-06-12T13:36:23+00:00\",\"dateModified\":\"2024-10-07T16:01:50+00:00\",\"breadcrumb\":{\"@id\":\"https:\\\/\\\/www.cambe.pr.gov.br\\\/index.php\\\/cambe-ira-receber-duas-novas-creches-atraves-de-programa-do-governo-do-estado\\\/#breadcrumb\"},\"inLanguage\":\"pt-BR\",\"potentialAction\":[{\"@type\":\"ReadAction\",\"target\":[\"https:\\\/\\\/www.cambe.pr.gov.br\\\/index.php\\\/cambe-ira-receber-duas-novas-creches-atraves-de-programa-do-governo-do-estado\\\/\"]}]},{\"@type\":\"ImageObject\",\"inLanguage\":\"pt-BR\",\"@id\":\"https:\\\/\\\/www.cambe.pr.gov.br\\\/index.php\\\/cambe-ira-receber-duas-novas-creches-atraves-de-programa-do-governo-do-estado\\\/#primaryimage\",\"url\":\"https:\\\/\\\/www.cambe.pr.gov.br\\\/wp-content\\\/uploads\\\/2024\\\/06\\\/WhatsApp-Image-2024-06-12-at-10.27.45.jpeg\",\"contentUrl\":\"https:\\\/\\\/www.cambe.pr.gov.br\\\/wp-content\\\/uploads\\\/2024\\\/06\\\/WhatsApp-Image-2024-06-12-at-10.27.45.jpeg\",\"width\":960,\"height\":619},{\"@type\":\"BreadcrumbList\",\"@id\":\"https:\\\/\\\/www.cambe.pr.gov.br\\\/index.php\\\/cambe-ira-receber-duas-novas-creches-atraves-de-programa-do-governo-do-estado\\\/#breadcrumb\",\"itemListElement\":[{\"@type\":\"ListItem\",\"position\":1,\"name\":\"In\u00edcio\",\"item\":\"https:\\\/\\\/www.cambe.pr.gov.br\\\/\"},{\"@type\":\"ListItem\",\"position\":2,\"name\":\"Camb\u00e9 ir\u00e1 receber duas novas creches atrav\u00e9s de programa do governo do Estado\"}]},{\"@type\":\"WebSite\",\"@id\":\"https:\\\/\\\/www.cambe.pr.gov.br\\\/#website\",\"url\":\"https:\\\/\\\/www.cambe.pr.gov.br\\\/\",\"name\":\"Prefeitura de Camb\u00e9\",\"description\":\"UM GOVERNO PARA TODOS\",\"publisher\":{\"@id\":\"https:\\\/\\\/www.cambe.pr.gov.br\\\/#organization\"},\"potentialAction\":[{\"@type\":\"SearchAction\",\"target\":{\"@type\":\"EntryPoint\",\"urlTemplate\":\"https:\\\/\\\/www.cambe.pr.gov.br\\\/?s={search_term_string}\"},\"query-input\":{\"@type\":\"PropertyValueSpecification\",\"valueRequired\":true,\"valueName\":\"search_term_string\"}}],\"inLanguage\":\"pt-BR\"},{\"@type\":\"Organization\",\"@id\":\"https:\\\/\\\/www.cambe.pr.gov.br\\\/#organization\",\"name\":\"Prefeitura de Camb\u00e9\",\"url\":\"https:\\\/\\\/www.cambe.pr.gov.br\\\/\",\"logo\":{\"@type\":\"ImageObject\",\"inLanguage\":\"pt-BR\",\"@id\":\"https:\\\/\\\/www.cambe.pr.gov.br\\\/#\\\/schema\\\/logo\\\/image\\\/\",\"url\":\"https:\\\/\\\/www.cambe.pr.gov.br\\\/wp-content\\\/uploads\\\/2021\\\/01\\\/cropped-cropped-cambe_brazao-icone.png\",\"contentUrl\":\"https:\\\/\\\/www.cambe.pr.gov.br\\\/wp-content\\\/uploads\\\/2021\\\/01\\\/cropped-cropped-cambe_brazao-icone.png\",\"width\":240,\"height\":240,\"caption\":\"Prefeitura de Camb\u00e9\"},\"image\":{\"@id\":\"https:\\\/\\\/www.cambe.pr.gov.br\\\/#\\\/schema\\\/logo\\\/image\\\/\"},\"sameAs\":[\"https:\\\/\\\/m.facebook.com\\\/prefeituradecambe\"]},{\"@type\":\"Person\",\"@id\":\"https:\\\/\\\/www.cambe.pr.gov.br\\\/#\\\/schema\\\/person\\\/8e3ee69cb2cadf4b9f8377407227effd\",\"name\":\"Vinicius Augusto Batista Eira\",\"image\":{\"@type\":\"ImageObject\",\"inLanguage\":\"pt-BR\",\"@id\":\"https:\\\/\\\/secure.gravatar.com\\\/avatar\\\/1ec500de7013b30e1d4d7c8c3978f0e4433c37e5d5e4cd186239369c6440122b?s=96&d=mm&r=g\",\"url\":\"https:\\\/\\\/secure.gravatar.com\\\/avatar\\\/1ec500de7013b30e1d4d7c8c3978f0e4433c37e5d5e4cd186239369c6440122b?s=96&d=mm&r=g\",\"contentUrl\":\"https:\\\/\\\/secure.gravatar.com\\\/avatar\\\/1ec500de7013b30e1d4d7c8c3978f0e4433c37e5d5e4cd186239369c6440122b?s=96&d=mm&r=g\",\"caption\":\"Vinicius Augusto Batista Eira\"},\"url\":\"https:\\\/\\\/www.cambe.pr.gov.br\\\/index.php\\\/author\\\/vabeira\\\/\"}]}<\/script>\n<!-- \/ Yoast SEO plugin. -->","yoast_head_json":{"title":"Camb\u00e9 ir\u00e1 receber duas novas creches atrav\u00e9s de programa do governo do Estado - Prefeitura de Camb\u00e9","robots":{"index":"index","follow":"follow","max-snippet":"max-snippet:-1","max-image-preview":"max-image-preview:large","max-video-preview":"max-video-preview:-1"},"canonical":"https:\/\/www.cambe.pr.gov.br\/index.php\/cambe-ira-receber-duas-novas-creches-atraves-de-programa-do-governo-do-estado\/","og_locale":"pt_BR","og_type":"article","og_title":"Camb\u00e9 ir\u00e1 receber duas novas creches atrav\u00e9s de programa do governo do Estado - Prefeitura de Camb\u00e9","og_description":"Camb\u00e9 vai receber mais duas creches do governo do Estado. O an\u00fancio foi na manh\u00e3 desta ter\u00e7a-feira (11), pelo governador Ratinho Junior. Ao todo, ser\u00e3o investidos R$ 391,4 milh\u00f5es na constru\u00e7\u00e3o de 300 creches em 258 munic\u00edpios paranaenses atrav\u00e9s do programa Inf\u00e2ncia Feliz. Nosso munic\u00edpio ser\u00e1 contemplado com mais dois espa\u00e7os, com previs\u00e3o de atendimento [&hellip;]","og_url":"https:\/\/www.cambe.pr.gov.br\/index.php\/cambe-ira-receber-duas-novas-creches-atraves-de-programa-do-governo-do-estado\/","og_site_name":"Prefeitura de Camb\u00e9","article_publisher":"https:\/\/m.facebook.com\/prefeituradecambe","article_published_time":"2024-06-12T13:36:23+00:00","article_modified_time":"2024-10-07T16:01:50+00:00","og_image":[{"url":"https:\/\/www.cambe.pr.gov.br\/wp-content\/uploads\/2024\/06\/WhatsApp-Image-2024-06-12-at-10.27.45.jpeg","type":"","width":"","height":""}],"author":"Vinicius Augusto Batista Eira","twitter_card":"summary_large_image","twitter_misc":{"Escrito por":"Vinicius Augusto Batista Eira","Est. tempo de leitura":"4 minutos"},"schema":{"@context":"https:\/\/schema.org","@graph":[{"@type":"Article","@id":"https:\/\/www.cambe.pr.gov.br\/index.php\/cambe-ira-receber-duas-novas-creches-atraves-de-programa-do-governo-do-estado\/#article","isPartOf":{"@id":"https:\/\/www.cambe.pr.gov.br\/index.php\/cambe-ira-receber-duas-novas-creches-atraves-de-programa-do-governo-do-estado\/"},"author":{"name":"Vinicius Augusto Batista Eira","@id":"https:\/\/www.cambe.pr.gov.br\/#\/schema\/person\/8e3ee69cb2cadf4b9f8377407227effd"},"headline":"Camb\u00e9 ir\u00e1 receber duas novas creches atrav\u00e9s de programa do governo do Estado","datePublished":"2024-06-12T13:36:23+00:00","dateModified":"2024-10-07T16:01:50+00:00","mainEntityOfPage":{"@id":"https:\/\/www.cambe.pr.gov.br\/index.php\/cambe-ira-receber-duas-novas-creches-atraves-de-programa-do-governo-do-estado\/"},"wordCount":603,"publisher":{"@id":"https:\/\/www.cambe.pr.gov.br\/#organization"},"image":{"@id":"https:\/\/www.cambe.pr.gov.br\/index.php\/cambe-ira-receber-duas-novas-creches-atraves-de-programa-do-governo-do-estado\/#primaryimage"},"thumbnailUrl":"https:\/\/www.cambe.pr.gov.br\/wp-content\/uploads\/2024\/06\/WhatsApp-Image-2024-06-12-at-10.27.45.jpeg","articleSection":["Principal"],"inLanguage":"pt-BR"},{"@type":"WebPage","@id":"https:\/\/www.cambe.pr.gov.br\/index.php\/cambe-ira-receber-duas-novas-creches-atraves-de-programa-do-governo-do-estado\/","url":"https:\/\/www.cambe.pr.gov.br\/index.php\/cambe-ira-receber-duas-novas-creches-atraves-de-programa-do-governo-do-estado\/","name":"Camb\u00e9 ir\u00e1 receber duas novas creches atrav\u00e9s de programa do governo do Estado - Prefeitura de Camb\u00e9","isPartOf":{"@id":"https:\/\/www.cambe.pr.gov.br\/#website"},"primaryImageOfPage":{"@id":"https:\/\/www.cambe.pr.gov.br\/index.php\/cambe-ira-receber-duas-novas-creches-atraves-de-programa-do-governo-do-estado\/#primaryimage"},"image":{"@id":"https:\/\/www.cambe.pr.gov.br\/index.php\/cambe-ira-receber-duas-novas-creches-atraves-de-programa-do-governo-do-estado\/#primaryimage"},"thumbnailUrl":"https:\/\/www.cambe.pr.gov.br\/wp-content\/uploads\/2024\/06\/WhatsApp-Image-2024-06-12-at-10.27.45.jpeg","datePublished":"2024-06-12T13:36:23+00:00","dateModified":"2024-10-07T16:01:50+00:00","breadcrumb":{"@id":"https:\/\/www.cambe.pr.gov.br\/index.php\/cambe-ira-receber-duas-novas-creches-atraves-de-programa-do-governo-do-estado\/#breadcrumb"},"inLanguage":"pt-BR","potentialAction":[{"@type":"ReadAction","target":["https:\/\/www.cambe.pr.gov.br\/index.php\/cambe-ira-receber-duas-novas-creches-atraves-de-programa-do-governo-do-estado\/"]}]},{"@type":"ImageObject","inLanguage":"pt-BR","@id":"https:\/\/www.cambe.pr.gov.br\/index.php\/cambe-ira-receber-duas-novas-creches-atraves-de-programa-do-governo-do-estado\/#primaryimage","url":"https:\/\/www.cambe.pr.gov.br\/wp-content\/uploads\/2024\/06\/WhatsApp-Image-2024-06-12-at-10.27.45.jpeg","contentUrl":"https:\/\/www.cambe.pr.gov.br\/wp-content\/uploads\/2024\/06\/WhatsApp-Image-2024-06-12-at-10.27.45.jpeg","width":960,"height":619},{"@type":"BreadcrumbList","@id":"https:\/\/www.cambe.pr.gov.br\/index.php\/cambe-ira-receber-duas-novas-creches-atraves-de-programa-do-governo-do-estado\/#breadcrumb","itemListElement":[{"@type":"ListItem","position":1,"name":"In\u00edcio","item":"https:\/\/www.cambe.pr.gov.br\/"},{"@type":"ListItem","position":2,"name":"Camb\u00e9 ir\u00e1 receber duas novas creches atrav\u00e9s de programa do governo do Estado"}]},{"@type":"WebSite","@id":"https:\/\/www.cambe.pr.gov.br\/#website","url":"https:\/\/www.cambe.pr.gov.br\/","name":"Prefeitura de Camb\u00e9","description":"UM GOVERNO PARA TODOS","publisher":{"@id":"https:\/\/www.cambe.pr.gov.br\/#organization"},"potentialAction":[{"@type":"SearchAction","target":{"@type":"EntryPoint","urlTemplate":"https:\/\/www.cambe.pr.gov.br\/?s={search_term_string}"},"query-input":{"@type":"PropertyValueSpecification","valueRequired":true,"valueName":"search_term_string"}}],"inLanguage":"pt-BR"},{"@type":"Organization","@id":"https:\/\/www.cambe.pr.gov.br\/#organization","name":"Prefeitura de Camb\u00e9","url":"https:\/\/www.cambe.pr.gov.br\/","logo":{"@type":"ImageObject","inLanguage":"pt-BR","@id":"https:\/\/www.cambe.pr.gov.br\/#\/schema\/logo\/image\/","url":"https:\/\/www.cambe.pr.gov.br\/wp-content\/uploads\/2021\/01\/cropped-cropped-cambe_brazao-icone.png","contentUrl":"https:\/\/www.cambe.pr.gov.br\/wp-content\/uploads\/2021\/01\/cropped-cropped-cambe_brazao-icone.png","width":240,"height":240,"caption":"Prefeitura de Camb\u00e9"},"image":{"@id":"https:\/\/www.cambe.pr.gov.br\/#\/schema\/logo\/image\/"},"sameAs":["https:\/\/m.facebook.com\/prefeituradecambe"]},{"@type":"Person","@id":"https:\/\/www.cambe.pr.gov.br\/#\/schema\/person\/8e3ee69cb2cadf4b9f8377407227effd","name":"Vinicius Augusto Batista Eira","image":{"@type":"ImageObject","inLanguage":"pt-BR","@id":"https:\/\/secure.gravatar.com\/avatar\/1ec500de7013b30e1d4d7c8c3978f0e4433c37e5d5e4cd186239369c6440122b?s=96&d=mm&r=g","url":"https:\/\/secure.gravatar.com\/avatar\/1ec500de7013b30e1d4d7c8c3978f0e4433c37e5d5e4cd186239369c6440122b?s=96&d=mm&r=g","contentUrl":"https:\/\/secure.gravatar.com\/avatar\/1ec500de7013b30e1d4d7c8c3978f0e4433c37e5d5e4cd186239369c6440122b?s=96&d=mm&r=g","caption":"Vinicius Augusto Batista Eira"},"url":"https:\/\/www.cambe.pr.gov.br\/index.php\/author\/vabeira\/"}]}},"_links":{"self":[{"href":"https:\/\/www.cambe.pr.gov.br\/index.php\/wp-json\/wp\/v2\/posts\/14794","targetHints":{"allow":["GET"]}}],"collection":[{"href":"https:\/\/www.cambe.pr.gov.br\/index.php\/wp-json\/wp\/v2\/posts"}],"about":[{"href":"https:\/\/www.cambe.pr.gov.br\/index.php\/wp-json\/wp\/v2\/types\/post"}],"author":[{"embeddable":true,"href":"https:\/\/www.cambe.pr.gov.br\/index.php\/wp-json\/wp\/v2\/users\/16"}],"replies":[{"embeddable":true,"href":"https:\/\/www.cambe.pr.gov.br\/index.php\/wp-json\/wp\/v2\/comments?post=14794"}],"version-history":[{"count":3,"href":"https:\/\/www.cambe.pr.gov.br\/index.php\/wp-json\/wp\/v2\/posts\/14794\/revisions"}],"predecessor-version":[{"id":14802,"href":"https:\/\/www.cambe.pr.gov.br\/index.php\/wp-json\/wp\/v2\/posts\/14794\/revisions\/14802"}],"wp:attachment":[{"href":"https:\/\/www.cambe.pr.gov.br\/index.php\/wp-json\/wp\/v2\/media?parent=14794"}],"wp:term":[{"taxonomy":"category","embeddable":true,"href":"https:\/\/www.cambe.pr.gov.br\/index.php\/wp-json\/wp\/v2\/categories?post=14794"},{"taxonomy":"post_tag","embeddable":true,"href":"https:\/\/www.cambe.pr.gov.br\/index.php\/wp-json\/wp\/v2\/tags?post=14794"}],"curies":[{"name":"wp","href":"https:\/\/api.w.org\/{rel}","templated":true}]}}