{"id":14784,"date":"2024-06-12T10:44:45","date_gmt":"2024-06-12T13:44:45","guid":{"rendered":"https:\/\/www.cambe.pr.gov.br\/?p=14784"},"modified":"2024-10-07T13:01:50","modified_gmt":"2024-10-07T16:01:50","slug":"veja-o-horario-de-funcionamento-dos-servicos-publicos-em-cambe-no-dia-do-padroeiro","status":"publish","type":"post","link":"https:\/\/www.cambe.pr.gov.br\/index.php\/veja-o-horario-de-funcionamento-dos-servicos-publicos-em-cambe-no-dia-do-padroeiro\/","title":{"rendered":"Veja o hor\u00e1rio de funcionamento dos servi\u00e7os p\u00fablicos em Camb\u00e9 no dia do padroeiro"},"content":{"rendered":"<p style=\"text-align: justify;\"><span style=\"font-weight: 400; font-family: arial, helvetica, sans-serif;\"><img fetchpriority=\"high\" decoding=\"async\" class=\"alignleft size-large wp-image-8521\" src=\"https:\/\/www.cambe.pr.gov.br\/wp-content\/uploads\/2022\/11\/preffffff-1024x678.jpg\" alt=\"\" width=\"610\" height=\"404\" srcset=\"https:\/\/www.cambe.pr.gov.br\/wp-content\/uploads\/2022\/11\/preffffff-1024x678.jpg 1024w, https:\/\/www.cambe.pr.gov.br\/wp-content\/uploads\/2022\/11\/preffffff-300x199.jpg 300w, https:\/\/www.cambe.pr.gov.br\/wp-content\/uploads\/2022\/11\/preffffff-768x509.jpg 768w, https:\/\/www.cambe.pr.gov.br\/wp-content\/uploads\/2022\/11\/preffffff-1536x1017.jpg 1536w, https:\/\/www.cambe.pr.gov.br\/wp-content\/uploads\/2022\/11\/preffffff-2048x1356.jpg 2048w\" sizes=\"(max-width: 610px) 100vw, 610px\" \/>Nesta quinta-feira (13) \u00e9 Dia de Santo Ant\u00f4nio, o padroeiro de Camb\u00e9. Com isso, alguns servi\u00e7os p\u00fablicos ter\u00e3o seu hor\u00e1rio de funcionamento alterado tanto no dia, como tamb\u00e9m na sexta-feira (14), ponto facultativo no munic\u00edpio. Confira agora o que abre e fecha.<\/span><\/p>\n<p>&nbsp;<\/p>\n<p style=\"text-align: justify;\"><strong><span style=\"font-family: arial, helvetica, sans-serif;\">Prefeitura de Camb\u00e9<\/span><\/strong><\/p>\n<p style=\"text-align: justify;\"><span style=\"font-weight: 400; font-family: arial, helvetica, sans-serif;\">O pr\u00e9dio principal da Prefeitura de Camb\u00e9, assim como as Secretarias Municipais e demais reparti\u00e7\u00f5es p\u00fablicas do poder municipal estar\u00e3o fechados tanto no feriado, como na sexta-feira. Os servi\u00e7os voltam a funcionar regularmente na segunda-feira (17).<\/span><\/p>\n<p>&nbsp;<\/p>\n<p style=\"text-align: justify;\"><strong><span style=\"font-family: arial, helvetica, sans-serif;\">Unidades B\u00e1sicas de Sa\u00fade<\/span><\/strong><\/p>\n<p style=\"text-align: justify;\"><span style=\"font-weight: 400; font-family: arial, helvetica, sans-serif;\">As Unidades B\u00e1sicas de Sa\u00fade (UBS) seguem o hor\u00e1rio estabelecido pela Prefeitura e n\u00e3o abrem quinta e sexta-feira, restabelecendo o atendimento normalmente na pr\u00f3xima segunda.<\/span><\/p>\n<p style=\"text-align: justify;\"><span style=\"font-weight: 400; font-family: arial, helvetica, sans-serif;\">Quem precisar de algum atendimento de urg\u00eancia e emerg\u00eancia pode procurar uma das Unidades de Pronto Atendimento do munic\u00edpio: a UPA do Jardim Tupi, na rua Caracas, 479; ou o Pronto Atendimento 24 Horas Maria Anideje, que fica na Rua Londrina, esquina com Rua Antonina, no Jardim Ana Eliza.<\/span><\/p>\n<p>&nbsp;<\/p>\n<p style=\"text-align: justify;\"><strong><span style=\"font-family: arial, helvetica, sans-serif;\">Coleta de lixo<\/span><\/strong><\/p>\n<p style=\"text-align: justify;\"><span style=\"font-weight: 400; font-family: arial, helvetica, sans-serif;\">A Secretaria de Meio Ambiente informa que na quinta-feira todos os trechos atendidos diariamente, com exce\u00e7\u00e3o ao Centro, n\u00e3o ter\u00e3o coleta, voltando \u00e0 normalidade na sexta-feira. J\u00e1 trechos alternados, com coleta ter\u00e7a, quinta e s\u00e1bado trabalham normalmente no feriado.<\/span><\/p>\n<p>&nbsp;<\/p>\n<p style=\"text-align: justify;\"><strong><span style=\"font-family: arial, helvetica, sans-serif;\">Escolas<\/span><\/strong><\/p>\n<p style=\"text-align: justify;\"><span style=\"font-weight: 400; font-family: arial, helvetica, sans-serif;\">As 44 escolas e creches do munic\u00edpio v\u00e3o dispensar os alunos na quinta e sexta-feira, com aulas voltando normalmente na pr\u00f3xima segunda.<\/span><\/p>\n<p>&nbsp;<\/p>\n<p style=\"text-align: justify;\"><strong><span style=\"font-family: arial, helvetica, sans-serif;\">Cemit\u00e9rio<\/span><\/strong><\/p>\n<p style=\"text-align: justify;\"><span style=\"font-weight: 400; font-family: arial, helvetica, sans-serif;\">O Cemit\u00e9rio Municipal Padre Symphoriano Kopf vai abrir normalmente na quinta, sexta e final de semana, em hor\u00e1rio normal, das 8h \u00e0s 18h.<\/span><\/p>\n<p>&nbsp;<\/p>\n<p style=\"text-align: justify;\"><strong><span style=\"font-family: arial, helvetica, sans-serif;\">Com\u00e9rcio<\/span><\/strong><\/p>\n<p style=\"text-align: justify;\"><span style=\"font-weight: 400; font-family: arial, helvetica, sans-serif;\">O com\u00e9rcio varejista de Camb\u00e9 estar\u00e1 fechado no feriado.<\/span><\/p>\n<p>&nbsp;<\/p>\n<p style=\"text-align: justify;\"><strong><span style=\"font-family: arial, helvetica, sans-serif;\">90\u00aa Festa de Santo Ant\u00f4nio<\/span><\/strong><\/p>\n<p style=\"text-align: justify;\"><span style=\"font-weight: 400; font-family: arial, helvetica, sans-serif;\">A quinta-feira tamb\u00e9m \u00e9 marcada pela <a href=\"https:\/\/www.cambe.pr.gov.br\/index.php\/10-mil-fatias-do-bolo-de-santo-antonio-serao-produzidos-para-esta-quinta-feira-em-cambe\/\"><strong>programa\u00e7\u00e3o especial na 90\u00aa Festa de Santo Ant\u00f4nio<\/strong><\/a>. Ao todo ser\u00e3o 10 mil fatias do bolo com medalhinhas de Santo Ant\u00f4nio, o santo casamenteiro, missas, prociss\u00e3o, b\u00ean\u00e7\u00e3o de p\u00e3es e quermesse, a partir das 6h da manh\u00e3 e se estendendo ao longo de todo o dia.<\/span><\/p>\n","protected":false},"excerpt":{"rendered":"<p>Nesta quinta-feira (13) \u00e9 Dia de Santo Ant\u00f4nio, o padroeiro de Camb\u00e9. Com isso, alguns servi\u00e7os p\u00fablicos ter\u00e3o seu hor\u00e1rio de funcionamento alterado tanto no dia, como tamb\u00e9m na sexta-feira (14), ponto facultativo no munic\u00edpio. Confira agora o que abre e fecha. &nbsp; Prefeitura de Camb\u00e9 O pr\u00e9dio principal da Prefeitura de Camb\u00e9, assim como [&hellip;]<\/p>\n","protected":false},"author":16,"featured_media":0,"comment_status":"closed","ping_status":"open","sticky":false,"template":"","format":"standard","meta":{"ngg_post_thumbnail":0,"footnotes":""},"categories":[1],"tags":[],"class_list":["post-14784","post","type-post","status-publish","format-standard","hentry","category-principal"],"yoast_head":"<!-- This site is optimized with the Yoast SEO plugin v27.4 - https:\/\/yoast.com\/product\/yoast-seo-wordpress\/ -->\n<title>Veja o hor\u00e1rio de funcionamento dos servi\u00e7os p\u00fablicos em Camb\u00e9 no dia do padroeiro - Prefeitura de Camb\u00e9<\/title>\n<meta name=\"robots\" content=\"index, follow, max-snippet:-1, max-image-preview:large, max-video-preview:-1\" \/>\n<link rel=\"canonical\" href=\"https:\/\/www.cambe.pr.gov.br\/index.php\/veja-o-horario-de-funcionamento-dos-servicos-publicos-em-cambe-no-dia-do-padroeiro\/\" \/>\n<meta property=\"og:locale\" content=\"pt_BR\" \/>\n<meta property=\"og:type\" content=\"article\" \/>\n<meta property=\"og:title\" content=\"Veja o hor\u00e1rio de funcionamento dos servi\u00e7os p\u00fablicos em Camb\u00e9 no dia do padroeiro - Prefeitura de Camb\u00e9\" \/>\n<meta property=\"og:description\" content=\"Nesta quinta-feira (13) \u00e9 Dia de Santo Ant\u00f4nio, o padroeiro de Camb\u00e9. Com isso, alguns servi\u00e7os p\u00fablicos ter\u00e3o seu hor\u00e1rio de funcionamento alterado tanto no dia, como tamb\u00e9m na sexta-feira (14), ponto facultativo no munic\u00edpio. Confira agora o que abre e fecha. &nbsp; Prefeitura de Camb\u00e9 O pr\u00e9dio principal da Prefeitura de Camb\u00e9, assim como [&hellip;]\" \/>\n<meta property=\"og:url\" content=\"https:\/\/www.cambe.pr.gov.br\/index.php\/veja-o-horario-de-funcionamento-dos-servicos-publicos-em-cambe-no-dia-do-padroeiro\/\" \/>\n<meta property=\"og:site_name\" content=\"Prefeitura de Camb\u00e9\" \/>\n<meta property=\"article:publisher\" content=\"https:\/\/m.facebook.com\/prefeituradecambe\" \/>\n<meta property=\"article:published_time\" content=\"2024-06-12T13:44:45+00:00\" \/>\n<meta property=\"article:modified_time\" content=\"2024-10-07T16:01:50+00:00\" \/>\n<meta property=\"og:image\" content=\"https:\/\/www.cambe.pr.gov.br\/wp-content\/uploads\/2022\/11\/preffffff-1024x678.jpg\" \/>\n<meta name=\"author\" content=\"Vinicius Augusto Batista Eira\" \/>\n<meta name=\"twitter:card\" content=\"summary_large_image\" \/>\n<meta name=\"twitter:label1\" content=\"Escrito por\" \/>\n\t<meta name=\"twitter:data1\" content=\"Vinicius Augusto Batista Eira\" \/>\n\t<meta name=\"twitter:label2\" content=\"Est. tempo de leitura\" \/>\n\t<meta name=\"twitter:data2\" content=\"2 minutos\" \/>\n<script type=\"application\/ld+json\" class=\"yoast-schema-graph\">{\"@context\":\"https:\\\/\\\/schema.org\",\"@graph\":[{\"@type\":\"Article\",\"@id\":\"https:\\\/\\\/www.cambe.pr.gov.br\\\/index.php\\\/veja-o-horario-de-funcionamento-dos-servicos-publicos-em-cambe-no-dia-do-padroeiro\\\/#article\",\"isPartOf\":{\"@id\":\"https:\\\/\\\/www.cambe.pr.gov.br\\\/index.php\\\/veja-o-horario-de-funcionamento-dos-servicos-publicos-em-cambe-no-dia-do-padroeiro\\\/\"},\"author\":{\"name\":\"Vinicius Augusto Batista Eira\",\"@id\":\"https:\\\/\\\/www.cambe.pr.gov.br\\\/#\\\/schema\\\/person\\\/8e3ee69cb2cadf4b9f8377407227effd\"},\"headline\":\"Veja o hor\u00e1rio de funcionamento dos servi\u00e7os p\u00fablicos em Camb\u00e9 no dia do padroeiro\",\"datePublished\":\"2024-06-12T13:44:45+00:00\",\"dateModified\":\"2024-10-07T16:01:50+00:00\",\"mainEntityOfPage\":{\"@id\":\"https:\\\/\\\/www.cambe.pr.gov.br\\\/index.php\\\/veja-o-horario-de-funcionamento-dos-servicos-publicos-em-cambe-no-dia-do-padroeiro\\\/\"},\"wordCount\":372,\"publisher\":{\"@id\":\"https:\\\/\\\/www.cambe.pr.gov.br\\\/#organization\"},\"image\":{\"@id\":\"https:\\\/\\\/www.cambe.pr.gov.br\\\/index.php\\\/veja-o-horario-de-funcionamento-dos-servicos-publicos-em-cambe-no-dia-do-padroeiro\\\/#primaryimage\"},\"thumbnailUrl\":\"https:\\\/\\\/www.cambe.pr.gov.br\\\/wp-content\\\/uploads\\\/2022\\\/11\\\/preffffff-1024x678.jpg\",\"articleSection\":[\"Principal\"],\"inLanguage\":\"pt-BR\"},{\"@type\":\"WebPage\",\"@id\":\"https:\\\/\\\/www.cambe.pr.gov.br\\\/index.php\\\/veja-o-horario-de-funcionamento-dos-servicos-publicos-em-cambe-no-dia-do-padroeiro\\\/\",\"url\":\"https:\\\/\\\/www.cambe.pr.gov.br\\\/index.php\\\/veja-o-horario-de-funcionamento-dos-servicos-publicos-em-cambe-no-dia-do-padroeiro\\\/\",\"name\":\"Veja o hor\u00e1rio de funcionamento dos servi\u00e7os p\u00fablicos em Camb\u00e9 no dia do padroeiro - Prefeitura de Camb\u00e9\",\"isPartOf\":{\"@id\":\"https:\\\/\\\/www.cambe.pr.gov.br\\\/#website\"},\"primaryImageOfPage\":{\"@id\":\"https:\\\/\\\/www.cambe.pr.gov.br\\\/index.php\\\/veja-o-horario-de-funcionamento-dos-servicos-publicos-em-cambe-no-dia-do-padroeiro\\\/#primaryimage\"},\"image\":{\"@id\":\"https:\\\/\\\/www.cambe.pr.gov.br\\\/index.php\\\/veja-o-horario-de-funcionamento-dos-servicos-publicos-em-cambe-no-dia-do-padroeiro\\\/#primaryimage\"},\"thumbnailUrl\":\"https:\\\/\\\/www.cambe.pr.gov.br\\\/wp-content\\\/uploads\\\/2022\\\/11\\\/preffffff-1024x678.jpg\",\"datePublished\":\"2024-06-12T13:44:45+00:00\",\"dateModified\":\"2024-10-07T16:01:50+00:00\",\"breadcrumb\":{\"@id\":\"https:\\\/\\\/www.cambe.pr.gov.br\\\/index.php\\\/veja-o-horario-de-funcionamento-dos-servicos-publicos-em-cambe-no-dia-do-padroeiro\\\/#breadcrumb\"},\"inLanguage\":\"pt-BR\",\"potentialAction\":[{\"@type\":\"ReadAction\",\"target\":[\"https:\\\/\\\/www.cambe.pr.gov.br\\\/index.php\\\/veja-o-horario-de-funcionamento-dos-servicos-publicos-em-cambe-no-dia-do-padroeiro\\\/\"]}]},{\"@type\":\"ImageObject\",\"inLanguage\":\"pt-BR\",\"@id\":\"https:\\\/\\\/www.cambe.pr.gov.br\\\/index.php\\\/veja-o-horario-de-funcionamento-dos-servicos-publicos-em-cambe-no-dia-do-padroeiro\\\/#primaryimage\",\"url\":\"https:\\\/\\\/www.cambe.pr.gov.br\\\/wp-content\\\/uploads\\\/2022\\\/11\\\/preffffff-scaled.jpg\",\"contentUrl\":\"https:\\\/\\\/www.cambe.pr.gov.br\\\/wp-content\\\/uploads\\\/2022\\\/11\\\/preffffff-scaled.jpg\",\"width\":2560,\"height\":1695},{\"@type\":\"BreadcrumbList\",\"@id\":\"https:\\\/\\\/www.cambe.pr.gov.br\\\/index.php\\\/veja-o-horario-de-funcionamento-dos-servicos-publicos-em-cambe-no-dia-do-padroeiro\\\/#breadcrumb\",\"itemListElement\":[{\"@type\":\"ListItem\",\"position\":1,\"name\":\"In\u00edcio\",\"item\":\"https:\\\/\\\/www.cambe.pr.gov.br\\\/\"},{\"@type\":\"ListItem\",\"position\":2,\"name\":\"Veja o hor\u00e1rio de funcionamento dos servi\u00e7os p\u00fablicos em Camb\u00e9 no dia do padroeiro\"}]},{\"@type\":\"WebSite\",\"@id\":\"https:\\\/\\\/www.cambe.pr.gov.br\\\/#website\",\"url\":\"https:\\\/\\\/www.cambe.pr.gov.br\\\/\",\"name\":\"Prefeitura de Camb\u00e9\",\"description\":\"UM GOVERNO PARA TODOS\",\"publisher\":{\"@id\":\"https:\\\/\\\/www.cambe.pr.gov.br\\\/#organization\"},\"potentialAction\":[{\"@type\":\"SearchAction\",\"target\":{\"@type\":\"EntryPoint\",\"urlTemplate\":\"https:\\\/\\\/www.cambe.pr.gov.br\\\/?s={search_term_string}\"},\"query-input\":{\"@type\":\"PropertyValueSpecification\",\"valueRequired\":true,\"valueName\":\"search_term_string\"}}],\"inLanguage\":\"pt-BR\"},{\"@type\":\"Organization\",\"@id\":\"https:\\\/\\\/www.cambe.pr.gov.br\\\/#organization\",\"name\":\"Prefeitura de Camb\u00e9\",\"url\":\"https:\\\/\\\/www.cambe.pr.gov.br\\\/\",\"logo\":{\"@type\":\"ImageObject\",\"inLanguage\":\"pt-BR\",\"@id\":\"https:\\\/\\\/www.cambe.pr.gov.br\\\/#\\\/schema\\\/logo\\\/image\\\/\",\"url\":\"https:\\\/\\\/www.cambe.pr.gov.br\\\/wp-content\\\/uploads\\\/2021\\\/01\\\/cropped-cropped-cambe_brazao-icone.png\",\"contentUrl\":\"https:\\\/\\\/www.cambe.pr.gov.br\\\/wp-content\\\/uploads\\\/2021\\\/01\\\/cropped-cropped-cambe_brazao-icone.png\",\"width\":240,\"height\":240,\"caption\":\"Prefeitura de Camb\u00e9\"},\"image\":{\"@id\":\"https:\\\/\\\/www.cambe.pr.gov.br\\\/#\\\/schema\\\/logo\\\/image\\\/\"},\"sameAs\":[\"https:\\\/\\\/m.facebook.com\\\/prefeituradecambe\"]},{\"@type\":\"Person\",\"@id\":\"https:\\\/\\\/www.cambe.pr.gov.br\\\/#\\\/schema\\\/person\\\/8e3ee69cb2cadf4b9f8377407227effd\",\"name\":\"Vinicius Augusto Batista Eira\",\"image\":{\"@type\":\"ImageObject\",\"inLanguage\":\"pt-BR\",\"@id\":\"https:\\\/\\\/secure.gravatar.com\\\/avatar\\\/1ec500de7013b30e1d4d7c8c3978f0e4433c37e5d5e4cd186239369c6440122b?s=96&d=mm&r=g\",\"url\":\"https:\\\/\\\/secure.gravatar.com\\\/avatar\\\/1ec500de7013b30e1d4d7c8c3978f0e4433c37e5d5e4cd186239369c6440122b?s=96&d=mm&r=g\",\"contentUrl\":\"https:\\\/\\\/secure.gravatar.com\\\/avatar\\\/1ec500de7013b30e1d4d7c8c3978f0e4433c37e5d5e4cd186239369c6440122b?s=96&d=mm&r=g\",\"caption\":\"Vinicius Augusto Batista Eira\"},\"url\":\"https:\\\/\\\/www.cambe.pr.gov.br\\\/index.php\\\/author\\\/vabeira\\\/\"}]}<\/script>\n<!-- \/ Yoast SEO plugin. -->","yoast_head_json":{"title":"Veja o hor\u00e1rio de funcionamento dos servi\u00e7os p\u00fablicos em Camb\u00e9 no dia do padroeiro - Prefeitura de Camb\u00e9","robots":{"index":"index","follow":"follow","max-snippet":"max-snippet:-1","max-image-preview":"max-image-preview:large","max-video-preview":"max-video-preview:-1"},"canonical":"https:\/\/www.cambe.pr.gov.br\/index.php\/veja-o-horario-de-funcionamento-dos-servicos-publicos-em-cambe-no-dia-do-padroeiro\/","og_locale":"pt_BR","og_type":"article","og_title":"Veja o hor\u00e1rio de funcionamento dos servi\u00e7os p\u00fablicos em Camb\u00e9 no dia do padroeiro - Prefeitura de Camb\u00e9","og_description":"Nesta quinta-feira (13) \u00e9 Dia de Santo Ant\u00f4nio, o padroeiro de Camb\u00e9. Com isso, alguns servi\u00e7os p\u00fablicos ter\u00e3o seu hor\u00e1rio de funcionamento alterado tanto no dia, como tamb\u00e9m na sexta-feira (14), ponto facultativo no munic\u00edpio. Confira agora o que abre e fecha. &nbsp; Prefeitura de Camb\u00e9 O pr\u00e9dio principal da Prefeitura de Camb\u00e9, assim como [&hellip;]","og_url":"https:\/\/www.cambe.pr.gov.br\/index.php\/veja-o-horario-de-funcionamento-dos-servicos-publicos-em-cambe-no-dia-do-padroeiro\/","og_site_name":"Prefeitura de Camb\u00e9","article_publisher":"https:\/\/m.facebook.com\/prefeituradecambe","article_published_time":"2024-06-12T13:44:45+00:00","article_modified_time":"2024-10-07T16:01:50+00:00","og_image":[{"url":"https:\/\/www.cambe.pr.gov.br\/wp-content\/uploads\/2022\/11\/preffffff-1024x678.jpg","type":"","width":"","height":""}],"author":"Vinicius Augusto Batista Eira","twitter_card":"summary_large_image","twitter_misc":{"Escrito por":"Vinicius Augusto Batista Eira","Est. tempo de leitura":"2 minutos"},"schema":{"@context":"https:\/\/schema.org","@graph":[{"@type":"Article","@id":"https:\/\/www.cambe.pr.gov.br\/index.php\/veja-o-horario-de-funcionamento-dos-servicos-publicos-em-cambe-no-dia-do-padroeiro\/#article","isPartOf":{"@id":"https:\/\/www.cambe.pr.gov.br\/index.php\/veja-o-horario-de-funcionamento-dos-servicos-publicos-em-cambe-no-dia-do-padroeiro\/"},"author":{"name":"Vinicius Augusto Batista Eira","@id":"https:\/\/www.cambe.pr.gov.br\/#\/schema\/person\/8e3ee69cb2cadf4b9f8377407227effd"},"headline":"Veja o hor\u00e1rio de funcionamento dos servi\u00e7os p\u00fablicos em Camb\u00e9 no dia do padroeiro","datePublished":"2024-06-12T13:44:45+00:00","dateModified":"2024-10-07T16:01:50+00:00","mainEntityOfPage":{"@id":"https:\/\/www.cambe.pr.gov.br\/index.php\/veja-o-horario-de-funcionamento-dos-servicos-publicos-em-cambe-no-dia-do-padroeiro\/"},"wordCount":372,"publisher":{"@id":"https:\/\/www.cambe.pr.gov.br\/#organization"},"image":{"@id":"https:\/\/www.cambe.pr.gov.br\/index.php\/veja-o-horario-de-funcionamento-dos-servicos-publicos-em-cambe-no-dia-do-padroeiro\/#primaryimage"},"thumbnailUrl":"https:\/\/www.cambe.pr.gov.br\/wp-content\/uploads\/2022\/11\/preffffff-1024x678.jpg","articleSection":["Principal"],"inLanguage":"pt-BR"},{"@type":"WebPage","@id":"https:\/\/www.cambe.pr.gov.br\/index.php\/veja-o-horario-de-funcionamento-dos-servicos-publicos-em-cambe-no-dia-do-padroeiro\/","url":"https:\/\/www.cambe.pr.gov.br\/index.php\/veja-o-horario-de-funcionamento-dos-servicos-publicos-em-cambe-no-dia-do-padroeiro\/","name":"Veja o hor\u00e1rio de funcionamento dos servi\u00e7os p\u00fablicos em Camb\u00e9 no dia do padroeiro - Prefeitura de Camb\u00e9","isPartOf":{"@id":"https:\/\/www.cambe.pr.gov.br\/#website"},"primaryImageOfPage":{"@id":"https:\/\/www.cambe.pr.gov.br\/index.php\/veja-o-horario-de-funcionamento-dos-servicos-publicos-em-cambe-no-dia-do-padroeiro\/#primaryimage"},"image":{"@id":"https:\/\/www.cambe.pr.gov.br\/index.php\/veja-o-horario-de-funcionamento-dos-servicos-publicos-em-cambe-no-dia-do-padroeiro\/#primaryimage"},"thumbnailUrl":"https:\/\/www.cambe.pr.gov.br\/wp-content\/uploads\/2022\/11\/preffffff-1024x678.jpg","datePublished":"2024-06-12T13:44:45+00:00","dateModified":"2024-10-07T16:01:50+00:00","breadcrumb":{"@id":"https:\/\/www.cambe.pr.gov.br\/index.php\/veja-o-horario-de-funcionamento-dos-servicos-publicos-em-cambe-no-dia-do-padroeiro\/#breadcrumb"},"inLanguage":"pt-BR","potentialAction":[{"@type":"ReadAction","target":["https:\/\/www.cambe.pr.gov.br\/index.php\/veja-o-horario-de-funcionamento-dos-servicos-publicos-em-cambe-no-dia-do-padroeiro\/"]}]},{"@type":"ImageObject","inLanguage":"pt-BR","@id":"https:\/\/www.cambe.pr.gov.br\/index.php\/veja-o-horario-de-funcionamento-dos-servicos-publicos-em-cambe-no-dia-do-padroeiro\/#primaryimage","url":"https:\/\/www.cambe.pr.gov.br\/wp-content\/uploads\/2022\/11\/preffffff-scaled.jpg","contentUrl":"https:\/\/www.cambe.pr.gov.br\/wp-content\/uploads\/2022\/11\/preffffff-scaled.jpg","width":2560,"height":1695},{"@type":"BreadcrumbList","@id":"https:\/\/www.cambe.pr.gov.br\/index.php\/veja-o-horario-de-funcionamento-dos-servicos-publicos-em-cambe-no-dia-do-padroeiro\/#breadcrumb","itemListElement":[{"@type":"ListItem","position":1,"name":"In\u00edcio","item":"https:\/\/www.cambe.pr.gov.br\/"},{"@type":"ListItem","position":2,"name":"Veja o hor\u00e1rio de funcionamento dos servi\u00e7os p\u00fablicos em Camb\u00e9 no dia do padroeiro"}]},{"@type":"WebSite","@id":"https:\/\/www.cambe.pr.gov.br\/#website","url":"https:\/\/www.cambe.pr.gov.br\/","name":"Prefeitura de Camb\u00e9","description":"UM GOVERNO PARA TODOS","publisher":{"@id":"https:\/\/www.cambe.pr.gov.br\/#organization"},"potentialAction":[{"@type":"SearchAction","target":{"@type":"EntryPoint","urlTemplate":"https:\/\/www.cambe.pr.gov.br\/?s={search_term_string}"},"query-input":{"@type":"PropertyValueSpecification","valueRequired":true,"valueName":"search_term_string"}}],"inLanguage":"pt-BR"},{"@type":"Organization","@id":"https:\/\/www.cambe.pr.gov.br\/#organization","name":"Prefeitura de Camb\u00e9","url":"https:\/\/www.cambe.pr.gov.br\/","logo":{"@type":"ImageObject","inLanguage":"pt-BR","@id":"https:\/\/www.cambe.pr.gov.br\/#\/schema\/logo\/image\/","url":"https:\/\/www.cambe.pr.gov.br\/wp-content\/uploads\/2021\/01\/cropped-cropped-cambe_brazao-icone.png","contentUrl":"https:\/\/www.cambe.pr.gov.br\/wp-content\/uploads\/2021\/01\/cropped-cropped-cambe_brazao-icone.png","width":240,"height":240,"caption":"Prefeitura de Camb\u00e9"},"image":{"@id":"https:\/\/www.cambe.pr.gov.br\/#\/schema\/logo\/image\/"},"sameAs":["https:\/\/m.facebook.com\/prefeituradecambe"]},{"@type":"Person","@id":"https:\/\/www.cambe.pr.gov.br\/#\/schema\/person\/8e3ee69cb2cadf4b9f8377407227effd","name":"Vinicius Augusto Batista Eira","image":{"@type":"ImageObject","inLanguage":"pt-BR","@id":"https:\/\/secure.gravatar.com\/avatar\/1ec500de7013b30e1d4d7c8c3978f0e4433c37e5d5e4cd186239369c6440122b?s=96&d=mm&r=g","url":"https:\/\/secure.gravatar.com\/avatar\/1ec500de7013b30e1d4d7c8c3978f0e4433c37e5d5e4cd186239369c6440122b?s=96&d=mm&r=g","contentUrl":"https:\/\/secure.gravatar.com\/avatar\/1ec500de7013b30e1d4d7c8c3978f0e4433c37e5d5e4cd186239369c6440122b?s=96&d=mm&r=g","caption":"Vinicius Augusto Batista Eira"},"url":"https:\/\/www.cambe.pr.gov.br\/index.php\/author\/vabeira\/"}]}},"_links":{"self":[{"href":"https:\/\/www.cambe.pr.gov.br\/index.php\/wp-json\/wp\/v2\/posts\/14784","targetHints":{"allow":["GET"]}}],"collection":[{"href":"https:\/\/www.cambe.pr.gov.br\/index.php\/wp-json\/wp\/v2\/posts"}],"about":[{"href":"https:\/\/www.cambe.pr.gov.br\/index.php\/wp-json\/wp\/v2\/types\/post"}],"author":[{"embeddable":true,"href":"https:\/\/www.cambe.pr.gov.br\/index.php\/wp-json\/wp\/v2\/users\/16"}],"replies":[{"embeddable":true,"href":"https:\/\/www.cambe.pr.gov.br\/index.php\/wp-json\/wp\/v2\/comments?post=14784"}],"version-history":[{"count":3,"href":"https:\/\/www.cambe.pr.gov.br\/index.php\/wp-json\/wp\/v2\/posts\/14784\/revisions"}],"predecessor-version":[{"id":14791,"href":"https:\/\/www.cambe.pr.gov.br\/index.php\/wp-json\/wp\/v2\/posts\/14784\/revisions\/14791"}],"wp:attachment":[{"href":"https:\/\/www.cambe.pr.gov.br\/index.php\/wp-json\/wp\/v2\/media?parent=14784"}],"wp:term":[{"taxonomy":"category","embeddable":true,"href":"https:\/\/www.cambe.pr.gov.br\/index.php\/wp-json\/wp\/v2\/categories?post=14784"},{"taxonomy":"post_tag","embeddable":true,"href":"https:\/\/www.cambe.pr.gov.br\/index.php\/wp-json\/wp\/v2\/tags?post=14784"}],"curies":[{"name":"wp","href":"https:\/\/api.w.org\/{rel}","templated":true}]}}