{"id":14745,"date":"2024-06-12T10:15:41","date_gmt":"2024-06-12T13:15:41","guid":{"rendered":"https:\/\/www.cambe.pr.gov.br\/?p=14745"},"modified":"2024-10-07T13:01:50","modified_gmt":"2024-10-07T16:01:50","slug":"10-mil-fatias-do-bolo-de-santo-antonio-serao-produzidos-para-esta-quinta-feira-em-cambe","status":"publish","type":"post","link":"https:\/\/www.cambe.pr.gov.br\/index.php\/10-mil-fatias-do-bolo-de-santo-antonio-serao-produzidos-para-esta-quinta-feira-em-cambe\/","title":{"rendered":"10 mil fatias do bolo de Santo Ant\u00f4nio ser\u00e3o produzidos para esta quinta-feira em Camb\u00e9"},"content":{"rendered":"<div id=\"attachment_14746\" style=\"width: 620px\" class=\"wp-caption alignleft\"><img fetchpriority=\"high\" decoding=\"async\" aria-describedby=\"caption-attachment-14746\" class=\"wp-image-14746 size-large\" src=\"https:\/\/www.cambe.pr.gov.br\/wp-content\/uploads\/2024\/06\/2022-Bolo-de-Santo-Antonio-II-1024x768.jpg\" alt=\"\" width=\"610\" height=\"458\" srcset=\"https:\/\/www.cambe.pr.gov.br\/wp-content\/uploads\/2024\/06\/2022-Bolo-de-Santo-Antonio-II-1024x768.jpg 1024w, https:\/\/www.cambe.pr.gov.br\/wp-content\/uploads\/2024\/06\/2022-Bolo-de-Santo-Antonio-II-300x225.jpg 300w, https:\/\/www.cambe.pr.gov.br\/wp-content\/uploads\/2024\/06\/2022-Bolo-de-Santo-Antonio-II-768x576.jpg 768w, https:\/\/www.cambe.pr.gov.br\/wp-content\/uploads\/2024\/06\/2022-Bolo-de-Santo-Antonio-II-1536x1152.jpg 1536w, https:\/\/www.cambe.pr.gov.br\/wp-content\/uploads\/2024\/06\/2022-Bolo-de-Santo-Antonio-II-2048x1536.jpg 2048w, https:\/\/www.cambe.pr.gov.br\/wp-content\/uploads\/2024\/06\/2022-Bolo-de-Santo-Antonio-II-400x300.jpg 400w\" sizes=\"(max-width: 610px) 100vw, 610px\" \/><p id=\"caption-attachment-14746\" class=\"wp-caption-text\">Volunt\u00e1rias confeitam o bolo de Santo Ant\u00f4nio. Em 2024, ser\u00e3o produzidas 10 mil fatias (Foto\/Pastoral da Comunica\u00e7\u00e3o)<\/p><\/div>\n<p style=\"text-align: justify;\"><span style=\"font-weight: 400; font-family: arial, helvetica, sans-serif;\">Nesta quinta-feira (13), Camb\u00e9 celebra o dia do padroeiro, Santo Ant\u00f4nio. E como j\u00e1 \u00e9 tradi\u00e7\u00e3o, na festa que \u00e9 mais antiga at\u00e9 que a organiza\u00e7\u00e3o pol\u00edtica do munic\u00edpio, a programa\u00e7\u00e3o religiosa j\u00e1 est\u00e1 sendo preparada para receber fi\u00e9is de toda a regi\u00e3o. A 90\u00aa Festa de Santo Ant\u00f4nio ter\u00e1 10 mil fatias do bolo com medalhinhas, missas, prociss\u00e3o, b\u00ean\u00e7\u00e3o de p\u00e3es e quermesse, a partir das 6h da manh\u00e3 e se estendendo ao longo de todo o dia.<\/span><\/p>\n<p style=\"text-align: justify;\"><span style=\"font-weight: 400; font-family: arial, helvetica, sans-serif;\">A data marca a celebra\u00e7\u00e3o do Dia do Padroeiro, e para isso \u00e9 promovida a Festa na regi\u00e3o desde 1934. A par\u00f3quia destaca que a comemora\u00e7\u00e3o, uma das mais tradicionais do Paran\u00e1, come\u00e7ou a ser organizada pela comunidade cat\u00f3lica antes mesmo da igreja, quando o vilarejo ainda se chamava Nova Dantzig.<\/span><\/p>\n<p style=\"text-align: justify;\"><span style=\"font-weight: 400; font-family: arial, helvetica, sans-serif;\">Em 2024, a partir das 6 horas, na igreja matriz, ter\u00e1 Alvorada Festiva e Ora\u00e7\u00e3o de Angelus. \u00c0s 7h, 10h, 12h e 15h ser\u00e3o celebradas missas com b\u00ean\u00e7\u00e3o de p\u00e3es. \u00c0s 18h tem missa solene e prociss\u00e3o pelas ruas centrais. E por fim, ser\u00e1 acesa a fogueira de Santo Ant\u00f4nio dando in\u00edcio a quermesse no Centro de Eventos, com show de Jorginho Brito e banda, comidas e bebidas t\u00edpicas, brincadeiras para as crian\u00e7as e muitas outras atra\u00e7\u00f5es. Tudo isso a partir das 19h30.<\/span><\/p>\n<p>&nbsp;<\/p>\n<p style=\"text-align: justify;\"><strong><span style=\"font-family: arial, helvetica, sans-serif;\">Bolo de Santo Ant\u00f4nio<\/span><\/strong><\/p>\n<p style=\"text-align: justify;\"><span style=\"font-weight: 400; font-family: arial, helvetica, sans-serif;\">Um dos pontos altos da Festa \u00e9 o bolo do padroeiro. Al\u00e9m de ser conhecido como recuperador de objetos perdidos, distribuidor de p\u00e3es e milagreiro, Santo Ant\u00f4nio tamb\u00e9m \u00e9 o santo casamenteiro. Segundo a cren\u00e7a, quem encontra a medalhinha no bolo, tamb\u00e9m achar\u00e1 a pessoa amada.<\/span><\/p>\n<p style=\"text-align: justify;\"><span style=\"font-weight: 400; font-family: arial, helvetica, sans-serif;\">E seguindo a tradi\u00e7\u00e3o, este ano 80 volunt\u00e1rias ir\u00e3o confeitar e embalar 10 mil fatias do bolo, o equivalente a 1.300 quilos, com 35% deles com as cobi\u00e7adas medalhas. A entrega ser\u00e1 a partir das 9h, no Sal\u00e3o Paroquial. O bolo j\u00e1 pode ser adquirido em postos de venda no munic\u00edpio por R$ 7 a unidade. A par\u00f3quia ainda ressalta que tanto a medalha como o bolo s\u00e3o aben\u00e7oados. Mesmo que o fiel n\u00e3o encontre o objeto, ainda assim receber\u00e1 um bom alimento.<\/span><\/p>\n","protected":false},"excerpt":{"rendered":"<p>Nesta quinta-feira (13), Camb\u00e9 celebra o dia do padroeiro, Santo Ant\u00f4nio. E como j\u00e1 \u00e9 tradi\u00e7\u00e3o, na festa que \u00e9 mais antiga at\u00e9 que a organiza\u00e7\u00e3o pol\u00edtica do munic\u00edpio, a programa\u00e7\u00e3o religiosa j\u00e1 est\u00e1 sendo preparada para receber fi\u00e9is de toda a regi\u00e3o. A 90\u00aa Festa de Santo Ant\u00f4nio ter\u00e1 10 mil fatias do bolo [&hellip;]<\/p>\n","protected":false},"author":16,"featured_media":0,"comment_status":"closed","ping_status":"open","sticky":false,"template":"","format":"standard","meta":{"ngg_post_thumbnail":0,"footnotes":""},"categories":[1],"tags":[],"class_list":["post-14745","post","type-post","status-publish","format-standard","hentry","category-principal"],"yoast_head":"<!-- This site is optimized with the Yoast SEO plugin v27.4 - https:\/\/yoast.com\/product\/yoast-seo-wordpress\/ -->\n<title>10 mil fatias do bolo de Santo Ant\u00f4nio ser\u00e3o produzidos para esta quinta-feira em Camb\u00e9 - Prefeitura de Camb\u00e9<\/title>\n<meta name=\"robots\" content=\"index, follow, max-snippet:-1, max-image-preview:large, max-video-preview:-1\" \/>\n<link rel=\"canonical\" href=\"https:\/\/www.cambe.pr.gov.br\/index.php\/10-mil-fatias-do-bolo-de-santo-antonio-serao-produzidos-para-esta-quinta-feira-em-cambe\/\" \/>\n<meta property=\"og:locale\" content=\"pt_BR\" \/>\n<meta property=\"og:type\" content=\"article\" \/>\n<meta property=\"og:title\" content=\"10 mil fatias do bolo de Santo Ant\u00f4nio ser\u00e3o produzidos para esta quinta-feira em Camb\u00e9 - Prefeitura de Camb\u00e9\" \/>\n<meta property=\"og:description\" content=\"Nesta quinta-feira (13), Camb\u00e9 celebra o dia do padroeiro, Santo Ant\u00f4nio. E como j\u00e1 \u00e9 tradi\u00e7\u00e3o, na festa que \u00e9 mais antiga at\u00e9 que a organiza\u00e7\u00e3o pol\u00edtica do munic\u00edpio, a programa\u00e7\u00e3o religiosa j\u00e1 est\u00e1 sendo preparada para receber fi\u00e9is de toda a regi\u00e3o. A 90\u00aa Festa de Santo Ant\u00f4nio ter\u00e1 10 mil fatias do bolo [&hellip;]\" \/>\n<meta property=\"og:url\" content=\"https:\/\/www.cambe.pr.gov.br\/index.php\/10-mil-fatias-do-bolo-de-santo-antonio-serao-produzidos-para-esta-quinta-feira-em-cambe\/\" \/>\n<meta property=\"og:site_name\" content=\"Prefeitura de Camb\u00e9\" \/>\n<meta property=\"article:publisher\" content=\"https:\/\/m.facebook.com\/prefeituradecambe\" \/>\n<meta property=\"article:published_time\" content=\"2024-06-12T13:15:41+00:00\" \/>\n<meta property=\"article:modified_time\" content=\"2024-10-07T16:01:50+00:00\" \/>\n<meta property=\"og:image\" content=\"https:\/\/www.cambe.pr.gov.br\/wp-content\/uploads\/2024\/06\/2022-Bolo-de-Santo-Antonio-II-1024x768.jpg\" \/>\n<meta name=\"author\" content=\"Vinicius Augusto Batista Eira\" \/>\n<meta name=\"twitter:card\" content=\"summary_large_image\" \/>\n<meta name=\"twitter:label1\" content=\"Escrito por\" \/>\n\t<meta name=\"twitter:data1\" content=\"Vinicius Augusto Batista Eira\" \/>\n\t<meta name=\"twitter:label2\" content=\"Est. tempo de leitura\" \/>\n\t<meta name=\"twitter:data2\" content=\"3 minutos\" \/>\n<script type=\"application\/ld+json\" class=\"yoast-schema-graph\">{\"@context\":\"https:\\\/\\\/schema.org\",\"@graph\":[{\"@type\":\"Article\",\"@id\":\"https:\\\/\\\/www.cambe.pr.gov.br\\\/index.php\\\/10-mil-fatias-do-bolo-de-santo-antonio-serao-produzidos-para-esta-quinta-feira-em-cambe\\\/#article\",\"isPartOf\":{\"@id\":\"https:\\\/\\\/www.cambe.pr.gov.br\\\/index.php\\\/10-mil-fatias-do-bolo-de-santo-antonio-serao-produzidos-para-esta-quinta-feira-em-cambe\\\/\"},\"author\":{\"name\":\"Vinicius Augusto Batista Eira\",\"@id\":\"https:\\\/\\\/www.cambe.pr.gov.br\\\/#\\\/schema\\\/person\\\/8e3ee69cb2cadf4b9f8377407227effd\"},\"headline\":\"10 mil fatias do bolo de Santo Ant\u00f4nio ser\u00e3o produzidos para esta quinta-feira em Camb\u00e9\",\"datePublished\":\"2024-06-12T13:15:41+00:00\",\"dateModified\":\"2024-10-07T16:01:50+00:00\",\"mainEntityOfPage\":{\"@id\":\"https:\\\/\\\/www.cambe.pr.gov.br\\\/index.php\\\/10-mil-fatias-do-bolo-de-santo-antonio-serao-produzidos-para-esta-quinta-feira-em-cambe\\\/\"},\"wordCount\":421,\"publisher\":{\"@id\":\"https:\\\/\\\/www.cambe.pr.gov.br\\\/#organization\"},\"image\":{\"@id\":\"https:\\\/\\\/www.cambe.pr.gov.br\\\/index.php\\\/10-mil-fatias-do-bolo-de-santo-antonio-serao-produzidos-para-esta-quinta-feira-em-cambe\\\/#primaryimage\"},\"thumbnailUrl\":\"https:\\\/\\\/www.cambe.pr.gov.br\\\/wp-content\\\/uploads\\\/2024\\\/06\\\/2022-Bolo-de-Santo-Antonio-II-1024x768.jpg\",\"articleSection\":[\"Principal\"],\"inLanguage\":\"pt-BR\"},{\"@type\":\"WebPage\",\"@id\":\"https:\\\/\\\/www.cambe.pr.gov.br\\\/index.php\\\/10-mil-fatias-do-bolo-de-santo-antonio-serao-produzidos-para-esta-quinta-feira-em-cambe\\\/\",\"url\":\"https:\\\/\\\/www.cambe.pr.gov.br\\\/index.php\\\/10-mil-fatias-do-bolo-de-santo-antonio-serao-produzidos-para-esta-quinta-feira-em-cambe\\\/\",\"name\":\"10 mil fatias do bolo de Santo Ant\u00f4nio ser\u00e3o produzidos para esta quinta-feira em Camb\u00e9 - Prefeitura de Camb\u00e9\",\"isPartOf\":{\"@id\":\"https:\\\/\\\/www.cambe.pr.gov.br\\\/#website\"},\"primaryImageOfPage\":{\"@id\":\"https:\\\/\\\/www.cambe.pr.gov.br\\\/index.php\\\/10-mil-fatias-do-bolo-de-santo-antonio-serao-produzidos-para-esta-quinta-feira-em-cambe\\\/#primaryimage\"},\"image\":{\"@id\":\"https:\\\/\\\/www.cambe.pr.gov.br\\\/index.php\\\/10-mil-fatias-do-bolo-de-santo-antonio-serao-produzidos-para-esta-quinta-feira-em-cambe\\\/#primaryimage\"},\"thumbnailUrl\":\"https:\\\/\\\/www.cambe.pr.gov.br\\\/wp-content\\\/uploads\\\/2024\\\/06\\\/2022-Bolo-de-Santo-Antonio-II-1024x768.jpg\",\"datePublished\":\"2024-06-12T13:15:41+00:00\",\"dateModified\":\"2024-10-07T16:01:50+00:00\",\"breadcrumb\":{\"@id\":\"https:\\\/\\\/www.cambe.pr.gov.br\\\/index.php\\\/10-mil-fatias-do-bolo-de-santo-antonio-serao-produzidos-para-esta-quinta-feira-em-cambe\\\/#breadcrumb\"},\"inLanguage\":\"pt-BR\",\"potentialAction\":[{\"@type\":\"ReadAction\",\"target\":[\"https:\\\/\\\/www.cambe.pr.gov.br\\\/index.php\\\/10-mil-fatias-do-bolo-de-santo-antonio-serao-produzidos-para-esta-quinta-feira-em-cambe\\\/\"]}]},{\"@type\":\"ImageObject\",\"inLanguage\":\"pt-BR\",\"@id\":\"https:\\\/\\\/www.cambe.pr.gov.br\\\/index.php\\\/10-mil-fatias-do-bolo-de-santo-antonio-serao-produzidos-para-esta-quinta-feira-em-cambe\\\/#primaryimage\",\"url\":\"https:\\\/\\\/www.cambe.pr.gov.br\\\/wp-content\\\/uploads\\\/2024\\\/06\\\/2022-Bolo-de-Santo-Antonio-II-scaled.jpg\",\"contentUrl\":\"https:\\\/\\\/www.cambe.pr.gov.br\\\/wp-content\\\/uploads\\\/2024\\\/06\\\/2022-Bolo-de-Santo-Antonio-II-scaled.jpg\",\"width\":2560,\"height\":1920},{\"@type\":\"BreadcrumbList\",\"@id\":\"https:\\\/\\\/www.cambe.pr.gov.br\\\/index.php\\\/10-mil-fatias-do-bolo-de-santo-antonio-serao-produzidos-para-esta-quinta-feira-em-cambe\\\/#breadcrumb\",\"itemListElement\":[{\"@type\":\"ListItem\",\"position\":1,\"name\":\"In\u00edcio\",\"item\":\"https:\\\/\\\/www.cambe.pr.gov.br\\\/\"},{\"@type\":\"ListItem\",\"position\":2,\"name\":\"10 mil fatias do bolo de Santo Ant\u00f4nio ser\u00e3o produzidos para esta quinta-feira em Camb\u00e9\"}]},{\"@type\":\"WebSite\",\"@id\":\"https:\\\/\\\/www.cambe.pr.gov.br\\\/#website\",\"url\":\"https:\\\/\\\/www.cambe.pr.gov.br\\\/\",\"name\":\"Prefeitura de Camb\u00e9\",\"description\":\"UM GOVERNO PARA TODOS\",\"publisher\":{\"@id\":\"https:\\\/\\\/www.cambe.pr.gov.br\\\/#organization\"},\"potentialAction\":[{\"@type\":\"SearchAction\",\"target\":{\"@type\":\"EntryPoint\",\"urlTemplate\":\"https:\\\/\\\/www.cambe.pr.gov.br\\\/?s={search_term_string}\"},\"query-input\":{\"@type\":\"PropertyValueSpecification\",\"valueRequired\":true,\"valueName\":\"search_term_string\"}}],\"inLanguage\":\"pt-BR\"},{\"@type\":\"Organization\",\"@id\":\"https:\\\/\\\/www.cambe.pr.gov.br\\\/#organization\",\"name\":\"Prefeitura de Camb\u00e9\",\"url\":\"https:\\\/\\\/www.cambe.pr.gov.br\\\/\",\"logo\":{\"@type\":\"ImageObject\",\"inLanguage\":\"pt-BR\",\"@id\":\"https:\\\/\\\/www.cambe.pr.gov.br\\\/#\\\/schema\\\/logo\\\/image\\\/\",\"url\":\"https:\\\/\\\/www.cambe.pr.gov.br\\\/wp-content\\\/uploads\\\/2021\\\/01\\\/cropped-cropped-cambe_brazao-icone.png\",\"contentUrl\":\"https:\\\/\\\/www.cambe.pr.gov.br\\\/wp-content\\\/uploads\\\/2021\\\/01\\\/cropped-cropped-cambe_brazao-icone.png\",\"width\":240,\"height\":240,\"caption\":\"Prefeitura de Camb\u00e9\"},\"image\":{\"@id\":\"https:\\\/\\\/www.cambe.pr.gov.br\\\/#\\\/schema\\\/logo\\\/image\\\/\"},\"sameAs\":[\"https:\\\/\\\/m.facebook.com\\\/prefeituradecambe\"]},{\"@type\":\"Person\",\"@id\":\"https:\\\/\\\/www.cambe.pr.gov.br\\\/#\\\/schema\\\/person\\\/8e3ee69cb2cadf4b9f8377407227effd\",\"name\":\"Vinicius Augusto Batista Eira\",\"image\":{\"@type\":\"ImageObject\",\"inLanguage\":\"pt-BR\",\"@id\":\"https:\\\/\\\/secure.gravatar.com\\\/avatar\\\/1ec500de7013b30e1d4d7c8c3978f0e4433c37e5d5e4cd186239369c6440122b?s=96&d=mm&r=g\",\"url\":\"https:\\\/\\\/secure.gravatar.com\\\/avatar\\\/1ec500de7013b30e1d4d7c8c3978f0e4433c37e5d5e4cd186239369c6440122b?s=96&d=mm&r=g\",\"contentUrl\":\"https:\\\/\\\/secure.gravatar.com\\\/avatar\\\/1ec500de7013b30e1d4d7c8c3978f0e4433c37e5d5e4cd186239369c6440122b?s=96&d=mm&r=g\",\"caption\":\"Vinicius Augusto Batista Eira\"},\"url\":\"https:\\\/\\\/www.cambe.pr.gov.br\\\/index.php\\\/author\\\/vabeira\\\/\"}]}<\/script>\n<!-- \/ Yoast SEO plugin. -->","yoast_head_json":{"title":"10 mil fatias do bolo de Santo Ant\u00f4nio ser\u00e3o produzidos para esta quinta-feira em Camb\u00e9 - Prefeitura de Camb\u00e9","robots":{"index":"index","follow":"follow","max-snippet":"max-snippet:-1","max-image-preview":"max-image-preview:large","max-video-preview":"max-video-preview:-1"},"canonical":"https:\/\/www.cambe.pr.gov.br\/index.php\/10-mil-fatias-do-bolo-de-santo-antonio-serao-produzidos-para-esta-quinta-feira-em-cambe\/","og_locale":"pt_BR","og_type":"article","og_title":"10 mil fatias do bolo de Santo Ant\u00f4nio ser\u00e3o produzidos para esta quinta-feira em Camb\u00e9 - Prefeitura de Camb\u00e9","og_description":"Nesta quinta-feira (13), Camb\u00e9 celebra o dia do padroeiro, Santo Ant\u00f4nio. E como j\u00e1 \u00e9 tradi\u00e7\u00e3o, na festa que \u00e9 mais antiga at\u00e9 que a organiza\u00e7\u00e3o pol\u00edtica do munic\u00edpio, a programa\u00e7\u00e3o religiosa j\u00e1 est\u00e1 sendo preparada para receber fi\u00e9is de toda a regi\u00e3o. A 90\u00aa Festa de Santo Ant\u00f4nio ter\u00e1 10 mil fatias do bolo [&hellip;]","og_url":"https:\/\/www.cambe.pr.gov.br\/index.php\/10-mil-fatias-do-bolo-de-santo-antonio-serao-produzidos-para-esta-quinta-feira-em-cambe\/","og_site_name":"Prefeitura de Camb\u00e9","article_publisher":"https:\/\/m.facebook.com\/prefeituradecambe","article_published_time":"2024-06-12T13:15:41+00:00","article_modified_time":"2024-10-07T16:01:50+00:00","og_image":[{"url":"https:\/\/www.cambe.pr.gov.br\/wp-content\/uploads\/2024\/06\/2022-Bolo-de-Santo-Antonio-II-1024x768.jpg","type":"","width":"","height":""}],"author":"Vinicius Augusto Batista Eira","twitter_card":"summary_large_image","twitter_misc":{"Escrito por":"Vinicius Augusto Batista Eira","Est. tempo de leitura":"3 minutos"},"schema":{"@context":"https:\/\/schema.org","@graph":[{"@type":"Article","@id":"https:\/\/www.cambe.pr.gov.br\/index.php\/10-mil-fatias-do-bolo-de-santo-antonio-serao-produzidos-para-esta-quinta-feira-em-cambe\/#article","isPartOf":{"@id":"https:\/\/www.cambe.pr.gov.br\/index.php\/10-mil-fatias-do-bolo-de-santo-antonio-serao-produzidos-para-esta-quinta-feira-em-cambe\/"},"author":{"name":"Vinicius Augusto Batista Eira","@id":"https:\/\/www.cambe.pr.gov.br\/#\/schema\/person\/8e3ee69cb2cadf4b9f8377407227effd"},"headline":"10 mil fatias do bolo de Santo Ant\u00f4nio ser\u00e3o produzidos para esta quinta-feira em Camb\u00e9","datePublished":"2024-06-12T13:15:41+00:00","dateModified":"2024-10-07T16:01:50+00:00","mainEntityOfPage":{"@id":"https:\/\/www.cambe.pr.gov.br\/index.php\/10-mil-fatias-do-bolo-de-santo-antonio-serao-produzidos-para-esta-quinta-feira-em-cambe\/"},"wordCount":421,"publisher":{"@id":"https:\/\/www.cambe.pr.gov.br\/#organization"},"image":{"@id":"https:\/\/www.cambe.pr.gov.br\/index.php\/10-mil-fatias-do-bolo-de-santo-antonio-serao-produzidos-para-esta-quinta-feira-em-cambe\/#primaryimage"},"thumbnailUrl":"https:\/\/www.cambe.pr.gov.br\/wp-content\/uploads\/2024\/06\/2022-Bolo-de-Santo-Antonio-II-1024x768.jpg","articleSection":["Principal"],"inLanguage":"pt-BR"},{"@type":"WebPage","@id":"https:\/\/www.cambe.pr.gov.br\/index.php\/10-mil-fatias-do-bolo-de-santo-antonio-serao-produzidos-para-esta-quinta-feira-em-cambe\/","url":"https:\/\/www.cambe.pr.gov.br\/index.php\/10-mil-fatias-do-bolo-de-santo-antonio-serao-produzidos-para-esta-quinta-feira-em-cambe\/","name":"10 mil fatias do bolo de Santo Ant\u00f4nio ser\u00e3o produzidos para esta quinta-feira em Camb\u00e9 - Prefeitura de Camb\u00e9","isPartOf":{"@id":"https:\/\/www.cambe.pr.gov.br\/#website"},"primaryImageOfPage":{"@id":"https:\/\/www.cambe.pr.gov.br\/index.php\/10-mil-fatias-do-bolo-de-santo-antonio-serao-produzidos-para-esta-quinta-feira-em-cambe\/#primaryimage"},"image":{"@id":"https:\/\/www.cambe.pr.gov.br\/index.php\/10-mil-fatias-do-bolo-de-santo-antonio-serao-produzidos-para-esta-quinta-feira-em-cambe\/#primaryimage"},"thumbnailUrl":"https:\/\/www.cambe.pr.gov.br\/wp-content\/uploads\/2024\/06\/2022-Bolo-de-Santo-Antonio-II-1024x768.jpg","datePublished":"2024-06-12T13:15:41+00:00","dateModified":"2024-10-07T16:01:50+00:00","breadcrumb":{"@id":"https:\/\/www.cambe.pr.gov.br\/index.php\/10-mil-fatias-do-bolo-de-santo-antonio-serao-produzidos-para-esta-quinta-feira-em-cambe\/#breadcrumb"},"inLanguage":"pt-BR","potentialAction":[{"@type":"ReadAction","target":["https:\/\/www.cambe.pr.gov.br\/index.php\/10-mil-fatias-do-bolo-de-santo-antonio-serao-produzidos-para-esta-quinta-feira-em-cambe\/"]}]},{"@type":"ImageObject","inLanguage":"pt-BR","@id":"https:\/\/www.cambe.pr.gov.br\/index.php\/10-mil-fatias-do-bolo-de-santo-antonio-serao-produzidos-para-esta-quinta-feira-em-cambe\/#primaryimage","url":"https:\/\/www.cambe.pr.gov.br\/wp-content\/uploads\/2024\/06\/2022-Bolo-de-Santo-Antonio-II-scaled.jpg","contentUrl":"https:\/\/www.cambe.pr.gov.br\/wp-content\/uploads\/2024\/06\/2022-Bolo-de-Santo-Antonio-II-scaled.jpg","width":2560,"height":1920},{"@type":"BreadcrumbList","@id":"https:\/\/www.cambe.pr.gov.br\/index.php\/10-mil-fatias-do-bolo-de-santo-antonio-serao-produzidos-para-esta-quinta-feira-em-cambe\/#breadcrumb","itemListElement":[{"@type":"ListItem","position":1,"name":"In\u00edcio","item":"https:\/\/www.cambe.pr.gov.br\/"},{"@type":"ListItem","position":2,"name":"10 mil fatias do bolo de Santo Ant\u00f4nio ser\u00e3o produzidos para esta quinta-feira em Camb\u00e9"}]},{"@type":"WebSite","@id":"https:\/\/www.cambe.pr.gov.br\/#website","url":"https:\/\/www.cambe.pr.gov.br\/","name":"Prefeitura de Camb\u00e9","description":"UM GOVERNO PARA TODOS","publisher":{"@id":"https:\/\/www.cambe.pr.gov.br\/#organization"},"potentialAction":[{"@type":"SearchAction","target":{"@type":"EntryPoint","urlTemplate":"https:\/\/www.cambe.pr.gov.br\/?s={search_term_string}"},"query-input":{"@type":"PropertyValueSpecification","valueRequired":true,"valueName":"search_term_string"}}],"inLanguage":"pt-BR"},{"@type":"Organization","@id":"https:\/\/www.cambe.pr.gov.br\/#organization","name":"Prefeitura de Camb\u00e9","url":"https:\/\/www.cambe.pr.gov.br\/","logo":{"@type":"ImageObject","inLanguage":"pt-BR","@id":"https:\/\/www.cambe.pr.gov.br\/#\/schema\/logo\/image\/","url":"https:\/\/www.cambe.pr.gov.br\/wp-content\/uploads\/2021\/01\/cropped-cropped-cambe_brazao-icone.png","contentUrl":"https:\/\/www.cambe.pr.gov.br\/wp-content\/uploads\/2021\/01\/cropped-cropped-cambe_brazao-icone.png","width":240,"height":240,"caption":"Prefeitura de Camb\u00e9"},"image":{"@id":"https:\/\/www.cambe.pr.gov.br\/#\/schema\/logo\/image\/"},"sameAs":["https:\/\/m.facebook.com\/prefeituradecambe"]},{"@type":"Person","@id":"https:\/\/www.cambe.pr.gov.br\/#\/schema\/person\/8e3ee69cb2cadf4b9f8377407227effd","name":"Vinicius Augusto Batista Eira","image":{"@type":"ImageObject","inLanguage":"pt-BR","@id":"https:\/\/secure.gravatar.com\/avatar\/1ec500de7013b30e1d4d7c8c3978f0e4433c37e5d5e4cd186239369c6440122b?s=96&d=mm&r=g","url":"https:\/\/secure.gravatar.com\/avatar\/1ec500de7013b30e1d4d7c8c3978f0e4433c37e5d5e4cd186239369c6440122b?s=96&d=mm&r=g","contentUrl":"https:\/\/secure.gravatar.com\/avatar\/1ec500de7013b30e1d4d7c8c3978f0e4433c37e5d5e4cd186239369c6440122b?s=96&d=mm&r=g","caption":"Vinicius Augusto Batista Eira"},"url":"https:\/\/www.cambe.pr.gov.br\/index.php\/author\/vabeira\/"}]}},"_links":{"self":[{"href":"https:\/\/www.cambe.pr.gov.br\/index.php\/wp-json\/wp\/v2\/posts\/14745","targetHints":{"allow":["GET"]}}],"collection":[{"href":"https:\/\/www.cambe.pr.gov.br\/index.php\/wp-json\/wp\/v2\/posts"}],"about":[{"href":"https:\/\/www.cambe.pr.gov.br\/index.php\/wp-json\/wp\/v2\/types\/post"}],"author":[{"embeddable":true,"href":"https:\/\/www.cambe.pr.gov.br\/index.php\/wp-json\/wp\/v2\/users\/16"}],"replies":[{"embeddable":true,"href":"https:\/\/www.cambe.pr.gov.br\/index.php\/wp-json\/wp\/v2\/comments?post=14745"}],"version-history":[{"count":2,"href":"https:\/\/www.cambe.pr.gov.br\/index.php\/wp-json\/wp\/v2\/posts\/14745\/revisions"}],"predecessor-version":[{"id":14748,"href":"https:\/\/www.cambe.pr.gov.br\/index.php\/wp-json\/wp\/v2\/posts\/14745\/revisions\/14748"}],"wp:attachment":[{"href":"https:\/\/www.cambe.pr.gov.br\/index.php\/wp-json\/wp\/v2\/media?parent=14745"}],"wp:term":[{"taxonomy":"category","embeddable":true,"href":"https:\/\/www.cambe.pr.gov.br\/index.php\/wp-json\/wp\/v2\/categories?post=14745"},{"taxonomy":"post_tag","embeddable":true,"href":"https:\/\/www.cambe.pr.gov.br\/index.php\/wp-json\/wp\/v2\/tags?post=14745"}],"curies":[{"name":"wp","href":"https:\/\/api.w.org\/{rel}","templated":true}]}}