{"id":14741,"date":"2024-06-10T16:48:04","date_gmt":"2024-06-10T19:48:04","guid":{"rendered":"https:\/\/www.cambe.pr.gov.br\/?p=14741"},"modified":"2024-10-07T13:01:50","modified_gmt":"2024-10-07T16:01:50","slug":"calcadao-recebe-exposicao-do-museu-de-rua-em-celebracao-a-90a-festa-de-santo-antonio","status":"publish","type":"post","link":"https:\/\/www.cambe.pr.gov.br\/index.php\/calcadao-recebe-exposicao-do-museu-de-rua-em-celebracao-a-90a-festa-de-santo-antonio\/","title":{"rendered":"Cal\u00e7ad\u00e3o recebe exposi\u00e7\u00e3o do Museu de Rua em celebra\u00e7\u00e3o a 90\u00aa Festa de Santo Ant\u00f4nio"},"content":{"rendered":"<p style=\"text-align: justify;\"><span style=\"font-weight: 400; font-family: arial, helvetica, sans-serif;\"><img fetchpriority=\"high\" decoding=\"async\" class=\"alignleft wp-image-14742 size-large\" src=\"https:\/\/www.cambe.pr.gov.br\/wp-content\/uploads\/2024\/06\/WhatsApp-Image-2024-06-10-at-15.16.03-e1718048873414-1024x723.jpeg\" alt=\"\" width=\"610\" height=\"431\" srcset=\"https:\/\/www.cambe.pr.gov.br\/wp-content\/uploads\/2024\/06\/WhatsApp-Image-2024-06-10-at-15.16.03-e1718048873414-1024x723.jpeg 1024w, https:\/\/www.cambe.pr.gov.br\/wp-content\/uploads\/2024\/06\/WhatsApp-Image-2024-06-10-at-15.16.03-e1718048873414-300x212.jpeg 300w, https:\/\/www.cambe.pr.gov.br\/wp-content\/uploads\/2024\/06\/WhatsApp-Image-2024-06-10-at-15.16.03-e1718048873414-768x543.jpeg 768w, https:\/\/www.cambe.pr.gov.br\/wp-content\/uploads\/2024\/06\/WhatsApp-Image-2024-06-10-at-15.16.03-e1718048873414.jpeg 1325w\" sizes=\"(max-width: 610px) 100vw, 610px\" \/>At\u00e9 o fim do m\u00eas, o Cal\u00e7ad\u00e3o de Camb\u00e9 recebe mais uma exposi\u00e7\u00e3o do Museu de Rua. Ao longo de junho, est\u00e3o expostas 36 fotos que marcam toda a trajet\u00f3ria hist\u00f3rica dos 90 anos da Festa de Santo Ant\u00f4nio em Camb\u00e9. A exibi\u00e7\u00e3o \u00e9 uma parceria da Prefeitura, atrav\u00e9s da Secretaria Municipal de Educa\u00e7\u00e3o e Cultura por meio do Museu Hist\u00f3rico de Camb\u00e9, e da Par\u00f3quia de Santo Ant\u00f4nio.<\/span><\/p>\n<p style=\"text-align: justify;\"><span style=\"font-weight: 400; font-family: arial, helvetica, sans-serif;\">Eduardo Pavinato, um dos respons\u00e1veis pelo Museu do Rua, explica que a exposi\u00e7\u00e3o surgiu ap\u00f3s contato do pessoal da par\u00f3quia com o museu, que sugeriu uma parceria para que fosse levada ao Cal\u00e7ad\u00e3o, durante a Festa, as fotos antigas que contam um pouco dos 90 anos da celebra\u00e7\u00e3o. Com isso, foi feita uma edi\u00e7\u00e3o especial do Museu de Rua, que tem como principal caracter\u00edstica a exposi\u00e7\u00e3o do acervo de forma mais eficiente, fazendo com que a informa\u00e7\u00e3o hist\u00f3rica alcance ainda mais a comunidade.<\/span><\/p>\n<p style=\"text-align: justify;\"><span style=\"font-weight: 400; font-family: arial, helvetica, sans-serif;\">\u201cLogo ap\u00f3s a funda\u00e7\u00e3o do museu, em 1986, o pessoal que trabalhava aqui j\u00e1 sentia a necessidade de criar mecanismos para que os objetos e o acervo sa\u00edssem do pr\u00e9dio e fossem andar pela cidade. E uma das alternativas foi essa, por meio do Museu de Rua. A vantagem \u00e9 que pela forma como ele \u00e9 feito, aguenta chuva, sol, e tem uma receptividade muito grande. Por isso adotamos esse projeto e utilizamos at\u00e9 hoje. O importante \u00e9 o resultado, conseguirmos produzir alguma coisa que seja de interesse da comunidade, que passem a conhecer aquilo que temos de acervo, da hist\u00f3ria da nossa cidade, que isso contribua de alguma forma. Tenho certeza que a pessoa que for visitar o Museu de Rua dos 90 anos da Festa, mesmo n\u00e3o sendo cat\u00f3lico, vai entender o significado do que \u00e9 uma tradi\u00e7\u00e3o, um trabalho de grupo, do sentimento que uma comunidade tem a respeito da uni\u00e3o. Isso \u00e9 o mais importante de tudo nesse processo que a gente vive\u201d, ressaltou.<\/span><\/p>\n<p style=\"text-align: justify;\"><span style=\"font-weight: 400; font-family: arial, helvetica, sans-serif;\">Assim como a exposi\u00e7\u00e3o, as celebra\u00e7\u00f5es da 90\u00aa Festa de Santo Ant\u00f4nio tamb\u00e9m seguem at\u00e9 o fim de junho. Com isso, o Centro de Eventos de Camb\u00e9 recebe diversas atra\u00e7\u00f5es culturais, muita m\u00fasica, comidas e bebidas t\u00edpicas e as celebra\u00e7\u00f5es do padroeiro do munic\u00edpio, nesta quinta-feira (13). Confira a programa\u00e7\u00e3o completa abaixo.<\/span><\/p>\n<p>&nbsp;<\/p>\n<p style=\"text-align: justify;\"><strong><span style=\"font-family: arial, helvetica, sans-serif;\">90\u00aa Festa de Santo Ant\u00f4nio<\/span><\/strong><\/p>\n<p style=\"text-align: justify;\"><strong><span style=\"font-family: arial, helvetica, sans-serif;\">Agenda cultural<\/span><\/strong><\/p>\n<p style=\"text-align: justify;\"><span style=\"font-family: arial, helvetica, sans-serif;\"><span style=\"font-weight: 400;\">13\/06: Jorginho Brito e Banda<\/span><span style=\"font-weight: 400;\"><br \/>\n<\/span><span style=\"font-weight: 400;\">15\/06: Maldonado<\/span><span style=\"font-weight: 400;\"><br \/>\n<\/span><span style=\"font-weight: 400;\">16\/06: Cia Ouro Verde de Viola Caipira<\/span><span style=\"font-weight: 400;\"><br \/>\n<\/span><span style=\"font-weight: 400;\">30\/06: Willian Fernandes (Almo\u00e7o)<\/span><\/span><\/p>\n<p>&nbsp;<\/p>\n<p style=\"text-align: justify;\"><strong><span style=\"font-family: arial, helvetica, sans-serif;\">Programa\u00e7\u00e3o religiosa<\/span><\/strong><\/p>\n<p style=\"text-align: justify;\"><span style=\"font-family: arial, helvetica, sans-serif;\"><strong>Trezena de Santo Ant\u00f4nio<\/strong><br \/>\n<span style=\"font-weight: 400;\">At\u00e9 12\/6;<\/span><\/span><\/p>\n<p style=\"text-align: justify;\"><span style=\"font-family: arial, helvetica, sans-serif;\"><strong>Dia de Santo Ant\u00f4nio<\/strong><b><br \/>\n<\/b><span style=\"font-weight: 400;\">Dia 13\/6:<\/span><span style=\"font-weight: 400;\"><br \/>\n<\/span><span style=\"font-weight: 400;\">6h: Alvorada Festiva;<\/span><span style=\"font-weight: 400;\"><br \/>\n<\/span><span style=\"font-weight: 400;\">7h, 10h, 12h e 15h: Missas com b\u00ean\u00e7\u00e3o dos p\u00e3es;<\/span><span style=\"font-weight: 400;\"><br \/>\n<\/span><span style=\"font-weight: 400;\">9h \u00e0s 19h: Bolo de Santo Ant\u00f4nio (com 10 mil fatias previstas);<\/span><span style=\"font-weight: 400;\"><br \/>\n<\/span><span style=\"font-weight: 400;\">11h \u00e0s 13h: Assados de Santo Ant\u00f4nio;<\/span><span style=\"font-weight: 400;\"><br \/>\n<\/span><span style=\"font-weight: 400;\">12h: Almo\u00e7o solid\u00e1rio de Santo Ant\u00f4nio;<\/span><span style=\"font-weight: 400;\"><br \/>\n<\/span><span style=\"font-weight: 400;\">18h: Missa Solene e Prociss\u00e3o.<\/span><\/span><\/p>\n<p>&nbsp;<\/p>\n<p style=\"text-align: justify;\"><strong><span style=\"font-family: arial, helvetica, sans-serif;\">Programa\u00e7\u00e3o festiva<\/span><\/strong><\/p>\n<p style=\"text-align: justify;\"><span style=\"font-family: arial, helvetica, sans-serif;\"><strong>Quermesse<\/strong><br \/>\n<span style=\"font-weight: 400;\">Dias 13, 15 e 16 de junho, a partir das 20 horas.<\/span><\/span><\/p>\n<p style=\"text-align: justify;\"><span style=\"font-family: arial, helvetica, sans-serif;\"><strong>Show de pr\u00eamios<\/strong><b><br \/>\n<\/b><span style=\"font-weight: 400;\">Dia 23 de junho, \u00e0s 14h;<\/span><\/span><\/p>\n<p style=\"text-align: justify;\"><span style=\"font-family: arial, helvetica, sans-serif;\"><strong>Churrasco e leil\u00e3o<\/strong><b><br \/>\n<\/b><span style=\"font-weight: 400;\">Dia 30 de junho, \u00e0s 12h;<\/span><\/span><\/p>\n<p style=\"text-align: justify;\"><span style=\"font-weight: 400; font-family: arial, helvetica, sans-serif;\">Convites e cartelas para bolo, assados, churrasco e show de pr\u00eamios podem ser adquiridos na Secretaria Paroquial e nos com\u00e9rcios Mundo da F\u00e9, Requinte Cal\u00e7ados, Tok Final, Aracalce e Posto Buccioli.<\/span><\/p>\n","protected":false},"excerpt":{"rendered":"<p>At\u00e9 o fim do m\u00eas, o Cal\u00e7ad\u00e3o de Camb\u00e9 recebe mais uma exposi\u00e7\u00e3o do Museu de Rua. Ao longo de junho, est\u00e3o expostas 36 fotos que marcam toda a trajet\u00f3ria hist\u00f3rica dos 90 anos da Festa de Santo Ant\u00f4nio em Camb\u00e9. A exibi\u00e7\u00e3o \u00e9 uma parceria da Prefeitura, atrav\u00e9s da Secretaria Municipal de Educa\u00e7\u00e3o e [&hellip;]<\/p>\n","protected":false},"author":16,"featured_media":0,"comment_status":"closed","ping_status":"open","sticky":false,"template":"","format":"standard","meta":{"ngg_post_thumbnail":0,"footnotes":""},"categories":[1],"tags":[],"class_list":["post-14741","post","type-post","status-publish","format-standard","hentry","category-principal"],"yoast_head":"<!-- This site is optimized with the Yoast SEO plugin v27.4 - https:\/\/yoast.com\/product\/yoast-seo-wordpress\/ -->\n<title>Cal\u00e7ad\u00e3o recebe exposi\u00e7\u00e3o do Museu de Rua em celebra\u00e7\u00e3o a 90\u00aa Festa de Santo Ant\u00f4nio - Prefeitura de Camb\u00e9<\/title>\n<meta name=\"robots\" content=\"index, follow, max-snippet:-1, max-image-preview:large, max-video-preview:-1\" \/>\n<link rel=\"canonical\" href=\"https:\/\/www.cambe.pr.gov.br\/index.php\/calcadao-recebe-exposicao-do-museu-de-rua-em-celebracao-a-90a-festa-de-santo-antonio\/\" \/>\n<meta property=\"og:locale\" content=\"pt_BR\" \/>\n<meta property=\"og:type\" content=\"article\" \/>\n<meta property=\"og:title\" content=\"Cal\u00e7ad\u00e3o recebe exposi\u00e7\u00e3o do Museu de Rua em celebra\u00e7\u00e3o a 90\u00aa Festa de Santo Ant\u00f4nio - Prefeitura de Camb\u00e9\" \/>\n<meta property=\"og:description\" content=\"At\u00e9 o fim do m\u00eas, o Cal\u00e7ad\u00e3o de Camb\u00e9 recebe mais uma exposi\u00e7\u00e3o do Museu de Rua. Ao longo de junho, est\u00e3o expostas 36 fotos que marcam toda a trajet\u00f3ria hist\u00f3rica dos 90 anos da Festa de Santo Ant\u00f4nio em Camb\u00e9. A exibi\u00e7\u00e3o \u00e9 uma parceria da Prefeitura, atrav\u00e9s da Secretaria Municipal de Educa\u00e7\u00e3o e [&hellip;]\" \/>\n<meta property=\"og:url\" content=\"https:\/\/www.cambe.pr.gov.br\/index.php\/calcadao-recebe-exposicao-do-museu-de-rua-em-celebracao-a-90a-festa-de-santo-antonio\/\" \/>\n<meta property=\"og:site_name\" content=\"Prefeitura de Camb\u00e9\" \/>\n<meta property=\"article:publisher\" content=\"https:\/\/m.facebook.com\/prefeituradecambe\" \/>\n<meta property=\"article:published_time\" content=\"2024-06-10T19:48:04+00:00\" \/>\n<meta property=\"article:modified_time\" content=\"2024-10-07T16:01:50+00:00\" \/>\n<meta property=\"og:image\" content=\"https:\/\/www.cambe.pr.gov.br\/wp-content\/uploads\/2024\/06\/WhatsApp-Image-2024-06-10-at-15.16.03-e1718048873414-1024x723.jpeg\" \/>\n<meta name=\"author\" content=\"Vinicius Augusto Batista Eira\" \/>\n<meta name=\"twitter:card\" content=\"summary_large_image\" \/>\n<meta name=\"twitter:label1\" content=\"Escrito por\" \/>\n\t<meta name=\"twitter:data1\" content=\"Vinicius Augusto Batista Eira\" \/>\n\t<meta name=\"twitter:label2\" content=\"Est. tempo de leitura\" \/>\n\t<meta name=\"twitter:data2\" content=\"4 minutos\" \/>\n<script type=\"application\/ld+json\" class=\"yoast-schema-graph\">{\"@context\":\"https:\\\/\\\/schema.org\",\"@graph\":[{\"@type\":\"Article\",\"@id\":\"https:\\\/\\\/www.cambe.pr.gov.br\\\/index.php\\\/calcadao-recebe-exposicao-do-museu-de-rua-em-celebracao-a-90a-festa-de-santo-antonio\\\/#article\",\"isPartOf\":{\"@id\":\"https:\\\/\\\/www.cambe.pr.gov.br\\\/index.php\\\/calcadao-recebe-exposicao-do-museu-de-rua-em-celebracao-a-90a-festa-de-santo-antonio\\\/\"},\"author\":{\"name\":\"Vinicius Augusto Batista Eira\",\"@id\":\"https:\\\/\\\/www.cambe.pr.gov.br\\\/#\\\/schema\\\/person\\\/8e3ee69cb2cadf4b9f8377407227effd\"},\"headline\":\"Cal\u00e7ad\u00e3o recebe exposi\u00e7\u00e3o do Museu de Rua em celebra\u00e7\u00e3o a 90\u00aa Festa de Santo Ant\u00f4nio\",\"datePublished\":\"2024-06-10T19:48:04+00:00\",\"dateModified\":\"2024-10-07T16:01:50+00:00\",\"mainEntityOfPage\":{\"@id\":\"https:\\\/\\\/www.cambe.pr.gov.br\\\/index.php\\\/calcadao-recebe-exposicao-do-museu-de-rua-em-celebracao-a-90a-festa-de-santo-antonio\\\/\"},\"wordCount\":578,\"publisher\":{\"@id\":\"https:\\\/\\\/www.cambe.pr.gov.br\\\/#organization\"},\"image\":{\"@id\":\"https:\\\/\\\/www.cambe.pr.gov.br\\\/index.php\\\/calcadao-recebe-exposicao-do-museu-de-rua-em-celebracao-a-90a-festa-de-santo-antonio\\\/#primaryimage\"},\"thumbnailUrl\":\"https:\\\/\\\/www.cambe.pr.gov.br\\\/wp-content\\\/uploads\\\/2024\\\/06\\\/WhatsApp-Image-2024-06-10-at-15.16.03-e1718048873414-1024x723.jpeg\",\"articleSection\":[\"Principal\"],\"inLanguage\":\"pt-BR\"},{\"@type\":\"WebPage\",\"@id\":\"https:\\\/\\\/www.cambe.pr.gov.br\\\/index.php\\\/calcadao-recebe-exposicao-do-museu-de-rua-em-celebracao-a-90a-festa-de-santo-antonio\\\/\",\"url\":\"https:\\\/\\\/www.cambe.pr.gov.br\\\/index.php\\\/calcadao-recebe-exposicao-do-museu-de-rua-em-celebracao-a-90a-festa-de-santo-antonio\\\/\",\"name\":\"Cal\u00e7ad\u00e3o recebe exposi\u00e7\u00e3o do Museu de Rua em celebra\u00e7\u00e3o a 90\u00aa Festa de Santo Ant\u00f4nio - Prefeitura de Camb\u00e9\",\"isPartOf\":{\"@id\":\"https:\\\/\\\/www.cambe.pr.gov.br\\\/#website\"},\"primaryImageOfPage\":{\"@id\":\"https:\\\/\\\/www.cambe.pr.gov.br\\\/index.php\\\/calcadao-recebe-exposicao-do-museu-de-rua-em-celebracao-a-90a-festa-de-santo-antonio\\\/#primaryimage\"},\"image\":{\"@id\":\"https:\\\/\\\/www.cambe.pr.gov.br\\\/index.php\\\/calcadao-recebe-exposicao-do-museu-de-rua-em-celebracao-a-90a-festa-de-santo-antonio\\\/#primaryimage\"},\"thumbnailUrl\":\"https:\\\/\\\/www.cambe.pr.gov.br\\\/wp-content\\\/uploads\\\/2024\\\/06\\\/WhatsApp-Image-2024-06-10-at-15.16.03-e1718048873414-1024x723.jpeg\",\"datePublished\":\"2024-06-10T19:48:04+00:00\",\"dateModified\":\"2024-10-07T16:01:50+00:00\",\"breadcrumb\":{\"@id\":\"https:\\\/\\\/www.cambe.pr.gov.br\\\/index.php\\\/calcadao-recebe-exposicao-do-museu-de-rua-em-celebracao-a-90a-festa-de-santo-antonio\\\/#breadcrumb\"},\"inLanguage\":\"pt-BR\",\"potentialAction\":[{\"@type\":\"ReadAction\",\"target\":[\"https:\\\/\\\/www.cambe.pr.gov.br\\\/index.php\\\/calcadao-recebe-exposicao-do-museu-de-rua-em-celebracao-a-90a-festa-de-santo-antonio\\\/\"]}]},{\"@type\":\"ImageObject\",\"inLanguage\":\"pt-BR\",\"@id\":\"https:\\\/\\\/www.cambe.pr.gov.br\\\/index.php\\\/calcadao-recebe-exposicao-do-museu-de-rua-em-celebracao-a-90a-festa-de-santo-antonio\\\/#primaryimage\",\"url\":\"https:\\\/\\\/www.cambe.pr.gov.br\\\/wp-content\\\/uploads\\\/2024\\\/06\\\/WhatsApp-Image-2024-06-10-at-15.16.03-e1718048873414.jpeg\",\"contentUrl\":\"https:\\\/\\\/www.cambe.pr.gov.br\\\/wp-content\\\/uploads\\\/2024\\\/06\\\/WhatsApp-Image-2024-06-10-at-15.16.03-e1718048873414.jpeg\",\"width\":1325,\"height\":936},{\"@type\":\"BreadcrumbList\",\"@id\":\"https:\\\/\\\/www.cambe.pr.gov.br\\\/index.php\\\/calcadao-recebe-exposicao-do-museu-de-rua-em-celebracao-a-90a-festa-de-santo-antonio\\\/#breadcrumb\",\"itemListElement\":[{\"@type\":\"ListItem\",\"position\":1,\"name\":\"In\u00edcio\",\"item\":\"https:\\\/\\\/www.cambe.pr.gov.br\\\/\"},{\"@type\":\"ListItem\",\"position\":2,\"name\":\"Cal\u00e7ad\u00e3o recebe exposi\u00e7\u00e3o do Museu de Rua em celebra\u00e7\u00e3o a 90\u00aa Festa de Santo Ant\u00f4nio\"}]},{\"@type\":\"WebSite\",\"@id\":\"https:\\\/\\\/www.cambe.pr.gov.br\\\/#website\",\"url\":\"https:\\\/\\\/www.cambe.pr.gov.br\\\/\",\"name\":\"Prefeitura de Camb\u00e9\",\"description\":\"UM GOVERNO PARA TODOS\",\"publisher\":{\"@id\":\"https:\\\/\\\/www.cambe.pr.gov.br\\\/#organization\"},\"potentialAction\":[{\"@type\":\"SearchAction\",\"target\":{\"@type\":\"EntryPoint\",\"urlTemplate\":\"https:\\\/\\\/www.cambe.pr.gov.br\\\/?s={search_term_string}\"},\"query-input\":{\"@type\":\"PropertyValueSpecification\",\"valueRequired\":true,\"valueName\":\"search_term_string\"}}],\"inLanguage\":\"pt-BR\"},{\"@type\":\"Organization\",\"@id\":\"https:\\\/\\\/www.cambe.pr.gov.br\\\/#organization\",\"name\":\"Prefeitura de Camb\u00e9\",\"url\":\"https:\\\/\\\/www.cambe.pr.gov.br\\\/\",\"logo\":{\"@type\":\"ImageObject\",\"inLanguage\":\"pt-BR\",\"@id\":\"https:\\\/\\\/www.cambe.pr.gov.br\\\/#\\\/schema\\\/logo\\\/image\\\/\",\"url\":\"https:\\\/\\\/www.cambe.pr.gov.br\\\/wp-content\\\/uploads\\\/2021\\\/01\\\/cropped-cropped-cambe_brazao-icone.png\",\"contentUrl\":\"https:\\\/\\\/www.cambe.pr.gov.br\\\/wp-content\\\/uploads\\\/2021\\\/01\\\/cropped-cropped-cambe_brazao-icone.png\",\"width\":240,\"height\":240,\"caption\":\"Prefeitura de Camb\u00e9\"},\"image\":{\"@id\":\"https:\\\/\\\/www.cambe.pr.gov.br\\\/#\\\/schema\\\/logo\\\/image\\\/\"},\"sameAs\":[\"https:\\\/\\\/m.facebook.com\\\/prefeituradecambe\"]},{\"@type\":\"Person\",\"@id\":\"https:\\\/\\\/www.cambe.pr.gov.br\\\/#\\\/schema\\\/person\\\/8e3ee69cb2cadf4b9f8377407227effd\",\"name\":\"Vinicius Augusto Batista Eira\",\"image\":{\"@type\":\"ImageObject\",\"inLanguage\":\"pt-BR\",\"@id\":\"https:\\\/\\\/secure.gravatar.com\\\/avatar\\\/1ec500de7013b30e1d4d7c8c3978f0e4433c37e5d5e4cd186239369c6440122b?s=96&d=mm&r=g\",\"url\":\"https:\\\/\\\/secure.gravatar.com\\\/avatar\\\/1ec500de7013b30e1d4d7c8c3978f0e4433c37e5d5e4cd186239369c6440122b?s=96&d=mm&r=g\",\"contentUrl\":\"https:\\\/\\\/secure.gravatar.com\\\/avatar\\\/1ec500de7013b30e1d4d7c8c3978f0e4433c37e5d5e4cd186239369c6440122b?s=96&d=mm&r=g\",\"caption\":\"Vinicius Augusto Batista Eira\"},\"url\":\"https:\\\/\\\/www.cambe.pr.gov.br\\\/index.php\\\/author\\\/vabeira\\\/\"}]}<\/script>\n<!-- \/ Yoast SEO plugin. -->","yoast_head_json":{"title":"Cal\u00e7ad\u00e3o recebe exposi\u00e7\u00e3o do Museu de Rua em celebra\u00e7\u00e3o a 90\u00aa Festa de Santo Ant\u00f4nio - Prefeitura de Camb\u00e9","robots":{"index":"index","follow":"follow","max-snippet":"max-snippet:-1","max-image-preview":"max-image-preview:large","max-video-preview":"max-video-preview:-1"},"canonical":"https:\/\/www.cambe.pr.gov.br\/index.php\/calcadao-recebe-exposicao-do-museu-de-rua-em-celebracao-a-90a-festa-de-santo-antonio\/","og_locale":"pt_BR","og_type":"article","og_title":"Cal\u00e7ad\u00e3o recebe exposi\u00e7\u00e3o do Museu de Rua em celebra\u00e7\u00e3o a 90\u00aa Festa de Santo Ant\u00f4nio - Prefeitura de Camb\u00e9","og_description":"At\u00e9 o fim do m\u00eas, o Cal\u00e7ad\u00e3o de Camb\u00e9 recebe mais uma exposi\u00e7\u00e3o do Museu de Rua. Ao longo de junho, est\u00e3o expostas 36 fotos que marcam toda a trajet\u00f3ria hist\u00f3rica dos 90 anos da Festa de Santo Ant\u00f4nio em Camb\u00e9. A exibi\u00e7\u00e3o \u00e9 uma parceria da Prefeitura, atrav\u00e9s da Secretaria Municipal de Educa\u00e7\u00e3o e [&hellip;]","og_url":"https:\/\/www.cambe.pr.gov.br\/index.php\/calcadao-recebe-exposicao-do-museu-de-rua-em-celebracao-a-90a-festa-de-santo-antonio\/","og_site_name":"Prefeitura de Camb\u00e9","article_publisher":"https:\/\/m.facebook.com\/prefeituradecambe","article_published_time":"2024-06-10T19:48:04+00:00","article_modified_time":"2024-10-07T16:01:50+00:00","og_image":[{"url":"https:\/\/www.cambe.pr.gov.br\/wp-content\/uploads\/2024\/06\/WhatsApp-Image-2024-06-10-at-15.16.03-e1718048873414-1024x723.jpeg","type":"","width":"","height":""}],"author":"Vinicius Augusto Batista Eira","twitter_card":"summary_large_image","twitter_misc":{"Escrito por":"Vinicius Augusto Batista Eira","Est. tempo de leitura":"4 minutos"},"schema":{"@context":"https:\/\/schema.org","@graph":[{"@type":"Article","@id":"https:\/\/www.cambe.pr.gov.br\/index.php\/calcadao-recebe-exposicao-do-museu-de-rua-em-celebracao-a-90a-festa-de-santo-antonio\/#article","isPartOf":{"@id":"https:\/\/www.cambe.pr.gov.br\/index.php\/calcadao-recebe-exposicao-do-museu-de-rua-em-celebracao-a-90a-festa-de-santo-antonio\/"},"author":{"name":"Vinicius Augusto Batista Eira","@id":"https:\/\/www.cambe.pr.gov.br\/#\/schema\/person\/8e3ee69cb2cadf4b9f8377407227effd"},"headline":"Cal\u00e7ad\u00e3o recebe exposi\u00e7\u00e3o do Museu de Rua em celebra\u00e7\u00e3o a 90\u00aa Festa de Santo Ant\u00f4nio","datePublished":"2024-06-10T19:48:04+00:00","dateModified":"2024-10-07T16:01:50+00:00","mainEntityOfPage":{"@id":"https:\/\/www.cambe.pr.gov.br\/index.php\/calcadao-recebe-exposicao-do-museu-de-rua-em-celebracao-a-90a-festa-de-santo-antonio\/"},"wordCount":578,"publisher":{"@id":"https:\/\/www.cambe.pr.gov.br\/#organization"},"image":{"@id":"https:\/\/www.cambe.pr.gov.br\/index.php\/calcadao-recebe-exposicao-do-museu-de-rua-em-celebracao-a-90a-festa-de-santo-antonio\/#primaryimage"},"thumbnailUrl":"https:\/\/www.cambe.pr.gov.br\/wp-content\/uploads\/2024\/06\/WhatsApp-Image-2024-06-10-at-15.16.03-e1718048873414-1024x723.jpeg","articleSection":["Principal"],"inLanguage":"pt-BR"},{"@type":"WebPage","@id":"https:\/\/www.cambe.pr.gov.br\/index.php\/calcadao-recebe-exposicao-do-museu-de-rua-em-celebracao-a-90a-festa-de-santo-antonio\/","url":"https:\/\/www.cambe.pr.gov.br\/index.php\/calcadao-recebe-exposicao-do-museu-de-rua-em-celebracao-a-90a-festa-de-santo-antonio\/","name":"Cal\u00e7ad\u00e3o recebe exposi\u00e7\u00e3o do Museu de Rua em celebra\u00e7\u00e3o a 90\u00aa Festa de Santo Ant\u00f4nio - Prefeitura de Camb\u00e9","isPartOf":{"@id":"https:\/\/www.cambe.pr.gov.br\/#website"},"primaryImageOfPage":{"@id":"https:\/\/www.cambe.pr.gov.br\/index.php\/calcadao-recebe-exposicao-do-museu-de-rua-em-celebracao-a-90a-festa-de-santo-antonio\/#primaryimage"},"image":{"@id":"https:\/\/www.cambe.pr.gov.br\/index.php\/calcadao-recebe-exposicao-do-museu-de-rua-em-celebracao-a-90a-festa-de-santo-antonio\/#primaryimage"},"thumbnailUrl":"https:\/\/www.cambe.pr.gov.br\/wp-content\/uploads\/2024\/06\/WhatsApp-Image-2024-06-10-at-15.16.03-e1718048873414-1024x723.jpeg","datePublished":"2024-06-10T19:48:04+00:00","dateModified":"2024-10-07T16:01:50+00:00","breadcrumb":{"@id":"https:\/\/www.cambe.pr.gov.br\/index.php\/calcadao-recebe-exposicao-do-museu-de-rua-em-celebracao-a-90a-festa-de-santo-antonio\/#breadcrumb"},"inLanguage":"pt-BR","potentialAction":[{"@type":"ReadAction","target":["https:\/\/www.cambe.pr.gov.br\/index.php\/calcadao-recebe-exposicao-do-museu-de-rua-em-celebracao-a-90a-festa-de-santo-antonio\/"]}]},{"@type":"ImageObject","inLanguage":"pt-BR","@id":"https:\/\/www.cambe.pr.gov.br\/index.php\/calcadao-recebe-exposicao-do-museu-de-rua-em-celebracao-a-90a-festa-de-santo-antonio\/#primaryimage","url":"https:\/\/www.cambe.pr.gov.br\/wp-content\/uploads\/2024\/06\/WhatsApp-Image-2024-06-10-at-15.16.03-e1718048873414.jpeg","contentUrl":"https:\/\/www.cambe.pr.gov.br\/wp-content\/uploads\/2024\/06\/WhatsApp-Image-2024-06-10-at-15.16.03-e1718048873414.jpeg","width":1325,"height":936},{"@type":"BreadcrumbList","@id":"https:\/\/www.cambe.pr.gov.br\/index.php\/calcadao-recebe-exposicao-do-museu-de-rua-em-celebracao-a-90a-festa-de-santo-antonio\/#breadcrumb","itemListElement":[{"@type":"ListItem","position":1,"name":"In\u00edcio","item":"https:\/\/www.cambe.pr.gov.br\/"},{"@type":"ListItem","position":2,"name":"Cal\u00e7ad\u00e3o recebe exposi\u00e7\u00e3o do Museu de Rua em celebra\u00e7\u00e3o a 90\u00aa Festa de Santo Ant\u00f4nio"}]},{"@type":"WebSite","@id":"https:\/\/www.cambe.pr.gov.br\/#website","url":"https:\/\/www.cambe.pr.gov.br\/","name":"Prefeitura de Camb\u00e9","description":"UM GOVERNO PARA TODOS","publisher":{"@id":"https:\/\/www.cambe.pr.gov.br\/#organization"},"potentialAction":[{"@type":"SearchAction","target":{"@type":"EntryPoint","urlTemplate":"https:\/\/www.cambe.pr.gov.br\/?s={search_term_string}"},"query-input":{"@type":"PropertyValueSpecification","valueRequired":true,"valueName":"search_term_string"}}],"inLanguage":"pt-BR"},{"@type":"Organization","@id":"https:\/\/www.cambe.pr.gov.br\/#organization","name":"Prefeitura de Camb\u00e9","url":"https:\/\/www.cambe.pr.gov.br\/","logo":{"@type":"ImageObject","inLanguage":"pt-BR","@id":"https:\/\/www.cambe.pr.gov.br\/#\/schema\/logo\/image\/","url":"https:\/\/www.cambe.pr.gov.br\/wp-content\/uploads\/2021\/01\/cropped-cropped-cambe_brazao-icone.png","contentUrl":"https:\/\/www.cambe.pr.gov.br\/wp-content\/uploads\/2021\/01\/cropped-cropped-cambe_brazao-icone.png","width":240,"height":240,"caption":"Prefeitura de Camb\u00e9"},"image":{"@id":"https:\/\/www.cambe.pr.gov.br\/#\/schema\/logo\/image\/"},"sameAs":["https:\/\/m.facebook.com\/prefeituradecambe"]},{"@type":"Person","@id":"https:\/\/www.cambe.pr.gov.br\/#\/schema\/person\/8e3ee69cb2cadf4b9f8377407227effd","name":"Vinicius Augusto Batista Eira","image":{"@type":"ImageObject","inLanguage":"pt-BR","@id":"https:\/\/secure.gravatar.com\/avatar\/1ec500de7013b30e1d4d7c8c3978f0e4433c37e5d5e4cd186239369c6440122b?s=96&d=mm&r=g","url":"https:\/\/secure.gravatar.com\/avatar\/1ec500de7013b30e1d4d7c8c3978f0e4433c37e5d5e4cd186239369c6440122b?s=96&d=mm&r=g","contentUrl":"https:\/\/secure.gravatar.com\/avatar\/1ec500de7013b30e1d4d7c8c3978f0e4433c37e5d5e4cd186239369c6440122b?s=96&d=mm&r=g","caption":"Vinicius Augusto Batista Eira"},"url":"https:\/\/www.cambe.pr.gov.br\/index.php\/author\/vabeira\/"}]}},"_links":{"self":[{"href":"https:\/\/www.cambe.pr.gov.br\/index.php\/wp-json\/wp\/v2\/posts\/14741","targetHints":{"allow":["GET"]}}],"collection":[{"href":"https:\/\/www.cambe.pr.gov.br\/index.php\/wp-json\/wp\/v2\/posts"}],"about":[{"href":"https:\/\/www.cambe.pr.gov.br\/index.php\/wp-json\/wp\/v2\/types\/post"}],"author":[{"embeddable":true,"href":"https:\/\/www.cambe.pr.gov.br\/index.php\/wp-json\/wp\/v2\/users\/16"}],"replies":[{"embeddable":true,"href":"https:\/\/www.cambe.pr.gov.br\/index.php\/wp-json\/wp\/v2\/comments?post=14741"}],"version-history":[{"count":2,"href":"https:\/\/www.cambe.pr.gov.br\/index.php\/wp-json\/wp\/v2\/posts\/14741\/revisions"}],"predecessor-version":[{"id":14744,"href":"https:\/\/www.cambe.pr.gov.br\/index.php\/wp-json\/wp\/v2\/posts\/14741\/revisions\/14744"}],"wp:attachment":[{"href":"https:\/\/www.cambe.pr.gov.br\/index.php\/wp-json\/wp\/v2\/media?parent=14741"}],"wp:term":[{"taxonomy":"category","embeddable":true,"href":"https:\/\/www.cambe.pr.gov.br\/index.php\/wp-json\/wp\/v2\/categories?post=14741"},{"taxonomy":"post_tag","embeddable":true,"href":"https:\/\/www.cambe.pr.gov.br\/index.php\/wp-json\/wp\/v2\/tags?post=14741"}],"curies":[{"name":"wp","href":"https:\/\/api.w.org\/{rel}","templated":true}]}}