{"id":14736,"date":"2024-06-07T16:19:07","date_gmt":"2024-06-07T19:19:07","guid":{"rendered":"https:\/\/www.cambe.pr.gov.br\/?p=14736"},"modified":"2024-10-07T13:01:50","modified_gmt":"2024-10-07T16:01:50","slug":"prefeitura-apresenta-projeto-de-construcao-de-ciclovia-na-avenida-gabriel-freceiro-de-miranda","status":"publish","type":"post","link":"https:\/\/www.cambe.pr.gov.br\/index.php\/prefeitura-apresenta-projeto-de-construcao-de-ciclovia-na-avenida-gabriel-freceiro-de-miranda\/","title":{"rendered":"Prefeitura apresenta projeto de constru\u00e7\u00e3o de ciclovia na Avenida Gabriel Freceiro de Miranda"},"content":{"rendered":"<p style=\"text-align: justify;\"><span style=\"font-weight: 400; font-family: arial, helvetica, sans-serif;\"><img fetchpriority=\"high\" decoding=\"async\" class=\"size-large wp-image-14738 alignleft\" src=\"https:\/\/www.cambe.pr.gov.br\/wp-content\/uploads\/2024\/06\/WhatsApp-Image-2024-06-07-at-13.35.36-1024x579.jpeg\" alt=\"\" width=\"610\" height=\"345\" srcset=\"https:\/\/www.cambe.pr.gov.br\/wp-content\/uploads\/2024\/06\/WhatsApp-Image-2024-06-07-at-13.35.36-1024x579.jpeg 1024w, https:\/\/www.cambe.pr.gov.br\/wp-content\/uploads\/2024\/06\/WhatsApp-Image-2024-06-07-at-13.35.36-300x170.jpeg 300w, https:\/\/www.cambe.pr.gov.br\/wp-content\/uploads\/2024\/06\/WhatsApp-Image-2024-06-07-at-13.35.36-768x434.jpeg 768w, https:\/\/www.cambe.pr.gov.br\/wp-content\/uploads\/2024\/06\/WhatsApp-Image-2024-06-07-at-13.35.36-1536x868.jpeg 1536w, https:\/\/www.cambe.pr.gov.br\/wp-content\/uploads\/2024\/06\/WhatsApp-Image-2024-06-07-at-13.35.36.jpeg 1600w\" sizes=\"(max-width: 610px) 100vw, 610px\" \/>Neste s\u00e1bado (8), a Prefeitura promove um evento para apresenta\u00e7\u00e3o do projeto de revitaliza\u00e7\u00e3o local e constru\u00e7\u00e3o de ciclovia na Avenida Gabriel Freceiro de Miranda, no Jardim Santo Amaro. A cerim\u00f4nia est\u00e1 marcada para \u00e0s 10h30, na pr\u00f3pria Avenida, na esquina com a Rua Alvarenga Peixoto.<\/span><\/p>\n<p style=\"text-align: justify;\"><span style=\"font-weight: 400; font-family: arial, helvetica, sans-serif;\">Esta ser\u00e1 a 28\u00aa obra desde o in\u00edcio de 2021, e j\u00e1 havia sido anunciada no <a href=\"https:\/\/www.cambe.pr.gov.br\/index.php\/em-evento-historico-prefeitura-e-governo-do-estado-anunciam-mais-de-r-114-milhoes-de-investimento-em-cambe\/\"><strong>pacote de mais de R$ 114 milh\u00f5es em melhorias de infraestrutura<\/strong><\/a> no munic\u00edpio, no fim do \u00faltimo m\u00eas. O servi\u00e7o prev\u00ea a constru\u00e7\u00e3o de uma ciclovia em toda a extens\u00e3o da Avenida Gabriel Freceiro de Miranda, no Santo Amaro. A estrutura ser\u00e1 feita entre a BR-369 e a Avenida Pedro Viriato Parigot de Souza, com aproximadamente 1,5 quil\u00f4metro de extens\u00e3o, em um investimento previsto de R$ 1.290.310,50.<\/span><\/p>\n<p style=\"text-align: justify;\"><span style=\"font-weight: 400; font-family: arial, helvetica, sans-serif;\">O prefeito Conrado Scheller celebra o que ser\u00e1 o in\u00edcio de uma Camb\u00e9 ainda mais sustent\u00e1vel, saud\u00e1vel e que pensa tamb\u00e9m nos ciclistas. \u201c\u00c9 um orgulho para n\u00f3s estar lan\u00e7ando o projeto da primeira ciclovia da hist\u00f3ria de Camb\u00e9. Entendemos que o investimento em cultura, em esporte, em estruturas que deem uma melhor condi\u00e7\u00e3o ao cambeense, \u00e9 um investimento em sa\u00fade f\u00edsica e mental. Quanto mais gente utilizar essas vias, menos pessoas v\u00e3o precisar da UPA, o tr\u00e2nsito vai desafogar, entre v\u00e1rios outros benef\u00edcios. E para isso, estamos trazendo ciclovias bem feitas, seguras, que deem todo o respaldo necess\u00e1rio para quem ama o ciclismo tanto aqui, como no Ana Rosa, e em breve queremos interligar v\u00e1rias ciclovias no per\u00edmetro urbano para que andar de bicicleta de forma segura se torne um h\u00e1bito em Camb\u00e9\u201d, ressaltou.<\/span><\/p>\n","protected":false},"excerpt":{"rendered":"<p>Neste s\u00e1bado (8), a Prefeitura promove um evento para apresenta\u00e7\u00e3o do projeto de revitaliza\u00e7\u00e3o local e constru\u00e7\u00e3o de ciclovia na Avenida Gabriel Freceiro de Miranda, no Jardim Santo Amaro. A cerim\u00f4nia est\u00e1 marcada para \u00e0s 10h30, na pr\u00f3pria Avenida, na esquina com a Rua Alvarenga Peixoto. Esta ser\u00e1 a 28\u00aa obra desde o in\u00edcio de [&hellip;]<\/p>\n","protected":false},"author":16,"featured_media":0,"comment_status":"closed","ping_status":"open","sticky":false,"template":"","format":"standard","meta":{"ngg_post_thumbnail":0,"footnotes":""},"categories":[1],"tags":[],"class_list":["post-14736","post","type-post","status-publish","format-standard","hentry","category-principal"],"yoast_head":"<!-- This site is optimized with the Yoast SEO plugin v27.4 - https:\/\/yoast.com\/product\/yoast-seo-wordpress\/ -->\n<title>Prefeitura apresenta projeto de constru\u00e7\u00e3o de ciclovia na Avenida Gabriel Freceiro de Miranda - Prefeitura de Camb\u00e9<\/title>\n<meta name=\"robots\" content=\"index, follow, max-snippet:-1, max-image-preview:large, max-video-preview:-1\" \/>\n<link rel=\"canonical\" href=\"https:\/\/www.cambe.pr.gov.br\/index.php\/prefeitura-apresenta-projeto-de-construcao-de-ciclovia-na-avenida-gabriel-freceiro-de-miranda\/\" \/>\n<meta property=\"og:locale\" content=\"pt_BR\" \/>\n<meta property=\"og:type\" content=\"article\" \/>\n<meta property=\"og:title\" content=\"Prefeitura apresenta projeto de constru\u00e7\u00e3o de ciclovia na Avenida Gabriel Freceiro de Miranda - Prefeitura de Camb\u00e9\" \/>\n<meta property=\"og:description\" content=\"Neste s\u00e1bado (8), a Prefeitura promove um evento para apresenta\u00e7\u00e3o do projeto de revitaliza\u00e7\u00e3o local e constru\u00e7\u00e3o de ciclovia na Avenida Gabriel Freceiro de Miranda, no Jardim Santo Amaro. A cerim\u00f4nia est\u00e1 marcada para \u00e0s 10h30, na pr\u00f3pria Avenida, na esquina com a Rua Alvarenga Peixoto. Esta ser\u00e1 a 28\u00aa obra desde o in\u00edcio de [&hellip;]\" \/>\n<meta property=\"og:url\" content=\"https:\/\/www.cambe.pr.gov.br\/index.php\/prefeitura-apresenta-projeto-de-construcao-de-ciclovia-na-avenida-gabriel-freceiro-de-miranda\/\" \/>\n<meta property=\"og:site_name\" content=\"Prefeitura de Camb\u00e9\" \/>\n<meta property=\"article:publisher\" content=\"https:\/\/m.facebook.com\/prefeituradecambe\" \/>\n<meta property=\"article:published_time\" content=\"2024-06-07T19:19:07+00:00\" \/>\n<meta property=\"article:modified_time\" content=\"2024-10-07T16:01:50+00:00\" \/>\n<meta property=\"og:image\" content=\"https:\/\/www.cambe.pr.gov.br\/wp-content\/uploads\/2024\/06\/WhatsApp-Image-2024-06-07-at-13.35.36-1024x579.jpeg\" \/>\n<meta name=\"author\" content=\"Vinicius Augusto Batista Eira\" \/>\n<meta name=\"twitter:card\" content=\"summary_large_image\" \/>\n<meta name=\"twitter:label1\" content=\"Escrito por\" \/>\n\t<meta name=\"twitter:data1\" content=\"Vinicius Augusto Batista Eira\" \/>\n\t<meta name=\"twitter:label2\" content=\"Est. tempo de leitura\" \/>\n\t<meta name=\"twitter:data2\" content=\"2 minutos\" \/>\n<script type=\"application\/ld+json\" class=\"yoast-schema-graph\">{\"@context\":\"https:\\\/\\\/schema.org\",\"@graph\":[{\"@type\":\"Article\",\"@id\":\"https:\\\/\\\/www.cambe.pr.gov.br\\\/index.php\\\/prefeitura-apresenta-projeto-de-construcao-de-ciclovia-na-avenida-gabriel-freceiro-de-miranda\\\/#article\",\"isPartOf\":{\"@id\":\"https:\\\/\\\/www.cambe.pr.gov.br\\\/index.php\\\/prefeitura-apresenta-projeto-de-construcao-de-ciclovia-na-avenida-gabriel-freceiro-de-miranda\\\/\"},\"author\":{\"name\":\"Vinicius Augusto Batista Eira\",\"@id\":\"https:\\\/\\\/www.cambe.pr.gov.br\\\/#\\\/schema\\\/person\\\/8e3ee69cb2cadf4b9f8377407227effd\"},\"headline\":\"Prefeitura apresenta projeto de constru\u00e7\u00e3o de ciclovia na Avenida Gabriel Freceiro de Miranda\",\"datePublished\":\"2024-06-07T19:19:07+00:00\",\"dateModified\":\"2024-10-07T16:01:50+00:00\",\"mainEntityOfPage\":{\"@id\":\"https:\\\/\\\/www.cambe.pr.gov.br\\\/index.php\\\/prefeitura-apresenta-projeto-de-construcao-de-ciclovia-na-avenida-gabriel-freceiro-de-miranda\\\/\"},\"wordCount\":303,\"publisher\":{\"@id\":\"https:\\\/\\\/www.cambe.pr.gov.br\\\/#organization\"},\"image\":{\"@id\":\"https:\\\/\\\/www.cambe.pr.gov.br\\\/index.php\\\/prefeitura-apresenta-projeto-de-construcao-de-ciclovia-na-avenida-gabriel-freceiro-de-miranda\\\/#primaryimage\"},\"thumbnailUrl\":\"https:\\\/\\\/www.cambe.pr.gov.br\\\/wp-content\\\/uploads\\\/2024\\\/06\\\/WhatsApp-Image-2024-06-07-at-13.35.36-1024x579.jpeg\",\"articleSection\":[\"Principal\"],\"inLanguage\":\"pt-BR\"},{\"@type\":\"WebPage\",\"@id\":\"https:\\\/\\\/www.cambe.pr.gov.br\\\/index.php\\\/prefeitura-apresenta-projeto-de-construcao-de-ciclovia-na-avenida-gabriel-freceiro-de-miranda\\\/\",\"url\":\"https:\\\/\\\/www.cambe.pr.gov.br\\\/index.php\\\/prefeitura-apresenta-projeto-de-construcao-de-ciclovia-na-avenida-gabriel-freceiro-de-miranda\\\/\",\"name\":\"Prefeitura apresenta projeto de constru\u00e7\u00e3o de ciclovia na Avenida Gabriel Freceiro de Miranda - Prefeitura de Camb\u00e9\",\"isPartOf\":{\"@id\":\"https:\\\/\\\/www.cambe.pr.gov.br\\\/#website\"},\"primaryImageOfPage\":{\"@id\":\"https:\\\/\\\/www.cambe.pr.gov.br\\\/index.php\\\/prefeitura-apresenta-projeto-de-construcao-de-ciclovia-na-avenida-gabriel-freceiro-de-miranda\\\/#primaryimage\"},\"image\":{\"@id\":\"https:\\\/\\\/www.cambe.pr.gov.br\\\/index.php\\\/prefeitura-apresenta-projeto-de-construcao-de-ciclovia-na-avenida-gabriel-freceiro-de-miranda\\\/#primaryimage\"},\"thumbnailUrl\":\"https:\\\/\\\/www.cambe.pr.gov.br\\\/wp-content\\\/uploads\\\/2024\\\/06\\\/WhatsApp-Image-2024-06-07-at-13.35.36-1024x579.jpeg\",\"datePublished\":\"2024-06-07T19:19:07+00:00\",\"dateModified\":\"2024-10-07T16:01:50+00:00\",\"breadcrumb\":{\"@id\":\"https:\\\/\\\/www.cambe.pr.gov.br\\\/index.php\\\/prefeitura-apresenta-projeto-de-construcao-de-ciclovia-na-avenida-gabriel-freceiro-de-miranda\\\/#breadcrumb\"},\"inLanguage\":\"pt-BR\",\"potentialAction\":[{\"@type\":\"ReadAction\",\"target\":[\"https:\\\/\\\/www.cambe.pr.gov.br\\\/index.php\\\/prefeitura-apresenta-projeto-de-construcao-de-ciclovia-na-avenida-gabriel-freceiro-de-miranda\\\/\"]}]},{\"@type\":\"ImageObject\",\"inLanguage\":\"pt-BR\",\"@id\":\"https:\\\/\\\/www.cambe.pr.gov.br\\\/index.php\\\/prefeitura-apresenta-projeto-de-construcao-de-ciclovia-na-avenida-gabriel-freceiro-de-miranda\\\/#primaryimage\",\"url\":\"https:\\\/\\\/www.cambe.pr.gov.br\\\/wp-content\\\/uploads\\\/2024\\\/06\\\/WhatsApp-Image-2024-06-07-at-13.35.36.jpeg\",\"contentUrl\":\"https:\\\/\\\/www.cambe.pr.gov.br\\\/wp-content\\\/uploads\\\/2024\\\/06\\\/WhatsApp-Image-2024-06-07-at-13.35.36.jpeg\",\"width\":1600,\"height\":904},{\"@type\":\"BreadcrumbList\",\"@id\":\"https:\\\/\\\/www.cambe.pr.gov.br\\\/index.php\\\/prefeitura-apresenta-projeto-de-construcao-de-ciclovia-na-avenida-gabriel-freceiro-de-miranda\\\/#breadcrumb\",\"itemListElement\":[{\"@type\":\"ListItem\",\"position\":1,\"name\":\"In\u00edcio\",\"item\":\"https:\\\/\\\/www.cambe.pr.gov.br\\\/\"},{\"@type\":\"ListItem\",\"position\":2,\"name\":\"Prefeitura apresenta projeto de constru\u00e7\u00e3o de ciclovia na Avenida Gabriel Freceiro de Miranda\"}]},{\"@type\":\"WebSite\",\"@id\":\"https:\\\/\\\/www.cambe.pr.gov.br\\\/#website\",\"url\":\"https:\\\/\\\/www.cambe.pr.gov.br\\\/\",\"name\":\"Prefeitura de Camb\u00e9\",\"description\":\"UM GOVERNO PARA TODOS\",\"publisher\":{\"@id\":\"https:\\\/\\\/www.cambe.pr.gov.br\\\/#organization\"},\"potentialAction\":[{\"@type\":\"SearchAction\",\"target\":{\"@type\":\"EntryPoint\",\"urlTemplate\":\"https:\\\/\\\/www.cambe.pr.gov.br\\\/?s={search_term_string}\"},\"query-input\":{\"@type\":\"PropertyValueSpecification\",\"valueRequired\":true,\"valueName\":\"search_term_string\"}}],\"inLanguage\":\"pt-BR\"},{\"@type\":\"Organization\",\"@id\":\"https:\\\/\\\/www.cambe.pr.gov.br\\\/#organization\",\"name\":\"Prefeitura de Camb\u00e9\",\"url\":\"https:\\\/\\\/www.cambe.pr.gov.br\\\/\",\"logo\":{\"@type\":\"ImageObject\",\"inLanguage\":\"pt-BR\",\"@id\":\"https:\\\/\\\/www.cambe.pr.gov.br\\\/#\\\/schema\\\/logo\\\/image\\\/\",\"url\":\"https:\\\/\\\/www.cambe.pr.gov.br\\\/wp-content\\\/uploads\\\/2021\\\/01\\\/cropped-cropped-cambe_brazao-icone.png\",\"contentUrl\":\"https:\\\/\\\/www.cambe.pr.gov.br\\\/wp-content\\\/uploads\\\/2021\\\/01\\\/cropped-cropped-cambe_brazao-icone.png\",\"width\":240,\"height\":240,\"caption\":\"Prefeitura de Camb\u00e9\"},\"image\":{\"@id\":\"https:\\\/\\\/www.cambe.pr.gov.br\\\/#\\\/schema\\\/logo\\\/image\\\/\"},\"sameAs\":[\"https:\\\/\\\/m.facebook.com\\\/prefeituradecambe\"]},{\"@type\":\"Person\",\"@id\":\"https:\\\/\\\/www.cambe.pr.gov.br\\\/#\\\/schema\\\/person\\\/8e3ee69cb2cadf4b9f8377407227effd\",\"name\":\"Vinicius Augusto Batista Eira\",\"image\":{\"@type\":\"ImageObject\",\"inLanguage\":\"pt-BR\",\"@id\":\"https:\\\/\\\/secure.gravatar.com\\\/avatar\\\/1ec500de7013b30e1d4d7c8c3978f0e4433c37e5d5e4cd186239369c6440122b?s=96&d=mm&r=g\",\"url\":\"https:\\\/\\\/secure.gravatar.com\\\/avatar\\\/1ec500de7013b30e1d4d7c8c3978f0e4433c37e5d5e4cd186239369c6440122b?s=96&d=mm&r=g\",\"contentUrl\":\"https:\\\/\\\/secure.gravatar.com\\\/avatar\\\/1ec500de7013b30e1d4d7c8c3978f0e4433c37e5d5e4cd186239369c6440122b?s=96&d=mm&r=g\",\"caption\":\"Vinicius Augusto Batista Eira\"},\"url\":\"https:\\\/\\\/www.cambe.pr.gov.br\\\/index.php\\\/author\\\/vabeira\\\/\"}]}<\/script>\n<!-- \/ Yoast SEO plugin. -->","yoast_head_json":{"title":"Prefeitura apresenta projeto de constru\u00e7\u00e3o de ciclovia na Avenida Gabriel Freceiro de Miranda - Prefeitura de Camb\u00e9","robots":{"index":"index","follow":"follow","max-snippet":"max-snippet:-1","max-image-preview":"max-image-preview:large","max-video-preview":"max-video-preview:-1"},"canonical":"https:\/\/www.cambe.pr.gov.br\/index.php\/prefeitura-apresenta-projeto-de-construcao-de-ciclovia-na-avenida-gabriel-freceiro-de-miranda\/","og_locale":"pt_BR","og_type":"article","og_title":"Prefeitura apresenta projeto de constru\u00e7\u00e3o de ciclovia na Avenida Gabriel Freceiro de Miranda - Prefeitura de Camb\u00e9","og_description":"Neste s\u00e1bado (8), a Prefeitura promove um evento para apresenta\u00e7\u00e3o do projeto de revitaliza\u00e7\u00e3o local e constru\u00e7\u00e3o de ciclovia na Avenida Gabriel Freceiro de Miranda, no Jardim Santo Amaro. A cerim\u00f4nia est\u00e1 marcada para \u00e0s 10h30, na pr\u00f3pria Avenida, na esquina com a Rua Alvarenga Peixoto. Esta ser\u00e1 a 28\u00aa obra desde o in\u00edcio de [&hellip;]","og_url":"https:\/\/www.cambe.pr.gov.br\/index.php\/prefeitura-apresenta-projeto-de-construcao-de-ciclovia-na-avenida-gabriel-freceiro-de-miranda\/","og_site_name":"Prefeitura de Camb\u00e9","article_publisher":"https:\/\/m.facebook.com\/prefeituradecambe","article_published_time":"2024-06-07T19:19:07+00:00","article_modified_time":"2024-10-07T16:01:50+00:00","og_image":[{"url":"https:\/\/www.cambe.pr.gov.br\/wp-content\/uploads\/2024\/06\/WhatsApp-Image-2024-06-07-at-13.35.36-1024x579.jpeg","type":"","width":"","height":""}],"author":"Vinicius Augusto Batista Eira","twitter_card":"summary_large_image","twitter_misc":{"Escrito por":"Vinicius Augusto Batista Eira","Est. tempo de leitura":"2 minutos"},"schema":{"@context":"https:\/\/schema.org","@graph":[{"@type":"Article","@id":"https:\/\/www.cambe.pr.gov.br\/index.php\/prefeitura-apresenta-projeto-de-construcao-de-ciclovia-na-avenida-gabriel-freceiro-de-miranda\/#article","isPartOf":{"@id":"https:\/\/www.cambe.pr.gov.br\/index.php\/prefeitura-apresenta-projeto-de-construcao-de-ciclovia-na-avenida-gabriel-freceiro-de-miranda\/"},"author":{"name":"Vinicius Augusto Batista Eira","@id":"https:\/\/www.cambe.pr.gov.br\/#\/schema\/person\/8e3ee69cb2cadf4b9f8377407227effd"},"headline":"Prefeitura apresenta projeto de constru\u00e7\u00e3o de ciclovia na Avenida Gabriel Freceiro de Miranda","datePublished":"2024-06-07T19:19:07+00:00","dateModified":"2024-10-07T16:01:50+00:00","mainEntityOfPage":{"@id":"https:\/\/www.cambe.pr.gov.br\/index.php\/prefeitura-apresenta-projeto-de-construcao-de-ciclovia-na-avenida-gabriel-freceiro-de-miranda\/"},"wordCount":303,"publisher":{"@id":"https:\/\/www.cambe.pr.gov.br\/#organization"},"image":{"@id":"https:\/\/www.cambe.pr.gov.br\/index.php\/prefeitura-apresenta-projeto-de-construcao-de-ciclovia-na-avenida-gabriel-freceiro-de-miranda\/#primaryimage"},"thumbnailUrl":"https:\/\/www.cambe.pr.gov.br\/wp-content\/uploads\/2024\/06\/WhatsApp-Image-2024-06-07-at-13.35.36-1024x579.jpeg","articleSection":["Principal"],"inLanguage":"pt-BR"},{"@type":"WebPage","@id":"https:\/\/www.cambe.pr.gov.br\/index.php\/prefeitura-apresenta-projeto-de-construcao-de-ciclovia-na-avenida-gabriel-freceiro-de-miranda\/","url":"https:\/\/www.cambe.pr.gov.br\/index.php\/prefeitura-apresenta-projeto-de-construcao-de-ciclovia-na-avenida-gabriel-freceiro-de-miranda\/","name":"Prefeitura apresenta projeto de constru\u00e7\u00e3o de ciclovia na Avenida Gabriel Freceiro de Miranda - Prefeitura de Camb\u00e9","isPartOf":{"@id":"https:\/\/www.cambe.pr.gov.br\/#website"},"primaryImageOfPage":{"@id":"https:\/\/www.cambe.pr.gov.br\/index.php\/prefeitura-apresenta-projeto-de-construcao-de-ciclovia-na-avenida-gabriel-freceiro-de-miranda\/#primaryimage"},"image":{"@id":"https:\/\/www.cambe.pr.gov.br\/index.php\/prefeitura-apresenta-projeto-de-construcao-de-ciclovia-na-avenida-gabriel-freceiro-de-miranda\/#primaryimage"},"thumbnailUrl":"https:\/\/www.cambe.pr.gov.br\/wp-content\/uploads\/2024\/06\/WhatsApp-Image-2024-06-07-at-13.35.36-1024x579.jpeg","datePublished":"2024-06-07T19:19:07+00:00","dateModified":"2024-10-07T16:01:50+00:00","breadcrumb":{"@id":"https:\/\/www.cambe.pr.gov.br\/index.php\/prefeitura-apresenta-projeto-de-construcao-de-ciclovia-na-avenida-gabriel-freceiro-de-miranda\/#breadcrumb"},"inLanguage":"pt-BR","potentialAction":[{"@type":"ReadAction","target":["https:\/\/www.cambe.pr.gov.br\/index.php\/prefeitura-apresenta-projeto-de-construcao-de-ciclovia-na-avenida-gabriel-freceiro-de-miranda\/"]}]},{"@type":"ImageObject","inLanguage":"pt-BR","@id":"https:\/\/www.cambe.pr.gov.br\/index.php\/prefeitura-apresenta-projeto-de-construcao-de-ciclovia-na-avenida-gabriel-freceiro-de-miranda\/#primaryimage","url":"https:\/\/www.cambe.pr.gov.br\/wp-content\/uploads\/2024\/06\/WhatsApp-Image-2024-06-07-at-13.35.36.jpeg","contentUrl":"https:\/\/www.cambe.pr.gov.br\/wp-content\/uploads\/2024\/06\/WhatsApp-Image-2024-06-07-at-13.35.36.jpeg","width":1600,"height":904},{"@type":"BreadcrumbList","@id":"https:\/\/www.cambe.pr.gov.br\/index.php\/prefeitura-apresenta-projeto-de-construcao-de-ciclovia-na-avenida-gabriel-freceiro-de-miranda\/#breadcrumb","itemListElement":[{"@type":"ListItem","position":1,"name":"In\u00edcio","item":"https:\/\/www.cambe.pr.gov.br\/"},{"@type":"ListItem","position":2,"name":"Prefeitura apresenta projeto de constru\u00e7\u00e3o de ciclovia na Avenida Gabriel Freceiro de Miranda"}]},{"@type":"WebSite","@id":"https:\/\/www.cambe.pr.gov.br\/#website","url":"https:\/\/www.cambe.pr.gov.br\/","name":"Prefeitura de Camb\u00e9","description":"UM GOVERNO PARA TODOS","publisher":{"@id":"https:\/\/www.cambe.pr.gov.br\/#organization"},"potentialAction":[{"@type":"SearchAction","target":{"@type":"EntryPoint","urlTemplate":"https:\/\/www.cambe.pr.gov.br\/?s={search_term_string}"},"query-input":{"@type":"PropertyValueSpecification","valueRequired":true,"valueName":"search_term_string"}}],"inLanguage":"pt-BR"},{"@type":"Organization","@id":"https:\/\/www.cambe.pr.gov.br\/#organization","name":"Prefeitura de Camb\u00e9","url":"https:\/\/www.cambe.pr.gov.br\/","logo":{"@type":"ImageObject","inLanguage":"pt-BR","@id":"https:\/\/www.cambe.pr.gov.br\/#\/schema\/logo\/image\/","url":"https:\/\/www.cambe.pr.gov.br\/wp-content\/uploads\/2021\/01\/cropped-cropped-cambe_brazao-icone.png","contentUrl":"https:\/\/www.cambe.pr.gov.br\/wp-content\/uploads\/2021\/01\/cropped-cropped-cambe_brazao-icone.png","width":240,"height":240,"caption":"Prefeitura de Camb\u00e9"},"image":{"@id":"https:\/\/www.cambe.pr.gov.br\/#\/schema\/logo\/image\/"},"sameAs":["https:\/\/m.facebook.com\/prefeituradecambe"]},{"@type":"Person","@id":"https:\/\/www.cambe.pr.gov.br\/#\/schema\/person\/8e3ee69cb2cadf4b9f8377407227effd","name":"Vinicius Augusto Batista Eira","image":{"@type":"ImageObject","inLanguage":"pt-BR","@id":"https:\/\/secure.gravatar.com\/avatar\/1ec500de7013b30e1d4d7c8c3978f0e4433c37e5d5e4cd186239369c6440122b?s=96&d=mm&r=g","url":"https:\/\/secure.gravatar.com\/avatar\/1ec500de7013b30e1d4d7c8c3978f0e4433c37e5d5e4cd186239369c6440122b?s=96&d=mm&r=g","contentUrl":"https:\/\/secure.gravatar.com\/avatar\/1ec500de7013b30e1d4d7c8c3978f0e4433c37e5d5e4cd186239369c6440122b?s=96&d=mm&r=g","caption":"Vinicius Augusto Batista Eira"},"url":"https:\/\/www.cambe.pr.gov.br\/index.php\/author\/vabeira\/"}]}},"_links":{"self":[{"href":"https:\/\/www.cambe.pr.gov.br\/index.php\/wp-json\/wp\/v2\/posts\/14736","targetHints":{"allow":["GET"]}}],"collection":[{"href":"https:\/\/www.cambe.pr.gov.br\/index.php\/wp-json\/wp\/v2\/posts"}],"about":[{"href":"https:\/\/www.cambe.pr.gov.br\/index.php\/wp-json\/wp\/v2\/types\/post"}],"author":[{"embeddable":true,"href":"https:\/\/www.cambe.pr.gov.br\/index.php\/wp-json\/wp\/v2\/users\/16"}],"replies":[{"embeddable":true,"href":"https:\/\/www.cambe.pr.gov.br\/index.php\/wp-json\/wp\/v2\/comments?post=14736"}],"version-history":[{"count":3,"href":"https:\/\/www.cambe.pr.gov.br\/index.php\/wp-json\/wp\/v2\/posts\/14736\/revisions"}],"predecessor-version":[{"id":14740,"href":"https:\/\/www.cambe.pr.gov.br\/index.php\/wp-json\/wp\/v2\/posts\/14736\/revisions\/14740"}],"wp:attachment":[{"href":"https:\/\/www.cambe.pr.gov.br\/index.php\/wp-json\/wp\/v2\/media?parent=14736"}],"wp:term":[{"taxonomy":"category","embeddable":true,"href":"https:\/\/www.cambe.pr.gov.br\/index.php\/wp-json\/wp\/v2\/categories?post=14736"},{"taxonomy":"post_tag","embeddable":true,"href":"https:\/\/www.cambe.pr.gov.br\/index.php\/wp-json\/wp\/v2\/tags?post=14736"}],"curies":[{"name":"wp","href":"https:\/\/api.w.org\/{rel}","templated":true}]}}