{"id":14730,"date":"2024-06-05T17:04:50","date_gmt":"2024-06-05T20:04:50","guid":{"rendered":"https:\/\/www.cambe.pr.gov.br\/?p=14730"},"modified":"2024-10-07T13:01:50","modified_gmt":"2024-10-07T16:01:50","slug":"assinada-ordem-de-servico-para-obras-no-cemiterio-municipal-padre-symphoriano-kopf","status":"publish","type":"post","link":"https:\/\/www.cambe.pr.gov.br\/index.php\/assinada-ordem-de-servico-para-obras-no-cemiterio-municipal-padre-symphoriano-kopf\/","title":{"rendered":"Assinada ordem de servi\u00e7o para obras no Cemit\u00e9rio Municipal Padre Symphoriano Kopf"},"content":{"rendered":"<p style=\"text-align: justify;\"><span style=\"font-weight: 400; font-family: arial, helvetica, sans-serif;\"><img fetchpriority=\"high\" decoding=\"async\" class=\"alignleft size-large wp-image-14731\" src=\"https:\/\/www.cambe.pr.gov.br\/wp-content\/uploads\/2024\/06\/DSC_0083-copiar-1024x683.jpg\" alt=\"\" width=\"610\" height=\"407\" srcset=\"https:\/\/www.cambe.pr.gov.br\/wp-content\/uploads\/2024\/06\/DSC_0083-copiar-1024x683.jpg 1024w, https:\/\/www.cambe.pr.gov.br\/wp-content\/uploads\/2024\/06\/DSC_0083-copiar-300x200.jpg 300w, https:\/\/www.cambe.pr.gov.br\/wp-content\/uploads\/2024\/06\/DSC_0083-copiar-768x512.jpg 768w, https:\/\/www.cambe.pr.gov.br\/wp-content\/uploads\/2024\/06\/DSC_0083-copiar.jpg 1368w\" sizes=\"(max-width: 610px) 100vw, 610px\" \/>Foi assinada na tarde desta quarta-feira (5) a ordem de servi\u00e7o para obras no Cemit\u00e9rio Municipal Padre Symphoriano Kopf. As melhorias contemplam execu\u00e7\u00e3o de servi\u00e7os emergenciais, reformas de espa\u00e7os administrativos, constru\u00e7\u00e3o de novos banheiros e um novo portal para o local. A cerim\u00f4nia para in\u00edcio das obras contou com a participa\u00e7\u00e3o do prefeito Conrado Scheller, do vice-prefeito Zezinho da Ra\u00e7\u00e3o, de secret\u00e1rios municipais e servidores da Prefeitura.<\/span><\/p>\n<p style=\"text-align: justify;\"><span style=\"font-weight: 400; font-family: arial, helvetica, sans-serif;\">Ao todo, ser\u00e3o investidos R$ 347.752,66 na execu\u00e7\u00e3o de servi\u00e7os corretivos e emergenciais de demoli\u00e7\u00e3o e reconstru\u00e7\u00e3o de banheiros p\u00fablicos com frald\u00e1rios e dos funcion\u00e1rios, reforma do pr\u00e9dio administrativo, reconstru\u00e7\u00e3o de parte do muro e constru\u00e7\u00e3o de portal de entrada do Cemit\u00e9rio Municipal Padre Symphoriano Kopf. A empresa que venceu a licita\u00e7\u00e3o e far\u00e1 o servi\u00e7o ser\u00e1 a Norma Constru\u00e7\u00f5es Civis Ltda &#8211; EPP, que tem um prazo de 300 dias para a obra.<\/span><\/p>\n<p style=\"text-align: justify;\"><span style=\"font-weight: 400; font-family: arial, helvetica, sans-serif;\">\u201cHoje estamos aqui para celebrar mais uma obra muito importante e quase R$ 350 mil investidos em um local onde est\u00e3o as pessoas que ajudaram a construir a cidade e o legado de Camb\u00e9, onde est\u00e3o nossos entes queridos, que merecem todo nosso respeito e essa obra para eles. Faltou uma aten\u00e7\u00e3o no cemit\u00e9rio nos \u00faltimos anos. Mas agora, estamos levando essas melhorias para l\u00e1, com obras mais importantes, melhorias arquitet\u00f4nicas e de paisagismo, e depois ainda vem ilumina\u00e7\u00e3o nova, c\u00e2meras de seguran\u00e7a, porque n\u00e3o podemos aceitar a vadiagem entrar como quer, e outras melhorias pontuais. \u00c9 um novo cemit\u00e9rio que come\u00e7a a ser constru\u00eddo agora com essa primeira etapa que j\u00e1 vai dar uma cara nova ao espa\u00e7o\u201d, destacou o prefeito Conrado Scheller.<\/span><\/p>\n","protected":false},"excerpt":{"rendered":"<p>Foi assinada na tarde desta quarta-feira (5) a ordem de servi\u00e7o para obras no Cemit\u00e9rio Municipal Padre Symphoriano Kopf. As melhorias contemplam execu\u00e7\u00e3o de servi\u00e7os emergenciais, reformas de espa\u00e7os administrativos, constru\u00e7\u00e3o de novos banheiros e um novo portal para o local. A cerim\u00f4nia para in\u00edcio das obras contou com a participa\u00e7\u00e3o do prefeito Conrado Scheller, [&hellip;]<\/p>\n","protected":false},"author":16,"featured_media":0,"comment_status":"closed","ping_status":"open","sticky":false,"template":"","format":"standard","meta":{"ngg_post_thumbnail":0,"footnotes":""},"categories":[1],"tags":[],"class_list":["post-14730","post","type-post","status-publish","format-standard","hentry","category-principal"],"yoast_head":"<!-- This site is optimized with the Yoast SEO plugin v27.4 - https:\/\/yoast.com\/product\/yoast-seo-wordpress\/ -->\n<title>Assinada ordem de servi\u00e7o para obras no Cemit\u00e9rio Municipal Padre Symphoriano Kopf - Prefeitura de Camb\u00e9<\/title>\n<meta name=\"robots\" content=\"index, follow, max-snippet:-1, max-image-preview:large, max-video-preview:-1\" \/>\n<link rel=\"canonical\" href=\"https:\/\/www.cambe.pr.gov.br\/index.php\/assinada-ordem-de-servico-para-obras-no-cemiterio-municipal-padre-symphoriano-kopf\/\" \/>\n<meta property=\"og:locale\" content=\"pt_BR\" \/>\n<meta property=\"og:type\" content=\"article\" \/>\n<meta property=\"og:title\" content=\"Assinada ordem de servi\u00e7o para obras no Cemit\u00e9rio Municipal Padre Symphoriano Kopf - Prefeitura de Camb\u00e9\" \/>\n<meta property=\"og:description\" content=\"Foi assinada na tarde desta quarta-feira (5) a ordem de servi\u00e7o para obras no Cemit\u00e9rio Municipal Padre Symphoriano Kopf. As melhorias contemplam execu\u00e7\u00e3o de servi\u00e7os emergenciais, reformas de espa\u00e7os administrativos, constru\u00e7\u00e3o de novos banheiros e um novo portal para o local. A cerim\u00f4nia para in\u00edcio das obras contou com a participa\u00e7\u00e3o do prefeito Conrado Scheller, [&hellip;]\" \/>\n<meta property=\"og:url\" content=\"https:\/\/www.cambe.pr.gov.br\/index.php\/assinada-ordem-de-servico-para-obras-no-cemiterio-municipal-padre-symphoriano-kopf\/\" \/>\n<meta property=\"og:site_name\" content=\"Prefeitura de Camb\u00e9\" \/>\n<meta property=\"article:publisher\" content=\"https:\/\/m.facebook.com\/prefeituradecambe\" \/>\n<meta property=\"article:published_time\" content=\"2024-06-05T20:04:50+00:00\" \/>\n<meta property=\"article:modified_time\" content=\"2024-10-07T16:01:50+00:00\" \/>\n<meta property=\"og:image\" content=\"https:\/\/www.cambe.pr.gov.br\/wp-content\/uploads\/2024\/06\/DSC_0083-copiar-1024x683.jpg\" \/>\n<meta name=\"author\" content=\"Vinicius Augusto Batista Eira\" \/>\n<meta name=\"twitter:card\" content=\"summary_large_image\" \/>\n<meta name=\"twitter:label1\" content=\"Escrito por\" \/>\n\t<meta name=\"twitter:data1\" content=\"Vinicius Augusto Batista Eira\" \/>\n\t<meta name=\"twitter:label2\" content=\"Est. tempo de leitura\" \/>\n\t<meta name=\"twitter:data2\" content=\"2 minutos\" \/>\n<script type=\"application\/ld+json\" class=\"yoast-schema-graph\">{\"@context\":\"https:\\\/\\\/schema.org\",\"@graph\":[{\"@type\":\"Article\",\"@id\":\"https:\\\/\\\/www.cambe.pr.gov.br\\\/index.php\\\/assinada-ordem-de-servico-para-obras-no-cemiterio-municipal-padre-symphoriano-kopf\\\/#article\",\"isPartOf\":{\"@id\":\"https:\\\/\\\/www.cambe.pr.gov.br\\\/index.php\\\/assinada-ordem-de-servico-para-obras-no-cemiterio-municipal-padre-symphoriano-kopf\\\/\"},\"author\":{\"name\":\"Vinicius Augusto Batista Eira\",\"@id\":\"https:\\\/\\\/www.cambe.pr.gov.br\\\/#\\\/schema\\\/person\\\/8e3ee69cb2cadf4b9f8377407227effd\"},\"headline\":\"Assinada ordem de servi\u00e7o para obras no Cemit\u00e9rio Municipal Padre Symphoriano Kopf\",\"datePublished\":\"2024-06-05T20:04:50+00:00\",\"dateModified\":\"2024-10-07T16:01:50+00:00\",\"mainEntityOfPage\":{\"@id\":\"https:\\\/\\\/www.cambe.pr.gov.br\\\/index.php\\\/assinada-ordem-de-servico-para-obras-no-cemiterio-municipal-padre-symphoriano-kopf\\\/\"},\"wordCount\":313,\"publisher\":{\"@id\":\"https:\\\/\\\/www.cambe.pr.gov.br\\\/#organization\"},\"image\":{\"@id\":\"https:\\\/\\\/www.cambe.pr.gov.br\\\/index.php\\\/assinada-ordem-de-servico-para-obras-no-cemiterio-municipal-padre-symphoriano-kopf\\\/#primaryimage\"},\"thumbnailUrl\":\"https:\\\/\\\/www.cambe.pr.gov.br\\\/wp-content\\\/uploads\\\/2024\\\/06\\\/DSC_0083-copiar-1024x683.jpg\",\"articleSection\":[\"Principal\"],\"inLanguage\":\"pt-BR\"},{\"@type\":\"WebPage\",\"@id\":\"https:\\\/\\\/www.cambe.pr.gov.br\\\/index.php\\\/assinada-ordem-de-servico-para-obras-no-cemiterio-municipal-padre-symphoriano-kopf\\\/\",\"url\":\"https:\\\/\\\/www.cambe.pr.gov.br\\\/index.php\\\/assinada-ordem-de-servico-para-obras-no-cemiterio-municipal-padre-symphoriano-kopf\\\/\",\"name\":\"Assinada ordem de servi\u00e7o para obras no Cemit\u00e9rio Municipal Padre Symphoriano Kopf - Prefeitura de Camb\u00e9\",\"isPartOf\":{\"@id\":\"https:\\\/\\\/www.cambe.pr.gov.br\\\/#website\"},\"primaryImageOfPage\":{\"@id\":\"https:\\\/\\\/www.cambe.pr.gov.br\\\/index.php\\\/assinada-ordem-de-servico-para-obras-no-cemiterio-municipal-padre-symphoriano-kopf\\\/#primaryimage\"},\"image\":{\"@id\":\"https:\\\/\\\/www.cambe.pr.gov.br\\\/index.php\\\/assinada-ordem-de-servico-para-obras-no-cemiterio-municipal-padre-symphoriano-kopf\\\/#primaryimage\"},\"thumbnailUrl\":\"https:\\\/\\\/www.cambe.pr.gov.br\\\/wp-content\\\/uploads\\\/2024\\\/06\\\/DSC_0083-copiar-1024x683.jpg\",\"datePublished\":\"2024-06-05T20:04:50+00:00\",\"dateModified\":\"2024-10-07T16:01:50+00:00\",\"breadcrumb\":{\"@id\":\"https:\\\/\\\/www.cambe.pr.gov.br\\\/index.php\\\/assinada-ordem-de-servico-para-obras-no-cemiterio-municipal-padre-symphoriano-kopf\\\/#breadcrumb\"},\"inLanguage\":\"pt-BR\",\"potentialAction\":[{\"@type\":\"ReadAction\",\"target\":[\"https:\\\/\\\/www.cambe.pr.gov.br\\\/index.php\\\/assinada-ordem-de-servico-para-obras-no-cemiterio-municipal-padre-symphoriano-kopf\\\/\"]}]},{\"@type\":\"ImageObject\",\"inLanguage\":\"pt-BR\",\"@id\":\"https:\\\/\\\/www.cambe.pr.gov.br\\\/index.php\\\/assinada-ordem-de-servico-para-obras-no-cemiterio-municipal-padre-symphoriano-kopf\\\/#primaryimage\",\"url\":\"https:\\\/\\\/www.cambe.pr.gov.br\\\/wp-content\\\/uploads\\\/2024\\\/06\\\/DSC_0083-copiar.jpg\",\"contentUrl\":\"https:\\\/\\\/www.cambe.pr.gov.br\\\/wp-content\\\/uploads\\\/2024\\\/06\\\/DSC_0083-copiar.jpg\",\"width\":1368,\"height\":912},{\"@type\":\"BreadcrumbList\",\"@id\":\"https:\\\/\\\/www.cambe.pr.gov.br\\\/index.php\\\/assinada-ordem-de-servico-para-obras-no-cemiterio-municipal-padre-symphoriano-kopf\\\/#breadcrumb\",\"itemListElement\":[{\"@type\":\"ListItem\",\"position\":1,\"name\":\"In\u00edcio\",\"item\":\"https:\\\/\\\/www.cambe.pr.gov.br\\\/\"},{\"@type\":\"ListItem\",\"position\":2,\"name\":\"Assinada ordem de servi\u00e7o para obras no Cemit\u00e9rio Municipal Padre Symphoriano Kopf\"}]},{\"@type\":\"WebSite\",\"@id\":\"https:\\\/\\\/www.cambe.pr.gov.br\\\/#website\",\"url\":\"https:\\\/\\\/www.cambe.pr.gov.br\\\/\",\"name\":\"Prefeitura de Camb\u00e9\",\"description\":\"UM GOVERNO PARA TODOS\",\"publisher\":{\"@id\":\"https:\\\/\\\/www.cambe.pr.gov.br\\\/#organization\"},\"potentialAction\":[{\"@type\":\"SearchAction\",\"target\":{\"@type\":\"EntryPoint\",\"urlTemplate\":\"https:\\\/\\\/www.cambe.pr.gov.br\\\/?s={search_term_string}\"},\"query-input\":{\"@type\":\"PropertyValueSpecification\",\"valueRequired\":true,\"valueName\":\"search_term_string\"}}],\"inLanguage\":\"pt-BR\"},{\"@type\":\"Organization\",\"@id\":\"https:\\\/\\\/www.cambe.pr.gov.br\\\/#organization\",\"name\":\"Prefeitura de Camb\u00e9\",\"url\":\"https:\\\/\\\/www.cambe.pr.gov.br\\\/\",\"logo\":{\"@type\":\"ImageObject\",\"inLanguage\":\"pt-BR\",\"@id\":\"https:\\\/\\\/www.cambe.pr.gov.br\\\/#\\\/schema\\\/logo\\\/image\\\/\",\"url\":\"https:\\\/\\\/www.cambe.pr.gov.br\\\/wp-content\\\/uploads\\\/2021\\\/01\\\/cropped-cropped-cambe_brazao-icone.png\",\"contentUrl\":\"https:\\\/\\\/www.cambe.pr.gov.br\\\/wp-content\\\/uploads\\\/2021\\\/01\\\/cropped-cropped-cambe_brazao-icone.png\",\"width\":240,\"height\":240,\"caption\":\"Prefeitura de Camb\u00e9\"},\"image\":{\"@id\":\"https:\\\/\\\/www.cambe.pr.gov.br\\\/#\\\/schema\\\/logo\\\/image\\\/\"},\"sameAs\":[\"https:\\\/\\\/m.facebook.com\\\/prefeituradecambe\"]},{\"@type\":\"Person\",\"@id\":\"https:\\\/\\\/www.cambe.pr.gov.br\\\/#\\\/schema\\\/person\\\/8e3ee69cb2cadf4b9f8377407227effd\",\"name\":\"Vinicius Augusto Batista Eira\",\"image\":{\"@type\":\"ImageObject\",\"inLanguage\":\"pt-BR\",\"@id\":\"https:\\\/\\\/secure.gravatar.com\\\/avatar\\\/1ec500de7013b30e1d4d7c8c3978f0e4433c37e5d5e4cd186239369c6440122b?s=96&d=mm&r=g\",\"url\":\"https:\\\/\\\/secure.gravatar.com\\\/avatar\\\/1ec500de7013b30e1d4d7c8c3978f0e4433c37e5d5e4cd186239369c6440122b?s=96&d=mm&r=g\",\"contentUrl\":\"https:\\\/\\\/secure.gravatar.com\\\/avatar\\\/1ec500de7013b30e1d4d7c8c3978f0e4433c37e5d5e4cd186239369c6440122b?s=96&d=mm&r=g\",\"caption\":\"Vinicius Augusto Batista Eira\"},\"url\":\"https:\\\/\\\/www.cambe.pr.gov.br\\\/index.php\\\/author\\\/vabeira\\\/\"}]}<\/script>\n<!-- \/ Yoast SEO plugin. -->","yoast_head_json":{"title":"Assinada ordem de servi\u00e7o para obras no Cemit\u00e9rio Municipal Padre Symphoriano Kopf - Prefeitura de Camb\u00e9","robots":{"index":"index","follow":"follow","max-snippet":"max-snippet:-1","max-image-preview":"max-image-preview:large","max-video-preview":"max-video-preview:-1"},"canonical":"https:\/\/www.cambe.pr.gov.br\/index.php\/assinada-ordem-de-servico-para-obras-no-cemiterio-municipal-padre-symphoriano-kopf\/","og_locale":"pt_BR","og_type":"article","og_title":"Assinada ordem de servi\u00e7o para obras no Cemit\u00e9rio Municipal Padre Symphoriano Kopf - Prefeitura de Camb\u00e9","og_description":"Foi assinada na tarde desta quarta-feira (5) a ordem de servi\u00e7o para obras no Cemit\u00e9rio Municipal Padre Symphoriano Kopf. As melhorias contemplam execu\u00e7\u00e3o de servi\u00e7os emergenciais, reformas de espa\u00e7os administrativos, constru\u00e7\u00e3o de novos banheiros e um novo portal para o local. A cerim\u00f4nia para in\u00edcio das obras contou com a participa\u00e7\u00e3o do prefeito Conrado Scheller, [&hellip;]","og_url":"https:\/\/www.cambe.pr.gov.br\/index.php\/assinada-ordem-de-servico-para-obras-no-cemiterio-municipal-padre-symphoriano-kopf\/","og_site_name":"Prefeitura de Camb\u00e9","article_publisher":"https:\/\/m.facebook.com\/prefeituradecambe","article_published_time":"2024-06-05T20:04:50+00:00","article_modified_time":"2024-10-07T16:01:50+00:00","og_image":[{"url":"https:\/\/www.cambe.pr.gov.br\/wp-content\/uploads\/2024\/06\/DSC_0083-copiar-1024x683.jpg","type":"","width":"","height":""}],"author":"Vinicius Augusto Batista Eira","twitter_card":"summary_large_image","twitter_misc":{"Escrito por":"Vinicius Augusto Batista Eira","Est. tempo de leitura":"2 minutos"},"schema":{"@context":"https:\/\/schema.org","@graph":[{"@type":"Article","@id":"https:\/\/www.cambe.pr.gov.br\/index.php\/assinada-ordem-de-servico-para-obras-no-cemiterio-municipal-padre-symphoriano-kopf\/#article","isPartOf":{"@id":"https:\/\/www.cambe.pr.gov.br\/index.php\/assinada-ordem-de-servico-para-obras-no-cemiterio-municipal-padre-symphoriano-kopf\/"},"author":{"name":"Vinicius Augusto Batista Eira","@id":"https:\/\/www.cambe.pr.gov.br\/#\/schema\/person\/8e3ee69cb2cadf4b9f8377407227effd"},"headline":"Assinada ordem de servi\u00e7o para obras no Cemit\u00e9rio Municipal Padre Symphoriano Kopf","datePublished":"2024-06-05T20:04:50+00:00","dateModified":"2024-10-07T16:01:50+00:00","mainEntityOfPage":{"@id":"https:\/\/www.cambe.pr.gov.br\/index.php\/assinada-ordem-de-servico-para-obras-no-cemiterio-municipal-padre-symphoriano-kopf\/"},"wordCount":313,"publisher":{"@id":"https:\/\/www.cambe.pr.gov.br\/#organization"},"image":{"@id":"https:\/\/www.cambe.pr.gov.br\/index.php\/assinada-ordem-de-servico-para-obras-no-cemiterio-municipal-padre-symphoriano-kopf\/#primaryimage"},"thumbnailUrl":"https:\/\/www.cambe.pr.gov.br\/wp-content\/uploads\/2024\/06\/DSC_0083-copiar-1024x683.jpg","articleSection":["Principal"],"inLanguage":"pt-BR"},{"@type":"WebPage","@id":"https:\/\/www.cambe.pr.gov.br\/index.php\/assinada-ordem-de-servico-para-obras-no-cemiterio-municipal-padre-symphoriano-kopf\/","url":"https:\/\/www.cambe.pr.gov.br\/index.php\/assinada-ordem-de-servico-para-obras-no-cemiterio-municipal-padre-symphoriano-kopf\/","name":"Assinada ordem de servi\u00e7o para obras no Cemit\u00e9rio Municipal Padre Symphoriano Kopf - Prefeitura de Camb\u00e9","isPartOf":{"@id":"https:\/\/www.cambe.pr.gov.br\/#website"},"primaryImageOfPage":{"@id":"https:\/\/www.cambe.pr.gov.br\/index.php\/assinada-ordem-de-servico-para-obras-no-cemiterio-municipal-padre-symphoriano-kopf\/#primaryimage"},"image":{"@id":"https:\/\/www.cambe.pr.gov.br\/index.php\/assinada-ordem-de-servico-para-obras-no-cemiterio-municipal-padre-symphoriano-kopf\/#primaryimage"},"thumbnailUrl":"https:\/\/www.cambe.pr.gov.br\/wp-content\/uploads\/2024\/06\/DSC_0083-copiar-1024x683.jpg","datePublished":"2024-06-05T20:04:50+00:00","dateModified":"2024-10-07T16:01:50+00:00","breadcrumb":{"@id":"https:\/\/www.cambe.pr.gov.br\/index.php\/assinada-ordem-de-servico-para-obras-no-cemiterio-municipal-padre-symphoriano-kopf\/#breadcrumb"},"inLanguage":"pt-BR","potentialAction":[{"@type":"ReadAction","target":["https:\/\/www.cambe.pr.gov.br\/index.php\/assinada-ordem-de-servico-para-obras-no-cemiterio-municipal-padre-symphoriano-kopf\/"]}]},{"@type":"ImageObject","inLanguage":"pt-BR","@id":"https:\/\/www.cambe.pr.gov.br\/index.php\/assinada-ordem-de-servico-para-obras-no-cemiterio-municipal-padre-symphoriano-kopf\/#primaryimage","url":"https:\/\/www.cambe.pr.gov.br\/wp-content\/uploads\/2024\/06\/DSC_0083-copiar.jpg","contentUrl":"https:\/\/www.cambe.pr.gov.br\/wp-content\/uploads\/2024\/06\/DSC_0083-copiar.jpg","width":1368,"height":912},{"@type":"BreadcrumbList","@id":"https:\/\/www.cambe.pr.gov.br\/index.php\/assinada-ordem-de-servico-para-obras-no-cemiterio-municipal-padre-symphoriano-kopf\/#breadcrumb","itemListElement":[{"@type":"ListItem","position":1,"name":"In\u00edcio","item":"https:\/\/www.cambe.pr.gov.br\/"},{"@type":"ListItem","position":2,"name":"Assinada ordem de servi\u00e7o para obras no Cemit\u00e9rio Municipal Padre Symphoriano Kopf"}]},{"@type":"WebSite","@id":"https:\/\/www.cambe.pr.gov.br\/#website","url":"https:\/\/www.cambe.pr.gov.br\/","name":"Prefeitura de Camb\u00e9","description":"UM GOVERNO PARA TODOS","publisher":{"@id":"https:\/\/www.cambe.pr.gov.br\/#organization"},"potentialAction":[{"@type":"SearchAction","target":{"@type":"EntryPoint","urlTemplate":"https:\/\/www.cambe.pr.gov.br\/?s={search_term_string}"},"query-input":{"@type":"PropertyValueSpecification","valueRequired":true,"valueName":"search_term_string"}}],"inLanguage":"pt-BR"},{"@type":"Organization","@id":"https:\/\/www.cambe.pr.gov.br\/#organization","name":"Prefeitura de Camb\u00e9","url":"https:\/\/www.cambe.pr.gov.br\/","logo":{"@type":"ImageObject","inLanguage":"pt-BR","@id":"https:\/\/www.cambe.pr.gov.br\/#\/schema\/logo\/image\/","url":"https:\/\/www.cambe.pr.gov.br\/wp-content\/uploads\/2021\/01\/cropped-cropped-cambe_brazao-icone.png","contentUrl":"https:\/\/www.cambe.pr.gov.br\/wp-content\/uploads\/2021\/01\/cropped-cropped-cambe_brazao-icone.png","width":240,"height":240,"caption":"Prefeitura de Camb\u00e9"},"image":{"@id":"https:\/\/www.cambe.pr.gov.br\/#\/schema\/logo\/image\/"},"sameAs":["https:\/\/m.facebook.com\/prefeituradecambe"]},{"@type":"Person","@id":"https:\/\/www.cambe.pr.gov.br\/#\/schema\/person\/8e3ee69cb2cadf4b9f8377407227effd","name":"Vinicius Augusto Batista Eira","image":{"@type":"ImageObject","inLanguage":"pt-BR","@id":"https:\/\/secure.gravatar.com\/avatar\/1ec500de7013b30e1d4d7c8c3978f0e4433c37e5d5e4cd186239369c6440122b?s=96&d=mm&r=g","url":"https:\/\/secure.gravatar.com\/avatar\/1ec500de7013b30e1d4d7c8c3978f0e4433c37e5d5e4cd186239369c6440122b?s=96&d=mm&r=g","contentUrl":"https:\/\/secure.gravatar.com\/avatar\/1ec500de7013b30e1d4d7c8c3978f0e4433c37e5d5e4cd186239369c6440122b?s=96&d=mm&r=g","caption":"Vinicius Augusto Batista Eira"},"url":"https:\/\/www.cambe.pr.gov.br\/index.php\/author\/vabeira\/"}]}},"_links":{"self":[{"href":"https:\/\/www.cambe.pr.gov.br\/index.php\/wp-json\/wp\/v2\/posts\/14730","targetHints":{"allow":["GET"]}}],"collection":[{"href":"https:\/\/www.cambe.pr.gov.br\/index.php\/wp-json\/wp\/v2\/posts"}],"about":[{"href":"https:\/\/www.cambe.pr.gov.br\/index.php\/wp-json\/wp\/v2\/types\/post"}],"author":[{"embeddable":true,"href":"https:\/\/www.cambe.pr.gov.br\/index.php\/wp-json\/wp\/v2\/users\/16"}],"replies":[{"embeddable":true,"href":"https:\/\/www.cambe.pr.gov.br\/index.php\/wp-json\/wp\/v2\/comments?post=14730"}],"version-history":[{"count":2,"href":"https:\/\/www.cambe.pr.gov.br\/index.php\/wp-json\/wp\/v2\/posts\/14730\/revisions"}],"predecessor-version":[{"id":14733,"href":"https:\/\/www.cambe.pr.gov.br\/index.php\/wp-json\/wp\/v2\/posts\/14730\/revisions\/14733"}],"wp:attachment":[{"href":"https:\/\/www.cambe.pr.gov.br\/index.php\/wp-json\/wp\/v2\/media?parent=14730"}],"wp:term":[{"taxonomy":"category","embeddable":true,"href":"https:\/\/www.cambe.pr.gov.br\/index.php\/wp-json\/wp\/v2\/categories?post=14730"},{"taxonomy":"post_tag","embeddable":true,"href":"https:\/\/www.cambe.pr.gov.br\/index.php\/wp-json\/wp\/v2\/tags?post=14730"}],"curies":[{"name":"wp","href":"https:\/\/api.w.org\/{rel}","templated":true}]}}