{"id":14621,"date":"2024-05-23T14:40:34","date_gmt":"2024-05-23T17:40:34","guid":{"rendered":"https:\/\/www.cambe.pr.gov.br\/?p=14621"},"modified":"2024-10-07T13:01:39","modified_gmt":"2024-10-07T16:01:39","slug":"em-evento-historico-prefeitura-e-governo-do-estado-anunciam-mais-de-r-114-milhoes-de-investimento-em-cambe","status":"publish","type":"post","link":"https:\/\/www.cambe.pr.gov.br\/index.php\/em-evento-historico-prefeitura-e-governo-do-estado-anunciam-mais-de-r-114-milhoes-de-investimento-em-cambe\/","title":{"rendered":"Em evento hist\u00f3rico, Prefeitura e governo do Estado anunciam mais de R$ 114 milh\u00f5es de investimento em Camb\u00e9"},"content":{"rendered":"<p style=\"text-align: justify;\"><span style=\"font-weight: 400; font-family: arial, helvetica, sans-serif;\"><img fetchpriority=\"high\" decoding=\"async\" class=\"alignleft size-large wp-image-14624\" src=\"https:\/\/www.cambe.pr.gov.br\/wp-content\/uploads\/2024\/05\/DSC_0092-1024x678.jpg\" alt=\"\" width=\"610\" height=\"404\" srcset=\"https:\/\/www.cambe.pr.gov.br\/wp-content\/uploads\/2024\/05\/DSC_0092-1024x678.jpg 1024w, https:\/\/www.cambe.pr.gov.br\/wp-content\/uploads\/2024\/05\/DSC_0092-300x199.jpg 300w, https:\/\/www.cambe.pr.gov.br\/wp-content\/uploads\/2024\/05\/DSC_0092-768x509.jpg 768w, https:\/\/www.cambe.pr.gov.br\/wp-content\/uploads\/2024\/05\/DSC_0092-1536x1017.jpg 1536w, https:\/\/www.cambe.pr.gov.br\/wp-content\/uploads\/2024\/05\/DSC_0092-2048x1356.jpg 2048w\" sizes=\"(max-width: 610px) 100vw, 610px\" \/>A Prefeitura de Camb\u00e9 e o governo do Paran\u00e1 anunciaram o lan\u00e7amento do pacote Camb\u00e9 em Obras. O evento apresentou mais de R$ 114 milh\u00f5es em obras e melhorias em todo o munic\u00edpio, e contou com a presen\u00e7a do prefeito Conrado Scheller, vereadores, autoridades locais e do Estado, deputados federais e estaduais, comunidade geral e tamb\u00e9m do governador do Paran\u00e1 Ratinho Junior.<\/span><\/p>\n<p style=\"text-align: justify;\"><span style=\"font-weight: 400; font-family: arial, helvetica, sans-serif;\">Ao todo, ser\u00e3o investidos nos pr\u00f3ximos meses R$ 114.439.047,67 em 35 obras no munic\u00edpio. A lista contempla melhorias em infraestrutura, asfalto, constru\u00e7\u00e3o de centros educacionais, unidades de sa\u00fade, pistas de caminhada, espa\u00e7os esportivos e culturais, melhorias de espa\u00e7os p\u00fablicos, ilumina\u00e7\u00e3o p\u00fablica, seguran\u00e7a, saneamento b\u00e1sico e compra de ve\u00edculos. Confira todas as obras e investimentos abaixo.<\/span><\/p>\n<p style=\"text-align: justify;\"><span style=\"font-weight: 400; font-family: arial, helvetica, sans-serif;\">O prefeito Conrado Scheller salientou que esse \u00e9 um investimento que segue o projeto de governo de reconstru\u00e7\u00e3o da cidade de Camb\u00e9. \u201cIsso porque tem obras contemplam todas as \u00e1reas como lazer, sa\u00fade, esporte, seguran\u00e7a p\u00fablica e outros. E \u00e9 fundamental ter o governador Ratinho J\u00fanior aqui para esse an\u00fancio, j\u00e1 que ele \u00e9 o governador mais presente da hist\u00f3ria de Camb\u00e9. J\u00e1 veio aqui v\u00e1rias vezes, e sempre que vem, deixa algum presente para a nossa cidade. \u00c9 um governador que cuida da gente. Agora o nosso munic\u00edpio vai ficar muito melhor. S\u00e3o obras que s\u00e3o para as pessoas, investimentos que no final das contas ficam para a popula\u00e7\u00e3o, para o pai, a m\u00e3e, todo cambeense\u201d, disse.<\/span><\/p>\n<p style=\"text-align: justify;\"><span style=\"font-weight: 400; font-family: arial, helvetica, sans-serif;\">\u201c\u00c9 uma honra especial estar em Camb\u00e9, que \u00e9 uma cidade que vem crescendo muito, e passou a ser uma das cidades economicamente mais importantes do estado, justamente pelo seu crescimento econ\u00f4mico e de popula\u00e7\u00e3o. E atrav\u00e9s dessa parceria com a Prefeitura, com o prefeito Conrado, estamos anunciando este pacote que vai desde novas unidades escolares, sede nova da Pol\u00edcia Militar, entrega do projeto do Viaduto da Esperan\u00e7a, que s\u00f3 depende da anu\u00eancia do governo Federal e v\u00e1rios outros projetos importantes para o cidad\u00e3o cambeense. \u00c9 um pacote de v\u00e1rios investimentos para educa\u00e7\u00e3o, seguran\u00e7a p\u00fablica, infraestrutura, que vem para seguir transformando Camb\u00e9\u201d, expressou o governador do Estado, Ratinho Junior.<\/span><\/p>\n<p>&nbsp;<\/p>\n<p style=\"text-align: justify;\"><strong><span style=\"font-family: arial, helvetica, sans-serif;\">Esporte e lazer:<\/span><\/strong><\/p>\n<p style=\"text-align: justify;\"><span style=\"font-weight: 400; font-family: arial, helvetica, sans-serif;\">O cidad\u00e3o cambeense vai passar a ter uma s\u00e9rie de novas op\u00e7\u00f5es para a pr\u00e1tica de esporte e lazer em fam\u00edlia, em diversas regi\u00f5es do munic\u00edpio. Um local muito aguardado pela popula\u00e7\u00e3o foi a Arena Ana Rosa. E com um investimento de R$ 408.255,00 est\u00e1 sendo constru\u00edda uma arena multiuso, localizada na Avenida Marcelino Gonzales, que ir\u00e1 contar com campo de grama sint\u00e9tica, meia quadra de basquete e arquibancada, em uma \u00e1rea de 1.470,00 m\u00b2.<\/span><\/p>\n<p style=\"text-align: justify;\"><span style=\"font-weight: 400; font-family: arial, helvetica, sans-serif;\"><img decoding=\"async\" class=\"alignleft size-large wp-image-14625\" src=\"https:\/\/www.cambe.pr.gov.br\/wp-content\/uploads\/2024\/05\/DSC_0135-1024x678.jpg\" alt=\"\" width=\"610\" height=\"404\" srcset=\"https:\/\/www.cambe.pr.gov.br\/wp-content\/uploads\/2024\/05\/DSC_0135-1024x678.jpg 1024w, https:\/\/www.cambe.pr.gov.br\/wp-content\/uploads\/2024\/05\/DSC_0135-300x199.jpg 300w, https:\/\/www.cambe.pr.gov.br\/wp-content\/uploads\/2024\/05\/DSC_0135-768x509.jpg 768w, https:\/\/www.cambe.pr.gov.br\/wp-content\/uploads\/2024\/05\/DSC_0135-1536x1017.jpg 1536w, https:\/\/www.cambe.pr.gov.br\/wp-content\/uploads\/2024\/05\/DSC_0135-2048x1356.jpg 2048w\" sizes=\"(max-width: 610px) 100vw, 610px\" \/>Os ciclistas tamb\u00e9m ter\u00e3o novas oportunidades para andar de bicicleta dentro do munic\u00edpio. O Ana Rosa ter\u00e1 uma ciclovia na Avenida Ant\u00f4nio Raminelli, no trecho entre as Ruas Avelino Jos\u00e9 da Silva e Santo Ant\u00f4nio, com aproximadamente dois quil\u00f4metros de extens\u00e3o. O valor de licita\u00e7\u00e3o \u00e9 de R$ 1.436.926,08. Outra ciclovia ser\u00e1 feita no Santo Amaro, na Avenida Gabriel Freceiro de Miranda, entre a BR-369 e a Avenida Pedro Viriato Parigot de Souza. S\u00e3o aproximadamente 1,5 quil\u00f4metro, com investimento de R$ 1.290.310,50.<\/span><\/p>\n<p style=\"text-align: justify;\"><span style=\"font-weight: 400; font-family: arial, helvetica, sans-serif;\">E para trazer espa\u00e7os ideais para garantir a divers\u00e3o de toda a fam\u00edlia, s\u00e3o previstos mais dois Espa\u00e7os Familias. O primeiro, no Santa Isabel, na Rua S\u00e3o Benedito. O projeto do Espa\u00e7o Fam\u00edlia prev\u00ea a constru\u00e7\u00e3o de parque infantil, quadras de areia, cal\u00e7adas internas, escadas e pra\u00e7as, al\u00e9m da reforma da quadra poliesportiva, banheiro, cal\u00e7adas e arquibancadas. A \u00e1rea total \u00e9 de 3.235,79 m\u00b2 com valor de licita\u00e7\u00e3o de R$ 2.067.775,21. O outro Espa\u00e7o fica no Castelo Branco, na Rua Bento Munhoz da Rocha Neto. O projeto prev\u00ea a constru\u00e7\u00e3o de duas quadras de areia, academia para a terceira idade, tr\u00eas pra\u00e7as internas, banheiros, pista de skate, al\u00e9m da reforma da quadra poliesportiva e arquibancadas no valor de R$ 1.840.502,86.<\/span><\/p>\n<p style=\"text-align: justify;\"><span style=\"font-weight: 400; font-family: arial, helvetica, sans-serif;\">As crian\u00e7as tamb\u00e9m ir\u00e3o contar com op\u00e7\u00f5es para brincar. Uma das licita\u00e7\u00f5es prev\u00ea a contrata\u00e7\u00e3o de uma empresa para aquisi\u00e7\u00e3o e instala\u00e7\u00e3o de parques infantis com piso em Camb\u00e9, com valor m\u00e1ximo unit\u00e1rio de R$ 299.180,00 e valor m\u00e1ximo da contrata\u00e7\u00e3o de R$ 1.495.900,00. O prazo de vig\u00eancia contratual \u00e9 de dois anos. Al\u00e9m disso, a Prefeitura tamb\u00e9m fechar\u00e1 um contrato com a Companhia de Desenvolvimento de Camb\u00e9 (COMDEC), para execu\u00e7\u00e3o de bases de brita graduada para instala\u00e7\u00e3o dos parques no valor de R$ 123.705,59.<\/span><\/p>\n<p style=\"text-align: justify;\"><span style=\"font-weight: 400; font-family: arial, helvetica, sans-serif;\">E para voc\u00ea que gosta de caminhar, contemplar um espa\u00e7o verde e arborizado e ter em troca muitos benef\u00edcios para a sua sa\u00fade, o Camb\u00e9 em Obras prev\u00ea a constru\u00e7\u00e3o de pistas de caminhada em quatro pontos da cidade. A primeira, no Morada do Sol, junto ao fundo de vale do C\u00f3rrego da Gl\u00f3ria, com trechos nas Ruas Miguel Arcanjo Maz\u00e3o, Alemanha, M\u00e9xico e Avenida Canad\u00e1. O valor global \u00e9 de R$ 699.786,34, com \u00e1rea total de 1.901,13 m\u00b2, sendo 1.698,13 m\u00b2 de constru\u00e7\u00e3o e 203,00 m\u00b2 de reforma. Outra ser\u00e1 constru\u00edda junto ao fundo de vale do Ribeir\u00e3o Camb\u00e9, ao longo da Rua Manoel da Borba Gato no Jardim Silvino. A pista vai da Associa\u00e7\u00e3o dos Moradores do Jardim Silvino at\u00e9 pr\u00f3ximo a Rua Nicolau Nasser. O valor global \u00e9 de R$ 983.449,10, com \u00e1rea total prevista de 2.090,97 m\u00b2. E ainda com projetos sendo desenvolvidos, teremos uma pista no Jardim Cristal, com investimento de R$ 381.755,91; e pistas de caminhada no futuro Parque Jo\u00e3o Paulo II, o Conrad\u00e3o com investimento de R$ 2.548.657,40.<\/span><\/p>\n<p>&nbsp;<\/p>\n<p style=\"text-align: justify;\"><strong><span style=\"font-family: arial, helvetica, sans-serif;\">Infraestrutura e asfalto:<\/span><\/strong><\/p>\n<p style=\"text-align: justify;\"><span style=\"font-weight: 400; font-family: arial, helvetica, sans-serif;\">Quanto melhor o asfalto, mais fluidez e seguran\u00e7a no tr\u00e2nsito para todos os cambeenses. E com isso, tem muita obra de infraestrutura vi\u00e1ria chegando em Camb\u00e9. Come\u00e7ando por uma muito aguardada e que j\u00e1 est\u00e1 em pleno vapor, o recape da Avenida Jos\u00e9 Bonif\u00e1cio. O servi\u00e7o inclui e recupera\u00e7\u00e3o de toda a via, com 38.073,59 m\u00b2, e tamb\u00e9m o alargamento do trecho entre as Ruas Portugal e Belo Horizonte, no total de 1.773,91 m\u00b2; a constru\u00e7\u00e3o de 1.133,37 m\u00b2 de cal\u00e7adas; e toda a sinaliza\u00e7\u00e3o vi\u00e1ria. O valor da obra \u00e9 R$ 4.599.999,00, trazendo benef\u00edcios para moradores, funcion\u00e1rios das empresas pr\u00f3ximas e quem vai de Camb\u00e9 \u00e0 Rol\u00e2ndia.<\/span><\/p>\n<p style=\"text-align: justify;\"><span style=\"font-weight: 400; font-family: arial, helvetica, sans-serif;\">O cruzamento da Avenida Francisco Delgado Sanches com a Rua Belo Horizonte tamb\u00e9m j\u00e1 est\u00e1 em obras. A Belo Horizonte ser\u00e1 alargada, e ter\u00e1 uma rotat\u00f3ria. O servi\u00e7o totaliza 610,19 m\u00b2 de pavimenta\u00e7\u00e3o asf\u00e1ltica, 3.160,09m\u00b2 de recape asf\u00e1ltico e 346,60m\u00b2 de cal\u00e7adas no valor de R$ 377.999,46.<\/span><\/p>\n<p style=\"text-align: justify;\"><span style=\"font-weight: 400; font-family: arial, helvetica, sans-serif;\">A Belo Horizonte tamb\u00e9m passar\u00e1 por recape asf\u00e1ltico em CBUQ em outro trecho,\u00a0 entre a Rua Par\u00e1 e rotat\u00f3ria da Avenida Roberto Concei\u00e7\u00e3o, totalizando 13.112,85 m2, e incluindo tamb\u00e9m servi\u00e7os preliminares, terraplenagem, base e sub-base, revestimento, meio-fio e sarjeta, urbaniza\u00e7\u00e3o, sinaliza\u00e7\u00e3o de tr\u00e2nsito, drenagem e ensaios tecnol\u00f3gicos, por R$ 845.536,48. Soma-se ao mesmo contrato, o recape em CBUQ de 29.970,83 m\u00b2 e mesmos servi\u00e7os na Avenida Esperan\u00e7a, entre a Avenida Roberto Concei\u00e7\u00e3o e a BR-369; e entre as Ruas Alexander Von Humbolt e Rio Paran\u00e1. Valor \u00e9 de R$ 2.582.141,01, totalizando R$ 3.427.677,49.<\/span><\/p>\n<p style=\"text-align: justify;\"><span style=\"font-weight: 400; font-family: arial, helvetica, sans-serif;\">Ainda em fase de elabora\u00e7\u00e3o de projeto pela equipe de engenharia da Prefeitura, est\u00e1 a obra de constru\u00e7\u00e3o de uma rotat\u00f3ria na Avenida Roberto Concei\u00e7\u00e3o, que tamb\u00e9m contempla alargamento da Rua S\u00e3o Judas Tadeu e prolongamento da Rua Santa Luzia. O investimento previsto \u00e9 de R$ 2.3 milh\u00f5es, divididos entre a Prefeitura e a Uni\u00e3o atrav\u00e9s do Financiamento \u00e0 Infraestrutura e ao Saneamento (Finisa).<\/span><\/p>\n<p style=\"text-align: justify;\"><span style=\"font-weight: 400; font-family: arial, helvetica, sans-serif;\">E tem obra muito aguardada podendo vir por a\u00ed tamb\u00e9m. O projeto do Viaduto Esperan\u00e7a, no cruzamento da Avenida da Esperan\u00e7a com a BR-369 j\u00e1 foi apresentado ao governo Estadual e s\u00f3 depende de uma aprova\u00e7\u00e3o do Departamento Nacional de Infraestrutura de Transportes (DNIT). O investimento previsto do governo Estadual \u00e9 de R$ 25 milh\u00f5es.<\/span><\/p>\n<p>&nbsp;<\/p>\n<p style=\"text-align: justify;\"><strong><span style=\"font-family: arial, helvetica, sans-serif;\">Seguran\u00e7a:<\/span><\/strong><\/p>\n<p style=\"text-align: justify;\"><span style=\"font-weight: 400; font-family: arial, helvetica, sans-serif;\"><img decoding=\"async\" class=\"alignleft size-large wp-image-14626\" src=\"https:\/\/www.cambe.pr.gov.br\/wp-content\/uploads\/2024\/05\/DSC_0106-1024x679.jpg\" alt=\"\" width=\"610\" height=\"404\" srcset=\"https:\/\/www.cambe.pr.gov.br\/wp-content\/uploads\/2024\/05\/DSC_0106-1024x679.jpg 1024w, https:\/\/www.cambe.pr.gov.br\/wp-content\/uploads\/2024\/05\/DSC_0106-300x199.jpg 300w, https:\/\/www.cambe.pr.gov.br\/wp-content\/uploads\/2024\/05\/DSC_0106-768x509.jpg 768w, https:\/\/www.cambe.pr.gov.br\/wp-content\/uploads\/2024\/05\/DSC_0106-1536x1018.jpg 1536w, https:\/\/www.cambe.pr.gov.br\/wp-content\/uploads\/2024\/05\/DSC_0106-2048x1357.jpg 2048w\" sizes=\"(max-width: 610px) 100vw, 610px\" \/>Outro projeto que j\u00e1 est\u00e1 sendo implementado \u00e9 o Camb\u00e9 + Segura, com a instala\u00e7\u00e3o de c\u00e2meras de monitoramento para auxiliar nos servi\u00e7os de seguran\u00e7a p\u00fablica no munic\u00edpio. Para isso, foi contratada uma empresa especializada em presta\u00e7\u00e3o de servi\u00e7o de instala\u00e7\u00e3o de postes e padr\u00e3o eletrico, loca\u00e7\u00e3o de nobreak, loca\u00e7\u00e3o de link de dados em fibra \u2013 GPON e r\u00e1dio, videomonitoramento, sistema de an\u00e1lise e CFTV, LAP, coleta de imagens, transmiss\u00e3o de imagens, fornecimento de licen\u00e7as, aquisi\u00e7\u00e3o de equipamentos e materiais, instala\u00e7\u00e3o, treinamento, manuten\u00e7\u00e3o e reposi\u00e7\u00e3o de pe\u00e7as no valor de R$ 3.334.737,10.<\/span><\/p>\n<p style=\"text-align: justify;\"><span style=\"font-weight: 400; font-family: arial, helvetica, sans-serif;\">Ao todo, o sistema de monitoramento contar\u00e1 com mais de 200 c\u00e2meras de captura de imagens (Fixa e PTZ) que ser\u00e3o espalhadas pelo munic\u00edpio, al\u00e9m de todos os equipamentos necess\u00e1rios para que se tenha um padr\u00e3o de imagem ideal, com qualidade de transmiss\u00e3o dos dados e imagens, softwares, licen\u00e7as e sala de monitoramento completa e bem equipada na Prefeitura.<\/span><\/p>\n<p style=\"text-align: justify;\"><span style=\"font-weight: 400; font-family: arial, helvetica, sans-serif;\">E tem mais investimento na dobradinha com o governo do Estado, que far\u00e1 a constru\u00e7\u00e3o da sede da Pol\u00edcia Militar em Camb\u00e9, em um investimento previsto de R$ 2.941.716,90.<\/span><\/p>\n<p>&nbsp;<\/p>\n<p style=\"text-align: justify;\"><strong><span style=\"font-family: arial, helvetica, sans-serif;\">Sa\u00fade:<\/span><\/strong><\/p>\n<p style=\"text-align: justify;\"><span style=\"font-weight: 400; font-family: arial, helvetica, sans-serif;\">Camb\u00e9 tamb\u00e9m \u00e9 mais sa\u00fade, e o pacote de obras prev\u00ea mais dois investimentos que ser\u00e3o essenciais para a popula\u00e7\u00e3o. Ainda em est\u00e1gio inicial de licita\u00e7\u00e3o est\u00e3o o Pronto Atendimento Municipal (PAM), que ficar\u00e1 na Rua Tiet\u00ea, Jardim Santo Andr\u00e9, com valor global de R$ 5.053.804,03, pagos pela Prefeitura junto com o governo do Estado; e tamb\u00e9m a Unidade B\u00e1sica de Sa\u00fade (UBS) do Jardim Arauc\u00e1ria, abastecendo a regi\u00e3o noroeste do munic\u00edpio, no valor de R$ 3.090.408,00, tamb\u00e9m divididos entre a Prefeitura e o Estado.<\/span><\/p>\n<p>&nbsp;<\/p>\n<p style=\"text-align: justify;\"><strong><span style=\"font-family: arial, helvetica, sans-serif;\">Educa\u00e7\u00e3o:<\/span><\/strong><\/p>\n<p style=\"text-align: justify;\"><span style=\"font-weight: 400; font-family: arial, helvetica, sans-serif;\">Investir na educa\u00e7\u00e3o \u00e9 investir no futuro, e mais dois centros educacionais j\u00e1 est\u00e3o com as ordens de servi\u00e7o assinadas e com tudo certo para as obras iniciarem. A primeira \u00e9 o Centro Municipal de Educa\u00e7\u00e3o Infantil (CMEI) do Ana Rosa, na Avenida Marcelino Gonzales, no valor de R$ 3.116.869,05. E tamb\u00e9m a constru\u00e7\u00e3o da nova sede da Escola Municipal no Jardim Santa Isabel, com previs\u00e3o de investimento de R$ 4.129.644,20 para a edifica\u00e7\u00e3o escolar com \u00e1rea de 1.393,64 m\u00b2, que passar\u00e1 a contar com seis salas de aula, quadra poliesportiva coberta, sala de inform\u00e1tica, sala de leitura, \u00e1rea administrativa, cozinha, p\u00e1tio coberto e descoberto.<\/span><\/p>\n<p>&nbsp;<\/p>\n<p style=\"text-align: justify;\"><strong><span style=\"font-family: arial, helvetica, sans-serif;\">Espa\u00e7os p\u00fablicos:<\/span><\/strong><\/p>\n<p><img loading=\"lazy\" decoding=\"async\" class=\"alignleft size-large wp-image-14627\" style=\"font-size: 16px; text-align: justify;\" src=\"https:\/\/www.cambe.pr.gov.br\/wp-content\/uploads\/2024\/05\/DSC_0165-1024x678.jpg\" alt=\"\" width=\"610\" height=\"404\" srcset=\"https:\/\/www.cambe.pr.gov.br\/wp-content\/uploads\/2024\/05\/DSC_0165-1024x678.jpg 1024w, https:\/\/www.cambe.pr.gov.br\/wp-content\/uploads\/2024\/05\/DSC_0165-300x199.jpg 300w, https:\/\/www.cambe.pr.gov.br\/wp-content\/uploads\/2024\/05\/DSC_0165-768x509.jpg 768w, https:\/\/www.cambe.pr.gov.br\/wp-content\/uploads\/2024\/05\/DSC_0165-1536x1017.jpg 1536w, https:\/\/www.cambe.pr.gov.br\/wp-content\/uploads\/2024\/05\/DSC_0165-2048x1356.jpg 2048w\" sizes=\"(max-width: 610px) 100vw, 610px\" \/><\/p>\n<p style=\"text-align: justify;\"><span style=\"font-weight: 400; font-family: arial, helvetica, sans-serif;\">Camb\u00e9 segue com investimento para ter 100% da sua ilumina\u00e7\u00e3o p\u00fablica em LED e j\u00e1 tem mais licita\u00e7\u00f5es encaminhadas, com para a contrata\u00e7\u00e3o da empresa para presta\u00e7\u00e3o de servi\u00e7os operacionais com m\u00e3o de obra, equipamentos e materiais para a execu\u00e7\u00e3o de servi\u00e7os: montagem e instala\u00e7\u00e3o de equipamentos de Ilumina\u00e7\u00e3o P\u00fablica no valor de R$ 3.422.787,80; a etapa tr\u00eas da programa\u00e7\u00e3o de instala\u00e7\u00e3o, que est\u00e1 em est\u00e1gio inicial de licita\u00e7\u00e3o e prev\u00ea o investimento de mais R$ 4.623.489,34; e tamb\u00e9m a contrata\u00e7\u00e3o de uma empresa para instala\u00e7\u00e3o da ilumina\u00e7\u00e3o em espa\u00e7os p\u00fablicos como cal\u00e7ad\u00e3o, cemit\u00e9rio, acesso pela rodovia BR 369 ao Bratislava, parques municipais e outros, com lumin\u00e1rias de LED e instala\u00e7\u00e3o subterr\u00e2nea, no valor de R$ 7.476.608,52.<\/span><\/p>\n<p style=\"text-align: justify;\"><span style=\"font-weight: 400; font-family: arial, helvetica, sans-serif;\">Outro marco da cidade tamb\u00e9m ter\u00e1 reforma completa. A Pra\u00e7a Get\u00falio Vargas, no cora\u00e7\u00e3o de Camb\u00e9, passar\u00e1 por troca de pisos, constru\u00e7\u00e3o de escadas e rampas para acessibilidade, paisagismo, demoli\u00e7\u00e3o e constru\u00e7\u00e3o de novos banheiros que atendem tamb\u00e9m cadeirantes e comportem frald\u00e1rios, al\u00e9m da adequa\u00e7\u00e3o da cal\u00e7ada p\u00fablica para instala\u00e7\u00e3o de estacionamentos a 45\u00b0. O valor global da licita\u00e7\u00e3o \u00e9 de R$ 2.884.082,58 para a obra em uma \u00e1rea total de 4.025,00 m\u00b2. E tamb\u00e9m, mais R$ 818 mil ser\u00e1 destinado para reforma do chafariz.<\/span><\/p>\n<p style=\"text-align: justify;\"><span style=\"font-weight: 400; font-family: arial, helvetica, sans-serif;\">O Cemit\u00e9rio Municipal Padre Symphoriano Kopf \u00e9 mais um espa\u00e7o p\u00fablico que passar\u00e1 por reforma, com servi\u00e7os corretivos e emergenciais de demoli\u00e7\u00e3o e reconstru\u00e7\u00e3o dos banheiros p\u00fablicos e dos funcion\u00e1rios, reforma do pr\u00e9dio administrativo, reconstru\u00e7\u00e3o de parte do muro e constru\u00e7\u00e3o de um Portal de entrada no valor de R$ 409.994,90<\/span><\/p>\n<p style=\"text-align: justify;\"><span style=\"font-weight: 400; font-family: arial, helvetica, sans-serif;\">A Prefeitura tamb\u00e9m far\u00e1 a contrata\u00e7\u00e3o de uma empresa para constru\u00e7\u00e3o, reforma e manuten\u00e7\u00e3o, repara\u00e7\u00e3o, adapta\u00e7\u00e3o e moderniza\u00e7\u00e3o de instala\u00e7\u00f5es de pisos para pr\u00e9dios p\u00fablicos, em um investimento de R$ 1.525.832,30.<\/span><\/p>\n<p style=\"text-align: justify;\"><span style=\"font-weight: 400; font-family: arial, helvetica, sans-serif;\">Tamb\u00e9m est\u00e3o previstas obras de revitaliza\u00e7\u00e3o no Centro Cultural, com valor inicial de R$ 2.223.374,38; e no Cal\u00e7ad\u00e3o de Camb\u00e9, por R$ 2.9 milh\u00f5es, mas ainda em est\u00e1gio inicial de projetos.<\/span><\/p>\n<p>&nbsp;<\/p>\n<p style=\"text-align: justify;\"><strong><span style=\"font-family: arial, helvetica, sans-serif;\">Outros investimentos:<\/span><\/strong><\/p>\n<p style=\"text-align: justify;\"><span style=\"font-weight: 400; font-family: arial, helvetica, sans-serif;\">Ainda fazem parte do pacote, mais dois investimentos, sendo R$ 16 milh\u00f5es da Sanepar, para obras na infraestrutura de saneamento b\u00e1sico e meio ambiente em Camb\u00e9, atrav\u00e9s do Fundo de Investimento em Saneamento e Meio Ambiente; e a aquisi\u00e7\u00e3o de dois carros, tr\u00eas ambul\u00e2ncias e uma van, atrav\u00e9s de emenda parlamentar do deputado estadual Tiago Amaral, liberado por of\u00edcio, no valor de R$ 1.350.000,00.<\/span><\/p>\n","protected":false},"excerpt":{"rendered":"<p>A Prefeitura de Camb\u00e9 e o governo do Paran\u00e1 anunciaram o lan\u00e7amento do pacote Camb\u00e9 em Obras. O evento apresentou mais de R$ 114 milh\u00f5es em obras e melhorias em todo o munic\u00edpio, e contou com a presen\u00e7a do prefeito Conrado Scheller, vereadores, autoridades locais e do Estado, deputados federais e estaduais, comunidade geral e [&hellip;]<\/p>\n","protected":false},"author":16,"featured_media":0,"comment_status":"closed","ping_status":"open","sticky":false,"template":"","format":"standard","meta":{"ngg_post_thumbnail":0,"footnotes":""},"categories":[1],"tags":[],"class_list":["post-14621","post","type-post","status-publish","format-standard","hentry","category-principal"],"yoast_head":"<!-- This site is optimized with the Yoast SEO plugin v27.4 - https:\/\/yoast.com\/product\/yoast-seo-wordpress\/ -->\n<title>Em evento hist\u00f3rico, Prefeitura e governo do Estado anunciam mais de R$ 114 milh\u00f5es de investimento em Camb\u00e9 - Prefeitura de Camb\u00e9<\/title>\n<meta name=\"robots\" content=\"index, follow, max-snippet:-1, max-image-preview:large, max-video-preview:-1\" \/>\n<link rel=\"canonical\" href=\"https:\/\/www.cambe.pr.gov.br\/index.php\/em-evento-historico-prefeitura-e-governo-do-estado-anunciam-mais-de-r-114-milhoes-de-investimento-em-cambe\/\" \/>\n<meta property=\"og:locale\" content=\"pt_BR\" \/>\n<meta property=\"og:type\" content=\"article\" \/>\n<meta property=\"og:title\" content=\"Em evento hist\u00f3rico, Prefeitura e governo do Estado anunciam mais de R$ 114 milh\u00f5es de investimento em Camb\u00e9 - Prefeitura de Camb\u00e9\" \/>\n<meta property=\"og:description\" content=\"A Prefeitura de Camb\u00e9 e o governo do Paran\u00e1 anunciaram o lan\u00e7amento do pacote Camb\u00e9 em Obras. O evento apresentou mais de R$ 114 milh\u00f5es em obras e melhorias em todo o munic\u00edpio, e contou com a presen\u00e7a do prefeito Conrado Scheller, vereadores, autoridades locais e do Estado, deputados federais e estaduais, comunidade geral e [&hellip;]\" \/>\n<meta property=\"og:url\" content=\"https:\/\/www.cambe.pr.gov.br\/index.php\/em-evento-historico-prefeitura-e-governo-do-estado-anunciam-mais-de-r-114-milhoes-de-investimento-em-cambe\/\" \/>\n<meta property=\"og:site_name\" content=\"Prefeitura de Camb\u00e9\" \/>\n<meta property=\"article:publisher\" content=\"https:\/\/m.facebook.com\/prefeituradecambe\" \/>\n<meta property=\"article:published_time\" content=\"2024-05-23T17:40:34+00:00\" \/>\n<meta property=\"article:modified_time\" content=\"2024-10-07T16:01:39+00:00\" \/>\n<meta property=\"og:image\" content=\"https:\/\/www.cambe.pr.gov.br\/wp-content\/uploads\/2024\/05\/DSC_0092-1024x678.jpg\" \/>\n<meta name=\"author\" content=\"Vinicius Augusto Batista Eira\" \/>\n<meta name=\"twitter:card\" content=\"summary_large_image\" \/>\n<meta name=\"twitter:label1\" content=\"Escrito por\" \/>\n\t<meta name=\"twitter:data1\" content=\"Vinicius Augusto Batista Eira\" \/>\n\t<meta name=\"twitter:label2\" content=\"Est. tempo de leitura\" \/>\n\t<meta name=\"twitter:data2\" content=\"12 minutos\" \/>\n<script type=\"application\/ld+json\" class=\"yoast-schema-graph\">{\"@context\":\"https:\\\/\\\/schema.org\",\"@graph\":[{\"@type\":\"Article\",\"@id\":\"https:\\\/\\\/www.cambe.pr.gov.br\\\/index.php\\\/em-evento-historico-prefeitura-e-governo-do-estado-anunciam-mais-de-r-114-milhoes-de-investimento-em-cambe\\\/#article\",\"isPartOf\":{\"@id\":\"https:\\\/\\\/www.cambe.pr.gov.br\\\/index.php\\\/em-evento-historico-prefeitura-e-governo-do-estado-anunciam-mais-de-r-114-milhoes-de-investimento-em-cambe\\\/\"},\"author\":{\"name\":\"Vinicius Augusto Batista Eira\",\"@id\":\"https:\\\/\\\/www.cambe.pr.gov.br\\\/#\\\/schema\\\/person\\\/8e3ee69cb2cadf4b9f8377407227effd\"},\"headline\":\"Em evento hist\u00f3rico, Prefeitura e governo do Estado anunciam mais de R$ 114 milh\u00f5es de investimento em Camb\u00e9\",\"datePublished\":\"2024-05-23T17:40:34+00:00\",\"dateModified\":\"2024-10-07T16:01:39+00:00\",\"mainEntityOfPage\":{\"@id\":\"https:\\\/\\\/www.cambe.pr.gov.br\\\/index.php\\\/em-evento-historico-prefeitura-e-governo-do-estado-anunciam-mais-de-r-114-milhoes-de-investimento-em-cambe\\\/\"},\"wordCount\":2258,\"publisher\":{\"@id\":\"https:\\\/\\\/www.cambe.pr.gov.br\\\/#organization\"},\"image\":{\"@id\":\"https:\\\/\\\/www.cambe.pr.gov.br\\\/index.php\\\/em-evento-historico-prefeitura-e-governo-do-estado-anunciam-mais-de-r-114-milhoes-de-investimento-em-cambe\\\/#primaryimage\"},\"thumbnailUrl\":\"https:\\\/\\\/www.cambe.pr.gov.br\\\/wp-content\\\/uploads\\\/2024\\\/05\\\/DSC_0092-1024x678.jpg\",\"articleSection\":[\"Principal\"],\"inLanguage\":\"pt-BR\"},{\"@type\":\"WebPage\",\"@id\":\"https:\\\/\\\/www.cambe.pr.gov.br\\\/index.php\\\/em-evento-historico-prefeitura-e-governo-do-estado-anunciam-mais-de-r-114-milhoes-de-investimento-em-cambe\\\/\",\"url\":\"https:\\\/\\\/www.cambe.pr.gov.br\\\/index.php\\\/em-evento-historico-prefeitura-e-governo-do-estado-anunciam-mais-de-r-114-milhoes-de-investimento-em-cambe\\\/\",\"name\":\"Em evento hist\u00f3rico, Prefeitura e governo do Estado anunciam mais de R$ 114 milh\u00f5es de investimento em Camb\u00e9 - Prefeitura de Camb\u00e9\",\"isPartOf\":{\"@id\":\"https:\\\/\\\/www.cambe.pr.gov.br\\\/#website\"},\"primaryImageOfPage\":{\"@id\":\"https:\\\/\\\/www.cambe.pr.gov.br\\\/index.php\\\/em-evento-historico-prefeitura-e-governo-do-estado-anunciam-mais-de-r-114-milhoes-de-investimento-em-cambe\\\/#primaryimage\"},\"image\":{\"@id\":\"https:\\\/\\\/www.cambe.pr.gov.br\\\/index.php\\\/em-evento-historico-prefeitura-e-governo-do-estado-anunciam-mais-de-r-114-milhoes-de-investimento-em-cambe\\\/#primaryimage\"},\"thumbnailUrl\":\"https:\\\/\\\/www.cambe.pr.gov.br\\\/wp-content\\\/uploads\\\/2024\\\/05\\\/DSC_0092-1024x678.jpg\",\"datePublished\":\"2024-05-23T17:40:34+00:00\",\"dateModified\":\"2024-10-07T16:01:39+00:00\",\"breadcrumb\":{\"@id\":\"https:\\\/\\\/www.cambe.pr.gov.br\\\/index.php\\\/em-evento-historico-prefeitura-e-governo-do-estado-anunciam-mais-de-r-114-milhoes-de-investimento-em-cambe\\\/#breadcrumb\"},\"inLanguage\":\"pt-BR\",\"potentialAction\":[{\"@type\":\"ReadAction\",\"target\":[\"https:\\\/\\\/www.cambe.pr.gov.br\\\/index.php\\\/em-evento-historico-prefeitura-e-governo-do-estado-anunciam-mais-de-r-114-milhoes-de-investimento-em-cambe\\\/\"]}]},{\"@type\":\"ImageObject\",\"inLanguage\":\"pt-BR\",\"@id\":\"https:\\\/\\\/www.cambe.pr.gov.br\\\/index.php\\\/em-evento-historico-prefeitura-e-governo-do-estado-anunciam-mais-de-r-114-milhoes-de-investimento-em-cambe\\\/#primaryimage\",\"url\":\"https:\\\/\\\/www.cambe.pr.gov.br\\\/wp-content\\\/uploads\\\/2024\\\/05\\\/DSC_0092-scaled.jpg\",\"contentUrl\":\"https:\\\/\\\/www.cambe.pr.gov.br\\\/wp-content\\\/uploads\\\/2024\\\/05\\\/DSC_0092-scaled.jpg\",\"width\":2560,\"height\":1696},{\"@type\":\"BreadcrumbList\",\"@id\":\"https:\\\/\\\/www.cambe.pr.gov.br\\\/index.php\\\/em-evento-historico-prefeitura-e-governo-do-estado-anunciam-mais-de-r-114-milhoes-de-investimento-em-cambe\\\/#breadcrumb\",\"itemListElement\":[{\"@type\":\"ListItem\",\"position\":1,\"name\":\"In\u00edcio\",\"item\":\"https:\\\/\\\/www.cambe.pr.gov.br\\\/\"},{\"@type\":\"ListItem\",\"position\":2,\"name\":\"Em evento hist\u00f3rico, Prefeitura e governo do Estado anunciam mais de R$ 114 milh\u00f5es de investimento em Camb\u00e9\"}]},{\"@type\":\"WebSite\",\"@id\":\"https:\\\/\\\/www.cambe.pr.gov.br\\\/#website\",\"url\":\"https:\\\/\\\/www.cambe.pr.gov.br\\\/\",\"name\":\"Prefeitura de Camb\u00e9\",\"description\":\"UM GOVERNO PARA TODOS\",\"publisher\":{\"@id\":\"https:\\\/\\\/www.cambe.pr.gov.br\\\/#organization\"},\"potentialAction\":[{\"@type\":\"SearchAction\",\"target\":{\"@type\":\"EntryPoint\",\"urlTemplate\":\"https:\\\/\\\/www.cambe.pr.gov.br\\\/?s={search_term_string}\"},\"query-input\":{\"@type\":\"PropertyValueSpecification\",\"valueRequired\":true,\"valueName\":\"search_term_string\"}}],\"inLanguage\":\"pt-BR\"},{\"@type\":\"Organization\",\"@id\":\"https:\\\/\\\/www.cambe.pr.gov.br\\\/#organization\",\"name\":\"Prefeitura de Camb\u00e9\",\"url\":\"https:\\\/\\\/www.cambe.pr.gov.br\\\/\",\"logo\":{\"@type\":\"ImageObject\",\"inLanguage\":\"pt-BR\",\"@id\":\"https:\\\/\\\/www.cambe.pr.gov.br\\\/#\\\/schema\\\/logo\\\/image\\\/\",\"url\":\"https:\\\/\\\/www.cambe.pr.gov.br\\\/wp-content\\\/uploads\\\/2021\\\/01\\\/cropped-cropped-cambe_brazao-icone.png\",\"contentUrl\":\"https:\\\/\\\/www.cambe.pr.gov.br\\\/wp-content\\\/uploads\\\/2021\\\/01\\\/cropped-cropped-cambe_brazao-icone.png\",\"width\":240,\"height\":240,\"caption\":\"Prefeitura de Camb\u00e9\"},\"image\":{\"@id\":\"https:\\\/\\\/www.cambe.pr.gov.br\\\/#\\\/schema\\\/logo\\\/image\\\/\"},\"sameAs\":[\"https:\\\/\\\/m.facebook.com\\\/prefeituradecambe\"]},{\"@type\":\"Person\",\"@id\":\"https:\\\/\\\/www.cambe.pr.gov.br\\\/#\\\/schema\\\/person\\\/8e3ee69cb2cadf4b9f8377407227effd\",\"name\":\"Vinicius Augusto Batista Eira\",\"image\":{\"@type\":\"ImageObject\",\"inLanguage\":\"pt-BR\",\"@id\":\"https:\\\/\\\/secure.gravatar.com\\\/avatar\\\/1ec500de7013b30e1d4d7c8c3978f0e4433c37e5d5e4cd186239369c6440122b?s=96&d=mm&r=g\",\"url\":\"https:\\\/\\\/secure.gravatar.com\\\/avatar\\\/1ec500de7013b30e1d4d7c8c3978f0e4433c37e5d5e4cd186239369c6440122b?s=96&d=mm&r=g\",\"contentUrl\":\"https:\\\/\\\/secure.gravatar.com\\\/avatar\\\/1ec500de7013b30e1d4d7c8c3978f0e4433c37e5d5e4cd186239369c6440122b?s=96&d=mm&r=g\",\"caption\":\"Vinicius Augusto Batista Eira\"},\"url\":\"https:\\\/\\\/www.cambe.pr.gov.br\\\/index.php\\\/author\\\/vabeira\\\/\"}]}<\/script>\n<!-- \/ Yoast SEO plugin. -->","yoast_head_json":{"title":"Em evento hist\u00f3rico, Prefeitura e governo do Estado anunciam mais de R$ 114 milh\u00f5es de investimento em Camb\u00e9 - Prefeitura de Camb\u00e9","robots":{"index":"index","follow":"follow","max-snippet":"max-snippet:-1","max-image-preview":"max-image-preview:large","max-video-preview":"max-video-preview:-1"},"canonical":"https:\/\/www.cambe.pr.gov.br\/index.php\/em-evento-historico-prefeitura-e-governo-do-estado-anunciam-mais-de-r-114-milhoes-de-investimento-em-cambe\/","og_locale":"pt_BR","og_type":"article","og_title":"Em evento hist\u00f3rico, Prefeitura e governo do Estado anunciam mais de R$ 114 milh\u00f5es de investimento em Camb\u00e9 - Prefeitura de Camb\u00e9","og_description":"A Prefeitura de Camb\u00e9 e o governo do Paran\u00e1 anunciaram o lan\u00e7amento do pacote Camb\u00e9 em Obras. O evento apresentou mais de R$ 114 milh\u00f5es em obras e melhorias em todo o munic\u00edpio, e contou com a presen\u00e7a do prefeito Conrado Scheller, vereadores, autoridades locais e do Estado, deputados federais e estaduais, comunidade geral e [&hellip;]","og_url":"https:\/\/www.cambe.pr.gov.br\/index.php\/em-evento-historico-prefeitura-e-governo-do-estado-anunciam-mais-de-r-114-milhoes-de-investimento-em-cambe\/","og_site_name":"Prefeitura de Camb\u00e9","article_publisher":"https:\/\/m.facebook.com\/prefeituradecambe","article_published_time":"2024-05-23T17:40:34+00:00","article_modified_time":"2024-10-07T16:01:39+00:00","og_image":[{"url":"https:\/\/www.cambe.pr.gov.br\/wp-content\/uploads\/2024\/05\/DSC_0092-1024x678.jpg","type":"","width":"","height":""}],"author":"Vinicius Augusto Batista Eira","twitter_card":"summary_large_image","twitter_misc":{"Escrito por":"Vinicius Augusto Batista Eira","Est. tempo de leitura":"12 minutos"},"schema":{"@context":"https:\/\/schema.org","@graph":[{"@type":"Article","@id":"https:\/\/www.cambe.pr.gov.br\/index.php\/em-evento-historico-prefeitura-e-governo-do-estado-anunciam-mais-de-r-114-milhoes-de-investimento-em-cambe\/#article","isPartOf":{"@id":"https:\/\/www.cambe.pr.gov.br\/index.php\/em-evento-historico-prefeitura-e-governo-do-estado-anunciam-mais-de-r-114-milhoes-de-investimento-em-cambe\/"},"author":{"name":"Vinicius Augusto Batista Eira","@id":"https:\/\/www.cambe.pr.gov.br\/#\/schema\/person\/8e3ee69cb2cadf4b9f8377407227effd"},"headline":"Em evento hist\u00f3rico, Prefeitura e governo do Estado anunciam mais de R$ 114 milh\u00f5es de investimento em Camb\u00e9","datePublished":"2024-05-23T17:40:34+00:00","dateModified":"2024-10-07T16:01:39+00:00","mainEntityOfPage":{"@id":"https:\/\/www.cambe.pr.gov.br\/index.php\/em-evento-historico-prefeitura-e-governo-do-estado-anunciam-mais-de-r-114-milhoes-de-investimento-em-cambe\/"},"wordCount":2258,"publisher":{"@id":"https:\/\/www.cambe.pr.gov.br\/#organization"},"image":{"@id":"https:\/\/www.cambe.pr.gov.br\/index.php\/em-evento-historico-prefeitura-e-governo-do-estado-anunciam-mais-de-r-114-milhoes-de-investimento-em-cambe\/#primaryimage"},"thumbnailUrl":"https:\/\/www.cambe.pr.gov.br\/wp-content\/uploads\/2024\/05\/DSC_0092-1024x678.jpg","articleSection":["Principal"],"inLanguage":"pt-BR"},{"@type":"WebPage","@id":"https:\/\/www.cambe.pr.gov.br\/index.php\/em-evento-historico-prefeitura-e-governo-do-estado-anunciam-mais-de-r-114-milhoes-de-investimento-em-cambe\/","url":"https:\/\/www.cambe.pr.gov.br\/index.php\/em-evento-historico-prefeitura-e-governo-do-estado-anunciam-mais-de-r-114-milhoes-de-investimento-em-cambe\/","name":"Em evento hist\u00f3rico, Prefeitura e governo do Estado anunciam mais de R$ 114 milh\u00f5es de investimento em Camb\u00e9 - Prefeitura de Camb\u00e9","isPartOf":{"@id":"https:\/\/www.cambe.pr.gov.br\/#website"},"primaryImageOfPage":{"@id":"https:\/\/www.cambe.pr.gov.br\/index.php\/em-evento-historico-prefeitura-e-governo-do-estado-anunciam-mais-de-r-114-milhoes-de-investimento-em-cambe\/#primaryimage"},"image":{"@id":"https:\/\/www.cambe.pr.gov.br\/index.php\/em-evento-historico-prefeitura-e-governo-do-estado-anunciam-mais-de-r-114-milhoes-de-investimento-em-cambe\/#primaryimage"},"thumbnailUrl":"https:\/\/www.cambe.pr.gov.br\/wp-content\/uploads\/2024\/05\/DSC_0092-1024x678.jpg","datePublished":"2024-05-23T17:40:34+00:00","dateModified":"2024-10-07T16:01:39+00:00","breadcrumb":{"@id":"https:\/\/www.cambe.pr.gov.br\/index.php\/em-evento-historico-prefeitura-e-governo-do-estado-anunciam-mais-de-r-114-milhoes-de-investimento-em-cambe\/#breadcrumb"},"inLanguage":"pt-BR","potentialAction":[{"@type":"ReadAction","target":["https:\/\/www.cambe.pr.gov.br\/index.php\/em-evento-historico-prefeitura-e-governo-do-estado-anunciam-mais-de-r-114-milhoes-de-investimento-em-cambe\/"]}]},{"@type":"ImageObject","inLanguage":"pt-BR","@id":"https:\/\/www.cambe.pr.gov.br\/index.php\/em-evento-historico-prefeitura-e-governo-do-estado-anunciam-mais-de-r-114-milhoes-de-investimento-em-cambe\/#primaryimage","url":"https:\/\/www.cambe.pr.gov.br\/wp-content\/uploads\/2024\/05\/DSC_0092-scaled.jpg","contentUrl":"https:\/\/www.cambe.pr.gov.br\/wp-content\/uploads\/2024\/05\/DSC_0092-scaled.jpg","width":2560,"height":1696},{"@type":"BreadcrumbList","@id":"https:\/\/www.cambe.pr.gov.br\/index.php\/em-evento-historico-prefeitura-e-governo-do-estado-anunciam-mais-de-r-114-milhoes-de-investimento-em-cambe\/#breadcrumb","itemListElement":[{"@type":"ListItem","position":1,"name":"In\u00edcio","item":"https:\/\/www.cambe.pr.gov.br\/"},{"@type":"ListItem","position":2,"name":"Em evento hist\u00f3rico, Prefeitura e governo do Estado anunciam mais de R$ 114 milh\u00f5es de investimento em Camb\u00e9"}]},{"@type":"WebSite","@id":"https:\/\/www.cambe.pr.gov.br\/#website","url":"https:\/\/www.cambe.pr.gov.br\/","name":"Prefeitura de Camb\u00e9","description":"UM GOVERNO PARA TODOS","publisher":{"@id":"https:\/\/www.cambe.pr.gov.br\/#organization"},"potentialAction":[{"@type":"SearchAction","target":{"@type":"EntryPoint","urlTemplate":"https:\/\/www.cambe.pr.gov.br\/?s={search_term_string}"},"query-input":{"@type":"PropertyValueSpecification","valueRequired":true,"valueName":"search_term_string"}}],"inLanguage":"pt-BR"},{"@type":"Organization","@id":"https:\/\/www.cambe.pr.gov.br\/#organization","name":"Prefeitura de Camb\u00e9","url":"https:\/\/www.cambe.pr.gov.br\/","logo":{"@type":"ImageObject","inLanguage":"pt-BR","@id":"https:\/\/www.cambe.pr.gov.br\/#\/schema\/logo\/image\/","url":"https:\/\/www.cambe.pr.gov.br\/wp-content\/uploads\/2021\/01\/cropped-cropped-cambe_brazao-icone.png","contentUrl":"https:\/\/www.cambe.pr.gov.br\/wp-content\/uploads\/2021\/01\/cropped-cropped-cambe_brazao-icone.png","width":240,"height":240,"caption":"Prefeitura de Camb\u00e9"},"image":{"@id":"https:\/\/www.cambe.pr.gov.br\/#\/schema\/logo\/image\/"},"sameAs":["https:\/\/m.facebook.com\/prefeituradecambe"]},{"@type":"Person","@id":"https:\/\/www.cambe.pr.gov.br\/#\/schema\/person\/8e3ee69cb2cadf4b9f8377407227effd","name":"Vinicius Augusto Batista Eira","image":{"@type":"ImageObject","inLanguage":"pt-BR","@id":"https:\/\/secure.gravatar.com\/avatar\/1ec500de7013b30e1d4d7c8c3978f0e4433c37e5d5e4cd186239369c6440122b?s=96&d=mm&r=g","url":"https:\/\/secure.gravatar.com\/avatar\/1ec500de7013b30e1d4d7c8c3978f0e4433c37e5d5e4cd186239369c6440122b?s=96&d=mm&r=g","contentUrl":"https:\/\/secure.gravatar.com\/avatar\/1ec500de7013b30e1d4d7c8c3978f0e4433c37e5d5e4cd186239369c6440122b?s=96&d=mm&r=g","caption":"Vinicius Augusto Batista Eira"},"url":"https:\/\/www.cambe.pr.gov.br\/index.php\/author\/vabeira\/"}]}},"_links":{"self":[{"href":"https:\/\/www.cambe.pr.gov.br\/index.php\/wp-json\/wp\/v2\/posts\/14621","targetHints":{"allow":["GET"]}}],"collection":[{"href":"https:\/\/www.cambe.pr.gov.br\/index.php\/wp-json\/wp\/v2\/posts"}],"about":[{"href":"https:\/\/www.cambe.pr.gov.br\/index.php\/wp-json\/wp\/v2\/types\/post"}],"author":[{"embeddable":true,"href":"https:\/\/www.cambe.pr.gov.br\/index.php\/wp-json\/wp\/v2\/users\/16"}],"replies":[{"embeddable":true,"href":"https:\/\/www.cambe.pr.gov.br\/index.php\/wp-json\/wp\/v2\/comments?post=14621"}],"version-history":[{"count":4,"href":"https:\/\/www.cambe.pr.gov.br\/index.php\/wp-json\/wp\/v2\/posts\/14621\/revisions"}],"predecessor-version":[{"id":14629,"href":"https:\/\/www.cambe.pr.gov.br\/index.php\/wp-json\/wp\/v2\/posts\/14621\/revisions\/14629"}],"wp:attachment":[{"href":"https:\/\/www.cambe.pr.gov.br\/index.php\/wp-json\/wp\/v2\/media?parent=14621"}],"wp:term":[{"taxonomy":"category","embeddable":true,"href":"https:\/\/www.cambe.pr.gov.br\/index.php\/wp-json\/wp\/v2\/categories?post=14621"},{"taxonomy":"post_tag","embeddable":true,"href":"https:\/\/www.cambe.pr.gov.br\/index.php\/wp-json\/wp\/v2\/tags?post=14621"}],"curies":[{"name":"wp","href":"https:\/\/api.w.org\/{rel}","templated":true}]}}