{"id":14432,"date":"2024-04-29T09:18:25","date_gmt":"2024-04-29T12:18:25","guid":{"rendered":"https:\/\/www.cambe.pr.gov.br\/?p=14432"},"modified":"2024-10-07T13:01:38","modified_gmt":"2024-10-07T16:01:38","slug":"nota-fiscal-de-produtor-rural-em-papel-deixa-de-circular-a-partir-desta-quarta-1","status":"publish","type":"post","link":"https:\/\/www.cambe.pr.gov.br\/index.php\/nota-fiscal-de-produtor-rural-em-papel-deixa-de-circular-a-partir-desta-quarta-1\/","title":{"rendered":"Nota Fiscal de Produtor Rural em papel deixa de circular a partir desta quarta (1)"},"content":{"rendered":"<div id=\"attachment_14435\" style=\"width: 620px\" class=\"wp-caption alignleft\"><img fetchpriority=\"high\" decoding=\"async\" aria-describedby=\"caption-attachment-14435\" class=\"size-large wp-image-14435\" src=\"https:\/\/www.cambe.pr.gov.br\/wp-content\/uploads\/2024\/04\/img_0929-1024x683.jpg\" alt=\"\" width=\"610\" height=\"407\" srcset=\"https:\/\/www.cambe.pr.gov.br\/wp-content\/uploads\/2024\/04\/img_0929-1024x683.jpg 1024w, https:\/\/www.cambe.pr.gov.br\/wp-content\/uploads\/2024\/04\/img_0929-300x200.jpg 300w, https:\/\/www.cambe.pr.gov.br\/wp-content\/uploads\/2024\/04\/img_0929-768x512.jpg 768w, https:\/\/www.cambe.pr.gov.br\/wp-content\/uploads\/2024\/04\/img_0929-1536x1024.jpg 1536w, https:\/\/www.cambe.pr.gov.br\/wp-content\/uploads\/2024\/04\/img_0929-2048x1365.jpg 2048w\" sizes=\"(max-width: 610px) 100vw, 610px\" \/><p id=\"caption-attachment-14435\" class=\"wp-caption-text\">Foto: Sefaz\/AENPR<\/p><\/div>\n<p style=\"text-align: justify;\"><span style=\"font-weight: 400; font-family: arial, helvetica, sans-serif;\">A Secretaria Municipal de Fazenda refor\u00e7a que o sistema de emiss\u00e3o de Nota Fiscal de Produtor Rural passar\u00e1 por atualiza\u00e7\u00e3o e o modelo em papel deixar\u00e1 de circular a partir desta quarta-feira (1). Como n\u00e3o h\u00e1 previs\u00e3o de nova prorroga\u00e7\u00e3o do prazo para uso da nota em modelo em papel, amanh\u00e3 (30) ser\u00e1 o \u00faltimo dia permitido para emiss\u00e3o da Nota Fiscal de Produtor Rural modelo 04, fornecida pela Receita Municipal.<\/span><\/p>\n<p style=\"text-align: justify;\"><span style=\"font-weight: 400; font-family: arial, helvetica, sans-serif;\">Com isso, ap\u00f3s essa data, todas as notas, tanto as notas fiscais preenchidas at\u00e9 a data limite de 30\/04\/2024 quanto as notas que estiverem em branco, precisam serem devolvidas \u00e0 Prefeitura. A Secretaria de Fazenda destaca que cadastros com devolu\u00e7\u00e3o de notas pendentes poder\u00e3o ser cancelados, o que impedir\u00e1 a emiss\u00e3o da Nota Eletr\u00f4nica e exigir\u00e1 o comparecimento junto \u00e0 Receita Municipal para desbloqueio do Cad\/Pro.<\/span><\/p>\n<p style=\"text-align: justify;\"><span style=\"font-weight: 400; font-family: arial, helvetica, sans-serif;\">A partir de maio, todas as notas passam a ser emitidas exclusivamente atrav\u00e9s do aplicativo Nota Fiscal F\u00e1cil (NFF), por uma conta do portal do Governo Federal. O app foi institu\u00eddo para simplificar ao m\u00e1ximo a emiss\u00e3o de documentos fiscais eletr\u00f4nicos pelos contribuintes do ICMS, com est\u00edmulo \u00e0 formaliza\u00e7\u00e3o e ao desenvolvimento econ\u00f4mico, melhora da competitividade e redu\u00e7\u00e3o da burocracia e de custos.<\/span><\/p>\n<p style=\"text-align: justify;\"><span style=\"font-weight: 400; font-family: arial, helvetica, sans-serif;\">Os produtores rurais podem emitir a NFF nas opera\u00e7\u00f5es de sa\u00eddas internas de produtos hortifrut\u00edcolas como legumes, frutas e verduras. S\u00f3 \u00e9 poss\u00edvel associar um CPF a cada dispositivo m\u00f3vel, mas \u00e9 poss\u00edvel instalar o aplicativo e utiliz\u00e1-lo com um mesmo CPF em v\u00e1rios dispositivos m\u00f3veis diferentes. O produtor rural precisa apenas cadastrar sua propriedade, produtos e clientes; identificar propriedade, cliente destinat\u00e1rio, tipo de opera\u00e7\u00e3o, produtos e quantidades, transporte e se for o caso adicionar informa\u00e7\u00f5es complementares. A NFF, conforme as informa\u00e7\u00f5es inclu\u00eddas pelo produtor rural, preenche automaticamente os demais dados para gera\u00e7\u00e3o da nota, como al\u00edquota, CST, CFOP, NCM e C\u00f3digo de Benef\u00edcio.<\/span><\/p>\n<p style=\"text-align: justify;\"><span style=\"font-weight: 400; font-family: arial, helvetica, sans-serif;\">A Secretaria de Fazenda disponibilizou um arquivo com um passo a passo explicando o novo aplicativo e como fazer o cadastro. \u00c9 s\u00f3 <a href=\"https:\/\/www.cambe.pr.gov.br\/index.php\/download\/tutorial-nota-fiscal-facil-nff-produtor-rural\/\"><strong>clicar aqui<\/strong><\/a> e conferir. Al\u00e9m disso, h\u00e1 tamb\u00e9m um v\u00eddeo com todas as informa\u00e7\u00f5es da Nota Fiscal F\u00e1cil <a href=\"https:\/\/www.youtube.com\/watch?v=26SxXle8yME\"><strong>neste link<\/strong><\/a>.<\/span><\/p>\n<p style=\"text-align: justify;\"><span style=\"font-weight: 400; font-family: arial, helvetica, sans-serif;\">Para mais informa\u00e7\u00f5es, entre em contato atrav\u00e9s do e-mail notaprodutor@cambe.pr.gov.br ou presencialmente no setor de Nota de Produtor Rural da Secretaria Municipal de Fazenda, localizada na Rua Par\u00e1, 264.<\/span><\/p>\n","protected":false},"excerpt":{"rendered":"<p>A Secretaria Municipal de Fazenda refor\u00e7a que o sistema de emiss\u00e3o de Nota Fiscal de Produtor Rural passar\u00e1 por atualiza\u00e7\u00e3o e o modelo em papel deixar\u00e1 de circular a partir desta quarta-feira (1). Como n\u00e3o h\u00e1 previs\u00e3o de nova prorroga\u00e7\u00e3o do prazo para uso da nota em modelo em papel, amanh\u00e3 (30) ser\u00e1 o \u00faltimo [&hellip;]<\/p>\n","protected":false},"author":16,"featured_media":0,"comment_status":"closed","ping_status":"open","sticky":false,"template":"","format":"standard","meta":{"ngg_post_thumbnail":0,"footnotes":""},"categories":[1],"tags":[],"class_list":["post-14432","post","type-post","status-publish","format-standard","hentry","category-principal"],"yoast_head":"<!-- This site is optimized with the Yoast SEO plugin v27.4 - https:\/\/yoast.com\/product\/yoast-seo-wordpress\/ -->\n<title>Nota Fiscal de Produtor Rural em papel deixa de circular a partir desta quarta (1) - Prefeitura de Camb\u00e9<\/title>\n<meta name=\"robots\" content=\"index, follow, max-snippet:-1, max-image-preview:large, max-video-preview:-1\" \/>\n<link rel=\"canonical\" href=\"https:\/\/www.cambe.pr.gov.br\/index.php\/nota-fiscal-de-produtor-rural-em-papel-deixa-de-circular-a-partir-desta-quarta-1\/\" \/>\n<meta property=\"og:locale\" content=\"pt_BR\" \/>\n<meta property=\"og:type\" content=\"article\" \/>\n<meta property=\"og:title\" content=\"Nota Fiscal de Produtor Rural em papel deixa de circular a partir desta quarta (1) - Prefeitura de Camb\u00e9\" \/>\n<meta property=\"og:description\" content=\"A Secretaria Municipal de Fazenda refor\u00e7a que o sistema de emiss\u00e3o de Nota Fiscal de Produtor Rural passar\u00e1 por atualiza\u00e7\u00e3o e o modelo em papel deixar\u00e1 de circular a partir desta quarta-feira (1). Como n\u00e3o h\u00e1 previs\u00e3o de nova prorroga\u00e7\u00e3o do prazo para uso da nota em modelo em papel, amanh\u00e3 (30) ser\u00e1 o \u00faltimo [&hellip;]\" \/>\n<meta property=\"og:url\" content=\"https:\/\/www.cambe.pr.gov.br\/index.php\/nota-fiscal-de-produtor-rural-em-papel-deixa-de-circular-a-partir-desta-quarta-1\/\" \/>\n<meta property=\"og:site_name\" content=\"Prefeitura de Camb\u00e9\" \/>\n<meta property=\"article:publisher\" content=\"https:\/\/m.facebook.com\/prefeituradecambe\" \/>\n<meta property=\"article:published_time\" content=\"2024-04-29T12:18:25+00:00\" \/>\n<meta property=\"article:modified_time\" content=\"2024-10-07T16:01:38+00:00\" \/>\n<meta property=\"og:image\" content=\"https:\/\/www.cambe.pr.gov.br\/wp-content\/uploads\/2024\/04\/img_0929-1024x683.jpg\" \/>\n<meta name=\"author\" content=\"Vinicius Augusto Batista Eira\" \/>\n<meta name=\"twitter:card\" content=\"summary_large_image\" \/>\n<meta name=\"twitter:label1\" content=\"Escrito por\" \/>\n\t<meta name=\"twitter:data1\" content=\"Vinicius Augusto Batista Eira\" \/>\n\t<meta name=\"twitter:label2\" content=\"Est. tempo de leitura\" \/>\n\t<meta name=\"twitter:data2\" content=\"3 minutos\" \/>\n<script type=\"application\/ld+json\" class=\"yoast-schema-graph\">{\"@context\":\"https:\\\/\\\/schema.org\",\"@graph\":[{\"@type\":\"Article\",\"@id\":\"https:\\\/\\\/www.cambe.pr.gov.br\\\/index.php\\\/nota-fiscal-de-produtor-rural-em-papel-deixa-de-circular-a-partir-desta-quarta-1\\\/#article\",\"isPartOf\":{\"@id\":\"https:\\\/\\\/www.cambe.pr.gov.br\\\/index.php\\\/nota-fiscal-de-produtor-rural-em-papel-deixa-de-circular-a-partir-desta-quarta-1\\\/\"},\"author\":{\"name\":\"Vinicius Augusto Batista Eira\",\"@id\":\"https:\\\/\\\/www.cambe.pr.gov.br\\\/#\\\/schema\\\/person\\\/8e3ee69cb2cadf4b9f8377407227effd\"},\"headline\":\"Nota Fiscal de Produtor Rural em papel deixa de circular a partir desta quarta (1)\",\"datePublished\":\"2024-04-29T12:18:25+00:00\",\"dateModified\":\"2024-10-07T16:01:38+00:00\",\"mainEntityOfPage\":{\"@id\":\"https:\\\/\\\/www.cambe.pr.gov.br\\\/index.php\\\/nota-fiscal-de-produtor-rural-em-papel-deixa-de-circular-a-partir-desta-quarta-1\\\/\"},\"wordCount\":441,\"publisher\":{\"@id\":\"https:\\\/\\\/www.cambe.pr.gov.br\\\/#organization\"},\"image\":{\"@id\":\"https:\\\/\\\/www.cambe.pr.gov.br\\\/index.php\\\/nota-fiscal-de-produtor-rural-em-papel-deixa-de-circular-a-partir-desta-quarta-1\\\/#primaryimage\"},\"thumbnailUrl\":\"https:\\\/\\\/www.cambe.pr.gov.br\\\/wp-content\\\/uploads\\\/2024\\\/04\\\/img_0929-1024x683.jpg\",\"articleSection\":[\"Principal\"],\"inLanguage\":\"pt-BR\"},{\"@type\":\"WebPage\",\"@id\":\"https:\\\/\\\/www.cambe.pr.gov.br\\\/index.php\\\/nota-fiscal-de-produtor-rural-em-papel-deixa-de-circular-a-partir-desta-quarta-1\\\/\",\"url\":\"https:\\\/\\\/www.cambe.pr.gov.br\\\/index.php\\\/nota-fiscal-de-produtor-rural-em-papel-deixa-de-circular-a-partir-desta-quarta-1\\\/\",\"name\":\"Nota Fiscal de Produtor Rural em papel deixa de circular a partir desta quarta (1) - Prefeitura de Camb\u00e9\",\"isPartOf\":{\"@id\":\"https:\\\/\\\/www.cambe.pr.gov.br\\\/#website\"},\"primaryImageOfPage\":{\"@id\":\"https:\\\/\\\/www.cambe.pr.gov.br\\\/index.php\\\/nota-fiscal-de-produtor-rural-em-papel-deixa-de-circular-a-partir-desta-quarta-1\\\/#primaryimage\"},\"image\":{\"@id\":\"https:\\\/\\\/www.cambe.pr.gov.br\\\/index.php\\\/nota-fiscal-de-produtor-rural-em-papel-deixa-de-circular-a-partir-desta-quarta-1\\\/#primaryimage\"},\"thumbnailUrl\":\"https:\\\/\\\/www.cambe.pr.gov.br\\\/wp-content\\\/uploads\\\/2024\\\/04\\\/img_0929-1024x683.jpg\",\"datePublished\":\"2024-04-29T12:18:25+00:00\",\"dateModified\":\"2024-10-07T16:01:38+00:00\",\"breadcrumb\":{\"@id\":\"https:\\\/\\\/www.cambe.pr.gov.br\\\/index.php\\\/nota-fiscal-de-produtor-rural-em-papel-deixa-de-circular-a-partir-desta-quarta-1\\\/#breadcrumb\"},\"inLanguage\":\"pt-BR\",\"potentialAction\":[{\"@type\":\"ReadAction\",\"target\":[\"https:\\\/\\\/www.cambe.pr.gov.br\\\/index.php\\\/nota-fiscal-de-produtor-rural-em-papel-deixa-de-circular-a-partir-desta-quarta-1\\\/\"]}]},{\"@type\":\"ImageObject\",\"inLanguage\":\"pt-BR\",\"@id\":\"https:\\\/\\\/www.cambe.pr.gov.br\\\/index.php\\\/nota-fiscal-de-produtor-rural-em-papel-deixa-de-circular-a-partir-desta-quarta-1\\\/#primaryimage\",\"url\":\"https:\\\/\\\/www.cambe.pr.gov.br\\\/wp-content\\\/uploads\\\/2024\\\/04\\\/img_0929-scaled.jpg\",\"contentUrl\":\"https:\\\/\\\/www.cambe.pr.gov.br\\\/wp-content\\\/uploads\\\/2024\\\/04\\\/img_0929-scaled.jpg\",\"width\":2560,\"height\":1707,\"caption\":\"Foto: Sefaz\"},{\"@type\":\"BreadcrumbList\",\"@id\":\"https:\\\/\\\/www.cambe.pr.gov.br\\\/index.php\\\/nota-fiscal-de-produtor-rural-em-papel-deixa-de-circular-a-partir-desta-quarta-1\\\/#breadcrumb\",\"itemListElement\":[{\"@type\":\"ListItem\",\"position\":1,\"name\":\"In\u00edcio\",\"item\":\"https:\\\/\\\/www.cambe.pr.gov.br\\\/\"},{\"@type\":\"ListItem\",\"position\":2,\"name\":\"Nota Fiscal de Produtor Rural em papel deixa de circular a partir desta quarta (1)\"}]},{\"@type\":\"WebSite\",\"@id\":\"https:\\\/\\\/www.cambe.pr.gov.br\\\/#website\",\"url\":\"https:\\\/\\\/www.cambe.pr.gov.br\\\/\",\"name\":\"Prefeitura de Camb\u00e9\",\"description\":\"UM GOVERNO PARA TODOS\",\"publisher\":{\"@id\":\"https:\\\/\\\/www.cambe.pr.gov.br\\\/#organization\"},\"potentialAction\":[{\"@type\":\"SearchAction\",\"target\":{\"@type\":\"EntryPoint\",\"urlTemplate\":\"https:\\\/\\\/www.cambe.pr.gov.br\\\/?s={search_term_string}\"},\"query-input\":{\"@type\":\"PropertyValueSpecification\",\"valueRequired\":true,\"valueName\":\"search_term_string\"}}],\"inLanguage\":\"pt-BR\"},{\"@type\":\"Organization\",\"@id\":\"https:\\\/\\\/www.cambe.pr.gov.br\\\/#organization\",\"name\":\"Prefeitura de Camb\u00e9\",\"url\":\"https:\\\/\\\/www.cambe.pr.gov.br\\\/\",\"logo\":{\"@type\":\"ImageObject\",\"inLanguage\":\"pt-BR\",\"@id\":\"https:\\\/\\\/www.cambe.pr.gov.br\\\/#\\\/schema\\\/logo\\\/image\\\/\",\"url\":\"https:\\\/\\\/www.cambe.pr.gov.br\\\/wp-content\\\/uploads\\\/2021\\\/01\\\/cropped-cropped-cambe_brazao-icone.png\",\"contentUrl\":\"https:\\\/\\\/www.cambe.pr.gov.br\\\/wp-content\\\/uploads\\\/2021\\\/01\\\/cropped-cropped-cambe_brazao-icone.png\",\"width\":240,\"height\":240,\"caption\":\"Prefeitura de Camb\u00e9\"},\"image\":{\"@id\":\"https:\\\/\\\/www.cambe.pr.gov.br\\\/#\\\/schema\\\/logo\\\/image\\\/\"},\"sameAs\":[\"https:\\\/\\\/m.facebook.com\\\/prefeituradecambe\"]},{\"@type\":\"Person\",\"@id\":\"https:\\\/\\\/www.cambe.pr.gov.br\\\/#\\\/schema\\\/person\\\/8e3ee69cb2cadf4b9f8377407227effd\",\"name\":\"Vinicius Augusto Batista Eira\",\"image\":{\"@type\":\"ImageObject\",\"inLanguage\":\"pt-BR\",\"@id\":\"https:\\\/\\\/secure.gravatar.com\\\/avatar\\\/1ec500de7013b30e1d4d7c8c3978f0e4433c37e5d5e4cd186239369c6440122b?s=96&d=mm&r=g\",\"url\":\"https:\\\/\\\/secure.gravatar.com\\\/avatar\\\/1ec500de7013b30e1d4d7c8c3978f0e4433c37e5d5e4cd186239369c6440122b?s=96&d=mm&r=g\",\"contentUrl\":\"https:\\\/\\\/secure.gravatar.com\\\/avatar\\\/1ec500de7013b30e1d4d7c8c3978f0e4433c37e5d5e4cd186239369c6440122b?s=96&d=mm&r=g\",\"caption\":\"Vinicius Augusto Batista Eira\"},\"url\":\"https:\\\/\\\/www.cambe.pr.gov.br\\\/index.php\\\/author\\\/vabeira\\\/\"}]}<\/script>\n<!-- \/ Yoast SEO plugin. -->","yoast_head_json":{"title":"Nota Fiscal de Produtor Rural em papel deixa de circular a partir desta quarta (1) - Prefeitura de Camb\u00e9","robots":{"index":"index","follow":"follow","max-snippet":"max-snippet:-1","max-image-preview":"max-image-preview:large","max-video-preview":"max-video-preview:-1"},"canonical":"https:\/\/www.cambe.pr.gov.br\/index.php\/nota-fiscal-de-produtor-rural-em-papel-deixa-de-circular-a-partir-desta-quarta-1\/","og_locale":"pt_BR","og_type":"article","og_title":"Nota Fiscal de Produtor Rural em papel deixa de circular a partir desta quarta (1) - Prefeitura de Camb\u00e9","og_description":"A Secretaria Municipal de Fazenda refor\u00e7a que o sistema de emiss\u00e3o de Nota Fiscal de Produtor Rural passar\u00e1 por atualiza\u00e7\u00e3o e o modelo em papel deixar\u00e1 de circular a partir desta quarta-feira (1). Como n\u00e3o h\u00e1 previs\u00e3o de nova prorroga\u00e7\u00e3o do prazo para uso da nota em modelo em papel, amanh\u00e3 (30) ser\u00e1 o \u00faltimo [&hellip;]","og_url":"https:\/\/www.cambe.pr.gov.br\/index.php\/nota-fiscal-de-produtor-rural-em-papel-deixa-de-circular-a-partir-desta-quarta-1\/","og_site_name":"Prefeitura de Camb\u00e9","article_publisher":"https:\/\/m.facebook.com\/prefeituradecambe","article_published_time":"2024-04-29T12:18:25+00:00","article_modified_time":"2024-10-07T16:01:38+00:00","og_image":[{"url":"https:\/\/www.cambe.pr.gov.br\/wp-content\/uploads\/2024\/04\/img_0929-1024x683.jpg","type":"","width":"","height":""}],"author":"Vinicius Augusto Batista Eira","twitter_card":"summary_large_image","twitter_misc":{"Escrito por":"Vinicius Augusto Batista Eira","Est. tempo de leitura":"3 minutos"},"schema":{"@context":"https:\/\/schema.org","@graph":[{"@type":"Article","@id":"https:\/\/www.cambe.pr.gov.br\/index.php\/nota-fiscal-de-produtor-rural-em-papel-deixa-de-circular-a-partir-desta-quarta-1\/#article","isPartOf":{"@id":"https:\/\/www.cambe.pr.gov.br\/index.php\/nota-fiscal-de-produtor-rural-em-papel-deixa-de-circular-a-partir-desta-quarta-1\/"},"author":{"name":"Vinicius Augusto Batista Eira","@id":"https:\/\/www.cambe.pr.gov.br\/#\/schema\/person\/8e3ee69cb2cadf4b9f8377407227effd"},"headline":"Nota Fiscal de Produtor Rural em papel deixa de circular a partir desta quarta (1)","datePublished":"2024-04-29T12:18:25+00:00","dateModified":"2024-10-07T16:01:38+00:00","mainEntityOfPage":{"@id":"https:\/\/www.cambe.pr.gov.br\/index.php\/nota-fiscal-de-produtor-rural-em-papel-deixa-de-circular-a-partir-desta-quarta-1\/"},"wordCount":441,"publisher":{"@id":"https:\/\/www.cambe.pr.gov.br\/#organization"},"image":{"@id":"https:\/\/www.cambe.pr.gov.br\/index.php\/nota-fiscal-de-produtor-rural-em-papel-deixa-de-circular-a-partir-desta-quarta-1\/#primaryimage"},"thumbnailUrl":"https:\/\/www.cambe.pr.gov.br\/wp-content\/uploads\/2024\/04\/img_0929-1024x683.jpg","articleSection":["Principal"],"inLanguage":"pt-BR"},{"@type":"WebPage","@id":"https:\/\/www.cambe.pr.gov.br\/index.php\/nota-fiscal-de-produtor-rural-em-papel-deixa-de-circular-a-partir-desta-quarta-1\/","url":"https:\/\/www.cambe.pr.gov.br\/index.php\/nota-fiscal-de-produtor-rural-em-papel-deixa-de-circular-a-partir-desta-quarta-1\/","name":"Nota Fiscal de Produtor Rural em papel deixa de circular a partir desta quarta (1) - Prefeitura de Camb\u00e9","isPartOf":{"@id":"https:\/\/www.cambe.pr.gov.br\/#website"},"primaryImageOfPage":{"@id":"https:\/\/www.cambe.pr.gov.br\/index.php\/nota-fiscal-de-produtor-rural-em-papel-deixa-de-circular-a-partir-desta-quarta-1\/#primaryimage"},"image":{"@id":"https:\/\/www.cambe.pr.gov.br\/index.php\/nota-fiscal-de-produtor-rural-em-papel-deixa-de-circular-a-partir-desta-quarta-1\/#primaryimage"},"thumbnailUrl":"https:\/\/www.cambe.pr.gov.br\/wp-content\/uploads\/2024\/04\/img_0929-1024x683.jpg","datePublished":"2024-04-29T12:18:25+00:00","dateModified":"2024-10-07T16:01:38+00:00","breadcrumb":{"@id":"https:\/\/www.cambe.pr.gov.br\/index.php\/nota-fiscal-de-produtor-rural-em-papel-deixa-de-circular-a-partir-desta-quarta-1\/#breadcrumb"},"inLanguage":"pt-BR","potentialAction":[{"@type":"ReadAction","target":["https:\/\/www.cambe.pr.gov.br\/index.php\/nota-fiscal-de-produtor-rural-em-papel-deixa-de-circular-a-partir-desta-quarta-1\/"]}]},{"@type":"ImageObject","inLanguage":"pt-BR","@id":"https:\/\/www.cambe.pr.gov.br\/index.php\/nota-fiscal-de-produtor-rural-em-papel-deixa-de-circular-a-partir-desta-quarta-1\/#primaryimage","url":"https:\/\/www.cambe.pr.gov.br\/wp-content\/uploads\/2024\/04\/img_0929-scaled.jpg","contentUrl":"https:\/\/www.cambe.pr.gov.br\/wp-content\/uploads\/2024\/04\/img_0929-scaled.jpg","width":2560,"height":1707,"caption":"Foto: Sefaz"},{"@type":"BreadcrumbList","@id":"https:\/\/www.cambe.pr.gov.br\/index.php\/nota-fiscal-de-produtor-rural-em-papel-deixa-de-circular-a-partir-desta-quarta-1\/#breadcrumb","itemListElement":[{"@type":"ListItem","position":1,"name":"In\u00edcio","item":"https:\/\/www.cambe.pr.gov.br\/"},{"@type":"ListItem","position":2,"name":"Nota Fiscal de Produtor Rural em papel deixa de circular a partir desta quarta (1)"}]},{"@type":"WebSite","@id":"https:\/\/www.cambe.pr.gov.br\/#website","url":"https:\/\/www.cambe.pr.gov.br\/","name":"Prefeitura de Camb\u00e9","description":"UM GOVERNO PARA TODOS","publisher":{"@id":"https:\/\/www.cambe.pr.gov.br\/#organization"},"potentialAction":[{"@type":"SearchAction","target":{"@type":"EntryPoint","urlTemplate":"https:\/\/www.cambe.pr.gov.br\/?s={search_term_string}"},"query-input":{"@type":"PropertyValueSpecification","valueRequired":true,"valueName":"search_term_string"}}],"inLanguage":"pt-BR"},{"@type":"Organization","@id":"https:\/\/www.cambe.pr.gov.br\/#organization","name":"Prefeitura de Camb\u00e9","url":"https:\/\/www.cambe.pr.gov.br\/","logo":{"@type":"ImageObject","inLanguage":"pt-BR","@id":"https:\/\/www.cambe.pr.gov.br\/#\/schema\/logo\/image\/","url":"https:\/\/www.cambe.pr.gov.br\/wp-content\/uploads\/2021\/01\/cropped-cropped-cambe_brazao-icone.png","contentUrl":"https:\/\/www.cambe.pr.gov.br\/wp-content\/uploads\/2021\/01\/cropped-cropped-cambe_brazao-icone.png","width":240,"height":240,"caption":"Prefeitura de Camb\u00e9"},"image":{"@id":"https:\/\/www.cambe.pr.gov.br\/#\/schema\/logo\/image\/"},"sameAs":["https:\/\/m.facebook.com\/prefeituradecambe"]},{"@type":"Person","@id":"https:\/\/www.cambe.pr.gov.br\/#\/schema\/person\/8e3ee69cb2cadf4b9f8377407227effd","name":"Vinicius Augusto Batista Eira","image":{"@type":"ImageObject","inLanguage":"pt-BR","@id":"https:\/\/secure.gravatar.com\/avatar\/1ec500de7013b30e1d4d7c8c3978f0e4433c37e5d5e4cd186239369c6440122b?s=96&d=mm&r=g","url":"https:\/\/secure.gravatar.com\/avatar\/1ec500de7013b30e1d4d7c8c3978f0e4433c37e5d5e4cd186239369c6440122b?s=96&d=mm&r=g","contentUrl":"https:\/\/secure.gravatar.com\/avatar\/1ec500de7013b30e1d4d7c8c3978f0e4433c37e5d5e4cd186239369c6440122b?s=96&d=mm&r=g","caption":"Vinicius Augusto Batista Eira"},"url":"https:\/\/www.cambe.pr.gov.br\/index.php\/author\/vabeira\/"}]}},"_links":{"self":[{"href":"https:\/\/www.cambe.pr.gov.br\/index.php\/wp-json\/wp\/v2\/posts\/14432","targetHints":{"allow":["GET"]}}],"collection":[{"href":"https:\/\/www.cambe.pr.gov.br\/index.php\/wp-json\/wp\/v2\/posts"}],"about":[{"href":"https:\/\/www.cambe.pr.gov.br\/index.php\/wp-json\/wp\/v2\/types\/post"}],"author":[{"embeddable":true,"href":"https:\/\/www.cambe.pr.gov.br\/index.php\/wp-json\/wp\/v2\/users\/16"}],"replies":[{"embeddable":true,"href":"https:\/\/www.cambe.pr.gov.br\/index.php\/wp-json\/wp\/v2\/comments?post=14432"}],"version-history":[{"count":4,"href":"https:\/\/www.cambe.pr.gov.br\/index.php\/wp-json\/wp\/v2\/posts\/14432\/revisions"}],"predecessor-version":[{"id":14438,"href":"https:\/\/www.cambe.pr.gov.br\/index.php\/wp-json\/wp\/v2\/posts\/14432\/revisions\/14438"}],"wp:attachment":[{"href":"https:\/\/www.cambe.pr.gov.br\/index.php\/wp-json\/wp\/v2\/media?parent=14432"}],"wp:term":[{"taxonomy":"category","embeddable":true,"href":"https:\/\/www.cambe.pr.gov.br\/index.php\/wp-json\/wp\/v2\/categories?post=14432"},{"taxonomy":"post_tag","embeddable":true,"href":"https:\/\/www.cambe.pr.gov.br\/index.php\/wp-json\/wp\/v2\/tags?post=14432"}],"curies":[{"name":"wp","href":"https:\/\/api.w.org\/{rel}","templated":true}]}}