{"id":14413,"date":"2024-04-29T09:15:51","date_gmt":"2024-04-29T12:15:51","guid":{"rendered":"https:\/\/www.cambe.pr.gov.br\/?p=14413"},"modified":"2024-10-07T13:01:38","modified_gmt":"2024-10-07T16:01:38","slug":"procon-de-cambe-divulga-o-balanco-de-atendimentos-realizados-no-1o-trimestre","status":"publish","type":"post","link":"https:\/\/www.cambe.pr.gov.br\/index.php\/procon-de-cambe-divulga-o-balanco-de-atendimentos-realizados-no-1o-trimestre\/","title":{"rendered":"Procon de Camb\u00e9 divulga o balan\u00e7o de atendimentos realizados no 1\u00ba trimestre"},"content":{"rendered":"<p style=\"text-align: justify;\"><span style=\"font-weight: 400; font-family: arial, helvetica, sans-serif;\"><img fetchpriority=\"high\" decoding=\"async\" class=\"alignleft size-full wp-image-10651\" src=\"https:\/\/www.cambe.pr.gov.br\/wp-content\/uploads\/2023\/06\/procom-scaled-e1638908282167-1024x684-1-e1687804022207.jpg\" alt=\"\" width=\"600\" height=\"401\" srcset=\"https:\/\/www.cambe.pr.gov.br\/wp-content\/uploads\/2023\/06\/procom-scaled-e1638908282167-1024x684-1-e1687804022207.jpg 600w, https:\/\/www.cambe.pr.gov.br\/wp-content\/uploads\/2023\/06\/procom-scaled-e1638908282167-1024x684-1-e1687804022207-300x201.jpg 300w, https:\/\/www.cambe.pr.gov.br\/wp-content\/uploads\/2023\/06\/procom-scaled-e1638908282167-1024x684-1-768x513.jpg 768w\" sizes=\"(max-width: 600px) 100vw, 600px\" \/>O Procon de Camb\u00e9 j\u00e1 realizou 356 atendimentos em 2024. De acordo com dados disponibilizados pelo \u00f3rg\u00e3o nesta quinta-feira (25), foram 112 atendimentos em janeiro, 118 em fevereiro e mais 126 em mar\u00e7o. Os segmentos com reclama\u00e7\u00f5es dos cambeenses foram de telefonia, com 75, bancos, com 46, e cart\u00f5es de cr\u00e9dito, com 44.<\/span><\/p>\n<p style=\"text-align: justify;\"><span style=\"font-weight: 400; font-family: arial, helvetica, sans-serif;\">Segundo Willian Train, coordenador do Procon, os fornecedores com maior n\u00famero de reclama\u00e7\u00f5es foram as operadoras de telefonia Tim e Claro, seguidas da Pefisa, cart\u00e3o da Pernambucanas. Al\u00e9m disso, dos 356 atendimentos realizados, 133 ainda aguardam resolu\u00e7\u00e3o, j\u00e1 que em alguns casos \u00e9 designada audi\u00eancia de concilia\u00e7\u00e3o, que ainda n\u00e3o foram realizadas.<\/span><\/p>\n<p style=\"text-align: justify;\"><span style=\"font-weight: 400; font-family: arial, helvetica, sans-serif;\">O Procon de Camb\u00e9 fica na Rua Par\u00e1, 126, e funciona de segunda a sexta-feira, das 8h30 \u00e0s 11:30 e das 13h \u00e0s 17h. Os atendimentos s\u00e3o pessoais, feitos atrav\u00e9s de agendamento de hor\u00e1rio pelos telefones 3174-2851 ou 151; ou atrav\u00e9s do e-mail cambepr@procon.pr.gov.br.<\/span><\/p>\n","protected":false},"excerpt":{"rendered":"<p>O Procon de Camb\u00e9 j\u00e1 realizou 356 atendimentos em 2024. De acordo com dados disponibilizados pelo \u00f3rg\u00e3o nesta quinta-feira (25), foram 112 atendimentos em janeiro, 118 em fevereiro e mais 126 em mar\u00e7o. Os segmentos com reclama\u00e7\u00f5es dos cambeenses foram de telefonia, com 75, bancos, com 46, e cart\u00f5es de cr\u00e9dito, com 44. Segundo Willian [&hellip;]<\/p>\n","protected":false},"author":16,"featured_media":0,"comment_status":"closed","ping_status":"open","sticky":false,"template":"","format":"standard","meta":{"ngg_post_thumbnail":0,"footnotes":""},"categories":[1],"tags":[],"class_list":["post-14413","post","type-post","status-publish","format-standard","hentry","category-principal"],"yoast_head":"<!-- This site is optimized with the Yoast SEO plugin v27.4 - https:\/\/yoast.com\/product\/yoast-seo-wordpress\/ -->\n<title>Procon de Camb\u00e9 divulga o balan\u00e7o de atendimentos realizados no 1\u00ba trimestre - Prefeitura de Camb\u00e9<\/title>\n<meta name=\"robots\" content=\"index, follow, max-snippet:-1, max-image-preview:large, max-video-preview:-1\" \/>\n<link rel=\"canonical\" href=\"https:\/\/www.cambe.pr.gov.br\/index.php\/procon-de-cambe-divulga-o-balanco-de-atendimentos-realizados-no-1o-trimestre\/\" \/>\n<meta property=\"og:locale\" content=\"pt_BR\" \/>\n<meta property=\"og:type\" content=\"article\" \/>\n<meta property=\"og:title\" content=\"Procon de Camb\u00e9 divulga o balan\u00e7o de atendimentos realizados no 1\u00ba trimestre - Prefeitura de Camb\u00e9\" \/>\n<meta property=\"og:description\" content=\"O Procon de Camb\u00e9 j\u00e1 realizou 356 atendimentos em 2024. De acordo com dados disponibilizados pelo \u00f3rg\u00e3o nesta quinta-feira (25), foram 112 atendimentos em janeiro, 118 em fevereiro e mais 126 em mar\u00e7o. Os segmentos com reclama\u00e7\u00f5es dos cambeenses foram de telefonia, com 75, bancos, com 46, e cart\u00f5es de cr\u00e9dito, com 44. Segundo Willian [&hellip;]\" \/>\n<meta property=\"og:url\" content=\"https:\/\/www.cambe.pr.gov.br\/index.php\/procon-de-cambe-divulga-o-balanco-de-atendimentos-realizados-no-1o-trimestre\/\" \/>\n<meta property=\"og:site_name\" content=\"Prefeitura de Camb\u00e9\" \/>\n<meta property=\"article:publisher\" content=\"https:\/\/m.facebook.com\/prefeituradecambe\" \/>\n<meta property=\"article:published_time\" content=\"2024-04-29T12:15:51+00:00\" \/>\n<meta property=\"article:modified_time\" content=\"2024-10-07T16:01:38+00:00\" \/>\n<meta property=\"og:image\" content=\"https:\/\/www.cambe.pr.gov.br\/wp-content\/uploads\/2023\/06\/procom-scaled-e1638908282167-1024x684-1-e1687804022207.jpg\" \/>\n<meta name=\"author\" content=\"Vinicius Augusto Batista Eira\" \/>\n<meta name=\"twitter:card\" content=\"summary_large_image\" \/>\n<meta name=\"twitter:label1\" content=\"Escrito por\" \/>\n\t<meta name=\"twitter:data1\" content=\"Vinicius Augusto Batista Eira\" \/>\n\t<meta name=\"twitter:label2\" content=\"Est. tempo de leitura\" \/>\n\t<meta name=\"twitter:data2\" content=\"2 minutos\" \/>\n<script type=\"application\/ld+json\" class=\"yoast-schema-graph\">{\"@context\":\"https:\\\/\\\/schema.org\",\"@graph\":[{\"@type\":\"Article\",\"@id\":\"https:\\\/\\\/www.cambe.pr.gov.br\\\/index.php\\\/procon-de-cambe-divulga-o-balanco-de-atendimentos-realizados-no-1o-trimestre\\\/#article\",\"isPartOf\":{\"@id\":\"https:\\\/\\\/www.cambe.pr.gov.br\\\/index.php\\\/procon-de-cambe-divulga-o-balanco-de-atendimentos-realizados-no-1o-trimestre\\\/\"},\"author\":{\"name\":\"Vinicius Augusto Batista Eira\",\"@id\":\"https:\\\/\\\/www.cambe.pr.gov.br\\\/#\\\/schema\\\/person\\\/8e3ee69cb2cadf4b9f8377407227effd\"},\"headline\":\"Procon de Camb\u00e9 divulga o balan\u00e7o de atendimentos realizados no 1\u00ba trimestre\",\"datePublished\":\"2024-04-29T12:15:51+00:00\",\"dateModified\":\"2024-10-07T16:01:38+00:00\",\"mainEntityOfPage\":{\"@id\":\"https:\\\/\\\/www.cambe.pr.gov.br\\\/index.php\\\/procon-de-cambe-divulga-o-balanco-de-atendimentos-realizados-no-1o-trimestre\\\/\"},\"wordCount\":167,\"publisher\":{\"@id\":\"https:\\\/\\\/www.cambe.pr.gov.br\\\/#organization\"},\"image\":{\"@id\":\"https:\\\/\\\/www.cambe.pr.gov.br\\\/index.php\\\/procon-de-cambe-divulga-o-balanco-de-atendimentos-realizados-no-1o-trimestre\\\/#primaryimage\"},\"thumbnailUrl\":\"https:\\\/\\\/www.cambe.pr.gov.br\\\/wp-content\\\/uploads\\\/2023\\\/06\\\/procom-scaled-e1638908282167-1024x684-1-e1687804022207.jpg\",\"articleSection\":[\"Principal\"],\"inLanguage\":\"pt-BR\"},{\"@type\":\"WebPage\",\"@id\":\"https:\\\/\\\/www.cambe.pr.gov.br\\\/index.php\\\/procon-de-cambe-divulga-o-balanco-de-atendimentos-realizados-no-1o-trimestre\\\/\",\"url\":\"https:\\\/\\\/www.cambe.pr.gov.br\\\/index.php\\\/procon-de-cambe-divulga-o-balanco-de-atendimentos-realizados-no-1o-trimestre\\\/\",\"name\":\"Procon de Camb\u00e9 divulga o balan\u00e7o de atendimentos realizados no 1\u00ba trimestre - Prefeitura de Camb\u00e9\",\"isPartOf\":{\"@id\":\"https:\\\/\\\/www.cambe.pr.gov.br\\\/#website\"},\"primaryImageOfPage\":{\"@id\":\"https:\\\/\\\/www.cambe.pr.gov.br\\\/index.php\\\/procon-de-cambe-divulga-o-balanco-de-atendimentos-realizados-no-1o-trimestre\\\/#primaryimage\"},\"image\":{\"@id\":\"https:\\\/\\\/www.cambe.pr.gov.br\\\/index.php\\\/procon-de-cambe-divulga-o-balanco-de-atendimentos-realizados-no-1o-trimestre\\\/#primaryimage\"},\"thumbnailUrl\":\"https:\\\/\\\/www.cambe.pr.gov.br\\\/wp-content\\\/uploads\\\/2023\\\/06\\\/procom-scaled-e1638908282167-1024x684-1-e1687804022207.jpg\",\"datePublished\":\"2024-04-29T12:15:51+00:00\",\"dateModified\":\"2024-10-07T16:01:38+00:00\",\"breadcrumb\":{\"@id\":\"https:\\\/\\\/www.cambe.pr.gov.br\\\/index.php\\\/procon-de-cambe-divulga-o-balanco-de-atendimentos-realizados-no-1o-trimestre\\\/#breadcrumb\"},\"inLanguage\":\"pt-BR\",\"potentialAction\":[{\"@type\":\"ReadAction\",\"target\":[\"https:\\\/\\\/www.cambe.pr.gov.br\\\/index.php\\\/procon-de-cambe-divulga-o-balanco-de-atendimentos-realizados-no-1o-trimestre\\\/\"]}]},{\"@type\":\"ImageObject\",\"inLanguage\":\"pt-BR\",\"@id\":\"https:\\\/\\\/www.cambe.pr.gov.br\\\/index.php\\\/procon-de-cambe-divulga-o-balanco-de-atendimentos-realizados-no-1o-trimestre\\\/#primaryimage\",\"url\":\"https:\\\/\\\/www.cambe.pr.gov.br\\\/wp-content\\\/uploads\\\/2023\\\/06\\\/procom-scaled-e1638908282167-1024x684-1-e1687804022207.jpg\",\"contentUrl\":\"https:\\\/\\\/www.cambe.pr.gov.br\\\/wp-content\\\/uploads\\\/2023\\\/06\\\/procom-scaled-e1638908282167-1024x684-1-e1687804022207.jpg\",\"width\":600,\"height\":401},{\"@type\":\"BreadcrumbList\",\"@id\":\"https:\\\/\\\/www.cambe.pr.gov.br\\\/index.php\\\/procon-de-cambe-divulga-o-balanco-de-atendimentos-realizados-no-1o-trimestre\\\/#breadcrumb\",\"itemListElement\":[{\"@type\":\"ListItem\",\"position\":1,\"name\":\"In\u00edcio\",\"item\":\"https:\\\/\\\/www.cambe.pr.gov.br\\\/\"},{\"@type\":\"ListItem\",\"position\":2,\"name\":\"Procon de Camb\u00e9 divulga o balan\u00e7o de atendimentos realizados no 1\u00ba trimestre\"}]},{\"@type\":\"WebSite\",\"@id\":\"https:\\\/\\\/www.cambe.pr.gov.br\\\/#website\",\"url\":\"https:\\\/\\\/www.cambe.pr.gov.br\\\/\",\"name\":\"Prefeitura de Camb\u00e9\",\"description\":\"UM GOVERNO PARA TODOS\",\"publisher\":{\"@id\":\"https:\\\/\\\/www.cambe.pr.gov.br\\\/#organization\"},\"potentialAction\":[{\"@type\":\"SearchAction\",\"target\":{\"@type\":\"EntryPoint\",\"urlTemplate\":\"https:\\\/\\\/www.cambe.pr.gov.br\\\/?s={search_term_string}\"},\"query-input\":{\"@type\":\"PropertyValueSpecification\",\"valueRequired\":true,\"valueName\":\"search_term_string\"}}],\"inLanguage\":\"pt-BR\"},{\"@type\":\"Organization\",\"@id\":\"https:\\\/\\\/www.cambe.pr.gov.br\\\/#organization\",\"name\":\"Prefeitura de Camb\u00e9\",\"url\":\"https:\\\/\\\/www.cambe.pr.gov.br\\\/\",\"logo\":{\"@type\":\"ImageObject\",\"inLanguage\":\"pt-BR\",\"@id\":\"https:\\\/\\\/www.cambe.pr.gov.br\\\/#\\\/schema\\\/logo\\\/image\\\/\",\"url\":\"https:\\\/\\\/www.cambe.pr.gov.br\\\/wp-content\\\/uploads\\\/2021\\\/01\\\/cropped-cropped-cambe_brazao-icone.png\",\"contentUrl\":\"https:\\\/\\\/www.cambe.pr.gov.br\\\/wp-content\\\/uploads\\\/2021\\\/01\\\/cropped-cropped-cambe_brazao-icone.png\",\"width\":240,\"height\":240,\"caption\":\"Prefeitura de Camb\u00e9\"},\"image\":{\"@id\":\"https:\\\/\\\/www.cambe.pr.gov.br\\\/#\\\/schema\\\/logo\\\/image\\\/\"},\"sameAs\":[\"https:\\\/\\\/m.facebook.com\\\/prefeituradecambe\"]},{\"@type\":\"Person\",\"@id\":\"https:\\\/\\\/www.cambe.pr.gov.br\\\/#\\\/schema\\\/person\\\/8e3ee69cb2cadf4b9f8377407227effd\",\"name\":\"Vinicius Augusto Batista Eira\",\"image\":{\"@type\":\"ImageObject\",\"inLanguage\":\"pt-BR\",\"@id\":\"https:\\\/\\\/secure.gravatar.com\\\/avatar\\\/1ec500de7013b30e1d4d7c8c3978f0e4433c37e5d5e4cd186239369c6440122b?s=96&d=mm&r=g\",\"url\":\"https:\\\/\\\/secure.gravatar.com\\\/avatar\\\/1ec500de7013b30e1d4d7c8c3978f0e4433c37e5d5e4cd186239369c6440122b?s=96&d=mm&r=g\",\"contentUrl\":\"https:\\\/\\\/secure.gravatar.com\\\/avatar\\\/1ec500de7013b30e1d4d7c8c3978f0e4433c37e5d5e4cd186239369c6440122b?s=96&d=mm&r=g\",\"caption\":\"Vinicius Augusto Batista Eira\"},\"url\":\"https:\\\/\\\/www.cambe.pr.gov.br\\\/index.php\\\/author\\\/vabeira\\\/\"}]}<\/script>\n<!-- \/ Yoast SEO plugin. -->","yoast_head_json":{"title":"Procon de Camb\u00e9 divulga o balan\u00e7o de atendimentos realizados no 1\u00ba trimestre - Prefeitura de Camb\u00e9","robots":{"index":"index","follow":"follow","max-snippet":"max-snippet:-1","max-image-preview":"max-image-preview:large","max-video-preview":"max-video-preview:-1"},"canonical":"https:\/\/www.cambe.pr.gov.br\/index.php\/procon-de-cambe-divulga-o-balanco-de-atendimentos-realizados-no-1o-trimestre\/","og_locale":"pt_BR","og_type":"article","og_title":"Procon de Camb\u00e9 divulga o balan\u00e7o de atendimentos realizados no 1\u00ba trimestre - Prefeitura de Camb\u00e9","og_description":"O Procon de Camb\u00e9 j\u00e1 realizou 356 atendimentos em 2024. De acordo com dados disponibilizados pelo \u00f3rg\u00e3o nesta quinta-feira (25), foram 112 atendimentos em janeiro, 118 em fevereiro e mais 126 em mar\u00e7o. Os segmentos com reclama\u00e7\u00f5es dos cambeenses foram de telefonia, com 75, bancos, com 46, e cart\u00f5es de cr\u00e9dito, com 44. Segundo Willian [&hellip;]","og_url":"https:\/\/www.cambe.pr.gov.br\/index.php\/procon-de-cambe-divulga-o-balanco-de-atendimentos-realizados-no-1o-trimestre\/","og_site_name":"Prefeitura de Camb\u00e9","article_publisher":"https:\/\/m.facebook.com\/prefeituradecambe","article_published_time":"2024-04-29T12:15:51+00:00","article_modified_time":"2024-10-07T16:01:38+00:00","og_image":[{"url":"https:\/\/www.cambe.pr.gov.br\/wp-content\/uploads\/2023\/06\/procom-scaled-e1638908282167-1024x684-1-e1687804022207.jpg","type":"","width":"","height":""}],"author":"Vinicius Augusto Batista Eira","twitter_card":"summary_large_image","twitter_misc":{"Escrito por":"Vinicius Augusto Batista Eira","Est. tempo de leitura":"2 minutos"},"schema":{"@context":"https:\/\/schema.org","@graph":[{"@type":"Article","@id":"https:\/\/www.cambe.pr.gov.br\/index.php\/procon-de-cambe-divulga-o-balanco-de-atendimentos-realizados-no-1o-trimestre\/#article","isPartOf":{"@id":"https:\/\/www.cambe.pr.gov.br\/index.php\/procon-de-cambe-divulga-o-balanco-de-atendimentos-realizados-no-1o-trimestre\/"},"author":{"name":"Vinicius Augusto Batista Eira","@id":"https:\/\/www.cambe.pr.gov.br\/#\/schema\/person\/8e3ee69cb2cadf4b9f8377407227effd"},"headline":"Procon de Camb\u00e9 divulga o balan\u00e7o de atendimentos realizados no 1\u00ba trimestre","datePublished":"2024-04-29T12:15:51+00:00","dateModified":"2024-10-07T16:01:38+00:00","mainEntityOfPage":{"@id":"https:\/\/www.cambe.pr.gov.br\/index.php\/procon-de-cambe-divulga-o-balanco-de-atendimentos-realizados-no-1o-trimestre\/"},"wordCount":167,"publisher":{"@id":"https:\/\/www.cambe.pr.gov.br\/#organization"},"image":{"@id":"https:\/\/www.cambe.pr.gov.br\/index.php\/procon-de-cambe-divulga-o-balanco-de-atendimentos-realizados-no-1o-trimestre\/#primaryimage"},"thumbnailUrl":"https:\/\/www.cambe.pr.gov.br\/wp-content\/uploads\/2023\/06\/procom-scaled-e1638908282167-1024x684-1-e1687804022207.jpg","articleSection":["Principal"],"inLanguage":"pt-BR"},{"@type":"WebPage","@id":"https:\/\/www.cambe.pr.gov.br\/index.php\/procon-de-cambe-divulga-o-balanco-de-atendimentos-realizados-no-1o-trimestre\/","url":"https:\/\/www.cambe.pr.gov.br\/index.php\/procon-de-cambe-divulga-o-balanco-de-atendimentos-realizados-no-1o-trimestre\/","name":"Procon de Camb\u00e9 divulga o balan\u00e7o de atendimentos realizados no 1\u00ba trimestre - Prefeitura de Camb\u00e9","isPartOf":{"@id":"https:\/\/www.cambe.pr.gov.br\/#website"},"primaryImageOfPage":{"@id":"https:\/\/www.cambe.pr.gov.br\/index.php\/procon-de-cambe-divulga-o-balanco-de-atendimentos-realizados-no-1o-trimestre\/#primaryimage"},"image":{"@id":"https:\/\/www.cambe.pr.gov.br\/index.php\/procon-de-cambe-divulga-o-balanco-de-atendimentos-realizados-no-1o-trimestre\/#primaryimage"},"thumbnailUrl":"https:\/\/www.cambe.pr.gov.br\/wp-content\/uploads\/2023\/06\/procom-scaled-e1638908282167-1024x684-1-e1687804022207.jpg","datePublished":"2024-04-29T12:15:51+00:00","dateModified":"2024-10-07T16:01:38+00:00","breadcrumb":{"@id":"https:\/\/www.cambe.pr.gov.br\/index.php\/procon-de-cambe-divulga-o-balanco-de-atendimentos-realizados-no-1o-trimestre\/#breadcrumb"},"inLanguage":"pt-BR","potentialAction":[{"@type":"ReadAction","target":["https:\/\/www.cambe.pr.gov.br\/index.php\/procon-de-cambe-divulga-o-balanco-de-atendimentos-realizados-no-1o-trimestre\/"]}]},{"@type":"ImageObject","inLanguage":"pt-BR","@id":"https:\/\/www.cambe.pr.gov.br\/index.php\/procon-de-cambe-divulga-o-balanco-de-atendimentos-realizados-no-1o-trimestre\/#primaryimage","url":"https:\/\/www.cambe.pr.gov.br\/wp-content\/uploads\/2023\/06\/procom-scaled-e1638908282167-1024x684-1-e1687804022207.jpg","contentUrl":"https:\/\/www.cambe.pr.gov.br\/wp-content\/uploads\/2023\/06\/procom-scaled-e1638908282167-1024x684-1-e1687804022207.jpg","width":600,"height":401},{"@type":"BreadcrumbList","@id":"https:\/\/www.cambe.pr.gov.br\/index.php\/procon-de-cambe-divulga-o-balanco-de-atendimentos-realizados-no-1o-trimestre\/#breadcrumb","itemListElement":[{"@type":"ListItem","position":1,"name":"In\u00edcio","item":"https:\/\/www.cambe.pr.gov.br\/"},{"@type":"ListItem","position":2,"name":"Procon de Camb\u00e9 divulga o balan\u00e7o de atendimentos realizados no 1\u00ba trimestre"}]},{"@type":"WebSite","@id":"https:\/\/www.cambe.pr.gov.br\/#website","url":"https:\/\/www.cambe.pr.gov.br\/","name":"Prefeitura de Camb\u00e9","description":"UM GOVERNO PARA TODOS","publisher":{"@id":"https:\/\/www.cambe.pr.gov.br\/#organization"},"potentialAction":[{"@type":"SearchAction","target":{"@type":"EntryPoint","urlTemplate":"https:\/\/www.cambe.pr.gov.br\/?s={search_term_string}"},"query-input":{"@type":"PropertyValueSpecification","valueRequired":true,"valueName":"search_term_string"}}],"inLanguage":"pt-BR"},{"@type":"Organization","@id":"https:\/\/www.cambe.pr.gov.br\/#organization","name":"Prefeitura de Camb\u00e9","url":"https:\/\/www.cambe.pr.gov.br\/","logo":{"@type":"ImageObject","inLanguage":"pt-BR","@id":"https:\/\/www.cambe.pr.gov.br\/#\/schema\/logo\/image\/","url":"https:\/\/www.cambe.pr.gov.br\/wp-content\/uploads\/2021\/01\/cropped-cropped-cambe_brazao-icone.png","contentUrl":"https:\/\/www.cambe.pr.gov.br\/wp-content\/uploads\/2021\/01\/cropped-cropped-cambe_brazao-icone.png","width":240,"height":240,"caption":"Prefeitura de Camb\u00e9"},"image":{"@id":"https:\/\/www.cambe.pr.gov.br\/#\/schema\/logo\/image\/"},"sameAs":["https:\/\/m.facebook.com\/prefeituradecambe"]},{"@type":"Person","@id":"https:\/\/www.cambe.pr.gov.br\/#\/schema\/person\/8e3ee69cb2cadf4b9f8377407227effd","name":"Vinicius Augusto Batista Eira","image":{"@type":"ImageObject","inLanguage":"pt-BR","@id":"https:\/\/secure.gravatar.com\/avatar\/1ec500de7013b30e1d4d7c8c3978f0e4433c37e5d5e4cd186239369c6440122b?s=96&d=mm&r=g","url":"https:\/\/secure.gravatar.com\/avatar\/1ec500de7013b30e1d4d7c8c3978f0e4433c37e5d5e4cd186239369c6440122b?s=96&d=mm&r=g","contentUrl":"https:\/\/secure.gravatar.com\/avatar\/1ec500de7013b30e1d4d7c8c3978f0e4433c37e5d5e4cd186239369c6440122b?s=96&d=mm&r=g","caption":"Vinicius Augusto Batista Eira"},"url":"https:\/\/www.cambe.pr.gov.br\/index.php\/author\/vabeira\/"}]}},"_links":{"self":[{"href":"https:\/\/www.cambe.pr.gov.br\/index.php\/wp-json\/wp\/v2\/posts\/14413","targetHints":{"allow":["GET"]}}],"collection":[{"href":"https:\/\/www.cambe.pr.gov.br\/index.php\/wp-json\/wp\/v2\/posts"}],"about":[{"href":"https:\/\/www.cambe.pr.gov.br\/index.php\/wp-json\/wp\/v2\/types\/post"}],"author":[{"embeddable":true,"href":"https:\/\/www.cambe.pr.gov.br\/index.php\/wp-json\/wp\/v2\/users\/16"}],"replies":[{"embeddable":true,"href":"https:\/\/www.cambe.pr.gov.br\/index.php\/wp-json\/wp\/v2\/comments?post=14413"}],"version-history":[{"count":3,"href":"https:\/\/www.cambe.pr.gov.br\/index.php\/wp-json\/wp\/v2\/posts\/14413\/revisions"}],"predecessor-version":[{"id":14434,"href":"https:\/\/www.cambe.pr.gov.br\/index.php\/wp-json\/wp\/v2\/posts\/14413\/revisions\/14434"}],"wp:attachment":[{"href":"https:\/\/www.cambe.pr.gov.br\/index.php\/wp-json\/wp\/v2\/media?parent=14413"}],"wp:term":[{"taxonomy":"category","embeddable":true,"href":"https:\/\/www.cambe.pr.gov.br\/index.php\/wp-json\/wp\/v2\/categories?post=14413"},{"taxonomy":"post_tag","embeddable":true,"href":"https:\/\/www.cambe.pr.gov.br\/index.php\/wp-json\/wp\/v2\/tags?post=14413"}],"curies":[{"name":"wp","href":"https:\/\/api.w.org\/{rel}","templated":true}]}}