{"id":14169,"date":"2024-03-27T16:01:32","date_gmt":"2024-03-27T19:01:32","guid":{"rendered":"https:\/\/www.cambe.pr.gov.br\/?p=14169"},"modified":"2024-10-07T13:01:36","modified_gmt":"2024-10-07T16:01:36","slug":"operacao-de-fiscalizacao-remove-quatro-caminhoes-de-lixo-de-uma-unica-casa","status":"publish","type":"post","link":"https:\/\/www.cambe.pr.gov.br\/index.php\/operacao-de-fiscalizacao-remove-quatro-caminhoes-de-lixo-de-uma-unica-casa\/","title":{"rendered":"Opera\u00e7\u00e3o de fiscaliza\u00e7\u00e3o remove quatro caminh\u00f5es de lixo de uma \u00fanica casa"},"content":{"rendered":"<p style=\"text-align: justify;\"><span style=\"font-weight: 400; font-family: arial, helvetica, sans-serif;\"><img fetchpriority=\"high\" decoding=\"async\" class=\"alignleft wp-image-14170 size-large\" src=\"https:\/\/www.cambe.pr.gov.br\/wp-content\/uploads\/2024\/03\/WhatsApp-Image-2024-03-27-at-11.56.00-e1711560802546-1024x683.jpeg\" alt=\"\" width=\"610\" height=\"407\" srcset=\"https:\/\/www.cambe.pr.gov.br\/wp-content\/uploads\/2024\/03\/WhatsApp-Image-2024-03-27-at-11.56.00-e1711560802546-1024x683.jpeg 1024w, https:\/\/www.cambe.pr.gov.br\/wp-content\/uploads\/2024\/03\/WhatsApp-Image-2024-03-27-at-11.56.00-e1711560802546-300x200.jpeg 300w, https:\/\/www.cambe.pr.gov.br\/wp-content\/uploads\/2024\/03\/WhatsApp-Image-2024-03-27-at-11.56.00-e1711560802546-768x512.jpeg 768w, https:\/\/www.cambe.pr.gov.br\/wp-content\/uploads\/2024\/03\/WhatsApp-Image-2024-03-27-at-11.56.00-e1711560802546.jpeg 1200w\" sizes=\"(max-width: 610px) 100vw, 610px\" \/>Nesta quarta-feira (27), a Prefeitura de Camb\u00e9 realizou mais uma A\u00e7\u00e3o Integrada de Fiscaliza\u00e7\u00e3o Urbana (AIFU). A opera\u00e7\u00e3o foi realizada pela Secretaria de Sa\u00fade, por meio da Vigil\u00e2ncia Ambiental, com o apoio da Secretaria de Meio Ambiente. Ao todo, foram removidos quatro caminh\u00f5es de entulho de uma \u00fanica casa, alvo de reclama\u00e7\u00e3o na vizinhan\u00e7a e que j\u00e1 vinha sendo acompanhada de perto pela Vigil\u00e2ncia, por conta do risco sanit\u00e1rio apresentado.<\/span><\/p>\n<p style=\"text-align: justify;\"><span style=\"font-weight: 400; font-family: arial, helvetica, sans-serif;\">O assessor administrativo da Secretaria de Sa\u00fade, Rodrigo Janu\u00e1rio, explicou que a partir de agora todos os procedimentos administrativos sanit\u00e1rios ser\u00e3o tomados. \u201cLocais como esse, com muito lixo e entulho acumulados, acabam se transformando em grandes focos para mosquito da dengue, vetores e transmissores de doen\u00e7as. Com isso, realizamos as a\u00e7\u00f5es com o objetivo de garantir a sa\u00fade da popula\u00e7\u00e3o residente no entorno da resid\u00eancia\u201d.<\/span><\/p>\n<p style=\"text-align: justify;\"><span style=\"font-family: arial, helvetica, sans-serif;\"><span style=\"font-weight: 400;\">Qualquer pessoa pode fazer a den\u00fancia de estabelecimentos irregulares, ve\u00edculos abandonados em vias p\u00fablicas ou de im\u00f3veis com ac\u00famulo de materiais no munic\u00edpio atrav\u00e9s da Ouvidoria Municipal pelos telefones 156, 3174-2772 ou 3174-2773; online atrav\u00e9s <\/span><strong><a href=\"http:\/\/sistema.cambe.pr.gov.br:8082\/ouvidoria\/orgaos\/123\/fale_ouvidor.php\">deste site<\/a><\/strong><span style=\"font-weight: 400;\">; ou pessoalmente na sede da Ouvidoria que fica na Rua Par\u00e1, 46. Lembrando que a autoria da ocorr\u00eancia \u00e9 mantida sob sigilo.<\/span><\/span><\/p>\n","protected":false},"excerpt":{"rendered":"<p>Nesta quarta-feira (27), a Prefeitura de Camb\u00e9 realizou mais uma A\u00e7\u00e3o Integrada de Fiscaliza\u00e7\u00e3o Urbana (AIFU). A opera\u00e7\u00e3o foi realizada pela Secretaria de Sa\u00fade, por meio da Vigil\u00e2ncia Ambiental, com o apoio da Secretaria de Meio Ambiente. Ao todo, foram removidos quatro caminh\u00f5es de entulho de uma \u00fanica casa, alvo de reclama\u00e7\u00e3o na vizinhan\u00e7a e [&hellip;]<\/p>\n","protected":false},"author":16,"featured_media":0,"comment_status":"closed","ping_status":"open","sticky":false,"template":"","format":"standard","meta":{"ngg_post_thumbnail":0,"footnotes":""},"categories":[1],"tags":[],"class_list":["post-14169","post","type-post","status-publish","format-standard","hentry","category-principal"],"yoast_head":"<!-- This site is optimized with the Yoast SEO plugin v27.4 - https:\/\/yoast.com\/product\/yoast-seo-wordpress\/ -->\n<title>Opera\u00e7\u00e3o de fiscaliza\u00e7\u00e3o remove quatro caminh\u00f5es de lixo de uma \u00fanica casa - Prefeitura de Camb\u00e9<\/title>\n<meta name=\"robots\" content=\"index, follow, max-snippet:-1, max-image-preview:large, max-video-preview:-1\" \/>\n<link rel=\"canonical\" href=\"https:\/\/www.cambe.pr.gov.br\/index.php\/operacao-de-fiscalizacao-remove-quatro-caminhoes-de-lixo-de-uma-unica-casa\/\" \/>\n<meta property=\"og:locale\" content=\"pt_BR\" \/>\n<meta property=\"og:type\" content=\"article\" \/>\n<meta property=\"og:title\" content=\"Opera\u00e7\u00e3o de fiscaliza\u00e7\u00e3o remove quatro caminh\u00f5es de lixo de uma \u00fanica casa - Prefeitura de Camb\u00e9\" \/>\n<meta property=\"og:description\" content=\"Nesta quarta-feira (27), a Prefeitura de Camb\u00e9 realizou mais uma A\u00e7\u00e3o Integrada de Fiscaliza\u00e7\u00e3o Urbana (AIFU). A opera\u00e7\u00e3o foi realizada pela Secretaria de Sa\u00fade, por meio da Vigil\u00e2ncia Ambiental, com o apoio da Secretaria de Meio Ambiente. Ao todo, foram removidos quatro caminh\u00f5es de entulho de uma \u00fanica casa, alvo de reclama\u00e7\u00e3o na vizinhan\u00e7a e [&hellip;]\" \/>\n<meta property=\"og:url\" content=\"https:\/\/www.cambe.pr.gov.br\/index.php\/operacao-de-fiscalizacao-remove-quatro-caminhoes-de-lixo-de-uma-unica-casa\/\" \/>\n<meta property=\"og:site_name\" content=\"Prefeitura de Camb\u00e9\" \/>\n<meta property=\"article:publisher\" content=\"https:\/\/m.facebook.com\/prefeituradecambe\" \/>\n<meta property=\"article:published_time\" content=\"2024-03-27T19:01:32+00:00\" \/>\n<meta property=\"article:modified_time\" content=\"2024-10-07T16:01:36+00:00\" \/>\n<meta property=\"og:image\" content=\"https:\/\/www.cambe.pr.gov.br\/wp-content\/uploads\/2024\/03\/WhatsApp-Image-2024-03-27-at-11.56.00-e1711560802546-1024x683.jpeg\" \/>\n<meta name=\"author\" content=\"Vinicius Augusto Batista Eira\" \/>\n<meta name=\"twitter:card\" content=\"summary_large_image\" \/>\n<meta name=\"twitter:label1\" content=\"Escrito por\" \/>\n\t<meta name=\"twitter:data1\" content=\"Vinicius Augusto Batista Eira\" \/>\n\t<meta name=\"twitter:label2\" content=\"Est. tempo de leitura\" \/>\n\t<meta name=\"twitter:data2\" content=\"2 minutos\" \/>\n<script type=\"application\/ld+json\" class=\"yoast-schema-graph\">{\"@context\":\"https:\\\/\\\/schema.org\",\"@graph\":[{\"@type\":\"Article\",\"@id\":\"https:\\\/\\\/www.cambe.pr.gov.br\\\/index.php\\\/operacao-de-fiscalizacao-remove-quatro-caminhoes-de-lixo-de-uma-unica-casa\\\/#article\",\"isPartOf\":{\"@id\":\"https:\\\/\\\/www.cambe.pr.gov.br\\\/index.php\\\/operacao-de-fiscalizacao-remove-quatro-caminhoes-de-lixo-de-uma-unica-casa\\\/\"},\"author\":{\"name\":\"Vinicius Augusto Batista Eira\",\"@id\":\"https:\\\/\\\/www.cambe.pr.gov.br\\\/#\\\/schema\\\/person\\\/8e3ee69cb2cadf4b9f8377407227effd\"},\"headline\":\"Opera\u00e7\u00e3o de fiscaliza\u00e7\u00e3o remove quatro caminh\u00f5es de lixo de uma \u00fanica casa\",\"datePublished\":\"2024-03-27T19:01:32+00:00\",\"dateModified\":\"2024-10-07T16:01:36+00:00\",\"mainEntityOfPage\":{\"@id\":\"https:\\\/\\\/www.cambe.pr.gov.br\\\/index.php\\\/operacao-de-fiscalizacao-remove-quatro-caminhoes-de-lixo-de-uma-unica-casa\\\/\"},\"wordCount\":233,\"publisher\":{\"@id\":\"https:\\\/\\\/www.cambe.pr.gov.br\\\/#organization\"},\"image\":{\"@id\":\"https:\\\/\\\/www.cambe.pr.gov.br\\\/index.php\\\/operacao-de-fiscalizacao-remove-quatro-caminhoes-de-lixo-de-uma-unica-casa\\\/#primaryimage\"},\"thumbnailUrl\":\"https:\\\/\\\/www.cambe.pr.gov.br\\\/wp-content\\\/uploads\\\/2024\\\/03\\\/WhatsApp-Image-2024-03-27-at-11.56.00-e1711560802546-1024x683.jpeg\",\"articleSection\":[\"Principal\"],\"inLanguage\":\"pt-BR\"},{\"@type\":\"WebPage\",\"@id\":\"https:\\\/\\\/www.cambe.pr.gov.br\\\/index.php\\\/operacao-de-fiscalizacao-remove-quatro-caminhoes-de-lixo-de-uma-unica-casa\\\/\",\"url\":\"https:\\\/\\\/www.cambe.pr.gov.br\\\/index.php\\\/operacao-de-fiscalizacao-remove-quatro-caminhoes-de-lixo-de-uma-unica-casa\\\/\",\"name\":\"Opera\u00e7\u00e3o de fiscaliza\u00e7\u00e3o remove quatro caminh\u00f5es de lixo de uma \u00fanica casa - Prefeitura de Camb\u00e9\",\"isPartOf\":{\"@id\":\"https:\\\/\\\/www.cambe.pr.gov.br\\\/#website\"},\"primaryImageOfPage\":{\"@id\":\"https:\\\/\\\/www.cambe.pr.gov.br\\\/index.php\\\/operacao-de-fiscalizacao-remove-quatro-caminhoes-de-lixo-de-uma-unica-casa\\\/#primaryimage\"},\"image\":{\"@id\":\"https:\\\/\\\/www.cambe.pr.gov.br\\\/index.php\\\/operacao-de-fiscalizacao-remove-quatro-caminhoes-de-lixo-de-uma-unica-casa\\\/#primaryimage\"},\"thumbnailUrl\":\"https:\\\/\\\/www.cambe.pr.gov.br\\\/wp-content\\\/uploads\\\/2024\\\/03\\\/WhatsApp-Image-2024-03-27-at-11.56.00-e1711560802546-1024x683.jpeg\",\"datePublished\":\"2024-03-27T19:01:32+00:00\",\"dateModified\":\"2024-10-07T16:01:36+00:00\",\"breadcrumb\":{\"@id\":\"https:\\\/\\\/www.cambe.pr.gov.br\\\/index.php\\\/operacao-de-fiscalizacao-remove-quatro-caminhoes-de-lixo-de-uma-unica-casa\\\/#breadcrumb\"},\"inLanguage\":\"pt-BR\",\"potentialAction\":[{\"@type\":\"ReadAction\",\"target\":[\"https:\\\/\\\/www.cambe.pr.gov.br\\\/index.php\\\/operacao-de-fiscalizacao-remove-quatro-caminhoes-de-lixo-de-uma-unica-casa\\\/\"]}]},{\"@type\":\"ImageObject\",\"inLanguage\":\"pt-BR\",\"@id\":\"https:\\\/\\\/www.cambe.pr.gov.br\\\/index.php\\\/operacao-de-fiscalizacao-remove-quatro-caminhoes-de-lixo-de-uma-unica-casa\\\/#primaryimage\",\"url\":\"https:\\\/\\\/www.cambe.pr.gov.br\\\/wp-content\\\/uploads\\\/2024\\\/03\\\/WhatsApp-Image-2024-03-27-at-11.56.00-e1711560802546.jpeg\",\"contentUrl\":\"https:\\\/\\\/www.cambe.pr.gov.br\\\/wp-content\\\/uploads\\\/2024\\\/03\\\/WhatsApp-Image-2024-03-27-at-11.56.00-e1711560802546.jpeg\",\"width\":1200,\"height\":800},{\"@type\":\"BreadcrumbList\",\"@id\":\"https:\\\/\\\/www.cambe.pr.gov.br\\\/index.php\\\/operacao-de-fiscalizacao-remove-quatro-caminhoes-de-lixo-de-uma-unica-casa\\\/#breadcrumb\",\"itemListElement\":[{\"@type\":\"ListItem\",\"position\":1,\"name\":\"In\u00edcio\",\"item\":\"https:\\\/\\\/www.cambe.pr.gov.br\\\/\"},{\"@type\":\"ListItem\",\"position\":2,\"name\":\"Opera\u00e7\u00e3o de fiscaliza\u00e7\u00e3o remove quatro caminh\u00f5es de lixo de uma \u00fanica casa\"}]},{\"@type\":\"WebSite\",\"@id\":\"https:\\\/\\\/www.cambe.pr.gov.br\\\/#website\",\"url\":\"https:\\\/\\\/www.cambe.pr.gov.br\\\/\",\"name\":\"Prefeitura de Camb\u00e9\",\"description\":\"UM GOVERNO PARA TODOS\",\"publisher\":{\"@id\":\"https:\\\/\\\/www.cambe.pr.gov.br\\\/#organization\"},\"potentialAction\":[{\"@type\":\"SearchAction\",\"target\":{\"@type\":\"EntryPoint\",\"urlTemplate\":\"https:\\\/\\\/www.cambe.pr.gov.br\\\/?s={search_term_string}\"},\"query-input\":{\"@type\":\"PropertyValueSpecification\",\"valueRequired\":true,\"valueName\":\"search_term_string\"}}],\"inLanguage\":\"pt-BR\"},{\"@type\":\"Organization\",\"@id\":\"https:\\\/\\\/www.cambe.pr.gov.br\\\/#organization\",\"name\":\"Prefeitura de Camb\u00e9\",\"url\":\"https:\\\/\\\/www.cambe.pr.gov.br\\\/\",\"logo\":{\"@type\":\"ImageObject\",\"inLanguage\":\"pt-BR\",\"@id\":\"https:\\\/\\\/www.cambe.pr.gov.br\\\/#\\\/schema\\\/logo\\\/image\\\/\",\"url\":\"https:\\\/\\\/www.cambe.pr.gov.br\\\/wp-content\\\/uploads\\\/2021\\\/01\\\/cropped-cropped-cambe_brazao-icone.png\",\"contentUrl\":\"https:\\\/\\\/www.cambe.pr.gov.br\\\/wp-content\\\/uploads\\\/2021\\\/01\\\/cropped-cropped-cambe_brazao-icone.png\",\"width\":240,\"height\":240,\"caption\":\"Prefeitura de Camb\u00e9\"},\"image\":{\"@id\":\"https:\\\/\\\/www.cambe.pr.gov.br\\\/#\\\/schema\\\/logo\\\/image\\\/\"},\"sameAs\":[\"https:\\\/\\\/m.facebook.com\\\/prefeituradecambe\"]},{\"@type\":\"Person\",\"@id\":\"https:\\\/\\\/www.cambe.pr.gov.br\\\/#\\\/schema\\\/person\\\/8e3ee69cb2cadf4b9f8377407227effd\",\"name\":\"Vinicius Augusto Batista Eira\",\"image\":{\"@type\":\"ImageObject\",\"inLanguage\":\"pt-BR\",\"@id\":\"https:\\\/\\\/secure.gravatar.com\\\/avatar\\\/1ec500de7013b30e1d4d7c8c3978f0e4433c37e5d5e4cd186239369c6440122b?s=96&d=mm&r=g\",\"url\":\"https:\\\/\\\/secure.gravatar.com\\\/avatar\\\/1ec500de7013b30e1d4d7c8c3978f0e4433c37e5d5e4cd186239369c6440122b?s=96&d=mm&r=g\",\"contentUrl\":\"https:\\\/\\\/secure.gravatar.com\\\/avatar\\\/1ec500de7013b30e1d4d7c8c3978f0e4433c37e5d5e4cd186239369c6440122b?s=96&d=mm&r=g\",\"caption\":\"Vinicius Augusto Batista Eira\"},\"url\":\"https:\\\/\\\/www.cambe.pr.gov.br\\\/index.php\\\/author\\\/vabeira\\\/\"}]}<\/script>\n<!-- \/ Yoast SEO plugin. -->","yoast_head_json":{"title":"Opera\u00e7\u00e3o de fiscaliza\u00e7\u00e3o remove quatro caminh\u00f5es de lixo de uma \u00fanica casa - Prefeitura de Camb\u00e9","robots":{"index":"index","follow":"follow","max-snippet":"max-snippet:-1","max-image-preview":"max-image-preview:large","max-video-preview":"max-video-preview:-1"},"canonical":"https:\/\/www.cambe.pr.gov.br\/index.php\/operacao-de-fiscalizacao-remove-quatro-caminhoes-de-lixo-de-uma-unica-casa\/","og_locale":"pt_BR","og_type":"article","og_title":"Opera\u00e7\u00e3o de fiscaliza\u00e7\u00e3o remove quatro caminh\u00f5es de lixo de uma \u00fanica casa - Prefeitura de Camb\u00e9","og_description":"Nesta quarta-feira (27), a Prefeitura de Camb\u00e9 realizou mais uma A\u00e7\u00e3o Integrada de Fiscaliza\u00e7\u00e3o Urbana (AIFU). A opera\u00e7\u00e3o foi realizada pela Secretaria de Sa\u00fade, por meio da Vigil\u00e2ncia Ambiental, com o apoio da Secretaria de Meio Ambiente. Ao todo, foram removidos quatro caminh\u00f5es de entulho de uma \u00fanica casa, alvo de reclama\u00e7\u00e3o na vizinhan\u00e7a e [&hellip;]","og_url":"https:\/\/www.cambe.pr.gov.br\/index.php\/operacao-de-fiscalizacao-remove-quatro-caminhoes-de-lixo-de-uma-unica-casa\/","og_site_name":"Prefeitura de Camb\u00e9","article_publisher":"https:\/\/m.facebook.com\/prefeituradecambe","article_published_time":"2024-03-27T19:01:32+00:00","article_modified_time":"2024-10-07T16:01:36+00:00","og_image":[{"url":"https:\/\/www.cambe.pr.gov.br\/wp-content\/uploads\/2024\/03\/WhatsApp-Image-2024-03-27-at-11.56.00-e1711560802546-1024x683.jpeg","type":"","width":"","height":""}],"author":"Vinicius Augusto Batista Eira","twitter_card":"summary_large_image","twitter_misc":{"Escrito por":"Vinicius Augusto Batista Eira","Est. tempo de leitura":"2 minutos"},"schema":{"@context":"https:\/\/schema.org","@graph":[{"@type":"Article","@id":"https:\/\/www.cambe.pr.gov.br\/index.php\/operacao-de-fiscalizacao-remove-quatro-caminhoes-de-lixo-de-uma-unica-casa\/#article","isPartOf":{"@id":"https:\/\/www.cambe.pr.gov.br\/index.php\/operacao-de-fiscalizacao-remove-quatro-caminhoes-de-lixo-de-uma-unica-casa\/"},"author":{"name":"Vinicius Augusto Batista Eira","@id":"https:\/\/www.cambe.pr.gov.br\/#\/schema\/person\/8e3ee69cb2cadf4b9f8377407227effd"},"headline":"Opera\u00e7\u00e3o de fiscaliza\u00e7\u00e3o remove quatro caminh\u00f5es de lixo de uma \u00fanica casa","datePublished":"2024-03-27T19:01:32+00:00","dateModified":"2024-10-07T16:01:36+00:00","mainEntityOfPage":{"@id":"https:\/\/www.cambe.pr.gov.br\/index.php\/operacao-de-fiscalizacao-remove-quatro-caminhoes-de-lixo-de-uma-unica-casa\/"},"wordCount":233,"publisher":{"@id":"https:\/\/www.cambe.pr.gov.br\/#organization"},"image":{"@id":"https:\/\/www.cambe.pr.gov.br\/index.php\/operacao-de-fiscalizacao-remove-quatro-caminhoes-de-lixo-de-uma-unica-casa\/#primaryimage"},"thumbnailUrl":"https:\/\/www.cambe.pr.gov.br\/wp-content\/uploads\/2024\/03\/WhatsApp-Image-2024-03-27-at-11.56.00-e1711560802546-1024x683.jpeg","articleSection":["Principal"],"inLanguage":"pt-BR"},{"@type":"WebPage","@id":"https:\/\/www.cambe.pr.gov.br\/index.php\/operacao-de-fiscalizacao-remove-quatro-caminhoes-de-lixo-de-uma-unica-casa\/","url":"https:\/\/www.cambe.pr.gov.br\/index.php\/operacao-de-fiscalizacao-remove-quatro-caminhoes-de-lixo-de-uma-unica-casa\/","name":"Opera\u00e7\u00e3o de fiscaliza\u00e7\u00e3o remove quatro caminh\u00f5es de lixo de uma \u00fanica casa - Prefeitura de Camb\u00e9","isPartOf":{"@id":"https:\/\/www.cambe.pr.gov.br\/#website"},"primaryImageOfPage":{"@id":"https:\/\/www.cambe.pr.gov.br\/index.php\/operacao-de-fiscalizacao-remove-quatro-caminhoes-de-lixo-de-uma-unica-casa\/#primaryimage"},"image":{"@id":"https:\/\/www.cambe.pr.gov.br\/index.php\/operacao-de-fiscalizacao-remove-quatro-caminhoes-de-lixo-de-uma-unica-casa\/#primaryimage"},"thumbnailUrl":"https:\/\/www.cambe.pr.gov.br\/wp-content\/uploads\/2024\/03\/WhatsApp-Image-2024-03-27-at-11.56.00-e1711560802546-1024x683.jpeg","datePublished":"2024-03-27T19:01:32+00:00","dateModified":"2024-10-07T16:01:36+00:00","breadcrumb":{"@id":"https:\/\/www.cambe.pr.gov.br\/index.php\/operacao-de-fiscalizacao-remove-quatro-caminhoes-de-lixo-de-uma-unica-casa\/#breadcrumb"},"inLanguage":"pt-BR","potentialAction":[{"@type":"ReadAction","target":["https:\/\/www.cambe.pr.gov.br\/index.php\/operacao-de-fiscalizacao-remove-quatro-caminhoes-de-lixo-de-uma-unica-casa\/"]}]},{"@type":"ImageObject","inLanguage":"pt-BR","@id":"https:\/\/www.cambe.pr.gov.br\/index.php\/operacao-de-fiscalizacao-remove-quatro-caminhoes-de-lixo-de-uma-unica-casa\/#primaryimage","url":"https:\/\/www.cambe.pr.gov.br\/wp-content\/uploads\/2024\/03\/WhatsApp-Image-2024-03-27-at-11.56.00-e1711560802546.jpeg","contentUrl":"https:\/\/www.cambe.pr.gov.br\/wp-content\/uploads\/2024\/03\/WhatsApp-Image-2024-03-27-at-11.56.00-e1711560802546.jpeg","width":1200,"height":800},{"@type":"BreadcrumbList","@id":"https:\/\/www.cambe.pr.gov.br\/index.php\/operacao-de-fiscalizacao-remove-quatro-caminhoes-de-lixo-de-uma-unica-casa\/#breadcrumb","itemListElement":[{"@type":"ListItem","position":1,"name":"In\u00edcio","item":"https:\/\/www.cambe.pr.gov.br\/"},{"@type":"ListItem","position":2,"name":"Opera\u00e7\u00e3o de fiscaliza\u00e7\u00e3o remove quatro caminh\u00f5es de lixo de uma \u00fanica casa"}]},{"@type":"WebSite","@id":"https:\/\/www.cambe.pr.gov.br\/#website","url":"https:\/\/www.cambe.pr.gov.br\/","name":"Prefeitura de Camb\u00e9","description":"UM GOVERNO PARA TODOS","publisher":{"@id":"https:\/\/www.cambe.pr.gov.br\/#organization"},"potentialAction":[{"@type":"SearchAction","target":{"@type":"EntryPoint","urlTemplate":"https:\/\/www.cambe.pr.gov.br\/?s={search_term_string}"},"query-input":{"@type":"PropertyValueSpecification","valueRequired":true,"valueName":"search_term_string"}}],"inLanguage":"pt-BR"},{"@type":"Organization","@id":"https:\/\/www.cambe.pr.gov.br\/#organization","name":"Prefeitura de Camb\u00e9","url":"https:\/\/www.cambe.pr.gov.br\/","logo":{"@type":"ImageObject","inLanguage":"pt-BR","@id":"https:\/\/www.cambe.pr.gov.br\/#\/schema\/logo\/image\/","url":"https:\/\/www.cambe.pr.gov.br\/wp-content\/uploads\/2021\/01\/cropped-cropped-cambe_brazao-icone.png","contentUrl":"https:\/\/www.cambe.pr.gov.br\/wp-content\/uploads\/2021\/01\/cropped-cropped-cambe_brazao-icone.png","width":240,"height":240,"caption":"Prefeitura de Camb\u00e9"},"image":{"@id":"https:\/\/www.cambe.pr.gov.br\/#\/schema\/logo\/image\/"},"sameAs":["https:\/\/m.facebook.com\/prefeituradecambe"]},{"@type":"Person","@id":"https:\/\/www.cambe.pr.gov.br\/#\/schema\/person\/8e3ee69cb2cadf4b9f8377407227effd","name":"Vinicius Augusto Batista Eira","image":{"@type":"ImageObject","inLanguage":"pt-BR","@id":"https:\/\/secure.gravatar.com\/avatar\/1ec500de7013b30e1d4d7c8c3978f0e4433c37e5d5e4cd186239369c6440122b?s=96&d=mm&r=g","url":"https:\/\/secure.gravatar.com\/avatar\/1ec500de7013b30e1d4d7c8c3978f0e4433c37e5d5e4cd186239369c6440122b?s=96&d=mm&r=g","contentUrl":"https:\/\/secure.gravatar.com\/avatar\/1ec500de7013b30e1d4d7c8c3978f0e4433c37e5d5e4cd186239369c6440122b?s=96&d=mm&r=g","caption":"Vinicius Augusto Batista Eira"},"url":"https:\/\/www.cambe.pr.gov.br\/index.php\/author\/vabeira\/"}]}},"_links":{"self":[{"href":"https:\/\/www.cambe.pr.gov.br\/index.php\/wp-json\/wp\/v2\/posts\/14169","targetHints":{"allow":["GET"]}}],"collection":[{"href":"https:\/\/www.cambe.pr.gov.br\/index.php\/wp-json\/wp\/v2\/posts"}],"about":[{"href":"https:\/\/www.cambe.pr.gov.br\/index.php\/wp-json\/wp\/v2\/types\/post"}],"author":[{"embeddable":true,"href":"https:\/\/www.cambe.pr.gov.br\/index.php\/wp-json\/wp\/v2\/users\/16"}],"replies":[{"embeddable":true,"href":"https:\/\/www.cambe.pr.gov.br\/index.php\/wp-json\/wp\/v2\/comments?post=14169"}],"version-history":[{"count":2,"href":"https:\/\/www.cambe.pr.gov.br\/index.php\/wp-json\/wp\/v2\/posts\/14169\/revisions"}],"predecessor-version":[{"id":14172,"href":"https:\/\/www.cambe.pr.gov.br\/index.php\/wp-json\/wp\/v2\/posts\/14169\/revisions\/14172"}],"wp:attachment":[{"href":"https:\/\/www.cambe.pr.gov.br\/index.php\/wp-json\/wp\/v2\/media?parent=14169"}],"wp:term":[{"taxonomy":"category","embeddable":true,"href":"https:\/\/www.cambe.pr.gov.br\/index.php\/wp-json\/wp\/v2\/categories?post=14169"},{"taxonomy":"post_tag","embeddable":true,"href":"https:\/\/www.cambe.pr.gov.br\/index.php\/wp-json\/wp\/v2\/tags?post=14169"}],"curies":[{"name":"wp","href":"https:\/\/api.w.org\/{rel}","templated":true}]}}