{"id":14159,"date":"2024-03-26T15:55:54","date_gmt":"2024-03-26T18:55:54","guid":{"rendered":"https:\/\/www.cambe.pr.gov.br\/?p=14159"},"modified":"2024-10-07T13:01:36","modified_gmt":"2024-10-07T16:01:36","slug":"prefeitura-amplia-vacinacao-contra-influenza-para-toda-a-populacao-com-mais-de-60-anos","status":"publish","type":"post","link":"https:\/\/www.cambe.pr.gov.br\/index.php\/prefeitura-amplia-vacinacao-contra-influenza-para-toda-a-populacao-com-mais-de-60-anos\/","title":{"rendered":"Prefeitura amplia vacina\u00e7\u00e3o contra Influenza para toda a popula\u00e7\u00e3o com mais de 60 anos"},"content":{"rendered":"<p style=\"text-align: justify;\"><span style=\"font-weight: 400; font-family: arial, helvetica, sans-serif;\"><img fetchpriority=\"high\" decoding=\"async\" class=\"alignleft wp-image-14162 size-large\" src=\"https:\/\/www.cambe.pr.gov.br\/wp-content\/uploads\/2024\/03\/DSC_0013-1024x678.jpg\" alt=\"\" width=\"610\" height=\"404\" srcset=\"https:\/\/www.cambe.pr.gov.br\/wp-content\/uploads\/2024\/03\/DSC_0013-1024x678.jpg 1024w, https:\/\/www.cambe.pr.gov.br\/wp-content\/uploads\/2024\/03\/DSC_0013-300x199.jpg 300w, https:\/\/www.cambe.pr.gov.br\/wp-content\/uploads\/2024\/03\/DSC_0013-768x509.jpg 768w, https:\/\/www.cambe.pr.gov.br\/wp-content\/uploads\/2024\/03\/DSC_0013-1536x1018.jpg 1536w, https:\/\/www.cambe.pr.gov.br\/wp-content\/uploads\/2024\/03\/DSC_0013-2048x1357.jpg 2048w\" sizes=\"(max-width: 610px) 100vw, 610px\" \/>A partir desta quarta-feira (27), a Prefeitura de Camb\u00e9, atrav\u00e9s da Secretaria Municipal de Sa\u00fade P\u00fablica, vai ampliar a faixa et\u00e1ria de vacina\u00e7\u00e3o contra Influenza e imunizar toda a popula\u00e7\u00e3o acima de 60 anos. A aplica\u00e7\u00e3o das doses ocorre nas Unidades B\u00e1sicas de Sa\u00fade (UBS) \u2013 com exce\u00e7\u00e3o a do Ana Rosa e Cristal. \u00c9 s\u00f3 comparecer em uma Unidade, das 8h \u00e0s 18h, com carteira de vacina\u00e7\u00e3o. N\u00e3o h\u00e1 necessidade de agendamento.<\/span><\/p>\n<p style=\"text-align: justify;\"><span style=\"font-weight: 400; font-family: arial, helvetica, sans-serif;\">A campanha nacional de vacina\u00e7\u00e3o contra a Influenza teve in\u00edcio nesta segunda-feira (25), em raz\u00e3o do aumento da circula\u00e7\u00e3o de v\u00edrus respirat\u00f3rios no pa\u00eds, principalmente com o forte calor chegando ao fim. O objetivo \u00e9 prevenir os v\u00edrus, que geralmente come\u00e7am a circular em maio, junho e julho.\u00a0<\/span><\/p>\n<p style=\"text-align: justify;\"><span style=\"font-weight: 400; font-family: arial, helvetica, sans-serif;\">Em Camb\u00e9, s\u00f3 no primeiro dia de vacina\u00e7\u00e3o, foram aplicadas 130 doses do imunizante na popula\u00e7\u00e3o entre 60 e 64 anos.<\/span><\/p>\n<p style=\"text-align: justify;\"><span style=\"font-weight: 400; font-family: arial, helvetica, sans-serif;\">De acordo com o Minist\u00e9rio da Sa\u00fade, a vacina utilizada \u00e9 trivalente, ou seja, apresenta tr\u00eas tipos de cepas de v\u00edrus em combina\u00e7\u00e3o, protegendo contra os principais v\u00edrus em circula\u00e7\u00e3o no Brasil.<\/span><\/p>\n","protected":false},"excerpt":{"rendered":"<p>A partir desta quarta-feira (27), a Prefeitura de Camb\u00e9, atrav\u00e9s da Secretaria Municipal de Sa\u00fade P\u00fablica, vai ampliar a faixa et\u00e1ria de vacina\u00e7\u00e3o contra Influenza e imunizar toda a popula\u00e7\u00e3o acima de 60 anos. A aplica\u00e7\u00e3o das doses ocorre nas Unidades B\u00e1sicas de Sa\u00fade (UBS) \u2013 com exce\u00e7\u00e3o a do Ana Rosa e Cristal. \u00c9 [&hellip;]<\/p>\n","protected":false},"author":16,"featured_media":0,"comment_status":"closed","ping_status":"open","sticky":false,"template":"","format":"standard","meta":{"ngg_post_thumbnail":0,"footnotes":""},"categories":[1],"tags":[],"class_list":["post-14159","post","type-post","status-publish","format-standard","hentry","category-principal"],"yoast_head":"<!-- This site is optimized with the Yoast SEO plugin v27.4 - https:\/\/yoast.com\/product\/yoast-seo-wordpress\/ -->\n<title>Prefeitura amplia vacina\u00e7\u00e3o contra Influenza para toda a popula\u00e7\u00e3o com mais de 60 anos - Prefeitura de Camb\u00e9<\/title>\n<meta name=\"robots\" content=\"index, follow, max-snippet:-1, max-image-preview:large, max-video-preview:-1\" \/>\n<link rel=\"canonical\" href=\"https:\/\/www.cambe.pr.gov.br\/index.php\/prefeitura-amplia-vacinacao-contra-influenza-para-toda-a-populacao-com-mais-de-60-anos\/\" \/>\n<meta property=\"og:locale\" content=\"pt_BR\" \/>\n<meta property=\"og:type\" content=\"article\" \/>\n<meta property=\"og:title\" content=\"Prefeitura amplia vacina\u00e7\u00e3o contra Influenza para toda a popula\u00e7\u00e3o com mais de 60 anos - Prefeitura de Camb\u00e9\" \/>\n<meta property=\"og:description\" content=\"A partir desta quarta-feira (27), a Prefeitura de Camb\u00e9, atrav\u00e9s da Secretaria Municipal de Sa\u00fade P\u00fablica, vai ampliar a faixa et\u00e1ria de vacina\u00e7\u00e3o contra Influenza e imunizar toda a popula\u00e7\u00e3o acima de 60 anos. A aplica\u00e7\u00e3o das doses ocorre nas Unidades B\u00e1sicas de Sa\u00fade (UBS) \u2013 com exce\u00e7\u00e3o a do Ana Rosa e Cristal. \u00c9 [&hellip;]\" \/>\n<meta property=\"og:url\" content=\"https:\/\/www.cambe.pr.gov.br\/index.php\/prefeitura-amplia-vacinacao-contra-influenza-para-toda-a-populacao-com-mais-de-60-anos\/\" \/>\n<meta property=\"og:site_name\" content=\"Prefeitura de Camb\u00e9\" \/>\n<meta property=\"article:publisher\" content=\"https:\/\/m.facebook.com\/prefeituradecambe\" \/>\n<meta property=\"article:published_time\" content=\"2024-03-26T18:55:54+00:00\" \/>\n<meta property=\"article:modified_time\" content=\"2024-10-07T16:01:36+00:00\" \/>\n<meta property=\"og:image\" content=\"https:\/\/www.cambe.pr.gov.br\/wp-content\/uploads\/2024\/03\/DSC_0013-1024x678.jpg\" \/>\n<meta name=\"author\" content=\"Vinicius Augusto Batista Eira\" \/>\n<meta name=\"twitter:card\" content=\"summary_large_image\" \/>\n<meta name=\"twitter:label1\" content=\"Escrito por\" \/>\n\t<meta name=\"twitter:data1\" content=\"Vinicius Augusto Batista Eira\" \/>\n\t<meta name=\"twitter:label2\" content=\"Est. tempo de leitura\" \/>\n\t<meta name=\"twitter:data2\" content=\"2 minutos\" \/>\n<script type=\"application\/ld+json\" class=\"yoast-schema-graph\">{\"@context\":\"https:\\\/\\\/schema.org\",\"@graph\":[{\"@type\":\"Article\",\"@id\":\"https:\\\/\\\/www.cambe.pr.gov.br\\\/index.php\\\/prefeitura-amplia-vacinacao-contra-influenza-para-toda-a-populacao-com-mais-de-60-anos\\\/#article\",\"isPartOf\":{\"@id\":\"https:\\\/\\\/www.cambe.pr.gov.br\\\/index.php\\\/prefeitura-amplia-vacinacao-contra-influenza-para-toda-a-populacao-com-mais-de-60-anos\\\/\"},\"author\":{\"name\":\"Vinicius Augusto Batista Eira\",\"@id\":\"https:\\\/\\\/www.cambe.pr.gov.br\\\/#\\\/schema\\\/person\\\/8e3ee69cb2cadf4b9f8377407227effd\"},\"headline\":\"Prefeitura amplia vacina\u00e7\u00e3o contra Influenza para toda a popula\u00e7\u00e3o com mais de 60 anos\",\"datePublished\":\"2024-03-26T18:55:54+00:00\",\"dateModified\":\"2024-10-07T16:01:36+00:00\",\"mainEntityOfPage\":{\"@id\":\"https:\\\/\\\/www.cambe.pr.gov.br\\\/index.php\\\/prefeitura-amplia-vacinacao-contra-influenza-para-toda-a-populacao-com-mais-de-60-anos\\\/\"},\"wordCount\":209,\"publisher\":{\"@id\":\"https:\\\/\\\/www.cambe.pr.gov.br\\\/#organization\"},\"image\":{\"@id\":\"https:\\\/\\\/www.cambe.pr.gov.br\\\/index.php\\\/prefeitura-amplia-vacinacao-contra-influenza-para-toda-a-populacao-com-mais-de-60-anos\\\/#primaryimage\"},\"thumbnailUrl\":\"https:\\\/\\\/www.cambe.pr.gov.br\\\/wp-content\\\/uploads\\\/2024\\\/03\\\/DSC_0013-1024x678.jpg\",\"articleSection\":[\"Principal\"],\"inLanguage\":\"pt-BR\"},{\"@type\":\"WebPage\",\"@id\":\"https:\\\/\\\/www.cambe.pr.gov.br\\\/index.php\\\/prefeitura-amplia-vacinacao-contra-influenza-para-toda-a-populacao-com-mais-de-60-anos\\\/\",\"url\":\"https:\\\/\\\/www.cambe.pr.gov.br\\\/index.php\\\/prefeitura-amplia-vacinacao-contra-influenza-para-toda-a-populacao-com-mais-de-60-anos\\\/\",\"name\":\"Prefeitura amplia vacina\u00e7\u00e3o contra Influenza para toda a popula\u00e7\u00e3o com mais de 60 anos - Prefeitura de Camb\u00e9\",\"isPartOf\":{\"@id\":\"https:\\\/\\\/www.cambe.pr.gov.br\\\/#website\"},\"primaryImageOfPage\":{\"@id\":\"https:\\\/\\\/www.cambe.pr.gov.br\\\/index.php\\\/prefeitura-amplia-vacinacao-contra-influenza-para-toda-a-populacao-com-mais-de-60-anos\\\/#primaryimage\"},\"image\":{\"@id\":\"https:\\\/\\\/www.cambe.pr.gov.br\\\/index.php\\\/prefeitura-amplia-vacinacao-contra-influenza-para-toda-a-populacao-com-mais-de-60-anos\\\/#primaryimage\"},\"thumbnailUrl\":\"https:\\\/\\\/www.cambe.pr.gov.br\\\/wp-content\\\/uploads\\\/2024\\\/03\\\/DSC_0013-1024x678.jpg\",\"datePublished\":\"2024-03-26T18:55:54+00:00\",\"dateModified\":\"2024-10-07T16:01:36+00:00\",\"breadcrumb\":{\"@id\":\"https:\\\/\\\/www.cambe.pr.gov.br\\\/index.php\\\/prefeitura-amplia-vacinacao-contra-influenza-para-toda-a-populacao-com-mais-de-60-anos\\\/#breadcrumb\"},\"inLanguage\":\"pt-BR\",\"potentialAction\":[{\"@type\":\"ReadAction\",\"target\":[\"https:\\\/\\\/www.cambe.pr.gov.br\\\/index.php\\\/prefeitura-amplia-vacinacao-contra-influenza-para-toda-a-populacao-com-mais-de-60-anos\\\/\"]}]},{\"@type\":\"ImageObject\",\"inLanguage\":\"pt-BR\",\"@id\":\"https:\\\/\\\/www.cambe.pr.gov.br\\\/index.php\\\/prefeitura-amplia-vacinacao-contra-influenza-para-toda-a-populacao-com-mais-de-60-anos\\\/#primaryimage\",\"url\":\"https:\\\/\\\/www.cambe.pr.gov.br\\\/wp-content\\\/uploads\\\/2024\\\/03\\\/DSC_0013.jpg\",\"contentUrl\":\"https:\\\/\\\/www.cambe.pr.gov.br\\\/wp-content\\\/uploads\\\/2024\\\/03\\\/DSC_0013.jpg\",\"width\":2196,\"height\":1455},{\"@type\":\"BreadcrumbList\",\"@id\":\"https:\\\/\\\/www.cambe.pr.gov.br\\\/index.php\\\/prefeitura-amplia-vacinacao-contra-influenza-para-toda-a-populacao-com-mais-de-60-anos\\\/#breadcrumb\",\"itemListElement\":[{\"@type\":\"ListItem\",\"position\":1,\"name\":\"In\u00edcio\",\"item\":\"https:\\\/\\\/www.cambe.pr.gov.br\\\/\"},{\"@type\":\"ListItem\",\"position\":2,\"name\":\"Prefeitura amplia vacina\u00e7\u00e3o contra Influenza para toda a popula\u00e7\u00e3o com mais de 60 anos\"}]},{\"@type\":\"WebSite\",\"@id\":\"https:\\\/\\\/www.cambe.pr.gov.br\\\/#website\",\"url\":\"https:\\\/\\\/www.cambe.pr.gov.br\\\/\",\"name\":\"Prefeitura de Camb\u00e9\",\"description\":\"UM GOVERNO PARA TODOS\",\"publisher\":{\"@id\":\"https:\\\/\\\/www.cambe.pr.gov.br\\\/#organization\"},\"potentialAction\":[{\"@type\":\"SearchAction\",\"target\":{\"@type\":\"EntryPoint\",\"urlTemplate\":\"https:\\\/\\\/www.cambe.pr.gov.br\\\/?s={search_term_string}\"},\"query-input\":{\"@type\":\"PropertyValueSpecification\",\"valueRequired\":true,\"valueName\":\"search_term_string\"}}],\"inLanguage\":\"pt-BR\"},{\"@type\":\"Organization\",\"@id\":\"https:\\\/\\\/www.cambe.pr.gov.br\\\/#organization\",\"name\":\"Prefeitura de Camb\u00e9\",\"url\":\"https:\\\/\\\/www.cambe.pr.gov.br\\\/\",\"logo\":{\"@type\":\"ImageObject\",\"inLanguage\":\"pt-BR\",\"@id\":\"https:\\\/\\\/www.cambe.pr.gov.br\\\/#\\\/schema\\\/logo\\\/image\\\/\",\"url\":\"https:\\\/\\\/www.cambe.pr.gov.br\\\/wp-content\\\/uploads\\\/2021\\\/01\\\/cropped-cropped-cambe_brazao-icone.png\",\"contentUrl\":\"https:\\\/\\\/www.cambe.pr.gov.br\\\/wp-content\\\/uploads\\\/2021\\\/01\\\/cropped-cropped-cambe_brazao-icone.png\",\"width\":240,\"height\":240,\"caption\":\"Prefeitura de Camb\u00e9\"},\"image\":{\"@id\":\"https:\\\/\\\/www.cambe.pr.gov.br\\\/#\\\/schema\\\/logo\\\/image\\\/\"},\"sameAs\":[\"https:\\\/\\\/m.facebook.com\\\/prefeituradecambe\"]},{\"@type\":\"Person\",\"@id\":\"https:\\\/\\\/www.cambe.pr.gov.br\\\/#\\\/schema\\\/person\\\/8e3ee69cb2cadf4b9f8377407227effd\",\"name\":\"Vinicius Augusto Batista Eira\",\"image\":{\"@type\":\"ImageObject\",\"inLanguage\":\"pt-BR\",\"@id\":\"https:\\\/\\\/secure.gravatar.com\\\/avatar\\\/1ec500de7013b30e1d4d7c8c3978f0e4433c37e5d5e4cd186239369c6440122b?s=96&d=mm&r=g\",\"url\":\"https:\\\/\\\/secure.gravatar.com\\\/avatar\\\/1ec500de7013b30e1d4d7c8c3978f0e4433c37e5d5e4cd186239369c6440122b?s=96&d=mm&r=g\",\"contentUrl\":\"https:\\\/\\\/secure.gravatar.com\\\/avatar\\\/1ec500de7013b30e1d4d7c8c3978f0e4433c37e5d5e4cd186239369c6440122b?s=96&d=mm&r=g\",\"caption\":\"Vinicius Augusto Batista Eira\"},\"url\":\"https:\\\/\\\/www.cambe.pr.gov.br\\\/index.php\\\/author\\\/vabeira\\\/\"}]}<\/script>\n<!-- \/ Yoast SEO plugin. -->","yoast_head_json":{"title":"Prefeitura amplia vacina\u00e7\u00e3o contra Influenza para toda a popula\u00e7\u00e3o com mais de 60 anos - Prefeitura de Camb\u00e9","robots":{"index":"index","follow":"follow","max-snippet":"max-snippet:-1","max-image-preview":"max-image-preview:large","max-video-preview":"max-video-preview:-1"},"canonical":"https:\/\/www.cambe.pr.gov.br\/index.php\/prefeitura-amplia-vacinacao-contra-influenza-para-toda-a-populacao-com-mais-de-60-anos\/","og_locale":"pt_BR","og_type":"article","og_title":"Prefeitura amplia vacina\u00e7\u00e3o contra Influenza para toda a popula\u00e7\u00e3o com mais de 60 anos - Prefeitura de Camb\u00e9","og_description":"A partir desta quarta-feira (27), a Prefeitura de Camb\u00e9, atrav\u00e9s da Secretaria Municipal de Sa\u00fade P\u00fablica, vai ampliar a faixa et\u00e1ria de vacina\u00e7\u00e3o contra Influenza e imunizar toda a popula\u00e7\u00e3o acima de 60 anos. A aplica\u00e7\u00e3o das doses ocorre nas Unidades B\u00e1sicas de Sa\u00fade (UBS) \u2013 com exce\u00e7\u00e3o a do Ana Rosa e Cristal. \u00c9 [&hellip;]","og_url":"https:\/\/www.cambe.pr.gov.br\/index.php\/prefeitura-amplia-vacinacao-contra-influenza-para-toda-a-populacao-com-mais-de-60-anos\/","og_site_name":"Prefeitura de Camb\u00e9","article_publisher":"https:\/\/m.facebook.com\/prefeituradecambe","article_published_time":"2024-03-26T18:55:54+00:00","article_modified_time":"2024-10-07T16:01:36+00:00","og_image":[{"url":"https:\/\/www.cambe.pr.gov.br\/wp-content\/uploads\/2024\/03\/DSC_0013-1024x678.jpg","type":"","width":"","height":""}],"author":"Vinicius Augusto Batista Eira","twitter_card":"summary_large_image","twitter_misc":{"Escrito por":"Vinicius Augusto Batista Eira","Est. tempo de leitura":"2 minutos"},"schema":{"@context":"https:\/\/schema.org","@graph":[{"@type":"Article","@id":"https:\/\/www.cambe.pr.gov.br\/index.php\/prefeitura-amplia-vacinacao-contra-influenza-para-toda-a-populacao-com-mais-de-60-anos\/#article","isPartOf":{"@id":"https:\/\/www.cambe.pr.gov.br\/index.php\/prefeitura-amplia-vacinacao-contra-influenza-para-toda-a-populacao-com-mais-de-60-anos\/"},"author":{"name":"Vinicius Augusto Batista Eira","@id":"https:\/\/www.cambe.pr.gov.br\/#\/schema\/person\/8e3ee69cb2cadf4b9f8377407227effd"},"headline":"Prefeitura amplia vacina\u00e7\u00e3o contra Influenza para toda a popula\u00e7\u00e3o com mais de 60 anos","datePublished":"2024-03-26T18:55:54+00:00","dateModified":"2024-10-07T16:01:36+00:00","mainEntityOfPage":{"@id":"https:\/\/www.cambe.pr.gov.br\/index.php\/prefeitura-amplia-vacinacao-contra-influenza-para-toda-a-populacao-com-mais-de-60-anos\/"},"wordCount":209,"publisher":{"@id":"https:\/\/www.cambe.pr.gov.br\/#organization"},"image":{"@id":"https:\/\/www.cambe.pr.gov.br\/index.php\/prefeitura-amplia-vacinacao-contra-influenza-para-toda-a-populacao-com-mais-de-60-anos\/#primaryimage"},"thumbnailUrl":"https:\/\/www.cambe.pr.gov.br\/wp-content\/uploads\/2024\/03\/DSC_0013-1024x678.jpg","articleSection":["Principal"],"inLanguage":"pt-BR"},{"@type":"WebPage","@id":"https:\/\/www.cambe.pr.gov.br\/index.php\/prefeitura-amplia-vacinacao-contra-influenza-para-toda-a-populacao-com-mais-de-60-anos\/","url":"https:\/\/www.cambe.pr.gov.br\/index.php\/prefeitura-amplia-vacinacao-contra-influenza-para-toda-a-populacao-com-mais-de-60-anos\/","name":"Prefeitura amplia vacina\u00e7\u00e3o contra Influenza para toda a popula\u00e7\u00e3o com mais de 60 anos - Prefeitura de Camb\u00e9","isPartOf":{"@id":"https:\/\/www.cambe.pr.gov.br\/#website"},"primaryImageOfPage":{"@id":"https:\/\/www.cambe.pr.gov.br\/index.php\/prefeitura-amplia-vacinacao-contra-influenza-para-toda-a-populacao-com-mais-de-60-anos\/#primaryimage"},"image":{"@id":"https:\/\/www.cambe.pr.gov.br\/index.php\/prefeitura-amplia-vacinacao-contra-influenza-para-toda-a-populacao-com-mais-de-60-anos\/#primaryimage"},"thumbnailUrl":"https:\/\/www.cambe.pr.gov.br\/wp-content\/uploads\/2024\/03\/DSC_0013-1024x678.jpg","datePublished":"2024-03-26T18:55:54+00:00","dateModified":"2024-10-07T16:01:36+00:00","breadcrumb":{"@id":"https:\/\/www.cambe.pr.gov.br\/index.php\/prefeitura-amplia-vacinacao-contra-influenza-para-toda-a-populacao-com-mais-de-60-anos\/#breadcrumb"},"inLanguage":"pt-BR","potentialAction":[{"@type":"ReadAction","target":["https:\/\/www.cambe.pr.gov.br\/index.php\/prefeitura-amplia-vacinacao-contra-influenza-para-toda-a-populacao-com-mais-de-60-anos\/"]}]},{"@type":"ImageObject","inLanguage":"pt-BR","@id":"https:\/\/www.cambe.pr.gov.br\/index.php\/prefeitura-amplia-vacinacao-contra-influenza-para-toda-a-populacao-com-mais-de-60-anos\/#primaryimage","url":"https:\/\/www.cambe.pr.gov.br\/wp-content\/uploads\/2024\/03\/DSC_0013.jpg","contentUrl":"https:\/\/www.cambe.pr.gov.br\/wp-content\/uploads\/2024\/03\/DSC_0013.jpg","width":2196,"height":1455},{"@type":"BreadcrumbList","@id":"https:\/\/www.cambe.pr.gov.br\/index.php\/prefeitura-amplia-vacinacao-contra-influenza-para-toda-a-populacao-com-mais-de-60-anos\/#breadcrumb","itemListElement":[{"@type":"ListItem","position":1,"name":"In\u00edcio","item":"https:\/\/www.cambe.pr.gov.br\/"},{"@type":"ListItem","position":2,"name":"Prefeitura amplia vacina\u00e7\u00e3o contra Influenza para toda a popula\u00e7\u00e3o com mais de 60 anos"}]},{"@type":"WebSite","@id":"https:\/\/www.cambe.pr.gov.br\/#website","url":"https:\/\/www.cambe.pr.gov.br\/","name":"Prefeitura de Camb\u00e9","description":"UM GOVERNO PARA TODOS","publisher":{"@id":"https:\/\/www.cambe.pr.gov.br\/#organization"},"potentialAction":[{"@type":"SearchAction","target":{"@type":"EntryPoint","urlTemplate":"https:\/\/www.cambe.pr.gov.br\/?s={search_term_string}"},"query-input":{"@type":"PropertyValueSpecification","valueRequired":true,"valueName":"search_term_string"}}],"inLanguage":"pt-BR"},{"@type":"Organization","@id":"https:\/\/www.cambe.pr.gov.br\/#organization","name":"Prefeitura de Camb\u00e9","url":"https:\/\/www.cambe.pr.gov.br\/","logo":{"@type":"ImageObject","inLanguage":"pt-BR","@id":"https:\/\/www.cambe.pr.gov.br\/#\/schema\/logo\/image\/","url":"https:\/\/www.cambe.pr.gov.br\/wp-content\/uploads\/2021\/01\/cropped-cropped-cambe_brazao-icone.png","contentUrl":"https:\/\/www.cambe.pr.gov.br\/wp-content\/uploads\/2021\/01\/cropped-cropped-cambe_brazao-icone.png","width":240,"height":240,"caption":"Prefeitura de Camb\u00e9"},"image":{"@id":"https:\/\/www.cambe.pr.gov.br\/#\/schema\/logo\/image\/"},"sameAs":["https:\/\/m.facebook.com\/prefeituradecambe"]},{"@type":"Person","@id":"https:\/\/www.cambe.pr.gov.br\/#\/schema\/person\/8e3ee69cb2cadf4b9f8377407227effd","name":"Vinicius Augusto Batista Eira","image":{"@type":"ImageObject","inLanguage":"pt-BR","@id":"https:\/\/secure.gravatar.com\/avatar\/1ec500de7013b30e1d4d7c8c3978f0e4433c37e5d5e4cd186239369c6440122b?s=96&d=mm&r=g","url":"https:\/\/secure.gravatar.com\/avatar\/1ec500de7013b30e1d4d7c8c3978f0e4433c37e5d5e4cd186239369c6440122b?s=96&d=mm&r=g","contentUrl":"https:\/\/secure.gravatar.com\/avatar\/1ec500de7013b30e1d4d7c8c3978f0e4433c37e5d5e4cd186239369c6440122b?s=96&d=mm&r=g","caption":"Vinicius Augusto Batista Eira"},"url":"https:\/\/www.cambe.pr.gov.br\/index.php\/author\/vabeira\/"}]}},"_links":{"self":[{"href":"https:\/\/www.cambe.pr.gov.br\/index.php\/wp-json\/wp\/v2\/posts\/14159","targetHints":{"allow":["GET"]}}],"collection":[{"href":"https:\/\/www.cambe.pr.gov.br\/index.php\/wp-json\/wp\/v2\/posts"}],"about":[{"href":"https:\/\/www.cambe.pr.gov.br\/index.php\/wp-json\/wp\/v2\/types\/post"}],"author":[{"embeddable":true,"href":"https:\/\/www.cambe.pr.gov.br\/index.php\/wp-json\/wp\/v2\/users\/16"}],"replies":[{"embeddable":true,"href":"https:\/\/www.cambe.pr.gov.br\/index.php\/wp-json\/wp\/v2\/comments?post=14159"}],"version-history":[{"count":3,"href":"https:\/\/www.cambe.pr.gov.br\/index.php\/wp-json\/wp\/v2\/posts\/14159\/revisions"}],"predecessor-version":[{"id":14163,"href":"https:\/\/www.cambe.pr.gov.br\/index.php\/wp-json\/wp\/v2\/posts\/14159\/revisions\/14163"}],"wp:attachment":[{"href":"https:\/\/www.cambe.pr.gov.br\/index.php\/wp-json\/wp\/v2\/media?parent=14159"}],"wp:term":[{"taxonomy":"category","embeddable":true,"href":"https:\/\/www.cambe.pr.gov.br\/index.php\/wp-json\/wp\/v2\/categories?post=14159"},{"taxonomy":"post_tag","embeddable":true,"href":"https:\/\/www.cambe.pr.gov.br\/index.php\/wp-json\/wp\/v2\/tags?post=14159"}],"curies":[{"name":"wp","href":"https:\/\/api.w.org\/{rel}","templated":true}]}}