{"id":14154,"date":"2024-03-25T16:53:27","date_gmt":"2024-03-25T19:53:27","guid":{"rendered":"https:\/\/www.cambe.pr.gov.br\/?p=14154"},"modified":"2024-10-07T13:01:36","modified_gmt":"2024-10-07T16:01:36","slug":"onibus-da-mulher-disponibiliza-atendimentos-gratuitos-para-publico-feminino-nesta-terca-26","status":"publish","type":"post","link":"https:\/\/www.cambe.pr.gov.br\/index.php\/onibus-da-mulher-disponibiliza-atendimentos-gratuitos-para-publico-feminino-nesta-terca-26\/","title":{"rendered":"\u00d4nibus da Mulher disponibiliza atendimentos gratuitos para p\u00fablico feminino nesta ter\u00e7a (26)"},"content":{"rendered":"<p style=\"text-align: justify;\"><span style=\"font-family: arial, helvetica, sans-serif;\"><span style=\"font-weight: 400;\"><img fetchpriority=\"high\" decoding=\"async\" class=\"alignleft size-large wp-image-4118\" src=\"https:\/\/www.cambe.pr.gov.br\/wp-content\/uploads\/2021\/12\/WhatsApp-Image-2021-11-30-at-16.03.29-e1638360248874-1024x684.jpeg\" alt=\"\" width=\"610\" height=\"407\" srcset=\"https:\/\/www.cambe.pr.gov.br\/wp-content\/uploads\/2021\/12\/WhatsApp-Image-2021-11-30-at-16.03.29-e1638360248874-1024x684.jpeg 1024w, https:\/\/www.cambe.pr.gov.br\/wp-content\/uploads\/2021\/12\/WhatsApp-Image-2021-11-30-at-16.03.29-e1638360248874-300x200.jpeg 300w, https:\/\/www.cambe.pr.gov.br\/wp-content\/uploads\/2021\/12\/WhatsApp-Image-2021-11-30-at-16.03.29-e1638360248874-768x513.jpeg 768w, https:\/\/www.cambe.pr.gov.br\/wp-content\/uploads\/2021\/12\/WhatsApp-Image-2021-11-30-at-16.03.29-e1638360248874.jpeg 1078w\" sizes=\"(max-width: 610px) 100vw, 610px\" \/>Em mais uma a\u00e7\u00e3o do m\u00eas da Mulher, a Prefeitura de Camb\u00e9 ir\u00e1 disponibilizar atendimentos m\u00e9dicos e exames gratuitos para o p\u00fablico feminino nesta ter\u00e7a-feira (26). O \u00d4nibus da Mulher estar\u00e1 no Centro Cultural, localizado na Rua Par\u00e1, 161<\/span><span style=\"font-weight: 400;\">,<\/span><span style=\"font-weight: 400;\"> das 9h \u00e0s 12h e das 13h \u00e0s 15h. N\u00e3o h\u00e1 necessidade de agendamento.<\/span><\/span><\/p>\n<p style=\"text-align: justify;\"><span style=\"font-weight: 400; font-family: arial, helvetica, sans-serif;\">No \u00f4nibus haver\u00e1 atendimento de ginecologia, sa\u00fade bucal e testes r\u00e1pidos, al\u00e9m de exames de rastreamento do c\u00e2ncer de colo de \u00fatero e rastreamento do c\u00e2ncer de mama. A a\u00e7\u00e3o est\u00e1 sendo desenvolvida em parceria das Secretarias de Sa\u00fade P\u00fablica e de Assist\u00eancia Social e Cidadania, Conselho Municipal da Mulher e ACIC Mulher.<\/span><\/p>\n<p style=\"text-align: justify;\"><span style=\"font-weight: 400; font-family: arial, helvetica, sans-serif;\">Ao longo de mar\u00e7o, equipes da Prefeitura promoveram diversas a\u00e7\u00f5es em prol da mulher. Como a Secretaria de Assist\u00eancia Social, que preparou diversas rodas de conversas com temas levantados nos CRAS do munic\u00edpio. Tamb\u00e9m foi apresentada a nova Patrulha Maria da Penha, para garantir a efetividade das medidas protetivas de urg\u00eancia contra viol\u00eancia dom\u00e9stica e familiar contra a mulher. Nesta ter\u00e7a-feira (26), tamb\u00e9m no Centro Cultural, mas a partir das 18h30, a Prefeitura ainda promove o <strong><a href=\"https:\/\/www.cambe.pr.gov.br\/index.php\/prefeitura-promove-1o-forum-vozes-femininas-nesta-terca-feira-26\/\">1\u00ba F\u00f3rum Vozes Femininas: Mulheres Construindo Legados e Fortalecendo Camb\u00e9<\/a><\/strong>, que visa trazer visibilidade \u00e0s pol\u00edticas p\u00fablicas femininas no munic\u00edpio e elaborar propostas para o Plano Municipal da Mulher.<\/span><\/p>\n","protected":false},"excerpt":{"rendered":"<p>Em mais uma a\u00e7\u00e3o do m\u00eas da Mulher, a Prefeitura de Camb\u00e9 ir\u00e1 disponibilizar atendimentos m\u00e9dicos e exames gratuitos para o p\u00fablico feminino nesta ter\u00e7a-feira (26). O \u00d4nibus da Mulher estar\u00e1 no Centro Cultural, localizado na Rua Par\u00e1, 161, das 9h \u00e0s 12h e das 13h \u00e0s 15h. N\u00e3o h\u00e1 necessidade de agendamento. No \u00f4nibus [&hellip;]<\/p>\n","protected":false},"author":16,"featured_media":0,"comment_status":"closed","ping_status":"open","sticky":false,"template":"","format":"standard","meta":{"ngg_post_thumbnail":0,"footnotes":""},"categories":[1],"tags":[],"class_list":["post-14154","post","type-post","status-publish","format-standard","hentry","category-principal"],"yoast_head":"<!-- This site is optimized with the Yoast SEO plugin v27.4 - https:\/\/yoast.com\/product\/yoast-seo-wordpress\/ -->\n<title>\u00d4nibus da Mulher disponibiliza atendimentos gratuitos para p\u00fablico feminino nesta ter\u00e7a (26) - Prefeitura de Camb\u00e9<\/title>\n<meta name=\"robots\" content=\"index, follow, max-snippet:-1, max-image-preview:large, max-video-preview:-1\" \/>\n<link rel=\"canonical\" href=\"https:\/\/www.cambe.pr.gov.br\/index.php\/onibus-da-mulher-disponibiliza-atendimentos-gratuitos-para-publico-feminino-nesta-terca-26\/\" \/>\n<meta property=\"og:locale\" content=\"pt_BR\" \/>\n<meta property=\"og:type\" content=\"article\" \/>\n<meta property=\"og:title\" content=\"\u00d4nibus da Mulher disponibiliza atendimentos gratuitos para p\u00fablico feminino nesta ter\u00e7a (26) - Prefeitura de Camb\u00e9\" \/>\n<meta property=\"og:description\" content=\"Em mais uma a\u00e7\u00e3o do m\u00eas da Mulher, a Prefeitura de Camb\u00e9 ir\u00e1 disponibilizar atendimentos m\u00e9dicos e exames gratuitos para o p\u00fablico feminino nesta ter\u00e7a-feira (26). O \u00d4nibus da Mulher estar\u00e1 no Centro Cultural, localizado na Rua Par\u00e1, 161, das 9h \u00e0s 12h e das 13h \u00e0s 15h. N\u00e3o h\u00e1 necessidade de agendamento. No \u00f4nibus [&hellip;]\" \/>\n<meta property=\"og:url\" content=\"https:\/\/www.cambe.pr.gov.br\/index.php\/onibus-da-mulher-disponibiliza-atendimentos-gratuitos-para-publico-feminino-nesta-terca-26\/\" \/>\n<meta property=\"og:site_name\" content=\"Prefeitura de Camb\u00e9\" \/>\n<meta property=\"article:publisher\" content=\"https:\/\/m.facebook.com\/prefeituradecambe\" \/>\n<meta property=\"article:published_time\" content=\"2024-03-25T19:53:27+00:00\" \/>\n<meta property=\"article:modified_time\" content=\"2024-10-07T16:01:36+00:00\" \/>\n<meta property=\"og:image\" content=\"https:\/\/www.cambe.pr.gov.br\/wp-content\/uploads\/2021\/12\/WhatsApp-Image-2021-11-30-at-16.03.29-e1638360248874-1024x684.jpeg\" \/>\n<meta name=\"author\" content=\"Vinicius Augusto Batista Eira\" \/>\n<meta name=\"twitter:card\" content=\"summary_large_image\" \/>\n<meta name=\"twitter:label1\" content=\"Escrito por\" \/>\n\t<meta name=\"twitter:data1\" content=\"Vinicius Augusto Batista Eira\" \/>\n\t<meta name=\"twitter:label2\" content=\"Est. tempo de leitura\" \/>\n\t<meta name=\"twitter:data2\" content=\"2 minutos\" \/>\n<script type=\"application\/ld+json\" class=\"yoast-schema-graph\">{\"@context\":\"https:\\\/\\\/schema.org\",\"@graph\":[{\"@type\":\"Article\",\"@id\":\"https:\\\/\\\/www.cambe.pr.gov.br\\\/index.php\\\/onibus-da-mulher-disponibiliza-atendimentos-gratuitos-para-publico-feminino-nesta-terca-26\\\/#article\",\"isPartOf\":{\"@id\":\"https:\\\/\\\/www.cambe.pr.gov.br\\\/index.php\\\/onibus-da-mulher-disponibiliza-atendimentos-gratuitos-para-publico-feminino-nesta-terca-26\\\/\"},\"author\":{\"name\":\"Vinicius Augusto Batista Eira\",\"@id\":\"https:\\\/\\\/www.cambe.pr.gov.br\\\/#\\\/schema\\\/person\\\/8e3ee69cb2cadf4b9f8377407227effd\"},\"headline\":\"\u00d4nibus da Mulher disponibiliza atendimentos gratuitos para p\u00fablico feminino nesta ter\u00e7a (26)\",\"datePublished\":\"2024-03-25T19:53:27+00:00\",\"dateModified\":\"2024-10-07T16:01:36+00:00\",\"mainEntityOfPage\":{\"@id\":\"https:\\\/\\\/www.cambe.pr.gov.br\\\/index.php\\\/onibus-da-mulher-disponibiliza-atendimentos-gratuitos-para-publico-feminino-nesta-terca-26\\\/\"},\"wordCount\":249,\"publisher\":{\"@id\":\"https:\\\/\\\/www.cambe.pr.gov.br\\\/#organization\"},\"image\":{\"@id\":\"https:\\\/\\\/www.cambe.pr.gov.br\\\/index.php\\\/onibus-da-mulher-disponibiliza-atendimentos-gratuitos-para-publico-feminino-nesta-terca-26\\\/#primaryimage\"},\"thumbnailUrl\":\"https:\\\/\\\/www.cambe.pr.gov.br\\\/wp-content\\\/uploads\\\/2021\\\/12\\\/WhatsApp-Image-2021-11-30-at-16.03.29-e1638360248874-1024x684.jpeg\",\"articleSection\":[\"Principal\"],\"inLanguage\":\"pt-BR\"},{\"@type\":\"WebPage\",\"@id\":\"https:\\\/\\\/www.cambe.pr.gov.br\\\/index.php\\\/onibus-da-mulher-disponibiliza-atendimentos-gratuitos-para-publico-feminino-nesta-terca-26\\\/\",\"url\":\"https:\\\/\\\/www.cambe.pr.gov.br\\\/index.php\\\/onibus-da-mulher-disponibiliza-atendimentos-gratuitos-para-publico-feminino-nesta-terca-26\\\/\",\"name\":\"\u00d4nibus da Mulher disponibiliza atendimentos gratuitos para p\u00fablico feminino nesta ter\u00e7a (26) - Prefeitura de Camb\u00e9\",\"isPartOf\":{\"@id\":\"https:\\\/\\\/www.cambe.pr.gov.br\\\/#website\"},\"primaryImageOfPage\":{\"@id\":\"https:\\\/\\\/www.cambe.pr.gov.br\\\/index.php\\\/onibus-da-mulher-disponibiliza-atendimentos-gratuitos-para-publico-feminino-nesta-terca-26\\\/#primaryimage\"},\"image\":{\"@id\":\"https:\\\/\\\/www.cambe.pr.gov.br\\\/index.php\\\/onibus-da-mulher-disponibiliza-atendimentos-gratuitos-para-publico-feminino-nesta-terca-26\\\/#primaryimage\"},\"thumbnailUrl\":\"https:\\\/\\\/www.cambe.pr.gov.br\\\/wp-content\\\/uploads\\\/2021\\\/12\\\/WhatsApp-Image-2021-11-30-at-16.03.29-e1638360248874-1024x684.jpeg\",\"datePublished\":\"2024-03-25T19:53:27+00:00\",\"dateModified\":\"2024-10-07T16:01:36+00:00\",\"breadcrumb\":{\"@id\":\"https:\\\/\\\/www.cambe.pr.gov.br\\\/index.php\\\/onibus-da-mulher-disponibiliza-atendimentos-gratuitos-para-publico-feminino-nesta-terca-26\\\/#breadcrumb\"},\"inLanguage\":\"pt-BR\",\"potentialAction\":[{\"@type\":\"ReadAction\",\"target\":[\"https:\\\/\\\/www.cambe.pr.gov.br\\\/index.php\\\/onibus-da-mulher-disponibiliza-atendimentos-gratuitos-para-publico-feminino-nesta-terca-26\\\/\"]}]},{\"@type\":\"ImageObject\",\"inLanguage\":\"pt-BR\",\"@id\":\"https:\\\/\\\/www.cambe.pr.gov.br\\\/index.php\\\/onibus-da-mulher-disponibiliza-atendimentos-gratuitos-para-publico-feminino-nesta-terca-26\\\/#primaryimage\",\"url\":\"https:\\\/\\\/www.cambe.pr.gov.br\\\/wp-content\\\/uploads\\\/2021\\\/12\\\/WhatsApp-Image-2021-11-30-at-16.03.29-e1638360248874.jpeg\",\"contentUrl\":\"https:\\\/\\\/www.cambe.pr.gov.br\\\/wp-content\\\/uploads\\\/2021\\\/12\\\/WhatsApp-Image-2021-11-30-at-16.03.29-e1638360248874.jpeg\",\"width\":1078,\"height\":720},{\"@type\":\"BreadcrumbList\",\"@id\":\"https:\\\/\\\/www.cambe.pr.gov.br\\\/index.php\\\/onibus-da-mulher-disponibiliza-atendimentos-gratuitos-para-publico-feminino-nesta-terca-26\\\/#breadcrumb\",\"itemListElement\":[{\"@type\":\"ListItem\",\"position\":1,\"name\":\"In\u00edcio\",\"item\":\"https:\\\/\\\/www.cambe.pr.gov.br\\\/\"},{\"@type\":\"ListItem\",\"position\":2,\"name\":\"\u00d4nibus da Mulher disponibiliza atendimentos gratuitos para p\u00fablico feminino nesta ter\u00e7a (26)\"}]},{\"@type\":\"WebSite\",\"@id\":\"https:\\\/\\\/www.cambe.pr.gov.br\\\/#website\",\"url\":\"https:\\\/\\\/www.cambe.pr.gov.br\\\/\",\"name\":\"Prefeitura de Camb\u00e9\",\"description\":\"UM GOVERNO PARA TODOS\",\"publisher\":{\"@id\":\"https:\\\/\\\/www.cambe.pr.gov.br\\\/#organization\"},\"potentialAction\":[{\"@type\":\"SearchAction\",\"target\":{\"@type\":\"EntryPoint\",\"urlTemplate\":\"https:\\\/\\\/www.cambe.pr.gov.br\\\/?s={search_term_string}\"},\"query-input\":{\"@type\":\"PropertyValueSpecification\",\"valueRequired\":true,\"valueName\":\"search_term_string\"}}],\"inLanguage\":\"pt-BR\"},{\"@type\":\"Organization\",\"@id\":\"https:\\\/\\\/www.cambe.pr.gov.br\\\/#organization\",\"name\":\"Prefeitura de Camb\u00e9\",\"url\":\"https:\\\/\\\/www.cambe.pr.gov.br\\\/\",\"logo\":{\"@type\":\"ImageObject\",\"inLanguage\":\"pt-BR\",\"@id\":\"https:\\\/\\\/www.cambe.pr.gov.br\\\/#\\\/schema\\\/logo\\\/image\\\/\",\"url\":\"https:\\\/\\\/www.cambe.pr.gov.br\\\/wp-content\\\/uploads\\\/2021\\\/01\\\/cropped-cropped-cambe_brazao-icone.png\",\"contentUrl\":\"https:\\\/\\\/www.cambe.pr.gov.br\\\/wp-content\\\/uploads\\\/2021\\\/01\\\/cropped-cropped-cambe_brazao-icone.png\",\"width\":240,\"height\":240,\"caption\":\"Prefeitura de Camb\u00e9\"},\"image\":{\"@id\":\"https:\\\/\\\/www.cambe.pr.gov.br\\\/#\\\/schema\\\/logo\\\/image\\\/\"},\"sameAs\":[\"https:\\\/\\\/m.facebook.com\\\/prefeituradecambe\"]},{\"@type\":\"Person\",\"@id\":\"https:\\\/\\\/www.cambe.pr.gov.br\\\/#\\\/schema\\\/person\\\/8e3ee69cb2cadf4b9f8377407227effd\",\"name\":\"Vinicius Augusto Batista Eira\",\"image\":{\"@type\":\"ImageObject\",\"inLanguage\":\"pt-BR\",\"@id\":\"https:\\\/\\\/secure.gravatar.com\\\/avatar\\\/1ec500de7013b30e1d4d7c8c3978f0e4433c37e5d5e4cd186239369c6440122b?s=96&d=mm&r=g\",\"url\":\"https:\\\/\\\/secure.gravatar.com\\\/avatar\\\/1ec500de7013b30e1d4d7c8c3978f0e4433c37e5d5e4cd186239369c6440122b?s=96&d=mm&r=g\",\"contentUrl\":\"https:\\\/\\\/secure.gravatar.com\\\/avatar\\\/1ec500de7013b30e1d4d7c8c3978f0e4433c37e5d5e4cd186239369c6440122b?s=96&d=mm&r=g\",\"caption\":\"Vinicius Augusto Batista Eira\"},\"url\":\"https:\\\/\\\/www.cambe.pr.gov.br\\\/index.php\\\/author\\\/vabeira\\\/\"}]}<\/script>\n<!-- \/ Yoast SEO plugin. -->","yoast_head_json":{"title":"\u00d4nibus da Mulher disponibiliza atendimentos gratuitos para p\u00fablico feminino nesta ter\u00e7a (26) - Prefeitura de Camb\u00e9","robots":{"index":"index","follow":"follow","max-snippet":"max-snippet:-1","max-image-preview":"max-image-preview:large","max-video-preview":"max-video-preview:-1"},"canonical":"https:\/\/www.cambe.pr.gov.br\/index.php\/onibus-da-mulher-disponibiliza-atendimentos-gratuitos-para-publico-feminino-nesta-terca-26\/","og_locale":"pt_BR","og_type":"article","og_title":"\u00d4nibus da Mulher disponibiliza atendimentos gratuitos para p\u00fablico feminino nesta ter\u00e7a (26) - Prefeitura de Camb\u00e9","og_description":"Em mais uma a\u00e7\u00e3o do m\u00eas da Mulher, a Prefeitura de Camb\u00e9 ir\u00e1 disponibilizar atendimentos m\u00e9dicos e exames gratuitos para o p\u00fablico feminino nesta ter\u00e7a-feira (26). O \u00d4nibus da Mulher estar\u00e1 no Centro Cultural, localizado na Rua Par\u00e1, 161, das 9h \u00e0s 12h e das 13h \u00e0s 15h. N\u00e3o h\u00e1 necessidade de agendamento. No \u00f4nibus [&hellip;]","og_url":"https:\/\/www.cambe.pr.gov.br\/index.php\/onibus-da-mulher-disponibiliza-atendimentos-gratuitos-para-publico-feminino-nesta-terca-26\/","og_site_name":"Prefeitura de Camb\u00e9","article_publisher":"https:\/\/m.facebook.com\/prefeituradecambe","article_published_time":"2024-03-25T19:53:27+00:00","article_modified_time":"2024-10-07T16:01:36+00:00","og_image":[{"url":"https:\/\/www.cambe.pr.gov.br\/wp-content\/uploads\/2021\/12\/WhatsApp-Image-2021-11-30-at-16.03.29-e1638360248874-1024x684.jpeg","type":"","width":"","height":""}],"author":"Vinicius Augusto Batista Eira","twitter_card":"summary_large_image","twitter_misc":{"Escrito por":"Vinicius Augusto Batista Eira","Est. tempo de leitura":"2 minutos"},"schema":{"@context":"https:\/\/schema.org","@graph":[{"@type":"Article","@id":"https:\/\/www.cambe.pr.gov.br\/index.php\/onibus-da-mulher-disponibiliza-atendimentos-gratuitos-para-publico-feminino-nesta-terca-26\/#article","isPartOf":{"@id":"https:\/\/www.cambe.pr.gov.br\/index.php\/onibus-da-mulher-disponibiliza-atendimentos-gratuitos-para-publico-feminino-nesta-terca-26\/"},"author":{"name":"Vinicius Augusto Batista Eira","@id":"https:\/\/www.cambe.pr.gov.br\/#\/schema\/person\/8e3ee69cb2cadf4b9f8377407227effd"},"headline":"\u00d4nibus da Mulher disponibiliza atendimentos gratuitos para p\u00fablico feminino nesta ter\u00e7a (26)","datePublished":"2024-03-25T19:53:27+00:00","dateModified":"2024-10-07T16:01:36+00:00","mainEntityOfPage":{"@id":"https:\/\/www.cambe.pr.gov.br\/index.php\/onibus-da-mulher-disponibiliza-atendimentos-gratuitos-para-publico-feminino-nesta-terca-26\/"},"wordCount":249,"publisher":{"@id":"https:\/\/www.cambe.pr.gov.br\/#organization"},"image":{"@id":"https:\/\/www.cambe.pr.gov.br\/index.php\/onibus-da-mulher-disponibiliza-atendimentos-gratuitos-para-publico-feminino-nesta-terca-26\/#primaryimage"},"thumbnailUrl":"https:\/\/www.cambe.pr.gov.br\/wp-content\/uploads\/2021\/12\/WhatsApp-Image-2021-11-30-at-16.03.29-e1638360248874-1024x684.jpeg","articleSection":["Principal"],"inLanguage":"pt-BR"},{"@type":"WebPage","@id":"https:\/\/www.cambe.pr.gov.br\/index.php\/onibus-da-mulher-disponibiliza-atendimentos-gratuitos-para-publico-feminino-nesta-terca-26\/","url":"https:\/\/www.cambe.pr.gov.br\/index.php\/onibus-da-mulher-disponibiliza-atendimentos-gratuitos-para-publico-feminino-nesta-terca-26\/","name":"\u00d4nibus da Mulher disponibiliza atendimentos gratuitos para p\u00fablico feminino nesta ter\u00e7a (26) - Prefeitura de Camb\u00e9","isPartOf":{"@id":"https:\/\/www.cambe.pr.gov.br\/#website"},"primaryImageOfPage":{"@id":"https:\/\/www.cambe.pr.gov.br\/index.php\/onibus-da-mulher-disponibiliza-atendimentos-gratuitos-para-publico-feminino-nesta-terca-26\/#primaryimage"},"image":{"@id":"https:\/\/www.cambe.pr.gov.br\/index.php\/onibus-da-mulher-disponibiliza-atendimentos-gratuitos-para-publico-feminino-nesta-terca-26\/#primaryimage"},"thumbnailUrl":"https:\/\/www.cambe.pr.gov.br\/wp-content\/uploads\/2021\/12\/WhatsApp-Image-2021-11-30-at-16.03.29-e1638360248874-1024x684.jpeg","datePublished":"2024-03-25T19:53:27+00:00","dateModified":"2024-10-07T16:01:36+00:00","breadcrumb":{"@id":"https:\/\/www.cambe.pr.gov.br\/index.php\/onibus-da-mulher-disponibiliza-atendimentos-gratuitos-para-publico-feminino-nesta-terca-26\/#breadcrumb"},"inLanguage":"pt-BR","potentialAction":[{"@type":"ReadAction","target":["https:\/\/www.cambe.pr.gov.br\/index.php\/onibus-da-mulher-disponibiliza-atendimentos-gratuitos-para-publico-feminino-nesta-terca-26\/"]}]},{"@type":"ImageObject","inLanguage":"pt-BR","@id":"https:\/\/www.cambe.pr.gov.br\/index.php\/onibus-da-mulher-disponibiliza-atendimentos-gratuitos-para-publico-feminino-nesta-terca-26\/#primaryimage","url":"https:\/\/www.cambe.pr.gov.br\/wp-content\/uploads\/2021\/12\/WhatsApp-Image-2021-11-30-at-16.03.29-e1638360248874.jpeg","contentUrl":"https:\/\/www.cambe.pr.gov.br\/wp-content\/uploads\/2021\/12\/WhatsApp-Image-2021-11-30-at-16.03.29-e1638360248874.jpeg","width":1078,"height":720},{"@type":"BreadcrumbList","@id":"https:\/\/www.cambe.pr.gov.br\/index.php\/onibus-da-mulher-disponibiliza-atendimentos-gratuitos-para-publico-feminino-nesta-terca-26\/#breadcrumb","itemListElement":[{"@type":"ListItem","position":1,"name":"In\u00edcio","item":"https:\/\/www.cambe.pr.gov.br\/"},{"@type":"ListItem","position":2,"name":"\u00d4nibus da Mulher disponibiliza atendimentos gratuitos para p\u00fablico feminino nesta ter\u00e7a (26)"}]},{"@type":"WebSite","@id":"https:\/\/www.cambe.pr.gov.br\/#website","url":"https:\/\/www.cambe.pr.gov.br\/","name":"Prefeitura de Camb\u00e9","description":"UM GOVERNO PARA TODOS","publisher":{"@id":"https:\/\/www.cambe.pr.gov.br\/#organization"},"potentialAction":[{"@type":"SearchAction","target":{"@type":"EntryPoint","urlTemplate":"https:\/\/www.cambe.pr.gov.br\/?s={search_term_string}"},"query-input":{"@type":"PropertyValueSpecification","valueRequired":true,"valueName":"search_term_string"}}],"inLanguage":"pt-BR"},{"@type":"Organization","@id":"https:\/\/www.cambe.pr.gov.br\/#organization","name":"Prefeitura de Camb\u00e9","url":"https:\/\/www.cambe.pr.gov.br\/","logo":{"@type":"ImageObject","inLanguage":"pt-BR","@id":"https:\/\/www.cambe.pr.gov.br\/#\/schema\/logo\/image\/","url":"https:\/\/www.cambe.pr.gov.br\/wp-content\/uploads\/2021\/01\/cropped-cropped-cambe_brazao-icone.png","contentUrl":"https:\/\/www.cambe.pr.gov.br\/wp-content\/uploads\/2021\/01\/cropped-cropped-cambe_brazao-icone.png","width":240,"height":240,"caption":"Prefeitura de Camb\u00e9"},"image":{"@id":"https:\/\/www.cambe.pr.gov.br\/#\/schema\/logo\/image\/"},"sameAs":["https:\/\/m.facebook.com\/prefeituradecambe"]},{"@type":"Person","@id":"https:\/\/www.cambe.pr.gov.br\/#\/schema\/person\/8e3ee69cb2cadf4b9f8377407227effd","name":"Vinicius Augusto Batista Eira","image":{"@type":"ImageObject","inLanguage":"pt-BR","@id":"https:\/\/secure.gravatar.com\/avatar\/1ec500de7013b30e1d4d7c8c3978f0e4433c37e5d5e4cd186239369c6440122b?s=96&d=mm&r=g","url":"https:\/\/secure.gravatar.com\/avatar\/1ec500de7013b30e1d4d7c8c3978f0e4433c37e5d5e4cd186239369c6440122b?s=96&d=mm&r=g","contentUrl":"https:\/\/secure.gravatar.com\/avatar\/1ec500de7013b30e1d4d7c8c3978f0e4433c37e5d5e4cd186239369c6440122b?s=96&d=mm&r=g","caption":"Vinicius Augusto Batista Eira"},"url":"https:\/\/www.cambe.pr.gov.br\/index.php\/author\/vabeira\/"}]}},"_links":{"self":[{"href":"https:\/\/www.cambe.pr.gov.br\/index.php\/wp-json\/wp\/v2\/posts\/14154","targetHints":{"allow":["GET"]}}],"collection":[{"href":"https:\/\/www.cambe.pr.gov.br\/index.php\/wp-json\/wp\/v2\/posts"}],"about":[{"href":"https:\/\/www.cambe.pr.gov.br\/index.php\/wp-json\/wp\/v2\/types\/post"}],"author":[{"embeddable":true,"href":"https:\/\/www.cambe.pr.gov.br\/index.php\/wp-json\/wp\/v2\/users\/16"}],"replies":[{"embeddable":true,"href":"https:\/\/www.cambe.pr.gov.br\/index.php\/wp-json\/wp\/v2\/comments?post=14154"}],"version-history":[{"count":3,"href":"https:\/\/www.cambe.pr.gov.br\/index.php\/wp-json\/wp\/v2\/posts\/14154\/revisions"}],"predecessor-version":[{"id":14157,"href":"https:\/\/www.cambe.pr.gov.br\/index.php\/wp-json\/wp\/v2\/posts\/14154\/revisions\/14157"}],"wp:attachment":[{"href":"https:\/\/www.cambe.pr.gov.br\/index.php\/wp-json\/wp\/v2\/media?parent=14154"}],"wp:term":[{"taxonomy":"category","embeddable":true,"href":"https:\/\/www.cambe.pr.gov.br\/index.php\/wp-json\/wp\/v2\/categories?post=14154"},{"taxonomy":"post_tag","embeddable":true,"href":"https:\/\/www.cambe.pr.gov.br\/index.php\/wp-json\/wp\/v2\/tags?post=14154"}],"curies":[{"name":"wp","href":"https:\/\/api.w.org\/{rel}","templated":true}]}}