{"id":13825,"date":"2024-03-27T13:23:25","date_gmt":"2024-03-27T16:23:25","guid":{"rendered":"https:\/\/www.cambe.pr.gov.br\/?p=13825"},"modified":"2024-10-07T13:01:36","modified_gmt":"2024-10-07T16:01:36","slug":"cambe-segura-prefeitura-inicia-implantacao-de-sistema-fiscalizacao-de-transito","status":"publish","type":"post","link":"https:\/\/www.cambe.pr.gov.br\/index.php\/cambe-segura-prefeitura-inicia-implantacao-de-sistema-fiscalizacao-de-transito\/","title":{"rendered":"Camb\u00e9 + Segura: Prefeitura inicia implanta\u00e7\u00e3o de sistema fiscaliza\u00e7\u00e3o de tr\u00e2nsito"},"content":{"rendered":"<p style=\"text-align: justify;\"><span style=\"font-family: arial, helvetica, sans-serif;\"><img fetchpriority=\"high\" decoding=\"async\" class=\"size-large wp-image-14165 alignleft\" src=\"https:\/\/www.cambe.pr.gov.br\/wp-content\/uploads\/2024\/03\/DSC_0050-1-1024x678.jpg\" alt=\"\" width=\"610\" height=\"404\" srcset=\"https:\/\/www.cambe.pr.gov.br\/wp-content\/uploads\/2024\/03\/DSC_0050-1-1024x678.jpg 1024w, https:\/\/www.cambe.pr.gov.br\/wp-content\/uploads\/2024\/03\/DSC_0050-1-300x199.jpg 300w, https:\/\/www.cambe.pr.gov.br\/wp-content\/uploads\/2024\/03\/DSC_0050-1-768x509.jpg 768w, https:\/\/www.cambe.pr.gov.br\/wp-content\/uploads\/2024\/03\/DSC_0050-1-1536x1017.jpg 1536w, https:\/\/www.cambe.pr.gov.br\/wp-content\/uploads\/2024\/03\/DSC_0050-1-2048x1356.jpg 2048w\" sizes=\"(max-width: 610px) 100vw, 610px\" \/>Dando sequ\u00eancia \u00e0s medidas para melhorar a seguran\u00e7a e organiza\u00e7\u00e3o da cidade, a Prefeitura de Camb\u00e9 iniciou a implanta\u00e7\u00e3o da fiscaliza\u00e7\u00e3o de tr\u00e2nsito com novos agentes e equipamentos de fiscaliza\u00e7\u00e3o eletr\u00f4nica. Inicialmente, estar\u00e3o em atua\u00e7\u00e3o seis agentes municipais de tr\u00e2nsito, que foram aprovados em concurso em 2023 e terminaram recentemente o treinamento obrigat\u00f3rio de mais de 200 horas, sendo parte da prepara\u00e7\u00e3o para o in\u00edcio das atividades de fiscaliza\u00e7\u00e3o. Agora, os profissionais participam de campanhas educativas e de orienta\u00e7\u00e3o com a popula\u00e7\u00e3o, para s\u00f3 ent\u00e3o iniciar, de fato, a fiscaliza\u00e7\u00e3o nas vias municipais. <\/span><\/p>\n<p style=\"text-align: justify;\"><span style=\"font-family: arial, helvetica, sans-serif;\">Paralelamente, um trabalho de educa\u00e7\u00e3o de tr\u00e2nsito ter\u00e1 in\u00edcio nas escolas municipais, com a distribui\u00e7\u00e3o de uma &#8220;mini-multa&#8221; para os alunos aplicarem em pais que cometerem deslizes ao volante como forma de levarem a discuss\u00e3o sobre seguran\u00e7a no tr\u00e2nsito para dentro de casa.<\/span><\/p>\n<p style=\"text-align: justify;\"><span style=\"font-family: arial, helvetica, sans-serif;\">Ao mesmo tempo, a fiscaliza\u00e7\u00e3o eletr\u00f4nica tamb\u00e9m come\u00e7ar\u00e1 a ser implantada. Est\u00e3o em instala\u00e7\u00e3o equipamentos de fiscaliza\u00e7\u00e3o de avan\u00e7o de sinal vermelho, avan\u00e7o sobre a faixa de pedestres, convers\u00e3o irregular e excesso de velocidade. Ao todo, os dispositivos ser\u00e3o instalados em 18 pontos da cidade escolhidos atrav\u00e9s de um estudo t\u00e9cnico, verificando os locais de maior \u00edndice de acidentes, acidentes graves e mortes. Apenas em 2023, 12 pessoas perderam a vida em acidentes de tr\u00e2nsito em Camb\u00e9.<\/span><\/p>\n<p style=\"text-align: justify;\"><span style=\"font-family: arial, helvetica, sans-serif;\">O secret\u00e1rio de Governo, Frederico Ferreira, explicou que os equipamentos instalados ainda atuar\u00e3o na seguran\u00e7a p\u00fablica e melhoria da mobilidade urbana. Eles ser\u00e3o integrados a um sistema de processamento de imagens e controle e gerenciamento de informa\u00e7\u00f5es do tr\u00e2nsito. Isso visando a melhoria das condi\u00e7\u00f5es do tr\u00e1fego, j\u00e1 que ir\u00e1 servir como base para a indica\u00e7\u00e3o de mudan\u00e7as na sinaliza\u00e7\u00e3o de tr\u00e2nsito, oferecendo maior seguran\u00e7a para pedestres, motoristas e ciclistas.\u00a0<\/span><\/p>\n<p style=\"text-align: justify;\"><span style=\"font-family: arial, helvetica, sans-serif;\">\u201cComo os equipamentos de fiscaliza\u00e7\u00e3o tamb\u00e9m far\u00e3o o monitoramento do tr\u00e2nsito em tempo real, eles ser\u00e3o utilizados para coibir pr\u00e1ticas delituosas. Isso atrav\u00e9s de um sistema que registra a placa do ve\u00edculo e faz o reconhecimento de carros roubados, furtados, em fuga, em sequestros, entre outros delitos\u201d, disse.<\/span><\/p>\n<p style=\"text-align: justify;\"><span style=\"font-family: arial, helvetica, sans-serif;\">O prefeito Conrado Scheller destacou a import\u00e2ncia da medida para o desenvolvimento da cidade. &#8220;Camb\u00e9 est\u00e1 em franco desenvolvimento e para continuar crescendo e sendo refer\u00eancia na regi\u00e3o precisa de seguran\u00e7a e organiza\u00e7\u00e3o e o tr\u00e2nsito passa por isso. Precisamos deixar nosso tr\u00e2nsito mais seguro e salvar vidas. Para isso, ele precisa estar organizado, com o cumprimento das leis de tr\u00e2nsito&#8221;, destacou Conrado Scheller.\u00a0<\/span><\/p>\n<p style=\"text-align: justify;\"><span style=\"font-family: arial, helvetica, sans-serif;\">O munic\u00edpio de Camb\u00e9 tem hoje uma frota de 74 mil ve\u00edculos. Somente em 2023, o munic\u00edpio registrou 484 acidentes de tr\u00e2nsito. Desses, 607 pessoas foram v\u00edtimas, entre ilesas, com ferimentos leves, moderados, graves e mortes.<\/span><\/p>\n<p>&nbsp;<\/p>\n<p style=\"text-align: justify;\"><strong><span style=\"font-family: arial, helvetica, sans-serif;\">Ado\u00e7\u00e3o de medidas para redu\u00e7\u00e3o de acidentes e esfor\u00e7os para redu\u00e7\u00e3o de velocidade automotiva<\/span><\/strong><\/p>\n<p style=\"text-align: justify;\"><span style=\"font-family: arial, helvetica, sans-serif;\">Frederico Ferreira, ressalta que a utiliza\u00e7\u00e3o dos equipamentos de fiscaliza\u00e7\u00e3o eletr\u00f4nica e dos agentes de tr\u00e2nsito n\u00e3o s\u00e3o as primeiras nem as principais iniciativas para a redu\u00e7\u00e3o dos acidentes de tr\u00e2nsito na cidade. \u201cAo longo dos \u00faltimos anos, foram adotadas todas as medidas de engenharia poss\u00edveis como constru\u00e7\u00e3o de cal\u00e7adas, meios fios, melhorias na pavimenta\u00e7\u00e3o das vias, instala\u00e7\u00e3o de lombadas f\u00edsicas e investimentos na sinaliza\u00e7\u00e3o horizontal e vertical. Mesmo com estas a\u00e7\u00f5es, o n\u00famero de acidentes aumentou e observou-se a necessidade da implanta\u00e7\u00e3o de fiscaliza\u00e7\u00e3o\u201d, destaca.<\/span><\/p>\n<p style=\"text-align: justify;\"><span style=\"font-family: arial, helvetica, sans-serif;\">Dana\u00ea Fernandes, secret\u00e1ria de Seguran\u00e7a P\u00fablica e Tr\u00e2nsito, relatou que o h\u00e1bito de trafegar em alta velocidade nas vias urbanas tamb\u00e9m \u00e9 um grande problema e representa n\u00e3o apenas uma viola\u00e7\u00e3o das normas de tr\u00e2nsito, mas tamb\u00e9m um comportamento que acarreta consequ\u00eancias significativas para a seguran\u00e7a e qualidade de vida nas cidades. \u201cEsse mau h\u00e1bito, muitas vezes associado \u00e0 pressa e impaci\u00eancia, aumenta consideravelmente o risco de acidentes de tr\u00e2nsito, danos mais graves aos ve\u00edculos envolvidos e perigo iminente para ocupantes e pedestres\u201d, pontuou a secret\u00e1ria.<\/span><\/p>\n<p style=\"text-align: justify;\"><span style=\"font-family: arial, helvetica, sans-serif;\">Para combater o mau h\u00e1bito da velocidade excessiva dos motoristas, Camb\u00e9 tamb\u00e9m tra\u00e7ou uma estrat\u00e9gia integrada entre a\u00e7\u00f5es de educa\u00e7\u00e3o no tr\u00e2nsito, monitoramento e fiscaliza\u00e7\u00e3o. Este ano, todas as institui\u00e7\u00f5es da rede municipal de ensino disponibilizar\u00e3o cartilhas de atividades do Detran\/PR, como forma de iniciar a educa\u00e7\u00e3o de tr\u00e2nsito desde cedo. Ainda nas escolas, a equipe de agentes de tr\u00e2nsito j\u00e1 tem feito a\u00e7\u00f5es para aumentar a seguran\u00e7a e fluidez no embarque e desembarque dos alunos, nos hor\u00e1rios de entrada e sa\u00edda das aulas. E a Secretaria de Tr\u00e2nsito est\u00e1 se preparando para integrar o programa nacional de seguran\u00e7a vi\u00e1ria chamado La\u00e7o Amarelo, onde haver\u00e1 campanhas mensais de conscientiza\u00e7\u00e3o no tr\u00e2nsito.<\/span><\/p>\n","protected":false},"excerpt":{"rendered":"<p>Dando sequ\u00eancia \u00e0s medidas para melhorar a seguran\u00e7a e organiza\u00e7\u00e3o da cidade, a Prefeitura de Camb\u00e9 iniciou a implanta\u00e7\u00e3o da fiscaliza\u00e7\u00e3o de tr\u00e2nsito com novos agentes e equipamentos de fiscaliza\u00e7\u00e3o eletr\u00f4nica. Inicialmente, estar\u00e3o em atua\u00e7\u00e3o seis agentes municipais de tr\u00e2nsito, que foram aprovados em concurso em 2023 e terminaram recentemente o treinamento obrigat\u00f3rio de mais [&hellip;]<\/p>\n","protected":false},"author":16,"featured_media":0,"comment_status":"closed","ping_status":"open","sticky":false,"template":"","format":"standard","meta":{"ngg_post_thumbnail":0,"footnotes":""},"categories":[1],"tags":[],"class_list":["post-13825","post","type-post","status-publish","format-standard","hentry","category-principal"],"yoast_head":"<!-- This site is optimized with the Yoast SEO plugin v27.4 - https:\/\/yoast.com\/product\/yoast-seo-wordpress\/ -->\n<title>Camb\u00e9 + Segura: Prefeitura inicia implanta\u00e7\u00e3o de sistema fiscaliza\u00e7\u00e3o de tr\u00e2nsito - Prefeitura de Camb\u00e9<\/title>\n<meta name=\"robots\" content=\"index, follow, max-snippet:-1, max-image-preview:large, max-video-preview:-1\" \/>\n<link rel=\"canonical\" href=\"https:\/\/www.cambe.pr.gov.br\/index.php\/cambe-segura-prefeitura-inicia-implantacao-de-sistema-fiscalizacao-de-transito\/\" \/>\n<meta property=\"og:locale\" content=\"pt_BR\" \/>\n<meta property=\"og:type\" content=\"article\" \/>\n<meta property=\"og:title\" content=\"Camb\u00e9 + Segura: Prefeitura inicia implanta\u00e7\u00e3o de sistema fiscaliza\u00e7\u00e3o de tr\u00e2nsito - Prefeitura de Camb\u00e9\" \/>\n<meta property=\"og:description\" content=\"Dando sequ\u00eancia \u00e0s medidas para melhorar a seguran\u00e7a e organiza\u00e7\u00e3o da cidade, a Prefeitura de Camb\u00e9 iniciou a implanta\u00e7\u00e3o da fiscaliza\u00e7\u00e3o de tr\u00e2nsito com novos agentes e equipamentos de fiscaliza\u00e7\u00e3o eletr\u00f4nica. Inicialmente, estar\u00e3o em atua\u00e7\u00e3o seis agentes municipais de tr\u00e2nsito, que foram aprovados em concurso em 2023 e terminaram recentemente o treinamento obrigat\u00f3rio de mais [&hellip;]\" \/>\n<meta property=\"og:url\" content=\"https:\/\/www.cambe.pr.gov.br\/index.php\/cambe-segura-prefeitura-inicia-implantacao-de-sistema-fiscalizacao-de-transito\/\" \/>\n<meta property=\"og:site_name\" content=\"Prefeitura de Camb\u00e9\" \/>\n<meta property=\"article:publisher\" content=\"https:\/\/m.facebook.com\/prefeituradecambe\" \/>\n<meta property=\"article:published_time\" content=\"2024-03-27T16:23:25+00:00\" \/>\n<meta property=\"article:modified_time\" content=\"2024-10-07T16:01:36+00:00\" \/>\n<meta property=\"og:image\" content=\"https:\/\/www.cambe.pr.gov.br\/wp-content\/uploads\/2024\/03\/DSC_0050-1-1024x678.jpg\" \/>\n<meta name=\"author\" content=\"Vinicius Augusto Batista Eira\" \/>\n<meta name=\"twitter:card\" content=\"summary_large_image\" \/>\n<meta name=\"twitter:label1\" content=\"Escrito por\" \/>\n\t<meta name=\"twitter:data1\" content=\"Vinicius Augusto Batista Eira\" \/>\n\t<meta name=\"twitter:label2\" content=\"Est. tempo de leitura\" \/>\n\t<meta name=\"twitter:data2\" content=\"5 minutos\" \/>\n<script type=\"application\/ld+json\" class=\"yoast-schema-graph\">{\"@context\":\"https:\\\/\\\/schema.org\",\"@graph\":[{\"@type\":\"Article\",\"@id\":\"https:\\\/\\\/www.cambe.pr.gov.br\\\/index.php\\\/cambe-segura-prefeitura-inicia-implantacao-de-sistema-fiscalizacao-de-transito\\\/#article\",\"isPartOf\":{\"@id\":\"https:\\\/\\\/www.cambe.pr.gov.br\\\/index.php\\\/cambe-segura-prefeitura-inicia-implantacao-de-sistema-fiscalizacao-de-transito\\\/\"},\"author\":{\"name\":\"Vinicius Augusto Batista Eira\",\"@id\":\"https:\\\/\\\/www.cambe.pr.gov.br\\\/#\\\/schema\\\/person\\\/8e3ee69cb2cadf4b9f8377407227effd\"},\"headline\":\"Camb\u00e9 + Segura: Prefeitura inicia implanta\u00e7\u00e3o de sistema fiscaliza\u00e7\u00e3o de tr\u00e2nsito\",\"datePublished\":\"2024-03-27T16:23:25+00:00\",\"dateModified\":\"2024-10-07T16:01:36+00:00\",\"mainEntityOfPage\":{\"@id\":\"https:\\\/\\\/www.cambe.pr.gov.br\\\/index.php\\\/cambe-segura-prefeitura-inicia-implantacao-de-sistema-fiscalizacao-de-transito\\\/\"},\"wordCount\":870,\"publisher\":{\"@id\":\"https:\\\/\\\/www.cambe.pr.gov.br\\\/#organization\"},\"image\":{\"@id\":\"https:\\\/\\\/www.cambe.pr.gov.br\\\/index.php\\\/cambe-segura-prefeitura-inicia-implantacao-de-sistema-fiscalizacao-de-transito\\\/#primaryimage\"},\"thumbnailUrl\":\"https:\\\/\\\/www.cambe.pr.gov.br\\\/wp-content\\\/uploads\\\/2024\\\/03\\\/DSC_0050-1-1024x678.jpg\",\"articleSection\":[\"Principal\"],\"inLanguage\":\"pt-BR\"},{\"@type\":\"WebPage\",\"@id\":\"https:\\\/\\\/www.cambe.pr.gov.br\\\/index.php\\\/cambe-segura-prefeitura-inicia-implantacao-de-sistema-fiscalizacao-de-transito\\\/\",\"url\":\"https:\\\/\\\/www.cambe.pr.gov.br\\\/index.php\\\/cambe-segura-prefeitura-inicia-implantacao-de-sistema-fiscalizacao-de-transito\\\/\",\"name\":\"Camb\u00e9 + Segura: Prefeitura inicia implanta\u00e7\u00e3o de sistema fiscaliza\u00e7\u00e3o de tr\u00e2nsito - Prefeitura de Camb\u00e9\",\"isPartOf\":{\"@id\":\"https:\\\/\\\/www.cambe.pr.gov.br\\\/#website\"},\"primaryImageOfPage\":{\"@id\":\"https:\\\/\\\/www.cambe.pr.gov.br\\\/index.php\\\/cambe-segura-prefeitura-inicia-implantacao-de-sistema-fiscalizacao-de-transito\\\/#primaryimage\"},\"image\":{\"@id\":\"https:\\\/\\\/www.cambe.pr.gov.br\\\/index.php\\\/cambe-segura-prefeitura-inicia-implantacao-de-sistema-fiscalizacao-de-transito\\\/#primaryimage\"},\"thumbnailUrl\":\"https:\\\/\\\/www.cambe.pr.gov.br\\\/wp-content\\\/uploads\\\/2024\\\/03\\\/DSC_0050-1-1024x678.jpg\",\"datePublished\":\"2024-03-27T16:23:25+00:00\",\"dateModified\":\"2024-10-07T16:01:36+00:00\",\"breadcrumb\":{\"@id\":\"https:\\\/\\\/www.cambe.pr.gov.br\\\/index.php\\\/cambe-segura-prefeitura-inicia-implantacao-de-sistema-fiscalizacao-de-transito\\\/#breadcrumb\"},\"inLanguage\":\"pt-BR\",\"potentialAction\":[{\"@type\":\"ReadAction\",\"target\":[\"https:\\\/\\\/www.cambe.pr.gov.br\\\/index.php\\\/cambe-segura-prefeitura-inicia-implantacao-de-sistema-fiscalizacao-de-transito\\\/\"]}]},{\"@type\":\"ImageObject\",\"inLanguage\":\"pt-BR\",\"@id\":\"https:\\\/\\\/www.cambe.pr.gov.br\\\/index.php\\\/cambe-segura-prefeitura-inicia-implantacao-de-sistema-fiscalizacao-de-transito\\\/#primaryimage\",\"url\":\"https:\\\/\\\/www.cambe.pr.gov.br\\\/wp-content\\\/uploads\\\/2024\\\/03\\\/DSC_0050-1-scaled.jpg\",\"contentUrl\":\"https:\\\/\\\/www.cambe.pr.gov.br\\\/wp-content\\\/uploads\\\/2024\\\/03\\\/DSC_0050-1-scaled.jpg\",\"width\":2560,\"height\":1696},{\"@type\":\"BreadcrumbList\",\"@id\":\"https:\\\/\\\/www.cambe.pr.gov.br\\\/index.php\\\/cambe-segura-prefeitura-inicia-implantacao-de-sistema-fiscalizacao-de-transito\\\/#breadcrumb\",\"itemListElement\":[{\"@type\":\"ListItem\",\"position\":1,\"name\":\"In\u00edcio\",\"item\":\"https:\\\/\\\/www.cambe.pr.gov.br\\\/\"},{\"@type\":\"ListItem\",\"position\":2,\"name\":\"Camb\u00e9 + Segura: Prefeitura inicia implanta\u00e7\u00e3o de sistema fiscaliza\u00e7\u00e3o de tr\u00e2nsito\"}]},{\"@type\":\"WebSite\",\"@id\":\"https:\\\/\\\/www.cambe.pr.gov.br\\\/#website\",\"url\":\"https:\\\/\\\/www.cambe.pr.gov.br\\\/\",\"name\":\"Prefeitura de Camb\u00e9\",\"description\":\"UM GOVERNO PARA TODOS\",\"publisher\":{\"@id\":\"https:\\\/\\\/www.cambe.pr.gov.br\\\/#organization\"},\"potentialAction\":[{\"@type\":\"SearchAction\",\"target\":{\"@type\":\"EntryPoint\",\"urlTemplate\":\"https:\\\/\\\/www.cambe.pr.gov.br\\\/?s={search_term_string}\"},\"query-input\":{\"@type\":\"PropertyValueSpecification\",\"valueRequired\":true,\"valueName\":\"search_term_string\"}}],\"inLanguage\":\"pt-BR\"},{\"@type\":\"Organization\",\"@id\":\"https:\\\/\\\/www.cambe.pr.gov.br\\\/#organization\",\"name\":\"Prefeitura de Camb\u00e9\",\"url\":\"https:\\\/\\\/www.cambe.pr.gov.br\\\/\",\"logo\":{\"@type\":\"ImageObject\",\"inLanguage\":\"pt-BR\",\"@id\":\"https:\\\/\\\/www.cambe.pr.gov.br\\\/#\\\/schema\\\/logo\\\/image\\\/\",\"url\":\"https:\\\/\\\/www.cambe.pr.gov.br\\\/wp-content\\\/uploads\\\/2021\\\/01\\\/cropped-cropped-cambe_brazao-icone.png\",\"contentUrl\":\"https:\\\/\\\/www.cambe.pr.gov.br\\\/wp-content\\\/uploads\\\/2021\\\/01\\\/cropped-cropped-cambe_brazao-icone.png\",\"width\":240,\"height\":240,\"caption\":\"Prefeitura de Camb\u00e9\"},\"image\":{\"@id\":\"https:\\\/\\\/www.cambe.pr.gov.br\\\/#\\\/schema\\\/logo\\\/image\\\/\"},\"sameAs\":[\"https:\\\/\\\/m.facebook.com\\\/prefeituradecambe\"]},{\"@type\":\"Person\",\"@id\":\"https:\\\/\\\/www.cambe.pr.gov.br\\\/#\\\/schema\\\/person\\\/8e3ee69cb2cadf4b9f8377407227effd\",\"name\":\"Vinicius Augusto Batista Eira\",\"image\":{\"@type\":\"ImageObject\",\"inLanguage\":\"pt-BR\",\"@id\":\"https:\\\/\\\/secure.gravatar.com\\\/avatar\\\/1ec500de7013b30e1d4d7c8c3978f0e4433c37e5d5e4cd186239369c6440122b?s=96&d=mm&r=g\",\"url\":\"https:\\\/\\\/secure.gravatar.com\\\/avatar\\\/1ec500de7013b30e1d4d7c8c3978f0e4433c37e5d5e4cd186239369c6440122b?s=96&d=mm&r=g\",\"contentUrl\":\"https:\\\/\\\/secure.gravatar.com\\\/avatar\\\/1ec500de7013b30e1d4d7c8c3978f0e4433c37e5d5e4cd186239369c6440122b?s=96&d=mm&r=g\",\"caption\":\"Vinicius Augusto Batista Eira\"},\"url\":\"https:\\\/\\\/www.cambe.pr.gov.br\\\/index.php\\\/author\\\/vabeira\\\/\"}]}<\/script>\n<!-- \/ Yoast SEO plugin. -->","yoast_head_json":{"title":"Camb\u00e9 + Segura: Prefeitura inicia implanta\u00e7\u00e3o de sistema fiscaliza\u00e7\u00e3o de tr\u00e2nsito - Prefeitura de Camb\u00e9","robots":{"index":"index","follow":"follow","max-snippet":"max-snippet:-1","max-image-preview":"max-image-preview:large","max-video-preview":"max-video-preview:-1"},"canonical":"https:\/\/www.cambe.pr.gov.br\/index.php\/cambe-segura-prefeitura-inicia-implantacao-de-sistema-fiscalizacao-de-transito\/","og_locale":"pt_BR","og_type":"article","og_title":"Camb\u00e9 + Segura: Prefeitura inicia implanta\u00e7\u00e3o de sistema fiscaliza\u00e7\u00e3o de tr\u00e2nsito - Prefeitura de Camb\u00e9","og_description":"Dando sequ\u00eancia \u00e0s medidas para melhorar a seguran\u00e7a e organiza\u00e7\u00e3o da cidade, a Prefeitura de Camb\u00e9 iniciou a implanta\u00e7\u00e3o da fiscaliza\u00e7\u00e3o de tr\u00e2nsito com novos agentes e equipamentos de fiscaliza\u00e7\u00e3o eletr\u00f4nica. Inicialmente, estar\u00e3o em atua\u00e7\u00e3o seis agentes municipais de tr\u00e2nsito, que foram aprovados em concurso em 2023 e terminaram recentemente o treinamento obrigat\u00f3rio de mais [&hellip;]","og_url":"https:\/\/www.cambe.pr.gov.br\/index.php\/cambe-segura-prefeitura-inicia-implantacao-de-sistema-fiscalizacao-de-transito\/","og_site_name":"Prefeitura de Camb\u00e9","article_publisher":"https:\/\/m.facebook.com\/prefeituradecambe","article_published_time":"2024-03-27T16:23:25+00:00","article_modified_time":"2024-10-07T16:01:36+00:00","og_image":[{"url":"https:\/\/www.cambe.pr.gov.br\/wp-content\/uploads\/2024\/03\/DSC_0050-1-1024x678.jpg","type":"","width":"","height":""}],"author":"Vinicius Augusto Batista Eira","twitter_card":"summary_large_image","twitter_misc":{"Escrito por":"Vinicius Augusto Batista Eira","Est. tempo de leitura":"5 minutos"},"schema":{"@context":"https:\/\/schema.org","@graph":[{"@type":"Article","@id":"https:\/\/www.cambe.pr.gov.br\/index.php\/cambe-segura-prefeitura-inicia-implantacao-de-sistema-fiscalizacao-de-transito\/#article","isPartOf":{"@id":"https:\/\/www.cambe.pr.gov.br\/index.php\/cambe-segura-prefeitura-inicia-implantacao-de-sistema-fiscalizacao-de-transito\/"},"author":{"name":"Vinicius Augusto Batista Eira","@id":"https:\/\/www.cambe.pr.gov.br\/#\/schema\/person\/8e3ee69cb2cadf4b9f8377407227effd"},"headline":"Camb\u00e9 + Segura: Prefeitura inicia implanta\u00e7\u00e3o de sistema fiscaliza\u00e7\u00e3o de tr\u00e2nsito","datePublished":"2024-03-27T16:23:25+00:00","dateModified":"2024-10-07T16:01:36+00:00","mainEntityOfPage":{"@id":"https:\/\/www.cambe.pr.gov.br\/index.php\/cambe-segura-prefeitura-inicia-implantacao-de-sistema-fiscalizacao-de-transito\/"},"wordCount":870,"publisher":{"@id":"https:\/\/www.cambe.pr.gov.br\/#organization"},"image":{"@id":"https:\/\/www.cambe.pr.gov.br\/index.php\/cambe-segura-prefeitura-inicia-implantacao-de-sistema-fiscalizacao-de-transito\/#primaryimage"},"thumbnailUrl":"https:\/\/www.cambe.pr.gov.br\/wp-content\/uploads\/2024\/03\/DSC_0050-1-1024x678.jpg","articleSection":["Principal"],"inLanguage":"pt-BR"},{"@type":"WebPage","@id":"https:\/\/www.cambe.pr.gov.br\/index.php\/cambe-segura-prefeitura-inicia-implantacao-de-sistema-fiscalizacao-de-transito\/","url":"https:\/\/www.cambe.pr.gov.br\/index.php\/cambe-segura-prefeitura-inicia-implantacao-de-sistema-fiscalizacao-de-transito\/","name":"Camb\u00e9 + Segura: Prefeitura inicia implanta\u00e7\u00e3o de sistema fiscaliza\u00e7\u00e3o de tr\u00e2nsito - Prefeitura de Camb\u00e9","isPartOf":{"@id":"https:\/\/www.cambe.pr.gov.br\/#website"},"primaryImageOfPage":{"@id":"https:\/\/www.cambe.pr.gov.br\/index.php\/cambe-segura-prefeitura-inicia-implantacao-de-sistema-fiscalizacao-de-transito\/#primaryimage"},"image":{"@id":"https:\/\/www.cambe.pr.gov.br\/index.php\/cambe-segura-prefeitura-inicia-implantacao-de-sistema-fiscalizacao-de-transito\/#primaryimage"},"thumbnailUrl":"https:\/\/www.cambe.pr.gov.br\/wp-content\/uploads\/2024\/03\/DSC_0050-1-1024x678.jpg","datePublished":"2024-03-27T16:23:25+00:00","dateModified":"2024-10-07T16:01:36+00:00","breadcrumb":{"@id":"https:\/\/www.cambe.pr.gov.br\/index.php\/cambe-segura-prefeitura-inicia-implantacao-de-sistema-fiscalizacao-de-transito\/#breadcrumb"},"inLanguage":"pt-BR","potentialAction":[{"@type":"ReadAction","target":["https:\/\/www.cambe.pr.gov.br\/index.php\/cambe-segura-prefeitura-inicia-implantacao-de-sistema-fiscalizacao-de-transito\/"]}]},{"@type":"ImageObject","inLanguage":"pt-BR","@id":"https:\/\/www.cambe.pr.gov.br\/index.php\/cambe-segura-prefeitura-inicia-implantacao-de-sistema-fiscalizacao-de-transito\/#primaryimage","url":"https:\/\/www.cambe.pr.gov.br\/wp-content\/uploads\/2024\/03\/DSC_0050-1-scaled.jpg","contentUrl":"https:\/\/www.cambe.pr.gov.br\/wp-content\/uploads\/2024\/03\/DSC_0050-1-scaled.jpg","width":2560,"height":1696},{"@type":"BreadcrumbList","@id":"https:\/\/www.cambe.pr.gov.br\/index.php\/cambe-segura-prefeitura-inicia-implantacao-de-sistema-fiscalizacao-de-transito\/#breadcrumb","itemListElement":[{"@type":"ListItem","position":1,"name":"In\u00edcio","item":"https:\/\/www.cambe.pr.gov.br\/"},{"@type":"ListItem","position":2,"name":"Camb\u00e9 + Segura: Prefeitura inicia implanta\u00e7\u00e3o de sistema fiscaliza\u00e7\u00e3o de tr\u00e2nsito"}]},{"@type":"WebSite","@id":"https:\/\/www.cambe.pr.gov.br\/#website","url":"https:\/\/www.cambe.pr.gov.br\/","name":"Prefeitura de Camb\u00e9","description":"UM GOVERNO PARA TODOS","publisher":{"@id":"https:\/\/www.cambe.pr.gov.br\/#organization"},"potentialAction":[{"@type":"SearchAction","target":{"@type":"EntryPoint","urlTemplate":"https:\/\/www.cambe.pr.gov.br\/?s={search_term_string}"},"query-input":{"@type":"PropertyValueSpecification","valueRequired":true,"valueName":"search_term_string"}}],"inLanguage":"pt-BR"},{"@type":"Organization","@id":"https:\/\/www.cambe.pr.gov.br\/#organization","name":"Prefeitura de Camb\u00e9","url":"https:\/\/www.cambe.pr.gov.br\/","logo":{"@type":"ImageObject","inLanguage":"pt-BR","@id":"https:\/\/www.cambe.pr.gov.br\/#\/schema\/logo\/image\/","url":"https:\/\/www.cambe.pr.gov.br\/wp-content\/uploads\/2021\/01\/cropped-cropped-cambe_brazao-icone.png","contentUrl":"https:\/\/www.cambe.pr.gov.br\/wp-content\/uploads\/2021\/01\/cropped-cropped-cambe_brazao-icone.png","width":240,"height":240,"caption":"Prefeitura de Camb\u00e9"},"image":{"@id":"https:\/\/www.cambe.pr.gov.br\/#\/schema\/logo\/image\/"},"sameAs":["https:\/\/m.facebook.com\/prefeituradecambe"]},{"@type":"Person","@id":"https:\/\/www.cambe.pr.gov.br\/#\/schema\/person\/8e3ee69cb2cadf4b9f8377407227effd","name":"Vinicius Augusto Batista Eira","image":{"@type":"ImageObject","inLanguage":"pt-BR","@id":"https:\/\/secure.gravatar.com\/avatar\/1ec500de7013b30e1d4d7c8c3978f0e4433c37e5d5e4cd186239369c6440122b?s=96&d=mm&r=g","url":"https:\/\/secure.gravatar.com\/avatar\/1ec500de7013b30e1d4d7c8c3978f0e4433c37e5d5e4cd186239369c6440122b?s=96&d=mm&r=g","contentUrl":"https:\/\/secure.gravatar.com\/avatar\/1ec500de7013b30e1d4d7c8c3978f0e4433c37e5d5e4cd186239369c6440122b?s=96&d=mm&r=g","caption":"Vinicius Augusto Batista Eira"},"url":"https:\/\/www.cambe.pr.gov.br\/index.php\/author\/vabeira\/"}]}},"_links":{"self":[{"href":"https:\/\/www.cambe.pr.gov.br\/index.php\/wp-json\/wp\/v2\/posts\/13825","targetHints":{"allow":["GET"]}}],"collection":[{"href":"https:\/\/www.cambe.pr.gov.br\/index.php\/wp-json\/wp\/v2\/posts"}],"about":[{"href":"https:\/\/www.cambe.pr.gov.br\/index.php\/wp-json\/wp\/v2\/types\/post"}],"author":[{"embeddable":true,"href":"https:\/\/www.cambe.pr.gov.br\/index.php\/wp-json\/wp\/v2\/users\/16"}],"replies":[{"embeddable":true,"href":"https:\/\/www.cambe.pr.gov.br\/index.php\/wp-json\/wp\/v2\/comments?post=13825"}],"version-history":[{"count":7,"href":"https:\/\/www.cambe.pr.gov.br\/index.php\/wp-json\/wp\/v2\/posts\/13825\/revisions"}],"predecessor-version":[{"id":14168,"href":"https:\/\/www.cambe.pr.gov.br\/index.php\/wp-json\/wp\/v2\/posts\/13825\/revisions\/14168"}],"wp:attachment":[{"href":"https:\/\/www.cambe.pr.gov.br\/index.php\/wp-json\/wp\/v2\/media?parent=13825"}],"wp:term":[{"taxonomy":"category","embeddable":true,"href":"https:\/\/www.cambe.pr.gov.br\/index.php\/wp-json\/wp\/v2\/categories?post=13825"},{"taxonomy":"post_tag","embeddable":true,"href":"https:\/\/www.cambe.pr.gov.br\/index.php\/wp-json\/wp\/v2\/tags?post=13825"}],"curies":[{"name":"wp","href":"https:\/\/api.w.org\/{rel}","templated":true}]}}